{"id":12234,"date":"2025-11-29T02:50:57","date_gmt":"2025-11-29T01:50:57","guid":{"rendered":"https:\/\/nordnesrepublikken.no\/index.php\/2025\/11\/29\/spania-slar-tilbake-masker-er-obligatoriske-igjen\/"},"modified":"2025-11-29T02:51:00","modified_gmt":"2025-11-29T01:51:00","slug":"spania-slar-tilbake-masker-er-obligatoriske-igjen","status":"publish","type":"post","link":"https:\/\/nordnesrepublikken.no\/index.php\/2025\/11\/29\/spania-slar-tilbake-masker-er-obligatoriske-igjen\/","title":{"rendered":"Spania sl\u00e5r tilbake: Masker er obligatoriske igjen"},"content":{"rendered":"<p><\/p>\n<div class=\"wordpress-content\">\n                    <!-- Article Start --><\/p>\n<p class=\"p1\">Spanias helsedepartement har utstedt en advarsel om \u00f8kende influensatilfeller n\u00e5r vinteren n\u00e6rmer seg, og forbereder seg p\u00e5 \u00e5 kreve masker p\u00e5 sykehus, helsesentre og eldreomsorg, spesielt i h\u00f8yrisikoomr\u00e5der. Flyttingen kommer midt i en tidlig og intens influensasesong, som eksperter sier kan legge ytterligere press p\u00e5 sykehus som allerede h\u00e5ndterer COVID-19-tilfeller og andre luftveisinfeksjoner. Helsemyndighetene understreker at tiltaket er forebyggende og tar sikte p\u00e5 \u00e5 beskytte de mest s\u00e5rbare, inkludert eldre og de med kroniske sykdommer.<\/p>\n<p class=\"p1\">Flere regioner har allerede vedtatt tiltak i forkant av en nasjonal avtale. Arag\u00f3n og Andaluc\u00eda har for eksempel anbefalt eller p\u00e5lagt maskebruk p\u00e5 sykehus og omsorgshjem. Departementet planlegger \u00e5 koordinere med alle de 17 autonome samfunnene for \u00e5 implementere en standardisert nasjonal protokoll. Tiltak vil skaleres i henhold til lokale infeksjonsniv\u00e5er, sykehuskapasitet og influensaforekomst, med sikte p\u00e5 \u00e5 sikre konsistens samtidig som det \u00e5pner for regional fleksibilitet.<\/p>\n<h2 class=\"p3\"><b>Hvor masker vil v\u00e6re p\u00e5krevd<\/b><\/h2>\n<h3 class=\"p4\"><b>Fra sykehus til sykehjem: mandatets omfang<\/b><\/h3>\n<p class=\"p1\">I henhold til de foresl\u00e5tte reglene vil maskebruk v\u00e6re obligatorisk for pasienter, bes\u00f8kende og ansatte p\u00e5 sykehus, prim\u00e6rhelsesentre og langtidspleie i h\u00f8yrisikoomr\u00e5der. Sykehjem og enheter som betjener immunkompromitterte pasienter er prioritert, gitt det h\u00f8yere potensialet for alvorlige komplikasjoner.<\/p>\n<div class=\"sra_unit\"><link rel=\"stylesheet\" id=\"block-sra\" href=\"https:\/\/euroweeklynews.com\/wp-content\/plugins\/snack-related-articles\/dist\/css\/snack-related.min.css?250312-193541\" type=\"text\/css\" media=\"all\">\n<\/div>\n<p class=\"p1\">Utenfor helsesentre vil masker forbli sterkt anbefalt, spesielt for symptomatiske individer, eldre voksne og de med underliggende helsetilstander, men ikke obligatorisk med mindre lokale risikoniv\u00e5er \u00f8ker. Myndighetene understreker at tidlig adopsjon og overholdelse bidrar til \u00e5 beskytte personalet og redusere risikoen for overf\u00f8ring i kritiske helsemilj\u00f8er.<\/p>\n<h2 class=\"p3\"><b>Hva Expats trenger \u00e5 vite<\/b><\/h2>\n<h3 class=\"p4\"><b>Praktisk veiledning for beboere og bes\u00f8kende<\/b><\/h3>\n<p class=\"p1\">Expats som bor i Spania b\u00f8r forberede seg p\u00e5 retur av maskekrav i medisinske omgivelser. Bes\u00f8kende til sykehus, klinikker eller omsorgshjem forventes \u00e5 b\u00e6re og b\u00e6re masker. Regionale myndigheter kan implementere regler forskjellig avhengig av lokale infeksjonsrater, s\u00e5 det er viktig for expats \u00e5 f\u00f8lge offisielle kunngj\u00f8ringer fra b\u00e5de nasjonale og lokale helsenettsteder.<\/p>\n<p class=\"p1\">De som bor i bysentre eller ofte bes\u00f8ker helseinstitusjoner b\u00f8r v\u00e6re spesielt p\u00e5 vakt. Maskebruk vil sannsynligvis bli h\u00e5ndhevet i venterom, resepsjonsomr\u00e5der og under interaksjoner med helsepersonell. Ved \u00e5 f\u00f8lge disse tiltakene overholder expats ikke bare lokale regler, men bidrar ogs\u00e5 til \u00e5 beskytte s\u00e5rbare befolkninger, inkludert pasienter i langtidspleie. Vaksinasjon mot influensa og overholdelse av hygienepraksis som h\u00e5ndvask og riktig ventilasjon er fortsatt sterkt anbefalt.<\/p>\n<h2 class=\"p3\"><b>Bredere tiltak<\/b><\/h2>\n<h3 class=\"p4\"><b>Vaksinasjoner og hygienepraksis er fortsatt n\u00f8kkelen<\/b><\/h3>\n<p class=\"p1\">Ved siden av maskebruk fremskynder Helsedepartementet kampanjer for influensavaksinasjon for risikogrupper, inkludert seniorer, helsepersonell og de med underliggende tilstander. Offentlige helsemyndigheter understreker at vaksinasjon kombinert med maskebruk og generelle hygienetiltak reduserer overf\u00f8ring, sykehusinnleggelser og alvorlige tilfeller betydelig. H\u00e5ndvask, vedlikehold av innend\u00f8rs ventilasjon og \u00e5 v\u00e6re hjemme n\u00e5r du er syk er fortsatt kritiske komponenter i Spanias forebyggende strategi.<\/p>\n<p class=\"p1\">Ved \u00e5 samordne disse tiltakene nasjonalt, har departementet som m\u00e5l \u00e5 forhindre overbefolkning av sykehus og minimere forstyrrelser i viktige helsetjenester. Protokollen er utformet for \u00e5 v\u00e6re fleksibel, slik at myndighetene kan eskalere eller lempe p\u00e5 tiltak avhengig av hvordan epidemien utspiller seg i ulike regioner.<\/p>\n<h3 class=\"p3\"><b>N\u00f8kkelpunkter<\/b><\/h3>\n<ul class=\"ul1\">\n<li class=\"li1\">Helsedepartementet planlegger \u00e5 gj\u00f8re masker obligatoriske p\u00e5 sykehus, helsesentre og eldreomsorg i h\u00f8yrisikoomr\u00e5der.<\/li>\n<li class=\"li1\">Regionale myndigheter kan iverksette tiltak tidligere avhengig av lokal forekomst.<\/li>\n<li class=\"li1\">Expats og beboere b\u00f8r b\u00e6re og bruke masker n\u00e5r de f\u00e5r tilgang til helsetjenester.<\/li>\n<li class=\"li1\">Influensavaksinasjonskampanjer vil bli fremskyndet ved siden av maskebruk.<\/li>\n<li class=\"li1\">Grunnleggende hygienetiltak er fortsatt avgj\u00f8rende for \u00e5 beskytte de mest s\u00e5rbare.<\/li>\n<li class=\"li1\">En koordinert nasjonal tiln\u00e6rming har som m\u00e5l \u00e5 forhindre overbelastning av sykehus og sikre konsistens p\u00e5 tvers av regioner.<\/li>\n<\/ul>\n<h3 class=\"p4\"><b>Se fremover: Hva dette betyr for alle<\/b><\/h3>\n<p class=\"p1\">Mens tilbakef\u00f8ring av masker i helsevesenet kan f\u00f8les ubeleilig, understreker helsemyndighetene at disse tiltakene er midlertidige og forebyggende, rettet mot \u00e5 redusere smitte og beskytte de mest s\u00e5rbare. B\u00e5de utvandrere og innbyggere oppfordres til \u00e5 holde seg oppdatert p\u00e5 regionale kunngj\u00f8ringer, b\u00e6re masker n\u00e5r de bes\u00f8ker klinikker eller sykehus, og dra nytte av influensavaksinasjoner, spesielt hvis eldre, kronisk syke eller ofte samhandler med personer med h\u00f8y risiko.<\/p>\n<p class=\"p1\">Ved \u00e5 koordinere tiltak nasjonalt, fors\u00f8ker Spania \u00e5 opprettholde jevne helsetjenester, samtidig som de reduserer belastningen p\u00e5 sykehus i de h\u00f8ye influensaukene. Tjenestemenn fremhever at overholdelse av maskekravene, kombinert med vaksinasjon og hygienepraksis som h\u00e5ndvask og innend\u00f8rs ventilasjon, kan redusere alvorlige tilfeller betydelig og forhindre sykehus i \u00e5 bli overveldet.<\/p>\n<p class=\"p1\">Folkehelseeksperter forsikrer innbyggerne om at utenfor helsemilj\u00f8er med h\u00f8y risiko kan det normale dagliglivet fortsette trygt. \u00c5 f\u00f8lge disse retningslinjene sikrer ikke bare samsvar med spanske forskrifter, men st\u00f8tter ogs\u00e5 bredere folkehelsearbeid, og hjelper lokalsamfunn \u00e5 navigere i influensasesongen med selvtillit.<\/p>\n<p>                    <!-- Originally published at https:\/\/euroweeklynews.com\/2025\/11\/28\/spain-hits-back-masks-are-mandatory-again\/ on 28 Nov 2025 at 23:58 by Molly Grace --><br \/>\n                    <!-- Article End -->\n                <\/div>\n","protected":false},"excerpt":{"rendered":"<p>Spanias helsedepartement har utstedt en advarsel om \u00f8kende influensatilfeller n\u00e5r vinteren n\u00e6rmer seg, og forbereder<\/p>\n","protected":false},"author":1,"featured_media":12235,"comment_status":"closed","ping_status":"open","sticky":false,"template":"","format":"standard","meta":{"footnotes":""},"categories":[105],"tags":[1215,6641,19,3677,529,825],"class_list":["post-12234","post","type-post","status-publish","format-standard","has-post-thumbnail","hentry","category-livsstil","tag-igjen","tag-masker","tag-obligatoriske","tag-slar","tag-spania","tag-tilbake","generate-columns","tablet-grid-50","mobile-grid-100","grid-parent","grid-33","resize-featured-image"],"yoast_head":"<!-- This site is optimized with the Yoast SEO plugin v24.4 - https:\/\/yoast.com\/wordpress\/plugins\/seo\/ -->\n<title>Spania sl\u00e5r tilbake: Masker er obligatoriske igjen - Nordnesrepublikken<\/title>\n<meta name=\"robots\" content=\"index, follow, max-snippet:-1, max-image-preview:large, max-video-preview:-1\" \/>\n<link rel=\"canonical\" href=\"https:\/\/nordnesrepublikken.no\/index.php\/2025\/11\/29\/spania-slar-tilbake-masker-er-obligatoriske-igjen\/\" \/>\n<meta property=\"og:locale\" content=\"nb_NO\" \/>\n<meta property=\"og:type\" content=\"article\" \/>\n<meta property=\"og:title\" content=\"Spania sl\u00e5r tilbake: Masker er obligatoriske igjen - Nordnesrepublikken\" \/>\n<meta property=\"og:description\" content=\"Spanias helsedepartement har utstedt en advarsel om \u00f8kende influensatilfeller n\u00e5r vinteren n\u00e6rmer seg, og forbereder\" \/>\n<meta property=\"og:url\" content=\"https:\/\/nordnesrepublikken.no\/index.php\/2025\/11\/29\/spania-slar-tilbake-masker-er-obligatoriske-igjen\/\" \/>\n<meta property=\"og:site_name\" content=\"Nordnesrepublikken\" \/>\n<meta property=\"article:published_time\" content=\"2025-11-29T01:50:57+00:00\" \/>\n<meta property=\"article:modified_time\" content=\"2025-11-29T01:51:00+00:00\" \/>\n<meta property=\"og:image\" content=\"https:\/\/nordnesrepublikken.no\/wp-content\/uploads\/2025\/11\/1764381058_Spania-slar-tilbake-Masker-er-obligatoriske-igjen.png\" \/>\n\t<meta property=\"og:image:width\" content=\"1200\" \/>\n\t<meta property=\"og:image:height\" content=\"801\" \/>\n\t<meta property=\"og:image:type\" content=\"image\/png\" \/>\n<meta name=\"author\" content=\"Ole Andersen\" \/>\n<meta name=\"twitter:card\" content=\"summary_large_image\" \/>\n<meta name=\"twitter:label1\" content=\"Skrevet av\" \/>\n\t<meta name=\"twitter:data1\" content=\"Ole Andersen\" \/>\n\t<meta name=\"twitter:label2\" content=\"Ansl. lesetid\" \/>\n\t<meta name=\"twitter:data2\" content=\"4 minutter\" \/>\n<script type=\"application\/ld+json\" class=\"yoast-schema-graph\">{\"@context\":\"https:\/\/schema.org\",\"@graph\":[{\"@type\":\"Article\",\"@id\":\"https:\/\/nordnesrepublikken.no\/index.php\/2025\/11\/29\/spania-slar-tilbake-masker-er-obligatoriske-igjen\/#article\",\"isPartOf\":{\"@id\":\"https:\/\/nordnesrepublikken.no\/index.php\/2025\/11\/29\/spania-slar-tilbake-masker-er-obligatoriske-igjen\/\"},\"author\":{\"name\":\"Ole Andersen\",\"@id\":\"https:\/\/nordnesrepublikken.no\/#\/schema\/person\/2e7e81935bab77882fffb79296240ff1\"},\"headline\":\"Spania sl\u00e5r tilbake: Masker er obligatoriske igjen\",\"datePublished\":\"2025-11-29T01:50:57+00:00\",\"dateModified\":\"2025-11-29T01:51:00+00:00\",\"mainEntityOfPage\":{\"@id\":\"https:\/\/nordnesrepublikken.no\/index.php\/2025\/11\/29\/spania-slar-tilbake-masker-er-obligatoriske-igjen\/\"},\"wordCount\":778,\"publisher\":{\"@id\":\"https:\/\/nordnesrepublikken.no\/#organization\"},\"image\":{\"@id\":\"https:\/\/nordnesrepublikken.no\/index.php\/2025\/11\/29\/spania-slar-tilbake-masker-er-obligatoriske-igjen\/#primaryimage\"},\"thumbnailUrl\":\"https:\/\/nordnesrepublikken.no\/wp-content\/uploads\/2025\/11\/1764381058_Spania-slar-tilbake-Masker-er-obligatoriske-igjen.png\",\"keywords\":[\"igjen\",\"masker\",\"obligatoriske\",\"sl\u00e5r\",\"Spania\",\"tilbake\"],\"articleSection\":[\"Livsstil\"],\"inLanguage\":\"nb-NO\"},{\"@type\":\"WebPage\",\"@id\":\"https:\/\/nordnesrepublikken.no\/index.php\/2025\/11\/29\/spania-slar-tilbake-masker-er-obligatoriske-igjen\/\",\"url\":\"https:\/\/nordnesrepublikken.no\/index.php\/2025\/11\/29\/spania-slar-tilbake-masker-er-obligatoriske-igjen\/\",\"name\":\"Spania sl\u00e5r tilbake: Masker er obligatoriske igjen - Nordnesrepublikken\",\"isPartOf\":{\"@id\":\"https:\/\/nordnesrepublikken.no\/#website\"},\"primaryImageOfPage\":{\"@id\":\"https:\/\/nordnesrepublikken.no\/index.php\/2025\/11\/29\/spania-slar-tilbake-masker-er-obligatoriske-igjen\/#primaryimage\"},\"image\":{\"@id\":\"https:\/\/nordnesrepublikken.no\/index.php\/2025\/11\/29\/spania-slar-tilbake-masker-er-obligatoriske-igjen\/#primaryimage\"},\"thumbnailUrl\":\"https:\/\/nordnesrepublikken.no\/wp-content\/uploads\/2025\/11\/1764381058_Spania-slar-tilbake-Masker-er-obligatoriske-igjen.png\",\"datePublished\":\"2025-11-29T01:50:57+00:00\",\"dateModified\":\"2025-11-29T01:51:00+00:00\",\"breadcrumb\":{\"@id\":\"https:\/\/nordnesrepublikken.no\/index.php\/2025\/11\/29\/spania-slar-tilbake-masker-er-obligatoriske-igjen\/#breadcrumb\"},\"inLanguage\":\"nb-NO\",\"potentialAction\":[{\"@type\":\"ReadAction\",\"target\":[\"https:\/\/nordnesrepublikken.no\/index.php\/2025\/11\/29\/spania-slar-tilbake-masker-er-obligatoriske-igjen\/\"]}]},{\"@type\":\"ImageObject\",\"inLanguage\":\"nb-NO\",\"@id\":\"https:\/\/nordnesrepublikken.no\/index.php\/2025\/11\/29\/spania-slar-tilbake-masker-er-obligatoriske-igjen\/#primaryimage\",\"url\":\"https:\/\/nordnesrepublikken.no\/wp-content\/uploads\/2025\/11\/1764381058_Spania-slar-tilbake-Masker-er-obligatoriske-igjen.png\",\"contentUrl\":\"https:\/\/nordnesrepublikken.no\/wp-content\/uploads\/2025\/11\/1764381058_Spania-slar-tilbake-Masker-er-obligatoriske-igjen.png\",\"width\":1200,\"height\":801,\"caption\":\"Spania sl\u00e5r tilbake: Masker er obligatoriske igjen\"},{\"@type\":\"BreadcrumbList\",\"@id\":\"https:\/\/nordnesrepublikken.no\/index.php\/2025\/11\/29\/spania-slar-tilbake-masker-er-obligatoriske-igjen\/#breadcrumb\",\"itemListElement\":[{\"@type\":\"ListItem\",\"position\":1,\"name\":\"Home\",\"item\":\"https:\/\/nordnesrepublikken.no\/\"},{\"@type\":\"ListItem\",\"position\":2,\"name\":\"Spania sl\u00e5r tilbake: Masker er obligatoriske igjen\"}]},{\"@type\":\"WebSite\",\"@id\":\"https:\/\/nordnesrepublikken.no\/#website\",\"url\":\"https:\/\/nordnesrepublikken.no\/\",\"name\":\"Nordnesrepublikken\",\"description\":\"Stemmer og Visjoner fra Republikkens Hjerte\",\"publisher\":{\"@id\":\"https:\/\/nordnesrepublikken.no\/#organization\"},\"potentialAction\":[{\"@type\":\"SearchAction\",\"target\":{\"@type\":\"EntryPoint\",\"urlTemplate\":\"https:\/\/nordnesrepublikken.no\/?s={search_term_string}\"},\"query-input\":{\"@type\":\"PropertyValueSpecification\",\"valueRequired\":true,\"valueName\":\"search_term_string\"}}],\"inLanguage\":\"nb-NO\"},{\"@type\":\"Organization\",\"@id\":\"https:\/\/nordnesrepublikken.no\/#organization\",\"name\":\"Nordnesrepublikken\",\"url\":\"https:\/\/nordnesrepublikken.no\/\",\"logo\":{\"@type\":\"ImageObject\",\"inLanguage\":\"nb-NO\",\"@id\":\"https:\/\/nordnesrepublikken.no\/#\/schema\/logo\/image\/\",\"url\":\"https:\/\/nordnesrepublikken.no\/wp-content\/uploads\/2025\/02\/cropped-nordnesrepublikken-2.png\",\"contentUrl\":\"https:\/\/nordnesrepublikken.no\/wp-content\/uploads\/2025\/02\/cropped-nordnesrepublikken-2.png\",\"width\":1248,\"height\":362,\"caption\":\"Nordnesrepublikken\"},\"image\":{\"@id\":\"https:\/\/nordnesrepublikken.no\/#\/schema\/logo\/image\/\"}},{\"@type\":\"Person\",\"@id\":\"https:\/\/nordnesrepublikken.no\/#\/schema\/person\/2e7e81935bab77882fffb79296240ff1\",\"name\":\"Ole Andersen\",\"image\":{\"@type\":\"ImageObject\",\"inLanguage\":\"nb-NO\",\"@id\":\"https:\/\/nordnesrepublikken.no\/#\/schema\/person\/image\/\",\"url\":\"https:\/\/nordnesrepublikken.no\/wp-content\/uploads\/2025\/02\/nordnesrepublikken-2-2-150x150.jpg\",\"contentUrl\":\"https:\/\/nordnesrepublikken.no\/wp-content\/uploads\/2025\/02\/nordnesrepublikken-2-2-150x150.jpg\",\"caption\":\"Ole Andersen\"},\"description\":\"Ettersom jeg vokste opp i Oslo, har jeg alltid v\u00e6rt fascinert av ordenes kraft og deres evne til \u00e5 skape endringer. Etter \u00e5 ha fullf\u00f8rt min utdannelse i kommunikasjon ved Universitetet i Bergen, fikk jeg muligheten til \u00e5 jobbe innen ulike medier, der jeg har s\u00f8kt \u00e5 belyse viktige samfunnssp\u00f8rsm\u00e5l. I dag, som redakt\u00f8r for Nordnesrepublikken, pr\u00f8ver jeg \u00e5 forene min kj\u00e6rlighet for journalistikk med min lidenskap for innovasjon og eventyr.\",\"sameAs\":[\"https:\/\/nordnesrepublikken.no\/\"]}]}<\/script>\n<!-- \/ Yoast SEO plugin. -->","yoast_head_json":{"title":"Spania sl\u00e5r tilbake: Masker er obligatoriske igjen - Nordnesrepublikken","robots":{"index":"index","follow":"follow","max-snippet":"max-snippet:-1","max-image-preview":"max-image-preview:large","max-video-preview":"max-video-preview:-1"},"canonical":"https:\/\/nordnesrepublikken.no\/index.php\/2025\/11\/29\/spania-slar-tilbake-masker-er-obligatoriske-igjen\/","og_locale":"nb_NO","og_type":"article","og_title":"Spania sl\u00e5r tilbake: Masker er obligatoriske igjen - Nordnesrepublikken","og_description":"Spanias helsedepartement har utstedt en advarsel om \u00f8kende influensatilfeller n\u00e5r vinteren n\u00e6rmer seg, og forbereder","og_url":"https:\/\/nordnesrepublikken.no\/index.php\/2025\/11\/29\/spania-slar-tilbake-masker-er-obligatoriske-igjen\/","og_site_name":"Nordnesrepublikken","article_published_time":"2025-11-29T01:50:57+00:00","article_modified_time":"2025-11-29T01:51:00+00:00","og_image":[{"width":1200,"height":801,"url":"https:\/\/nordnesrepublikken.no\/wp-content\/uploads\/2025\/11\/1764381058_Spania-slar-tilbake-Masker-er-obligatoriske-igjen.png","type":"image\/png"}],"author":"Ole Andersen","twitter_card":"summary_large_image","twitter_misc":{"Skrevet av":"Ole Andersen","Ansl. lesetid":"4 minutter"},"schema":{"@context":"https:\/\/schema.org","@graph":[{"@type":"Article","@id":"https:\/\/nordnesrepublikken.no\/index.php\/2025\/11\/29\/spania-slar-tilbake-masker-er-obligatoriske-igjen\/#article","isPartOf":{"@id":"https:\/\/nordnesrepublikken.no\/index.php\/2025\/11\/29\/spania-slar-tilbake-masker-er-obligatoriske-igjen\/"},"author":{"name":"Ole Andersen","@id":"https:\/\/nordnesrepublikken.no\/#\/schema\/person\/2e7e81935bab77882fffb79296240ff1"},"headline":"Spania sl\u00e5r tilbake: Masker er obligatoriske igjen","datePublished":"2025-11-29T01:50:57+00:00","dateModified":"2025-11-29T01:51:00+00:00","mainEntityOfPage":{"@id":"https:\/\/nordnesrepublikken.no\/index.php\/2025\/11\/29\/spania-slar-tilbake-masker-er-obligatoriske-igjen\/"},"wordCount":778,"publisher":{"@id":"https:\/\/nordnesrepublikken.no\/#organization"},"image":{"@id":"https:\/\/nordnesrepublikken.no\/index.php\/2025\/11\/29\/spania-slar-tilbake-masker-er-obligatoriske-igjen\/#primaryimage"},"thumbnailUrl":"https:\/\/nordnesrepublikken.no\/wp-content\/uploads\/2025\/11\/1764381058_Spania-slar-tilbake-Masker-er-obligatoriske-igjen.png","keywords":["igjen","masker","obligatoriske","sl\u00e5r","Spania","tilbake"],"articleSection":["Livsstil"],"inLanguage":"nb-NO"},{"@type":"WebPage","@id":"https:\/\/nordnesrepublikken.no\/index.php\/2025\/11\/29\/spania-slar-tilbake-masker-er-obligatoriske-igjen\/","url":"https:\/\/nordnesrepublikken.no\/index.php\/2025\/11\/29\/spania-slar-tilbake-masker-er-obligatoriske-igjen\/","name":"Spania sl\u00e5r tilbake: Masker er obligatoriske igjen - Nordnesrepublikken","isPartOf":{"@id":"https:\/\/nordnesrepublikken.no\/#website"},"primaryImageOfPage":{"@id":"https:\/\/nordnesrepublikken.no\/index.php\/2025\/11\/29\/spania-slar-tilbake-masker-er-obligatoriske-igjen\/#primaryimage"},"image":{"@id":"https:\/\/nordnesrepublikken.no\/index.php\/2025\/11\/29\/spania-slar-tilbake-masker-er-obligatoriske-igjen\/#primaryimage"},"thumbnailUrl":"https:\/\/nordnesrepublikken.no\/wp-content\/uploads\/2025\/11\/1764381058_Spania-slar-tilbake-Masker-er-obligatoriske-igjen.png","datePublished":"2025-11-29T01:50:57+00:00","dateModified":"2025-11-29T01:51:00+00:00","breadcrumb":{"@id":"https:\/\/nordnesrepublikken.no\/index.php\/2025\/11\/29\/spania-slar-tilbake-masker-er-obligatoriske-igjen\/#breadcrumb"},"inLanguage":"nb-NO","potentialAction":[{"@type":"ReadAction","target":["https:\/\/nordnesrepublikken.no\/index.php\/2025\/11\/29\/spania-slar-tilbake-masker-er-obligatoriske-igjen\/"]}]},{"@type":"ImageObject","inLanguage":"nb-NO","@id":"https:\/\/nordnesrepublikken.no\/index.php\/2025\/11\/29\/spania-slar-tilbake-masker-er-obligatoriske-igjen\/#primaryimage","url":"https:\/\/nordnesrepublikken.no\/wp-content\/uploads\/2025\/11\/1764381058_Spania-slar-tilbake-Masker-er-obligatoriske-igjen.png","contentUrl":"https:\/\/nordnesrepublikken.no\/wp-content\/uploads\/2025\/11\/1764381058_Spania-slar-tilbake-Masker-er-obligatoriske-igjen.png","width":1200,"height":801,"caption":"Spania sl\u00e5r tilbake: Masker er obligatoriske igjen"},{"@type":"BreadcrumbList","@id":"https:\/\/nordnesrepublikken.no\/index.php\/2025\/11\/29\/spania-slar-tilbake-masker-er-obligatoriske-igjen\/#breadcrumb","itemListElement":[{"@type":"ListItem","position":1,"name":"Home","item":"https:\/\/nordnesrepublikken.no\/"},{"@type":"ListItem","position":2,"name":"Spania sl\u00e5r tilbake: Masker er obligatoriske igjen"}]},{"@type":"WebSite","@id":"https:\/\/nordnesrepublikken.no\/#website","url":"https:\/\/nordnesrepublikken.no\/","name":"Nordnesrepublikken","description":"Stemmer og Visjoner fra Republikkens Hjerte","publisher":{"@id":"https:\/\/nordnesrepublikken.no\/#organization"},"potentialAction":[{"@type":"SearchAction","target":{"@type":"EntryPoint","urlTemplate":"https:\/\/nordnesrepublikken.no\/?s={search_term_string}"},"query-input":{"@type":"PropertyValueSpecification","valueRequired":true,"valueName":"search_term_string"}}],"inLanguage":"nb-NO"},{"@type":"Organization","@id":"https:\/\/nordnesrepublikken.no\/#organization","name":"Nordnesrepublikken","url":"https:\/\/nordnesrepublikken.no\/","logo":{"@type":"ImageObject","inLanguage":"nb-NO","@id":"https:\/\/nordnesrepublikken.no\/#\/schema\/logo\/image\/","url":"https:\/\/nordnesrepublikken.no\/wp-content\/uploads\/2025\/02\/cropped-nordnesrepublikken-2.png","contentUrl":"https:\/\/nordnesrepublikken.no\/wp-content\/uploads\/2025\/02\/cropped-nordnesrepublikken-2.png","width":1248,"height":362,"caption":"Nordnesrepublikken"},"image":{"@id":"https:\/\/nordnesrepublikken.no\/#\/schema\/logo\/image\/"}},{"@type":"Person","@id":"https:\/\/nordnesrepublikken.no\/#\/schema\/person\/2e7e81935bab77882fffb79296240ff1","name":"Ole Andersen","image":{"@type":"ImageObject","inLanguage":"nb-NO","@id":"https:\/\/nordnesrepublikken.no\/#\/schema\/person\/image\/","url":"https:\/\/nordnesrepublikken.no\/wp-content\/uploads\/2025\/02\/nordnesrepublikken-2-2-150x150.jpg","contentUrl":"https:\/\/nordnesrepublikken.no\/wp-content\/uploads\/2025\/02\/nordnesrepublikken-2-2-150x150.jpg","caption":"Ole Andersen"},"description":"Ettersom jeg vokste opp i Oslo, har jeg alltid v\u00e6rt fascinert av ordenes kraft og deres evne til \u00e5 skape endringer. Etter \u00e5 ha fullf\u00f8rt min utdannelse i kommunikasjon ved Universitetet i Bergen, fikk jeg muligheten til \u00e5 jobbe innen ulike medier, der jeg har s\u00f8kt \u00e5 belyse viktige samfunnssp\u00f8rsm\u00e5l. I dag, som redakt\u00f8r for Nordnesrepublikken, pr\u00f8ver jeg \u00e5 forene min kj\u00e6rlighet for journalistikk med min lidenskap for innovasjon og eventyr.","sameAs":["https:\/\/nordnesrepublikken.no\/"]}]}},"_links":{"self":[{"href":"https:\/\/nordnesrepublikken.no\/index.php\/wp-json\/wp\/v2\/posts\/12234","targetHints":{"allow":["GET"]}}],"collection":[{"href":"https:\/\/nordnesrepublikken.no\/index.php\/wp-json\/wp\/v2\/posts"}],"about":[{"href":"https:\/\/nordnesrepublikken.no\/index.php\/wp-json\/wp\/v2\/types\/post"}],"author":[{"embeddable":true,"href":"https:\/\/nordnesrepublikken.no\/index.php\/wp-json\/wp\/v2\/users\/1"}],"replies":[{"embeddable":true,"href":"https:\/\/nordnesrepublikken.no\/index.php\/wp-json\/wp\/v2\/comments?post=12234"}],"version-history":[{"count":1,"href":"https:\/\/nordnesrepublikken.no\/index.php\/wp-json\/wp\/v2\/posts\/12234\/revisions"}],"predecessor-version":[{"id":12236,"href":"https:\/\/nordnesrepublikken.no\/index.php\/wp-json\/wp\/v2\/posts\/12234\/revisions\/12236"}],"wp:featuredmedia":[{"embeddable":true,"href":"https:\/\/nordnesrepublikken.no\/index.php\/wp-json\/wp\/v2\/media\/12235"}],"wp:attachment":[{"href":"https:\/\/nordnesrepublikken.no\/index.php\/wp-json\/wp\/v2\/media?parent=12234"}],"wp:term":[{"taxonomy":"category","embeddable":true,"href":"https:\/\/nordnesrepublikken.no\/index.php\/wp-json\/wp\/v2\/categories?post=12234"},{"taxonomy":"post_tag","embeddable":true,"href":"https:\/\/nordnesrepublikken.no\/index.php\/wp-json\/wp\/v2\/tags?post=12234"}],"curies":[{"name":"wp","href":"https:\/\/api.w.org\/{rel}","templated":true}]}}