{"id":12220,"date":"2025-11-28T17:51:25","date_gmt":"2025-11-28T16:51:25","guid":{"rendered":"https:\/\/nordnesrepublikken.no\/index.php\/2025\/11\/28\/hvordan-de-to-enorme-oyene-ble-dannet-pa-2900-km-dyp-pa-grensen-til-jordens-kjerne\/"},"modified":"2025-11-28T17:51:26","modified_gmt":"2025-11-28T16:51:26","slug":"hvordan-de-to-enorme-oyene-ble-dannet-pa-2900-km-dyp-pa-grensen-til-jordens-kjerne","status":"publish","type":"post","link":"https:\/\/nordnesrepublikken.no\/index.php\/2025\/11\/28\/hvordan-de-to-enorme-oyene-ble-dannet-pa-2900-km-dyp-pa-grensen-til-jordens-kjerne\/","title":{"rendered":"Hvordan de to enorme \u00ab\u00f8yene\u00bb ble dannet p\u00e5 2900 km dyp p\u00e5 grensen til jordens kjerne"},"content":{"rendered":"<div>\n<div class=\"cp_wrapper cp_wrapper--fw mb-30 mb-20@tablet\">\n<figure class=\"mm\"><picture class=\"img\" style=\"padding-top:56.25%\"><source  media=\"(min-width: 1024px)\"><source  media=\"(min-width: 768px)\"><\/source><\/source><\/picture><\/figure>\n<\/p><\/div>\n<p>En ny studie, utviklet av et team av amerikanske og kinesiske forskere og publisert i tidsskriftet <em>Natur<\/em>forklarer hvordan to enorme kunne ha oppst\u00e5tt <strong>&laquo;\u00f8yer&raquo;<\/strong> <strong>like store som kontinenter<\/strong>laget av varme og tette steinmasser med unormal kjemisk sammensetning, som finnes i <strong>Jordens mantel p\u00e5 ca 2900 km dybde<\/strong> n\u00e6r grensen til kjernen. Opprinnelsen til disse omr\u00e5dene, som ligger en under<strong>Afrika<\/strong> og den andre under<strong>Stillehavet <\/strong>og kjent hvordan <strong>LLSVP<\/strong> (<em>Store provinser med lav seismisk hastighet<\/em> eller &laquo;Store provinser med lav seismisk hastighet&raquo;) kan knyttes til <strong>migrering av materiale fra kjernen<\/strong> i l\u00f8pet av <strong>tidlige stadier av jorddannelsen<\/strong>. Disse strukturene kan ha bidratt til<strong>jordens beboelighet<\/strong>.<\/p>\n<h2>Opprinnelsen til de to <strong>&laquo;de<\/strong>sol<strong>\u201d<\/strong> eldgammel i jordens kappe<\/h2>\n<p>LLSVPer er steinmasser <strong>varmere og eldre<\/strong> av de omkringliggende mantelmaterialene, som ble oppdaget p\u00e5 1990-tallet ved \u00e5 studere oppf\u00f8rselen til <strong>seismiske b\u00f8lger<\/strong> generert av jordskjelv: n\u00e5r de m\u00f8ter disse omr\u00e5dene n\u00e5r de forplanter seg i jorden, <strong>b\u00f8lgene bremser ned<\/strong> p\u00e5 grunn av deres h\u00f8ye temperatur og forskjellige kjemiske sammensetning. Disse massene deltar ikke i bevegelsene som blander materialene i jordkappen, men <strong>de forblir isolert<\/strong> spare varme. Mange hypoteser om opprinnelsen til LLSVP har blitt utviklet de siste \u00e5rene, men forskere kan n\u00e5 ha funnet en mer omfattende forklaring.<\/p>\n<div class=\"cp_wrapper cp_wrapper--fw mb-50\">\n<figure class=\"mm\"><picture class=\"img\" style=\"padding-top:57.142857142857%\"><source  media=\"(min-width: 1024px)\"><source  media=\"(min-width: 768px)\"><img decoding=\"async\" loading=\"lazy\" src=\"https:\/\/nordnesrepublikken.no\/wp-content\/uploads\/2025\/11\/1764348685_990_Hvordan-de-to-enorme-oyene-ble-dannet-pa-2900-km.jpg\" alt=\"Bilde\" width=\"700\" height=\"400\"\/><\/source><\/source><\/picture><\/figure>\n<\/p><\/div>\n<p><strong>For ca 4,5 milliarder \u00e5r siden<\/strong>presenterte jorden en <strong>magma hav<\/strong>et varmt, smeltet lag over kjerne-mantel-grensen. Dette havet ble gradvis avkj\u00f8lt, og tettere, tyngre materialer migrerte nedover, mens mindre tette, lettere materialer vandret oppover. Man skulle derfor forvente at mantelen skulle best\u00e5 av veldefinerte lag med ulik kjemisk sammensetning og tetthet, men den nye studien fremhever at dette ikke er tilfelle. Ved bunnen av mantelen er det LLSVP-ene som danner uregelmessige ansamlinger, med andre i kantene <strong>tynne strukturer <\/strong>(ringer<strong> ULVZ <\/strong>eller <em>Soner med ultralav hastighet<\/em>)<strong> hvor den seismiske hastigheten er enda lavere<\/strong>. If\u00f8lge forskerne<strong> Jordens kjerne<\/strong>utsatt for et enormt press, ville ha <strong>utgitt materiale<\/strong> som inneholder lettere elementer som f.eks <strong>silisium og magnesium<\/strong>. Dette materialet ville ha hevet seg oppover, blandet med mantelmaterialene, og forhindret dannelsen av klare lag. Denne overf\u00f8ringen av lette elementer vil forklare den forskjellige kjemiske sammensetningen til LLSVP-ene og ULVZ-ene.<\/p>\n<h2><strong>Hvorfor det er viktig \u00e5 kjenne LLSVP-ene<\/strong><\/h2>\n<p>\u00c5 skaffe ny informasjon om LLSVP-er er viktig, ikke bare for en bedre forst\u00e5else av strukturen til planeten v\u00e5r, men ogs\u00e5 av andre grunner. LLSVP-er kan v\u00e6re opphavet til<strong>vulkanaktivitet <\/strong>plassert i en viss avstand fra kantene til litosf\u00e6riske plater. Faktisk tror forskere at fra disse massene stiger &laquo;plumer&raquo; av varmt materiale opp til overflaten, slik som de som driver vulkanene p\u00e5 Hawaii. Videre kan kjerne-mantel-interaksjoner ha <strong>p\u00e5virket avkj\u00f8lingen av jorden og til og med utviklingen av atmosf\u00e6ren<\/strong>. Noen studier fremhever at &laquo;\u00f8yene&raquo; i mantelen ville ha <strong>bidro til opprinnelsen og dynamikken til tektoniske plater<\/strong>hvis bevegelser ogs\u00e5 p\u00e5virker klimaet og f\u00f8lgelig<strong>jordens beboelighet<\/strong>.<\/p>\n<\/p><\/div>\n","protected":false},"excerpt":{"rendered":"<p>En ny studie, utviklet av et team av amerikanske og kinesiske forskere og publisert i<\/p>\n","protected":false},"author":1,"featured_media":12221,"comment_status":"closed","ping_status":"open","sticky":false,"template":"","format":"standard","meta":{"footnotes":""},"categories":[26],"tags":[373,1782,1835,700,3561,112,1783,8035,5524,81,117],"class_list":["post-12220","post","type-post","status-publish","format-standard","has-post-thumbnail","hentry","category-miljo","tag-ble","tag-dannet","tag-dyp","tag-enorme","tag-grensen","tag-hvordan","tag-jordens","tag-kjerne","tag-oyene","tag-pa","tag-til","generate-columns","tablet-grid-50","mobile-grid-100","grid-parent","grid-33","resize-featured-image"],"yoast_head":"<!-- This site is optimized with the Yoast SEO plugin v24.4 - https:\/\/yoast.com\/wordpress\/plugins\/seo\/ -->\n<title>Hvordan de to enorme \u00ab\u00f8yene\u00bb ble dannet p\u00e5 2900 km dyp p\u00e5 grensen til jordens kjerne - Nordnesrepublikken<\/title>\n<meta name=\"robots\" content=\"index, follow, max-snippet:-1, max-image-preview:large, max-video-preview:-1\" \/>\n<link rel=\"canonical\" href=\"https:\/\/nordnesrepublikken.no\/index.php\/2025\/11\/28\/hvordan-de-to-enorme-oyene-ble-dannet-pa-2900-km-dyp-pa-grensen-til-jordens-kjerne\/\" \/>\n<meta property=\"og:locale\" content=\"nb_NO\" \/>\n<meta property=\"og:type\" content=\"article\" \/>\n<meta property=\"og:title\" content=\"Hvordan de to enorme \u00ab\u00f8yene\u00bb ble dannet p\u00e5 2900 km dyp p\u00e5 grensen til jordens kjerne - Nordnesrepublikken\" \/>\n<meta property=\"og:description\" content=\"En ny studie, utviklet av et team av amerikanske og kinesiske forskere og publisert i\" \/>\n<meta property=\"og:url\" content=\"https:\/\/nordnesrepublikken.no\/index.php\/2025\/11\/28\/hvordan-de-to-enorme-oyene-ble-dannet-pa-2900-km-dyp-pa-grensen-til-jordens-kjerne\/\" \/>\n<meta property=\"og:site_name\" content=\"Nordnesrepublikken\" \/>\n<meta property=\"article:published_time\" content=\"2025-11-28T16:51:25+00:00\" \/>\n<meta property=\"article:modified_time\" content=\"2025-11-28T16:51:26+00:00\" \/>\n<meta property=\"og:image\" content=\"https:\/\/nordnesrepublikken.no\/wp-content\/uploads\/2025\/11\/1764348685_Hvordan-de-to-enorme-oyene-ble-dannet-pa-2900-km.jpg\" \/>\n\t<meta property=\"og:image:width\" content=\"700\" \/>\n\t<meta property=\"og:image:height\" content=\"516\" \/>\n\t<meta property=\"og:image:type\" content=\"image\/jpeg\" \/>\n<meta name=\"author\" content=\"Ole Andersen\" \/>\n<meta name=\"twitter:card\" content=\"summary_large_image\" \/>\n<meta name=\"twitter:label1\" content=\"Skrevet av\" \/>\n\t<meta name=\"twitter:data1\" content=\"Ole Andersen\" \/>\n\t<meta name=\"twitter:label2\" content=\"Ansl. lesetid\" \/>\n\t<meta name=\"twitter:data2\" content=\"2 minutter\" \/>\n<script type=\"application\/ld+json\" class=\"yoast-schema-graph\">{\"@context\":\"https:\/\/schema.org\",\"@graph\":[{\"@type\":\"Article\",\"@id\":\"https:\/\/nordnesrepublikken.no\/index.php\/2025\/11\/28\/hvordan-de-to-enorme-oyene-ble-dannet-pa-2900-km-dyp-pa-grensen-til-jordens-kjerne\/#article\",\"isPartOf\":{\"@id\":\"https:\/\/nordnesrepublikken.no\/index.php\/2025\/11\/28\/hvordan-de-to-enorme-oyene-ble-dannet-pa-2900-km-dyp-pa-grensen-til-jordens-kjerne\/\"},\"author\":{\"name\":\"Ole Andersen\",\"@id\":\"https:\/\/nordnesrepublikken.no\/#\/schema\/person\/2e7e81935bab77882fffb79296240ff1\"},\"headline\":\"Hvordan de to enorme \u00ab\u00f8yene\u00bb ble dannet p\u00e5 2900 km dyp p\u00e5 grensen til jordens kjerne\",\"datePublished\":\"2025-11-28T16:51:25+00:00\",\"dateModified\":\"2025-11-28T16:51:26+00:00\",\"mainEntityOfPage\":{\"@id\":\"https:\/\/nordnesrepublikken.no\/index.php\/2025\/11\/28\/hvordan-de-to-enorme-oyene-ble-dannet-pa-2900-km-dyp-pa-grensen-til-jordens-kjerne\/\"},\"wordCount\":485,\"publisher\":{\"@id\":\"https:\/\/nordnesrepublikken.no\/#organization\"},\"image\":{\"@id\":\"https:\/\/nordnesrepublikken.no\/index.php\/2025\/11\/28\/hvordan-de-to-enorme-oyene-ble-dannet-pa-2900-km-dyp-pa-grensen-til-jordens-kjerne\/#primaryimage\"},\"thumbnailUrl\":\"https:\/\/nordnesrepublikken.no\/wp-content\/uploads\/2025\/11\/1764348685_Hvordan-de-to-enorme-oyene-ble-dannet-pa-2900-km.jpg\",\"keywords\":[\"ble\",\"dannet\",\"dyp\",\"enorme\",\"grensen\",\"Hvordan\",\"jordens\",\"kjerne\",\"\u00f8yene\",\"p\u00e5\",\"til\"],\"articleSection\":[\"Milj\u00f8\"],\"inLanguage\":\"nb-NO\"},{\"@type\":\"WebPage\",\"@id\":\"https:\/\/nordnesrepublikken.no\/index.php\/2025\/11\/28\/hvordan-de-to-enorme-oyene-ble-dannet-pa-2900-km-dyp-pa-grensen-til-jordens-kjerne\/\",\"url\":\"https:\/\/nordnesrepublikken.no\/index.php\/2025\/11\/28\/hvordan-de-to-enorme-oyene-ble-dannet-pa-2900-km-dyp-pa-grensen-til-jordens-kjerne\/\",\"name\":\"Hvordan de to enorme \u00ab\u00f8yene\u00bb ble dannet p\u00e5 2900 km dyp p\u00e5 grensen til jordens kjerne - Nordnesrepublikken\",\"isPartOf\":{\"@id\":\"https:\/\/nordnesrepublikken.no\/#website\"},\"primaryImageOfPage\":{\"@id\":\"https:\/\/nordnesrepublikken.no\/index.php\/2025\/11\/28\/hvordan-de-to-enorme-oyene-ble-dannet-pa-2900-km-dyp-pa-grensen-til-jordens-kjerne\/#primaryimage\"},\"image\":{\"@id\":\"https:\/\/nordnesrepublikken.no\/index.php\/2025\/11\/28\/hvordan-de-to-enorme-oyene-ble-dannet-pa-2900-km-dyp-pa-grensen-til-jordens-kjerne\/#primaryimage\"},\"thumbnailUrl\":\"https:\/\/nordnesrepublikken.no\/wp-content\/uploads\/2025\/11\/1764348685_Hvordan-de-to-enorme-oyene-ble-dannet-pa-2900-km.jpg\",\"datePublished\":\"2025-11-28T16:51:25+00:00\",\"dateModified\":\"2025-11-28T16:51:26+00:00\",\"breadcrumb\":{\"@id\":\"https:\/\/nordnesrepublikken.no\/index.php\/2025\/11\/28\/hvordan-de-to-enorme-oyene-ble-dannet-pa-2900-km-dyp-pa-grensen-til-jordens-kjerne\/#breadcrumb\"},\"inLanguage\":\"nb-NO\",\"potentialAction\":[{\"@type\":\"ReadAction\",\"target\":[\"https:\/\/nordnesrepublikken.no\/index.php\/2025\/11\/28\/hvordan-de-to-enorme-oyene-ble-dannet-pa-2900-km-dyp-pa-grensen-til-jordens-kjerne\/\"]}]},{\"@type\":\"ImageObject\",\"inLanguage\":\"nb-NO\",\"@id\":\"https:\/\/nordnesrepublikken.no\/index.php\/2025\/11\/28\/hvordan-de-to-enorme-oyene-ble-dannet-pa-2900-km-dyp-pa-grensen-til-jordens-kjerne\/#primaryimage\",\"url\":\"https:\/\/nordnesrepublikken.no\/wp-content\/uploads\/2025\/11\/1764348685_Hvordan-de-to-enorme-oyene-ble-dannet-pa-2900-km.jpg\",\"contentUrl\":\"https:\/\/nordnesrepublikken.no\/wp-content\/uploads\/2025\/11\/1764348685_Hvordan-de-to-enorme-oyene-ble-dannet-pa-2900-km.jpg\",\"width\":700,\"height\":516,\"caption\":\"Hvordan de to enorme \u00ab\u00f8yene\u00bb ble dannet p\u00e5 2900 km dyp p\u00e5 grensen til jordens kjerne\"},{\"@type\":\"BreadcrumbList\",\"@id\":\"https:\/\/nordnesrepublikken.no\/index.php\/2025\/11\/28\/hvordan-de-to-enorme-oyene-ble-dannet-pa-2900-km-dyp-pa-grensen-til-jordens-kjerne\/#breadcrumb\",\"itemListElement\":[{\"@type\":\"ListItem\",\"position\":1,\"name\":\"Home\",\"item\":\"https:\/\/nordnesrepublikken.no\/\"},{\"@type\":\"ListItem\",\"position\":2,\"name\":\"Hvordan de to enorme \u00ab\u00f8yene\u00bb ble dannet p\u00e5 2900 km dyp p\u00e5 grensen til jordens kjerne\"}]},{\"@type\":\"WebSite\",\"@id\":\"https:\/\/nordnesrepublikken.no\/#website\",\"url\":\"https:\/\/nordnesrepublikken.no\/\",\"name\":\"Nordnesrepublikken\",\"description\":\"Stemmer og Visjoner fra Republikkens Hjerte\",\"publisher\":{\"@id\":\"https:\/\/nordnesrepublikken.no\/#organization\"},\"potentialAction\":[{\"@type\":\"SearchAction\",\"target\":{\"@type\":\"EntryPoint\",\"urlTemplate\":\"https:\/\/nordnesrepublikken.no\/?s={search_term_string}\"},\"query-input\":{\"@type\":\"PropertyValueSpecification\",\"valueRequired\":true,\"valueName\":\"search_term_string\"}}],\"inLanguage\":\"nb-NO\"},{\"@type\":\"Organization\",\"@id\":\"https:\/\/nordnesrepublikken.no\/#organization\",\"name\":\"Nordnesrepublikken\",\"url\":\"https:\/\/nordnesrepublikken.no\/\",\"logo\":{\"@type\":\"ImageObject\",\"inLanguage\":\"nb-NO\",\"@id\":\"https:\/\/nordnesrepublikken.no\/#\/schema\/logo\/image\/\",\"url\":\"https:\/\/nordnesrepublikken.no\/wp-content\/uploads\/2025\/02\/cropped-nordnesrepublikken-2.png\",\"contentUrl\":\"https:\/\/nordnesrepublikken.no\/wp-content\/uploads\/2025\/02\/cropped-nordnesrepublikken-2.png\",\"width\":1248,\"height\":362,\"caption\":\"Nordnesrepublikken\"},\"image\":{\"@id\":\"https:\/\/nordnesrepublikken.no\/#\/schema\/logo\/image\/\"}},{\"@type\":\"Person\",\"@id\":\"https:\/\/nordnesrepublikken.no\/#\/schema\/person\/2e7e81935bab77882fffb79296240ff1\",\"name\":\"Ole Andersen\",\"image\":{\"@type\":\"ImageObject\",\"inLanguage\":\"nb-NO\",\"@id\":\"https:\/\/nordnesrepublikken.no\/#\/schema\/person\/image\/\",\"url\":\"https:\/\/nordnesrepublikken.no\/wp-content\/uploads\/2025\/02\/nordnesrepublikken-2-2-150x150.jpg\",\"contentUrl\":\"https:\/\/nordnesrepublikken.no\/wp-content\/uploads\/2025\/02\/nordnesrepublikken-2-2-150x150.jpg\",\"caption\":\"Ole Andersen\"},\"description\":\"Ettersom jeg vokste opp i Oslo, har jeg alltid v\u00e6rt fascinert av ordenes kraft og deres evne til \u00e5 skape endringer. Etter \u00e5 ha fullf\u00f8rt min utdannelse i kommunikasjon ved Universitetet i Bergen, fikk jeg muligheten til \u00e5 jobbe innen ulike medier, der jeg har s\u00f8kt \u00e5 belyse viktige samfunnssp\u00f8rsm\u00e5l. I dag, som redakt\u00f8r for Nordnesrepublikken, pr\u00f8ver jeg \u00e5 forene min kj\u00e6rlighet for journalistikk med min lidenskap for innovasjon og eventyr.\",\"sameAs\":[\"https:\/\/nordnesrepublikken.no\/\"]}]}<\/script>\n<!-- \/ Yoast SEO plugin. -->","yoast_head_json":{"title":"Hvordan de to enorme \u00ab\u00f8yene\u00bb ble dannet p\u00e5 2900 km dyp p\u00e5 grensen til jordens kjerne - Nordnesrepublikken","robots":{"index":"index","follow":"follow","max-snippet":"max-snippet:-1","max-image-preview":"max-image-preview:large","max-video-preview":"max-video-preview:-1"},"canonical":"https:\/\/nordnesrepublikken.no\/index.php\/2025\/11\/28\/hvordan-de-to-enorme-oyene-ble-dannet-pa-2900-km-dyp-pa-grensen-til-jordens-kjerne\/","og_locale":"nb_NO","og_type":"article","og_title":"Hvordan de to enorme \u00ab\u00f8yene\u00bb ble dannet p\u00e5 2900 km dyp p\u00e5 grensen til jordens kjerne - Nordnesrepublikken","og_description":"En ny studie, utviklet av et team av amerikanske og kinesiske forskere og publisert i","og_url":"https:\/\/nordnesrepublikken.no\/index.php\/2025\/11\/28\/hvordan-de-to-enorme-oyene-ble-dannet-pa-2900-km-dyp-pa-grensen-til-jordens-kjerne\/","og_site_name":"Nordnesrepublikken","article_published_time":"2025-11-28T16:51:25+00:00","article_modified_time":"2025-11-28T16:51:26+00:00","og_image":[{"width":700,"height":516,"url":"https:\/\/nordnesrepublikken.no\/wp-content\/uploads\/2025\/11\/1764348685_Hvordan-de-to-enorme-oyene-ble-dannet-pa-2900-km.jpg","type":"image\/jpeg"}],"author":"Ole Andersen","twitter_card":"summary_large_image","twitter_misc":{"Skrevet av":"Ole Andersen","Ansl. lesetid":"2 minutter"},"schema":{"@context":"https:\/\/schema.org","@graph":[{"@type":"Article","@id":"https:\/\/nordnesrepublikken.no\/index.php\/2025\/11\/28\/hvordan-de-to-enorme-oyene-ble-dannet-pa-2900-km-dyp-pa-grensen-til-jordens-kjerne\/#article","isPartOf":{"@id":"https:\/\/nordnesrepublikken.no\/index.php\/2025\/11\/28\/hvordan-de-to-enorme-oyene-ble-dannet-pa-2900-km-dyp-pa-grensen-til-jordens-kjerne\/"},"author":{"name":"Ole Andersen","@id":"https:\/\/nordnesrepublikken.no\/#\/schema\/person\/2e7e81935bab77882fffb79296240ff1"},"headline":"Hvordan de to enorme \u00ab\u00f8yene\u00bb ble dannet p\u00e5 2900 km dyp p\u00e5 grensen til jordens kjerne","datePublished":"2025-11-28T16:51:25+00:00","dateModified":"2025-11-28T16:51:26+00:00","mainEntityOfPage":{"@id":"https:\/\/nordnesrepublikken.no\/index.php\/2025\/11\/28\/hvordan-de-to-enorme-oyene-ble-dannet-pa-2900-km-dyp-pa-grensen-til-jordens-kjerne\/"},"wordCount":485,"publisher":{"@id":"https:\/\/nordnesrepublikken.no\/#organization"},"image":{"@id":"https:\/\/nordnesrepublikken.no\/index.php\/2025\/11\/28\/hvordan-de-to-enorme-oyene-ble-dannet-pa-2900-km-dyp-pa-grensen-til-jordens-kjerne\/#primaryimage"},"thumbnailUrl":"https:\/\/nordnesrepublikken.no\/wp-content\/uploads\/2025\/11\/1764348685_Hvordan-de-to-enorme-oyene-ble-dannet-pa-2900-km.jpg","keywords":["ble","dannet","dyp","enorme","grensen","Hvordan","jordens","kjerne","\u00f8yene","p\u00e5","til"],"articleSection":["Milj\u00f8"],"inLanguage":"nb-NO"},{"@type":"WebPage","@id":"https:\/\/nordnesrepublikken.no\/index.php\/2025\/11\/28\/hvordan-de-to-enorme-oyene-ble-dannet-pa-2900-km-dyp-pa-grensen-til-jordens-kjerne\/","url":"https:\/\/nordnesrepublikken.no\/index.php\/2025\/11\/28\/hvordan-de-to-enorme-oyene-ble-dannet-pa-2900-km-dyp-pa-grensen-til-jordens-kjerne\/","name":"Hvordan de to enorme \u00ab\u00f8yene\u00bb ble dannet p\u00e5 2900 km dyp p\u00e5 grensen til jordens kjerne - Nordnesrepublikken","isPartOf":{"@id":"https:\/\/nordnesrepublikken.no\/#website"},"primaryImageOfPage":{"@id":"https:\/\/nordnesrepublikken.no\/index.php\/2025\/11\/28\/hvordan-de-to-enorme-oyene-ble-dannet-pa-2900-km-dyp-pa-grensen-til-jordens-kjerne\/#primaryimage"},"image":{"@id":"https:\/\/nordnesrepublikken.no\/index.php\/2025\/11\/28\/hvordan-de-to-enorme-oyene-ble-dannet-pa-2900-km-dyp-pa-grensen-til-jordens-kjerne\/#primaryimage"},"thumbnailUrl":"https:\/\/nordnesrepublikken.no\/wp-content\/uploads\/2025\/11\/1764348685_Hvordan-de-to-enorme-oyene-ble-dannet-pa-2900-km.jpg","datePublished":"2025-11-28T16:51:25+00:00","dateModified":"2025-11-28T16:51:26+00:00","breadcrumb":{"@id":"https:\/\/nordnesrepublikken.no\/index.php\/2025\/11\/28\/hvordan-de-to-enorme-oyene-ble-dannet-pa-2900-km-dyp-pa-grensen-til-jordens-kjerne\/#breadcrumb"},"inLanguage":"nb-NO","potentialAction":[{"@type":"ReadAction","target":["https:\/\/nordnesrepublikken.no\/index.php\/2025\/11\/28\/hvordan-de-to-enorme-oyene-ble-dannet-pa-2900-km-dyp-pa-grensen-til-jordens-kjerne\/"]}]},{"@type":"ImageObject","inLanguage":"nb-NO","@id":"https:\/\/nordnesrepublikken.no\/index.php\/2025\/11\/28\/hvordan-de-to-enorme-oyene-ble-dannet-pa-2900-km-dyp-pa-grensen-til-jordens-kjerne\/#primaryimage","url":"https:\/\/nordnesrepublikken.no\/wp-content\/uploads\/2025\/11\/1764348685_Hvordan-de-to-enorme-oyene-ble-dannet-pa-2900-km.jpg","contentUrl":"https:\/\/nordnesrepublikken.no\/wp-content\/uploads\/2025\/11\/1764348685_Hvordan-de-to-enorme-oyene-ble-dannet-pa-2900-km.jpg","width":700,"height":516,"caption":"Hvordan de to enorme \u00ab\u00f8yene\u00bb ble dannet p\u00e5 2900 km dyp p\u00e5 grensen til jordens kjerne"},{"@type":"BreadcrumbList","@id":"https:\/\/nordnesrepublikken.no\/index.php\/2025\/11\/28\/hvordan-de-to-enorme-oyene-ble-dannet-pa-2900-km-dyp-pa-grensen-til-jordens-kjerne\/#breadcrumb","itemListElement":[{"@type":"ListItem","position":1,"name":"Home","item":"https:\/\/nordnesrepublikken.no\/"},{"@type":"ListItem","position":2,"name":"Hvordan de to enorme \u00ab\u00f8yene\u00bb ble dannet p\u00e5 2900 km dyp p\u00e5 grensen til jordens kjerne"}]},{"@type":"WebSite","@id":"https:\/\/nordnesrepublikken.no\/#website","url":"https:\/\/nordnesrepublikken.no\/","name":"Nordnesrepublikken","description":"Stemmer og Visjoner fra Republikkens Hjerte","publisher":{"@id":"https:\/\/nordnesrepublikken.no\/#organization"},"potentialAction":[{"@type":"SearchAction","target":{"@type":"EntryPoint","urlTemplate":"https:\/\/nordnesrepublikken.no\/?s={search_term_string}"},"query-input":{"@type":"PropertyValueSpecification","valueRequired":true,"valueName":"search_term_string"}}],"inLanguage":"nb-NO"},{"@type":"Organization","@id":"https:\/\/nordnesrepublikken.no\/#organization","name":"Nordnesrepublikken","url":"https:\/\/nordnesrepublikken.no\/","logo":{"@type":"ImageObject","inLanguage":"nb-NO","@id":"https:\/\/nordnesrepublikken.no\/#\/schema\/logo\/image\/","url":"https:\/\/nordnesrepublikken.no\/wp-content\/uploads\/2025\/02\/cropped-nordnesrepublikken-2.png","contentUrl":"https:\/\/nordnesrepublikken.no\/wp-content\/uploads\/2025\/02\/cropped-nordnesrepublikken-2.png","width":1248,"height":362,"caption":"Nordnesrepublikken"},"image":{"@id":"https:\/\/nordnesrepublikken.no\/#\/schema\/logo\/image\/"}},{"@type":"Person","@id":"https:\/\/nordnesrepublikken.no\/#\/schema\/person\/2e7e81935bab77882fffb79296240ff1","name":"Ole Andersen","image":{"@type":"ImageObject","inLanguage":"nb-NO","@id":"https:\/\/nordnesrepublikken.no\/#\/schema\/person\/image\/","url":"https:\/\/nordnesrepublikken.no\/wp-content\/uploads\/2025\/02\/nordnesrepublikken-2-2-150x150.jpg","contentUrl":"https:\/\/nordnesrepublikken.no\/wp-content\/uploads\/2025\/02\/nordnesrepublikken-2-2-150x150.jpg","caption":"Ole Andersen"},"description":"Ettersom jeg vokste opp i Oslo, har jeg alltid v\u00e6rt fascinert av ordenes kraft og deres evne til \u00e5 skape endringer. Etter \u00e5 ha fullf\u00f8rt min utdannelse i kommunikasjon ved Universitetet i Bergen, fikk jeg muligheten til \u00e5 jobbe innen ulike medier, der jeg har s\u00f8kt \u00e5 belyse viktige samfunnssp\u00f8rsm\u00e5l. I dag, som redakt\u00f8r for Nordnesrepublikken, pr\u00f8ver jeg \u00e5 forene min kj\u00e6rlighet for journalistikk med min lidenskap for innovasjon og eventyr.","sameAs":["https:\/\/nordnesrepublikken.no\/"]}]}},"_links":{"self":[{"href":"https:\/\/nordnesrepublikken.no\/index.php\/wp-json\/wp\/v2\/posts\/12220","targetHints":{"allow":["GET"]}}],"collection":[{"href":"https:\/\/nordnesrepublikken.no\/index.php\/wp-json\/wp\/v2\/posts"}],"about":[{"href":"https:\/\/nordnesrepublikken.no\/index.php\/wp-json\/wp\/v2\/types\/post"}],"author":[{"embeddable":true,"href":"https:\/\/nordnesrepublikken.no\/index.php\/wp-json\/wp\/v2\/users\/1"}],"replies":[{"embeddable":true,"href":"https:\/\/nordnesrepublikken.no\/index.php\/wp-json\/wp\/v2\/comments?post=12220"}],"version-history":[{"count":1,"href":"https:\/\/nordnesrepublikken.no\/index.php\/wp-json\/wp\/v2\/posts\/12220\/revisions"}],"predecessor-version":[{"id":12222,"href":"https:\/\/nordnesrepublikken.no\/index.php\/wp-json\/wp\/v2\/posts\/12220\/revisions\/12222"}],"wp:featuredmedia":[{"embeddable":true,"href":"https:\/\/nordnesrepublikken.no\/index.php\/wp-json\/wp\/v2\/media\/12221"}],"wp:attachment":[{"href":"https:\/\/nordnesrepublikken.no\/index.php\/wp-json\/wp\/v2\/media?parent=12220"}],"wp:term":[{"taxonomy":"category","embeddable":true,"href":"https:\/\/nordnesrepublikken.no\/index.php\/wp-json\/wp\/v2\/categories?post=12220"},{"taxonomy":"post_tag","embeddable":true,"href":"https:\/\/nordnesrepublikken.no\/index.php\/wp-json\/wp\/v2\/tags?post=12220"}],"curies":[{"name":"wp","href":"https:\/\/api.w.org\/{rel}","templated":true}]}}