{"id":12214,"date":"2025-11-28T15:51:57","date_gmt":"2025-11-28T14:51:57","guid":{"rendered":"https:\/\/nordnesrepublikken.no\/index.php\/2025\/11\/28\/hvilke-endringer-med-loven-crosetto-jobber-med-og-hvem-den-henvender-seg-til\/"},"modified":"2025-11-28T15:52:06","modified_gmt":"2025-11-28T14:52:06","slug":"hvilke-endringer-med-loven-crosetto-jobber-med-og-hvem-den-henvender-seg-til","status":"publish","type":"post","link":"https:\/\/nordnesrepublikken.no\/index.php\/2025\/11\/28\/hvilke-endringer-med-loven-crosetto-jobber-med-og-hvem-den-henvender-seg-til\/","title":{"rendered":"hvilke endringer med loven Crosetto jobber med og hvem den henvender seg til"},"content":{"rendered":"<div>\n<div class=\"cp_wrapper cp_wrapper--fw mb-30 mb-20@tablet\">\n<figure class=\"mm\"><picture class=\"img\" style=\"padding-top:56.25%\"><source  media=\"(min-width: 1024px)\"><source  media=\"(min-width: 768px)\"><\/source><\/source><\/picture><\/figure>\n<\/p><\/div>\n<p>I kj\u00f8lvannet av strategier som allerede er utviklet av Frankrike og Tyskland \u2013 og i en europeisk kontekst der oppmerksomheten \u00f8ker p\u00e5 behovet for \u00e5 styrke forsvarsevnen av sikkerhetsmessige \u00e5rsaker \u2013 har forsvarsminister Guido Crosetto kunngjort at han jobber med en <strong>lov som vil gjeninnf\u00f8re milit\u00e6rtjeneste fra 2026<\/strong>. Men det vil ikke v\u00e6re en &laquo;naja&raquo;, det vil si den klassiske obligatoriske tjenesten utf\u00f8rt f\u00f8r slutten av 2004: det planlagte utkastet vil bli <strong>utelukkende p\u00e5 frivillig basis<\/strong>. Forsvarsministerens behov var allerede kjent, gitt at han hadde erkl\u00e6rt at lov 244 \u2013 som setter grensen for forsvarspersonell til 170 tusen enheter \u2013 m\u00e5tte revideres ved \u00e5 \u00f8ke den med minst 10-15 tusen enheter. Spesielt b\u00f8r disse nye rekruttene utdannes om nye krigf\u00f8ringsteknologier, i \u00f8kende grad relatert til kunstig intelligens.<\/p>\n<p>Crosettos forslag kommer fra et presist behov, nemlig det \u00e5 forberede seg best mulig i m\u00f8te med <strong>mulige n\u00f8dscenarier<\/strong>: dette betyr ogs\u00e5, if\u00f8lge ministeren, \u00e5 skape en <strong>statens hjelpereserve<\/strong> som kan st\u00f8tte Forsvaret ved behov. Reservatet vil imidlertid, s\u00e5 langt vi kan se s\u00e5 langt, ikke v\u00e6re i frontlinjen, men snarere <strong>st\u00f8tte<\/strong>: det ville utelukkende v\u00e6re involvert i &laquo;sv\u00e6rt alvorlige saker&raquo;, for \u00e5 sitere ministerens ord (kriger, katastrofer og alvorlige internasjonale kriser).<\/p>\n<p>For bedre \u00e5 forst\u00e5 problemet intervjuet vi<strong>Friulian geopolitisk analytiker Andrea Gaspardo<\/strong>.<\/p>\n<p><strong>Hvordan ville Crosettos prosjekt v\u00e6re strukturert?<\/strong><\/p>\n<p>Crosettos prosjekt b\u00f8r tas med en klype salt: S\u00e5 langt er det noen rykter, men den offisielle dokumentasjonen b\u00f8r sees. If\u00f8lge ryktene skulle hensikten v\u00e6re \u00e5 opprette en hjelpereserve for Forsvaret p\u00e5 rundt 10 tusen enheter.<\/p>\n<p>Denne reserven vil v\u00e6re rettet dels mot ungdom, dels ogs\u00e5 mot eldre mennesker som innehar en rekke tekniske krav og ferdigheter som kan v\u00e6re grunnleggende ved en krise. Spesielt snakker vi om fagfolk, pensjonerte soldater, tidligere sikkerhetsvakter og leger, ingeni\u00f8rer, cybersikkerhetseksperter, etc.<\/p>\n<p><strong>Hvorfor mobiliserer noen europeiske land i denne forbindelse, og hvor konkret er trusselen om en diplomatisk krise som vil forverre den internasjonale konteksten?<\/strong><\/p>\n<p>Grunnen til at flere europeiske land snakker om \u00e5 innf\u00f8re verneplikt, opprette store reservestyrker eller oppmuntre til verving i h\u00e6rer, er fordi det er en n\u00e5 utbredt oppfatning av at den russiske invasjonen av Ukraina 24. februar 2022 fungerte som en katalysator for begynnelsen p\u00e5 en ny historisk \u00e6ra der fredsforholdene i Europa ikke lenger er gyldige de siste ti\u00e5rene. I p\u00e5vente av en mulig tilbakevending av konflikter, legger land hendene frem og diskuterer muligheten for \u00e5 oppruste og utvide sine v\u00e6pnede styrker.<\/p>\n<p><strong>Hvorfor er ikke de v\u00e6pnede styrkene nok? Kunne ikke \u00f8kningen i milit\u00e6rutgiftene, i det minste delvis, dekke den obligatoriske milit\u00e6rtjenesten? <\/strong><\/p>\n<p>Akkurat n\u00e5, p\u00e5 det europeiske kontinentet, har ingen land \u2013 utenfor Russland og Ukraina \u2013 v\u00e6pnede styrker numerisk tilstrekkelige til \u00e5 kjempe en storstilt, langsiktig krig.<\/p>\n<p>Erfaringene fra den russisk-ukrainske krigen har vist at til tross for den h\u00f8ye teknologiske veksten som teknologiske verkt\u00f8y har sett, fra den kalde krigen og frem til i dag (tenk p\u00e5 droner, for eksempel), er det fortsatt behov for land som kjemper denne typen krig, for \u00e5 ha tallmessig sv\u00e6rt store v\u00e6pnede styrker til disposisjon.<\/p>\n<p>For \u00e5 f\u00e5 tallene er det n\u00f8dvendig \u00e5 bruke en blanding av insentiver for frivillige verving og obligatorisk verneplikt: det er ingen andre m\u00e5ter \u00e5 oppn\u00e5 \u00f8nsket niv\u00e5 av personell p\u00e5. Det er noen europeiske land som beveger seg raskere i fasen med opprustning og utvidelse av sine v\u00e6pnede styrker (Polen, Romania, Ungarn), men andre land er det ikke. P\u00e5 det europeiske kontinentet er situasjonen derfor usammenhengende.<\/p>\n<p><strong>I tillegg til selve antallet soldater, hvordan kunne det italienske vernepliktssystemet tilpasse seg dagens geopolitiske kontekst, n\u00e5r det gjelder organisering, utstyr og regulering?<\/strong><\/p>\n<p>Veldig vanskelig \u00e5 svare p\u00e5 dette sp\u00f8rsm\u00e5let. For \u00e5 svare er det n\u00f8dvendig for den politiske og milit\u00e6re ledelsen \u00e5 ha en klar forst\u00e5else av krisen og hypotetiske scenarier for fremtidig bruk av v\u00e5re v\u00e6pnede styrker. Inntil dette er avklart er det som \u00e5 diskutere englers kj\u00f8nn.<\/p>\n<p>Under den kalde krigen var det bare \u00e9n trussel: h\u00e6rene til USSR og Warszawapaktens allierte. De italienske v\u00e6pnede styrkene trengte derfor \u00e5 trene flere hundre tusen mann hvert \u00e5r som hvert \u00e5r ble erstattet av nye b\u00f8lger av vernepliktige. Videre, som en epoke med blomstrende demografi &#8211; med en total fruktbarhetstall over 2 barn per kvinne &#8211; kunne landet ha r\u00e5d til \u00e5 ha en stor h\u00e6r av vernepliktige til disposisjon, som det n\u00e5 ville slite med \u00e5 sette inn, for n\u00e5 er det ikke nok unge mennesker. De nye ungdomsklassene er betydelig f\u00e6rre enn tidligere, s\u00e5 selv gjeninnf\u00f8ring av verneplikten p\u00e5 en vilk\u00e5rlig m\u00e5te for alle ville ikke fullt ut fylle mangelen p\u00e5 soldater.<\/p>\n<p>I tillegg til \u00e5 gjeninnf\u00f8re den obligatoriske milit\u00e6rtjenesten, b\u00f8r regjeringen ogs\u00e5 finne opp verkt\u00f8y for \u00e5 la landet v\u00e5rt fiske i bassenget mellom voksne menn mellom 30 og 60 \u00e5r, akkurat slik russerne og ukrainerne gj\u00f8r.<\/p>\n<p>Uten at det ber\u00f8rer det faktum at det da ville v\u00e6re n\u00f8dvendig \u00e5 forst\u00e5 de hypotetiske ansettelsesscenariene, for \u00e5 l\u00f8se problemet med mangel p\u00e5 personell, i tillegg til \u00e5 gjenopprette utkastet, m\u00e5 vi fokusere p\u00e5 insentiver for verving av modent personell (forutsatt at fysikken deres tillater det).<\/p>\n<p>Vi m\u00e5 ikke ende opp med \u00e5 tro at teknologisk utvikling beskytter oss mot behovet for fysiske personer: Vi kan ikke gj\u00f8re opp for mangelen p\u00e5 soldater, for krig trenger vi v\u00e5pen, og mange av dem.<\/p>\n<p><strong>Har hypotesene om en felles europeisk opprustning endelig falmet etter de siste m\u00e5nedenes entusiasmen?<\/strong><\/p>\n<p>Vanskelig \u00e5 si. Allerede da vi snakket om europeisk opprustning ble det spesifisert at hvert land da skulle vedta de strategiene det ans\u00e5 som n\u00f8dvendige for \u00e5 fullf\u00f8re den. Opprustning vil finne sted, men \u00e5 gj\u00f8re det i tilfeldig rekkef\u00f8lge hjelper absolutt ikke i utformingen av en sammenhengende felles europeisk strategi.<\/p>\n<\/p><\/div>\n","protected":false},"excerpt":{"rendered":"<p>I kj\u00f8lvannet av strategier som allerede er utviklet av Frankrike og Tyskland \u2013 og i<\/p>\n","protected":false},"author":1,"featured_media":12215,"comment_status":"closed","ping_status":"open","sticky":false,"template":"","format":"standard","meta":{"footnotes":""},"categories":[23],"tags":[8028,74,785,8029,99,784,2106,1982,79,96,117],"class_list":["post-12214","post","type-post","status-publish","format-standard","has-post-thumbnail","hentry","category-politikk","tag-crosetto","tag-den","tag-endringer","tag-henvender","tag-hvem","tag-hvilke","tag-jobber","tag-loven","tag-med","tag-seg","tag-til","generate-columns","tablet-grid-50","mobile-grid-100","grid-parent","grid-33","resize-featured-image"],"yoast_head":"<!-- This site is optimized with the Yoast SEO plugin v24.4 - https:\/\/yoast.com\/wordpress\/plugins\/seo\/ -->\n<title>hvilke endringer med loven Crosetto jobber med og hvem den henvender seg til - Nordnesrepublikken<\/title>\n<meta name=\"robots\" content=\"index, follow, max-snippet:-1, max-image-preview:large, max-video-preview:-1\" \/>\n<link rel=\"canonical\" href=\"https:\/\/nordnesrepublikken.no\/index.php\/2025\/11\/28\/hvilke-endringer-med-loven-crosetto-jobber-med-og-hvem-den-henvender-seg-til\/\" \/>\n<meta property=\"og:locale\" content=\"nb_NO\" \/>\n<meta property=\"og:type\" content=\"article\" \/>\n<meta property=\"og:title\" content=\"hvilke endringer med loven Crosetto jobber med og hvem den henvender seg til - Nordnesrepublikken\" \/>\n<meta property=\"og:description\" content=\"I kj\u00f8lvannet av strategier som allerede er utviklet av Frankrike og Tyskland \u2013 og i\" \/>\n<meta property=\"og:url\" content=\"https:\/\/nordnesrepublikken.no\/index.php\/2025\/11\/28\/hvilke-endringer-med-loven-crosetto-jobber-med-og-hvem-den-henvender-seg-til\/\" \/>\n<meta property=\"og:site_name\" content=\"Nordnesrepublikken\" \/>\n<meta property=\"article:published_time\" content=\"2025-11-28T14:51:57+00:00\" \/>\n<meta property=\"article:modified_time\" content=\"2025-11-28T14:52:06+00:00\" \/>\n<meta property=\"og:image\" content=\"https:\/\/nordnesrepublikken.no\/wp-content\/uploads\/2025\/11\/1764341517_hvilke-endringer-med-loven-Crosetto-jobber-med-og-hvem-den-scaled.jpg\" \/>\n\t<meta property=\"og:image:width\" content=\"2560\" \/>\n\t<meta property=\"og:image:height\" content=\"1702\" \/>\n\t<meta property=\"og:image:type\" content=\"image\/jpeg\" \/>\n<meta name=\"author\" content=\"Ole Andersen\" \/>\n<meta name=\"twitter:card\" content=\"summary_large_image\" \/>\n<meta name=\"twitter:label1\" content=\"Skrevet av\" \/>\n\t<meta name=\"twitter:data1\" content=\"Ole Andersen\" \/>\n\t<meta name=\"twitter:label2\" content=\"Ansl. lesetid\" \/>\n\t<meta name=\"twitter:data2\" content=\"5 minutter\" \/>\n<script type=\"application\/ld+json\" class=\"yoast-schema-graph\">{\"@context\":\"https:\/\/schema.org\",\"@graph\":[{\"@type\":\"Article\",\"@id\":\"https:\/\/nordnesrepublikken.no\/index.php\/2025\/11\/28\/hvilke-endringer-med-loven-crosetto-jobber-med-og-hvem-den-henvender-seg-til\/#article\",\"isPartOf\":{\"@id\":\"https:\/\/nordnesrepublikken.no\/index.php\/2025\/11\/28\/hvilke-endringer-med-loven-crosetto-jobber-med-og-hvem-den-henvender-seg-til\/\"},\"author\":{\"name\":\"Ole Andersen\",\"@id\":\"https:\/\/nordnesrepublikken.no\/#\/schema\/person\/2e7e81935bab77882fffb79296240ff1\"},\"headline\":\"hvilke endringer med loven Crosetto jobber med og hvem den henvender seg til\",\"datePublished\":\"2025-11-28T14:51:57+00:00\",\"dateModified\":\"2025-11-28T14:52:06+00:00\",\"mainEntityOfPage\":{\"@id\":\"https:\/\/nordnesrepublikken.no\/index.php\/2025\/11\/28\/hvilke-endringer-med-loven-crosetto-jobber-med-og-hvem-den-henvender-seg-til\/\"},\"wordCount\":981,\"publisher\":{\"@id\":\"https:\/\/nordnesrepublikken.no\/#organization\"},\"image\":{\"@id\":\"https:\/\/nordnesrepublikken.no\/index.php\/2025\/11\/28\/hvilke-endringer-med-loven-crosetto-jobber-med-og-hvem-den-henvender-seg-til\/#primaryimage\"},\"thumbnailUrl\":\"https:\/\/nordnesrepublikken.no\/wp-content\/uploads\/2025\/11\/1764341517_hvilke-endringer-med-loven-Crosetto-jobber-med-og-hvem-den-scaled.jpg\",\"keywords\":[\"Crosetto\",\"den\",\"endringer\",\"henvender\",\"Hvem\",\"hvilke\",\"jobber\",\"loven\",\"med\",\"seg\",\"til\"],\"articleSection\":[\"Politikk\"],\"inLanguage\":\"nb-NO\"},{\"@type\":\"WebPage\",\"@id\":\"https:\/\/nordnesrepublikken.no\/index.php\/2025\/11\/28\/hvilke-endringer-med-loven-crosetto-jobber-med-og-hvem-den-henvender-seg-til\/\",\"url\":\"https:\/\/nordnesrepublikken.no\/index.php\/2025\/11\/28\/hvilke-endringer-med-loven-crosetto-jobber-med-og-hvem-den-henvender-seg-til\/\",\"name\":\"hvilke endringer med loven Crosetto jobber med og hvem den henvender seg til - Nordnesrepublikken\",\"isPartOf\":{\"@id\":\"https:\/\/nordnesrepublikken.no\/#website\"},\"primaryImageOfPage\":{\"@id\":\"https:\/\/nordnesrepublikken.no\/index.php\/2025\/11\/28\/hvilke-endringer-med-loven-crosetto-jobber-med-og-hvem-den-henvender-seg-til\/#primaryimage\"},\"image\":{\"@id\":\"https:\/\/nordnesrepublikken.no\/index.php\/2025\/11\/28\/hvilke-endringer-med-loven-crosetto-jobber-med-og-hvem-den-henvender-seg-til\/#primaryimage\"},\"thumbnailUrl\":\"https:\/\/nordnesrepublikken.no\/wp-content\/uploads\/2025\/11\/1764341517_hvilke-endringer-med-loven-Crosetto-jobber-med-og-hvem-den-scaled.jpg\",\"datePublished\":\"2025-11-28T14:51:57+00:00\",\"dateModified\":\"2025-11-28T14:52:06+00:00\",\"breadcrumb\":{\"@id\":\"https:\/\/nordnesrepublikken.no\/index.php\/2025\/11\/28\/hvilke-endringer-med-loven-crosetto-jobber-med-og-hvem-den-henvender-seg-til\/#breadcrumb\"},\"inLanguage\":\"nb-NO\",\"potentialAction\":[{\"@type\":\"ReadAction\",\"target\":[\"https:\/\/nordnesrepublikken.no\/index.php\/2025\/11\/28\/hvilke-endringer-med-loven-crosetto-jobber-med-og-hvem-den-henvender-seg-til\/\"]}]},{\"@type\":\"ImageObject\",\"inLanguage\":\"nb-NO\",\"@id\":\"https:\/\/nordnesrepublikken.no\/index.php\/2025\/11\/28\/hvilke-endringer-med-loven-crosetto-jobber-med-og-hvem-den-henvender-seg-til\/#primaryimage\",\"url\":\"https:\/\/nordnesrepublikken.no\/wp-content\/uploads\/2025\/11\/1764341517_hvilke-endringer-med-loven-Crosetto-jobber-med-og-hvem-den-scaled.jpg\",\"contentUrl\":\"https:\/\/nordnesrepublikken.no\/wp-content\/uploads\/2025\/11\/1764341517_hvilke-endringer-med-loven-Crosetto-jobber-med-og-hvem-den-scaled.jpg\",\"width\":2560,\"height\":1702,\"caption\":\"hvilke endringer med loven Crosetto jobber med og hvem den henvender seg til\"},{\"@type\":\"BreadcrumbList\",\"@id\":\"https:\/\/nordnesrepublikken.no\/index.php\/2025\/11\/28\/hvilke-endringer-med-loven-crosetto-jobber-med-og-hvem-den-henvender-seg-til\/#breadcrumb\",\"itemListElement\":[{\"@type\":\"ListItem\",\"position\":1,\"name\":\"Home\",\"item\":\"https:\/\/nordnesrepublikken.no\/\"},{\"@type\":\"ListItem\",\"position\":2,\"name\":\"hvilke endringer med loven Crosetto jobber med og hvem den henvender seg til\"}]},{\"@type\":\"WebSite\",\"@id\":\"https:\/\/nordnesrepublikken.no\/#website\",\"url\":\"https:\/\/nordnesrepublikken.no\/\",\"name\":\"Nordnesrepublikken\",\"description\":\"Stemmer og Visjoner fra Republikkens Hjerte\",\"publisher\":{\"@id\":\"https:\/\/nordnesrepublikken.no\/#organization\"},\"potentialAction\":[{\"@type\":\"SearchAction\",\"target\":{\"@type\":\"EntryPoint\",\"urlTemplate\":\"https:\/\/nordnesrepublikken.no\/?s={search_term_string}\"},\"query-input\":{\"@type\":\"PropertyValueSpecification\",\"valueRequired\":true,\"valueName\":\"search_term_string\"}}],\"inLanguage\":\"nb-NO\"},{\"@type\":\"Organization\",\"@id\":\"https:\/\/nordnesrepublikken.no\/#organization\",\"name\":\"Nordnesrepublikken\",\"url\":\"https:\/\/nordnesrepublikken.no\/\",\"logo\":{\"@type\":\"ImageObject\",\"inLanguage\":\"nb-NO\",\"@id\":\"https:\/\/nordnesrepublikken.no\/#\/schema\/logo\/image\/\",\"url\":\"https:\/\/nordnesrepublikken.no\/wp-content\/uploads\/2025\/02\/cropped-nordnesrepublikken-2.png\",\"contentUrl\":\"https:\/\/nordnesrepublikken.no\/wp-content\/uploads\/2025\/02\/cropped-nordnesrepublikken-2.png\",\"width\":1248,\"height\":362,\"caption\":\"Nordnesrepublikken\"},\"image\":{\"@id\":\"https:\/\/nordnesrepublikken.no\/#\/schema\/logo\/image\/\"}},{\"@type\":\"Person\",\"@id\":\"https:\/\/nordnesrepublikken.no\/#\/schema\/person\/2e7e81935bab77882fffb79296240ff1\",\"name\":\"Ole Andersen\",\"image\":{\"@type\":\"ImageObject\",\"inLanguage\":\"nb-NO\",\"@id\":\"https:\/\/nordnesrepublikken.no\/#\/schema\/person\/image\/\",\"url\":\"https:\/\/nordnesrepublikken.no\/wp-content\/uploads\/2025\/02\/nordnesrepublikken-2-2-150x150.jpg\",\"contentUrl\":\"https:\/\/nordnesrepublikken.no\/wp-content\/uploads\/2025\/02\/nordnesrepublikken-2-2-150x150.jpg\",\"caption\":\"Ole Andersen\"},\"description\":\"Ettersom jeg vokste opp i Oslo, har jeg alltid v\u00e6rt fascinert av ordenes kraft og deres evne til \u00e5 skape endringer. Etter \u00e5 ha fullf\u00f8rt min utdannelse i kommunikasjon ved Universitetet i Bergen, fikk jeg muligheten til \u00e5 jobbe innen ulike medier, der jeg har s\u00f8kt \u00e5 belyse viktige samfunnssp\u00f8rsm\u00e5l. I dag, som redakt\u00f8r for Nordnesrepublikken, pr\u00f8ver jeg \u00e5 forene min kj\u00e6rlighet for journalistikk med min lidenskap for innovasjon og eventyr.\",\"sameAs\":[\"https:\/\/nordnesrepublikken.no\/\"]}]}<\/script>\n<!-- \/ Yoast SEO plugin. -->","yoast_head_json":{"title":"hvilke endringer med loven Crosetto jobber med og hvem den henvender seg til - Nordnesrepublikken","robots":{"index":"index","follow":"follow","max-snippet":"max-snippet:-1","max-image-preview":"max-image-preview:large","max-video-preview":"max-video-preview:-1"},"canonical":"https:\/\/nordnesrepublikken.no\/index.php\/2025\/11\/28\/hvilke-endringer-med-loven-crosetto-jobber-med-og-hvem-den-henvender-seg-til\/","og_locale":"nb_NO","og_type":"article","og_title":"hvilke endringer med loven Crosetto jobber med og hvem den henvender seg til - Nordnesrepublikken","og_description":"I kj\u00f8lvannet av strategier som allerede er utviklet av Frankrike og Tyskland \u2013 og i","og_url":"https:\/\/nordnesrepublikken.no\/index.php\/2025\/11\/28\/hvilke-endringer-med-loven-crosetto-jobber-med-og-hvem-den-henvender-seg-til\/","og_site_name":"Nordnesrepublikken","article_published_time":"2025-11-28T14:51:57+00:00","article_modified_time":"2025-11-28T14:52:06+00:00","og_image":[{"width":2560,"height":1702,"url":"https:\/\/nordnesrepublikken.no\/wp-content\/uploads\/2025\/11\/1764341517_hvilke-endringer-med-loven-Crosetto-jobber-med-og-hvem-den-scaled.jpg","type":"image\/jpeg"}],"author":"Ole Andersen","twitter_card":"summary_large_image","twitter_misc":{"Skrevet av":"Ole Andersen","Ansl. lesetid":"5 minutter"},"schema":{"@context":"https:\/\/schema.org","@graph":[{"@type":"Article","@id":"https:\/\/nordnesrepublikken.no\/index.php\/2025\/11\/28\/hvilke-endringer-med-loven-crosetto-jobber-med-og-hvem-den-henvender-seg-til\/#article","isPartOf":{"@id":"https:\/\/nordnesrepublikken.no\/index.php\/2025\/11\/28\/hvilke-endringer-med-loven-crosetto-jobber-med-og-hvem-den-henvender-seg-til\/"},"author":{"name":"Ole Andersen","@id":"https:\/\/nordnesrepublikken.no\/#\/schema\/person\/2e7e81935bab77882fffb79296240ff1"},"headline":"hvilke endringer med loven Crosetto jobber med og hvem den henvender seg til","datePublished":"2025-11-28T14:51:57+00:00","dateModified":"2025-11-28T14:52:06+00:00","mainEntityOfPage":{"@id":"https:\/\/nordnesrepublikken.no\/index.php\/2025\/11\/28\/hvilke-endringer-med-loven-crosetto-jobber-med-og-hvem-den-henvender-seg-til\/"},"wordCount":981,"publisher":{"@id":"https:\/\/nordnesrepublikken.no\/#organization"},"image":{"@id":"https:\/\/nordnesrepublikken.no\/index.php\/2025\/11\/28\/hvilke-endringer-med-loven-crosetto-jobber-med-og-hvem-den-henvender-seg-til\/#primaryimage"},"thumbnailUrl":"https:\/\/nordnesrepublikken.no\/wp-content\/uploads\/2025\/11\/1764341517_hvilke-endringer-med-loven-Crosetto-jobber-med-og-hvem-den-scaled.jpg","keywords":["Crosetto","den","endringer","henvender","Hvem","hvilke","jobber","loven","med","seg","til"],"articleSection":["Politikk"],"inLanguage":"nb-NO"},{"@type":"WebPage","@id":"https:\/\/nordnesrepublikken.no\/index.php\/2025\/11\/28\/hvilke-endringer-med-loven-crosetto-jobber-med-og-hvem-den-henvender-seg-til\/","url":"https:\/\/nordnesrepublikken.no\/index.php\/2025\/11\/28\/hvilke-endringer-med-loven-crosetto-jobber-med-og-hvem-den-henvender-seg-til\/","name":"hvilke endringer med loven Crosetto jobber med og hvem den henvender seg til - Nordnesrepublikken","isPartOf":{"@id":"https:\/\/nordnesrepublikken.no\/#website"},"primaryImageOfPage":{"@id":"https:\/\/nordnesrepublikken.no\/index.php\/2025\/11\/28\/hvilke-endringer-med-loven-crosetto-jobber-med-og-hvem-den-henvender-seg-til\/#primaryimage"},"image":{"@id":"https:\/\/nordnesrepublikken.no\/index.php\/2025\/11\/28\/hvilke-endringer-med-loven-crosetto-jobber-med-og-hvem-den-henvender-seg-til\/#primaryimage"},"thumbnailUrl":"https:\/\/nordnesrepublikken.no\/wp-content\/uploads\/2025\/11\/1764341517_hvilke-endringer-med-loven-Crosetto-jobber-med-og-hvem-den-scaled.jpg","datePublished":"2025-11-28T14:51:57+00:00","dateModified":"2025-11-28T14:52:06+00:00","breadcrumb":{"@id":"https:\/\/nordnesrepublikken.no\/index.php\/2025\/11\/28\/hvilke-endringer-med-loven-crosetto-jobber-med-og-hvem-den-henvender-seg-til\/#breadcrumb"},"inLanguage":"nb-NO","potentialAction":[{"@type":"ReadAction","target":["https:\/\/nordnesrepublikken.no\/index.php\/2025\/11\/28\/hvilke-endringer-med-loven-crosetto-jobber-med-og-hvem-den-henvender-seg-til\/"]}]},{"@type":"ImageObject","inLanguage":"nb-NO","@id":"https:\/\/nordnesrepublikken.no\/index.php\/2025\/11\/28\/hvilke-endringer-med-loven-crosetto-jobber-med-og-hvem-den-henvender-seg-til\/#primaryimage","url":"https:\/\/nordnesrepublikken.no\/wp-content\/uploads\/2025\/11\/1764341517_hvilke-endringer-med-loven-Crosetto-jobber-med-og-hvem-den-scaled.jpg","contentUrl":"https:\/\/nordnesrepublikken.no\/wp-content\/uploads\/2025\/11\/1764341517_hvilke-endringer-med-loven-Crosetto-jobber-med-og-hvem-den-scaled.jpg","width":2560,"height":1702,"caption":"hvilke endringer med loven Crosetto jobber med og hvem den henvender seg til"},{"@type":"BreadcrumbList","@id":"https:\/\/nordnesrepublikken.no\/index.php\/2025\/11\/28\/hvilke-endringer-med-loven-crosetto-jobber-med-og-hvem-den-henvender-seg-til\/#breadcrumb","itemListElement":[{"@type":"ListItem","position":1,"name":"Home","item":"https:\/\/nordnesrepublikken.no\/"},{"@type":"ListItem","position":2,"name":"hvilke endringer med loven Crosetto jobber med og hvem den henvender seg til"}]},{"@type":"WebSite","@id":"https:\/\/nordnesrepublikken.no\/#website","url":"https:\/\/nordnesrepublikken.no\/","name":"Nordnesrepublikken","description":"Stemmer og Visjoner fra Republikkens Hjerte","publisher":{"@id":"https:\/\/nordnesrepublikken.no\/#organization"},"potentialAction":[{"@type":"SearchAction","target":{"@type":"EntryPoint","urlTemplate":"https:\/\/nordnesrepublikken.no\/?s={search_term_string}"},"query-input":{"@type":"PropertyValueSpecification","valueRequired":true,"valueName":"search_term_string"}}],"inLanguage":"nb-NO"},{"@type":"Organization","@id":"https:\/\/nordnesrepublikken.no\/#organization","name":"Nordnesrepublikken","url":"https:\/\/nordnesrepublikken.no\/","logo":{"@type":"ImageObject","inLanguage":"nb-NO","@id":"https:\/\/nordnesrepublikken.no\/#\/schema\/logo\/image\/","url":"https:\/\/nordnesrepublikken.no\/wp-content\/uploads\/2025\/02\/cropped-nordnesrepublikken-2.png","contentUrl":"https:\/\/nordnesrepublikken.no\/wp-content\/uploads\/2025\/02\/cropped-nordnesrepublikken-2.png","width":1248,"height":362,"caption":"Nordnesrepublikken"},"image":{"@id":"https:\/\/nordnesrepublikken.no\/#\/schema\/logo\/image\/"}},{"@type":"Person","@id":"https:\/\/nordnesrepublikken.no\/#\/schema\/person\/2e7e81935bab77882fffb79296240ff1","name":"Ole Andersen","image":{"@type":"ImageObject","inLanguage":"nb-NO","@id":"https:\/\/nordnesrepublikken.no\/#\/schema\/person\/image\/","url":"https:\/\/nordnesrepublikken.no\/wp-content\/uploads\/2025\/02\/nordnesrepublikken-2-2-150x150.jpg","contentUrl":"https:\/\/nordnesrepublikken.no\/wp-content\/uploads\/2025\/02\/nordnesrepublikken-2-2-150x150.jpg","caption":"Ole Andersen"},"description":"Ettersom jeg vokste opp i Oslo, har jeg alltid v\u00e6rt fascinert av ordenes kraft og deres evne til \u00e5 skape endringer. Etter \u00e5 ha fullf\u00f8rt min utdannelse i kommunikasjon ved Universitetet i Bergen, fikk jeg muligheten til \u00e5 jobbe innen ulike medier, der jeg har s\u00f8kt \u00e5 belyse viktige samfunnssp\u00f8rsm\u00e5l. I dag, som redakt\u00f8r for Nordnesrepublikken, pr\u00f8ver jeg \u00e5 forene min kj\u00e6rlighet for journalistikk med min lidenskap for innovasjon og eventyr.","sameAs":["https:\/\/nordnesrepublikken.no\/"]}]}},"_links":{"self":[{"href":"https:\/\/nordnesrepublikken.no\/index.php\/wp-json\/wp\/v2\/posts\/12214","targetHints":{"allow":["GET"]}}],"collection":[{"href":"https:\/\/nordnesrepublikken.no\/index.php\/wp-json\/wp\/v2\/posts"}],"about":[{"href":"https:\/\/nordnesrepublikken.no\/index.php\/wp-json\/wp\/v2\/types\/post"}],"author":[{"embeddable":true,"href":"https:\/\/nordnesrepublikken.no\/index.php\/wp-json\/wp\/v2\/users\/1"}],"replies":[{"embeddable":true,"href":"https:\/\/nordnesrepublikken.no\/index.php\/wp-json\/wp\/v2\/comments?post=12214"}],"version-history":[{"count":1,"href":"https:\/\/nordnesrepublikken.no\/index.php\/wp-json\/wp\/v2\/posts\/12214\/revisions"}],"predecessor-version":[{"id":12216,"href":"https:\/\/nordnesrepublikken.no\/index.php\/wp-json\/wp\/v2\/posts\/12214\/revisions\/12216"}],"wp:featuredmedia":[{"embeddable":true,"href":"https:\/\/nordnesrepublikken.no\/index.php\/wp-json\/wp\/v2\/media\/12215"}],"wp:attachment":[{"href":"https:\/\/nordnesrepublikken.no\/index.php\/wp-json\/wp\/v2\/media?parent=12214"}],"wp:term":[{"taxonomy":"category","embeddable":true,"href":"https:\/\/nordnesrepublikken.no\/index.php\/wp-json\/wp\/v2\/categories?post=12214"},{"taxonomy":"post_tag","embeddable":true,"href":"https:\/\/nordnesrepublikken.no\/index.php\/wp-json\/wp\/v2\/tags?post=12214"}],"curies":[{"name":"wp","href":"https:\/\/api.w.org\/{rel}","templated":true}]}}