{"id":12205,"date":"2025-11-28T12:50:56","date_gmt":"2025-11-28T11:50:56","guid":{"rendered":"https:\/\/nordnesrepublikken.no\/index.php\/2025\/11\/28\/terapeutiske-fremskritt-innleder-en-ny-aera-i-kampen-mot-kreft-i-bukspyttkjertelen\/"},"modified":"2025-11-28T12:50:57","modified_gmt":"2025-11-28T11:50:57","slug":"terapeutiske-fremskritt-innleder-en-ny-aera-i-kampen-mot-kreft-i-bukspyttkjertelen","status":"publish","type":"post","link":"https:\/\/nordnesrepublikken.no\/index.php\/2025\/11\/28\/terapeutiske-fremskritt-innleder-en-ny-aera-i-kampen-mot-kreft-i-bukspyttkjertelen\/","title":{"rendered":"Terapeutiske fremskritt innleder en ny \u00e6ra i kampen mot kreft i bukspyttkjertelen"},"content":{"rendered":"<p><\/p>\n<div class=\"wordpress-content\">\n                    <!-- Article Start --><\/p>\n<div><\/div>\n<div><strong>Tidlig diagnose, tilpassede terapier og nye m\u00e5lrettede legemidler markerer et paradigmeskifte for en av kreftformene med d\u00e5rligst prognose.<\/strong><\/div>\n<div><\/div>\n<p><span id=\"more-554204\"><\/span><\/p>\n<div>Bukspyttkjertelkreft er fortsatt en av de mest komplekse svulstene \u00e5 diagnostisere og behandle, men fremskritt de siste \u00e5rene \u00e5pner for et mer h\u00e5pefullt perspektiv for pasienter. Dette forklares av Dr Enrique de Madaria, en spesialist i ford\u00f8yelsessykdommer ved Quir\u00f3nsalud Torrevieja Hospital og Quir\u00f3nsalud Alicante, som understreker at kombinasjonen av nye bildeteknikker, nye biomark\u00f8rer og m\u00e5lrettede terapier &laquo;begynner \u00e5 endre en sykdom som i lang tid virket ur\u00f8rlig.&raquo;<\/div>\n<div><\/div>\n<div><\/div>\n<div>Bukspyttkjertelkreft utvikler seg n\u00e5r celler i bukspyttkjertelen begynner \u00e5 vokse ukontrollert, vanligvis i den delen som er ansvarlig for \u00e5 produsere ford\u00f8yelsesenzymer. Den vanligste typen er adenokarsinom i bukspyttkjertelen.<\/div>\n<div><\/div>\n<div><\/div>\n<div>En av de st\u00f8rste utfordringene er \u00e5 oppn\u00e5 tidligere diagnose. Fordi bukspyttkjertelen ligger dypt inne i magen, for\u00e5rsaker tidlige svulster sjelden klare symptomer. &laquo;N\u00e5r tegn som magesmerter, vekttap eller gulsott vises, er sykdommen ofte allerede avansert,&raquo; p\u00e5peker Dr. De Madaria. For tiden oppdages nesten 80 % av tilfellene n\u00e5r kirurgi ikke lenger er mulig \u2013 til tross for at det er den eneste behandlingen som potensielt kan kurere sykdommen.<\/div>\n<div><\/div>\n<h2><\/h2>\n<h2><b>Nye verkt\u00f8y for tidlig diagnose av kreft i bukspyttkjertelen<\/b><\/h2>\n<div><\/div>\n<div><\/div>\n<div>Selv om det fortsatt ikke finnes noe effektivt screeningprogram for den generelle befolkningen, gj\u00f8r teknologiske fremskritt det mulig \u00e5 oppdage stadig mindre mistenkelige lesjoner takket v\u00e6re verkt\u00f8y som h\u00f8yoppl\u00f8selige MR-skanninger, endoskopisk ultralyd og avanserte bildeanalysesystemer basert p\u00e5 kunstig intelligens. &laquo;Det er her vi ser et kvalitativt sprang: teknologien skjerper v\u00e5r evne til \u00e5 identifisere begynnende svulster og i noen tilfeller komme symptomene i forkant,&raquo; forklarer spesialisten.<\/div>\n<div><\/div>\n<div><\/div>\n<div>Samtidig unders\u00f8kes nye biomark\u00f8rer som kan revolusjonere tidlig p\u00e5visning, inkludert fragmenter av sirkulerende tumor-DNA, spesifikke metabolitter, og til og med signaler som kan p\u00e5vises i spytt- og avf\u00f8ringspr\u00f8ver &#8211; en forskningslinje som fortsatt er i eksperimentell fase, men spesielt lovende.<\/div>\n<div><\/div>\n<div><\/div>\n<h2><b>En behandlingstiln\u00e6rming som krever et tverrfaglig team<\/b><\/h2>\n<div><\/div>\n<div><\/div>\n<div>H\u00e5ndtering av kreft i bukspyttkjertelen krever tett koordinering mellom gastroenterologer, kirurger, onkologer, radiologer og ern\u00e6ringsfysiologer. Spesialister vurderer hvert enkelt tilfelle i svulstr\u00e5d for \u00e5 bestemme den beste terapeutiske planen.<\/div>\n<div><\/div>\n<div><\/div>\n<div>Kirurgi er fortsatt den eneste potensielt kurative behandlingen, men bare en liten andel av pasientene er kvalifisert for den p\u00e5 diagnosetidspunktet. I noen tilfeller som i utgangspunktet ikke kan brukes, kan nye kjemoterapiregimer krympe svulsten og gj\u00f8re senere kirurgi mulig.<\/div>\n<h2><\/h2>\n<h2><b>Fremskritt i behandlingen av kreft i bukspyttkjertelen<\/b><\/h2>\n<div><\/div>\n<div><\/div>\n<div>De siste \u00e5rene har medisinsk behandling for kreft i bukspyttkjertelen utviklet seg betydelig, noe som har f\u00f8rt til klare forbedringer i overlevelse.<\/div>\n<div><\/div>\n<div><\/div>\n<div>Det viktigste gjennombruddet kommer imidlertid fra personlig medisin. Noen svulster har mutasjoner som tillater bruk av m\u00e5lrettede terapier.<\/div>\n<div><\/div>\n<div><\/div>\n<div>&laquo;Vi er vitne til et paradigmeskifte,&raquo; sier Dr De Madaria. &laquo;I flere ti\u00e5r virket KRAS &#8211; hovedmutasjonen i kreft i bukspyttkjertelen &#8211; ur\u00f8rlig, men medisiner begynner n\u00e5 \u00e5 dukke opp som kan virke p\u00e5 spesifikke mutasjoner som KRAS G12C eller G12D. De f\u00f8rste fors\u00f8kene er lovende.&raquo;<\/div>\n<div><\/div>\n<div><\/div>\n<div>I tillegg er terapier som kan virke mot flere KRAS-varianter allerede i utvikling, noe som kan komme en langt st\u00f8rre andel av pasientene til gode. Forskning utforsker ogs\u00e5 kombinasjoner med immunterapi og andre m\u00e5lrettede behandlinger, med stadig mer robuste forel\u00f8pige resultater.<\/div>\n<div><\/div>\n<div><\/div>\n<div>Selv om kreft i bukspyttkjertelen fortsatt er en stor utfordring, er fremgangen raskere enn noen gang. &laquo;For f\u00f8rste gang ser vi forskning levere ikke bare kunnskap, men virkelige verkt\u00f8y som kan transformere prognose,&raquo; konkluderer Dr Enrique de Madaria. &laquo;Samarbeid mellom sentre og deltakelse i kliniske studier har v\u00e6rt n\u00f8kkelen til \u00e5 \u00e5pne nye d\u00f8rer for v\u00e5re pasienter.&raquo;<\/div>\n<div><\/div>\n<div><\/div>\n<div><strong>Mer informasjon p\u00e5: https:\/\/www.quironsalud.com\/alicante\/es\/cartera-servicios\/unidad-digestiva-endoscopia-avanzada<\/strong><\/div>\n<div><\/div>\n<p>                    <!-- Originally published at https:\/\/euroweeklynews.com\/2025\/11\/28\/therapeutic-advances-usher-in-a-new-era-in-the-fight-against-pancreatic-cancer\/ on 28 Nov 2025 at 12:28 by EWN --><br \/>\n                    <!-- Article End -->\n                <\/div>\n","protected":false},"excerpt":{"rendered":"<p>Tidlig diagnose, tilpassede terapier og nye m\u00e5lrettede legemidler markerer et paradigmeskifte for en av kreftformene<\/p>\n","protected":false},"author":1,"featured_media":12206,"comment_status":"closed","ping_status":"open","sticky":false,"template":"","format":"standard","meta":{"footnotes":""},"categories":[105],"tags":[8022,8023,6275,8021,2370,1141,152,8020],"class_list":["post-12205","post","type-post","status-publish","format-standard","has-post-thumbnail","hentry","category-livsstil","tag-aera","tag-bukspyttkjertelen","tag-fremskritt","tag-innleder","tag-kampen","tag-kreft","tag-mot","tag-terapeutiske","generate-columns","tablet-grid-50","mobile-grid-100","grid-parent","grid-33","resize-featured-image"],"yoast_head":"<!-- This site is optimized with the Yoast SEO plugin v24.4 - https:\/\/yoast.com\/wordpress\/plugins\/seo\/ -->\n<title>Terapeutiske fremskritt innleder en ny \u00e6ra i kampen mot kreft i bukspyttkjertelen - Nordnesrepublikken<\/title>\n<meta name=\"robots\" content=\"index, follow, max-snippet:-1, max-image-preview:large, max-video-preview:-1\" \/>\n<link rel=\"canonical\" href=\"https:\/\/nordnesrepublikken.no\/index.php\/2025\/11\/28\/terapeutiske-fremskritt-innleder-en-ny-aera-i-kampen-mot-kreft-i-bukspyttkjertelen\/\" \/>\n<meta property=\"og:locale\" content=\"nb_NO\" \/>\n<meta property=\"og:type\" content=\"article\" \/>\n<meta property=\"og:title\" content=\"Terapeutiske fremskritt innleder en ny \u00e6ra i kampen mot kreft i bukspyttkjertelen - Nordnesrepublikken\" \/>\n<meta property=\"og:description\" content=\"Tidlig diagnose, tilpassede terapier og nye m\u00e5lrettede legemidler markerer et paradigmeskifte for en av kreftformene\" \/>\n<meta property=\"og:url\" content=\"https:\/\/nordnesrepublikken.no\/index.php\/2025\/11\/28\/terapeutiske-fremskritt-innleder-en-ny-aera-i-kampen-mot-kreft-i-bukspyttkjertelen\/\" \/>\n<meta property=\"og:site_name\" content=\"Nordnesrepublikken\" \/>\n<meta property=\"article:published_time\" content=\"2025-11-28T11:50:56+00:00\" \/>\n<meta property=\"article:modified_time\" content=\"2025-11-28T11:50:57+00:00\" \/>\n<meta property=\"og:image\" content=\"https:\/\/nordnesrepublikken.no\/wp-content\/uploads\/2025\/11\/1764330656_Terapeutiske-fremskritt-innleder-en-ny-aera-i-kampen-mot-kreft.jpg\" \/>\n\t<meta property=\"og:image:width\" content=\"1200\" \/>\n\t<meta property=\"og:image:height\" content=\"800\" \/>\n\t<meta property=\"og:image:type\" content=\"image\/jpeg\" \/>\n<meta name=\"author\" content=\"Ole Andersen\" \/>\n<meta name=\"twitter:card\" content=\"summary_large_image\" \/>\n<meta name=\"twitter:label1\" content=\"Skrevet av\" \/>\n\t<meta name=\"twitter:data1\" content=\"Ole Andersen\" \/>\n\t<meta name=\"twitter:label2\" content=\"Ansl. lesetid\" \/>\n\t<meta name=\"twitter:data2\" content=\"3 minutter\" \/>\n<script type=\"application\/ld+json\" class=\"yoast-schema-graph\">{\"@context\":\"https:\/\/schema.org\",\"@graph\":[{\"@type\":\"Article\",\"@id\":\"https:\/\/nordnesrepublikken.no\/index.php\/2025\/11\/28\/terapeutiske-fremskritt-innleder-en-ny-aera-i-kampen-mot-kreft-i-bukspyttkjertelen\/#article\",\"isPartOf\":{\"@id\":\"https:\/\/nordnesrepublikken.no\/index.php\/2025\/11\/28\/terapeutiske-fremskritt-innleder-en-ny-aera-i-kampen-mot-kreft-i-bukspyttkjertelen\/\"},\"author\":{\"name\":\"Ole Andersen\",\"@id\":\"https:\/\/nordnesrepublikken.no\/#\/schema\/person\/2e7e81935bab77882fffb79296240ff1\"},\"headline\":\"Terapeutiske fremskritt innleder en ny \u00e6ra i kampen mot kreft i bukspyttkjertelen\",\"datePublished\":\"2025-11-28T11:50:56+00:00\",\"dateModified\":\"2025-11-28T11:50:57+00:00\",\"mainEntityOfPage\":{\"@id\":\"https:\/\/nordnesrepublikken.no\/index.php\/2025\/11\/28\/terapeutiske-fremskritt-innleder-en-ny-aera-i-kampen-mot-kreft-i-bukspyttkjertelen\/\"},\"wordCount\":626,\"publisher\":{\"@id\":\"https:\/\/nordnesrepublikken.no\/#organization\"},\"image\":{\"@id\":\"https:\/\/nordnesrepublikken.no\/index.php\/2025\/11\/28\/terapeutiske-fremskritt-innleder-en-ny-aera-i-kampen-mot-kreft-i-bukspyttkjertelen\/#primaryimage\"},\"thumbnailUrl\":\"https:\/\/nordnesrepublikken.no\/wp-content\/uploads\/2025\/11\/1764330656_Terapeutiske-fremskritt-innleder-en-ny-aera-i-kampen-mot-kreft.jpg\",\"keywords\":[\"\u00e6ra\",\"bukspyttkjertelen\",\"fremskritt\",\"innleder\",\"kampen\",\"kreft\",\"mot\",\"Terapeutiske\"],\"articleSection\":[\"Livsstil\"],\"inLanguage\":\"nb-NO\"},{\"@type\":\"WebPage\",\"@id\":\"https:\/\/nordnesrepublikken.no\/index.php\/2025\/11\/28\/terapeutiske-fremskritt-innleder-en-ny-aera-i-kampen-mot-kreft-i-bukspyttkjertelen\/\",\"url\":\"https:\/\/nordnesrepublikken.no\/index.php\/2025\/11\/28\/terapeutiske-fremskritt-innleder-en-ny-aera-i-kampen-mot-kreft-i-bukspyttkjertelen\/\",\"name\":\"Terapeutiske fremskritt innleder en ny \u00e6ra i kampen mot kreft i bukspyttkjertelen - Nordnesrepublikken\",\"isPartOf\":{\"@id\":\"https:\/\/nordnesrepublikken.no\/#website\"},\"primaryImageOfPage\":{\"@id\":\"https:\/\/nordnesrepublikken.no\/index.php\/2025\/11\/28\/terapeutiske-fremskritt-innleder-en-ny-aera-i-kampen-mot-kreft-i-bukspyttkjertelen\/#primaryimage\"},\"image\":{\"@id\":\"https:\/\/nordnesrepublikken.no\/index.php\/2025\/11\/28\/terapeutiske-fremskritt-innleder-en-ny-aera-i-kampen-mot-kreft-i-bukspyttkjertelen\/#primaryimage\"},\"thumbnailUrl\":\"https:\/\/nordnesrepublikken.no\/wp-content\/uploads\/2025\/11\/1764330656_Terapeutiske-fremskritt-innleder-en-ny-aera-i-kampen-mot-kreft.jpg\",\"datePublished\":\"2025-11-28T11:50:56+00:00\",\"dateModified\":\"2025-11-28T11:50:57+00:00\",\"breadcrumb\":{\"@id\":\"https:\/\/nordnesrepublikken.no\/index.php\/2025\/11\/28\/terapeutiske-fremskritt-innleder-en-ny-aera-i-kampen-mot-kreft-i-bukspyttkjertelen\/#breadcrumb\"},\"inLanguage\":\"nb-NO\",\"potentialAction\":[{\"@type\":\"ReadAction\",\"target\":[\"https:\/\/nordnesrepublikken.no\/index.php\/2025\/11\/28\/terapeutiske-fremskritt-innleder-en-ny-aera-i-kampen-mot-kreft-i-bukspyttkjertelen\/\"]}]},{\"@type\":\"ImageObject\",\"inLanguage\":\"nb-NO\",\"@id\":\"https:\/\/nordnesrepublikken.no\/index.php\/2025\/11\/28\/terapeutiske-fremskritt-innleder-en-ny-aera-i-kampen-mot-kreft-i-bukspyttkjertelen\/#primaryimage\",\"url\":\"https:\/\/nordnesrepublikken.no\/wp-content\/uploads\/2025\/11\/1764330656_Terapeutiske-fremskritt-innleder-en-ny-aera-i-kampen-mot-kreft.jpg\",\"contentUrl\":\"https:\/\/nordnesrepublikken.no\/wp-content\/uploads\/2025\/11\/1764330656_Terapeutiske-fremskritt-innleder-en-ny-aera-i-kampen-mot-kreft.jpg\",\"width\":1200,\"height\":800,\"caption\":\"Terapeutiske fremskritt innleder en ny \u00e6ra i kampen mot kreft i bukspyttkjertelen\"},{\"@type\":\"BreadcrumbList\",\"@id\":\"https:\/\/nordnesrepublikken.no\/index.php\/2025\/11\/28\/terapeutiske-fremskritt-innleder-en-ny-aera-i-kampen-mot-kreft-i-bukspyttkjertelen\/#breadcrumb\",\"itemListElement\":[{\"@type\":\"ListItem\",\"position\":1,\"name\":\"Home\",\"item\":\"https:\/\/nordnesrepublikken.no\/\"},{\"@type\":\"ListItem\",\"position\":2,\"name\":\"Terapeutiske fremskritt innleder en ny \u00e6ra i kampen mot kreft i bukspyttkjertelen\"}]},{\"@type\":\"WebSite\",\"@id\":\"https:\/\/nordnesrepublikken.no\/#website\",\"url\":\"https:\/\/nordnesrepublikken.no\/\",\"name\":\"Nordnesrepublikken\",\"description\":\"Stemmer og Visjoner fra Republikkens Hjerte\",\"publisher\":{\"@id\":\"https:\/\/nordnesrepublikken.no\/#organization\"},\"potentialAction\":[{\"@type\":\"SearchAction\",\"target\":{\"@type\":\"EntryPoint\",\"urlTemplate\":\"https:\/\/nordnesrepublikken.no\/?s={search_term_string}\"},\"query-input\":{\"@type\":\"PropertyValueSpecification\",\"valueRequired\":true,\"valueName\":\"search_term_string\"}}],\"inLanguage\":\"nb-NO\"},{\"@type\":\"Organization\",\"@id\":\"https:\/\/nordnesrepublikken.no\/#organization\",\"name\":\"Nordnesrepublikken\",\"url\":\"https:\/\/nordnesrepublikken.no\/\",\"logo\":{\"@type\":\"ImageObject\",\"inLanguage\":\"nb-NO\",\"@id\":\"https:\/\/nordnesrepublikken.no\/#\/schema\/logo\/image\/\",\"url\":\"https:\/\/nordnesrepublikken.no\/wp-content\/uploads\/2025\/02\/cropped-nordnesrepublikken-2.png\",\"contentUrl\":\"https:\/\/nordnesrepublikken.no\/wp-content\/uploads\/2025\/02\/cropped-nordnesrepublikken-2.png\",\"width\":1248,\"height\":362,\"caption\":\"Nordnesrepublikken\"},\"image\":{\"@id\":\"https:\/\/nordnesrepublikken.no\/#\/schema\/logo\/image\/\"}},{\"@type\":\"Person\",\"@id\":\"https:\/\/nordnesrepublikken.no\/#\/schema\/person\/2e7e81935bab77882fffb79296240ff1\",\"name\":\"Ole Andersen\",\"image\":{\"@type\":\"ImageObject\",\"inLanguage\":\"nb-NO\",\"@id\":\"https:\/\/nordnesrepublikken.no\/#\/schema\/person\/image\/\",\"url\":\"https:\/\/nordnesrepublikken.no\/wp-content\/uploads\/2025\/02\/nordnesrepublikken-2-2-150x150.jpg\",\"contentUrl\":\"https:\/\/nordnesrepublikken.no\/wp-content\/uploads\/2025\/02\/nordnesrepublikken-2-2-150x150.jpg\",\"caption\":\"Ole Andersen\"},\"description\":\"Ettersom jeg vokste opp i Oslo, har jeg alltid v\u00e6rt fascinert av ordenes kraft og deres evne til \u00e5 skape endringer. Etter \u00e5 ha fullf\u00f8rt min utdannelse i kommunikasjon ved Universitetet i Bergen, fikk jeg muligheten til \u00e5 jobbe innen ulike medier, der jeg har s\u00f8kt \u00e5 belyse viktige samfunnssp\u00f8rsm\u00e5l. I dag, som redakt\u00f8r for Nordnesrepublikken, pr\u00f8ver jeg \u00e5 forene min kj\u00e6rlighet for journalistikk med min lidenskap for innovasjon og eventyr.\",\"sameAs\":[\"https:\/\/nordnesrepublikken.no\/\"]}]}<\/script>\n<!-- \/ Yoast SEO plugin. -->","yoast_head_json":{"title":"Terapeutiske fremskritt innleder en ny \u00e6ra i kampen mot kreft i bukspyttkjertelen - Nordnesrepublikken","robots":{"index":"index","follow":"follow","max-snippet":"max-snippet:-1","max-image-preview":"max-image-preview:large","max-video-preview":"max-video-preview:-1"},"canonical":"https:\/\/nordnesrepublikken.no\/index.php\/2025\/11\/28\/terapeutiske-fremskritt-innleder-en-ny-aera-i-kampen-mot-kreft-i-bukspyttkjertelen\/","og_locale":"nb_NO","og_type":"article","og_title":"Terapeutiske fremskritt innleder en ny \u00e6ra i kampen mot kreft i bukspyttkjertelen - Nordnesrepublikken","og_description":"Tidlig diagnose, tilpassede terapier og nye m\u00e5lrettede legemidler markerer et paradigmeskifte for en av kreftformene","og_url":"https:\/\/nordnesrepublikken.no\/index.php\/2025\/11\/28\/terapeutiske-fremskritt-innleder-en-ny-aera-i-kampen-mot-kreft-i-bukspyttkjertelen\/","og_site_name":"Nordnesrepublikken","article_published_time":"2025-11-28T11:50:56+00:00","article_modified_time":"2025-11-28T11:50:57+00:00","og_image":[{"width":1200,"height":800,"url":"https:\/\/nordnesrepublikken.no\/wp-content\/uploads\/2025\/11\/1764330656_Terapeutiske-fremskritt-innleder-en-ny-aera-i-kampen-mot-kreft.jpg","type":"image\/jpeg"}],"author":"Ole Andersen","twitter_card":"summary_large_image","twitter_misc":{"Skrevet av":"Ole Andersen","Ansl. lesetid":"3 minutter"},"schema":{"@context":"https:\/\/schema.org","@graph":[{"@type":"Article","@id":"https:\/\/nordnesrepublikken.no\/index.php\/2025\/11\/28\/terapeutiske-fremskritt-innleder-en-ny-aera-i-kampen-mot-kreft-i-bukspyttkjertelen\/#article","isPartOf":{"@id":"https:\/\/nordnesrepublikken.no\/index.php\/2025\/11\/28\/terapeutiske-fremskritt-innleder-en-ny-aera-i-kampen-mot-kreft-i-bukspyttkjertelen\/"},"author":{"name":"Ole Andersen","@id":"https:\/\/nordnesrepublikken.no\/#\/schema\/person\/2e7e81935bab77882fffb79296240ff1"},"headline":"Terapeutiske fremskritt innleder en ny \u00e6ra i kampen mot kreft i bukspyttkjertelen","datePublished":"2025-11-28T11:50:56+00:00","dateModified":"2025-11-28T11:50:57+00:00","mainEntityOfPage":{"@id":"https:\/\/nordnesrepublikken.no\/index.php\/2025\/11\/28\/terapeutiske-fremskritt-innleder-en-ny-aera-i-kampen-mot-kreft-i-bukspyttkjertelen\/"},"wordCount":626,"publisher":{"@id":"https:\/\/nordnesrepublikken.no\/#organization"},"image":{"@id":"https:\/\/nordnesrepublikken.no\/index.php\/2025\/11\/28\/terapeutiske-fremskritt-innleder-en-ny-aera-i-kampen-mot-kreft-i-bukspyttkjertelen\/#primaryimage"},"thumbnailUrl":"https:\/\/nordnesrepublikken.no\/wp-content\/uploads\/2025\/11\/1764330656_Terapeutiske-fremskritt-innleder-en-ny-aera-i-kampen-mot-kreft.jpg","keywords":["\u00e6ra","bukspyttkjertelen","fremskritt","innleder","kampen","kreft","mot","Terapeutiske"],"articleSection":["Livsstil"],"inLanguage":"nb-NO"},{"@type":"WebPage","@id":"https:\/\/nordnesrepublikken.no\/index.php\/2025\/11\/28\/terapeutiske-fremskritt-innleder-en-ny-aera-i-kampen-mot-kreft-i-bukspyttkjertelen\/","url":"https:\/\/nordnesrepublikken.no\/index.php\/2025\/11\/28\/terapeutiske-fremskritt-innleder-en-ny-aera-i-kampen-mot-kreft-i-bukspyttkjertelen\/","name":"Terapeutiske fremskritt innleder en ny \u00e6ra i kampen mot kreft i bukspyttkjertelen - Nordnesrepublikken","isPartOf":{"@id":"https:\/\/nordnesrepublikken.no\/#website"},"primaryImageOfPage":{"@id":"https:\/\/nordnesrepublikken.no\/index.php\/2025\/11\/28\/terapeutiske-fremskritt-innleder-en-ny-aera-i-kampen-mot-kreft-i-bukspyttkjertelen\/#primaryimage"},"image":{"@id":"https:\/\/nordnesrepublikken.no\/index.php\/2025\/11\/28\/terapeutiske-fremskritt-innleder-en-ny-aera-i-kampen-mot-kreft-i-bukspyttkjertelen\/#primaryimage"},"thumbnailUrl":"https:\/\/nordnesrepublikken.no\/wp-content\/uploads\/2025\/11\/1764330656_Terapeutiske-fremskritt-innleder-en-ny-aera-i-kampen-mot-kreft.jpg","datePublished":"2025-11-28T11:50:56+00:00","dateModified":"2025-11-28T11:50:57+00:00","breadcrumb":{"@id":"https:\/\/nordnesrepublikken.no\/index.php\/2025\/11\/28\/terapeutiske-fremskritt-innleder-en-ny-aera-i-kampen-mot-kreft-i-bukspyttkjertelen\/#breadcrumb"},"inLanguage":"nb-NO","potentialAction":[{"@type":"ReadAction","target":["https:\/\/nordnesrepublikken.no\/index.php\/2025\/11\/28\/terapeutiske-fremskritt-innleder-en-ny-aera-i-kampen-mot-kreft-i-bukspyttkjertelen\/"]}]},{"@type":"ImageObject","inLanguage":"nb-NO","@id":"https:\/\/nordnesrepublikken.no\/index.php\/2025\/11\/28\/terapeutiske-fremskritt-innleder-en-ny-aera-i-kampen-mot-kreft-i-bukspyttkjertelen\/#primaryimage","url":"https:\/\/nordnesrepublikken.no\/wp-content\/uploads\/2025\/11\/1764330656_Terapeutiske-fremskritt-innleder-en-ny-aera-i-kampen-mot-kreft.jpg","contentUrl":"https:\/\/nordnesrepublikken.no\/wp-content\/uploads\/2025\/11\/1764330656_Terapeutiske-fremskritt-innleder-en-ny-aera-i-kampen-mot-kreft.jpg","width":1200,"height":800,"caption":"Terapeutiske fremskritt innleder en ny \u00e6ra i kampen mot kreft i bukspyttkjertelen"},{"@type":"BreadcrumbList","@id":"https:\/\/nordnesrepublikken.no\/index.php\/2025\/11\/28\/terapeutiske-fremskritt-innleder-en-ny-aera-i-kampen-mot-kreft-i-bukspyttkjertelen\/#breadcrumb","itemListElement":[{"@type":"ListItem","position":1,"name":"Home","item":"https:\/\/nordnesrepublikken.no\/"},{"@type":"ListItem","position":2,"name":"Terapeutiske fremskritt innleder en ny \u00e6ra i kampen mot kreft i bukspyttkjertelen"}]},{"@type":"WebSite","@id":"https:\/\/nordnesrepublikken.no\/#website","url":"https:\/\/nordnesrepublikken.no\/","name":"Nordnesrepublikken","description":"Stemmer og Visjoner fra Republikkens Hjerte","publisher":{"@id":"https:\/\/nordnesrepublikken.no\/#organization"},"potentialAction":[{"@type":"SearchAction","target":{"@type":"EntryPoint","urlTemplate":"https:\/\/nordnesrepublikken.no\/?s={search_term_string}"},"query-input":{"@type":"PropertyValueSpecification","valueRequired":true,"valueName":"search_term_string"}}],"inLanguage":"nb-NO"},{"@type":"Organization","@id":"https:\/\/nordnesrepublikken.no\/#organization","name":"Nordnesrepublikken","url":"https:\/\/nordnesrepublikken.no\/","logo":{"@type":"ImageObject","inLanguage":"nb-NO","@id":"https:\/\/nordnesrepublikken.no\/#\/schema\/logo\/image\/","url":"https:\/\/nordnesrepublikken.no\/wp-content\/uploads\/2025\/02\/cropped-nordnesrepublikken-2.png","contentUrl":"https:\/\/nordnesrepublikken.no\/wp-content\/uploads\/2025\/02\/cropped-nordnesrepublikken-2.png","width":1248,"height":362,"caption":"Nordnesrepublikken"},"image":{"@id":"https:\/\/nordnesrepublikken.no\/#\/schema\/logo\/image\/"}},{"@type":"Person","@id":"https:\/\/nordnesrepublikken.no\/#\/schema\/person\/2e7e81935bab77882fffb79296240ff1","name":"Ole Andersen","image":{"@type":"ImageObject","inLanguage":"nb-NO","@id":"https:\/\/nordnesrepublikken.no\/#\/schema\/person\/image\/","url":"https:\/\/nordnesrepublikken.no\/wp-content\/uploads\/2025\/02\/nordnesrepublikken-2-2-150x150.jpg","contentUrl":"https:\/\/nordnesrepublikken.no\/wp-content\/uploads\/2025\/02\/nordnesrepublikken-2-2-150x150.jpg","caption":"Ole Andersen"},"description":"Ettersom jeg vokste opp i Oslo, har jeg alltid v\u00e6rt fascinert av ordenes kraft og deres evne til \u00e5 skape endringer. Etter \u00e5 ha fullf\u00f8rt min utdannelse i kommunikasjon ved Universitetet i Bergen, fikk jeg muligheten til \u00e5 jobbe innen ulike medier, der jeg har s\u00f8kt \u00e5 belyse viktige samfunnssp\u00f8rsm\u00e5l. I dag, som redakt\u00f8r for Nordnesrepublikken, pr\u00f8ver jeg \u00e5 forene min kj\u00e6rlighet for journalistikk med min lidenskap for innovasjon og eventyr.","sameAs":["https:\/\/nordnesrepublikken.no\/"]}]}},"_links":{"self":[{"href":"https:\/\/nordnesrepublikken.no\/index.php\/wp-json\/wp\/v2\/posts\/12205","targetHints":{"allow":["GET"]}}],"collection":[{"href":"https:\/\/nordnesrepublikken.no\/index.php\/wp-json\/wp\/v2\/posts"}],"about":[{"href":"https:\/\/nordnesrepublikken.no\/index.php\/wp-json\/wp\/v2\/types\/post"}],"author":[{"embeddable":true,"href":"https:\/\/nordnesrepublikken.no\/index.php\/wp-json\/wp\/v2\/users\/1"}],"replies":[{"embeddable":true,"href":"https:\/\/nordnesrepublikken.no\/index.php\/wp-json\/wp\/v2\/comments?post=12205"}],"version-history":[{"count":1,"href":"https:\/\/nordnesrepublikken.no\/index.php\/wp-json\/wp\/v2\/posts\/12205\/revisions"}],"predecessor-version":[{"id":12207,"href":"https:\/\/nordnesrepublikken.no\/index.php\/wp-json\/wp\/v2\/posts\/12205\/revisions\/12207"}],"wp:featuredmedia":[{"embeddable":true,"href":"https:\/\/nordnesrepublikken.no\/index.php\/wp-json\/wp\/v2\/media\/12206"}],"wp:attachment":[{"href":"https:\/\/nordnesrepublikken.no\/index.php\/wp-json\/wp\/v2\/media?parent=12205"}],"wp:term":[{"taxonomy":"category","embeddable":true,"href":"https:\/\/nordnesrepublikken.no\/index.php\/wp-json\/wp\/v2\/categories?post=12205"},{"taxonomy":"post_tag","embeddable":true,"href":"https:\/\/nordnesrepublikken.no\/index.php\/wp-json\/wp\/v2\/tags?post=12205"}],"curies":[{"name":"wp","href":"https:\/\/api.w.org\/{rel}","templated":true}]}}