{"id":12202,"date":"2025-11-28T08:50:39","date_gmt":"2025-11-28T07:50:39","guid":{"rendered":"https:\/\/nordnesrepublikken.no\/index.php\/2025\/11\/28\/tid-og-kommuner-der-alarmen-gar\/"},"modified":"2025-11-28T08:50:41","modified_gmt":"2025-11-28T07:50:41","slug":"tid-og-kommuner-der-alarmen-gar","status":"publish","type":"post","link":"https:\/\/nordnesrepublikken.no\/index.php\/2025\/11\/28\/tid-og-kommuner-der-alarmen-gar\/","title":{"rendered":"tid og kommuner der alarmen g\u00e5r"},"content":{"rendered":"<div>\n<div class=\"cp_wrapper cp_wrapper--fw mb-30 mb-20@tablet\">\n<figure class=\"mm\"><picture class=\"img\" style=\"padding-top:56.25%\"><source  media=\"(min-width: 1024px)\"><source  media=\"(min-width: 768px)\"><\/source><\/source><\/picture><\/figure>\n<\/p><\/div>\n<p>I dag<strong> 28. november<\/strong> en ny pr\u00f8ve vil bli avholdt<strong> IT-varsel<\/strong>: etter Umbria og Veneto vil det offentlige alarmsystemet bli testet i Lombardia for den spesifikke risikoen for &laquo;<strong>stor industriulykke<\/strong>\u201d, som involverer anlegget <strong>Bracco Imaging SpA <\/strong>av Ceriano Laghetto (MB). Klokken 09:00 er alle enheter innenfor i <strong>3 km<\/strong> fra anlegget, underlagt <strong>Seveso-direktivet<\/strong>vil de motta en melding.<\/p>\n<p>M\u00e5let med disse simuleringene er \u00e5 verifisere riktig <strong>operasjon<\/strong> av systemet, identifisere parametrene som skal optimaliseres for \u00e5 forbedre effektiviteten.<\/p>\n<p>Som alltid vil testen inkludere innlevering av <strong>tekst- og lydvarsler<\/strong> til alle mobiltelefoner som er koblet til mobiltelefoner i de aktuelle omr\u00e5dene, selv i mangel av internettforbindelse. For \u00f8yeblikket blir det nasjonale offentlige varslingssystemet, offisielt aktivt siden 2024, fortsatt testet for tre spesifikke risikoer: tsunamier, vulkansk aktivitet av Stromboli og intens nedb\u00f8r.<\/p>\n<h2>Hvor og n\u00e5r IT-Alert-testen lyder i Lombardia<\/h2>\n<p>Testen av <strong>28. november 2025<\/strong> vil p\u00e5virke en del av provinsen Monza Brianza, i Lombardia: den spesifikke risikoen som simuleres er den for en &laquo;betydelig industriulykke&raquo;. Spesielt inkluderer kalenderen:<\/p>\n<p><strong>09:00 \u2013 <\/strong>IT-Alert test, simulert stor industriulykke ved anlegget <strong>Bracco Imaging SpA <\/strong>av Ceriano Laghetto (MB), et anlegg underlagt Seveso-direktivet.<\/p>\n<p>Teksten i popup-vinduet, sendt til den som er der <strong>innenfor en radius p\u00e5 3 km fra fabrikken<\/strong>vil v\u00e6re som f\u00f8lger:<\/p>\n<blockquote>\n<p>TEST TEST IT-varsling testmelding. EN SIMULERING av en ulykke p\u00e5g\u00e5r i et industrianlegg i omr\u00e5det der du befinner deg. For \u00e5 finne ut meldingen du vil motta i tilfelle reell fare og for \u00e5 fylle ut sp\u00f8rreskjemaet, g\u00e5 til www.it-alert.gov.it TEST TEST<\/p>\n<\/blockquote>\n<h2>Hva du skal gj\u00f8re n\u00e5r alarmmeldingen kommer p\u00e5 mobiltelefonen din<\/h2>\n<p>Simuleringen i Lombardia best\u00e5r i \u00e5 sende en <strong>tekstvarsling og en h\u00f8rbar alarm<\/strong> til alle smarttelefoner som er sl\u00e5tt p\u00e5 og koblet til cellene som dekker omr\u00e5dene som er ber\u00f8rt av de spesifikke risikoene som simuleres. Siden dette er en test, n\u00e5r simuleringsmeldingen er mottatt <strong>du trenger ikke \u00e5 gj\u00f8re noe<\/strong>: IT-varslingssystemet s\u00f8rger faktisk ikke for interaksjon med meldingene.<\/p>\n<p>De involverte innbyggerne vil imidlertid kunne velge \u00e5 fylle ut en <strong>offisielt sp\u00f8rreskjema<\/strong> (ikke obligatorisk) for \u00e5 gi en <strong>tilbakemelding<\/strong> om hvordan systemet fungerer, kommunisere om varselet er mottatt eller ikke og sikre effektiviteten av kommunikasjonsflytene i fremtiden.<\/p>\n<\/p><\/div>\n","protected":false},"excerpt":{"rendered":"<p>I dag 28. november en ny pr\u00f8ve vil bli avholdt IT-varsel: etter Umbria og Veneto<\/p>\n","protected":false},"author":1,"featured_media":12203,"comment_status":"closed","ping_status":"open","sticky":false,"template":"","format":"standard","meta":{"footnotes":""},"categories":[25],"tags":[5119,490,300,440,636],"class_list":["post-12202","post","type-post","status-publish","format-standard","has-post-thumbnail","hentry","category-teknologi","tag-alarmen","tag-der","tag-gar","tag-kommuner","tag-tid","generate-columns","tablet-grid-50","mobile-grid-100","grid-parent","grid-33","resize-featured-image"],"yoast_head":"<!-- This site is optimized with the Yoast SEO plugin v24.4 - https:\/\/yoast.com\/wordpress\/plugins\/seo\/ -->\n<title>tid og kommuner der alarmen g\u00e5r - Nordnesrepublikken<\/title>\n<meta name=\"robots\" content=\"index, follow, max-snippet:-1, max-image-preview:large, max-video-preview:-1\" \/>\n<link rel=\"canonical\" href=\"https:\/\/nordnesrepublikken.no\/index.php\/2025\/11\/28\/tid-og-kommuner-der-alarmen-gar\/\" \/>\n<meta property=\"og:locale\" content=\"nb_NO\" \/>\n<meta property=\"og:type\" content=\"article\" \/>\n<meta property=\"og:title\" content=\"tid og kommuner der alarmen g\u00e5r - Nordnesrepublikken\" \/>\n<meta property=\"og:description\" content=\"I dag 28. november en ny pr\u00f8ve vil bli avholdt IT-varsel: etter Umbria og Veneto\" \/>\n<meta property=\"og:url\" content=\"https:\/\/nordnesrepublikken.no\/index.php\/2025\/11\/28\/tid-og-kommuner-der-alarmen-gar\/\" \/>\n<meta property=\"og:site_name\" content=\"Nordnesrepublikken\" \/>\n<meta property=\"article:published_time\" content=\"2025-11-28T07:50:39+00:00\" \/>\n<meta property=\"article:modified_time\" content=\"2025-11-28T07:50:41+00:00\" \/>\n<meta property=\"og:image\" content=\"https:\/\/nordnesrepublikken.no\/wp-content\/uploads\/2025\/11\/1764316239_tid-og-kommuner-der-alarmen-gar.jpg\" \/>\n\t<meta property=\"og:image:width\" content=\"1376\" \/>\n\t<meta property=\"og:image:height\" content=\"768\" \/>\n\t<meta property=\"og:image:type\" content=\"image\/jpeg\" \/>\n<meta name=\"author\" content=\"Ole Andersen\" \/>\n<meta name=\"twitter:card\" content=\"summary_large_image\" \/>\n<meta name=\"twitter:label1\" content=\"Skrevet av\" \/>\n\t<meta name=\"twitter:data1\" content=\"Ole Andersen\" \/>\n\t<meta name=\"twitter:label2\" content=\"Ansl. lesetid\" \/>\n\t<meta name=\"twitter:data2\" content=\"2 minutter\" \/>\n<script type=\"application\/ld+json\" class=\"yoast-schema-graph\">{\"@context\":\"https:\/\/schema.org\",\"@graph\":[{\"@type\":\"Article\",\"@id\":\"https:\/\/nordnesrepublikken.no\/index.php\/2025\/11\/28\/tid-og-kommuner-der-alarmen-gar\/#article\",\"isPartOf\":{\"@id\":\"https:\/\/nordnesrepublikken.no\/index.php\/2025\/11\/28\/tid-og-kommuner-der-alarmen-gar\/\"},\"author\":{\"name\":\"Ole Andersen\",\"@id\":\"https:\/\/nordnesrepublikken.no\/#\/schema\/person\/2e7e81935bab77882fffb79296240ff1\"},\"headline\":\"tid og kommuner der alarmen g\u00e5r\",\"datePublished\":\"2025-11-28T07:50:39+00:00\",\"dateModified\":\"2025-11-28T07:50:41+00:00\",\"mainEntityOfPage\":{\"@id\":\"https:\/\/nordnesrepublikken.no\/index.php\/2025\/11\/28\/tid-og-kommuner-der-alarmen-gar\/\"},\"wordCount\":370,\"publisher\":{\"@id\":\"https:\/\/nordnesrepublikken.no\/#organization\"},\"image\":{\"@id\":\"https:\/\/nordnesrepublikken.no\/index.php\/2025\/11\/28\/tid-og-kommuner-der-alarmen-gar\/#primaryimage\"},\"thumbnailUrl\":\"https:\/\/nordnesrepublikken.no\/wp-content\/uploads\/2025\/11\/1764316239_tid-og-kommuner-der-alarmen-gar.jpg\",\"keywords\":[\"alarmen\",\"der\",\"g\u00e5r\",\"kommuner\",\"tid\"],\"articleSection\":[\"Teknologi\"],\"inLanguage\":\"nb-NO\"},{\"@type\":\"WebPage\",\"@id\":\"https:\/\/nordnesrepublikken.no\/index.php\/2025\/11\/28\/tid-og-kommuner-der-alarmen-gar\/\",\"url\":\"https:\/\/nordnesrepublikken.no\/index.php\/2025\/11\/28\/tid-og-kommuner-der-alarmen-gar\/\",\"name\":\"tid og kommuner der alarmen g\u00e5r - Nordnesrepublikken\",\"isPartOf\":{\"@id\":\"https:\/\/nordnesrepublikken.no\/#website\"},\"primaryImageOfPage\":{\"@id\":\"https:\/\/nordnesrepublikken.no\/index.php\/2025\/11\/28\/tid-og-kommuner-der-alarmen-gar\/#primaryimage\"},\"image\":{\"@id\":\"https:\/\/nordnesrepublikken.no\/index.php\/2025\/11\/28\/tid-og-kommuner-der-alarmen-gar\/#primaryimage\"},\"thumbnailUrl\":\"https:\/\/nordnesrepublikken.no\/wp-content\/uploads\/2025\/11\/1764316239_tid-og-kommuner-der-alarmen-gar.jpg\",\"datePublished\":\"2025-11-28T07:50:39+00:00\",\"dateModified\":\"2025-11-28T07:50:41+00:00\",\"breadcrumb\":{\"@id\":\"https:\/\/nordnesrepublikken.no\/index.php\/2025\/11\/28\/tid-og-kommuner-der-alarmen-gar\/#breadcrumb\"},\"inLanguage\":\"nb-NO\",\"potentialAction\":[{\"@type\":\"ReadAction\",\"target\":[\"https:\/\/nordnesrepublikken.no\/index.php\/2025\/11\/28\/tid-og-kommuner-der-alarmen-gar\/\"]}]},{\"@type\":\"ImageObject\",\"inLanguage\":\"nb-NO\",\"@id\":\"https:\/\/nordnesrepublikken.no\/index.php\/2025\/11\/28\/tid-og-kommuner-der-alarmen-gar\/#primaryimage\",\"url\":\"https:\/\/nordnesrepublikken.no\/wp-content\/uploads\/2025\/11\/1764316239_tid-og-kommuner-der-alarmen-gar.jpg\",\"contentUrl\":\"https:\/\/nordnesrepublikken.no\/wp-content\/uploads\/2025\/11\/1764316239_tid-og-kommuner-der-alarmen-gar.jpg\",\"width\":1376,\"height\":768,\"caption\":\"tid og kommuner der alarmen g\u00e5r\"},{\"@type\":\"BreadcrumbList\",\"@id\":\"https:\/\/nordnesrepublikken.no\/index.php\/2025\/11\/28\/tid-og-kommuner-der-alarmen-gar\/#breadcrumb\",\"itemListElement\":[{\"@type\":\"ListItem\",\"position\":1,\"name\":\"Home\",\"item\":\"https:\/\/nordnesrepublikken.no\/\"},{\"@type\":\"ListItem\",\"position\":2,\"name\":\"tid og kommuner der alarmen g\u00e5r\"}]},{\"@type\":\"WebSite\",\"@id\":\"https:\/\/nordnesrepublikken.no\/#website\",\"url\":\"https:\/\/nordnesrepublikken.no\/\",\"name\":\"Nordnesrepublikken\",\"description\":\"Stemmer og Visjoner fra Republikkens Hjerte\",\"publisher\":{\"@id\":\"https:\/\/nordnesrepublikken.no\/#organization\"},\"potentialAction\":[{\"@type\":\"SearchAction\",\"target\":{\"@type\":\"EntryPoint\",\"urlTemplate\":\"https:\/\/nordnesrepublikken.no\/?s={search_term_string}\"},\"query-input\":{\"@type\":\"PropertyValueSpecification\",\"valueRequired\":true,\"valueName\":\"search_term_string\"}}],\"inLanguage\":\"nb-NO\"},{\"@type\":\"Organization\",\"@id\":\"https:\/\/nordnesrepublikken.no\/#organization\",\"name\":\"Nordnesrepublikken\",\"url\":\"https:\/\/nordnesrepublikken.no\/\",\"logo\":{\"@type\":\"ImageObject\",\"inLanguage\":\"nb-NO\",\"@id\":\"https:\/\/nordnesrepublikken.no\/#\/schema\/logo\/image\/\",\"url\":\"https:\/\/nordnesrepublikken.no\/wp-content\/uploads\/2025\/02\/cropped-nordnesrepublikken-2.png\",\"contentUrl\":\"https:\/\/nordnesrepublikken.no\/wp-content\/uploads\/2025\/02\/cropped-nordnesrepublikken-2.png\",\"width\":1248,\"height\":362,\"caption\":\"Nordnesrepublikken\"},\"image\":{\"@id\":\"https:\/\/nordnesrepublikken.no\/#\/schema\/logo\/image\/\"}},{\"@type\":\"Person\",\"@id\":\"https:\/\/nordnesrepublikken.no\/#\/schema\/person\/2e7e81935bab77882fffb79296240ff1\",\"name\":\"Ole Andersen\",\"image\":{\"@type\":\"ImageObject\",\"inLanguage\":\"nb-NO\",\"@id\":\"https:\/\/nordnesrepublikken.no\/#\/schema\/person\/image\/\",\"url\":\"https:\/\/nordnesrepublikken.no\/wp-content\/uploads\/2025\/02\/nordnesrepublikken-2-2-150x150.jpg\",\"contentUrl\":\"https:\/\/nordnesrepublikken.no\/wp-content\/uploads\/2025\/02\/nordnesrepublikken-2-2-150x150.jpg\",\"caption\":\"Ole Andersen\"},\"description\":\"Ettersom jeg vokste opp i Oslo, har jeg alltid v\u00e6rt fascinert av ordenes kraft og deres evne til \u00e5 skape endringer. Etter \u00e5 ha fullf\u00f8rt min utdannelse i kommunikasjon ved Universitetet i Bergen, fikk jeg muligheten til \u00e5 jobbe innen ulike medier, der jeg har s\u00f8kt \u00e5 belyse viktige samfunnssp\u00f8rsm\u00e5l. I dag, som redakt\u00f8r for Nordnesrepublikken, pr\u00f8ver jeg \u00e5 forene min kj\u00e6rlighet for journalistikk med min lidenskap for innovasjon og eventyr.\",\"sameAs\":[\"https:\/\/nordnesrepublikken.no\/\"]}]}<\/script>\n<!-- \/ Yoast SEO plugin. -->","yoast_head_json":{"title":"tid og kommuner der alarmen g\u00e5r - Nordnesrepublikken","robots":{"index":"index","follow":"follow","max-snippet":"max-snippet:-1","max-image-preview":"max-image-preview:large","max-video-preview":"max-video-preview:-1"},"canonical":"https:\/\/nordnesrepublikken.no\/index.php\/2025\/11\/28\/tid-og-kommuner-der-alarmen-gar\/","og_locale":"nb_NO","og_type":"article","og_title":"tid og kommuner der alarmen g\u00e5r - Nordnesrepublikken","og_description":"I dag 28. november en ny pr\u00f8ve vil bli avholdt IT-varsel: etter Umbria og Veneto","og_url":"https:\/\/nordnesrepublikken.no\/index.php\/2025\/11\/28\/tid-og-kommuner-der-alarmen-gar\/","og_site_name":"Nordnesrepublikken","article_published_time":"2025-11-28T07:50:39+00:00","article_modified_time":"2025-11-28T07:50:41+00:00","og_image":[{"width":1376,"height":768,"url":"https:\/\/nordnesrepublikken.no\/wp-content\/uploads\/2025\/11\/1764316239_tid-og-kommuner-der-alarmen-gar.jpg","type":"image\/jpeg"}],"author":"Ole Andersen","twitter_card":"summary_large_image","twitter_misc":{"Skrevet av":"Ole Andersen","Ansl. lesetid":"2 minutter"},"schema":{"@context":"https:\/\/schema.org","@graph":[{"@type":"Article","@id":"https:\/\/nordnesrepublikken.no\/index.php\/2025\/11\/28\/tid-og-kommuner-der-alarmen-gar\/#article","isPartOf":{"@id":"https:\/\/nordnesrepublikken.no\/index.php\/2025\/11\/28\/tid-og-kommuner-der-alarmen-gar\/"},"author":{"name":"Ole Andersen","@id":"https:\/\/nordnesrepublikken.no\/#\/schema\/person\/2e7e81935bab77882fffb79296240ff1"},"headline":"tid og kommuner der alarmen g\u00e5r","datePublished":"2025-11-28T07:50:39+00:00","dateModified":"2025-11-28T07:50:41+00:00","mainEntityOfPage":{"@id":"https:\/\/nordnesrepublikken.no\/index.php\/2025\/11\/28\/tid-og-kommuner-der-alarmen-gar\/"},"wordCount":370,"publisher":{"@id":"https:\/\/nordnesrepublikken.no\/#organization"},"image":{"@id":"https:\/\/nordnesrepublikken.no\/index.php\/2025\/11\/28\/tid-og-kommuner-der-alarmen-gar\/#primaryimage"},"thumbnailUrl":"https:\/\/nordnesrepublikken.no\/wp-content\/uploads\/2025\/11\/1764316239_tid-og-kommuner-der-alarmen-gar.jpg","keywords":["alarmen","der","g\u00e5r","kommuner","tid"],"articleSection":["Teknologi"],"inLanguage":"nb-NO"},{"@type":"WebPage","@id":"https:\/\/nordnesrepublikken.no\/index.php\/2025\/11\/28\/tid-og-kommuner-der-alarmen-gar\/","url":"https:\/\/nordnesrepublikken.no\/index.php\/2025\/11\/28\/tid-og-kommuner-der-alarmen-gar\/","name":"tid og kommuner der alarmen g\u00e5r - Nordnesrepublikken","isPartOf":{"@id":"https:\/\/nordnesrepublikken.no\/#website"},"primaryImageOfPage":{"@id":"https:\/\/nordnesrepublikken.no\/index.php\/2025\/11\/28\/tid-og-kommuner-der-alarmen-gar\/#primaryimage"},"image":{"@id":"https:\/\/nordnesrepublikken.no\/index.php\/2025\/11\/28\/tid-og-kommuner-der-alarmen-gar\/#primaryimage"},"thumbnailUrl":"https:\/\/nordnesrepublikken.no\/wp-content\/uploads\/2025\/11\/1764316239_tid-og-kommuner-der-alarmen-gar.jpg","datePublished":"2025-11-28T07:50:39+00:00","dateModified":"2025-11-28T07:50:41+00:00","breadcrumb":{"@id":"https:\/\/nordnesrepublikken.no\/index.php\/2025\/11\/28\/tid-og-kommuner-der-alarmen-gar\/#breadcrumb"},"inLanguage":"nb-NO","potentialAction":[{"@type":"ReadAction","target":["https:\/\/nordnesrepublikken.no\/index.php\/2025\/11\/28\/tid-og-kommuner-der-alarmen-gar\/"]}]},{"@type":"ImageObject","inLanguage":"nb-NO","@id":"https:\/\/nordnesrepublikken.no\/index.php\/2025\/11\/28\/tid-og-kommuner-der-alarmen-gar\/#primaryimage","url":"https:\/\/nordnesrepublikken.no\/wp-content\/uploads\/2025\/11\/1764316239_tid-og-kommuner-der-alarmen-gar.jpg","contentUrl":"https:\/\/nordnesrepublikken.no\/wp-content\/uploads\/2025\/11\/1764316239_tid-og-kommuner-der-alarmen-gar.jpg","width":1376,"height":768,"caption":"tid og kommuner der alarmen g\u00e5r"},{"@type":"BreadcrumbList","@id":"https:\/\/nordnesrepublikken.no\/index.php\/2025\/11\/28\/tid-og-kommuner-der-alarmen-gar\/#breadcrumb","itemListElement":[{"@type":"ListItem","position":1,"name":"Home","item":"https:\/\/nordnesrepublikken.no\/"},{"@type":"ListItem","position":2,"name":"tid og kommuner der alarmen g\u00e5r"}]},{"@type":"WebSite","@id":"https:\/\/nordnesrepublikken.no\/#website","url":"https:\/\/nordnesrepublikken.no\/","name":"Nordnesrepublikken","description":"Stemmer og Visjoner fra Republikkens Hjerte","publisher":{"@id":"https:\/\/nordnesrepublikken.no\/#organization"},"potentialAction":[{"@type":"SearchAction","target":{"@type":"EntryPoint","urlTemplate":"https:\/\/nordnesrepublikken.no\/?s={search_term_string}"},"query-input":{"@type":"PropertyValueSpecification","valueRequired":true,"valueName":"search_term_string"}}],"inLanguage":"nb-NO"},{"@type":"Organization","@id":"https:\/\/nordnesrepublikken.no\/#organization","name":"Nordnesrepublikken","url":"https:\/\/nordnesrepublikken.no\/","logo":{"@type":"ImageObject","inLanguage":"nb-NO","@id":"https:\/\/nordnesrepublikken.no\/#\/schema\/logo\/image\/","url":"https:\/\/nordnesrepublikken.no\/wp-content\/uploads\/2025\/02\/cropped-nordnesrepublikken-2.png","contentUrl":"https:\/\/nordnesrepublikken.no\/wp-content\/uploads\/2025\/02\/cropped-nordnesrepublikken-2.png","width":1248,"height":362,"caption":"Nordnesrepublikken"},"image":{"@id":"https:\/\/nordnesrepublikken.no\/#\/schema\/logo\/image\/"}},{"@type":"Person","@id":"https:\/\/nordnesrepublikken.no\/#\/schema\/person\/2e7e81935bab77882fffb79296240ff1","name":"Ole Andersen","image":{"@type":"ImageObject","inLanguage":"nb-NO","@id":"https:\/\/nordnesrepublikken.no\/#\/schema\/person\/image\/","url":"https:\/\/nordnesrepublikken.no\/wp-content\/uploads\/2025\/02\/nordnesrepublikken-2-2-150x150.jpg","contentUrl":"https:\/\/nordnesrepublikken.no\/wp-content\/uploads\/2025\/02\/nordnesrepublikken-2-2-150x150.jpg","caption":"Ole Andersen"},"description":"Ettersom jeg vokste opp i Oslo, har jeg alltid v\u00e6rt fascinert av ordenes kraft og deres evne til \u00e5 skape endringer. Etter \u00e5 ha fullf\u00f8rt min utdannelse i kommunikasjon ved Universitetet i Bergen, fikk jeg muligheten til \u00e5 jobbe innen ulike medier, der jeg har s\u00f8kt \u00e5 belyse viktige samfunnssp\u00f8rsm\u00e5l. I dag, som redakt\u00f8r for Nordnesrepublikken, pr\u00f8ver jeg \u00e5 forene min kj\u00e6rlighet for journalistikk med min lidenskap for innovasjon og eventyr.","sameAs":["https:\/\/nordnesrepublikken.no\/"]}]}},"_links":{"self":[{"href":"https:\/\/nordnesrepublikken.no\/index.php\/wp-json\/wp\/v2\/posts\/12202","targetHints":{"allow":["GET"]}}],"collection":[{"href":"https:\/\/nordnesrepublikken.no\/index.php\/wp-json\/wp\/v2\/posts"}],"about":[{"href":"https:\/\/nordnesrepublikken.no\/index.php\/wp-json\/wp\/v2\/types\/post"}],"author":[{"embeddable":true,"href":"https:\/\/nordnesrepublikken.no\/index.php\/wp-json\/wp\/v2\/users\/1"}],"replies":[{"embeddable":true,"href":"https:\/\/nordnesrepublikken.no\/index.php\/wp-json\/wp\/v2\/comments?post=12202"}],"version-history":[{"count":1,"href":"https:\/\/nordnesrepublikken.no\/index.php\/wp-json\/wp\/v2\/posts\/12202\/revisions"}],"predecessor-version":[{"id":12204,"href":"https:\/\/nordnesrepublikken.no\/index.php\/wp-json\/wp\/v2\/posts\/12202\/revisions\/12204"}],"wp:featuredmedia":[{"embeddable":true,"href":"https:\/\/nordnesrepublikken.no\/index.php\/wp-json\/wp\/v2\/media\/12203"}],"wp:attachment":[{"href":"https:\/\/nordnesrepublikken.no\/index.php\/wp-json\/wp\/v2\/media?parent=12202"}],"wp:term":[{"taxonomy":"category","embeddable":true,"href":"https:\/\/nordnesrepublikken.no\/index.php\/wp-json\/wp\/v2\/categories?post=12202"},{"taxonomy":"post_tag","embeddable":true,"href":"https:\/\/nordnesrepublikken.no\/index.php\/wp-json\/wp\/v2\/tags?post=12202"}],"curies":[{"name":"wp","href":"https:\/\/api.w.org\/{rel}","templated":true}]}}