{"id":12196,"date":"2025-11-28T06:50:34","date_gmt":"2025-11-28T05:50:34","guid":{"rendered":"https:\/\/nordnesrepublikken.no\/index.php\/2025\/11\/28\/spanias-nye-itv-nedbrudd-regelendringen-fanger-sjaforer-pa-vakt\/"},"modified":"2025-11-28T06:50:36","modified_gmt":"2025-11-28T05:50:36","slug":"spanias-nye-itv-nedbrudd-regelendringen-fanger-sjaforer-pa-vakt","status":"publish","type":"post","link":"https:\/\/nordnesrepublikken.no\/index.php\/2025\/11\/28\/spanias-nye-itv-nedbrudd-regelendringen-fanger-sjaforer-pa-vakt\/","title":{"rendered":"Spanias nye ITV-nedbrudd: Regelendringen fanger sj\u00e5f\u00f8rer p\u00e5 vakt"},"content":{"rendered":"<p><\/p>\n<div class=\"wordpress-content\">\n                    <!-- Article Start --><\/p>\n<p>Spanias trafikkmyndigheter har innf\u00f8rt et av sine t\u00f8ffeste trafikksikkerhetstiltak p\u00e5 mange \u00e5r \u2013 og det overtar sj\u00e5f\u00f8rene. Fra n\u00e5 av er det ikke lenger nok \u00e5 ha en ITV-fornyelsesavtale for \u00e5 kj\u00f8re lovlig. Hvis ITV-en din har utl\u00f8pt, selv om en dag, kan du ikke ta bilen p\u00e5 veien, uavhengig av om du har bestilt en plass.<\/p>\n<p>Generaldirektoratet for trafikk (DGT) bekreftet endringen i en nylig uttalelse fra regjeringen, og forklarer at inspekt\u00f8rer n\u00e5 vil sjekke kj\u00f8ret\u00f8y for kj\u00f8ret\u00f8y for \u00e5 sikre at hver bil p\u00e5 spanske veier har en gyldig og oppdatert inspeksjon. For bilister som har en tendens til \u00e5 overlate ting til siste liten, er dette et stort skifte \u2013 og sanksjonene er betydelig strengere enn f\u00f8r.<\/p>\n<h2>En nulltoleranse ITV-politikk kommer p\u00e5 veiene<\/h2>\n<p>Inntil n\u00e5 stolte mange sj\u00e5f\u00f8rer p\u00e5 en slags uoffisiell &laquo;utsettelsesperiode&raquo;: s\u00e5 lenge du hadde sikret deg en avtale, s\u00e5 offiserer ofte den andre veien. Det spillerom har n\u00e5 forsvunnet.<\/p>\n<div class=\"sra_unit\"><link rel=\"stylesheet\" id=\"block-sra\" href=\"https:\/\/euroweeklynews.com\/wp-content\/plugins\/snack-related-articles\/dist\/css\/snack-related.min.css?250312-193541\" type=\"text\/css\" media=\"all\">\n<\/div>\n<p>DGTs posisjon er sl\u00f8v: ingen ITV, ingen kj\u00f8ring. Ingen unntak for forsinkelser, ingen unnskyldninger om lange ventelister, og ingen &laquo;jeg har time i morgen&raquo;.<\/p>\n<p>Den nye regelen er en del av et bredere arbeid for \u00e5 sikre at:<\/p>\n<ul>\n<li>hvert kj\u00f8ret\u00f8y oppfyller sikkerhetsstandarder<\/li>\n<li>milj\u00f8krav til utslipp respekteres<\/li>\n<li>eldre eller d\u00e5rlig vedlikeholdte biler slipper ikke lenger gjennom sprekkene<\/li>\n<\/ul>\n<p>Trafikkmyndighetene sier tiltaket svarer p\u00e5 behovet for strengere tilsyn. Spania fortsetter \u00e5 rapportere om et h\u00f8yt antall kj\u00f8ret\u00f8y som feiler sin ITV ved f\u00f8rste fors\u00f8k, og en betydelig andel av trafikkulykkene involverer biler med forsinket kontroll.<\/p>\n<h2>Hva skjer hvis du kj\u00f8rer med utl\u00f8pt ITV?<\/h2>\n<p>Sj\u00e5f\u00f8rer som ignorerer den nye regelen st\u00e5r overfor noen av de t\u00f8ffeste straffene i spansk trafikklovgivning. Den \u00f8konomiske hit alene er nok til \u00e5 f\u00e5 de fleste til \u00e5 tenke to ganger \u2013 men det er bare en del av historien.<\/p>\n<p>Her er hva bilister risikerer under DGTs oppdaterte h\u00e5ndhevelse:<\/p>\n<ul>\n<li>\n<h3>En bot p\u00e5 \u20ac200<\/h3>\n<\/li>\n<\/ul>\n<p>Dette er standardstraffen for \u00e5 kj\u00f8re med en utl\u00f8pt ITV. Og i motsetning til andre trafikkforseelser, kommer denne generelt ikke med 50 % rabatt for rask betaling.<\/p>\n<ul>\n<li>\n<h3>Tre poeng trukket fra lisensen din<\/h3>\n<\/li>\n<\/ul>\n<p>Et nytt og spesielt smertefullt tillegg: \u00c5 kj\u00f8re med en utg\u00e5tt ITV koster n\u00e5 bilistene tre f\u00f8rerkortpoeng \u2013 en sanksjon som vil ramme spesielt hardt for de som er avhengige av bilen sin for jobben.<\/p>\n<ul>\n<li>\n<h3>Opptil \u20ac500 i alvorlige tilfeller<\/h3>\n<\/li>\n<\/ul>\n<p>Hvis ITV-en din utl\u00f8p for mer enn 12 m\u00e5neder siden, stiger boten til \u20ac500, noe som gjenspeiler DGTs syn p\u00e5 at langsiktig manglende overholdelse setter andre trafikanter i en reell risiko.<\/p>\n<ul>\n<li>\n<h3>Forsikringskomplikasjoner etter en ulykke<\/h3>\n<\/li>\n<\/ul>\n<p>Kanskje den mest alarmerende konsekvensen: forsikringsselskaper kan nekte \u00e5 dekke skader etter en ulykke hvis ITV-en din ikke er gyldig. Dette inkluderer krav fra tredjeparter, noe som betyr at sj\u00e5f\u00f8rer kan st\u00e5 ansvarlige for tusenvis av euro.<\/p>\n<ul>\n<li>\n<h3>Mulig immobilisering av kj\u00f8ret\u00f8yet<\/h3>\n<\/li>\n<\/ul>\n<p>Offiserer er n\u00e5 autorisert til \u00e5 immobilisere biler p\u00e5 stedet hvis de fastsl\u00e5r at kj\u00f8ret\u00f8yet ikke skal v\u00e6re p\u00e5 veien p\u00e5 grunn av en utl\u00f8pt eller mislykket inspeksjon.<\/p>\n<p>For mange sj\u00e5f\u00f8rer betyr dette en plutselig tauing, etterfulgt av lagringsavgifter og kostnadene for en ny ITV-avtale \u2013 en kostbar feil.<\/p>\n<h2>Hvorfor biler svikter ITV: De vanligste problemene<\/h2>\n<p>DGTs nye fremst\u00f8t kommer p\u00e5 bakgrunn av et vedvarende problem: mange av Spanias kj\u00f8ret\u00f8y best\u00e5r rett og slett ikke inspeksjonen.<\/p>\n<p>Bransjedata viser at \u00e9n av fem biler svikter ITV p\u00e5 f\u00f8rste fors\u00f8k, vanligvis p\u00e5 grunn av feil som kunne v\u00e6rt oppdaget p\u00e5 forh\u00e5nd med en rask sjekk hjemme.<\/p>\n<p>De viktigste \u00e5rsakene til ITV-feil inkluderer:<\/p>\n<ul>\n<li>Lys- og signalfeil: utbrente p\u00e6rer, feiljusterte frontlykter, defekte blink.<\/li>\n<li>Dekk i d\u00e5rlig stand: slitt slitebane, ujevn slitasje eller synlige skader.<\/li>\n<li>Bremsesystemproblemer: slitte klosser og skiver eller uregelmessig bremseoppf\u00f8rsel.<\/li>\n<li>Overdreven utslipp: et vanlig problem for eldre dieselbiler.<\/li>\n<li>Problemer med fj\u00e6ring og styring: slitte st\u00f8tdempere, l\u00f8se komponenter eller strukturelle defekter.<\/li>\n<li>Grunnleggende identifikasjons- eller siktproblemer: skadede frontruter, uleselige nummerskilt eller \u00f8delagte speil.<\/li>\n<\/ul>\n<p>P\u00e5 grunn av de t\u00f8ffere kontrollene som n\u00e5 er p\u00e5 plass, anbefaler mange mekanikere \u00e5 gj\u00f8re en rask &laquo;pre-ITV-sjekk&raquo; i oppkj\u00f8rselen eller parkeringsplassen din &#8211; en kort inspeksjon som kan spare sj\u00e5f\u00f8rer for en uventet feil.<\/p>\n<h2>Hva sj\u00e5f\u00f8rer b\u00f8r gj\u00f8re n\u00e5<\/h2>\n<p>Etter at fristen er over, er fokuset n\u00e5 p\u00e5 forventning og planlegging. Sj\u00e5f\u00f8rer oppfordres til \u00e5:<\/p>\n<ul>\n<li>sjekk utl\u00f8psdatoen for ITV<\/li>\n<li>bestille time i god tid<\/li>\n<li>sikre at bilen deres er i god stand f\u00f8r du drar til testsenteret<\/li>\n<\/ul>\n<p>DGT insisterer p\u00e5 at det endelige m\u00e5let er trafikksikkerhet \u2013 ikke inntekter. Men i praksis representerer Spanias nye politikk et stort kulturskifte: dagene med \u00e5 ta sjansen p\u00e5 en forsinket ITV er offisielt over.<\/p>\n<p>                    <!-- Originally published at https:\/\/euroweeklynews.com\/2025\/11\/27\/spains-new-itv-crackdown-the-rule-change-catching-drivers-off-guard\/ on 27 Nov 2025 at 16:09 by Farah Mokrani --><br \/>\n                    <!-- Article End -->\n                <\/div>\n","protected":false},"excerpt":{"rendered":"<p>Spanias trafikkmyndigheter har innf\u00f8rt et av sine t\u00f8ffeste trafikksikkerhetstiltak p\u00e5 mange \u00e5r \u2013 og det<\/p>\n","protected":false},"author":1,"featured_media":12197,"comment_status":"closed","ping_status":"open","sticky":false,"template":"","format":"standard","meta":{"footnotes":""},"categories":[105],"tags":[4955,8014,260,81,8015,1737,1892,8016],"class_list":["post-12196","post","type-post","status-publish","format-standard","has-post-thumbnail","hentry","category-livsstil","tag-fanger","tag-itvnedbrudd","tag-nye","tag-pa","tag-regelendringen","tag-sjaforer","tag-spanias","tag-vakt","generate-columns","tablet-grid-50","mobile-grid-100","grid-parent","grid-33","resize-featured-image"],"yoast_head":"<!-- This site is optimized with the Yoast SEO plugin v24.4 - https:\/\/yoast.com\/wordpress\/plugins\/seo\/ -->\n<title>Spanias nye ITV-nedbrudd: Regelendringen fanger sj\u00e5f\u00f8rer p\u00e5 vakt - Nordnesrepublikken<\/title>\n<meta name=\"robots\" content=\"index, follow, max-snippet:-1, max-image-preview:large, max-video-preview:-1\" \/>\n<link rel=\"canonical\" href=\"https:\/\/nordnesrepublikken.no\/index.php\/2025\/11\/28\/spanias-nye-itv-nedbrudd-regelendringen-fanger-sjaforer-pa-vakt\/\" \/>\n<meta property=\"og:locale\" content=\"nb_NO\" \/>\n<meta property=\"og:type\" content=\"article\" \/>\n<meta property=\"og:title\" content=\"Spanias nye ITV-nedbrudd: Regelendringen fanger sj\u00e5f\u00f8rer p\u00e5 vakt - Nordnesrepublikken\" \/>\n<meta property=\"og:description\" content=\"Spanias trafikkmyndigheter har innf\u00f8rt et av sine t\u00f8ffeste trafikksikkerhetstiltak p\u00e5 mange \u00e5r \u2013 og det\" \/>\n<meta property=\"og:url\" content=\"https:\/\/nordnesrepublikken.no\/index.php\/2025\/11\/28\/spanias-nye-itv-nedbrudd-regelendringen-fanger-sjaforer-pa-vakt\/\" \/>\n<meta property=\"og:site_name\" content=\"Nordnesrepublikken\" \/>\n<meta property=\"article:published_time\" content=\"2025-11-28T05:50:34+00:00\" \/>\n<meta property=\"article:modified_time\" content=\"2025-11-28T05:50:36+00:00\" \/>\n<meta property=\"og:image\" content=\"https:\/\/nordnesrepublikken.no\/wp-content\/uploads\/2025\/11\/1764309035_Spanias-nye-ITV-nedbrudd-Regelendringen-fanger-sjaforer-pa-vakt.jpg\" \/>\n\t<meta property=\"og:image:width\" content=\"1200\" \/>\n\t<meta property=\"og:image:height\" content=\"800\" \/>\n\t<meta property=\"og:image:type\" content=\"image\/jpeg\" \/>\n<meta name=\"author\" content=\"Ole Andersen\" \/>\n<meta name=\"twitter:card\" content=\"summary_large_image\" \/>\n<meta name=\"twitter:label1\" content=\"Skrevet av\" \/>\n\t<meta name=\"twitter:data1\" content=\"Ole Andersen\" \/>\n\t<meta name=\"twitter:label2\" content=\"Ansl. lesetid\" \/>\n\t<meta name=\"twitter:data2\" content=\"4 minutter\" \/>\n<script type=\"application\/ld+json\" class=\"yoast-schema-graph\">{\"@context\":\"https:\/\/schema.org\",\"@graph\":[{\"@type\":\"Article\",\"@id\":\"https:\/\/nordnesrepublikken.no\/index.php\/2025\/11\/28\/spanias-nye-itv-nedbrudd-regelendringen-fanger-sjaforer-pa-vakt\/#article\",\"isPartOf\":{\"@id\":\"https:\/\/nordnesrepublikken.no\/index.php\/2025\/11\/28\/spanias-nye-itv-nedbrudd-regelendringen-fanger-sjaforer-pa-vakt\/\"},\"author\":{\"name\":\"Ole Andersen\",\"@id\":\"https:\/\/nordnesrepublikken.no\/#\/schema\/person\/2e7e81935bab77882fffb79296240ff1\"},\"headline\":\"Spanias nye ITV-nedbrudd: Regelendringen fanger sj\u00e5f\u00f8rer p\u00e5 vakt\",\"datePublished\":\"2025-11-28T05:50:34+00:00\",\"dateModified\":\"2025-11-28T05:50:36+00:00\",\"mainEntityOfPage\":{\"@id\":\"https:\/\/nordnesrepublikken.no\/index.php\/2025\/11\/28\/spanias-nye-itv-nedbrudd-regelendringen-fanger-sjaforer-pa-vakt\/\"},\"wordCount\":801,\"publisher\":{\"@id\":\"https:\/\/nordnesrepublikken.no\/#organization\"},\"image\":{\"@id\":\"https:\/\/nordnesrepublikken.no\/index.php\/2025\/11\/28\/spanias-nye-itv-nedbrudd-regelendringen-fanger-sjaforer-pa-vakt\/#primaryimage\"},\"thumbnailUrl\":\"https:\/\/nordnesrepublikken.no\/wp-content\/uploads\/2025\/11\/1764309035_Spanias-nye-ITV-nedbrudd-Regelendringen-fanger-sjaforer-pa-vakt.jpg\",\"keywords\":[\"Fanger\",\"ITVnedbrudd\",\"nye\",\"p\u00e5\",\"Regelendringen\",\"sj\u00e5f\u00f8rer\",\"Spanias\",\"vakt\"],\"articleSection\":[\"Livsstil\"],\"inLanguage\":\"nb-NO\"},{\"@type\":\"WebPage\",\"@id\":\"https:\/\/nordnesrepublikken.no\/index.php\/2025\/11\/28\/spanias-nye-itv-nedbrudd-regelendringen-fanger-sjaforer-pa-vakt\/\",\"url\":\"https:\/\/nordnesrepublikken.no\/index.php\/2025\/11\/28\/spanias-nye-itv-nedbrudd-regelendringen-fanger-sjaforer-pa-vakt\/\",\"name\":\"Spanias nye ITV-nedbrudd: Regelendringen fanger sj\u00e5f\u00f8rer p\u00e5 vakt - Nordnesrepublikken\",\"isPartOf\":{\"@id\":\"https:\/\/nordnesrepublikken.no\/#website\"},\"primaryImageOfPage\":{\"@id\":\"https:\/\/nordnesrepublikken.no\/index.php\/2025\/11\/28\/spanias-nye-itv-nedbrudd-regelendringen-fanger-sjaforer-pa-vakt\/#primaryimage\"},\"image\":{\"@id\":\"https:\/\/nordnesrepublikken.no\/index.php\/2025\/11\/28\/spanias-nye-itv-nedbrudd-regelendringen-fanger-sjaforer-pa-vakt\/#primaryimage\"},\"thumbnailUrl\":\"https:\/\/nordnesrepublikken.no\/wp-content\/uploads\/2025\/11\/1764309035_Spanias-nye-ITV-nedbrudd-Regelendringen-fanger-sjaforer-pa-vakt.jpg\",\"datePublished\":\"2025-11-28T05:50:34+00:00\",\"dateModified\":\"2025-11-28T05:50:36+00:00\",\"breadcrumb\":{\"@id\":\"https:\/\/nordnesrepublikken.no\/index.php\/2025\/11\/28\/spanias-nye-itv-nedbrudd-regelendringen-fanger-sjaforer-pa-vakt\/#breadcrumb\"},\"inLanguage\":\"nb-NO\",\"potentialAction\":[{\"@type\":\"ReadAction\",\"target\":[\"https:\/\/nordnesrepublikken.no\/index.php\/2025\/11\/28\/spanias-nye-itv-nedbrudd-regelendringen-fanger-sjaforer-pa-vakt\/\"]}]},{\"@type\":\"ImageObject\",\"inLanguage\":\"nb-NO\",\"@id\":\"https:\/\/nordnesrepublikken.no\/index.php\/2025\/11\/28\/spanias-nye-itv-nedbrudd-regelendringen-fanger-sjaforer-pa-vakt\/#primaryimage\",\"url\":\"https:\/\/nordnesrepublikken.no\/wp-content\/uploads\/2025\/11\/1764309035_Spanias-nye-ITV-nedbrudd-Regelendringen-fanger-sjaforer-pa-vakt.jpg\",\"contentUrl\":\"https:\/\/nordnesrepublikken.no\/wp-content\/uploads\/2025\/11\/1764309035_Spanias-nye-ITV-nedbrudd-Regelendringen-fanger-sjaforer-pa-vakt.jpg\",\"width\":1200,\"height\":800,\"caption\":\"Spanias nye ITV-nedbrudd: Regelendringen fanger sj\u00e5f\u00f8rer p\u00e5 vakt\"},{\"@type\":\"BreadcrumbList\",\"@id\":\"https:\/\/nordnesrepublikken.no\/index.php\/2025\/11\/28\/spanias-nye-itv-nedbrudd-regelendringen-fanger-sjaforer-pa-vakt\/#breadcrumb\",\"itemListElement\":[{\"@type\":\"ListItem\",\"position\":1,\"name\":\"Home\",\"item\":\"https:\/\/nordnesrepublikken.no\/\"},{\"@type\":\"ListItem\",\"position\":2,\"name\":\"Spanias nye ITV-nedbrudd: Regelendringen fanger sj\u00e5f\u00f8rer p\u00e5 vakt\"}]},{\"@type\":\"WebSite\",\"@id\":\"https:\/\/nordnesrepublikken.no\/#website\",\"url\":\"https:\/\/nordnesrepublikken.no\/\",\"name\":\"Nordnesrepublikken\",\"description\":\"Stemmer og Visjoner fra Republikkens Hjerte\",\"publisher\":{\"@id\":\"https:\/\/nordnesrepublikken.no\/#organization\"},\"potentialAction\":[{\"@type\":\"SearchAction\",\"target\":{\"@type\":\"EntryPoint\",\"urlTemplate\":\"https:\/\/nordnesrepublikken.no\/?s={search_term_string}\"},\"query-input\":{\"@type\":\"PropertyValueSpecification\",\"valueRequired\":true,\"valueName\":\"search_term_string\"}}],\"inLanguage\":\"nb-NO\"},{\"@type\":\"Organization\",\"@id\":\"https:\/\/nordnesrepublikken.no\/#organization\",\"name\":\"Nordnesrepublikken\",\"url\":\"https:\/\/nordnesrepublikken.no\/\",\"logo\":{\"@type\":\"ImageObject\",\"inLanguage\":\"nb-NO\",\"@id\":\"https:\/\/nordnesrepublikken.no\/#\/schema\/logo\/image\/\",\"url\":\"https:\/\/nordnesrepublikken.no\/wp-content\/uploads\/2025\/02\/cropped-nordnesrepublikken-2.png\",\"contentUrl\":\"https:\/\/nordnesrepublikken.no\/wp-content\/uploads\/2025\/02\/cropped-nordnesrepublikken-2.png\",\"width\":1248,\"height\":362,\"caption\":\"Nordnesrepublikken\"},\"image\":{\"@id\":\"https:\/\/nordnesrepublikken.no\/#\/schema\/logo\/image\/\"}},{\"@type\":\"Person\",\"@id\":\"https:\/\/nordnesrepublikken.no\/#\/schema\/person\/2e7e81935bab77882fffb79296240ff1\",\"name\":\"Ole Andersen\",\"image\":{\"@type\":\"ImageObject\",\"inLanguage\":\"nb-NO\",\"@id\":\"https:\/\/nordnesrepublikken.no\/#\/schema\/person\/image\/\",\"url\":\"https:\/\/nordnesrepublikken.no\/wp-content\/uploads\/2025\/02\/nordnesrepublikken-2-2-150x150.jpg\",\"contentUrl\":\"https:\/\/nordnesrepublikken.no\/wp-content\/uploads\/2025\/02\/nordnesrepublikken-2-2-150x150.jpg\",\"caption\":\"Ole Andersen\"},\"description\":\"Ettersom jeg vokste opp i Oslo, har jeg alltid v\u00e6rt fascinert av ordenes kraft og deres evne til \u00e5 skape endringer. Etter \u00e5 ha fullf\u00f8rt min utdannelse i kommunikasjon ved Universitetet i Bergen, fikk jeg muligheten til \u00e5 jobbe innen ulike medier, der jeg har s\u00f8kt \u00e5 belyse viktige samfunnssp\u00f8rsm\u00e5l. I dag, som redakt\u00f8r for Nordnesrepublikken, pr\u00f8ver jeg \u00e5 forene min kj\u00e6rlighet for journalistikk med min lidenskap for innovasjon og eventyr.\",\"sameAs\":[\"https:\/\/nordnesrepublikken.no\/\"]}]}<\/script>\n<!-- \/ Yoast SEO plugin. -->","yoast_head_json":{"title":"Spanias nye ITV-nedbrudd: Regelendringen fanger sj\u00e5f\u00f8rer p\u00e5 vakt - Nordnesrepublikken","robots":{"index":"index","follow":"follow","max-snippet":"max-snippet:-1","max-image-preview":"max-image-preview:large","max-video-preview":"max-video-preview:-1"},"canonical":"https:\/\/nordnesrepublikken.no\/index.php\/2025\/11\/28\/spanias-nye-itv-nedbrudd-regelendringen-fanger-sjaforer-pa-vakt\/","og_locale":"nb_NO","og_type":"article","og_title":"Spanias nye ITV-nedbrudd: Regelendringen fanger sj\u00e5f\u00f8rer p\u00e5 vakt - Nordnesrepublikken","og_description":"Spanias trafikkmyndigheter har innf\u00f8rt et av sine t\u00f8ffeste trafikksikkerhetstiltak p\u00e5 mange \u00e5r \u2013 og det","og_url":"https:\/\/nordnesrepublikken.no\/index.php\/2025\/11\/28\/spanias-nye-itv-nedbrudd-regelendringen-fanger-sjaforer-pa-vakt\/","og_site_name":"Nordnesrepublikken","article_published_time":"2025-11-28T05:50:34+00:00","article_modified_time":"2025-11-28T05:50:36+00:00","og_image":[{"width":1200,"height":800,"url":"https:\/\/nordnesrepublikken.no\/wp-content\/uploads\/2025\/11\/1764309035_Spanias-nye-ITV-nedbrudd-Regelendringen-fanger-sjaforer-pa-vakt.jpg","type":"image\/jpeg"}],"author":"Ole Andersen","twitter_card":"summary_large_image","twitter_misc":{"Skrevet av":"Ole Andersen","Ansl. lesetid":"4 minutter"},"schema":{"@context":"https:\/\/schema.org","@graph":[{"@type":"Article","@id":"https:\/\/nordnesrepublikken.no\/index.php\/2025\/11\/28\/spanias-nye-itv-nedbrudd-regelendringen-fanger-sjaforer-pa-vakt\/#article","isPartOf":{"@id":"https:\/\/nordnesrepublikken.no\/index.php\/2025\/11\/28\/spanias-nye-itv-nedbrudd-regelendringen-fanger-sjaforer-pa-vakt\/"},"author":{"name":"Ole Andersen","@id":"https:\/\/nordnesrepublikken.no\/#\/schema\/person\/2e7e81935bab77882fffb79296240ff1"},"headline":"Spanias nye ITV-nedbrudd: Regelendringen fanger sj\u00e5f\u00f8rer p\u00e5 vakt","datePublished":"2025-11-28T05:50:34+00:00","dateModified":"2025-11-28T05:50:36+00:00","mainEntityOfPage":{"@id":"https:\/\/nordnesrepublikken.no\/index.php\/2025\/11\/28\/spanias-nye-itv-nedbrudd-regelendringen-fanger-sjaforer-pa-vakt\/"},"wordCount":801,"publisher":{"@id":"https:\/\/nordnesrepublikken.no\/#organization"},"image":{"@id":"https:\/\/nordnesrepublikken.no\/index.php\/2025\/11\/28\/spanias-nye-itv-nedbrudd-regelendringen-fanger-sjaforer-pa-vakt\/#primaryimage"},"thumbnailUrl":"https:\/\/nordnesrepublikken.no\/wp-content\/uploads\/2025\/11\/1764309035_Spanias-nye-ITV-nedbrudd-Regelendringen-fanger-sjaforer-pa-vakt.jpg","keywords":["Fanger","ITVnedbrudd","nye","p\u00e5","Regelendringen","sj\u00e5f\u00f8rer","Spanias","vakt"],"articleSection":["Livsstil"],"inLanguage":"nb-NO"},{"@type":"WebPage","@id":"https:\/\/nordnesrepublikken.no\/index.php\/2025\/11\/28\/spanias-nye-itv-nedbrudd-regelendringen-fanger-sjaforer-pa-vakt\/","url":"https:\/\/nordnesrepublikken.no\/index.php\/2025\/11\/28\/spanias-nye-itv-nedbrudd-regelendringen-fanger-sjaforer-pa-vakt\/","name":"Spanias nye ITV-nedbrudd: Regelendringen fanger sj\u00e5f\u00f8rer p\u00e5 vakt - Nordnesrepublikken","isPartOf":{"@id":"https:\/\/nordnesrepublikken.no\/#website"},"primaryImageOfPage":{"@id":"https:\/\/nordnesrepublikken.no\/index.php\/2025\/11\/28\/spanias-nye-itv-nedbrudd-regelendringen-fanger-sjaforer-pa-vakt\/#primaryimage"},"image":{"@id":"https:\/\/nordnesrepublikken.no\/index.php\/2025\/11\/28\/spanias-nye-itv-nedbrudd-regelendringen-fanger-sjaforer-pa-vakt\/#primaryimage"},"thumbnailUrl":"https:\/\/nordnesrepublikken.no\/wp-content\/uploads\/2025\/11\/1764309035_Spanias-nye-ITV-nedbrudd-Regelendringen-fanger-sjaforer-pa-vakt.jpg","datePublished":"2025-11-28T05:50:34+00:00","dateModified":"2025-11-28T05:50:36+00:00","breadcrumb":{"@id":"https:\/\/nordnesrepublikken.no\/index.php\/2025\/11\/28\/spanias-nye-itv-nedbrudd-regelendringen-fanger-sjaforer-pa-vakt\/#breadcrumb"},"inLanguage":"nb-NO","potentialAction":[{"@type":"ReadAction","target":["https:\/\/nordnesrepublikken.no\/index.php\/2025\/11\/28\/spanias-nye-itv-nedbrudd-regelendringen-fanger-sjaforer-pa-vakt\/"]}]},{"@type":"ImageObject","inLanguage":"nb-NO","@id":"https:\/\/nordnesrepublikken.no\/index.php\/2025\/11\/28\/spanias-nye-itv-nedbrudd-regelendringen-fanger-sjaforer-pa-vakt\/#primaryimage","url":"https:\/\/nordnesrepublikken.no\/wp-content\/uploads\/2025\/11\/1764309035_Spanias-nye-ITV-nedbrudd-Regelendringen-fanger-sjaforer-pa-vakt.jpg","contentUrl":"https:\/\/nordnesrepublikken.no\/wp-content\/uploads\/2025\/11\/1764309035_Spanias-nye-ITV-nedbrudd-Regelendringen-fanger-sjaforer-pa-vakt.jpg","width":1200,"height":800,"caption":"Spanias nye ITV-nedbrudd: Regelendringen fanger sj\u00e5f\u00f8rer p\u00e5 vakt"},{"@type":"BreadcrumbList","@id":"https:\/\/nordnesrepublikken.no\/index.php\/2025\/11\/28\/spanias-nye-itv-nedbrudd-regelendringen-fanger-sjaforer-pa-vakt\/#breadcrumb","itemListElement":[{"@type":"ListItem","position":1,"name":"Home","item":"https:\/\/nordnesrepublikken.no\/"},{"@type":"ListItem","position":2,"name":"Spanias nye ITV-nedbrudd: Regelendringen fanger sj\u00e5f\u00f8rer p\u00e5 vakt"}]},{"@type":"WebSite","@id":"https:\/\/nordnesrepublikken.no\/#website","url":"https:\/\/nordnesrepublikken.no\/","name":"Nordnesrepublikken","description":"Stemmer og Visjoner fra Republikkens Hjerte","publisher":{"@id":"https:\/\/nordnesrepublikken.no\/#organization"},"potentialAction":[{"@type":"SearchAction","target":{"@type":"EntryPoint","urlTemplate":"https:\/\/nordnesrepublikken.no\/?s={search_term_string}"},"query-input":{"@type":"PropertyValueSpecification","valueRequired":true,"valueName":"search_term_string"}}],"inLanguage":"nb-NO"},{"@type":"Organization","@id":"https:\/\/nordnesrepublikken.no\/#organization","name":"Nordnesrepublikken","url":"https:\/\/nordnesrepublikken.no\/","logo":{"@type":"ImageObject","inLanguage":"nb-NO","@id":"https:\/\/nordnesrepublikken.no\/#\/schema\/logo\/image\/","url":"https:\/\/nordnesrepublikken.no\/wp-content\/uploads\/2025\/02\/cropped-nordnesrepublikken-2.png","contentUrl":"https:\/\/nordnesrepublikken.no\/wp-content\/uploads\/2025\/02\/cropped-nordnesrepublikken-2.png","width":1248,"height":362,"caption":"Nordnesrepublikken"},"image":{"@id":"https:\/\/nordnesrepublikken.no\/#\/schema\/logo\/image\/"}},{"@type":"Person","@id":"https:\/\/nordnesrepublikken.no\/#\/schema\/person\/2e7e81935bab77882fffb79296240ff1","name":"Ole Andersen","image":{"@type":"ImageObject","inLanguage":"nb-NO","@id":"https:\/\/nordnesrepublikken.no\/#\/schema\/person\/image\/","url":"https:\/\/nordnesrepublikken.no\/wp-content\/uploads\/2025\/02\/nordnesrepublikken-2-2-150x150.jpg","contentUrl":"https:\/\/nordnesrepublikken.no\/wp-content\/uploads\/2025\/02\/nordnesrepublikken-2-2-150x150.jpg","caption":"Ole Andersen"},"description":"Ettersom jeg vokste opp i Oslo, har jeg alltid v\u00e6rt fascinert av ordenes kraft og deres evne til \u00e5 skape endringer. Etter \u00e5 ha fullf\u00f8rt min utdannelse i kommunikasjon ved Universitetet i Bergen, fikk jeg muligheten til \u00e5 jobbe innen ulike medier, der jeg har s\u00f8kt \u00e5 belyse viktige samfunnssp\u00f8rsm\u00e5l. I dag, som redakt\u00f8r for Nordnesrepublikken, pr\u00f8ver jeg \u00e5 forene min kj\u00e6rlighet for journalistikk med min lidenskap for innovasjon og eventyr.","sameAs":["https:\/\/nordnesrepublikken.no\/"]}]}},"_links":{"self":[{"href":"https:\/\/nordnesrepublikken.no\/index.php\/wp-json\/wp\/v2\/posts\/12196","targetHints":{"allow":["GET"]}}],"collection":[{"href":"https:\/\/nordnesrepublikken.no\/index.php\/wp-json\/wp\/v2\/posts"}],"about":[{"href":"https:\/\/nordnesrepublikken.no\/index.php\/wp-json\/wp\/v2\/types\/post"}],"author":[{"embeddable":true,"href":"https:\/\/nordnesrepublikken.no\/index.php\/wp-json\/wp\/v2\/users\/1"}],"replies":[{"embeddable":true,"href":"https:\/\/nordnesrepublikken.no\/index.php\/wp-json\/wp\/v2\/comments?post=12196"}],"version-history":[{"count":1,"href":"https:\/\/nordnesrepublikken.no\/index.php\/wp-json\/wp\/v2\/posts\/12196\/revisions"}],"predecessor-version":[{"id":12198,"href":"https:\/\/nordnesrepublikken.no\/index.php\/wp-json\/wp\/v2\/posts\/12196\/revisions\/12198"}],"wp:featuredmedia":[{"embeddable":true,"href":"https:\/\/nordnesrepublikken.no\/index.php\/wp-json\/wp\/v2\/media\/12197"}],"wp:attachment":[{"href":"https:\/\/nordnesrepublikken.no\/index.php\/wp-json\/wp\/v2\/media?parent=12196"}],"wp:term":[{"taxonomy":"category","embeddable":true,"href":"https:\/\/nordnesrepublikken.no\/index.php\/wp-json\/wp\/v2\/categories?post=12196"},{"taxonomy":"post_tag","embeddable":true,"href":"https:\/\/nordnesrepublikken.no\/index.php\/wp-json\/wp\/v2\/tags?post=12196"}],"curies":[{"name":"wp","href":"https:\/\/api.w.org\/{rel}","templated":true}]}}