{"id":12187,"date":"2025-11-27T23:51:34","date_gmt":"2025-11-27T22:51:34","guid":{"rendered":"https:\/\/nordnesrepublikken.no\/index.php\/2025\/11\/27\/spanias-julearbeidsregler-sannheten-om-24-og-31-desember\/"},"modified":"2025-11-27T23:51:36","modified_gmt":"2025-11-27T22:51:36","slug":"spanias-julearbeidsregler-sannheten-om-24-og-31-desember","status":"publish","type":"post","link":"https:\/\/nordnesrepublikken.no\/index.php\/2025\/11\/27\/spanias-julearbeidsregler-sannheten-om-24-og-31-desember\/","title":{"rendered":"Spanias julearbeidsregler: Sannheten om 24. og 31. desember"},"content":{"rendered":"<p><\/p>\n<div class=\"wordpress-content\">\n                    <!-- Article Start --><\/p>\n<p>Hvert \u00e5r, ettersom Spania g\u00e5r inn i julemodus og gatene fylles med lys, markeder og kj\u00f8pere i siste liten, begynner ett sp\u00f8rsm\u00e5l \u00e5 sirkle rundt kontorer og WhatsApp-grupper: &laquo;F\u00e5r vi fri 31. desember &#8230; eller ikke?&raquo;<br \/>\nDen dukker opp uten feil, uansett hvor mange ganger den blir forklart, for jul i Spania er ikke bare en dato p\u00e5 en kalender \u2013 det er en hel sesong med sine egne ritualer, rytmer og forventninger.<\/p>\n<p>Og i \u00e5r er intet unntak. Med familier som allerede planlegger middager, turer og sammenkomster, pr\u00f8ver arbeidere over hele landet igjen \u00e5 finne ut n\u00f8yaktig hvilke dager som er offisielle helligdager, hvilke som ikke er det, og hvilke rett og slett. <em>f\u00f8le<\/em> som de burde v\u00e6re.<\/p>\n<h2>Jul: mer enn lys og middager<\/h2>\n<p>Spania tar julen p\u00e5 alvor. Virkelig seri\u00f8st.<br \/>\nFra begynnelsen av desember er det en f\u00f8lelse av at livet mykner rundt kantene. De store byene sl\u00e5r p\u00e5 lysskjermene sine, sm\u00e5 byer setter opp julekrybbene sine, og familier begynner \u00e5 forberede seg til maraton av m\u00e5ltider som g\u00e5r fra julaften til Three Kings.<\/p>\n<div class=\"sra_unit\"><link rel=\"stylesheet\" id=\"block-sra\" href=\"https:\/\/euroweeklynews.com\/wp-content\/plugins\/snack-related-articles\/dist\/css\/snack-related.min.css?250312-193541\" type=\"text\/css\" media=\"all\">\n<\/div>\n<p>Lyden av barn som \u00f8ver p\u00e5 julesanger, lukten av turr\u00f3n og den ber\u00f8mte Loter\u00eda de Navidad, som midlertidig forener landet i felles h\u00e5p, kunngj\u00f8r alle at h\u00f8ytiden har kommet.<br \/>\nDet er den tiden p\u00e5 \u00e5ret da arbeidet naturlig avtar \u2013 eller i det minste pr\u00f8ver \u2013 og n\u00e5r folk bruker opp det siste av feriepengene til \u00e5 strekke ut pausen.<\/p>\n<p>Men bortsett fra tradisjoner trenger arbeiderne fortsatt klarhet. Og det er her den \u00e5rlige forvirringen starter.<\/p>\n<h2>Datoene som <em>er<\/em> offisielle helligdager<\/h2>\n<p>La oss fjerne den enkleste delen: i Spania er tre datoer garantert nasjonale, ikke-arbeidsfrie ferier, hvert \u00e5r, overalt:<\/p>\n<ul>\n<li>25. desember \u2013 juledag<\/li>\n<li>1. januar \u2013 nytt\u00e5rsdag<\/li>\n<li>6. januar \u2013 Helligtrekonger \/ Three Kings<\/li>\n<\/ul>\n<p>Ingenting endres der.<\/p>\n<p>I Catalonia er det en til:<\/p>\n<ul>\n<li>26. desember \u2013 Sant Esteve, ogs\u00e5 en arbeidsfri dag og like viktig som juledag for mange familier.<\/li>\n<\/ul>\n<p>Dette er de eneste faste, nasjonale (eller regionale) helligdagene i h\u00f8ytiden.<\/p>\n<h2>Og det store sp\u00f8rsm\u00e5let: er 31. desember en helligdag?<\/h2>\n<p>Kort svar: nei.<br \/>\nLangt svar: fortsatt nei&#8230; men det er komplisert.<\/p>\n<p>Verken julaften (24. desember) eller nytt\u00e5rsaften (31. desember) st\u00e5r p\u00e5 den nasjonale helligdagskalenderen.<br \/>\nDet er vanlige arbeidsdager, juridisk sett.<\/p>\n<p>Men i praksis? Mange selskaper behandler dem forskjellig.<\/p>\n<p>Noen stenger tidlig. Noen tilbyr reduserte timer. Noen gir hele dagen fri som en velviljegest etter et langt \u00e5r.<br \/>\nAndre \u2013 spesielt de innen detaljhandel, gjestfrihet eller viktige tjenester \u2013 jobber fulle tidsplaner og ofte enda lengre timer.<\/p>\n<p>Det er ingen juridisk forpliktelse for selskaper \u00e5 redusere dagen eller tilby fri. N\u00e5r de gj\u00f8r det, er det av sedvane, tradisjon eller intern politikk.<br \/>\nOg selv om mange arbeidere antar disse datoene &laquo;teller ikke&raquo;, er loven klar: 24. og 31. desember er ikke helligdager.<\/p>\n<h2>Hvorfor disse datoene betyr s\u00e5 mye<\/h2>\n<p>En del av forvirringen kommer fra hvor f\u00f8lelsesmessig belastet sesongen er. Julaften og nytt\u00e5rsaften er to av \u00e5rets viktigste kvelder i Spania.<br \/>\nDe er \u00f8yeblikk for store familiem\u00e5ltider, gjenforeninger og langvarige tradisjoner \u2013 s\u00e5 naturlig nok forventer mange at dagen blir behandlet som en h\u00f8ytid.<\/p>\n<p>Samtidig medf\u00f8rer denne perioden sitt eget \u00f8konomiske press. Julegaver, reiser, mat, kvelder og den fryktede cuesta de enero skaper en spesiell type stress som presser arbeiderne til \u00e5 organisere tiden (og pengene) i god tid.<\/p>\n<p>Det er derfor det er s\u00e5 viktig \u00e5 vite hvilke dager som er offisielle helligdager \u2013 og hvilke som ikke er det.<\/p>\n<h2>Hva bedrifter vanligvis gj\u00f8r<\/h2>\n<p>Mens loven ikke tvinger bedrifter til \u00e5 forkorte arbeidsdagen 24. eller 31. desember, velger mange \u00e5 gj\u00f8re det likevel.<br \/>\nDet er en popul\u00e6r m\u00e5te \u00e5 anerkjenne personalets innsats gjennom \u00e5ret og gi folk litt mer pusterom f\u00f8r store feiringer.<\/p>\n<p>Men det forblir en bedriftsbeslutning, ikke en juridisk rettighet.<br \/>\nAnsatte m\u00e5 sjekke sin tariffavtale, internpolicy eller direkte bedriftskommunikasjon.<\/p>\n<p>Noen arbeidsplasser holder fast ved tradisjonen.<br \/>\nAndre justerer \u00e5r for \u00e5r.<br \/>\nNoen behandler dagene som alle andre.<\/p>\n<p>Og det er nettopp derfor sp\u00f8rsm\u00e5let stadig kommer tilbake hver desember.<\/p>\n<p>                    <!-- Originally published at https:\/\/euroweeklynews.com\/2025\/11\/27\/spains-christmas-work-rules-the-truth-about-24-and-31-december\/ on 27 Nov 2025 at 17:46 by Farah Mokrani --><br \/>\n                    <!-- Article End -->\n                <\/div>\n","protected":false},"excerpt":{"rendered":"<p>Hvert \u00e5r, ettersom Spania g\u00e5r inn i julemodus og gatene fylles med lys, markeder og<\/p>\n","protected":false},"author":1,"featured_media":12188,"comment_status":"closed","ping_status":"open","sticky":false,"template":"","format":"standard","meta":{"footnotes":""},"categories":[105],"tags":[8007,8006,2403,1892],"class_list":["post-12187","post","type-post","status-publish","format-standard","has-post-thumbnail","hentry","category-livsstil","tag-desember","tag-julearbeidsregler","tag-sannheten","tag-spanias","generate-columns","tablet-grid-50","mobile-grid-100","grid-parent","grid-33","resize-featured-image"],"yoast_head":"<!-- This site is optimized with the Yoast SEO plugin v24.4 - https:\/\/yoast.com\/wordpress\/plugins\/seo\/ -->\n<title>Spanias julearbeidsregler: Sannheten om 24. og 31. desember - Nordnesrepublikken<\/title>\n<meta name=\"robots\" content=\"index, follow, max-snippet:-1, max-image-preview:large, max-video-preview:-1\" \/>\n<link rel=\"canonical\" href=\"https:\/\/nordnesrepublikken.no\/index.php\/2025\/11\/27\/spanias-julearbeidsregler-sannheten-om-24-og-31-desember\/\" \/>\n<meta property=\"og:locale\" content=\"nb_NO\" \/>\n<meta property=\"og:type\" content=\"article\" \/>\n<meta property=\"og:title\" content=\"Spanias julearbeidsregler: Sannheten om 24. og 31. desember - Nordnesrepublikken\" \/>\n<meta property=\"og:description\" content=\"Hvert \u00e5r, ettersom Spania g\u00e5r inn i julemodus og gatene fylles med lys, markeder og\" \/>\n<meta property=\"og:url\" content=\"https:\/\/nordnesrepublikken.no\/index.php\/2025\/11\/27\/spanias-julearbeidsregler-sannheten-om-24-og-31-desember\/\" \/>\n<meta property=\"og:site_name\" content=\"Nordnesrepublikken\" \/>\n<meta property=\"article:published_time\" content=\"2025-11-27T22:51:34+00:00\" \/>\n<meta property=\"article:modified_time\" content=\"2025-11-27T22:51:36+00:00\" \/>\n<meta property=\"og:image\" content=\"https:\/\/nordnesrepublikken.no\/wp-content\/uploads\/2025\/11\/1764283894_Spanias-julearbeidsregler-Sannheten-om-24-og-31-desember.jpg\" \/>\n\t<meta property=\"og:image:width\" content=\"1200\" \/>\n\t<meta property=\"og:image:height\" content=\"800\" \/>\n\t<meta property=\"og:image:type\" content=\"image\/jpeg\" \/>\n<meta name=\"author\" content=\"Ole Andersen\" \/>\n<meta name=\"twitter:card\" content=\"summary_large_image\" \/>\n<meta name=\"twitter:label1\" content=\"Skrevet av\" \/>\n\t<meta name=\"twitter:data1\" content=\"Ole Andersen\" \/>\n\t<meta name=\"twitter:label2\" content=\"Ansl. lesetid\" \/>\n\t<meta name=\"twitter:data2\" content=\"3 minutter\" \/>\n<script type=\"application\/ld+json\" class=\"yoast-schema-graph\">{\"@context\":\"https:\/\/schema.org\",\"@graph\":[{\"@type\":\"Article\",\"@id\":\"https:\/\/nordnesrepublikken.no\/index.php\/2025\/11\/27\/spanias-julearbeidsregler-sannheten-om-24-og-31-desember\/#article\",\"isPartOf\":{\"@id\":\"https:\/\/nordnesrepublikken.no\/index.php\/2025\/11\/27\/spanias-julearbeidsregler-sannheten-om-24-og-31-desember\/\"},\"author\":{\"name\":\"Ole Andersen\",\"@id\":\"https:\/\/nordnesrepublikken.no\/#\/schema\/person\/2e7e81935bab77882fffb79296240ff1\"},\"headline\":\"Spanias julearbeidsregler: Sannheten om 24. og 31. desember\",\"datePublished\":\"2025-11-27T22:51:34+00:00\",\"dateModified\":\"2025-11-27T22:51:36+00:00\",\"mainEntityOfPage\":{\"@id\":\"https:\/\/nordnesrepublikken.no\/index.php\/2025\/11\/27\/spanias-julearbeidsregler-sannheten-om-24-og-31-desember\/\"},\"wordCount\":667,\"publisher\":{\"@id\":\"https:\/\/nordnesrepublikken.no\/#organization\"},\"image\":{\"@id\":\"https:\/\/nordnesrepublikken.no\/index.php\/2025\/11\/27\/spanias-julearbeidsregler-sannheten-om-24-og-31-desember\/#primaryimage\"},\"thumbnailUrl\":\"https:\/\/nordnesrepublikken.no\/wp-content\/uploads\/2025\/11\/1764283894_Spanias-julearbeidsregler-Sannheten-om-24-og-31-desember.jpg\",\"keywords\":[\"desember\",\"julearbeidsregler\",\"Sannheten\",\"Spanias\"],\"articleSection\":[\"Livsstil\"],\"inLanguage\":\"nb-NO\"},{\"@type\":\"WebPage\",\"@id\":\"https:\/\/nordnesrepublikken.no\/index.php\/2025\/11\/27\/spanias-julearbeidsregler-sannheten-om-24-og-31-desember\/\",\"url\":\"https:\/\/nordnesrepublikken.no\/index.php\/2025\/11\/27\/spanias-julearbeidsregler-sannheten-om-24-og-31-desember\/\",\"name\":\"Spanias julearbeidsregler: Sannheten om 24. og 31. desember - Nordnesrepublikken\",\"isPartOf\":{\"@id\":\"https:\/\/nordnesrepublikken.no\/#website\"},\"primaryImageOfPage\":{\"@id\":\"https:\/\/nordnesrepublikken.no\/index.php\/2025\/11\/27\/spanias-julearbeidsregler-sannheten-om-24-og-31-desember\/#primaryimage\"},\"image\":{\"@id\":\"https:\/\/nordnesrepublikken.no\/index.php\/2025\/11\/27\/spanias-julearbeidsregler-sannheten-om-24-og-31-desember\/#primaryimage\"},\"thumbnailUrl\":\"https:\/\/nordnesrepublikken.no\/wp-content\/uploads\/2025\/11\/1764283894_Spanias-julearbeidsregler-Sannheten-om-24-og-31-desember.jpg\",\"datePublished\":\"2025-11-27T22:51:34+00:00\",\"dateModified\":\"2025-11-27T22:51:36+00:00\",\"breadcrumb\":{\"@id\":\"https:\/\/nordnesrepublikken.no\/index.php\/2025\/11\/27\/spanias-julearbeidsregler-sannheten-om-24-og-31-desember\/#breadcrumb\"},\"inLanguage\":\"nb-NO\",\"potentialAction\":[{\"@type\":\"ReadAction\",\"target\":[\"https:\/\/nordnesrepublikken.no\/index.php\/2025\/11\/27\/spanias-julearbeidsregler-sannheten-om-24-og-31-desember\/\"]}]},{\"@type\":\"ImageObject\",\"inLanguage\":\"nb-NO\",\"@id\":\"https:\/\/nordnesrepublikken.no\/index.php\/2025\/11\/27\/spanias-julearbeidsregler-sannheten-om-24-og-31-desember\/#primaryimage\",\"url\":\"https:\/\/nordnesrepublikken.no\/wp-content\/uploads\/2025\/11\/1764283894_Spanias-julearbeidsregler-Sannheten-om-24-og-31-desember.jpg\",\"contentUrl\":\"https:\/\/nordnesrepublikken.no\/wp-content\/uploads\/2025\/11\/1764283894_Spanias-julearbeidsregler-Sannheten-om-24-og-31-desember.jpg\",\"width\":1200,\"height\":800,\"caption\":\"Spanias julearbeidsregler: Sannheten om 24. og 31. desember\"},{\"@type\":\"BreadcrumbList\",\"@id\":\"https:\/\/nordnesrepublikken.no\/index.php\/2025\/11\/27\/spanias-julearbeidsregler-sannheten-om-24-og-31-desember\/#breadcrumb\",\"itemListElement\":[{\"@type\":\"ListItem\",\"position\":1,\"name\":\"Home\",\"item\":\"https:\/\/nordnesrepublikken.no\/\"},{\"@type\":\"ListItem\",\"position\":2,\"name\":\"Spanias julearbeidsregler: Sannheten om 24. og 31. desember\"}]},{\"@type\":\"WebSite\",\"@id\":\"https:\/\/nordnesrepublikken.no\/#website\",\"url\":\"https:\/\/nordnesrepublikken.no\/\",\"name\":\"Nordnesrepublikken\",\"description\":\"Stemmer og Visjoner fra Republikkens Hjerte\",\"publisher\":{\"@id\":\"https:\/\/nordnesrepublikken.no\/#organization\"},\"potentialAction\":[{\"@type\":\"SearchAction\",\"target\":{\"@type\":\"EntryPoint\",\"urlTemplate\":\"https:\/\/nordnesrepublikken.no\/?s={search_term_string}\"},\"query-input\":{\"@type\":\"PropertyValueSpecification\",\"valueRequired\":true,\"valueName\":\"search_term_string\"}}],\"inLanguage\":\"nb-NO\"},{\"@type\":\"Organization\",\"@id\":\"https:\/\/nordnesrepublikken.no\/#organization\",\"name\":\"Nordnesrepublikken\",\"url\":\"https:\/\/nordnesrepublikken.no\/\",\"logo\":{\"@type\":\"ImageObject\",\"inLanguage\":\"nb-NO\",\"@id\":\"https:\/\/nordnesrepublikken.no\/#\/schema\/logo\/image\/\",\"url\":\"https:\/\/nordnesrepublikken.no\/wp-content\/uploads\/2025\/02\/cropped-nordnesrepublikken-2.png\",\"contentUrl\":\"https:\/\/nordnesrepublikken.no\/wp-content\/uploads\/2025\/02\/cropped-nordnesrepublikken-2.png\",\"width\":1248,\"height\":362,\"caption\":\"Nordnesrepublikken\"},\"image\":{\"@id\":\"https:\/\/nordnesrepublikken.no\/#\/schema\/logo\/image\/\"}},{\"@type\":\"Person\",\"@id\":\"https:\/\/nordnesrepublikken.no\/#\/schema\/person\/2e7e81935bab77882fffb79296240ff1\",\"name\":\"Ole Andersen\",\"image\":{\"@type\":\"ImageObject\",\"inLanguage\":\"nb-NO\",\"@id\":\"https:\/\/nordnesrepublikken.no\/#\/schema\/person\/image\/\",\"url\":\"https:\/\/nordnesrepublikken.no\/wp-content\/uploads\/2025\/02\/nordnesrepublikken-2-2-150x150.jpg\",\"contentUrl\":\"https:\/\/nordnesrepublikken.no\/wp-content\/uploads\/2025\/02\/nordnesrepublikken-2-2-150x150.jpg\",\"caption\":\"Ole Andersen\"},\"description\":\"Ettersom jeg vokste opp i Oslo, har jeg alltid v\u00e6rt fascinert av ordenes kraft og deres evne til \u00e5 skape endringer. Etter \u00e5 ha fullf\u00f8rt min utdannelse i kommunikasjon ved Universitetet i Bergen, fikk jeg muligheten til \u00e5 jobbe innen ulike medier, der jeg har s\u00f8kt \u00e5 belyse viktige samfunnssp\u00f8rsm\u00e5l. I dag, som redakt\u00f8r for Nordnesrepublikken, pr\u00f8ver jeg \u00e5 forene min kj\u00e6rlighet for journalistikk med min lidenskap for innovasjon og eventyr.\",\"sameAs\":[\"https:\/\/nordnesrepublikken.no\/\"]}]}<\/script>\n<!-- \/ Yoast SEO plugin. -->","yoast_head_json":{"title":"Spanias julearbeidsregler: Sannheten om 24. og 31. desember - Nordnesrepublikken","robots":{"index":"index","follow":"follow","max-snippet":"max-snippet:-1","max-image-preview":"max-image-preview:large","max-video-preview":"max-video-preview:-1"},"canonical":"https:\/\/nordnesrepublikken.no\/index.php\/2025\/11\/27\/spanias-julearbeidsregler-sannheten-om-24-og-31-desember\/","og_locale":"nb_NO","og_type":"article","og_title":"Spanias julearbeidsregler: Sannheten om 24. og 31. desember - Nordnesrepublikken","og_description":"Hvert \u00e5r, ettersom Spania g\u00e5r inn i julemodus og gatene fylles med lys, markeder og","og_url":"https:\/\/nordnesrepublikken.no\/index.php\/2025\/11\/27\/spanias-julearbeidsregler-sannheten-om-24-og-31-desember\/","og_site_name":"Nordnesrepublikken","article_published_time":"2025-11-27T22:51:34+00:00","article_modified_time":"2025-11-27T22:51:36+00:00","og_image":[{"width":1200,"height":800,"url":"https:\/\/nordnesrepublikken.no\/wp-content\/uploads\/2025\/11\/1764283894_Spanias-julearbeidsregler-Sannheten-om-24-og-31-desember.jpg","type":"image\/jpeg"}],"author":"Ole Andersen","twitter_card":"summary_large_image","twitter_misc":{"Skrevet av":"Ole Andersen","Ansl. lesetid":"3 minutter"},"schema":{"@context":"https:\/\/schema.org","@graph":[{"@type":"Article","@id":"https:\/\/nordnesrepublikken.no\/index.php\/2025\/11\/27\/spanias-julearbeidsregler-sannheten-om-24-og-31-desember\/#article","isPartOf":{"@id":"https:\/\/nordnesrepublikken.no\/index.php\/2025\/11\/27\/spanias-julearbeidsregler-sannheten-om-24-og-31-desember\/"},"author":{"name":"Ole Andersen","@id":"https:\/\/nordnesrepublikken.no\/#\/schema\/person\/2e7e81935bab77882fffb79296240ff1"},"headline":"Spanias julearbeidsregler: Sannheten om 24. og 31. desember","datePublished":"2025-11-27T22:51:34+00:00","dateModified":"2025-11-27T22:51:36+00:00","mainEntityOfPage":{"@id":"https:\/\/nordnesrepublikken.no\/index.php\/2025\/11\/27\/spanias-julearbeidsregler-sannheten-om-24-og-31-desember\/"},"wordCount":667,"publisher":{"@id":"https:\/\/nordnesrepublikken.no\/#organization"},"image":{"@id":"https:\/\/nordnesrepublikken.no\/index.php\/2025\/11\/27\/spanias-julearbeidsregler-sannheten-om-24-og-31-desember\/#primaryimage"},"thumbnailUrl":"https:\/\/nordnesrepublikken.no\/wp-content\/uploads\/2025\/11\/1764283894_Spanias-julearbeidsregler-Sannheten-om-24-og-31-desember.jpg","keywords":["desember","julearbeidsregler","Sannheten","Spanias"],"articleSection":["Livsstil"],"inLanguage":"nb-NO"},{"@type":"WebPage","@id":"https:\/\/nordnesrepublikken.no\/index.php\/2025\/11\/27\/spanias-julearbeidsregler-sannheten-om-24-og-31-desember\/","url":"https:\/\/nordnesrepublikken.no\/index.php\/2025\/11\/27\/spanias-julearbeidsregler-sannheten-om-24-og-31-desember\/","name":"Spanias julearbeidsregler: Sannheten om 24. og 31. desember - Nordnesrepublikken","isPartOf":{"@id":"https:\/\/nordnesrepublikken.no\/#website"},"primaryImageOfPage":{"@id":"https:\/\/nordnesrepublikken.no\/index.php\/2025\/11\/27\/spanias-julearbeidsregler-sannheten-om-24-og-31-desember\/#primaryimage"},"image":{"@id":"https:\/\/nordnesrepublikken.no\/index.php\/2025\/11\/27\/spanias-julearbeidsregler-sannheten-om-24-og-31-desember\/#primaryimage"},"thumbnailUrl":"https:\/\/nordnesrepublikken.no\/wp-content\/uploads\/2025\/11\/1764283894_Spanias-julearbeidsregler-Sannheten-om-24-og-31-desember.jpg","datePublished":"2025-11-27T22:51:34+00:00","dateModified":"2025-11-27T22:51:36+00:00","breadcrumb":{"@id":"https:\/\/nordnesrepublikken.no\/index.php\/2025\/11\/27\/spanias-julearbeidsregler-sannheten-om-24-og-31-desember\/#breadcrumb"},"inLanguage":"nb-NO","potentialAction":[{"@type":"ReadAction","target":["https:\/\/nordnesrepublikken.no\/index.php\/2025\/11\/27\/spanias-julearbeidsregler-sannheten-om-24-og-31-desember\/"]}]},{"@type":"ImageObject","inLanguage":"nb-NO","@id":"https:\/\/nordnesrepublikken.no\/index.php\/2025\/11\/27\/spanias-julearbeidsregler-sannheten-om-24-og-31-desember\/#primaryimage","url":"https:\/\/nordnesrepublikken.no\/wp-content\/uploads\/2025\/11\/1764283894_Spanias-julearbeidsregler-Sannheten-om-24-og-31-desember.jpg","contentUrl":"https:\/\/nordnesrepublikken.no\/wp-content\/uploads\/2025\/11\/1764283894_Spanias-julearbeidsregler-Sannheten-om-24-og-31-desember.jpg","width":1200,"height":800,"caption":"Spanias julearbeidsregler: Sannheten om 24. og 31. desember"},{"@type":"BreadcrumbList","@id":"https:\/\/nordnesrepublikken.no\/index.php\/2025\/11\/27\/spanias-julearbeidsregler-sannheten-om-24-og-31-desember\/#breadcrumb","itemListElement":[{"@type":"ListItem","position":1,"name":"Home","item":"https:\/\/nordnesrepublikken.no\/"},{"@type":"ListItem","position":2,"name":"Spanias julearbeidsregler: Sannheten om 24. og 31. desember"}]},{"@type":"WebSite","@id":"https:\/\/nordnesrepublikken.no\/#website","url":"https:\/\/nordnesrepublikken.no\/","name":"Nordnesrepublikken","description":"Stemmer og Visjoner fra Republikkens Hjerte","publisher":{"@id":"https:\/\/nordnesrepublikken.no\/#organization"},"potentialAction":[{"@type":"SearchAction","target":{"@type":"EntryPoint","urlTemplate":"https:\/\/nordnesrepublikken.no\/?s={search_term_string}"},"query-input":{"@type":"PropertyValueSpecification","valueRequired":true,"valueName":"search_term_string"}}],"inLanguage":"nb-NO"},{"@type":"Organization","@id":"https:\/\/nordnesrepublikken.no\/#organization","name":"Nordnesrepublikken","url":"https:\/\/nordnesrepublikken.no\/","logo":{"@type":"ImageObject","inLanguage":"nb-NO","@id":"https:\/\/nordnesrepublikken.no\/#\/schema\/logo\/image\/","url":"https:\/\/nordnesrepublikken.no\/wp-content\/uploads\/2025\/02\/cropped-nordnesrepublikken-2.png","contentUrl":"https:\/\/nordnesrepublikken.no\/wp-content\/uploads\/2025\/02\/cropped-nordnesrepublikken-2.png","width":1248,"height":362,"caption":"Nordnesrepublikken"},"image":{"@id":"https:\/\/nordnesrepublikken.no\/#\/schema\/logo\/image\/"}},{"@type":"Person","@id":"https:\/\/nordnesrepublikken.no\/#\/schema\/person\/2e7e81935bab77882fffb79296240ff1","name":"Ole Andersen","image":{"@type":"ImageObject","inLanguage":"nb-NO","@id":"https:\/\/nordnesrepublikken.no\/#\/schema\/person\/image\/","url":"https:\/\/nordnesrepublikken.no\/wp-content\/uploads\/2025\/02\/nordnesrepublikken-2-2-150x150.jpg","contentUrl":"https:\/\/nordnesrepublikken.no\/wp-content\/uploads\/2025\/02\/nordnesrepublikken-2-2-150x150.jpg","caption":"Ole Andersen"},"description":"Ettersom jeg vokste opp i Oslo, har jeg alltid v\u00e6rt fascinert av ordenes kraft og deres evne til \u00e5 skape endringer. Etter \u00e5 ha fullf\u00f8rt min utdannelse i kommunikasjon ved Universitetet i Bergen, fikk jeg muligheten til \u00e5 jobbe innen ulike medier, der jeg har s\u00f8kt \u00e5 belyse viktige samfunnssp\u00f8rsm\u00e5l. I dag, som redakt\u00f8r for Nordnesrepublikken, pr\u00f8ver jeg \u00e5 forene min kj\u00e6rlighet for journalistikk med min lidenskap for innovasjon og eventyr.","sameAs":["https:\/\/nordnesrepublikken.no\/"]}]}},"_links":{"self":[{"href":"https:\/\/nordnesrepublikken.no\/index.php\/wp-json\/wp\/v2\/posts\/12187","targetHints":{"allow":["GET"]}}],"collection":[{"href":"https:\/\/nordnesrepublikken.no\/index.php\/wp-json\/wp\/v2\/posts"}],"about":[{"href":"https:\/\/nordnesrepublikken.no\/index.php\/wp-json\/wp\/v2\/types\/post"}],"author":[{"embeddable":true,"href":"https:\/\/nordnesrepublikken.no\/index.php\/wp-json\/wp\/v2\/users\/1"}],"replies":[{"embeddable":true,"href":"https:\/\/nordnesrepublikken.no\/index.php\/wp-json\/wp\/v2\/comments?post=12187"}],"version-history":[{"count":1,"href":"https:\/\/nordnesrepublikken.no\/index.php\/wp-json\/wp\/v2\/posts\/12187\/revisions"}],"predecessor-version":[{"id":12189,"href":"https:\/\/nordnesrepublikken.no\/index.php\/wp-json\/wp\/v2\/posts\/12187\/revisions\/12189"}],"wp:featuredmedia":[{"embeddable":true,"href":"https:\/\/nordnesrepublikken.no\/index.php\/wp-json\/wp\/v2\/media\/12188"}],"wp:attachment":[{"href":"https:\/\/nordnesrepublikken.no\/index.php\/wp-json\/wp\/v2\/media?parent=12187"}],"wp:term":[{"taxonomy":"category","embeddable":true,"href":"https:\/\/nordnesrepublikken.no\/index.php\/wp-json\/wp\/v2\/categories?post=12187"},{"taxonomy":"post_tag","embeddable":true,"href":"https:\/\/nordnesrepublikken.no\/index.php\/wp-json\/wp\/v2\/tags?post=12187"}],"curies":[{"name":"wp","href":"https:\/\/api.w.org\/{rel}","templated":true}]}}