{"id":12172,"date":"2025-11-27T14:51:53","date_gmt":"2025-11-27T13:51:53","guid":{"rendered":"https:\/\/nordnesrepublikken.no\/index.php\/2025\/11\/27\/hva-det-betyr-for-vinteren-i-italia\/"},"modified":"2025-11-27T14:51:54","modified_gmt":"2025-11-27T13:51:54","slug":"hva-det-betyr-for-vinteren-i-italia","status":"publish","type":"post","link":"https:\/\/nordnesrepublikken.no\/index.php\/2025\/11\/27\/hva-det-betyr-for-vinteren-i-italia\/","title":{"rendered":"hva det betyr for vinteren i Italia"},"content":{"rendered":"<div>\n<div class=\"cp_wrapper cp_wrapper--fw mb-30 mb-20@tablet\">\n<figure class=\"mm\"><picture class=\"img\" style=\"padding-top:56.25%\"><source  media=\"(min-width: 1024px)\"><source  media=\"(min-width: 768px)\"><\/source><\/source><\/picture><\/figure>\n<\/p><\/div>\n<p>Med den siste nedgangen i temperaturer, selv i Italia har vi begynt \u00e5 snakke om &laquo;<strong>polar virvel<\/strong>\u201d og dens svekkelse som mulig <strong>for\u00e5rsake<\/strong> av den harde vinteren som venter oss. Men hva betyr alt dette? Den polare virvelen er en slags <strong>permanent syklon over jordens poler<\/strong>drevet av sv\u00e6rt lave temperaturer. N\u00e5r denne virvelen er kompakt holder den kulden oppe, men hvis den svekkes kan den bli diskontinuerlig og derfor mer f\u00f8lsom for forstyrrelser som kommer fra troposf\u00e6ren.<\/p>\n<p>I f\u00f8lge det meteorologer har funnet, er polarvirvelen for \u00f8yeblikket &laquo;p\u00e5 et laveste niv\u00e5&raquo; og har registrert<strong> eksepsjonelt lave verdier <\/strong>vind ved 10 hPa \u2013 det laveste niv\u00e5et som noen gang er observert de siste 45 \u00e5rene \u2013 p\u00e5 grunn av en <strong>rask<\/strong> <strong>stratosf\u00e6risk oppvarming<\/strong>. La oss forst\u00e5 hvorfor en svakere polarvirvel kan f\u00f8re til en t\u00f8ffere vinter i Europa.<\/p>\n<h2>Hva er det som svekker polarvirvelen og mulige konsekvenser<\/h2>\n<p>For \u00e5 forenkle kan vi si at den polare virvelen er en slags ring av veldig sterke vinder som roterer rundt jordens poler, drevet av sv\u00e6rt lave temperaturer. Den polare virvelen er delt inn i to komponenter: en i stor h\u00f8yde (i <strong>stratosf\u00e6ren<\/strong>) med h\u00f8yhastighetsstr\u00f8mmer av en nesten sirkul\u00e6r form, og en lavere komponent (i <strong>troposf\u00e6ren<\/strong>) ved lavere breddegrad: denne komponenten kalles <strong>jetstr\u00f8m<\/strong> (eller <em>jetstr\u00f8m<\/em>).<\/p>\n<p>Rollen til disse jetstr\u00f8mmene er \u00e5 &laquo;begrense&raquo; den veldig kalde polare luften, og hindre den i \u00e5 n\u00e5 lavere breddegrader. Som forventet svekkes denne virvelen p\u00e5 grunn av en<strong> rask oppvarming av stratosf\u00e6ren<\/strong> (<em>Plutselig stratosf\u00e6risk oppvarming<\/em>SSW) som p\u00e5virker de nedre lagene, og bringer allerede kulde og sn\u00f8 til enkelte omr\u00e5der av USA og Canada.<\/p>\n<p>Faktisk, i tilfelle oppvarming i store h\u00f8yder, kan polarvirvelen svekkes eller til og med &laquo;bryte&raquo; og bli diskontinuerlig. F\u00f8lgelig kan denne svekkelsen favorisere nedstigningen av kald og ustabil luft mot v\u00e5re breddegrader.<\/p>\n<div class=\"cp_wrapper cp_wrapper--fw mb-50\">\n<figure class=\"mm\"><picture class=\"img\" style=\"padding-top:52.376910016978%\"><source  media=\"(min-width: 1024px)\"><source  media=\"(min-width: 768px)\"><img decoding=\"async\" loading=\"lazy\" src=\"https:\/\/nordnesrepublikken.no\/wp-content\/uploads\/2025\/11\/1764251513_356_hva-det-betyr-for-vinteren-i-Italia.jpg\" alt=\"polar-virvel\" width=\"1178\" height=\"617\"\/><\/source><\/source><\/picture><\/figure>\n<\/p><\/div>\n<p>Som ogs\u00e5 synlig p\u00e5 bildet ovenfor, a <strong>sterk polar virvel<\/strong> (og derfor stabil) inneb\u00e6rer en sterk polar sirkulasjon, som <strong>blokkere<\/strong> den kaldeste luften i polaromr\u00e5dene og hindrer den i \u00e5 slippe ut. Derimot har en svak polar virvel mye vanskeligere med \u00e5 inneholde kald luft. For \u00e5 forklare det enkelt er det som om, p\u00e5 grunn av SSW, <strong>et &laquo;hull&raquo; \u00e5pnet i barrieren<\/strong> <strong>som begrenser den kalde polare luften<\/strong>. P\u00e5 det tidspunktet kan denne kalde luften fra Arktis stige ned og n\u00e5 lavere breddegrader, noe som \u00f8ker sjansene for <b>kalde b\u00f8lger<\/b> p\u00e5 Italia og mer generelt p\u00e5 hele Middelhavet.<\/p>\n<h2>V\u00e6rmeldingen for de neste dagene: kommer det sn\u00f8?<\/h2>\n<p>Men derfor er det sikkert at den neste <strong>Europeisk vinter<\/strong> vil v\u00e6re <strong>spesielt stiv<\/strong>? If\u00f8lge meteorologer betyr ikke en svak polarvirvel automatisk at en iskald vintersesong er p\u00e5 vei. I mange tilfeller forblir disse forstyrrelsene i polarvirvelen begrenset til stor h\u00f8yde og endrer ikke sirkulasjonen over Europa. En mindre kompakt polar virvel kan imidlertid svekkes lettere: <strong>vi m\u00e5 derfor vente<\/strong> eventuelle endringer for st\u00f8rre sikkerhet.<\/p>\n<p>Fra et prognosesynspunkt vil v\u00e6ret i Italia stort sett v\u00e6re stabilt: al <strong>Nord, <\/strong>faktisk er det ventet sol og stabilt v\u00e6r i nesten alle sektorer frem til helgen, med maksimumstemperaturer rundt 10 \u00b0C.<\/p>\n<p>Al <strong>Senter <\/strong>det vil v\u00e6re stort sett sol eller delvis skyet frem til s\u00f8ndag i Toscana, Lazio og Umbria (maksimal temperatur mellom 8 og 11 \u00b0C), med unntak av de mer interne Apennin-omr\u00e5dene, hvor det er ventet sn\u00f8 fra 900 meter. Al <strong>S\u00f8r,<\/strong> i stedet forventes det i dag ustabilitet i Calabria, Puglia, Basilicata og Sicilia med periodisk regn og byger (makstemperaturer opp til 14 \u00b0C), mens det mellom fredag \u200b\u200bog s\u00f8ndag vil v\u00e6re stort sett sol og maksimumstemperaturer mellom 14 og 17 \u00b0C.<\/p>\n<\/p><\/div>\n","protected":false},"excerpt":{"rendered":"<p>Med den siste nedgangen i temperaturer, selv i Italia har vi begynt \u00e5 snakke om<\/p>\n","protected":false},"author":1,"featured_media":12173,"comment_status":"closed","ping_status":"open","sticky":false,"template":"","format":"standard","meta":{"footnotes":""},"categories":[26],"tags":[186,66,144,437,6997],"class_list":["post-12172","post","type-post","status-publish","format-standard","has-post-thumbnail","hentry","category-miljo","tag-betyr","tag-det","tag-hva","tag-italia","tag-vinteren","generate-columns","tablet-grid-50","mobile-grid-100","grid-parent","grid-33","resize-featured-image"],"yoast_head":"<!-- This site is optimized with the Yoast SEO plugin v24.4 - https:\/\/yoast.com\/wordpress\/plugins\/seo\/ -->\n<title>hva det betyr for vinteren i Italia - Nordnesrepublikken<\/title>\n<meta name=\"robots\" content=\"index, follow, max-snippet:-1, max-image-preview:large, max-video-preview:-1\" \/>\n<link rel=\"canonical\" href=\"https:\/\/nordnesrepublikken.no\/index.php\/2025\/11\/27\/hva-det-betyr-for-vinteren-i-italia\/\" \/>\n<meta property=\"og:locale\" content=\"nb_NO\" \/>\n<meta property=\"og:type\" content=\"article\" \/>\n<meta property=\"og:title\" content=\"hva det betyr for vinteren i Italia - Nordnesrepublikken\" \/>\n<meta property=\"og:description\" content=\"Med den siste nedgangen i temperaturer, selv i Italia har vi begynt \u00e5 snakke om\" \/>\n<meta property=\"og:url\" content=\"https:\/\/nordnesrepublikken.no\/index.php\/2025\/11\/27\/hva-det-betyr-for-vinteren-i-italia\/\" \/>\n<meta property=\"og:site_name\" content=\"Nordnesrepublikken\" \/>\n<meta property=\"article:published_time\" content=\"2025-11-27T13:51:53+00:00\" \/>\n<meta property=\"article:modified_time\" content=\"2025-11-27T13:51:54+00:00\" \/>\n<meta property=\"og:image\" content=\"https:\/\/nordnesrepublikken.no\/wp-content\/uploads\/2025\/11\/hva-det-betyr-for-vinteren-i-Italia.jpg\" \/>\n\t<meta property=\"og:image:width\" content=\"1200\" \/>\n\t<meta property=\"og:image:height\" content=\"675\" \/>\n\t<meta property=\"og:image:type\" content=\"image\/jpeg\" \/>\n<meta name=\"author\" content=\"Ole Andersen\" \/>\n<meta name=\"twitter:card\" content=\"summary_large_image\" \/>\n<meta name=\"twitter:label1\" content=\"Skrevet av\" \/>\n\t<meta name=\"twitter:data1\" content=\"Ole Andersen\" \/>\n\t<meta name=\"twitter:label2\" content=\"Ansl. lesetid\" \/>\n\t<meta name=\"twitter:data2\" content=\"3 minutter\" \/>\n<script type=\"application\/ld+json\" class=\"yoast-schema-graph\">{\"@context\":\"https:\/\/schema.org\",\"@graph\":[{\"@type\":\"Article\",\"@id\":\"https:\/\/nordnesrepublikken.no\/index.php\/2025\/11\/27\/hva-det-betyr-for-vinteren-i-italia\/#article\",\"isPartOf\":{\"@id\":\"https:\/\/nordnesrepublikken.no\/index.php\/2025\/11\/27\/hva-det-betyr-for-vinteren-i-italia\/\"},\"author\":{\"name\":\"Ole Andersen\",\"@id\":\"https:\/\/nordnesrepublikken.no\/#\/schema\/person\/2e7e81935bab77882fffb79296240ff1\"},\"headline\":\"hva det betyr for vinteren i Italia\",\"datePublished\":\"2025-11-27T13:51:53+00:00\",\"dateModified\":\"2025-11-27T13:51:54+00:00\",\"mainEntityOfPage\":{\"@id\":\"https:\/\/nordnesrepublikken.no\/index.php\/2025\/11\/27\/hva-det-betyr-for-vinteren-i-italia\/\"},\"wordCount\":619,\"publisher\":{\"@id\":\"https:\/\/nordnesrepublikken.no\/#organization\"},\"image\":{\"@id\":\"https:\/\/nordnesrepublikken.no\/index.php\/2025\/11\/27\/hva-det-betyr-for-vinteren-i-italia\/#primaryimage\"},\"thumbnailUrl\":\"https:\/\/nordnesrepublikken.no\/wp-content\/uploads\/2025\/11\/hva-det-betyr-for-vinteren-i-Italia.jpg\",\"keywords\":[\"betyr\",\"Det\",\"Hva\",\"Italia\",\"vinteren\"],\"articleSection\":[\"Milj\u00f8\"],\"inLanguage\":\"nb-NO\"},{\"@type\":\"WebPage\",\"@id\":\"https:\/\/nordnesrepublikken.no\/index.php\/2025\/11\/27\/hva-det-betyr-for-vinteren-i-italia\/\",\"url\":\"https:\/\/nordnesrepublikken.no\/index.php\/2025\/11\/27\/hva-det-betyr-for-vinteren-i-italia\/\",\"name\":\"hva det betyr for vinteren i Italia - Nordnesrepublikken\",\"isPartOf\":{\"@id\":\"https:\/\/nordnesrepublikken.no\/#website\"},\"primaryImageOfPage\":{\"@id\":\"https:\/\/nordnesrepublikken.no\/index.php\/2025\/11\/27\/hva-det-betyr-for-vinteren-i-italia\/#primaryimage\"},\"image\":{\"@id\":\"https:\/\/nordnesrepublikken.no\/index.php\/2025\/11\/27\/hva-det-betyr-for-vinteren-i-italia\/#primaryimage\"},\"thumbnailUrl\":\"https:\/\/nordnesrepublikken.no\/wp-content\/uploads\/2025\/11\/hva-det-betyr-for-vinteren-i-Italia.jpg\",\"datePublished\":\"2025-11-27T13:51:53+00:00\",\"dateModified\":\"2025-11-27T13:51:54+00:00\",\"breadcrumb\":{\"@id\":\"https:\/\/nordnesrepublikken.no\/index.php\/2025\/11\/27\/hva-det-betyr-for-vinteren-i-italia\/#breadcrumb\"},\"inLanguage\":\"nb-NO\",\"potentialAction\":[{\"@type\":\"ReadAction\",\"target\":[\"https:\/\/nordnesrepublikken.no\/index.php\/2025\/11\/27\/hva-det-betyr-for-vinteren-i-italia\/\"]}]},{\"@type\":\"ImageObject\",\"inLanguage\":\"nb-NO\",\"@id\":\"https:\/\/nordnesrepublikken.no\/index.php\/2025\/11\/27\/hva-det-betyr-for-vinteren-i-italia\/#primaryimage\",\"url\":\"https:\/\/nordnesrepublikken.no\/wp-content\/uploads\/2025\/11\/hva-det-betyr-for-vinteren-i-Italia.jpg\",\"contentUrl\":\"https:\/\/nordnesrepublikken.no\/wp-content\/uploads\/2025\/11\/hva-det-betyr-for-vinteren-i-Italia.jpg\",\"width\":1200,\"height\":675,\"caption\":\"vortice-polare-previsioni\"},{\"@type\":\"BreadcrumbList\",\"@id\":\"https:\/\/nordnesrepublikken.no\/index.php\/2025\/11\/27\/hva-det-betyr-for-vinteren-i-italia\/#breadcrumb\",\"itemListElement\":[{\"@type\":\"ListItem\",\"position\":1,\"name\":\"Home\",\"item\":\"https:\/\/nordnesrepublikken.no\/\"},{\"@type\":\"ListItem\",\"position\":2,\"name\":\"hva det betyr for vinteren i Italia\"}]},{\"@type\":\"WebSite\",\"@id\":\"https:\/\/nordnesrepublikken.no\/#website\",\"url\":\"https:\/\/nordnesrepublikken.no\/\",\"name\":\"Nordnesrepublikken\",\"description\":\"Stemmer og Visjoner fra Republikkens Hjerte\",\"publisher\":{\"@id\":\"https:\/\/nordnesrepublikken.no\/#organization\"},\"potentialAction\":[{\"@type\":\"SearchAction\",\"target\":{\"@type\":\"EntryPoint\",\"urlTemplate\":\"https:\/\/nordnesrepublikken.no\/?s={search_term_string}\"},\"query-input\":{\"@type\":\"PropertyValueSpecification\",\"valueRequired\":true,\"valueName\":\"search_term_string\"}}],\"inLanguage\":\"nb-NO\"},{\"@type\":\"Organization\",\"@id\":\"https:\/\/nordnesrepublikken.no\/#organization\",\"name\":\"Nordnesrepublikken\",\"url\":\"https:\/\/nordnesrepublikken.no\/\",\"logo\":{\"@type\":\"ImageObject\",\"inLanguage\":\"nb-NO\",\"@id\":\"https:\/\/nordnesrepublikken.no\/#\/schema\/logo\/image\/\",\"url\":\"https:\/\/nordnesrepublikken.no\/wp-content\/uploads\/2025\/02\/cropped-nordnesrepublikken-2.png\",\"contentUrl\":\"https:\/\/nordnesrepublikken.no\/wp-content\/uploads\/2025\/02\/cropped-nordnesrepublikken-2.png\",\"width\":1248,\"height\":362,\"caption\":\"Nordnesrepublikken\"},\"image\":{\"@id\":\"https:\/\/nordnesrepublikken.no\/#\/schema\/logo\/image\/\"}},{\"@type\":\"Person\",\"@id\":\"https:\/\/nordnesrepublikken.no\/#\/schema\/person\/2e7e81935bab77882fffb79296240ff1\",\"name\":\"Ole Andersen\",\"image\":{\"@type\":\"ImageObject\",\"inLanguage\":\"nb-NO\",\"@id\":\"https:\/\/nordnesrepublikken.no\/#\/schema\/person\/image\/\",\"url\":\"https:\/\/nordnesrepublikken.no\/wp-content\/uploads\/2025\/02\/nordnesrepublikken-2-2-150x150.jpg\",\"contentUrl\":\"https:\/\/nordnesrepublikken.no\/wp-content\/uploads\/2025\/02\/nordnesrepublikken-2-2-150x150.jpg\",\"caption\":\"Ole Andersen\"},\"description\":\"Ettersom jeg vokste opp i Oslo, har jeg alltid v\u00e6rt fascinert av ordenes kraft og deres evne til \u00e5 skape endringer. Etter \u00e5 ha fullf\u00f8rt min utdannelse i kommunikasjon ved Universitetet i Bergen, fikk jeg muligheten til \u00e5 jobbe innen ulike medier, der jeg har s\u00f8kt \u00e5 belyse viktige samfunnssp\u00f8rsm\u00e5l. I dag, som redakt\u00f8r for Nordnesrepublikken, pr\u00f8ver jeg \u00e5 forene min kj\u00e6rlighet for journalistikk med min lidenskap for innovasjon og eventyr.\",\"sameAs\":[\"https:\/\/nordnesrepublikken.no\/\"]}]}<\/script>\n<!-- \/ Yoast SEO plugin. -->","yoast_head_json":{"title":"hva det betyr for vinteren i Italia - Nordnesrepublikken","robots":{"index":"index","follow":"follow","max-snippet":"max-snippet:-1","max-image-preview":"max-image-preview:large","max-video-preview":"max-video-preview:-1"},"canonical":"https:\/\/nordnesrepublikken.no\/index.php\/2025\/11\/27\/hva-det-betyr-for-vinteren-i-italia\/","og_locale":"nb_NO","og_type":"article","og_title":"hva det betyr for vinteren i Italia - Nordnesrepublikken","og_description":"Med den siste nedgangen i temperaturer, selv i Italia har vi begynt \u00e5 snakke om","og_url":"https:\/\/nordnesrepublikken.no\/index.php\/2025\/11\/27\/hva-det-betyr-for-vinteren-i-italia\/","og_site_name":"Nordnesrepublikken","article_published_time":"2025-11-27T13:51:53+00:00","article_modified_time":"2025-11-27T13:51:54+00:00","og_image":[{"width":1200,"height":675,"url":"https:\/\/nordnesrepublikken.no\/wp-content\/uploads\/2025\/11\/hva-det-betyr-for-vinteren-i-Italia.jpg","type":"image\/jpeg"}],"author":"Ole Andersen","twitter_card":"summary_large_image","twitter_misc":{"Skrevet av":"Ole Andersen","Ansl. lesetid":"3 minutter"},"schema":{"@context":"https:\/\/schema.org","@graph":[{"@type":"Article","@id":"https:\/\/nordnesrepublikken.no\/index.php\/2025\/11\/27\/hva-det-betyr-for-vinteren-i-italia\/#article","isPartOf":{"@id":"https:\/\/nordnesrepublikken.no\/index.php\/2025\/11\/27\/hva-det-betyr-for-vinteren-i-italia\/"},"author":{"name":"Ole Andersen","@id":"https:\/\/nordnesrepublikken.no\/#\/schema\/person\/2e7e81935bab77882fffb79296240ff1"},"headline":"hva det betyr for vinteren i Italia","datePublished":"2025-11-27T13:51:53+00:00","dateModified":"2025-11-27T13:51:54+00:00","mainEntityOfPage":{"@id":"https:\/\/nordnesrepublikken.no\/index.php\/2025\/11\/27\/hva-det-betyr-for-vinteren-i-italia\/"},"wordCount":619,"publisher":{"@id":"https:\/\/nordnesrepublikken.no\/#organization"},"image":{"@id":"https:\/\/nordnesrepublikken.no\/index.php\/2025\/11\/27\/hva-det-betyr-for-vinteren-i-italia\/#primaryimage"},"thumbnailUrl":"https:\/\/nordnesrepublikken.no\/wp-content\/uploads\/2025\/11\/hva-det-betyr-for-vinteren-i-Italia.jpg","keywords":["betyr","Det","Hva","Italia","vinteren"],"articleSection":["Milj\u00f8"],"inLanguage":"nb-NO"},{"@type":"WebPage","@id":"https:\/\/nordnesrepublikken.no\/index.php\/2025\/11\/27\/hva-det-betyr-for-vinteren-i-italia\/","url":"https:\/\/nordnesrepublikken.no\/index.php\/2025\/11\/27\/hva-det-betyr-for-vinteren-i-italia\/","name":"hva det betyr for vinteren i Italia - Nordnesrepublikken","isPartOf":{"@id":"https:\/\/nordnesrepublikken.no\/#website"},"primaryImageOfPage":{"@id":"https:\/\/nordnesrepublikken.no\/index.php\/2025\/11\/27\/hva-det-betyr-for-vinteren-i-italia\/#primaryimage"},"image":{"@id":"https:\/\/nordnesrepublikken.no\/index.php\/2025\/11\/27\/hva-det-betyr-for-vinteren-i-italia\/#primaryimage"},"thumbnailUrl":"https:\/\/nordnesrepublikken.no\/wp-content\/uploads\/2025\/11\/hva-det-betyr-for-vinteren-i-Italia.jpg","datePublished":"2025-11-27T13:51:53+00:00","dateModified":"2025-11-27T13:51:54+00:00","breadcrumb":{"@id":"https:\/\/nordnesrepublikken.no\/index.php\/2025\/11\/27\/hva-det-betyr-for-vinteren-i-italia\/#breadcrumb"},"inLanguage":"nb-NO","potentialAction":[{"@type":"ReadAction","target":["https:\/\/nordnesrepublikken.no\/index.php\/2025\/11\/27\/hva-det-betyr-for-vinteren-i-italia\/"]}]},{"@type":"ImageObject","inLanguage":"nb-NO","@id":"https:\/\/nordnesrepublikken.no\/index.php\/2025\/11\/27\/hva-det-betyr-for-vinteren-i-italia\/#primaryimage","url":"https:\/\/nordnesrepublikken.no\/wp-content\/uploads\/2025\/11\/hva-det-betyr-for-vinteren-i-Italia.jpg","contentUrl":"https:\/\/nordnesrepublikken.no\/wp-content\/uploads\/2025\/11\/hva-det-betyr-for-vinteren-i-Italia.jpg","width":1200,"height":675,"caption":"vortice-polare-previsioni"},{"@type":"BreadcrumbList","@id":"https:\/\/nordnesrepublikken.no\/index.php\/2025\/11\/27\/hva-det-betyr-for-vinteren-i-italia\/#breadcrumb","itemListElement":[{"@type":"ListItem","position":1,"name":"Home","item":"https:\/\/nordnesrepublikken.no\/"},{"@type":"ListItem","position":2,"name":"hva det betyr for vinteren i Italia"}]},{"@type":"WebSite","@id":"https:\/\/nordnesrepublikken.no\/#website","url":"https:\/\/nordnesrepublikken.no\/","name":"Nordnesrepublikken","description":"Stemmer og Visjoner fra Republikkens Hjerte","publisher":{"@id":"https:\/\/nordnesrepublikken.no\/#organization"},"potentialAction":[{"@type":"SearchAction","target":{"@type":"EntryPoint","urlTemplate":"https:\/\/nordnesrepublikken.no\/?s={search_term_string}"},"query-input":{"@type":"PropertyValueSpecification","valueRequired":true,"valueName":"search_term_string"}}],"inLanguage":"nb-NO"},{"@type":"Organization","@id":"https:\/\/nordnesrepublikken.no\/#organization","name":"Nordnesrepublikken","url":"https:\/\/nordnesrepublikken.no\/","logo":{"@type":"ImageObject","inLanguage":"nb-NO","@id":"https:\/\/nordnesrepublikken.no\/#\/schema\/logo\/image\/","url":"https:\/\/nordnesrepublikken.no\/wp-content\/uploads\/2025\/02\/cropped-nordnesrepublikken-2.png","contentUrl":"https:\/\/nordnesrepublikken.no\/wp-content\/uploads\/2025\/02\/cropped-nordnesrepublikken-2.png","width":1248,"height":362,"caption":"Nordnesrepublikken"},"image":{"@id":"https:\/\/nordnesrepublikken.no\/#\/schema\/logo\/image\/"}},{"@type":"Person","@id":"https:\/\/nordnesrepublikken.no\/#\/schema\/person\/2e7e81935bab77882fffb79296240ff1","name":"Ole Andersen","image":{"@type":"ImageObject","inLanguage":"nb-NO","@id":"https:\/\/nordnesrepublikken.no\/#\/schema\/person\/image\/","url":"https:\/\/nordnesrepublikken.no\/wp-content\/uploads\/2025\/02\/nordnesrepublikken-2-2-150x150.jpg","contentUrl":"https:\/\/nordnesrepublikken.no\/wp-content\/uploads\/2025\/02\/nordnesrepublikken-2-2-150x150.jpg","caption":"Ole Andersen"},"description":"Ettersom jeg vokste opp i Oslo, har jeg alltid v\u00e6rt fascinert av ordenes kraft og deres evne til \u00e5 skape endringer. Etter \u00e5 ha fullf\u00f8rt min utdannelse i kommunikasjon ved Universitetet i Bergen, fikk jeg muligheten til \u00e5 jobbe innen ulike medier, der jeg har s\u00f8kt \u00e5 belyse viktige samfunnssp\u00f8rsm\u00e5l. I dag, som redakt\u00f8r for Nordnesrepublikken, pr\u00f8ver jeg \u00e5 forene min kj\u00e6rlighet for journalistikk med min lidenskap for innovasjon og eventyr.","sameAs":["https:\/\/nordnesrepublikken.no\/"]}]}},"_links":{"self":[{"href":"https:\/\/nordnesrepublikken.no\/index.php\/wp-json\/wp\/v2\/posts\/12172","targetHints":{"allow":["GET"]}}],"collection":[{"href":"https:\/\/nordnesrepublikken.no\/index.php\/wp-json\/wp\/v2\/posts"}],"about":[{"href":"https:\/\/nordnesrepublikken.no\/index.php\/wp-json\/wp\/v2\/types\/post"}],"author":[{"embeddable":true,"href":"https:\/\/nordnesrepublikken.no\/index.php\/wp-json\/wp\/v2\/users\/1"}],"replies":[{"embeddable":true,"href":"https:\/\/nordnesrepublikken.no\/index.php\/wp-json\/wp\/v2\/comments?post=12172"}],"version-history":[{"count":1,"href":"https:\/\/nordnesrepublikken.no\/index.php\/wp-json\/wp\/v2\/posts\/12172\/revisions"}],"predecessor-version":[{"id":12174,"href":"https:\/\/nordnesrepublikken.no\/index.php\/wp-json\/wp\/v2\/posts\/12172\/revisions\/12174"}],"wp:featuredmedia":[{"embeddable":true,"href":"https:\/\/nordnesrepublikken.no\/index.php\/wp-json\/wp\/v2\/media\/12173"}],"wp:attachment":[{"href":"https:\/\/nordnesrepublikken.no\/index.php\/wp-json\/wp\/v2\/media?parent=12172"}],"wp:term":[{"taxonomy":"category","embeddable":true,"href":"https:\/\/nordnesrepublikken.no\/index.php\/wp-json\/wp\/v2\/categories?post=12172"},{"taxonomy":"post_tag","embeddable":true,"href":"https:\/\/nordnesrepublikken.no\/index.php\/wp-json\/wp\/v2\/tags?post=12172"}],"curies":[{"name":"wp","href":"https:\/\/api.w.org\/{rel}","templated":true}]}}