{"id":12163,"date":"2025-11-27T10:51:24","date_gmt":"2025-11-27T09:51:24","guid":{"rendered":"https:\/\/nordnesrepublikken.no\/index.php\/2025\/11\/27\/thanksgiving-i-amerika-hva-feires-i-dag-og-hvorfor-historie-og-mening\/"},"modified":"2025-11-27T10:51:26","modified_gmt":"2025-11-27T09:51:26","slug":"thanksgiving-i-amerika-hva-feires-i-dag-og-hvorfor-historie-og-mening","status":"publish","type":"post","link":"https:\/\/nordnesrepublikken.no\/index.php\/2025\/11\/27\/thanksgiving-i-amerika-hva-feires-i-dag-og-hvorfor-historie-og-mening\/","title":{"rendered":"Thanksgiving i Amerika, hva feires i dag og hvorfor: historie og mening"},"content":{"rendered":"<div>\n<div class=\"cp_wrapper cp_wrapper--fw mb-30 mb-20@tablet\">\n<figure class=\"mm\"><picture class=\"img\" style=\"padding-top:56.25%\"><source  media=\"(min-width: 1024px)\"><source  media=\"(min-width: 768px)\"><\/source><\/source><\/picture><\/figure>\n<\/p><\/div>\n<p>I dag, <strong>Torsdag 27. november 2025<\/strong>feirer vi <strong>Thanksgiving Day<\/strong>en h\u00f8ytid som har blitt feiret i Amerika hvert \u00e5r siden <strong>1621<\/strong>\u00e5ret hvor jeg <strong>Pilgrimsfedre<\/strong> de feiret sammen med stammen <strong>Wampanoag<\/strong> deres brorskap og velstanden av h\u00f8sten oppn\u00e5dd takket v\u00e6re samarbeidet fra indianerne.<\/p>\n<p>Men datoen for denne feiringen endres hvert \u00e5r, fordi Thanksgiving faller <strong>den fjerde torsdagen i november<\/strong>. Ogs\u00e5 feiret i Canada, Karibien, Liberia og &#8211; mindre offisielt &#8211; ogs\u00e5 i Brasil og Filippinene, er Thanksgiving dypt f\u00f8lt i USA for sin betydning: <strong>takk for det livet gir<\/strong>samles rundt et bord med familie og venner og spise den tradisjonelle fylte kalkunen.<\/p>\n<h2>Historien om Thanksgiving Day, et symbol p\u00e5 allianse mellom engelske nybyggere og indianere<\/h2>\n<div class=\"cp_wrapper cp_wrapper--fw mb-50\">\n<figure class=\"mm\"><picture class=\"img\" style=\"padding-top:75.886075949367%\"><source  media=\"(min-width: 1024px)\"><source  media=\"(min-width: 768px)\"><img decoding=\"async\" loading=\"lazy\" src=\"https:\/\/nordnesrepublikken.no\/wp-content\/uploads\/2025\/11\/1764237084_367_Thanksgiving-i-Amerika-hva-feires-i-dag-og-hvorfor-historie.jpg\" alt=\"Bilde\" width=\"1580\" height=\"1199\"\/><\/source><\/source><\/picture><\/figure>\n<\/p><\/div>\n<p>Historien om Thanksgiving Day begynner i <strong>1621<\/strong>: \u00e5ret f\u00f8r, i 1620 i <strong>Pilgrimsfedre<\/strong>som forlot England ombord p\u00e5 Mayflower, ankom kysten av Massachusetts og grunnla Plymouth Colony.<\/p>\n<p>Her, takket v\u00e6re samarbeidet til<strong> Wampanoag indianerstamme<\/strong>de l\u00e6rte \u00e5 dyrke mais, fiske og jakte og <strong>jakte p\u00e5 kalkuner<\/strong>typiske dyr i den regionen, og garanterte dermed deres overlevelse og velstand. Bare i 1621 de engelske nybyggerne og indianerstammen<strong> de feiret h\u00f8sttakkefesten med en lunsj<\/strong> for den f\u00f8rste rike h\u00f8sten og deres gjensidige hjelp.<\/p>\n<p>I de p\u00e5f\u00f8lgende \u00e5rene fortsatte dette jubileet \u00e5 feires til forfatteren og aktivisten under den amerikanske borgerkrigen (1861-1865) <strong>Sarah Josepha Hale <\/strong>insisterte p\u00e5 \u00e5 gj\u00f8re dagen til en nasjonal h\u00f8ytid, for \u00e5 forene sjeler i slike blodige \u00e5r &#8211; akkurat som det skjedde med morsdagen &#8211; og i <strong>1863<\/strong>utropte Lincoln Thanksgiving til en nasjonal h\u00f8ytid. I 1941 satte president Franklin Delano Roosevelt definitivt datoen som den fjerde torsdagen i november.<\/p>\n<h2>Hvorfor spiser vi kalkun p\u00e5 Thanksgiving Day?<\/h2>\n<p>Blant tradisjonene i dag er det f\u00f8rst og fremst <strong>fylt kalkun<\/strong>: dette dyret spises fordi det er et symbol p\u00e5 alliansen mellom Wampanoag-stammen og pilgrimsfedrene, som en hyllest til den festlige lunsjen i 1621.<\/p>\n<p>Denne uunng\u00e5elige retten er basert p\u00e5 <strong>sl\u00f8yd kalkun<\/strong> og fylt med et fyll laget av gammelt br\u00f8d eller ris, deretter krydret med selleri, gulrot, l\u00f8k, s\u00f8tet med traneb\u00e6r og valn\u00f8tter, som bacon, p\u00f8lse og aromatiske urter kan tilsettes. Kalkunen tilberedes i ovnen i minst 3 eller 4 timer, og b\u00f8rstes hele tiden for \u00e5 gi den en perfekt og knasende bruning: Oppskriften p\u00e5 \u00e5 tilberede kalkunen er, for de som tar Thanksgiving p\u00e5 alvor, en ekte &laquo;familiehemmelighet&raquo; som overleveres fra generasjon til generasjon.<\/p>\n<p>F\u00f8r servering tilsettes kalkunen i tillegg til tytteb\u00e6rsausen <strong>saus<\/strong>en varm, tykk og smakfull saus hentet fra <strong>juice frigjort av kalkunen<\/strong> under koking blir den tyknet med en roux (blanding av smeltet sm\u00f8r og mel) og ofte smaksatt med buljong, urter og krydder. For \u00e5 fullf\u00f8re retten er det det klassiske tilbeh\u00f8ret med potetmos og gresskarpai, en gresskarpai som spises p\u00e5 slutten av m\u00e5ltidet.<\/p>\n<h2>Paraden og fotballkamper: andre Thanksgiving-tradisjoner<\/h2>\n<p>I tillegg til lunsj er det lunsj hvert \u00e5r siden 1924 &#8211; med noen unntak &#8211; p\u00e5 Thanksgiving Day <strong>tradisjonell Macy&#8217;s varehusparade<\/strong>en reklamebegivenhet som ble et ekte show (som varer i tre timer) sendt p\u00e5 TV over hele USA.<\/p>\n<p>Men ikke bare det: siden 1934 har hvert \u00e5r &#8211; ogs\u00e5 i dette tilfellet, med noen unntak &#8211; et spill av<strong> fotball<\/strong> i byen Detroit, Michigan. Tradisjonen ble f\u00f8dt fra ideen til eieren av <strong>Detroit Lions<\/strong>som bestemte seg for \u00e5 f\u00e5 laget sitt til \u00e5 spille mot Chicago Bears p\u00e5 Thanksgiving. Ideen var s\u00e5 vellykket at den gjorde Lions-kampen til et skikkelig jubileum som fra 1960-tallet ogs\u00e5 ble lagt til ettermiddagskampen til Lions. <strong>Dallas Cowboys<\/strong>.<\/p>\n<h2>Thanksgiving-ferien i Italia<\/h2>\n<p>Selv om Thanksgiving Day ikke er en tradisjonell h\u00f8ytid i v\u00e5r kultur, feires den noen steder som er det <strong>kontakter med amerikansk kultur<\/strong>som universiteter, restauranter og foreninger. Konseptet &laquo;\u00e5 takke&raquo; er \u00e5penbart veldig kj\u00e6rt i v\u00e5rt land ogs\u00e5, og det er derfor denne h\u00f8ytiden tas som utgangspunkt for \u00e5 feire og feire hjemme ogs\u00e5.<\/p>\n<p>Gitt dybden av verdiene til Thanksgiving, er dens essens ogs\u00e5 delt i Italia: selv om det ikke er noen direkte forbindelse, siden 1974, har den italienske bispekonferansen invitert &laquo;<strong>Thanksgiving Day<\/strong>\u201d, som et \u00f8yeblikk for \u00e5 takke Gud for det gode mottatt og verdsette jordens gaver.<\/p>\n<\/p><\/div>\n","protected":false},"excerpt":{"rendered":"<p>I dag, Torsdag 27. november 2025feirer vi Thanksgiving Dayen h\u00f8ytid som har blitt feiret i<\/p>\n","protected":false},"author":1,"featured_media":12164,"comment_status":"closed","ping_status":"open","sticky":false,"template":"","format":"standard","meta":{"footnotes":""},"categories":[104],"tags":[1497,568,102,331,144,101,7122,7959],"class_list":["post-12163","post","type-post","status-publish","format-standard","has-post-thumbnail","hentry","category-samfunn","tag-amerika","tag-dag","tag-feires","tag-historie","tag-hva","tag-hvorfor","tag-mening","tag-thanksgiving","generate-columns","tablet-grid-50","mobile-grid-100","grid-parent","grid-33","resize-featured-image"],"yoast_head":"<!-- This site is optimized with the Yoast SEO plugin v24.4 - https:\/\/yoast.com\/wordpress\/plugins\/seo\/ -->\n<title>Thanksgiving i Amerika, hva feires i dag og hvorfor: historie og mening - Nordnesrepublikken<\/title>\n<meta name=\"robots\" content=\"index, follow, max-snippet:-1, max-image-preview:large, max-video-preview:-1\" \/>\n<link rel=\"canonical\" href=\"https:\/\/nordnesrepublikken.no\/index.php\/2025\/11\/27\/thanksgiving-i-amerika-hva-feires-i-dag-og-hvorfor-historie-og-mening\/\" \/>\n<meta property=\"og:locale\" content=\"nb_NO\" \/>\n<meta property=\"og:type\" content=\"article\" \/>\n<meta property=\"og:title\" content=\"Thanksgiving i Amerika, hva feires i dag og hvorfor: historie og mening - Nordnesrepublikken\" \/>\n<meta property=\"og:description\" content=\"I dag, Torsdag 27. november 2025feirer vi Thanksgiving Dayen h\u00f8ytid som har blitt feiret i\" \/>\n<meta property=\"og:url\" content=\"https:\/\/nordnesrepublikken.no\/index.php\/2025\/11\/27\/thanksgiving-i-amerika-hva-feires-i-dag-og-hvorfor-historie-og-mening\/\" \/>\n<meta property=\"og:site_name\" content=\"Nordnesrepublikken\" \/>\n<meta property=\"article:published_time\" content=\"2025-11-27T09:51:24+00:00\" \/>\n<meta property=\"article:modified_time\" content=\"2025-11-27T09:51:26+00:00\" \/>\n<meta property=\"og:image\" content=\"https:\/\/nordnesrepublikken.no\/wp-content\/uploads\/2025\/11\/1764237085_Thanksgiving-i-Amerika-hva-feires-i-dag-og-hvorfor-historie.jpg\" \/>\n\t<meta property=\"og:image:width\" content=\"1336\" \/>\n\t<meta property=\"og:image:height\" content=\"872\" \/>\n\t<meta property=\"og:image:type\" content=\"image\/jpeg\" \/>\n<meta name=\"author\" content=\"Ole Andersen\" \/>\n<meta name=\"twitter:card\" content=\"summary_large_image\" \/>\n<meta name=\"twitter:label1\" content=\"Skrevet av\" \/>\n\t<meta name=\"twitter:data1\" content=\"Ole Andersen\" \/>\n\t<meta name=\"twitter:label2\" content=\"Ansl. lesetid\" \/>\n\t<meta name=\"twitter:data2\" content=\"3 minutter\" \/>\n<script type=\"application\/ld+json\" class=\"yoast-schema-graph\">{\"@context\":\"https:\/\/schema.org\",\"@graph\":[{\"@type\":\"Article\",\"@id\":\"https:\/\/nordnesrepublikken.no\/index.php\/2025\/11\/27\/thanksgiving-i-amerika-hva-feires-i-dag-og-hvorfor-historie-og-mening\/#article\",\"isPartOf\":{\"@id\":\"https:\/\/nordnesrepublikken.no\/index.php\/2025\/11\/27\/thanksgiving-i-amerika-hva-feires-i-dag-og-hvorfor-historie-og-mening\/\"},\"author\":{\"name\":\"Ole Andersen\",\"@id\":\"https:\/\/nordnesrepublikken.no\/#\/schema\/person\/2e7e81935bab77882fffb79296240ff1\"},\"headline\":\"Thanksgiving i Amerika, hva feires i dag og hvorfor: historie og mening\",\"datePublished\":\"2025-11-27T09:51:24+00:00\",\"dateModified\":\"2025-11-27T09:51:26+00:00\",\"mainEntityOfPage\":{\"@id\":\"https:\/\/nordnesrepublikken.no\/index.php\/2025\/11\/27\/thanksgiving-i-amerika-hva-feires-i-dag-og-hvorfor-historie-og-mening\/\"},\"wordCount\":697,\"publisher\":{\"@id\":\"https:\/\/nordnesrepublikken.no\/#organization\"},\"image\":{\"@id\":\"https:\/\/nordnesrepublikken.no\/index.php\/2025\/11\/27\/thanksgiving-i-amerika-hva-feires-i-dag-og-hvorfor-historie-og-mening\/#primaryimage\"},\"thumbnailUrl\":\"https:\/\/nordnesrepublikken.no\/wp-content\/uploads\/2025\/11\/1764237085_Thanksgiving-i-Amerika-hva-feires-i-dag-og-hvorfor-historie.jpg\",\"keywords\":[\"Amerika\",\"dag\",\"feires\",\"historie\",\"Hva\",\"hvorfor\",\"mening\",\"Thanksgiving\"],\"articleSection\":[\"Samfunn\"],\"inLanguage\":\"nb-NO\"},{\"@type\":\"WebPage\",\"@id\":\"https:\/\/nordnesrepublikken.no\/index.php\/2025\/11\/27\/thanksgiving-i-amerika-hva-feires-i-dag-og-hvorfor-historie-og-mening\/\",\"url\":\"https:\/\/nordnesrepublikken.no\/index.php\/2025\/11\/27\/thanksgiving-i-amerika-hva-feires-i-dag-og-hvorfor-historie-og-mening\/\",\"name\":\"Thanksgiving i Amerika, hva feires i dag og hvorfor: historie og mening - Nordnesrepublikken\",\"isPartOf\":{\"@id\":\"https:\/\/nordnesrepublikken.no\/#website\"},\"primaryImageOfPage\":{\"@id\":\"https:\/\/nordnesrepublikken.no\/index.php\/2025\/11\/27\/thanksgiving-i-amerika-hva-feires-i-dag-og-hvorfor-historie-og-mening\/#primaryimage\"},\"image\":{\"@id\":\"https:\/\/nordnesrepublikken.no\/index.php\/2025\/11\/27\/thanksgiving-i-amerika-hva-feires-i-dag-og-hvorfor-historie-og-mening\/#primaryimage\"},\"thumbnailUrl\":\"https:\/\/nordnesrepublikken.no\/wp-content\/uploads\/2025\/11\/1764237085_Thanksgiving-i-Amerika-hva-feires-i-dag-og-hvorfor-historie.jpg\",\"datePublished\":\"2025-11-27T09:51:24+00:00\",\"dateModified\":\"2025-11-27T09:51:26+00:00\",\"breadcrumb\":{\"@id\":\"https:\/\/nordnesrepublikken.no\/index.php\/2025\/11\/27\/thanksgiving-i-amerika-hva-feires-i-dag-og-hvorfor-historie-og-mening\/#breadcrumb\"},\"inLanguage\":\"nb-NO\",\"potentialAction\":[{\"@type\":\"ReadAction\",\"target\":[\"https:\/\/nordnesrepublikken.no\/index.php\/2025\/11\/27\/thanksgiving-i-amerika-hva-feires-i-dag-og-hvorfor-historie-og-mening\/\"]}]},{\"@type\":\"ImageObject\",\"inLanguage\":\"nb-NO\",\"@id\":\"https:\/\/nordnesrepublikken.no\/index.php\/2025\/11\/27\/thanksgiving-i-amerika-hva-feires-i-dag-og-hvorfor-historie-og-mening\/#primaryimage\",\"url\":\"https:\/\/nordnesrepublikken.no\/wp-content\/uploads\/2025\/11\/1764237085_Thanksgiving-i-Amerika-hva-feires-i-dag-og-hvorfor-historie.jpg\",\"contentUrl\":\"https:\/\/nordnesrepublikken.no\/wp-content\/uploads\/2025\/11\/1764237085_Thanksgiving-i-Amerika-hva-feires-i-dag-og-hvorfor-historie.jpg\",\"width\":1336,\"height\":872,\"caption\":\"Thanksgiving i Amerika, hva feires i dag og hvorfor: historie og mening\"},{\"@type\":\"BreadcrumbList\",\"@id\":\"https:\/\/nordnesrepublikken.no\/index.php\/2025\/11\/27\/thanksgiving-i-amerika-hva-feires-i-dag-og-hvorfor-historie-og-mening\/#breadcrumb\",\"itemListElement\":[{\"@type\":\"ListItem\",\"position\":1,\"name\":\"Home\",\"item\":\"https:\/\/nordnesrepublikken.no\/\"},{\"@type\":\"ListItem\",\"position\":2,\"name\":\"Thanksgiving i Amerika, hva feires i dag og hvorfor: historie og mening\"}]},{\"@type\":\"WebSite\",\"@id\":\"https:\/\/nordnesrepublikken.no\/#website\",\"url\":\"https:\/\/nordnesrepublikken.no\/\",\"name\":\"Nordnesrepublikken\",\"description\":\"Stemmer og Visjoner fra Republikkens Hjerte\",\"publisher\":{\"@id\":\"https:\/\/nordnesrepublikken.no\/#organization\"},\"potentialAction\":[{\"@type\":\"SearchAction\",\"target\":{\"@type\":\"EntryPoint\",\"urlTemplate\":\"https:\/\/nordnesrepublikken.no\/?s={search_term_string}\"},\"query-input\":{\"@type\":\"PropertyValueSpecification\",\"valueRequired\":true,\"valueName\":\"search_term_string\"}}],\"inLanguage\":\"nb-NO\"},{\"@type\":\"Organization\",\"@id\":\"https:\/\/nordnesrepublikken.no\/#organization\",\"name\":\"Nordnesrepublikken\",\"url\":\"https:\/\/nordnesrepublikken.no\/\",\"logo\":{\"@type\":\"ImageObject\",\"inLanguage\":\"nb-NO\",\"@id\":\"https:\/\/nordnesrepublikken.no\/#\/schema\/logo\/image\/\",\"url\":\"https:\/\/nordnesrepublikken.no\/wp-content\/uploads\/2025\/02\/cropped-nordnesrepublikken-2.png\",\"contentUrl\":\"https:\/\/nordnesrepublikken.no\/wp-content\/uploads\/2025\/02\/cropped-nordnesrepublikken-2.png\",\"width\":1248,\"height\":362,\"caption\":\"Nordnesrepublikken\"},\"image\":{\"@id\":\"https:\/\/nordnesrepublikken.no\/#\/schema\/logo\/image\/\"}},{\"@type\":\"Person\",\"@id\":\"https:\/\/nordnesrepublikken.no\/#\/schema\/person\/2e7e81935bab77882fffb79296240ff1\",\"name\":\"Ole Andersen\",\"image\":{\"@type\":\"ImageObject\",\"inLanguage\":\"nb-NO\",\"@id\":\"https:\/\/nordnesrepublikken.no\/#\/schema\/person\/image\/\",\"url\":\"https:\/\/nordnesrepublikken.no\/wp-content\/uploads\/2025\/02\/nordnesrepublikken-2-2-150x150.jpg\",\"contentUrl\":\"https:\/\/nordnesrepublikken.no\/wp-content\/uploads\/2025\/02\/nordnesrepublikken-2-2-150x150.jpg\",\"caption\":\"Ole Andersen\"},\"description\":\"Ettersom jeg vokste opp i Oslo, har jeg alltid v\u00e6rt fascinert av ordenes kraft og deres evne til \u00e5 skape endringer. Etter \u00e5 ha fullf\u00f8rt min utdannelse i kommunikasjon ved Universitetet i Bergen, fikk jeg muligheten til \u00e5 jobbe innen ulike medier, der jeg har s\u00f8kt \u00e5 belyse viktige samfunnssp\u00f8rsm\u00e5l. I dag, som redakt\u00f8r for Nordnesrepublikken, pr\u00f8ver jeg \u00e5 forene min kj\u00e6rlighet for journalistikk med min lidenskap for innovasjon og eventyr.\",\"sameAs\":[\"https:\/\/nordnesrepublikken.no\/\"]}]}<\/script>\n<!-- \/ Yoast SEO plugin. -->","yoast_head_json":{"title":"Thanksgiving i Amerika, hva feires i dag og hvorfor: historie og mening - Nordnesrepublikken","robots":{"index":"index","follow":"follow","max-snippet":"max-snippet:-1","max-image-preview":"max-image-preview:large","max-video-preview":"max-video-preview:-1"},"canonical":"https:\/\/nordnesrepublikken.no\/index.php\/2025\/11\/27\/thanksgiving-i-amerika-hva-feires-i-dag-og-hvorfor-historie-og-mening\/","og_locale":"nb_NO","og_type":"article","og_title":"Thanksgiving i Amerika, hva feires i dag og hvorfor: historie og mening - Nordnesrepublikken","og_description":"I dag, Torsdag 27. november 2025feirer vi Thanksgiving Dayen h\u00f8ytid som har blitt feiret i","og_url":"https:\/\/nordnesrepublikken.no\/index.php\/2025\/11\/27\/thanksgiving-i-amerika-hva-feires-i-dag-og-hvorfor-historie-og-mening\/","og_site_name":"Nordnesrepublikken","article_published_time":"2025-11-27T09:51:24+00:00","article_modified_time":"2025-11-27T09:51:26+00:00","og_image":[{"width":1336,"height":872,"url":"https:\/\/nordnesrepublikken.no\/wp-content\/uploads\/2025\/11\/1764237085_Thanksgiving-i-Amerika-hva-feires-i-dag-og-hvorfor-historie.jpg","type":"image\/jpeg"}],"author":"Ole Andersen","twitter_card":"summary_large_image","twitter_misc":{"Skrevet av":"Ole Andersen","Ansl. lesetid":"3 minutter"},"schema":{"@context":"https:\/\/schema.org","@graph":[{"@type":"Article","@id":"https:\/\/nordnesrepublikken.no\/index.php\/2025\/11\/27\/thanksgiving-i-amerika-hva-feires-i-dag-og-hvorfor-historie-og-mening\/#article","isPartOf":{"@id":"https:\/\/nordnesrepublikken.no\/index.php\/2025\/11\/27\/thanksgiving-i-amerika-hva-feires-i-dag-og-hvorfor-historie-og-mening\/"},"author":{"name":"Ole Andersen","@id":"https:\/\/nordnesrepublikken.no\/#\/schema\/person\/2e7e81935bab77882fffb79296240ff1"},"headline":"Thanksgiving i Amerika, hva feires i dag og hvorfor: historie og mening","datePublished":"2025-11-27T09:51:24+00:00","dateModified":"2025-11-27T09:51:26+00:00","mainEntityOfPage":{"@id":"https:\/\/nordnesrepublikken.no\/index.php\/2025\/11\/27\/thanksgiving-i-amerika-hva-feires-i-dag-og-hvorfor-historie-og-mening\/"},"wordCount":697,"publisher":{"@id":"https:\/\/nordnesrepublikken.no\/#organization"},"image":{"@id":"https:\/\/nordnesrepublikken.no\/index.php\/2025\/11\/27\/thanksgiving-i-amerika-hva-feires-i-dag-og-hvorfor-historie-og-mening\/#primaryimage"},"thumbnailUrl":"https:\/\/nordnesrepublikken.no\/wp-content\/uploads\/2025\/11\/1764237085_Thanksgiving-i-Amerika-hva-feires-i-dag-og-hvorfor-historie.jpg","keywords":["Amerika","dag","feires","historie","Hva","hvorfor","mening","Thanksgiving"],"articleSection":["Samfunn"],"inLanguage":"nb-NO"},{"@type":"WebPage","@id":"https:\/\/nordnesrepublikken.no\/index.php\/2025\/11\/27\/thanksgiving-i-amerika-hva-feires-i-dag-og-hvorfor-historie-og-mening\/","url":"https:\/\/nordnesrepublikken.no\/index.php\/2025\/11\/27\/thanksgiving-i-amerika-hva-feires-i-dag-og-hvorfor-historie-og-mening\/","name":"Thanksgiving i Amerika, hva feires i dag og hvorfor: historie og mening - Nordnesrepublikken","isPartOf":{"@id":"https:\/\/nordnesrepublikken.no\/#website"},"primaryImageOfPage":{"@id":"https:\/\/nordnesrepublikken.no\/index.php\/2025\/11\/27\/thanksgiving-i-amerika-hva-feires-i-dag-og-hvorfor-historie-og-mening\/#primaryimage"},"image":{"@id":"https:\/\/nordnesrepublikken.no\/index.php\/2025\/11\/27\/thanksgiving-i-amerika-hva-feires-i-dag-og-hvorfor-historie-og-mening\/#primaryimage"},"thumbnailUrl":"https:\/\/nordnesrepublikken.no\/wp-content\/uploads\/2025\/11\/1764237085_Thanksgiving-i-Amerika-hva-feires-i-dag-og-hvorfor-historie.jpg","datePublished":"2025-11-27T09:51:24+00:00","dateModified":"2025-11-27T09:51:26+00:00","breadcrumb":{"@id":"https:\/\/nordnesrepublikken.no\/index.php\/2025\/11\/27\/thanksgiving-i-amerika-hva-feires-i-dag-og-hvorfor-historie-og-mening\/#breadcrumb"},"inLanguage":"nb-NO","potentialAction":[{"@type":"ReadAction","target":["https:\/\/nordnesrepublikken.no\/index.php\/2025\/11\/27\/thanksgiving-i-amerika-hva-feires-i-dag-og-hvorfor-historie-og-mening\/"]}]},{"@type":"ImageObject","inLanguage":"nb-NO","@id":"https:\/\/nordnesrepublikken.no\/index.php\/2025\/11\/27\/thanksgiving-i-amerika-hva-feires-i-dag-og-hvorfor-historie-og-mening\/#primaryimage","url":"https:\/\/nordnesrepublikken.no\/wp-content\/uploads\/2025\/11\/1764237085_Thanksgiving-i-Amerika-hva-feires-i-dag-og-hvorfor-historie.jpg","contentUrl":"https:\/\/nordnesrepublikken.no\/wp-content\/uploads\/2025\/11\/1764237085_Thanksgiving-i-Amerika-hva-feires-i-dag-og-hvorfor-historie.jpg","width":1336,"height":872,"caption":"Thanksgiving i Amerika, hva feires i dag og hvorfor: historie og mening"},{"@type":"BreadcrumbList","@id":"https:\/\/nordnesrepublikken.no\/index.php\/2025\/11\/27\/thanksgiving-i-amerika-hva-feires-i-dag-og-hvorfor-historie-og-mening\/#breadcrumb","itemListElement":[{"@type":"ListItem","position":1,"name":"Home","item":"https:\/\/nordnesrepublikken.no\/"},{"@type":"ListItem","position":2,"name":"Thanksgiving i Amerika, hva feires i dag og hvorfor: historie og mening"}]},{"@type":"WebSite","@id":"https:\/\/nordnesrepublikken.no\/#website","url":"https:\/\/nordnesrepublikken.no\/","name":"Nordnesrepublikken","description":"Stemmer og Visjoner fra Republikkens Hjerte","publisher":{"@id":"https:\/\/nordnesrepublikken.no\/#organization"},"potentialAction":[{"@type":"SearchAction","target":{"@type":"EntryPoint","urlTemplate":"https:\/\/nordnesrepublikken.no\/?s={search_term_string}"},"query-input":{"@type":"PropertyValueSpecification","valueRequired":true,"valueName":"search_term_string"}}],"inLanguage":"nb-NO"},{"@type":"Organization","@id":"https:\/\/nordnesrepublikken.no\/#organization","name":"Nordnesrepublikken","url":"https:\/\/nordnesrepublikken.no\/","logo":{"@type":"ImageObject","inLanguage":"nb-NO","@id":"https:\/\/nordnesrepublikken.no\/#\/schema\/logo\/image\/","url":"https:\/\/nordnesrepublikken.no\/wp-content\/uploads\/2025\/02\/cropped-nordnesrepublikken-2.png","contentUrl":"https:\/\/nordnesrepublikken.no\/wp-content\/uploads\/2025\/02\/cropped-nordnesrepublikken-2.png","width":1248,"height":362,"caption":"Nordnesrepublikken"},"image":{"@id":"https:\/\/nordnesrepublikken.no\/#\/schema\/logo\/image\/"}},{"@type":"Person","@id":"https:\/\/nordnesrepublikken.no\/#\/schema\/person\/2e7e81935bab77882fffb79296240ff1","name":"Ole Andersen","image":{"@type":"ImageObject","inLanguage":"nb-NO","@id":"https:\/\/nordnesrepublikken.no\/#\/schema\/person\/image\/","url":"https:\/\/nordnesrepublikken.no\/wp-content\/uploads\/2025\/02\/nordnesrepublikken-2-2-150x150.jpg","contentUrl":"https:\/\/nordnesrepublikken.no\/wp-content\/uploads\/2025\/02\/nordnesrepublikken-2-2-150x150.jpg","caption":"Ole Andersen"},"description":"Ettersom jeg vokste opp i Oslo, har jeg alltid v\u00e6rt fascinert av ordenes kraft og deres evne til \u00e5 skape endringer. Etter \u00e5 ha fullf\u00f8rt min utdannelse i kommunikasjon ved Universitetet i Bergen, fikk jeg muligheten til \u00e5 jobbe innen ulike medier, der jeg har s\u00f8kt \u00e5 belyse viktige samfunnssp\u00f8rsm\u00e5l. I dag, som redakt\u00f8r for Nordnesrepublikken, pr\u00f8ver jeg \u00e5 forene min kj\u00e6rlighet for journalistikk med min lidenskap for innovasjon og eventyr.","sameAs":["https:\/\/nordnesrepublikken.no\/"]}]}},"_links":{"self":[{"href":"https:\/\/nordnesrepublikken.no\/index.php\/wp-json\/wp\/v2\/posts\/12163","targetHints":{"allow":["GET"]}}],"collection":[{"href":"https:\/\/nordnesrepublikken.no\/index.php\/wp-json\/wp\/v2\/posts"}],"about":[{"href":"https:\/\/nordnesrepublikken.no\/index.php\/wp-json\/wp\/v2\/types\/post"}],"author":[{"embeddable":true,"href":"https:\/\/nordnesrepublikken.no\/index.php\/wp-json\/wp\/v2\/users\/1"}],"replies":[{"embeddable":true,"href":"https:\/\/nordnesrepublikken.no\/index.php\/wp-json\/wp\/v2\/comments?post=12163"}],"version-history":[{"count":1,"href":"https:\/\/nordnesrepublikken.no\/index.php\/wp-json\/wp\/v2\/posts\/12163\/revisions"}],"predecessor-version":[{"id":12165,"href":"https:\/\/nordnesrepublikken.no\/index.php\/wp-json\/wp\/v2\/posts\/12163\/revisions\/12165"}],"wp:featuredmedia":[{"embeddable":true,"href":"https:\/\/nordnesrepublikken.no\/index.php\/wp-json\/wp\/v2\/media\/12164"}],"wp:attachment":[{"href":"https:\/\/nordnesrepublikken.no\/index.php\/wp-json\/wp\/v2\/media?parent=12163"}],"wp:term":[{"taxonomy":"category","embeddable":true,"href":"https:\/\/nordnesrepublikken.no\/index.php\/wp-json\/wp\/v2\/categories?post=12163"},{"taxonomy":"post_tag","embeddable":true,"href":"https:\/\/nordnesrepublikken.no\/index.php\/wp-json\/wp\/v2\/tags?post=12163"}],"curies":[{"name":"wp","href":"https:\/\/api.w.org\/{rel}","templated":true}]}}