{"id":12157,"date":"2025-11-27T03:51:33","date_gmt":"2025-11-27T02:51:33","guid":{"rendered":"https:\/\/nordnesrepublikken.no\/index.php\/2025\/11\/27\/hvordan-det-gar-med-esas-ministerrad\/"},"modified":"2025-11-27T03:51:36","modified_gmt":"2025-11-27T02:51:36","slug":"hvordan-det-gar-med-esas-ministerrad","status":"publish","type":"post","link":"https:\/\/nordnesrepublikken.no\/index.php\/2025\/11\/27\/hvordan-det-gar-med-esas-ministerrad\/","title":{"rendered":"hvordan det g\u00e5r med ESAs ministerr\u00e5d"},"content":{"rendered":"<div>\n<div class=\"cp_wrapper cp_wrapper--fw mb-30 mb-20@tablet\">\n<figure class=\"mm\"><picture class=\"img\" style=\"padding-top:56.25%\"><source  media=\"(min-width: 1024px)\"><source  media=\"(min-width: 768px)\"><\/source><\/source><\/picture><\/figure>\n<\/p><\/div>\n<p>Vi er kl <strong>Bremen<\/strong>i Tyskland, hvor <strong>Ministerr\u00e5d 2025<\/strong> fra European Space Agency. To dager hvor toppledelsen i ESA, sammen med ministrene for rompolitikk i medlemslandene \u2013 inkludert Italia \u2013 er <strong>bestemmer Europas fremtid i verdensrommet<\/strong> for de neste 15 \u00e5rene.<\/p>\n<p>Generaldirekt\u00f8ren for ESA <strong>Josef Aschbacher<\/strong> foreslo handlingsplanen i morgentimene <strong>Strategi 2040<\/strong>delt inn i <strong>fem hovedm\u00e5l<\/strong>:<\/p>\n<ol>\n<li><strong>Jordobservasjon<\/strong> for milj\u00f8- og klimaoverv\u00e5king;<\/li>\n<li><strong>vitenskapelig forskning og romutforskning<\/strong> gjennom romoppdrag i solsystemet;<\/li>\n<li><strong>autonomi for tilgang til rommet<\/strong> med utviklingen av europeiske b\u00e6reraketter;<\/li>\n<li><strong>\u00f8konomisk og industriell konkurranseevne<\/strong> Europeisk og sist men ikke minst<\/li>\n<li><strong>inspirere og engasjere<\/strong> statsborgerskap og politikkens sf\u00e6re.<\/li>\n<\/ol>\n<p>For \u00e5 n\u00e5 dette m\u00e5let ba ESA om et budsjett p\u00e5 <strong>22 milliarder euro<\/strong> til medlemslandene, en \u00f8kning p\u00e5 rundt 2 milliarder sammenlignet med det som ble bedt om i forrige r\u00e5d for tre \u00e5r siden, ogs\u00e5 motivert av <strong>verdensrommets stadig mer strategiske rolle<\/strong> og dens infrastrukturer har spesielt innen nasjonalt forsvar i denne spesielle historiske perioden, der EU befinner seg i klem i \u00f8st mellom krigen i Ukraina og de \u00f8kende sikkerhetstruslene som kommer fra Russland, og i vest av truslene om tilbaketrekking fra st\u00f8tten til europeisk forsvar fra USA.<\/p>\n<p>Som gjentatt av Aschbacher, befinner vi oss i dag i ett <strong>\u00abperfekt storm\u00bb <\/strong>og av denne grunn, mer enn tidligere, spiller verdensrommet en stadig mer avgj\u00f8rende del av et stort geopolitisk, \u00f8konomisk, industrielt spill som ikke bare nasjonal sikkerhet, men ogs\u00e5 milj\u00f8sp\u00f8rsm\u00e5l er avhengig av, spesielt i lys av den relative fiaskoen fra <strong>COP30 i Brasil<\/strong> \u00e5 \u00abholde i live\u00bb Paris-avtalen. Den nye ESA-strategien, if\u00f8lge Aschbacher, vil tjene til \u00e5 gj\u00f8re Europa til en hovedperson i denne utfordringen som han ser p\u00e5 som den viktigste <strong>&laquo;konkurrent&raquo;<\/strong> De <strong>USA<\/strong> (for tiden engasjert i retur av mennesker til m\u00e5nen med Artemis-programmet) og <strong>Kina<\/strong>som de siste \u00e5rene har vist enorm og rask fremgang i romsektoren.<\/p>\n<\/p><\/div>\n","protected":false},"excerpt":{"rendered":"<p>Vi er kl Bremeni Tyskland, hvor Ministerr\u00e5d 2025 fra European Space Agency. To dager hvor<\/p>\n","protected":false},"author":1,"featured_media":12158,"comment_status":"closed","ping_status":"open","sticky":false,"template":"","format":"standard","meta":{"footnotes":""},"categories":[104],"tags":[66,7989,300,112,79,7990],"class_list":["post-12157","post","type-post","status-publish","format-standard","has-post-thumbnail","hentry","category-samfunn","tag-det","tag-esas","tag-gar","tag-hvordan","tag-med","tag-ministerrad","generate-columns","tablet-grid-50","mobile-grid-100","grid-parent","grid-33","resize-featured-image"],"yoast_head":"<!-- This site is optimized with the Yoast SEO plugin v24.4 - https:\/\/yoast.com\/wordpress\/plugins\/seo\/ -->\n<title>hvordan det g\u00e5r med ESAs ministerr\u00e5d - Nordnesrepublikken<\/title>\n<meta name=\"robots\" content=\"index, follow, max-snippet:-1, max-image-preview:large, max-video-preview:-1\" \/>\n<link rel=\"canonical\" href=\"https:\/\/nordnesrepublikken.no\/index.php\/2025\/11\/27\/hvordan-det-gar-med-esas-ministerrad\/\" \/>\n<meta property=\"og:locale\" content=\"nb_NO\" \/>\n<meta property=\"og:type\" content=\"article\" \/>\n<meta property=\"og:title\" content=\"hvordan det g\u00e5r med ESAs ministerr\u00e5d - Nordnesrepublikken\" \/>\n<meta property=\"og:description\" content=\"Vi er kl Bremeni Tyskland, hvor Ministerr\u00e5d 2025 fra European Space Agency. To dager hvor\" \/>\n<meta property=\"og:url\" content=\"https:\/\/nordnesrepublikken.no\/index.php\/2025\/11\/27\/hvordan-det-gar-med-esas-ministerrad\/\" \/>\n<meta property=\"og:site_name\" content=\"Nordnesrepublikken\" \/>\n<meta property=\"article:published_time\" content=\"2025-11-27T02:51:33+00:00\" \/>\n<meta property=\"article:modified_time\" content=\"2025-11-27T02:51:36+00:00\" \/>\n<meta property=\"og:image\" content=\"https:\/\/nordnesrepublikken.no\/wp-content\/uploads\/2025\/11\/1764211893_hvordan-det-gar-med-ESAs-ministerrad.jpg\" \/>\n\t<meta property=\"og:image:width\" content=\"1890\" \/>\n\t<meta property=\"og:image:height\" content=\"1063\" \/>\n\t<meta property=\"og:image:type\" content=\"image\/jpeg\" \/>\n<meta name=\"author\" content=\"Ole Andersen\" \/>\n<meta name=\"twitter:card\" content=\"summary_large_image\" \/>\n<meta name=\"twitter:label1\" content=\"Skrevet av\" \/>\n\t<meta name=\"twitter:data1\" content=\"Ole Andersen\" \/>\n\t<meta name=\"twitter:label2\" content=\"Ansl. lesetid\" \/>\n\t<meta name=\"twitter:data2\" content=\"2 minutter\" \/>\n<script type=\"application\/ld+json\" class=\"yoast-schema-graph\">{\"@context\":\"https:\/\/schema.org\",\"@graph\":[{\"@type\":\"Article\",\"@id\":\"https:\/\/nordnesrepublikken.no\/index.php\/2025\/11\/27\/hvordan-det-gar-med-esas-ministerrad\/#article\",\"isPartOf\":{\"@id\":\"https:\/\/nordnesrepublikken.no\/index.php\/2025\/11\/27\/hvordan-det-gar-med-esas-ministerrad\/\"},\"author\":{\"name\":\"Ole Andersen\",\"@id\":\"https:\/\/nordnesrepublikken.no\/#\/schema\/person\/2e7e81935bab77882fffb79296240ff1\"},\"headline\":\"hvordan det g\u00e5r med ESAs ministerr\u00e5d\",\"datePublished\":\"2025-11-27T02:51:33+00:00\",\"dateModified\":\"2025-11-27T02:51:36+00:00\",\"mainEntityOfPage\":{\"@id\":\"https:\/\/nordnesrepublikken.no\/index.php\/2025\/11\/27\/hvordan-det-gar-med-esas-ministerrad\/\"},\"wordCount\":314,\"publisher\":{\"@id\":\"https:\/\/nordnesrepublikken.no\/#organization\"},\"image\":{\"@id\":\"https:\/\/nordnesrepublikken.no\/index.php\/2025\/11\/27\/hvordan-det-gar-med-esas-ministerrad\/#primaryimage\"},\"thumbnailUrl\":\"https:\/\/nordnesrepublikken.no\/wp-content\/uploads\/2025\/11\/1764211893_hvordan-det-gar-med-ESAs-ministerrad.jpg\",\"keywords\":[\"Det\",\"ESAs\",\"g\u00e5r\",\"Hvordan\",\"med\",\"ministerr\u00e5d\"],\"articleSection\":[\"Samfunn\"],\"inLanguage\":\"nb-NO\"},{\"@type\":\"WebPage\",\"@id\":\"https:\/\/nordnesrepublikken.no\/index.php\/2025\/11\/27\/hvordan-det-gar-med-esas-ministerrad\/\",\"url\":\"https:\/\/nordnesrepublikken.no\/index.php\/2025\/11\/27\/hvordan-det-gar-med-esas-ministerrad\/\",\"name\":\"hvordan det g\u00e5r med ESAs ministerr\u00e5d - Nordnesrepublikken\",\"isPartOf\":{\"@id\":\"https:\/\/nordnesrepublikken.no\/#website\"},\"primaryImageOfPage\":{\"@id\":\"https:\/\/nordnesrepublikken.no\/index.php\/2025\/11\/27\/hvordan-det-gar-med-esas-ministerrad\/#primaryimage\"},\"image\":{\"@id\":\"https:\/\/nordnesrepublikken.no\/index.php\/2025\/11\/27\/hvordan-det-gar-med-esas-ministerrad\/#primaryimage\"},\"thumbnailUrl\":\"https:\/\/nordnesrepublikken.no\/wp-content\/uploads\/2025\/11\/1764211893_hvordan-det-gar-med-ESAs-ministerrad.jpg\",\"datePublished\":\"2025-11-27T02:51:33+00:00\",\"dateModified\":\"2025-11-27T02:51:36+00:00\",\"breadcrumb\":{\"@id\":\"https:\/\/nordnesrepublikken.no\/index.php\/2025\/11\/27\/hvordan-det-gar-med-esas-ministerrad\/#breadcrumb\"},\"inLanguage\":\"nb-NO\",\"potentialAction\":[{\"@type\":\"ReadAction\",\"target\":[\"https:\/\/nordnesrepublikken.no\/index.php\/2025\/11\/27\/hvordan-det-gar-med-esas-ministerrad\/\"]}]},{\"@type\":\"ImageObject\",\"inLanguage\":\"nb-NO\",\"@id\":\"https:\/\/nordnesrepublikken.no\/index.php\/2025\/11\/27\/hvordan-det-gar-med-esas-ministerrad\/#primaryimage\",\"url\":\"https:\/\/nordnesrepublikken.no\/wp-content\/uploads\/2025\/11\/1764211893_hvordan-det-gar-med-ESAs-ministerrad.jpg\",\"contentUrl\":\"https:\/\/nordnesrepublikken.no\/wp-content\/uploads\/2025\/11\/1764211893_hvordan-det-gar-med-ESAs-ministerrad.jpg\",\"width\":1890,\"height\":1063,\"caption\":\"hvordan det g\u00e5r med ESAs ministerr\u00e5d\"},{\"@type\":\"BreadcrumbList\",\"@id\":\"https:\/\/nordnesrepublikken.no\/index.php\/2025\/11\/27\/hvordan-det-gar-med-esas-ministerrad\/#breadcrumb\",\"itemListElement\":[{\"@type\":\"ListItem\",\"position\":1,\"name\":\"Home\",\"item\":\"https:\/\/nordnesrepublikken.no\/\"},{\"@type\":\"ListItem\",\"position\":2,\"name\":\"hvordan det g\u00e5r med ESAs ministerr\u00e5d\"}]},{\"@type\":\"WebSite\",\"@id\":\"https:\/\/nordnesrepublikken.no\/#website\",\"url\":\"https:\/\/nordnesrepublikken.no\/\",\"name\":\"Nordnesrepublikken\",\"description\":\"Stemmer og Visjoner fra Republikkens Hjerte\",\"publisher\":{\"@id\":\"https:\/\/nordnesrepublikken.no\/#organization\"},\"potentialAction\":[{\"@type\":\"SearchAction\",\"target\":{\"@type\":\"EntryPoint\",\"urlTemplate\":\"https:\/\/nordnesrepublikken.no\/?s={search_term_string}\"},\"query-input\":{\"@type\":\"PropertyValueSpecification\",\"valueRequired\":true,\"valueName\":\"search_term_string\"}}],\"inLanguage\":\"nb-NO\"},{\"@type\":\"Organization\",\"@id\":\"https:\/\/nordnesrepublikken.no\/#organization\",\"name\":\"Nordnesrepublikken\",\"url\":\"https:\/\/nordnesrepublikken.no\/\",\"logo\":{\"@type\":\"ImageObject\",\"inLanguage\":\"nb-NO\",\"@id\":\"https:\/\/nordnesrepublikken.no\/#\/schema\/logo\/image\/\",\"url\":\"https:\/\/nordnesrepublikken.no\/wp-content\/uploads\/2025\/02\/cropped-nordnesrepublikken-2.png\",\"contentUrl\":\"https:\/\/nordnesrepublikken.no\/wp-content\/uploads\/2025\/02\/cropped-nordnesrepublikken-2.png\",\"width\":1248,\"height\":362,\"caption\":\"Nordnesrepublikken\"},\"image\":{\"@id\":\"https:\/\/nordnesrepublikken.no\/#\/schema\/logo\/image\/\"}},{\"@type\":\"Person\",\"@id\":\"https:\/\/nordnesrepublikken.no\/#\/schema\/person\/2e7e81935bab77882fffb79296240ff1\",\"name\":\"Ole Andersen\",\"image\":{\"@type\":\"ImageObject\",\"inLanguage\":\"nb-NO\",\"@id\":\"https:\/\/nordnesrepublikken.no\/#\/schema\/person\/image\/\",\"url\":\"https:\/\/nordnesrepublikken.no\/wp-content\/uploads\/2025\/02\/nordnesrepublikken-2-2-150x150.jpg\",\"contentUrl\":\"https:\/\/nordnesrepublikken.no\/wp-content\/uploads\/2025\/02\/nordnesrepublikken-2-2-150x150.jpg\",\"caption\":\"Ole Andersen\"},\"description\":\"Ettersom jeg vokste opp i Oslo, har jeg alltid v\u00e6rt fascinert av ordenes kraft og deres evne til \u00e5 skape endringer. Etter \u00e5 ha fullf\u00f8rt min utdannelse i kommunikasjon ved Universitetet i Bergen, fikk jeg muligheten til \u00e5 jobbe innen ulike medier, der jeg har s\u00f8kt \u00e5 belyse viktige samfunnssp\u00f8rsm\u00e5l. I dag, som redakt\u00f8r for Nordnesrepublikken, pr\u00f8ver jeg \u00e5 forene min kj\u00e6rlighet for journalistikk med min lidenskap for innovasjon og eventyr.\",\"sameAs\":[\"https:\/\/nordnesrepublikken.no\/\"]}]}<\/script>\n<!-- \/ Yoast SEO plugin. -->","yoast_head_json":{"title":"hvordan det g\u00e5r med ESAs ministerr\u00e5d - Nordnesrepublikken","robots":{"index":"index","follow":"follow","max-snippet":"max-snippet:-1","max-image-preview":"max-image-preview:large","max-video-preview":"max-video-preview:-1"},"canonical":"https:\/\/nordnesrepublikken.no\/index.php\/2025\/11\/27\/hvordan-det-gar-med-esas-ministerrad\/","og_locale":"nb_NO","og_type":"article","og_title":"hvordan det g\u00e5r med ESAs ministerr\u00e5d - Nordnesrepublikken","og_description":"Vi er kl Bremeni Tyskland, hvor Ministerr\u00e5d 2025 fra European Space Agency. To dager hvor","og_url":"https:\/\/nordnesrepublikken.no\/index.php\/2025\/11\/27\/hvordan-det-gar-med-esas-ministerrad\/","og_site_name":"Nordnesrepublikken","article_published_time":"2025-11-27T02:51:33+00:00","article_modified_time":"2025-11-27T02:51:36+00:00","og_image":[{"width":1890,"height":1063,"url":"https:\/\/nordnesrepublikken.no\/wp-content\/uploads\/2025\/11\/1764211893_hvordan-det-gar-med-ESAs-ministerrad.jpg","type":"image\/jpeg"}],"author":"Ole Andersen","twitter_card":"summary_large_image","twitter_misc":{"Skrevet av":"Ole Andersen","Ansl. lesetid":"2 minutter"},"schema":{"@context":"https:\/\/schema.org","@graph":[{"@type":"Article","@id":"https:\/\/nordnesrepublikken.no\/index.php\/2025\/11\/27\/hvordan-det-gar-med-esas-ministerrad\/#article","isPartOf":{"@id":"https:\/\/nordnesrepublikken.no\/index.php\/2025\/11\/27\/hvordan-det-gar-med-esas-ministerrad\/"},"author":{"name":"Ole Andersen","@id":"https:\/\/nordnesrepublikken.no\/#\/schema\/person\/2e7e81935bab77882fffb79296240ff1"},"headline":"hvordan det g\u00e5r med ESAs ministerr\u00e5d","datePublished":"2025-11-27T02:51:33+00:00","dateModified":"2025-11-27T02:51:36+00:00","mainEntityOfPage":{"@id":"https:\/\/nordnesrepublikken.no\/index.php\/2025\/11\/27\/hvordan-det-gar-med-esas-ministerrad\/"},"wordCount":314,"publisher":{"@id":"https:\/\/nordnesrepublikken.no\/#organization"},"image":{"@id":"https:\/\/nordnesrepublikken.no\/index.php\/2025\/11\/27\/hvordan-det-gar-med-esas-ministerrad\/#primaryimage"},"thumbnailUrl":"https:\/\/nordnesrepublikken.no\/wp-content\/uploads\/2025\/11\/1764211893_hvordan-det-gar-med-ESAs-ministerrad.jpg","keywords":["Det","ESAs","g\u00e5r","Hvordan","med","ministerr\u00e5d"],"articleSection":["Samfunn"],"inLanguage":"nb-NO"},{"@type":"WebPage","@id":"https:\/\/nordnesrepublikken.no\/index.php\/2025\/11\/27\/hvordan-det-gar-med-esas-ministerrad\/","url":"https:\/\/nordnesrepublikken.no\/index.php\/2025\/11\/27\/hvordan-det-gar-med-esas-ministerrad\/","name":"hvordan det g\u00e5r med ESAs ministerr\u00e5d - Nordnesrepublikken","isPartOf":{"@id":"https:\/\/nordnesrepublikken.no\/#website"},"primaryImageOfPage":{"@id":"https:\/\/nordnesrepublikken.no\/index.php\/2025\/11\/27\/hvordan-det-gar-med-esas-ministerrad\/#primaryimage"},"image":{"@id":"https:\/\/nordnesrepublikken.no\/index.php\/2025\/11\/27\/hvordan-det-gar-med-esas-ministerrad\/#primaryimage"},"thumbnailUrl":"https:\/\/nordnesrepublikken.no\/wp-content\/uploads\/2025\/11\/1764211893_hvordan-det-gar-med-ESAs-ministerrad.jpg","datePublished":"2025-11-27T02:51:33+00:00","dateModified":"2025-11-27T02:51:36+00:00","breadcrumb":{"@id":"https:\/\/nordnesrepublikken.no\/index.php\/2025\/11\/27\/hvordan-det-gar-med-esas-ministerrad\/#breadcrumb"},"inLanguage":"nb-NO","potentialAction":[{"@type":"ReadAction","target":["https:\/\/nordnesrepublikken.no\/index.php\/2025\/11\/27\/hvordan-det-gar-med-esas-ministerrad\/"]}]},{"@type":"ImageObject","inLanguage":"nb-NO","@id":"https:\/\/nordnesrepublikken.no\/index.php\/2025\/11\/27\/hvordan-det-gar-med-esas-ministerrad\/#primaryimage","url":"https:\/\/nordnesrepublikken.no\/wp-content\/uploads\/2025\/11\/1764211893_hvordan-det-gar-med-ESAs-ministerrad.jpg","contentUrl":"https:\/\/nordnesrepublikken.no\/wp-content\/uploads\/2025\/11\/1764211893_hvordan-det-gar-med-ESAs-ministerrad.jpg","width":1890,"height":1063,"caption":"hvordan det g\u00e5r med ESAs ministerr\u00e5d"},{"@type":"BreadcrumbList","@id":"https:\/\/nordnesrepublikken.no\/index.php\/2025\/11\/27\/hvordan-det-gar-med-esas-ministerrad\/#breadcrumb","itemListElement":[{"@type":"ListItem","position":1,"name":"Home","item":"https:\/\/nordnesrepublikken.no\/"},{"@type":"ListItem","position":2,"name":"hvordan det g\u00e5r med ESAs ministerr\u00e5d"}]},{"@type":"WebSite","@id":"https:\/\/nordnesrepublikken.no\/#website","url":"https:\/\/nordnesrepublikken.no\/","name":"Nordnesrepublikken","description":"Stemmer og Visjoner fra Republikkens Hjerte","publisher":{"@id":"https:\/\/nordnesrepublikken.no\/#organization"},"potentialAction":[{"@type":"SearchAction","target":{"@type":"EntryPoint","urlTemplate":"https:\/\/nordnesrepublikken.no\/?s={search_term_string}"},"query-input":{"@type":"PropertyValueSpecification","valueRequired":true,"valueName":"search_term_string"}}],"inLanguage":"nb-NO"},{"@type":"Organization","@id":"https:\/\/nordnesrepublikken.no\/#organization","name":"Nordnesrepublikken","url":"https:\/\/nordnesrepublikken.no\/","logo":{"@type":"ImageObject","inLanguage":"nb-NO","@id":"https:\/\/nordnesrepublikken.no\/#\/schema\/logo\/image\/","url":"https:\/\/nordnesrepublikken.no\/wp-content\/uploads\/2025\/02\/cropped-nordnesrepublikken-2.png","contentUrl":"https:\/\/nordnesrepublikken.no\/wp-content\/uploads\/2025\/02\/cropped-nordnesrepublikken-2.png","width":1248,"height":362,"caption":"Nordnesrepublikken"},"image":{"@id":"https:\/\/nordnesrepublikken.no\/#\/schema\/logo\/image\/"}},{"@type":"Person","@id":"https:\/\/nordnesrepublikken.no\/#\/schema\/person\/2e7e81935bab77882fffb79296240ff1","name":"Ole Andersen","image":{"@type":"ImageObject","inLanguage":"nb-NO","@id":"https:\/\/nordnesrepublikken.no\/#\/schema\/person\/image\/","url":"https:\/\/nordnesrepublikken.no\/wp-content\/uploads\/2025\/02\/nordnesrepublikken-2-2-150x150.jpg","contentUrl":"https:\/\/nordnesrepublikken.no\/wp-content\/uploads\/2025\/02\/nordnesrepublikken-2-2-150x150.jpg","caption":"Ole Andersen"},"description":"Ettersom jeg vokste opp i Oslo, har jeg alltid v\u00e6rt fascinert av ordenes kraft og deres evne til \u00e5 skape endringer. Etter \u00e5 ha fullf\u00f8rt min utdannelse i kommunikasjon ved Universitetet i Bergen, fikk jeg muligheten til \u00e5 jobbe innen ulike medier, der jeg har s\u00f8kt \u00e5 belyse viktige samfunnssp\u00f8rsm\u00e5l. I dag, som redakt\u00f8r for Nordnesrepublikken, pr\u00f8ver jeg \u00e5 forene min kj\u00e6rlighet for journalistikk med min lidenskap for innovasjon og eventyr.","sameAs":["https:\/\/nordnesrepublikken.no\/"]}]}},"_links":{"self":[{"href":"https:\/\/nordnesrepublikken.no\/index.php\/wp-json\/wp\/v2\/posts\/12157","targetHints":{"allow":["GET"]}}],"collection":[{"href":"https:\/\/nordnesrepublikken.no\/index.php\/wp-json\/wp\/v2\/posts"}],"about":[{"href":"https:\/\/nordnesrepublikken.no\/index.php\/wp-json\/wp\/v2\/types\/post"}],"author":[{"embeddable":true,"href":"https:\/\/nordnesrepublikken.no\/index.php\/wp-json\/wp\/v2\/users\/1"}],"replies":[{"embeddable":true,"href":"https:\/\/nordnesrepublikken.no\/index.php\/wp-json\/wp\/v2\/comments?post=12157"}],"version-history":[{"count":1,"href":"https:\/\/nordnesrepublikken.no\/index.php\/wp-json\/wp\/v2\/posts\/12157\/revisions"}],"predecessor-version":[{"id":12159,"href":"https:\/\/nordnesrepublikken.no\/index.php\/wp-json\/wp\/v2\/posts\/12157\/revisions\/12159"}],"wp:featuredmedia":[{"embeddable":true,"href":"https:\/\/nordnesrepublikken.no\/index.php\/wp-json\/wp\/v2\/media\/12158"}],"wp:attachment":[{"href":"https:\/\/nordnesrepublikken.no\/index.php\/wp-json\/wp\/v2\/media?parent=12157"}],"wp:term":[{"taxonomy":"category","embeddable":true,"href":"https:\/\/nordnesrepublikken.no\/index.php\/wp-json\/wp\/v2\/categories?post=12157"},{"taxonomy":"post_tag","embeddable":true,"href":"https:\/\/nordnesrepublikken.no\/index.php\/wp-json\/wp\/v2\/tags?post=12157"}],"curies":[{"name":"wp","href":"https:\/\/api.w.org\/{rel}","templated":true}]}}