{"id":12142,"date":"2025-11-26T16:50:33","date_gmt":"2025-11-26T15:50:33","guid":{"rendered":"https:\/\/nordnesrepublikken.no\/index.php\/2025\/11\/26\/120m-hoye-lavafontener-oransje-varsel\/"},"modified":"2025-11-26T16:50:38","modified_gmt":"2025-11-26T15:50:38","slug":"120m-hoye-lavafontener-oransje-varsel","status":"publish","type":"post","link":"https:\/\/nordnesrepublikken.no\/index.php\/2025\/11\/26\/120m-hoye-lavafontener-oransje-varsel\/","title":{"rendered":"120m h\u00f8ye lavafontener, oransje varsel"},"content":{"rendered":"<div>\n<div class=\"cp_wrapper cp_wrapper--fw mb-30 mb-20@tablet\">\n<figure class=\"mm\"><picture class=\"img\" style=\"padding-top:56.25%\"><source  media=\"(min-width: 1024px)\"><source  media=\"(min-width: 768px)\"><\/source><\/source><\/picture><\/figure>\n<\/p><\/div>\n<p>De <strong>Kilauea vulkan<\/strong> p\u00e5 Hawaii kom han tilbake for \u00e5 gj\u00f8re seg h\u00f8rt med en <strong>nytt utbrudd fra Halema\u02bbuma\u02bbu-krateret<\/strong>bare 3 dager etter siste episode. Som rapportert av USGS begynte eruptiv aktivitet kl <strong>14.30<\/strong> i g\u00e5r 25. november (lokal tid, 01:30 den 26. november i Italia) og produsert<strong> lavafontener<\/strong> fra nordmunningen, omtrent h\u00f8y <strong>120 meter<\/strong>.<\/p>\n<p>Det handler om <strong>37. utbrudd registrert siden 23. desember 2024<\/strong>: If\u00f8lge National Weather Service er det for \u00f8yeblikket lite vind og bl\u00e5ser fra nord\u00f8st, noe som tyder p\u00e5 at utslipp av <strong>vulkanske gasser<\/strong> de b\u00f8r fordeles mot s\u00f8r-vest. Prognoser indikerer at de fleste av <strong>vulkansk aske<\/strong> vil falle innenfor ca. 1-2 km fra eruptivventilene, mens andre finere vulkanske materialer, som f.eks. <strong>Peles h\u00e5r<\/strong> (sv\u00e6rt tynne filamenter av basaltisk glass som, transportert av vinden, kan for\u00e5rsake <strong>irritasjoner<\/strong> ved kontakt med \u00f8yne eller hud) kan transporteres til st\u00f8rre avstander (ca. 30 km).<\/p>\n<p>Myndighetene har derfor <strong>et oransje varselniv\u00e5 er utstedt<\/strong> for luftfart, fortsetter \u00e5 overv\u00e5ke vulkanen. Mellom <strong>risikoer<\/strong> de st\u00f8rre er de som er knyttet til niv\u00e5ene av vulkansk gass, hovedsakelig vanndamp (H\u2082O), karbondioksid (CO\u2082) og <strong>svoveldioksid<\/strong> (SO\u2082): sistnevnte er den potensielt farligste for menneskers helse. Faktisk kan dens reaksjon med gassene som er tilstede i atmosf\u00e6ren dannes <strong>vulkansk smog<\/strong> og dette kan igjen for\u00e5rsake luftveisproblemer hvis det er tilstede i h\u00f8ye konsentrasjoner.<\/p>\n<p>Nok en eruptiv episode, men<strong> det kommer ikke overraskende<\/strong>: Kilauea, som ligger i et lukket omr\u00e5de av Hawaii Volcanoes National Park, er en av vulkanene <strong>mest aktive og kontrollerte i verden,<\/strong> preget av sv\u00e6rt hyppige effusive utbrudd, som ogs\u00e5 gjenspeiles i dens &laquo;skjoldvulkan&raquo;-form.<\/p>\n<p>Heldigvis har disse hendelsene i de fleste tilfeller ekstremt begrenset, om noen, destruktiv kraft. For bare noen uker siden ga blant annet et utbrudd av Kilauea det sjeldne fenomenet \u00abVolnado\u00bb, en tornado av vulkansk opprinnelse.<\/p>\n<\/p><\/div>\n","protected":false},"excerpt":{"rendered":"<p>De Kilauea vulkan p\u00e5 Hawaii kom han tilbake for \u00e5 gj\u00f8re seg h\u00f8rt med en<\/p>\n","protected":false},"author":1,"featured_media":12143,"comment_status":"closed","ping_status":"open","sticky":false,"template":"","format":"standard","meta":{"footnotes":""},"categories":[24],"tags":[7979,5362,5725,224,4997],"class_list":["post-12142","post","type-post","status-publish","format-standard","has-post-thumbnail","hentry","category-vitenskap","tag-120m","tag-hoye","tag-lavafontener","tag-oransje","tag-varsel","generate-columns","tablet-grid-50","mobile-grid-100","grid-parent","grid-33","resize-featured-image"],"yoast_head":"<!-- This site is optimized with the Yoast SEO plugin v24.4 - https:\/\/yoast.com\/wordpress\/plugins\/seo\/ -->\n<title>120m h\u00f8ye lavafontener, oransje varsel - Nordnesrepublikken<\/title>\n<meta name=\"robots\" content=\"index, follow, max-snippet:-1, max-image-preview:large, max-video-preview:-1\" \/>\n<link rel=\"canonical\" href=\"https:\/\/nordnesrepublikken.no\/index.php\/2025\/11\/26\/120m-hoye-lavafontener-oransje-varsel\/\" \/>\n<meta property=\"og:locale\" content=\"nb_NO\" \/>\n<meta property=\"og:type\" content=\"article\" \/>\n<meta property=\"og:title\" content=\"120m h\u00f8ye lavafontener, oransje varsel - Nordnesrepublikken\" \/>\n<meta property=\"og:description\" content=\"De Kilauea vulkan p\u00e5 Hawaii kom han tilbake for \u00e5 gj\u00f8re seg h\u00f8rt med en\" \/>\n<meta property=\"og:url\" content=\"https:\/\/nordnesrepublikken.no\/index.php\/2025\/11\/26\/120m-hoye-lavafontener-oransje-varsel\/\" \/>\n<meta property=\"og:site_name\" content=\"Nordnesrepublikken\" \/>\n<meta property=\"article:published_time\" content=\"2025-11-26T15:50:33+00:00\" \/>\n<meta property=\"article:modified_time\" content=\"2025-11-26T15:50:38+00:00\" \/>\n<meta property=\"og:image\" content=\"https:\/\/nordnesrepublikken.no\/wp-content\/uploads\/2025\/11\/1764172234_120m-hoye-lavafontener-oransje-varsel.jpg\" \/>\n\t<meta property=\"og:image:width\" content=\"2144\" \/>\n\t<meta property=\"og:image:height\" content=\"1442\" \/>\n\t<meta property=\"og:image:type\" content=\"image\/jpeg\" \/>\n<meta name=\"author\" content=\"Ole Andersen\" \/>\n<meta name=\"twitter:card\" content=\"summary_large_image\" \/>\n<meta name=\"twitter:label1\" content=\"Skrevet av\" \/>\n\t<meta name=\"twitter:data1\" content=\"Ole Andersen\" \/>\n\t<meta name=\"twitter:label2\" content=\"Ansl. lesetid\" \/>\n\t<meta name=\"twitter:data2\" content=\"2 minutter\" \/>\n<script type=\"application\/ld+json\" class=\"yoast-schema-graph\">{\"@context\":\"https:\/\/schema.org\",\"@graph\":[{\"@type\":\"Article\",\"@id\":\"https:\/\/nordnesrepublikken.no\/index.php\/2025\/11\/26\/120m-hoye-lavafontener-oransje-varsel\/#article\",\"isPartOf\":{\"@id\":\"https:\/\/nordnesrepublikken.no\/index.php\/2025\/11\/26\/120m-hoye-lavafontener-oransje-varsel\/\"},\"author\":{\"name\":\"Ole Andersen\",\"@id\":\"https:\/\/nordnesrepublikken.no\/#\/schema\/person\/2e7e81935bab77882fffb79296240ff1\"},\"headline\":\"120m h\u00f8ye lavafontener, oransje varsel\",\"datePublished\":\"2025-11-26T15:50:33+00:00\",\"dateModified\":\"2025-11-26T15:50:38+00:00\",\"mainEntityOfPage\":{\"@id\":\"https:\/\/nordnesrepublikken.no\/index.php\/2025\/11\/26\/120m-hoye-lavafontener-oransje-varsel\/\"},\"wordCount\":313,\"publisher\":{\"@id\":\"https:\/\/nordnesrepublikken.no\/#organization\"},\"image\":{\"@id\":\"https:\/\/nordnesrepublikken.no\/index.php\/2025\/11\/26\/120m-hoye-lavafontener-oransje-varsel\/#primaryimage\"},\"thumbnailUrl\":\"https:\/\/nordnesrepublikken.no\/wp-content\/uploads\/2025\/11\/1764172234_120m-hoye-lavafontener-oransje-varsel.jpg\",\"keywords\":[\"120m\",\"h\u00f8ye\",\"lavafontener\",\"oransje\",\"varsel\"],\"articleSection\":[\"Vitenskap\"],\"inLanguage\":\"nb-NO\"},{\"@type\":\"WebPage\",\"@id\":\"https:\/\/nordnesrepublikken.no\/index.php\/2025\/11\/26\/120m-hoye-lavafontener-oransje-varsel\/\",\"url\":\"https:\/\/nordnesrepublikken.no\/index.php\/2025\/11\/26\/120m-hoye-lavafontener-oransje-varsel\/\",\"name\":\"120m h\u00f8ye lavafontener, oransje varsel - Nordnesrepublikken\",\"isPartOf\":{\"@id\":\"https:\/\/nordnesrepublikken.no\/#website\"},\"primaryImageOfPage\":{\"@id\":\"https:\/\/nordnesrepublikken.no\/index.php\/2025\/11\/26\/120m-hoye-lavafontener-oransje-varsel\/#primaryimage\"},\"image\":{\"@id\":\"https:\/\/nordnesrepublikken.no\/index.php\/2025\/11\/26\/120m-hoye-lavafontener-oransje-varsel\/#primaryimage\"},\"thumbnailUrl\":\"https:\/\/nordnesrepublikken.no\/wp-content\/uploads\/2025\/11\/1764172234_120m-hoye-lavafontener-oransje-varsel.jpg\",\"datePublished\":\"2025-11-26T15:50:33+00:00\",\"dateModified\":\"2025-11-26T15:50:38+00:00\",\"breadcrumb\":{\"@id\":\"https:\/\/nordnesrepublikken.no\/index.php\/2025\/11\/26\/120m-hoye-lavafontener-oransje-varsel\/#breadcrumb\"},\"inLanguage\":\"nb-NO\",\"potentialAction\":[{\"@type\":\"ReadAction\",\"target\":[\"https:\/\/nordnesrepublikken.no\/index.php\/2025\/11\/26\/120m-hoye-lavafontener-oransje-varsel\/\"]}]},{\"@type\":\"ImageObject\",\"inLanguage\":\"nb-NO\",\"@id\":\"https:\/\/nordnesrepublikken.no\/index.php\/2025\/11\/26\/120m-hoye-lavafontener-oransje-varsel\/#primaryimage\",\"url\":\"https:\/\/nordnesrepublikken.no\/wp-content\/uploads\/2025\/11\/1764172234_120m-hoye-lavafontener-oransje-varsel.jpg\",\"contentUrl\":\"https:\/\/nordnesrepublikken.no\/wp-content\/uploads\/2025\/11\/1764172234_120m-hoye-lavafontener-oransje-varsel.jpg\",\"width\":2144,\"height\":1442,\"caption\":\"120m h\u00f8ye lavafontener, oransje varsel\"},{\"@type\":\"BreadcrumbList\",\"@id\":\"https:\/\/nordnesrepublikken.no\/index.php\/2025\/11\/26\/120m-hoye-lavafontener-oransje-varsel\/#breadcrumb\",\"itemListElement\":[{\"@type\":\"ListItem\",\"position\":1,\"name\":\"Home\",\"item\":\"https:\/\/nordnesrepublikken.no\/\"},{\"@type\":\"ListItem\",\"position\":2,\"name\":\"120m h\u00f8ye lavafontener, oransje varsel\"}]},{\"@type\":\"WebSite\",\"@id\":\"https:\/\/nordnesrepublikken.no\/#website\",\"url\":\"https:\/\/nordnesrepublikken.no\/\",\"name\":\"Nordnesrepublikken\",\"description\":\"Stemmer og Visjoner fra Republikkens Hjerte\",\"publisher\":{\"@id\":\"https:\/\/nordnesrepublikken.no\/#organization\"},\"potentialAction\":[{\"@type\":\"SearchAction\",\"target\":{\"@type\":\"EntryPoint\",\"urlTemplate\":\"https:\/\/nordnesrepublikken.no\/?s={search_term_string}\"},\"query-input\":{\"@type\":\"PropertyValueSpecification\",\"valueRequired\":true,\"valueName\":\"search_term_string\"}}],\"inLanguage\":\"nb-NO\"},{\"@type\":\"Organization\",\"@id\":\"https:\/\/nordnesrepublikken.no\/#organization\",\"name\":\"Nordnesrepublikken\",\"url\":\"https:\/\/nordnesrepublikken.no\/\",\"logo\":{\"@type\":\"ImageObject\",\"inLanguage\":\"nb-NO\",\"@id\":\"https:\/\/nordnesrepublikken.no\/#\/schema\/logo\/image\/\",\"url\":\"https:\/\/nordnesrepublikken.no\/wp-content\/uploads\/2025\/02\/cropped-nordnesrepublikken-2.png\",\"contentUrl\":\"https:\/\/nordnesrepublikken.no\/wp-content\/uploads\/2025\/02\/cropped-nordnesrepublikken-2.png\",\"width\":1248,\"height\":362,\"caption\":\"Nordnesrepublikken\"},\"image\":{\"@id\":\"https:\/\/nordnesrepublikken.no\/#\/schema\/logo\/image\/\"}},{\"@type\":\"Person\",\"@id\":\"https:\/\/nordnesrepublikken.no\/#\/schema\/person\/2e7e81935bab77882fffb79296240ff1\",\"name\":\"Ole Andersen\",\"image\":{\"@type\":\"ImageObject\",\"inLanguage\":\"nb-NO\",\"@id\":\"https:\/\/nordnesrepublikken.no\/#\/schema\/person\/image\/\",\"url\":\"https:\/\/nordnesrepublikken.no\/wp-content\/uploads\/2025\/02\/nordnesrepublikken-2-2-150x150.jpg\",\"contentUrl\":\"https:\/\/nordnesrepublikken.no\/wp-content\/uploads\/2025\/02\/nordnesrepublikken-2-2-150x150.jpg\",\"caption\":\"Ole Andersen\"},\"description\":\"Ettersom jeg vokste opp i Oslo, har jeg alltid v\u00e6rt fascinert av ordenes kraft og deres evne til \u00e5 skape endringer. Etter \u00e5 ha fullf\u00f8rt min utdannelse i kommunikasjon ved Universitetet i Bergen, fikk jeg muligheten til \u00e5 jobbe innen ulike medier, der jeg har s\u00f8kt \u00e5 belyse viktige samfunnssp\u00f8rsm\u00e5l. I dag, som redakt\u00f8r for Nordnesrepublikken, pr\u00f8ver jeg \u00e5 forene min kj\u00e6rlighet for journalistikk med min lidenskap for innovasjon og eventyr.\",\"sameAs\":[\"https:\/\/nordnesrepublikken.no\/\"]}]}<\/script>\n<!-- \/ Yoast SEO plugin. -->","yoast_head_json":{"title":"120m h\u00f8ye lavafontener, oransje varsel - Nordnesrepublikken","robots":{"index":"index","follow":"follow","max-snippet":"max-snippet:-1","max-image-preview":"max-image-preview:large","max-video-preview":"max-video-preview:-1"},"canonical":"https:\/\/nordnesrepublikken.no\/index.php\/2025\/11\/26\/120m-hoye-lavafontener-oransje-varsel\/","og_locale":"nb_NO","og_type":"article","og_title":"120m h\u00f8ye lavafontener, oransje varsel - Nordnesrepublikken","og_description":"De Kilauea vulkan p\u00e5 Hawaii kom han tilbake for \u00e5 gj\u00f8re seg h\u00f8rt med en","og_url":"https:\/\/nordnesrepublikken.no\/index.php\/2025\/11\/26\/120m-hoye-lavafontener-oransje-varsel\/","og_site_name":"Nordnesrepublikken","article_published_time":"2025-11-26T15:50:33+00:00","article_modified_time":"2025-11-26T15:50:38+00:00","og_image":[{"width":2144,"height":1442,"url":"https:\/\/nordnesrepublikken.no\/wp-content\/uploads\/2025\/11\/1764172234_120m-hoye-lavafontener-oransje-varsel.jpg","type":"image\/jpeg"}],"author":"Ole Andersen","twitter_card":"summary_large_image","twitter_misc":{"Skrevet av":"Ole Andersen","Ansl. lesetid":"2 minutter"},"schema":{"@context":"https:\/\/schema.org","@graph":[{"@type":"Article","@id":"https:\/\/nordnesrepublikken.no\/index.php\/2025\/11\/26\/120m-hoye-lavafontener-oransje-varsel\/#article","isPartOf":{"@id":"https:\/\/nordnesrepublikken.no\/index.php\/2025\/11\/26\/120m-hoye-lavafontener-oransje-varsel\/"},"author":{"name":"Ole Andersen","@id":"https:\/\/nordnesrepublikken.no\/#\/schema\/person\/2e7e81935bab77882fffb79296240ff1"},"headline":"120m h\u00f8ye lavafontener, oransje varsel","datePublished":"2025-11-26T15:50:33+00:00","dateModified":"2025-11-26T15:50:38+00:00","mainEntityOfPage":{"@id":"https:\/\/nordnesrepublikken.no\/index.php\/2025\/11\/26\/120m-hoye-lavafontener-oransje-varsel\/"},"wordCount":313,"publisher":{"@id":"https:\/\/nordnesrepublikken.no\/#organization"},"image":{"@id":"https:\/\/nordnesrepublikken.no\/index.php\/2025\/11\/26\/120m-hoye-lavafontener-oransje-varsel\/#primaryimage"},"thumbnailUrl":"https:\/\/nordnesrepublikken.no\/wp-content\/uploads\/2025\/11\/1764172234_120m-hoye-lavafontener-oransje-varsel.jpg","keywords":["120m","h\u00f8ye","lavafontener","oransje","varsel"],"articleSection":["Vitenskap"],"inLanguage":"nb-NO"},{"@type":"WebPage","@id":"https:\/\/nordnesrepublikken.no\/index.php\/2025\/11\/26\/120m-hoye-lavafontener-oransje-varsel\/","url":"https:\/\/nordnesrepublikken.no\/index.php\/2025\/11\/26\/120m-hoye-lavafontener-oransje-varsel\/","name":"120m h\u00f8ye lavafontener, oransje varsel - Nordnesrepublikken","isPartOf":{"@id":"https:\/\/nordnesrepublikken.no\/#website"},"primaryImageOfPage":{"@id":"https:\/\/nordnesrepublikken.no\/index.php\/2025\/11\/26\/120m-hoye-lavafontener-oransje-varsel\/#primaryimage"},"image":{"@id":"https:\/\/nordnesrepublikken.no\/index.php\/2025\/11\/26\/120m-hoye-lavafontener-oransje-varsel\/#primaryimage"},"thumbnailUrl":"https:\/\/nordnesrepublikken.no\/wp-content\/uploads\/2025\/11\/1764172234_120m-hoye-lavafontener-oransje-varsel.jpg","datePublished":"2025-11-26T15:50:33+00:00","dateModified":"2025-11-26T15:50:38+00:00","breadcrumb":{"@id":"https:\/\/nordnesrepublikken.no\/index.php\/2025\/11\/26\/120m-hoye-lavafontener-oransje-varsel\/#breadcrumb"},"inLanguage":"nb-NO","potentialAction":[{"@type":"ReadAction","target":["https:\/\/nordnesrepublikken.no\/index.php\/2025\/11\/26\/120m-hoye-lavafontener-oransje-varsel\/"]}]},{"@type":"ImageObject","inLanguage":"nb-NO","@id":"https:\/\/nordnesrepublikken.no\/index.php\/2025\/11\/26\/120m-hoye-lavafontener-oransje-varsel\/#primaryimage","url":"https:\/\/nordnesrepublikken.no\/wp-content\/uploads\/2025\/11\/1764172234_120m-hoye-lavafontener-oransje-varsel.jpg","contentUrl":"https:\/\/nordnesrepublikken.no\/wp-content\/uploads\/2025\/11\/1764172234_120m-hoye-lavafontener-oransje-varsel.jpg","width":2144,"height":1442,"caption":"120m h\u00f8ye lavafontener, oransje varsel"},{"@type":"BreadcrumbList","@id":"https:\/\/nordnesrepublikken.no\/index.php\/2025\/11\/26\/120m-hoye-lavafontener-oransje-varsel\/#breadcrumb","itemListElement":[{"@type":"ListItem","position":1,"name":"Home","item":"https:\/\/nordnesrepublikken.no\/"},{"@type":"ListItem","position":2,"name":"120m h\u00f8ye lavafontener, oransje varsel"}]},{"@type":"WebSite","@id":"https:\/\/nordnesrepublikken.no\/#website","url":"https:\/\/nordnesrepublikken.no\/","name":"Nordnesrepublikken","description":"Stemmer og Visjoner fra Republikkens Hjerte","publisher":{"@id":"https:\/\/nordnesrepublikken.no\/#organization"},"potentialAction":[{"@type":"SearchAction","target":{"@type":"EntryPoint","urlTemplate":"https:\/\/nordnesrepublikken.no\/?s={search_term_string}"},"query-input":{"@type":"PropertyValueSpecification","valueRequired":true,"valueName":"search_term_string"}}],"inLanguage":"nb-NO"},{"@type":"Organization","@id":"https:\/\/nordnesrepublikken.no\/#organization","name":"Nordnesrepublikken","url":"https:\/\/nordnesrepublikken.no\/","logo":{"@type":"ImageObject","inLanguage":"nb-NO","@id":"https:\/\/nordnesrepublikken.no\/#\/schema\/logo\/image\/","url":"https:\/\/nordnesrepublikken.no\/wp-content\/uploads\/2025\/02\/cropped-nordnesrepublikken-2.png","contentUrl":"https:\/\/nordnesrepublikken.no\/wp-content\/uploads\/2025\/02\/cropped-nordnesrepublikken-2.png","width":1248,"height":362,"caption":"Nordnesrepublikken"},"image":{"@id":"https:\/\/nordnesrepublikken.no\/#\/schema\/logo\/image\/"}},{"@type":"Person","@id":"https:\/\/nordnesrepublikken.no\/#\/schema\/person\/2e7e81935bab77882fffb79296240ff1","name":"Ole Andersen","image":{"@type":"ImageObject","inLanguage":"nb-NO","@id":"https:\/\/nordnesrepublikken.no\/#\/schema\/person\/image\/","url":"https:\/\/nordnesrepublikken.no\/wp-content\/uploads\/2025\/02\/nordnesrepublikken-2-2-150x150.jpg","contentUrl":"https:\/\/nordnesrepublikken.no\/wp-content\/uploads\/2025\/02\/nordnesrepublikken-2-2-150x150.jpg","caption":"Ole Andersen"},"description":"Ettersom jeg vokste opp i Oslo, har jeg alltid v\u00e6rt fascinert av ordenes kraft og deres evne til \u00e5 skape endringer. Etter \u00e5 ha fullf\u00f8rt min utdannelse i kommunikasjon ved Universitetet i Bergen, fikk jeg muligheten til \u00e5 jobbe innen ulike medier, der jeg har s\u00f8kt \u00e5 belyse viktige samfunnssp\u00f8rsm\u00e5l. I dag, som redakt\u00f8r for Nordnesrepublikken, pr\u00f8ver jeg \u00e5 forene min kj\u00e6rlighet for journalistikk med min lidenskap for innovasjon og eventyr.","sameAs":["https:\/\/nordnesrepublikken.no\/"]}]}},"_links":{"self":[{"href":"https:\/\/nordnesrepublikken.no\/index.php\/wp-json\/wp\/v2\/posts\/12142","targetHints":{"allow":["GET"]}}],"collection":[{"href":"https:\/\/nordnesrepublikken.no\/index.php\/wp-json\/wp\/v2\/posts"}],"about":[{"href":"https:\/\/nordnesrepublikken.no\/index.php\/wp-json\/wp\/v2\/types\/post"}],"author":[{"embeddable":true,"href":"https:\/\/nordnesrepublikken.no\/index.php\/wp-json\/wp\/v2\/users\/1"}],"replies":[{"embeddable":true,"href":"https:\/\/nordnesrepublikken.no\/index.php\/wp-json\/wp\/v2\/comments?post=12142"}],"version-history":[{"count":1,"href":"https:\/\/nordnesrepublikken.no\/index.php\/wp-json\/wp\/v2\/posts\/12142\/revisions"}],"predecessor-version":[{"id":12144,"href":"https:\/\/nordnesrepublikken.no\/index.php\/wp-json\/wp\/v2\/posts\/12142\/revisions\/12144"}],"wp:featuredmedia":[{"embeddable":true,"href":"https:\/\/nordnesrepublikken.no\/index.php\/wp-json\/wp\/v2\/media\/12143"}],"wp:attachment":[{"href":"https:\/\/nordnesrepublikken.no\/index.php\/wp-json\/wp\/v2\/media?parent=12142"}],"wp:term":[{"taxonomy":"category","embeddable":true,"href":"https:\/\/nordnesrepublikken.no\/index.php\/wp-json\/wp\/v2\/categories?post=12142"},{"taxonomy":"post_tag","embeddable":true,"href":"https:\/\/nordnesrepublikken.no\/index.php\/wp-json\/wp\/v2\/tags?post=12142"}],"curies":[{"name":"wp","href":"https:\/\/api.w.org\/{rel}","templated":true}]}}