{"id":12130,"date":"2025-11-26T11:51:04","date_gmt":"2025-11-26T10:51:04","guid":{"rendered":"https:\/\/nordnesrepublikken.no\/index.php\/2025\/11\/26\/juletreprotest-forsinker-oslos-trafalgar-square-tradisjon\/"},"modified":"2025-11-26T11:51:06","modified_gmt":"2025-11-26T10:51:06","slug":"juletreprotest-forsinker-oslos-trafalgar-square-tradisjon","status":"publish","type":"post","link":"https:\/\/nordnesrepublikken.no\/index.php\/2025\/11\/26\/juletreprotest-forsinker-oslos-trafalgar-square-tradisjon\/","title":{"rendered":"Juletreprotest forsinker Oslos Trafalgar Square-tradisjon"},"content":{"rendered":"<p><\/p>\n<div class=\"wordpress-content\">\n                    <!-- Article Start --><\/p>\n<p><span style=\"font-weight: 400\"><strong>DET TRADISJONELLE juletreet som gis hvert \u00e5r fra den norske hovedstaden Oslo til London, har med suksess n\u00e5dd og blitt reist i det ber\u00f8mte sentrum av Trafalgar Square \u2026 men ikke uten noen f\u00e5 st\u00f8t i veien.<\/strong> En demonstrant hadde klatret opp i treet, i en protest mot norsk og britisk oljeindustri, og forsinket trehoggingsseremonien.<\/span><\/p>\n<h2>En demonstrant, plassert i grenene p\u00e5 det tradisjonelle treet<\/h2>\n<p><span style=\"font-weight: 400\">\u00c5rets tre, som vil markere det 79. juletreet som Oslo gis til Storbritannia, er 20 meter h\u00f8yt og rundt 65 \u00e5r gammelt, valgt ut av eksperter og kalt \u00abEver Oslo\u00bb. Men da ordf\u00f8rerne i Oslo og London, lokale skoleelever, arbeidere, ulike gjester og pressen alle ankom trehoggingsseremonien, oppdaget de en klimademonstrant som satt p\u00e5 en av grenene, og holdt et banner der det sto \u00abKeir Starmer Stopp Rose Bank Now\u00bb.<\/span><\/p>\n<p><span style=\"font-weight: 400\">Demonstranten, som var fra Extinction Rebellion, en milj\u00f8aktivistorganisasjon, var der for \u00e5 protestere mot oljevirksomheten til havs i Norges og Storbritannias deler av Nordsj\u00f8en. Spesielt protesterte mannen mot Equinor, et oljeselskap som har som m\u00e5l \u00e5 bygge Storbritannias st\u00f8rste uutbygde olje- og gassfelt kalt Rosebank. Feltet ligger omtrent 130 kilometer nordvest for Shetland og har v\u00e6rt gjenstand for mye klimaendringer, og mange hevder at det g\u00e5r direkte i strid med Storbritannias klimaforpliktelser.<\/span><\/p>\n<div class=\"sra_unit\"><link rel=\"stylesheet\" id=\"block-sra\" href=\"https:\/\/euroweeklynews.com\/wp-content\/plugins\/snack-related-articles\/dist\/css\/snack-related.min.css?250312-193541\" type=\"text\/css\" media=\"all\">\n<\/div>\n<p><span style=\"font-weight: 400\">Knut Johansson, leder av byens milj\u00f8avdeling, sa i \u00f8yeblikket: &laquo;Dette er sv\u00e6rt uheldig. Vi kan ikke fortsette med en mann oppe i treet.&raquo; Politiet m\u00e5tte tilkalles for \u00e5 eskortere demonstranten bort fra trehoggingsstedet. Etter hvert kunne trehoggingsseremonien gjenopptas, og etter at treet p\u00e5 20 meter var felt, ble et annet plantet i stedet.<\/span><\/p>\n<p><span style=\"font-weight: 400\">Treet vil se sin lysseremoni torsdag 4. desember kl. 18.00. Den blir st\u00e5ende p\u00e5 Trafalgar Square til 5. januar, da den skal tas ned og resirkuleres.<\/span><\/p>\n<h2>Tradisjonelle treproblemer<\/h2>\n<p><span style=\"font-weight: 400\">I tillegg til protesten ble noen av tr\u00e6rne som ble fraktet fra Oslo til London skadet under transport, noe som fortsetter uflakskjeden for den langvarige tradisjonen. Ikke bare dette, treet f\u00e5r ganske mye tilbakeslag \u00e5r etter \u00e5r. Tidligere \u00e5r har den lange transporten f\u00f8rt til at tr\u00e6rne har mistet grener, noe som har f\u00f8rt til at tilskuere kaller dem underveldende og til og med en &laquo;nasjonal skam&raquo;, slik tilfellet var i fjor. For mange ser det ut til at tradisjonen med \u00e5 klage p\u00e5 treet g\u00e5r h\u00e5nd i h\u00e5nd med gavene til selve treet.<\/span><\/p>\n<h2>En lang tradisjon, til tross for hikken<\/h2>\n<p><span style=\"font-weight: 400\">Til tross for uflaks har Oslo gitt Storbritannia et norsk grantre hvert \u00e5r siden 1947, som et symbol p\u00e5 takknemlighet for st\u00f8tten som ble gitt under andre verdenskrig. Selv om seremonien sjelden g\u00e5r uten problemer, forblir b\u00e5ndene mellom Norge til minne om Storbritannias hjelpende h\u00e5nd mens det tidligere landet var under nazi-tysk okkupasjon urokkelige. N\u00e5 er treet fortsatt et fyrt\u00e5rn ikke bare for juleglede, men for vennskap, stabilitet, kameratskap og h\u00e5p.<\/span><\/p>\n<p>                    <!-- Originally published at https:\/\/euroweeklynews.com\/2025\/11\/26\/christmas-tree-protest-delays-oslos-trafalgar-square-tradition\/ on 26 Nov 2025 at 7:00 by Natascha Rivera --><br \/>\n                    <!-- Article End -->\n                <\/div>\n","protected":false},"excerpt":{"rendered":"<p>DET TRADISJONELLE juletreet som gis hvert \u00e5r fra den norske hovedstaden Oslo til London, har<\/p>\n","protected":false},"author":1,"featured_media":12131,"comment_status":"closed","ping_status":"open","sticky":false,"template":"","format":"standard","meta":{"footnotes":""},"categories":[22],"tags":[3528,7970,7971,7973,7972],"class_list":["post-12130","post","type-post","status-publish","format-standard","has-post-thumbnail","hentry","category-nasjonal","tag-forsinker","tag-juletreprotest","tag-oslos","tag-squaretradisjon","tag-trafalgar","generate-columns","tablet-grid-50","mobile-grid-100","grid-parent","grid-33","resize-featured-image"],"yoast_head":"<!-- This site is optimized with the Yoast SEO plugin v24.4 - https:\/\/yoast.com\/wordpress\/plugins\/seo\/ -->\n<title>Juletreprotest forsinker Oslos Trafalgar Square-tradisjon - Nordnesrepublikken<\/title>\n<meta name=\"robots\" content=\"index, follow, max-snippet:-1, max-image-preview:large, max-video-preview:-1\" \/>\n<link rel=\"canonical\" href=\"https:\/\/nordnesrepublikken.no\/index.php\/2025\/11\/26\/juletreprotest-forsinker-oslos-trafalgar-square-tradisjon\/\" \/>\n<meta property=\"og:locale\" content=\"nb_NO\" \/>\n<meta property=\"og:type\" content=\"article\" \/>\n<meta property=\"og:title\" content=\"Juletreprotest forsinker Oslos Trafalgar Square-tradisjon - Nordnesrepublikken\" \/>\n<meta property=\"og:description\" content=\"DET TRADISJONELLE juletreet som gis hvert \u00e5r fra den norske hovedstaden Oslo til London, har\" \/>\n<meta property=\"og:url\" content=\"https:\/\/nordnesrepublikken.no\/index.php\/2025\/11\/26\/juletreprotest-forsinker-oslos-trafalgar-square-tradisjon\/\" \/>\n<meta property=\"og:site_name\" content=\"Nordnesrepublikken\" \/>\n<meta property=\"article:published_time\" content=\"2025-11-26T10:51:04+00:00\" \/>\n<meta property=\"article:modified_time\" content=\"2025-11-26T10:51:06+00:00\" \/>\n<meta property=\"og:image\" content=\"https:\/\/nordnesrepublikken.no\/wp-content\/uploads\/2025\/11\/1764154265_Juletreprotest-forsinker-Oslos-Trafalgar-Square-tradisjon.jpg\" \/>\n\t<meta property=\"og:image:width\" content=\"1200\" \/>\n\t<meta property=\"og:image:height\" content=\"675\" \/>\n\t<meta property=\"og:image:type\" content=\"image\/jpeg\" \/>\n<meta name=\"author\" content=\"Ole Andersen\" \/>\n<meta name=\"twitter:card\" content=\"summary_large_image\" \/>\n<meta name=\"twitter:label1\" content=\"Skrevet av\" \/>\n\t<meta name=\"twitter:data1\" content=\"Ole Andersen\" \/>\n\t<meta name=\"twitter:label2\" content=\"Ansl. lesetid\" \/>\n\t<meta name=\"twitter:data2\" content=\"2 minutter\" \/>\n<script type=\"application\/ld+json\" class=\"yoast-schema-graph\">{\"@context\":\"https:\/\/schema.org\",\"@graph\":[{\"@type\":\"Article\",\"@id\":\"https:\/\/nordnesrepublikken.no\/index.php\/2025\/11\/26\/juletreprotest-forsinker-oslos-trafalgar-square-tradisjon\/#article\",\"isPartOf\":{\"@id\":\"https:\/\/nordnesrepublikken.no\/index.php\/2025\/11\/26\/juletreprotest-forsinker-oslos-trafalgar-square-tradisjon\/\"},\"author\":{\"name\":\"Ole Andersen\",\"@id\":\"https:\/\/nordnesrepublikken.no\/#\/schema\/person\/2e7e81935bab77882fffb79296240ff1\"},\"headline\":\"Juletreprotest forsinker Oslos Trafalgar Square-tradisjon\",\"datePublished\":\"2025-11-26T10:51:04+00:00\",\"dateModified\":\"2025-11-26T10:51:06+00:00\",\"mainEntityOfPage\":{\"@id\":\"https:\/\/nordnesrepublikken.no\/index.php\/2025\/11\/26\/juletreprotest-forsinker-oslos-trafalgar-square-tradisjon\/\"},\"wordCount\":479,\"publisher\":{\"@id\":\"https:\/\/nordnesrepublikken.no\/#organization\"},\"image\":{\"@id\":\"https:\/\/nordnesrepublikken.no\/index.php\/2025\/11\/26\/juletreprotest-forsinker-oslos-trafalgar-square-tradisjon\/#primaryimage\"},\"thumbnailUrl\":\"https:\/\/nordnesrepublikken.no\/wp-content\/uploads\/2025\/11\/1764154265_Juletreprotest-forsinker-Oslos-Trafalgar-Square-tradisjon.jpg\",\"keywords\":[\"forsinker\",\"Juletreprotest\",\"Oslos\",\"Squaretradisjon\",\"Trafalgar\"],\"articleSection\":[\"Nasjonal\"],\"inLanguage\":\"nb-NO\"},{\"@type\":\"WebPage\",\"@id\":\"https:\/\/nordnesrepublikken.no\/index.php\/2025\/11\/26\/juletreprotest-forsinker-oslos-trafalgar-square-tradisjon\/\",\"url\":\"https:\/\/nordnesrepublikken.no\/index.php\/2025\/11\/26\/juletreprotest-forsinker-oslos-trafalgar-square-tradisjon\/\",\"name\":\"Juletreprotest forsinker Oslos Trafalgar Square-tradisjon - Nordnesrepublikken\",\"isPartOf\":{\"@id\":\"https:\/\/nordnesrepublikken.no\/#website\"},\"primaryImageOfPage\":{\"@id\":\"https:\/\/nordnesrepublikken.no\/index.php\/2025\/11\/26\/juletreprotest-forsinker-oslos-trafalgar-square-tradisjon\/#primaryimage\"},\"image\":{\"@id\":\"https:\/\/nordnesrepublikken.no\/index.php\/2025\/11\/26\/juletreprotest-forsinker-oslos-trafalgar-square-tradisjon\/#primaryimage\"},\"thumbnailUrl\":\"https:\/\/nordnesrepublikken.no\/wp-content\/uploads\/2025\/11\/1764154265_Juletreprotest-forsinker-Oslos-Trafalgar-Square-tradisjon.jpg\",\"datePublished\":\"2025-11-26T10:51:04+00:00\",\"dateModified\":\"2025-11-26T10:51:06+00:00\",\"breadcrumb\":{\"@id\":\"https:\/\/nordnesrepublikken.no\/index.php\/2025\/11\/26\/juletreprotest-forsinker-oslos-trafalgar-square-tradisjon\/#breadcrumb\"},\"inLanguage\":\"nb-NO\",\"potentialAction\":[{\"@type\":\"ReadAction\",\"target\":[\"https:\/\/nordnesrepublikken.no\/index.php\/2025\/11\/26\/juletreprotest-forsinker-oslos-trafalgar-square-tradisjon\/\"]}]},{\"@type\":\"ImageObject\",\"inLanguage\":\"nb-NO\",\"@id\":\"https:\/\/nordnesrepublikken.no\/index.php\/2025\/11\/26\/juletreprotest-forsinker-oslos-trafalgar-square-tradisjon\/#primaryimage\",\"url\":\"https:\/\/nordnesrepublikken.no\/wp-content\/uploads\/2025\/11\/1764154265_Juletreprotest-forsinker-Oslos-Trafalgar-Square-tradisjon.jpg\",\"contentUrl\":\"https:\/\/nordnesrepublikken.no\/wp-content\/uploads\/2025\/11\/1764154265_Juletreprotest-forsinker-Oslos-Trafalgar-Square-tradisjon.jpg\",\"width\":1200,\"height\":675,\"caption\":\"Juletreprotest forsinker Oslos Trafalgar Square-tradisjon\"},{\"@type\":\"BreadcrumbList\",\"@id\":\"https:\/\/nordnesrepublikken.no\/index.php\/2025\/11\/26\/juletreprotest-forsinker-oslos-trafalgar-square-tradisjon\/#breadcrumb\",\"itemListElement\":[{\"@type\":\"ListItem\",\"position\":1,\"name\":\"Home\",\"item\":\"https:\/\/nordnesrepublikken.no\/\"},{\"@type\":\"ListItem\",\"position\":2,\"name\":\"Juletreprotest forsinker Oslos Trafalgar Square-tradisjon\"}]},{\"@type\":\"WebSite\",\"@id\":\"https:\/\/nordnesrepublikken.no\/#website\",\"url\":\"https:\/\/nordnesrepublikken.no\/\",\"name\":\"Nordnesrepublikken\",\"description\":\"Stemmer og Visjoner fra Republikkens Hjerte\",\"publisher\":{\"@id\":\"https:\/\/nordnesrepublikken.no\/#organization\"},\"potentialAction\":[{\"@type\":\"SearchAction\",\"target\":{\"@type\":\"EntryPoint\",\"urlTemplate\":\"https:\/\/nordnesrepublikken.no\/?s={search_term_string}\"},\"query-input\":{\"@type\":\"PropertyValueSpecification\",\"valueRequired\":true,\"valueName\":\"search_term_string\"}}],\"inLanguage\":\"nb-NO\"},{\"@type\":\"Organization\",\"@id\":\"https:\/\/nordnesrepublikken.no\/#organization\",\"name\":\"Nordnesrepublikken\",\"url\":\"https:\/\/nordnesrepublikken.no\/\",\"logo\":{\"@type\":\"ImageObject\",\"inLanguage\":\"nb-NO\",\"@id\":\"https:\/\/nordnesrepublikken.no\/#\/schema\/logo\/image\/\",\"url\":\"https:\/\/nordnesrepublikken.no\/wp-content\/uploads\/2025\/02\/cropped-nordnesrepublikken-2.png\",\"contentUrl\":\"https:\/\/nordnesrepublikken.no\/wp-content\/uploads\/2025\/02\/cropped-nordnesrepublikken-2.png\",\"width\":1248,\"height\":362,\"caption\":\"Nordnesrepublikken\"},\"image\":{\"@id\":\"https:\/\/nordnesrepublikken.no\/#\/schema\/logo\/image\/\"}},{\"@type\":\"Person\",\"@id\":\"https:\/\/nordnesrepublikken.no\/#\/schema\/person\/2e7e81935bab77882fffb79296240ff1\",\"name\":\"Ole Andersen\",\"image\":{\"@type\":\"ImageObject\",\"inLanguage\":\"nb-NO\",\"@id\":\"https:\/\/nordnesrepublikken.no\/#\/schema\/person\/image\/\",\"url\":\"https:\/\/nordnesrepublikken.no\/wp-content\/uploads\/2025\/02\/nordnesrepublikken-2-2-150x150.jpg\",\"contentUrl\":\"https:\/\/nordnesrepublikken.no\/wp-content\/uploads\/2025\/02\/nordnesrepublikken-2-2-150x150.jpg\",\"caption\":\"Ole Andersen\"},\"description\":\"Ettersom jeg vokste opp i Oslo, har jeg alltid v\u00e6rt fascinert av ordenes kraft og deres evne til \u00e5 skape endringer. Etter \u00e5 ha fullf\u00f8rt min utdannelse i kommunikasjon ved Universitetet i Bergen, fikk jeg muligheten til \u00e5 jobbe innen ulike medier, der jeg har s\u00f8kt \u00e5 belyse viktige samfunnssp\u00f8rsm\u00e5l. I dag, som redakt\u00f8r for Nordnesrepublikken, pr\u00f8ver jeg \u00e5 forene min kj\u00e6rlighet for journalistikk med min lidenskap for innovasjon og eventyr.\",\"sameAs\":[\"https:\/\/nordnesrepublikken.no\/\"]}]}<\/script>\n<!-- \/ Yoast SEO plugin. -->","yoast_head_json":{"title":"Juletreprotest forsinker Oslos Trafalgar Square-tradisjon - Nordnesrepublikken","robots":{"index":"index","follow":"follow","max-snippet":"max-snippet:-1","max-image-preview":"max-image-preview:large","max-video-preview":"max-video-preview:-1"},"canonical":"https:\/\/nordnesrepublikken.no\/index.php\/2025\/11\/26\/juletreprotest-forsinker-oslos-trafalgar-square-tradisjon\/","og_locale":"nb_NO","og_type":"article","og_title":"Juletreprotest forsinker Oslos Trafalgar Square-tradisjon - Nordnesrepublikken","og_description":"DET TRADISJONELLE juletreet som gis hvert \u00e5r fra den norske hovedstaden Oslo til London, har","og_url":"https:\/\/nordnesrepublikken.no\/index.php\/2025\/11\/26\/juletreprotest-forsinker-oslos-trafalgar-square-tradisjon\/","og_site_name":"Nordnesrepublikken","article_published_time":"2025-11-26T10:51:04+00:00","article_modified_time":"2025-11-26T10:51:06+00:00","og_image":[{"width":1200,"height":675,"url":"https:\/\/nordnesrepublikken.no\/wp-content\/uploads\/2025\/11\/1764154265_Juletreprotest-forsinker-Oslos-Trafalgar-Square-tradisjon.jpg","type":"image\/jpeg"}],"author":"Ole Andersen","twitter_card":"summary_large_image","twitter_misc":{"Skrevet av":"Ole Andersen","Ansl. lesetid":"2 minutter"},"schema":{"@context":"https:\/\/schema.org","@graph":[{"@type":"Article","@id":"https:\/\/nordnesrepublikken.no\/index.php\/2025\/11\/26\/juletreprotest-forsinker-oslos-trafalgar-square-tradisjon\/#article","isPartOf":{"@id":"https:\/\/nordnesrepublikken.no\/index.php\/2025\/11\/26\/juletreprotest-forsinker-oslos-trafalgar-square-tradisjon\/"},"author":{"name":"Ole Andersen","@id":"https:\/\/nordnesrepublikken.no\/#\/schema\/person\/2e7e81935bab77882fffb79296240ff1"},"headline":"Juletreprotest forsinker Oslos Trafalgar Square-tradisjon","datePublished":"2025-11-26T10:51:04+00:00","dateModified":"2025-11-26T10:51:06+00:00","mainEntityOfPage":{"@id":"https:\/\/nordnesrepublikken.no\/index.php\/2025\/11\/26\/juletreprotest-forsinker-oslos-trafalgar-square-tradisjon\/"},"wordCount":479,"publisher":{"@id":"https:\/\/nordnesrepublikken.no\/#organization"},"image":{"@id":"https:\/\/nordnesrepublikken.no\/index.php\/2025\/11\/26\/juletreprotest-forsinker-oslos-trafalgar-square-tradisjon\/#primaryimage"},"thumbnailUrl":"https:\/\/nordnesrepublikken.no\/wp-content\/uploads\/2025\/11\/1764154265_Juletreprotest-forsinker-Oslos-Trafalgar-Square-tradisjon.jpg","keywords":["forsinker","Juletreprotest","Oslos","Squaretradisjon","Trafalgar"],"articleSection":["Nasjonal"],"inLanguage":"nb-NO"},{"@type":"WebPage","@id":"https:\/\/nordnesrepublikken.no\/index.php\/2025\/11\/26\/juletreprotest-forsinker-oslos-trafalgar-square-tradisjon\/","url":"https:\/\/nordnesrepublikken.no\/index.php\/2025\/11\/26\/juletreprotest-forsinker-oslos-trafalgar-square-tradisjon\/","name":"Juletreprotest forsinker Oslos Trafalgar Square-tradisjon - Nordnesrepublikken","isPartOf":{"@id":"https:\/\/nordnesrepublikken.no\/#website"},"primaryImageOfPage":{"@id":"https:\/\/nordnesrepublikken.no\/index.php\/2025\/11\/26\/juletreprotest-forsinker-oslos-trafalgar-square-tradisjon\/#primaryimage"},"image":{"@id":"https:\/\/nordnesrepublikken.no\/index.php\/2025\/11\/26\/juletreprotest-forsinker-oslos-trafalgar-square-tradisjon\/#primaryimage"},"thumbnailUrl":"https:\/\/nordnesrepublikken.no\/wp-content\/uploads\/2025\/11\/1764154265_Juletreprotest-forsinker-Oslos-Trafalgar-Square-tradisjon.jpg","datePublished":"2025-11-26T10:51:04+00:00","dateModified":"2025-11-26T10:51:06+00:00","breadcrumb":{"@id":"https:\/\/nordnesrepublikken.no\/index.php\/2025\/11\/26\/juletreprotest-forsinker-oslos-trafalgar-square-tradisjon\/#breadcrumb"},"inLanguage":"nb-NO","potentialAction":[{"@type":"ReadAction","target":["https:\/\/nordnesrepublikken.no\/index.php\/2025\/11\/26\/juletreprotest-forsinker-oslos-trafalgar-square-tradisjon\/"]}]},{"@type":"ImageObject","inLanguage":"nb-NO","@id":"https:\/\/nordnesrepublikken.no\/index.php\/2025\/11\/26\/juletreprotest-forsinker-oslos-trafalgar-square-tradisjon\/#primaryimage","url":"https:\/\/nordnesrepublikken.no\/wp-content\/uploads\/2025\/11\/1764154265_Juletreprotest-forsinker-Oslos-Trafalgar-Square-tradisjon.jpg","contentUrl":"https:\/\/nordnesrepublikken.no\/wp-content\/uploads\/2025\/11\/1764154265_Juletreprotest-forsinker-Oslos-Trafalgar-Square-tradisjon.jpg","width":1200,"height":675,"caption":"Juletreprotest forsinker Oslos Trafalgar Square-tradisjon"},{"@type":"BreadcrumbList","@id":"https:\/\/nordnesrepublikken.no\/index.php\/2025\/11\/26\/juletreprotest-forsinker-oslos-trafalgar-square-tradisjon\/#breadcrumb","itemListElement":[{"@type":"ListItem","position":1,"name":"Home","item":"https:\/\/nordnesrepublikken.no\/"},{"@type":"ListItem","position":2,"name":"Juletreprotest forsinker Oslos Trafalgar Square-tradisjon"}]},{"@type":"WebSite","@id":"https:\/\/nordnesrepublikken.no\/#website","url":"https:\/\/nordnesrepublikken.no\/","name":"Nordnesrepublikken","description":"Stemmer og Visjoner fra Republikkens Hjerte","publisher":{"@id":"https:\/\/nordnesrepublikken.no\/#organization"},"potentialAction":[{"@type":"SearchAction","target":{"@type":"EntryPoint","urlTemplate":"https:\/\/nordnesrepublikken.no\/?s={search_term_string}"},"query-input":{"@type":"PropertyValueSpecification","valueRequired":true,"valueName":"search_term_string"}}],"inLanguage":"nb-NO"},{"@type":"Organization","@id":"https:\/\/nordnesrepublikken.no\/#organization","name":"Nordnesrepublikken","url":"https:\/\/nordnesrepublikken.no\/","logo":{"@type":"ImageObject","inLanguage":"nb-NO","@id":"https:\/\/nordnesrepublikken.no\/#\/schema\/logo\/image\/","url":"https:\/\/nordnesrepublikken.no\/wp-content\/uploads\/2025\/02\/cropped-nordnesrepublikken-2.png","contentUrl":"https:\/\/nordnesrepublikken.no\/wp-content\/uploads\/2025\/02\/cropped-nordnesrepublikken-2.png","width":1248,"height":362,"caption":"Nordnesrepublikken"},"image":{"@id":"https:\/\/nordnesrepublikken.no\/#\/schema\/logo\/image\/"}},{"@type":"Person","@id":"https:\/\/nordnesrepublikken.no\/#\/schema\/person\/2e7e81935bab77882fffb79296240ff1","name":"Ole Andersen","image":{"@type":"ImageObject","inLanguage":"nb-NO","@id":"https:\/\/nordnesrepublikken.no\/#\/schema\/person\/image\/","url":"https:\/\/nordnesrepublikken.no\/wp-content\/uploads\/2025\/02\/nordnesrepublikken-2-2-150x150.jpg","contentUrl":"https:\/\/nordnesrepublikken.no\/wp-content\/uploads\/2025\/02\/nordnesrepublikken-2-2-150x150.jpg","caption":"Ole Andersen"},"description":"Ettersom jeg vokste opp i Oslo, har jeg alltid v\u00e6rt fascinert av ordenes kraft og deres evne til \u00e5 skape endringer. Etter \u00e5 ha fullf\u00f8rt min utdannelse i kommunikasjon ved Universitetet i Bergen, fikk jeg muligheten til \u00e5 jobbe innen ulike medier, der jeg har s\u00f8kt \u00e5 belyse viktige samfunnssp\u00f8rsm\u00e5l. I dag, som redakt\u00f8r for Nordnesrepublikken, pr\u00f8ver jeg \u00e5 forene min kj\u00e6rlighet for journalistikk med min lidenskap for innovasjon og eventyr.","sameAs":["https:\/\/nordnesrepublikken.no\/"]}]}},"_links":{"self":[{"href":"https:\/\/nordnesrepublikken.no\/index.php\/wp-json\/wp\/v2\/posts\/12130","targetHints":{"allow":["GET"]}}],"collection":[{"href":"https:\/\/nordnesrepublikken.no\/index.php\/wp-json\/wp\/v2\/posts"}],"about":[{"href":"https:\/\/nordnesrepublikken.no\/index.php\/wp-json\/wp\/v2\/types\/post"}],"author":[{"embeddable":true,"href":"https:\/\/nordnesrepublikken.no\/index.php\/wp-json\/wp\/v2\/users\/1"}],"replies":[{"embeddable":true,"href":"https:\/\/nordnesrepublikken.no\/index.php\/wp-json\/wp\/v2\/comments?post=12130"}],"version-history":[{"count":1,"href":"https:\/\/nordnesrepublikken.no\/index.php\/wp-json\/wp\/v2\/posts\/12130\/revisions"}],"predecessor-version":[{"id":12132,"href":"https:\/\/nordnesrepublikken.no\/index.php\/wp-json\/wp\/v2\/posts\/12130\/revisions\/12132"}],"wp:featuredmedia":[{"embeddable":true,"href":"https:\/\/nordnesrepublikken.no\/index.php\/wp-json\/wp\/v2\/media\/12131"}],"wp:attachment":[{"href":"https:\/\/nordnesrepublikken.no\/index.php\/wp-json\/wp\/v2\/media?parent=12130"}],"wp:term":[{"taxonomy":"category","embeddable":true,"href":"https:\/\/nordnesrepublikken.no\/index.php\/wp-json\/wp\/v2\/categories?post=12130"},{"taxonomy":"post_tag","embeddable":true,"href":"https:\/\/nordnesrepublikken.no\/index.php\/wp-json\/wp\/v2\/tags?post=12130"}],"curies":[{"name":"wp","href":"https:\/\/api.w.org\/{rel}","templated":true}]}}