{"id":12127,"date":"2025-11-26T09:49:31","date_gmt":"2025-11-26T08:49:31","guid":{"rendered":"https:\/\/nordnesrepublikken.no\/index.php\/2025\/11\/26\/31-skjelvinger-kjentes-ogsa-i-napoli\/"},"modified":"2025-11-26T09:49:32","modified_gmt":"2025-11-26T08:49:32","slug":"31-skjelvinger-kjentes-ogsa-i-napoli","status":"publish","type":"post","link":"https:\/\/nordnesrepublikken.no\/index.php\/2025\/11\/26\/31-skjelvinger-kjentes-ogsa-i-napoli\/","title":{"rendered":"31 skjelvinger kjentes ogs\u00e5 i Napoli"},"content":{"rendered":"<div>\n<div class=\"cp_wrapper cp_wrapper--fw mb-30 mb-20@tablet\">\n<figure class=\"mm\"><picture class=\"img\" style=\"padding-top:56.25%\"><source  media=\"(min-width: 1024px)\"><source  media=\"(min-width: 768px)\"><\/source><\/source><\/picture><\/figure>\n<\/p><\/div>\n<p>Sent i g\u00e5r kveld, <b>25. november 2025<\/b>landet til <strong>Phlegraean Fields<\/strong> han skalv igjen med et sjokk av <b>styrke 3,3 <\/b>kl. 23.21, tydelig kjent ikke bare i det flegraiske omr\u00e5det, men ogs\u00e5 i forskjellige nabolag i <strong>Napoli<\/strong>. Denne hendelsen var ikke en isolert, men representerte toppen av en <strong>seismisk sverm<\/strong> varte noen timer med et episenter som ligger i n\u00e6rheten av kommunene Pozzuoli, Quarto, Bacoli, Bagnoli, Monte di Procida, Marano di Napoli, Calvizzano og Qualiano. DE&#8217;<strong>INGV<\/strong>med en offisiell pressemelding, bekreftet i morges slutten av den seismiske sekvensen &#8211; som begynte klokken 15.00 <strong>23.09<\/strong> fra i g\u00e5r kveld \u2013 med <strong>31 jordskjelv<\/strong> registrert p\u00e5 forh\u00e5nd. Som rapportert i den ukentlige bulletinen, fra 17. til 23. november, var de lokalisert i Campi Flegrei <strong>110<\/strong> jordskjelv med <strong>l\u00f8ftehastighet<\/strong> knyttet til bradyseisme vitnet om et gjennomsnitt p\u00e5 ca <strong>25 mm per m\u00e5ned<\/strong>.<\/p>\n<h2>Kommunene der jordskjelvet p\u00e5 3,3 ble f\u00f8lt<\/h2>\n<p>Hovedbegivenheten fant sted kl <b>23.21<\/b> med en st\u00f8rrelsesorden <b>Md 3,3<\/b> til en dybde av <b>3 km<\/b>. Som ofte skjer ved Campi Flegrei, forsterker hyposenterets overfladiskhet (mellom 2 og 3 km) oppfatningen av skjelvingene selv for lave styrker. Her er tabellen over kommuner som ligger innenfor en radius p\u00e5 20 km fra episenteret, med data knyttet til avstanden og beboerbefolkningen som er involvert.<\/p>\n<p><iframe title=\"\" aria-label=\"Table\" id=\"datawrapper-chart-q3LoC\" scrolling=\"no\" frameborder=\"0\" style=\"width: 0; min-width: 100% !important; border: none;\" height=\"378\" data-external=\"1\" data-type=\"generic-iframe\" data-src=\"https:\/\/datawrapper.dwcdn.net\/q3LoC\/2\/\" class=\"js-parse-embed\"><\/iframe><\/p>\n<h2>Kronologien til jordskjelvsjokkene ved Campi Flegrei<\/h2>\n<p>Her er kronologien til de mest relevante skjelvingene (med <strong>styrke st\u00f8rre enn 1,0<\/strong>) registrert under den mest intense fasen av svermen, som fremhevet av de seismiske sporene:<\/p>\n<ul>\n<li><b>23.15<\/b> \u2013 St\u00f8rrelse <b>1.6<\/b>dybde 2 km<\/li>\n<li><b>23.21 <\/b>\u2013 St\u00f8rrelse<b> 3.3<\/b>dybde 3 km<\/li>\n<li><b>23.27<\/b> \u2013 St\u00f8rrelse <b>1.2<\/b>dybde 3 km<\/li>\n<li><b>23.28<\/b> \u2013 St\u00f8rrelse <b>1.0<\/b>dybde 2 km<\/li>\n<li><b>23.34<\/b> \u2013 St\u00f8rrelse <b>1.3<\/b>dybde 2 km<\/li>\n<li><b>23.35<\/b> \u2013 St\u00f8rrelse <b>1.7<\/b>dybde 2 km<\/li>\n<li><b>23.51<\/b> \u2013 St\u00f8rrelse <b>1.1<\/b>dybde 2 km<\/li>\n<\/ul>\n<div class=\"cp_wrapper cp_wrapper--fw mb-50\">\n<figure class=\"mm\"><picture class=\"img\" style=\"padding-top:68.571428571429%\"><source  media=\"(min-width: 1024px)\"><source  media=\"(min-width: 768px)\"><img decoding=\"async\" loading=\"lazy\" src=\"https:\/\/nordnesrepublikken.no\/wp-content\/uploads\/2025\/11\/1764146971_365_31-skjelvinger-kjentes-ogsa-i-Napoli.jpg\" alt=\"sverm 25\/26 november\" width=\"910\" height=\"624\"\/><\/source><\/source><\/picture><\/figure>\n<\/p><\/div>\n<p>Oppmerksomheten er fortsatt h\u00f8y p\u00e5 jorddeformasjonsparametere. De siste ukene har l\u00f8ftehastigheten lagt seg p\u00e5 ca <b>25 mm\/mnd<\/b>. INGV har fremhevet en progressiv akselerasjon fra 10. oktober 2025: l\u00f8fteraten har g\u00e5tt fra <strong>15 mm\/mnd<\/strong> av perioden april-oktober til en mellomverdi p\u00e5 <strong>20 mm\/mnd<\/strong>og \u00f8ker deretter ytterligere. Den totale heisen ved RITE GNSS-stasjonen (Rione Terra) er n\u00e5 ca <b>19,5 cm<\/b> fra januar 2025.<\/p>\n<\/p><\/div>\n","protected":false},"excerpt":{"rendered":"<p>Sent i g\u00e5r kveld, 25. november 2025landet til Phlegraean Fields han skalv igjen med et<\/p>\n","protected":false},"author":1,"featured_media":12128,"comment_status":"closed","ping_status":"open","sticky":false,"template":"","format":"standard","meta":{"footnotes":""},"categories":[24],"tags":[7969,2476,753,7968],"class_list":["post-12127","post","type-post","status-publish","format-standard","has-post-thumbnail","hentry","category-vitenskap","tag-kjentes","tag-napoli","tag-ogsa","tag-skjelvinger","generate-columns","tablet-grid-50","mobile-grid-100","grid-parent","grid-33","resize-featured-image"],"yoast_head":"<!-- This site is optimized with the Yoast SEO plugin v24.4 - https:\/\/yoast.com\/wordpress\/plugins\/seo\/ -->\n<title>31 skjelvinger kjentes ogs\u00e5 i Napoli - Nordnesrepublikken<\/title>\n<meta name=\"robots\" content=\"index, follow, max-snippet:-1, max-image-preview:large, max-video-preview:-1\" \/>\n<link rel=\"canonical\" href=\"https:\/\/nordnesrepublikken.no\/index.php\/2025\/11\/26\/31-skjelvinger-kjentes-ogsa-i-napoli\/\" \/>\n<meta property=\"og:locale\" content=\"nb_NO\" \/>\n<meta property=\"og:type\" content=\"article\" \/>\n<meta property=\"og:title\" content=\"31 skjelvinger kjentes ogs\u00e5 i Napoli - Nordnesrepublikken\" \/>\n<meta property=\"og:description\" content=\"Sent i g\u00e5r kveld, 25. november 2025landet til Phlegraean Fields han skalv igjen med et\" \/>\n<meta property=\"og:url\" content=\"https:\/\/nordnesrepublikken.no\/index.php\/2025\/11\/26\/31-skjelvinger-kjentes-ogsa-i-napoli\/\" \/>\n<meta property=\"og:site_name\" content=\"Nordnesrepublikken\" \/>\n<meta property=\"article:published_time\" content=\"2025-11-26T08:49:31+00:00\" \/>\n<meta property=\"article:modified_time\" content=\"2025-11-26T08:49:32+00:00\" \/>\n<meta property=\"og:image\" content=\"https:\/\/nordnesrepublikken.no\/wp-content\/uploads\/2025\/11\/1764146971_31-skjelvinger-kjentes-ogsa-i-Napoli.jpg\" \/>\n\t<meta property=\"og:image:width\" content=\"1280\" \/>\n\t<meta property=\"og:image:height\" content=\"720\" \/>\n\t<meta property=\"og:image:type\" content=\"image\/jpeg\" \/>\n<meta name=\"author\" content=\"Ole Andersen\" \/>\n<meta name=\"twitter:card\" content=\"summary_large_image\" \/>\n<meta name=\"twitter:label1\" content=\"Skrevet av\" \/>\n\t<meta name=\"twitter:data1\" content=\"Ole Andersen\" \/>\n\t<meta name=\"twitter:label2\" content=\"Ansl. lesetid\" \/>\n\t<meta name=\"twitter:data2\" content=\"2 minutter\" \/>\n<script type=\"application\/ld+json\" class=\"yoast-schema-graph\">{\"@context\":\"https:\/\/schema.org\",\"@graph\":[{\"@type\":\"Article\",\"@id\":\"https:\/\/nordnesrepublikken.no\/index.php\/2025\/11\/26\/31-skjelvinger-kjentes-ogsa-i-napoli\/#article\",\"isPartOf\":{\"@id\":\"https:\/\/nordnesrepublikken.no\/index.php\/2025\/11\/26\/31-skjelvinger-kjentes-ogsa-i-napoli\/\"},\"author\":{\"name\":\"Ole Andersen\",\"@id\":\"https:\/\/nordnesrepublikken.no\/#\/schema\/person\/2e7e81935bab77882fffb79296240ff1\"},\"headline\":\"31 skjelvinger kjentes ogs\u00e5 i Napoli\",\"datePublished\":\"2025-11-26T08:49:31+00:00\",\"dateModified\":\"2025-11-26T08:49:32+00:00\",\"mainEntityOfPage\":{\"@id\":\"https:\/\/nordnesrepublikken.no\/index.php\/2025\/11\/26\/31-skjelvinger-kjentes-ogsa-i-napoli\/\"},\"wordCount\":325,\"publisher\":{\"@id\":\"https:\/\/nordnesrepublikken.no\/#organization\"},\"image\":{\"@id\":\"https:\/\/nordnesrepublikken.no\/index.php\/2025\/11\/26\/31-skjelvinger-kjentes-ogsa-i-napoli\/#primaryimage\"},\"thumbnailUrl\":\"https:\/\/nordnesrepublikken.no\/wp-content\/uploads\/2025\/11\/1764146971_31-skjelvinger-kjentes-ogsa-i-Napoli.jpg\",\"keywords\":[\"kjentes\",\"Napoli\",\"ogs\u00e5\",\"skjelvinger\"],\"articleSection\":[\"Vitenskap\"],\"inLanguage\":\"nb-NO\"},{\"@type\":\"WebPage\",\"@id\":\"https:\/\/nordnesrepublikken.no\/index.php\/2025\/11\/26\/31-skjelvinger-kjentes-ogsa-i-napoli\/\",\"url\":\"https:\/\/nordnesrepublikken.no\/index.php\/2025\/11\/26\/31-skjelvinger-kjentes-ogsa-i-napoli\/\",\"name\":\"31 skjelvinger kjentes ogs\u00e5 i Napoli - Nordnesrepublikken\",\"isPartOf\":{\"@id\":\"https:\/\/nordnesrepublikken.no\/#website\"},\"primaryImageOfPage\":{\"@id\":\"https:\/\/nordnesrepublikken.no\/index.php\/2025\/11\/26\/31-skjelvinger-kjentes-ogsa-i-napoli\/#primaryimage\"},\"image\":{\"@id\":\"https:\/\/nordnesrepublikken.no\/index.php\/2025\/11\/26\/31-skjelvinger-kjentes-ogsa-i-napoli\/#primaryimage\"},\"thumbnailUrl\":\"https:\/\/nordnesrepublikken.no\/wp-content\/uploads\/2025\/11\/1764146971_31-skjelvinger-kjentes-ogsa-i-Napoli.jpg\",\"datePublished\":\"2025-11-26T08:49:31+00:00\",\"dateModified\":\"2025-11-26T08:49:32+00:00\",\"breadcrumb\":{\"@id\":\"https:\/\/nordnesrepublikken.no\/index.php\/2025\/11\/26\/31-skjelvinger-kjentes-ogsa-i-napoli\/#breadcrumb\"},\"inLanguage\":\"nb-NO\",\"potentialAction\":[{\"@type\":\"ReadAction\",\"target\":[\"https:\/\/nordnesrepublikken.no\/index.php\/2025\/11\/26\/31-skjelvinger-kjentes-ogsa-i-napoli\/\"]}]},{\"@type\":\"ImageObject\",\"inLanguage\":\"nb-NO\",\"@id\":\"https:\/\/nordnesrepublikken.no\/index.php\/2025\/11\/26\/31-skjelvinger-kjentes-ogsa-i-napoli\/#primaryimage\",\"url\":\"https:\/\/nordnesrepublikken.no\/wp-content\/uploads\/2025\/11\/1764146971_31-skjelvinger-kjentes-ogsa-i-Napoli.jpg\",\"contentUrl\":\"https:\/\/nordnesrepublikken.no\/wp-content\/uploads\/2025\/11\/1764146971_31-skjelvinger-kjentes-ogsa-i-Napoli.jpg\",\"width\":1280,\"height\":720,\"caption\":\"31 skjelvinger kjentes ogs\u00e5 i Napoli\"},{\"@type\":\"BreadcrumbList\",\"@id\":\"https:\/\/nordnesrepublikken.no\/index.php\/2025\/11\/26\/31-skjelvinger-kjentes-ogsa-i-napoli\/#breadcrumb\",\"itemListElement\":[{\"@type\":\"ListItem\",\"position\":1,\"name\":\"Home\",\"item\":\"https:\/\/nordnesrepublikken.no\/\"},{\"@type\":\"ListItem\",\"position\":2,\"name\":\"31 skjelvinger kjentes ogs\u00e5 i Napoli\"}]},{\"@type\":\"WebSite\",\"@id\":\"https:\/\/nordnesrepublikken.no\/#website\",\"url\":\"https:\/\/nordnesrepublikken.no\/\",\"name\":\"Nordnesrepublikken\",\"description\":\"Stemmer og Visjoner fra Republikkens Hjerte\",\"publisher\":{\"@id\":\"https:\/\/nordnesrepublikken.no\/#organization\"},\"potentialAction\":[{\"@type\":\"SearchAction\",\"target\":{\"@type\":\"EntryPoint\",\"urlTemplate\":\"https:\/\/nordnesrepublikken.no\/?s={search_term_string}\"},\"query-input\":{\"@type\":\"PropertyValueSpecification\",\"valueRequired\":true,\"valueName\":\"search_term_string\"}}],\"inLanguage\":\"nb-NO\"},{\"@type\":\"Organization\",\"@id\":\"https:\/\/nordnesrepublikken.no\/#organization\",\"name\":\"Nordnesrepublikken\",\"url\":\"https:\/\/nordnesrepublikken.no\/\",\"logo\":{\"@type\":\"ImageObject\",\"inLanguage\":\"nb-NO\",\"@id\":\"https:\/\/nordnesrepublikken.no\/#\/schema\/logo\/image\/\",\"url\":\"https:\/\/nordnesrepublikken.no\/wp-content\/uploads\/2025\/02\/cropped-nordnesrepublikken-2.png\",\"contentUrl\":\"https:\/\/nordnesrepublikken.no\/wp-content\/uploads\/2025\/02\/cropped-nordnesrepublikken-2.png\",\"width\":1248,\"height\":362,\"caption\":\"Nordnesrepublikken\"},\"image\":{\"@id\":\"https:\/\/nordnesrepublikken.no\/#\/schema\/logo\/image\/\"}},{\"@type\":\"Person\",\"@id\":\"https:\/\/nordnesrepublikken.no\/#\/schema\/person\/2e7e81935bab77882fffb79296240ff1\",\"name\":\"Ole Andersen\",\"image\":{\"@type\":\"ImageObject\",\"inLanguage\":\"nb-NO\",\"@id\":\"https:\/\/nordnesrepublikken.no\/#\/schema\/person\/image\/\",\"url\":\"https:\/\/nordnesrepublikken.no\/wp-content\/uploads\/2025\/02\/nordnesrepublikken-2-2-150x150.jpg\",\"contentUrl\":\"https:\/\/nordnesrepublikken.no\/wp-content\/uploads\/2025\/02\/nordnesrepublikken-2-2-150x150.jpg\",\"caption\":\"Ole Andersen\"},\"description\":\"Ettersom jeg vokste opp i Oslo, har jeg alltid v\u00e6rt fascinert av ordenes kraft og deres evne til \u00e5 skape endringer. Etter \u00e5 ha fullf\u00f8rt min utdannelse i kommunikasjon ved Universitetet i Bergen, fikk jeg muligheten til \u00e5 jobbe innen ulike medier, der jeg har s\u00f8kt \u00e5 belyse viktige samfunnssp\u00f8rsm\u00e5l. I dag, som redakt\u00f8r for Nordnesrepublikken, pr\u00f8ver jeg \u00e5 forene min kj\u00e6rlighet for journalistikk med min lidenskap for innovasjon og eventyr.\",\"sameAs\":[\"https:\/\/nordnesrepublikken.no\/\"]}]}<\/script>\n<!-- \/ Yoast SEO plugin. -->","yoast_head_json":{"title":"31 skjelvinger kjentes ogs\u00e5 i Napoli - Nordnesrepublikken","robots":{"index":"index","follow":"follow","max-snippet":"max-snippet:-1","max-image-preview":"max-image-preview:large","max-video-preview":"max-video-preview:-1"},"canonical":"https:\/\/nordnesrepublikken.no\/index.php\/2025\/11\/26\/31-skjelvinger-kjentes-ogsa-i-napoli\/","og_locale":"nb_NO","og_type":"article","og_title":"31 skjelvinger kjentes ogs\u00e5 i Napoli - Nordnesrepublikken","og_description":"Sent i g\u00e5r kveld, 25. november 2025landet til Phlegraean Fields han skalv igjen med et","og_url":"https:\/\/nordnesrepublikken.no\/index.php\/2025\/11\/26\/31-skjelvinger-kjentes-ogsa-i-napoli\/","og_site_name":"Nordnesrepublikken","article_published_time":"2025-11-26T08:49:31+00:00","article_modified_time":"2025-11-26T08:49:32+00:00","og_image":[{"width":1280,"height":720,"url":"https:\/\/nordnesrepublikken.no\/wp-content\/uploads\/2025\/11\/1764146971_31-skjelvinger-kjentes-ogsa-i-Napoli.jpg","type":"image\/jpeg"}],"author":"Ole Andersen","twitter_card":"summary_large_image","twitter_misc":{"Skrevet av":"Ole Andersen","Ansl. lesetid":"2 minutter"},"schema":{"@context":"https:\/\/schema.org","@graph":[{"@type":"Article","@id":"https:\/\/nordnesrepublikken.no\/index.php\/2025\/11\/26\/31-skjelvinger-kjentes-ogsa-i-napoli\/#article","isPartOf":{"@id":"https:\/\/nordnesrepublikken.no\/index.php\/2025\/11\/26\/31-skjelvinger-kjentes-ogsa-i-napoli\/"},"author":{"name":"Ole Andersen","@id":"https:\/\/nordnesrepublikken.no\/#\/schema\/person\/2e7e81935bab77882fffb79296240ff1"},"headline":"31 skjelvinger kjentes ogs\u00e5 i Napoli","datePublished":"2025-11-26T08:49:31+00:00","dateModified":"2025-11-26T08:49:32+00:00","mainEntityOfPage":{"@id":"https:\/\/nordnesrepublikken.no\/index.php\/2025\/11\/26\/31-skjelvinger-kjentes-ogsa-i-napoli\/"},"wordCount":325,"publisher":{"@id":"https:\/\/nordnesrepublikken.no\/#organization"},"image":{"@id":"https:\/\/nordnesrepublikken.no\/index.php\/2025\/11\/26\/31-skjelvinger-kjentes-ogsa-i-napoli\/#primaryimage"},"thumbnailUrl":"https:\/\/nordnesrepublikken.no\/wp-content\/uploads\/2025\/11\/1764146971_31-skjelvinger-kjentes-ogsa-i-Napoli.jpg","keywords":["kjentes","Napoli","ogs\u00e5","skjelvinger"],"articleSection":["Vitenskap"],"inLanguage":"nb-NO"},{"@type":"WebPage","@id":"https:\/\/nordnesrepublikken.no\/index.php\/2025\/11\/26\/31-skjelvinger-kjentes-ogsa-i-napoli\/","url":"https:\/\/nordnesrepublikken.no\/index.php\/2025\/11\/26\/31-skjelvinger-kjentes-ogsa-i-napoli\/","name":"31 skjelvinger kjentes ogs\u00e5 i Napoli - Nordnesrepublikken","isPartOf":{"@id":"https:\/\/nordnesrepublikken.no\/#website"},"primaryImageOfPage":{"@id":"https:\/\/nordnesrepublikken.no\/index.php\/2025\/11\/26\/31-skjelvinger-kjentes-ogsa-i-napoli\/#primaryimage"},"image":{"@id":"https:\/\/nordnesrepublikken.no\/index.php\/2025\/11\/26\/31-skjelvinger-kjentes-ogsa-i-napoli\/#primaryimage"},"thumbnailUrl":"https:\/\/nordnesrepublikken.no\/wp-content\/uploads\/2025\/11\/1764146971_31-skjelvinger-kjentes-ogsa-i-Napoli.jpg","datePublished":"2025-11-26T08:49:31+00:00","dateModified":"2025-11-26T08:49:32+00:00","breadcrumb":{"@id":"https:\/\/nordnesrepublikken.no\/index.php\/2025\/11\/26\/31-skjelvinger-kjentes-ogsa-i-napoli\/#breadcrumb"},"inLanguage":"nb-NO","potentialAction":[{"@type":"ReadAction","target":["https:\/\/nordnesrepublikken.no\/index.php\/2025\/11\/26\/31-skjelvinger-kjentes-ogsa-i-napoli\/"]}]},{"@type":"ImageObject","inLanguage":"nb-NO","@id":"https:\/\/nordnesrepublikken.no\/index.php\/2025\/11\/26\/31-skjelvinger-kjentes-ogsa-i-napoli\/#primaryimage","url":"https:\/\/nordnesrepublikken.no\/wp-content\/uploads\/2025\/11\/1764146971_31-skjelvinger-kjentes-ogsa-i-Napoli.jpg","contentUrl":"https:\/\/nordnesrepublikken.no\/wp-content\/uploads\/2025\/11\/1764146971_31-skjelvinger-kjentes-ogsa-i-Napoli.jpg","width":1280,"height":720,"caption":"31 skjelvinger kjentes ogs\u00e5 i Napoli"},{"@type":"BreadcrumbList","@id":"https:\/\/nordnesrepublikken.no\/index.php\/2025\/11\/26\/31-skjelvinger-kjentes-ogsa-i-napoli\/#breadcrumb","itemListElement":[{"@type":"ListItem","position":1,"name":"Home","item":"https:\/\/nordnesrepublikken.no\/"},{"@type":"ListItem","position":2,"name":"31 skjelvinger kjentes ogs\u00e5 i Napoli"}]},{"@type":"WebSite","@id":"https:\/\/nordnesrepublikken.no\/#website","url":"https:\/\/nordnesrepublikken.no\/","name":"Nordnesrepublikken","description":"Stemmer og Visjoner fra Republikkens Hjerte","publisher":{"@id":"https:\/\/nordnesrepublikken.no\/#organization"},"potentialAction":[{"@type":"SearchAction","target":{"@type":"EntryPoint","urlTemplate":"https:\/\/nordnesrepublikken.no\/?s={search_term_string}"},"query-input":{"@type":"PropertyValueSpecification","valueRequired":true,"valueName":"search_term_string"}}],"inLanguage":"nb-NO"},{"@type":"Organization","@id":"https:\/\/nordnesrepublikken.no\/#organization","name":"Nordnesrepublikken","url":"https:\/\/nordnesrepublikken.no\/","logo":{"@type":"ImageObject","inLanguage":"nb-NO","@id":"https:\/\/nordnesrepublikken.no\/#\/schema\/logo\/image\/","url":"https:\/\/nordnesrepublikken.no\/wp-content\/uploads\/2025\/02\/cropped-nordnesrepublikken-2.png","contentUrl":"https:\/\/nordnesrepublikken.no\/wp-content\/uploads\/2025\/02\/cropped-nordnesrepublikken-2.png","width":1248,"height":362,"caption":"Nordnesrepublikken"},"image":{"@id":"https:\/\/nordnesrepublikken.no\/#\/schema\/logo\/image\/"}},{"@type":"Person","@id":"https:\/\/nordnesrepublikken.no\/#\/schema\/person\/2e7e81935bab77882fffb79296240ff1","name":"Ole Andersen","image":{"@type":"ImageObject","inLanguage":"nb-NO","@id":"https:\/\/nordnesrepublikken.no\/#\/schema\/person\/image\/","url":"https:\/\/nordnesrepublikken.no\/wp-content\/uploads\/2025\/02\/nordnesrepublikken-2-2-150x150.jpg","contentUrl":"https:\/\/nordnesrepublikken.no\/wp-content\/uploads\/2025\/02\/nordnesrepublikken-2-2-150x150.jpg","caption":"Ole Andersen"},"description":"Ettersom jeg vokste opp i Oslo, har jeg alltid v\u00e6rt fascinert av ordenes kraft og deres evne til \u00e5 skape endringer. Etter \u00e5 ha fullf\u00f8rt min utdannelse i kommunikasjon ved Universitetet i Bergen, fikk jeg muligheten til \u00e5 jobbe innen ulike medier, der jeg har s\u00f8kt \u00e5 belyse viktige samfunnssp\u00f8rsm\u00e5l. I dag, som redakt\u00f8r for Nordnesrepublikken, pr\u00f8ver jeg \u00e5 forene min kj\u00e6rlighet for journalistikk med min lidenskap for innovasjon og eventyr.","sameAs":["https:\/\/nordnesrepublikken.no\/"]}]}},"_links":{"self":[{"href":"https:\/\/nordnesrepublikken.no\/index.php\/wp-json\/wp\/v2\/posts\/12127","targetHints":{"allow":["GET"]}}],"collection":[{"href":"https:\/\/nordnesrepublikken.no\/index.php\/wp-json\/wp\/v2\/posts"}],"about":[{"href":"https:\/\/nordnesrepublikken.no\/index.php\/wp-json\/wp\/v2\/types\/post"}],"author":[{"embeddable":true,"href":"https:\/\/nordnesrepublikken.no\/index.php\/wp-json\/wp\/v2\/users\/1"}],"replies":[{"embeddable":true,"href":"https:\/\/nordnesrepublikken.no\/index.php\/wp-json\/wp\/v2\/comments?post=12127"}],"version-history":[{"count":1,"href":"https:\/\/nordnesrepublikken.no\/index.php\/wp-json\/wp\/v2\/posts\/12127\/revisions"}],"predecessor-version":[{"id":12129,"href":"https:\/\/nordnesrepublikken.no\/index.php\/wp-json\/wp\/v2\/posts\/12127\/revisions\/12129"}],"wp:featuredmedia":[{"embeddable":true,"href":"https:\/\/nordnesrepublikken.no\/index.php\/wp-json\/wp\/v2\/media\/12128"}],"wp:attachment":[{"href":"https:\/\/nordnesrepublikken.no\/index.php\/wp-json\/wp\/v2\/media?parent=12127"}],"wp:term":[{"taxonomy":"category","embeddable":true,"href":"https:\/\/nordnesrepublikken.no\/index.php\/wp-json\/wp\/v2\/categories?post=12127"},{"taxonomy":"post_tag","embeddable":true,"href":"https:\/\/nordnesrepublikken.no\/index.php\/wp-json\/wp\/v2\/tags?post=12127"}],"curies":[{"name":"wp","href":"https:\/\/api.w.org\/{rel}","templated":true}]}}