{"id":12121,"date":"2025-11-26T05:50:38","date_gmt":"2025-11-26T04:50:38","guid":{"rendered":"https:\/\/nordnesrepublikken.no\/index.php\/2025\/11\/26\/tesla-forsok-i-nederland-kan-introdusere-selvkjorende-biler-for-hele-eu-i-2026\/"},"modified":"2025-11-26T05:50:40","modified_gmt":"2025-11-26T04:50:40","slug":"tesla-forsok-i-nederland-kan-introdusere-selvkjorende-biler-for-hele-eu-i-2026","status":"publish","type":"post","link":"https:\/\/nordnesrepublikken.no\/index.php\/2025\/11\/26\/tesla-forsok-i-nederland-kan-introdusere-selvkjorende-biler-for-hele-eu-i-2026\/","title":{"rendered":"Tesla-fors\u00f8k i Nederland kan introdusere selvkj\u00f8rende biler for hele EU i 2026"},"content":{"rendered":"<p><\/p>\n<div class=\"wordpress-content\">\n                    <!-- Article Start --><\/p>\n<p class=\"p1\">Teslas fremst\u00f8t for Full Self-Driving (FSD) overv\u00e5ket i Europa tar fart, og selskapet ser ivrig frem til februar 2026 for f\u00f8rste godkjenning gjennom den nederlandske RDW-myndigheten. RDW er den tilsvarende veimyndigheten til DGT i Spania eller MoT i Storbritannia.<\/p>\n<p class=\"p1\">Man h\u00e5per trinnet vil f\u00f8re til gjensidig anerkjennelse i hele EU, og l\u00e5se opp avansert kj\u00f8reautonomi for millioner. Mens elbilgiganten fors\u00f8ker \u00e5 h\u00e5ndtere regulatoriske hindringer, er sikkerhetsdata og omfattende testing p\u00e5 vei til \u00e5 forandre kj\u00f8ringen i Europa for alltid.<\/p>\n<h2 class=\"p1\">Teslas ambisi\u00f8se tidslinje for europeisk selvkj\u00f8ring<\/h2>\n<p class=\"p1\">Etter mer enn 12 m\u00e5neder med strenge forberedelser og forhandlinger, har Tesla planlagt en n\u00f8kkeldemonstrasjon med RDW i februar 2026 for \u00e5 vise frem bilenes FSD-evner og samsvar med europeiske sikkerhetsstandarder. Selskapet har allerede utf\u00f8rt demoer for regulatorer i nesten alle EU-land og klokket opp over 1 million kilometer med intern testing i 17 nasjoner.<\/p>\n<div class=\"sra_unit\"><link rel=\"stylesheet\" id=\"block-sra\" href=\"https:\/\/euroweeklynews.com\/wp-content\/plugins\/snack-related-articles\/dist\/css\/snack-related.min.css?250312-193541\" type=\"text\/css\" media=\"all\">\n<\/div>\n<p class=\"p1\">Teslas strategi avhenger imidlertid virkelig av Nederlands progressive holdning, og at de ser testene som inngangsporten til bredere aksept.<\/p>\n<h2 class=\"p1\">RDWs avgj\u00f8rende rolle i \u00e5 l\u00e5se opp EU-dekkende tilgang<\/h2>\n<p class=\"p1\">Som det nederlandske typegodkjenningsorganet spiller RDW en viktig rolle i henhold til EU-forskriftene, som letter gjensidig anerkjennelse av kj\u00f8ret\u00f8ygodkjenninger blant medlemslandene. Et gr\u00f8nt lys fra RDW kan omg\u00e5 lange pan-EU-prosesser og tillate FSD \u00e5 rulle ut umiddelbart etter godkjenning, noe som betyr at vi kan ha fullt selvkj\u00f8rende kj\u00f8ret\u00f8y p\u00e5 europeiske veier i 2026.<\/p>\n<p class=\"p1\">Imidlertid har RDW understreket at februar-arrangementet kun er en demonstrasjon, ikke en garantert godkjenning. Tjenestemenn sier bevisbaserte avgj\u00f8relser oppfordrer alle interessenter til \u00e5 sette data foran advokatvirksomhet.<\/p>\n<h2 class=\"p1\">Navigering av unntak i henhold til FN- og EU-regler<\/h2>\n<div style=\"width: 1080px;\" class=\"wp-video\"><!--(if lt IE 9)><!(endif)--><br \/>\n<video class=\"wp-video-shortcode\" id=\"video-553767-1\" width=\"1080\" height=\"1276\" preload=\"metadata\" controls=\"controls\"><source type=\"video\/mp4\" src=\"https:\/\/cdn.euroweeklynews.com\/wp-content\/uploads\/2025\/11\/Nic_Cruz_Patane_-_Unleash_FSD_in_Europe._What_are_regulators_waiting_for_Qvx15f-1-1.mp4?_=1\"><\/source>https:\/\/cdn.euroweeklynews.com\/wp-content\/uploads\/2025\/11\/Nic_Cruz_Patane_-_Unleash_FSD_in_Europe._What_are_regulators_waiting_for_Qvx15f-1-1.mp4<\/video><\/div>\n<p class=\"p1\">Tesla ser etter m\u00e5lrettede unntak i henhold til FNs regelverk nr. 171 for avanserte funksjoner som hands-off (hender fra rattet) filskifte og systembestemte man\u00f8vrer, som faller utenfor gjeldende foreskrivende retningslinjer. Disse reglene, fokusert p\u00e5 praktisk f\u00f8rerassistanse, krever tilpasninger for FSDs synsbaserte nevrale nettverk. Ved \u00e5 adressere unntak regel for regel, bruker Tesla virkelige fl\u00e5tedata for \u00e5 bevise sin overlegne ytelse.<\/p>\n<h2 class=\"p1\">Sikkerhetsdata st\u00f8tter Teslas sak for godkjenning<\/h2>\n<p class=\"p1\">Sentralt i Teslas bud er overbevisende sikkerhetsbevis fra deres kj\u00f8ret\u00f8ysikkerhetsrapport for tredje kvartal 2025, som viser at FSD oppn\u00e5r \u00e9n krasj per 7,44 millioner miles med autopiloten aktivert, noe som er langt bedre enn gjennomsnittet i USA p\u00e5 \u00e9n per 670 000 miles uten. I Europa viser tester ett inngrep per 100 miles, 10 ganger sikrere enn vanlige sj\u00e5f\u00f8rer i komplekse urbane milj\u00f8er.<\/p>\n<p class=\"p1\">Med EU-veier som har krevd 19 940 menneskeliv i 2024, if\u00f8lge data fra Europaparlamentet, kan FSDs tretthetsbestandige design redusere menneskelige feilhendelser, som for\u00e5rsaker 94 prosent av d\u00f8dsfallene.<\/p>\n<h2 class=\"p1\">Men vil du kunne ta en lur ved rattet?<\/h2>\n<p class=\"p1\">Million-dollar-sp\u00f8rsm\u00e5let mange vil vite er om det noen gang vil v\u00e6re mulig \u00e5 sove ved rattet. I f\u00f8lge EU, <strong>ingen<\/strong>.<\/p>\n<p class=\"p1\">Teslas offisielle europeiske kommunikasjon og RDWs uttalelser gj\u00f8r dette klart:<\/p>\n<p class=\"p1\">&laquo;<em>F\u00f8reren m\u00e5 v\u00e6re oppmerksom og holde hendene p\u00e5 rattet n\u00e5r det er n\u00f8dvendig<\/em>.&raquo; \u2014 Tesla Europe FSD-kunngj\u00f8ring (november 2025)<\/p>\n<p class=\"p1\">&laquo;<em>Dette er et overv\u00e5ket system; sj\u00e5f\u00f8ren forblir ansvarlig<\/em>.&raquo; \u2014 RDW-talsperson for demonstrasjonen i februar 2026 (november 2025)<\/p>\n<p class=\"p1\">Ekte &laquo;eyes-off&raquo; eller &laquo;s\u00f8vndyktig&raquo; autonomi (niv\u00e5 4 eller 5) er fortsatt \u00e5r unna i Europa og vil kreve helt ny lovgivning, nye kj\u00f8ret\u00f8ysertifiseringer og sannsynligvis dedikerte geofenced operasjonsdesigndomener (ODDs). I overskuelig fremtid (minimum 2026\u20132030) vil det \u00e5 sove bak rattet forbli ulovlig og teknisk forhindret p\u00e5 offentlige veier i EU, selv med godkjent FSD. Imidlertid har mange tyske Tesla-brukere allerede funnet m\u00e5ter \u00e5 omg\u00e5 regelen om \u00e5 holde hendene p\u00e5 rattet ved \u00e5 binde flasker med mineralvann til rattet for \u00e5 simulere vekten av hendene og dermed lure systemet til \u00e5 ikke pipe p\u00e5 dem. Hvem vet hva den s\u00f8vnige sj\u00e5f\u00f8ren kan pr\u00f8ve for \u00e5 f\u00e5 et lite \u00f8ye?<\/p>\n<p>                    <!-- Originally published at https:\/\/euroweeklynews.com\/2025\/11\/25\/tesla-trials-in-netherlands-could-introduce-eu-wide-self-driving-cars-in-2026\/ on 25 Nov 2025 at 9:54 by Adam Woodward --><br \/>\n                    <!-- Article End -->\n                <\/div>\n","protected":false},"excerpt":{"rendered":"<p>Teslas fremst\u00f8t for Full Self-Driving (FSD) overv\u00e5ket i Europa tar fart, og selskapet ser ivrig<\/p>\n","protected":false},"author":1,"featured_media":12122,"comment_status":"closed","ping_status":"open","sticky":false,"template":"","format":"standard","meta":{"footnotes":""},"categories":[105],"tags":[3064,3372,7964,339,7033,5083,7963],"class_list":["post-12121","post","type-post","status-publish","format-standard","has-post-thumbnail","hentry","category-livsstil","tag-biler","tag-hele","tag-introdusere","tag-kan","tag-nederland","tag-selvkjorende","tag-teslaforsok","generate-columns","tablet-grid-50","mobile-grid-100","grid-parent","grid-33","resize-featured-image"],"yoast_head":"<!-- This site is optimized with the Yoast SEO plugin v24.4 - https:\/\/yoast.com\/wordpress\/plugins\/seo\/ -->\n<title>Tesla-fors\u00f8k i Nederland kan introdusere selvkj\u00f8rende biler for hele EU i 2026 - Nordnesrepublikken<\/title>\n<meta name=\"robots\" content=\"index, follow, max-snippet:-1, max-image-preview:large, max-video-preview:-1\" \/>\n<link rel=\"canonical\" href=\"https:\/\/nordnesrepublikken.no\/index.php\/2025\/11\/26\/tesla-forsok-i-nederland-kan-introdusere-selvkjorende-biler-for-hele-eu-i-2026\/\" \/>\n<meta property=\"og:locale\" content=\"nb_NO\" \/>\n<meta property=\"og:type\" content=\"article\" \/>\n<meta property=\"og:title\" content=\"Tesla-fors\u00f8k i Nederland kan introdusere selvkj\u00f8rende biler for hele EU i 2026 - Nordnesrepublikken\" \/>\n<meta property=\"og:description\" content=\"Teslas fremst\u00f8t for Full Self-Driving (FSD) overv\u00e5ket i Europa tar fart, og selskapet ser ivrig\" \/>\n<meta property=\"og:url\" content=\"https:\/\/nordnesrepublikken.no\/index.php\/2025\/11\/26\/tesla-forsok-i-nederland-kan-introdusere-selvkjorende-biler-for-hele-eu-i-2026\/\" \/>\n<meta property=\"og:site_name\" content=\"Nordnesrepublikken\" \/>\n<meta property=\"article:published_time\" content=\"2025-11-26T04:50:38+00:00\" \/>\n<meta property=\"article:modified_time\" content=\"2025-11-26T04:50:40+00:00\" \/>\n<meta property=\"og:image\" content=\"https:\/\/nordnesrepublikken.no\/wp-content\/uploads\/2025\/11\/1764132639_Tesla-forsok-i-Nederland-kan-introdusere-selvkjorende-biler-for-hele-EU.jpg\" \/>\n\t<meta property=\"og:image:width\" content=\"1200\" \/>\n\t<meta property=\"og:image:height\" content=\"675\" \/>\n\t<meta property=\"og:image:type\" content=\"image\/jpeg\" \/>\n<meta name=\"author\" content=\"Ole Andersen\" \/>\n<meta name=\"twitter:card\" content=\"summary_large_image\" \/>\n<meta name=\"twitter:label1\" content=\"Skrevet av\" \/>\n\t<meta name=\"twitter:data1\" content=\"Ole Andersen\" \/>\n\t<meta name=\"twitter:label2\" content=\"Ansl. lesetid\" \/>\n\t<meta name=\"twitter:data2\" content=\"3 minutter\" \/>\n<script type=\"application\/ld+json\" class=\"yoast-schema-graph\">{\"@context\":\"https:\/\/schema.org\",\"@graph\":[{\"@type\":\"Article\",\"@id\":\"https:\/\/nordnesrepublikken.no\/index.php\/2025\/11\/26\/tesla-forsok-i-nederland-kan-introdusere-selvkjorende-biler-for-hele-eu-i-2026\/#article\",\"isPartOf\":{\"@id\":\"https:\/\/nordnesrepublikken.no\/index.php\/2025\/11\/26\/tesla-forsok-i-nederland-kan-introdusere-selvkjorende-biler-for-hele-eu-i-2026\/\"},\"author\":{\"name\":\"Ole Andersen\",\"@id\":\"https:\/\/nordnesrepublikken.no\/#\/schema\/person\/2e7e81935bab77882fffb79296240ff1\"},\"headline\":\"Tesla-fors\u00f8k i Nederland kan introdusere selvkj\u00f8rende biler for hele EU i 2026\",\"datePublished\":\"2025-11-26T04:50:38+00:00\",\"dateModified\":\"2025-11-26T04:50:40+00:00\",\"mainEntityOfPage\":{\"@id\":\"https:\/\/nordnesrepublikken.no\/index.php\/2025\/11\/26\/tesla-forsok-i-nederland-kan-introdusere-selvkjorende-biler-for-hele-eu-i-2026\/\"},\"wordCount\":652,\"publisher\":{\"@id\":\"https:\/\/nordnesrepublikken.no\/#organization\"},\"image\":{\"@id\":\"https:\/\/nordnesrepublikken.no\/index.php\/2025\/11\/26\/tesla-forsok-i-nederland-kan-introdusere-selvkjorende-biler-for-hele-eu-i-2026\/#primaryimage\"},\"thumbnailUrl\":\"https:\/\/nordnesrepublikken.no\/wp-content\/uploads\/2025\/11\/1764132639_Tesla-forsok-i-Nederland-kan-introdusere-selvkjorende-biler-for-hele-EU.jpg\",\"keywords\":[\"biler\",\"hele\",\"introdusere\",\"kan\",\"Nederland\",\"selvkj\u00f8rende\",\"Teslafors\u00f8k\"],\"articleSection\":[\"Livsstil\"],\"inLanguage\":\"nb-NO\"},{\"@type\":\"WebPage\",\"@id\":\"https:\/\/nordnesrepublikken.no\/index.php\/2025\/11\/26\/tesla-forsok-i-nederland-kan-introdusere-selvkjorende-biler-for-hele-eu-i-2026\/\",\"url\":\"https:\/\/nordnesrepublikken.no\/index.php\/2025\/11\/26\/tesla-forsok-i-nederland-kan-introdusere-selvkjorende-biler-for-hele-eu-i-2026\/\",\"name\":\"Tesla-fors\u00f8k i Nederland kan introdusere selvkj\u00f8rende biler for hele EU i 2026 - Nordnesrepublikken\",\"isPartOf\":{\"@id\":\"https:\/\/nordnesrepublikken.no\/#website\"},\"primaryImageOfPage\":{\"@id\":\"https:\/\/nordnesrepublikken.no\/index.php\/2025\/11\/26\/tesla-forsok-i-nederland-kan-introdusere-selvkjorende-biler-for-hele-eu-i-2026\/#primaryimage\"},\"image\":{\"@id\":\"https:\/\/nordnesrepublikken.no\/index.php\/2025\/11\/26\/tesla-forsok-i-nederland-kan-introdusere-selvkjorende-biler-for-hele-eu-i-2026\/#primaryimage\"},\"thumbnailUrl\":\"https:\/\/nordnesrepublikken.no\/wp-content\/uploads\/2025\/11\/1764132639_Tesla-forsok-i-Nederland-kan-introdusere-selvkjorende-biler-for-hele-EU.jpg\",\"datePublished\":\"2025-11-26T04:50:38+00:00\",\"dateModified\":\"2025-11-26T04:50:40+00:00\",\"breadcrumb\":{\"@id\":\"https:\/\/nordnesrepublikken.no\/index.php\/2025\/11\/26\/tesla-forsok-i-nederland-kan-introdusere-selvkjorende-biler-for-hele-eu-i-2026\/#breadcrumb\"},\"inLanguage\":\"nb-NO\",\"potentialAction\":[{\"@type\":\"ReadAction\",\"target\":[\"https:\/\/nordnesrepublikken.no\/index.php\/2025\/11\/26\/tesla-forsok-i-nederland-kan-introdusere-selvkjorende-biler-for-hele-eu-i-2026\/\"]}]},{\"@type\":\"ImageObject\",\"inLanguage\":\"nb-NO\",\"@id\":\"https:\/\/nordnesrepublikken.no\/index.php\/2025\/11\/26\/tesla-forsok-i-nederland-kan-introdusere-selvkjorende-biler-for-hele-eu-i-2026\/#primaryimage\",\"url\":\"https:\/\/nordnesrepublikken.no\/wp-content\/uploads\/2025\/11\/1764132639_Tesla-forsok-i-Nederland-kan-introdusere-selvkjorende-biler-for-hele-EU.jpg\",\"contentUrl\":\"https:\/\/nordnesrepublikken.no\/wp-content\/uploads\/2025\/11\/1764132639_Tesla-forsok-i-Nederland-kan-introdusere-selvkjorende-biler-for-hele-EU.jpg\",\"width\":1200,\"height\":675,\"caption\":\"Tesla-fors\u00f8k i Nederland kan introdusere selvkj\u00f8rende biler for hele EU i 2026\"},{\"@type\":\"BreadcrumbList\",\"@id\":\"https:\/\/nordnesrepublikken.no\/index.php\/2025\/11\/26\/tesla-forsok-i-nederland-kan-introdusere-selvkjorende-biler-for-hele-eu-i-2026\/#breadcrumb\",\"itemListElement\":[{\"@type\":\"ListItem\",\"position\":1,\"name\":\"Home\",\"item\":\"https:\/\/nordnesrepublikken.no\/\"},{\"@type\":\"ListItem\",\"position\":2,\"name\":\"Tesla-fors\u00f8k i Nederland kan introdusere selvkj\u00f8rende biler for hele EU i 2026\"}]},{\"@type\":\"WebSite\",\"@id\":\"https:\/\/nordnesrepublikken.no\/#website\",\"url\":\"https:\/\/nordnesrepublikken.no\/\",\"name\":\"Nordnesrepublikken\",\"description\":\"Stemmer og Visjoner fra Republikkens Hjerte\",\"publisher\":{\"@id\":\"https:\/\/nordnesrepublikken.no\/#organization\"},\"potentialAction\":[{\"@type\":\"SearchAction\",\"target\":{\"@type\":\"EntryPoint\",\"urlTemplate\":\"https:\/\/nordnesrepublikken.no\/?s={search_term_string}\"},\"query-input\":{\"@type\":\"PropertyValueSpecification\",\"valueRequired\":true,\"valueName\":\"search_term_string\"}}],\"inLanguage\":\"nb-NO\"},{\"@type\":\"Organization\",\"@id\":\"https:\/\/nordnesrepublikken.no\/#organization\",\"name\":\"Nordnesrepublikken\",\"url\":\"https:\/\/nordnesrepublikken.no\/\",\"logo\":{\"@type\":\"ImageObject\",\"inLanguage\":\"nb-NO\",\"@id\":\"https:\/\/nordnesrepublikken.no\/#\/schema\/logo\/image\/\",\"url\":\"https:\/\/nordnesrepublikken.no\/wp-content\/uploads\/2025\/02\/cropped-nordnesrepublikken-2.png\",\"contentUrl\":\"https:\/\/nordnesrepublikken.no\/wp-content\/uploads\/2025\/02\/cropped-nordnesrepublikken-2.png\",\"width\":1248,\"height\":362,\"caption\":\"Nordnesrepublikken\"},\"image\":{\"@id\":\"https:\/\/nordnesrepublikken.no\/#\/schema\/logo\/image\/\"}},{\"@type\":\"Person\",\"@id\":\"https:\/\/nordnesrepublikken.no\/#\/schema\/person\/2e7e81935bab77882fffb79296240ff1\",\"name\":\"Ole Andersen\",\"image\":{\"@type\":\"ImageObject\",\"inLanguage\":\"nb-NO\",\"@id\":\"https:\/\/nordnesrepublikken.no\/#\/schema\/person\/image\/\",\"url\":\"https:\/\/nordnesrepublikken.no\/wp-content\/uploads\/2025\/02\/nordnesrepublikken-2-2-150x150.jpg\",\"contentUrl\":\"https:\/\/nordnesrepublikken.no\/wp-content\/uploads\/2025\/02\/nordnesrepublikken-2-2-150x150.jpg\",\"caption\":\"Ole Andersen\"},\"description\":\"Ettersom jeg vokste opp i Oslo, har jeg alltid v\u00e6rt fascinert av ordenes kraft og deres evne til \u00e5 skape endringer. Etter \u00e5 ha fullf\u00f8rt min utdannelse i kommunikasjon ved Universitetet i Bergen, fikk jeg muligheten til \u00e5 jobbe innen ulike medier, der jeg har s\u00f8kt \u00e5 belyse viktige samfunnssp\u00f8rsm\u00e5l. I dag, som redakt\u00f8r for Nordnesrepublikken, pr\u00f8ver jeg \u00e5 forene min kj\u00e6rlighet for journalistikk med min lidenskap for innovasjon og eventyr.\",\"sameAs\":[\"https:\/\/nordnesrepublikken.no\/\"]}]}<\/script>\n<!-- \/ Yoast SEO plugin. -->","yoast_head_json":{"title":"Tesla-fors\u00f8k i Nederland kan introdusere selvkj\u00f8rende biler for hele EU i 2026 - Nordnesrepublikken","robots":{"index":"index","follow":"follow","max-snippet":"max-snippet:-1","max-image-preview":"max-image-preview:large","max-video-preview":"max-video-preview:-1"},"canonical":"https:\/\/nordnesrepublikken.no\/index.php\/2025\/11\/26\/tesla-forsok-i-nederland-kan-introdusere-selvkjorende-biler-for-hele-eu-i-2026\/","og_locale":"nb_NO","og_type":"article","og_title":"Tesla-fors\u00f8k i Nederland kan introdusere selvkj\u00f8rende biler for hele EU i 2026 - Nordnesrepublikken","og_description":"Teslas fremst\u00f8t for Full Self-Driving (FSD) overv\u00e5ket i Europa tar fart, og selskapet ser ivrig","og_url":"https:\/\/nordnesrepublikken.no\/index.php\/2025\/11\/26\/tesla-forsok-i-nederland-kan-introdusere-selvkjorende-biler-for-hele-eu-i-2026\/","og_site_name":"Nordnesrepublikken","article_published_time":"2025-11-26T04:50:38+00:00","article_modified_time":"2025-11-26T04:50:40+00:00","og_image":[{"width":1200,"height":675,"url":"https:\/\/nordnesrepublikken.no\/wp-content\/uploads\/2025\/11\/1764132639_Tesla-forsok-i-Nederland-kan-introdusere-selvkjorende-biler-for-hele-EU.jpg","type":"image\/jpeg"}],"author":"Ole Andersen","twitter_card":"summary_large_image","twitter_misc":{"Skrevet av":"Ole Andersen","Ansl. lesetid":"3 minutter"},"schema":{"@context":"https:\/\/schema.org","@graph":[{"@type":"Article","@id":"https:\/\/nordnesrepublikken.no\/index.php\/2025\/11\/26\/tesla-forsok-i-nederland-kan-introdusere-selvkjorende-biler-for-hele-eu-i-2026\/#article","isPartOf":{"@id":"https:\/\/nordnesrepublikken.no\/index.php\/2025\/11\/26\/tesla-forsok-i-nederland-kan-introdusere-selvkjorende-biler-for-hele-eu-i-2026\/"},"author":{"name":"Ole Andersen","@id":"https:\/\/nordnesrepublikken.no\/#\/schema\/person\/2e7e81935bab77882fffb79296240ff1"},"headline":"Tesla-fors\u00f8k i Nederland kan introdusere selvkj\u00f8rende biler for hele EU i 2026","datePublished":"2025-11-26T04:50:38+00:00","dateModified":"2025-11-26T04:50:40+00:00","mainEntityOfPage":{"@id":"https:\/\/nordnesrepublikken.no\/index.php\/2025\/11\/26\/tesla-forsok-i-nederland-kan-introdusere-selvkjorende-biler-for-hele-eu-i-2026\/"},"wordCount":652,"publisher":{"@id":"https:\/\/nordnesrepublikken.no\/#organization"},"image":{"@id":"https:\/\/nordnesrepublikken.no\/index.php\/2025\/11\/26\/tesla-forsok-i-nederland-kan-introdusere-selvkjorende-biler-for-hele-eu-i-2026\/#primaryimage"},"thumbnailUrl":"https:\/\/nordnesrepublikken.no\/wp-content\/uploads\/2025\/11\/1764132639_Tesla-forsok-i-Nederland-kan-introdusere-selvkjorende-biler-for-hele-EU.jpg","keywords":["biler","hele","introdusere","kan","Nederland","selvkj\u00f8rende","Teslafors\u00f8k"],"articleSection":["Livsstil"],"inLanguage":"nb-NO"},{"@type":"WebPage","@id":"https:\/\/nordnesrepublikken.no\/index.php\/2025\/11\/26\/tesla-forsok-i-nederland-kan-introdusere-selvkjorende-biler-for-hele-eu-i-2026\/","url":"https:\/\/nordnesrepublikken.no\/index.php\/2025\/11\/26\/tesla-forsok-i-nederland-kan-introdusere-selvkjorende-biler-for-hele-eu-i-2026\/","name":"Tesla-fors\u00f8k i Nederland kan introdusere selvkj\u00f8rende biler for hele EU i 2026 - Nordnesrepublikken","isPartOf":{"@id":"https:\/\/nordnesrepublikken.no\/#website"},"primaryImageOfPage":{"@id":"https:\/\/nordnesrepublikken.no\/index.php\/2025\/11\/26\/tesla-forsok-i-nederland-kan-introdusere-selvkjorende-biler-for-hele-eu-i-2026\/#primaryimage"},"image":{"@id":"https:\/\/nordnesrepublikken.no\/index.php\/2025\/11\/26\/tesla-forsok-i-nederland-kan-introdusere-selvkjorende-biler-for-hele-eu-i-2026\/#primaryimage"},"thumbnailUrl":"https:\/\/nordnesrepublikken.no\/wp-content\/uploads\/2025\/11\/1764132639_Tesla-forsok-i-Nederland-kan-introdusere-selvkjorende-biler-for-hele-EU.jpg","datePublished":"2025-11-26T04:50:38+00:00","dateModified":"2025-11-26T04:50:40+00:00","breadcrumb":{"@id":"https:\/\/nordnesrepublikken.no\/index.php\/2025\/11\/26\/tesla-forsok-i-nederland-kan-introdusere-selvkjorende-biler-for-hele-eu-i-2026\/#breadcrumb"},"inLanguage":"nb-NO","potentialAction":[{"@type":"ReadAction","target":["https:\/\/nordnesrepublikken.no\/index.php\/2025\/11\/26\/tesla-forsok-i-nederland-kan-introdusere-selvkjorende-biler-for-hele-eu-i-2026\/"]}]},{"@type":"ImageObject","inLanguage":"nb-NO","@id":"https:\/\/nordnesrepublikken.no\/index.php\/2025\/11\/26\/tesla-forsok-i-nederland-kan-introdusere-selvkjorende-biler-for-hele-eu-i-2026\/#primaryimage","url":"https:\/\/nordnesrepublikken.no\/wp-content\/uploads\/2025\/11\/1764132639_Tesla-forsok-i-Nederland-kan-introdusere-selvkjorende-biler-for-hele-EU.jpg","contentUrl":"https:\/\/nordnesrepublikken.no\/wp-content\/uploads\/2025\/11\/1764132639_Tesla-forsok-i-Nederland-kan-introdusere-selvkjorende-biler-for-hele-EU.jpg","width":1200,"height":675,"caption":"Tesla-fors\u00f8k i Nederland kan introdusere selvkj\u00f8rende biler for hele EU i 2026"},{"@type":"BreadcrumbList","@id":"https:\/\/nordnesrepublikken.no\/index.php\/2025\/11\/26\/tesla-forsok-i-nederland-kan-introdusere-selvkjorende-biler-for-hele-eu-i-2026\/#breadcrumb","itemListElement":[{"@type":"ListItem","position":1,"name":"Home","item":"https:\/\/nordnesrepublikken.no\/"},{"@type":"ListItem","position":2,"name":"Tesla-fors\u00f8k i Nederland kan introdusere selvkj\u00f8rende biler for hele EU i 2026"}]},{"@type":"WebSite","@id":"https:\/\/nordnesrepublikken.no\/#website","url":"https:\/\/nordnesrepublikken.no\/","name":"Nordnesrepublikken","description":"Stemmer og Visjoner fra Republikkens Hjerte","publisher":{"@id":"https:\/\/nordnesrepublikken.no\/#organization"},"potentialAction":[{"@type":"SearchAction","target":{"@type":"EntryPoint","urlTemplate":"https:\/\/nordnesrepublikken.no\/?s={search_term_string}"},"query-input":{"@type":"PropertyValueSpecification","valueRequired":true,"valueName":"search_term_string"}}],"inLanguage":"nb-NO"},{"@type":"Organization","@id":"https:\/\/nordnesrepublikken.no\/#organization","name":"Nordnesrepublikken","url":"https:\/\/nordnesrepublikken.no\/","logo":{"@type":"ImageObject","inLanguage":"nb-NO","@id":"https:\/\/nordnesrepublikken.no\/#\/schema\/logo\/image\/","url":"https:\/\/nordnesrepublikken.no\/wp-content\/uploads\/2025\/02\/cropped-nordnesrepublikken-2.png","contentUrl":"https:\/\/nordnesrepublikken.no\/wp-content\/uploads\/2025\/02\/cropped-nordnesrepublikken-2.png","width":1248,"height":362,"caption":"Nordnesrepublikken"},"image":{"@id":"https:\/\/nordnesrepublikken.no\/#\/schema\/logo\/image\/"}},{"@type":"Person","@id":"https:\/\/nordnesrepublikken.no\/#\/schema\/person\/2e7e81935bab77882fffb79296240ff1","name":"Ole Andersen","image":{"@type":"ImageObject","inLanguage":"nb-NO","@id":"https:\/\/nordnesrepublikken.no\/#\/schema\/person\/image\/","url":"https:\/\/nordnesrepublikken.no\/wp-content\/uploads\/2025\/02\/nordnesrepublikken-2-2-150x150.jpg","contentUrl":"https:\/\/nordnesrepublikken.no\/wp-content\/uploads\/2025\/02\/nordnesrepublikken-2-2-150x150.jpg","caption":"Ole Andersen"},"description":"Ettersom jeg vokste opp i Oslo, har jeg alltid v\u00e6rt fascinert av ordenes kraft og deres evne til \u00e5 skape endringer. Etter \u00e5 ha fullf\u00f8rt min utdannelse i kommunikasjon ved Universitetet i Bergen, fikk jeg muligheten til \u00e5 jobbe innen ulike medier, der jeg har s\u00f8kt \u00e5 belyse viktige samfunnssp\u00f8rsm\u00e5l. I dag, som redakt\u00f8r for Nordnesrepublikken, pr\u00f8ver jeg \u00e5 forene min kj\u00e6rlighet for journalistikk med min lidenskap for innovasjon og eventyr.","sameAs":["https:\/\/nordnesrepublikken.no\/"]}]}},"_links":{"self":[{"href":"https:\/\/nordnesrepublikken.no\/index.php\/wp-json\/wp\/v2\/posts\/12121","targetHints":{"allow":["GET"]}}],"collection":[{"href":"https:\/\/nordnesrepublikken.no\/index.php\/wp-json\/wp\/v2\/posts"}],"about":[{"href":"https:\/\/nordnesrepublikken.no\/index.php\/wp-json\/wp\/v2\/types\/post"}],"author":[{"embeddable":true,"href":"https:\/\/nordnesrepublikken.no\/index.php\/wp-json\/wp\/v2\/users\/1"}],"replies":[{"embeddable":true,"href":"https:\/\/nordnesrepublikken.no\/index.php\/wp-json\/wp\/v2\/comments?post=12121"}],"version-history":[{"count":1,"href":"https:\/\/nordnesrepublikken.no\/index.php\/wp-json\/wp\/v2\/posts\/12121\/revisions"}],"predecessor-version":[{"id":12123,"href":"https:\/\/nordnesrepublikken.no\/index.php\/wp-json\/wp\/v2\/posts\/12121\/revisions\/12123"}],"wp:featuredmedia":[{"embeddable":true,"href":"https:\/\/nordnesrepublikken.no\/index.php\/wp-json\/wp\/v2\/media\/12122"}],"wp:attachment":[{"href":"https:\/\/nordnesrepublikken.no\/index.php\/wp-json\/wp\/v2\/media?parent=12121"}],"wp:term":[{"taxonomy":"category","embeddable":true,"href":"https:\/\/nordnesrepublikken.no\/index.php\/wp-json\/wp\/v2\/categories?post=12121"},{"taxonomy":"post_tag","embeddable":true,"href":"https:\/\/nordnesrepublikken.no\/index.php\/wp-json\/wp\/v2\/tags?post=12121"}],"curies":[{"name":"wp","href":"https:\/\/api.w.org\/{rel}","templated":true}]}}