{"id":12112,"date":"2025-11-25T22:51:17","date_gmt":"2025-11-25T21:51:17","guid":{"rendered":"https:\/\/nordnesrepublikken.no\/index.php\/2025\/11\/25\/thanksgiving-2025-i-spania-opprinnelse-og-feiringer\/"},"modified":"2025-11-25T22:51:26","modified_gmt":"2025-11-25T21:51:26","slug":"thanksgiving-2025-i-spania-opprinnelse-og-feiringer","status":"publish","type":"post","link":"https:\/\/nordnesrepublikken.no\/index.php\/2025\/11\/25\/thanksgiving-2025-i-spania-opprinnelse-og-feiringer\/","title":{"rendered":"Thanksgiving 2025 i Spania: Opprinnelse og feiringer"},"content":{"rendered":"<p><\/p>\n<div class=\"wordpress-content\">\n                    <!-- Article Start --><\/p>\n<p class=\"p1\">Thanksgiving er en \u00e5rlig h\u00f8ytid som har sin opprinnelse i USA, f\u00f8rst og fremst for \u00e5 feire innh\u00f8stingsfesten i 1621 mellom pilegrimene som ankom Mayflower og de lokale indianerne i Wampanoag. Etter en hard vinter m\u00f8tte pilegrimene sult, og Wampanoag delte avlingene sine og l\u00e6rte dem \u00e5 dyrke landet. Denne tre dager lange festen markerte den f\u00f8rste h\u00f8sttakkefesten, og feiret overlevelse, samarbeid og en vellykket h\u00f8sting.<\/p>\n<p class=\"p1\">I dag er det synonymt med familiesammenkomster, refleksjon og fest. I \u00e5r faller Thanksgiving p\u00e5 torsdag 27.<\/p>\n<p class=\"p1\">I Spania er det kjent og <em>Acci\u00f3n de gracias <\/em>som oversettes som &laquo;takkehandling&raquo;. Selv om det ikke er en offisiell h\u00f8ytid her, har Thanksgiving stadig f\u00e5tt anerkjennelse blant expats og lokalbefolkningen som er interessert i internasjonale tradisjoner. Sent i november har blitt en periode da spanske byer arrangerer Thanksgiving-inspirerte m\u00e5ltider, og kombinerer kulturell utveksling med kulinariske opplevelser.<\/p>\n<div class=\"sra_unit\"><link rel=\"stylesheet\" id=\"block-sra\" href=\"https:\/\/euroweeklynews.com\/wp-content\/plugins\/snack-related-articles\/dist\/css\/snack-related.min.css?250312-193541\" type=\"text\/css\" media=\"all\">\n<\/div>\n<h2 class=\"p2\">Hvor \u00e5 feire Thanksgiving i Spania i 2025<\/h2>\n<h3 class=\"p3\">Byer som omfavner tradisjonen<\/h3>\n<ul class=\"ul1\">\n<li class=\"li1\">\n<h3>Madrid<\/h3>\n<ul class=\"ul2\">\n<li class=\"li1\">Hard Rock Hotel Madrid \u2013 spesialmiddag 27. november 2025<\/li>\n<li class=\"li1\">InterContinental Madrid \u2013 tradisjonell Thanksgiving-meny<\/li>\n<li class=\"li1\">Forbes House \u2013 sesongfest inkludert stekt kalkun, traneb\u00e6rsaus og gresskarpai<\/li>\n<li class=\"li1\">Urso Hotel &#038; Spa \u2013 Thanksgiving-middag med klassiske retter<\/li>\n<li class=\"li1\">Plademunt \u2013 El Restaurante Imaginario (Alcal\u00e1 de Henares) \u2013 tradisjonelt Thanksgiving-m\u00e5ltid<\/li>\n<\/ul>\n<\/li>\n<li class=\"li1\">\n<h3>Barcelona<\/h3>\n<ul class=\"ul2\">\n<li class=\"li1\">CocoVail Beer Hall \u2013 Thanksgiving-feiring 27. november 2025<\/li>\n<li class=\"li1\">Flaherty&#8217;s \u2013 klassisk Thanksgiving-middag n\u00e6r Las Ramblas<\/li>\n<li class=\"li1\">Vincci Hotels \u2013 Middager med vennegivingstema p\u00e5 flere steder<\/li>\n<\/ul>\n<\/li>\n<\/ul>\n<h3 class=\"p3\">Andre regioner der Thanksgiving kan observeres<\/h3>\n<p class=\"p1\">Expats og lokalsamfunn i Valencia, Alicante, M\u00e1laga, Sevilla og Kanari\u00f8yene kan ogs\u00e5 holde uformelle Thanksgiving-samlinger. Disse finner ofte sted gjennom engelsktalende kirker, utvandrerklubber eller internasjonale samfunnssentre. Kystbyer som er popul\u00e6re blant nordamerikanere, spesielt p\u00e5 Costa del Sol, Costa Blanca eller \u00f8yer som Tenerife og Gran Canaria, arrangerer noen ganger private middager, gryteretter eller fellesm\u00e5ltider for \u00e5 feire h\u00f8ytiden. Selv om disse feiringene kan v\u00e6re mindre i skala, gir de muligheter for kulturell utveksling og opprettholdelse av tradisjoner i Spania.<\/p>\n<h2 class=\"p2\">Tradisjonelle m\u00e5ltider og skikker<\/h2>\n<h3 class=\"p3\">Feiring i inn- og utland<\/h3>\n<p class=\"p1\">Thanksgiving-m\u00e5ltider inkluderer vanligvis stekt kalkun fylt med urter, potetmos, s\u00f8tpoteter, gr\u00f8nne b\u00f8nner, traneb\u00e6rsaus, saus og rundstykker. Gresskarpai forblir den klassiske desserten, ofte akkompagnert av pecanpai, eplepai eller krydret kaker.<\/p>\n<p class=\"p1\">Skikker knyttet til Thanksgiving inkluderer \u00e5 samle familie og venner, dele et m\u00e5ltid, uttrykke takknemlighet og dekorere med h\u00f8stl\u00f8v, gresskar og stearinlys. I Spania gir ferien en kulturell bro, slik at b\u00e5de utvandrere og lokalbefolkningen kan nyte en historisk tradisjon sentrert p\u00e5 takknemlighet, gjestfrihet og sesongbasert overflod.<\/p>\n<h3 class=\"p2\">N\u00f8kkelaspekter ved Thanksgiving i Spania<\/h3>\n<ul class=\"ul1\">\n<li class=\"li1\"><b><\/b>Historisk opprinnelse: Begynte i 1621 med at pilegrimer og Wampanoag delte en h\u00f8stfest.<\/li>\n<li class=\"li1\"><b><\/b>Kjernetradisjoner: Familiem\u00e5ltider, takknemlighetsrefleksjoner, sesongbaserte dekorasjoner og spesifikke kulinariske retter.<\/li>\n<li class=\"li1\"><b><\/b>Spansk tilpasning: Feires hovedsakelig av utvandrere og lokalbefolkningen som er interessert i amerikansk kultur.<\/li>\n<li class=\"li1\"><b><\/b>Tidspunkt: Observert \u00e5rlig den fjerde torsdagen i november, etter den amerikanske kalenderen.<\/li>\n<li class=\"li1\"><b><\/b>Tradisjonelle retter: Stekt kalkun, stuffing, traneb\u00e6rsaus, potetmos eller s\u00f8tpotet, gr\u00f8nne b\u00f8nner, gresskarpai og sesongens desserter.<\/li>\n<li class=\"li1\"><b><\/b>Andre regioner: Valencia, Alicante, M\u00e1laga, Sevilla og Kanari\u00f8yene kan v\u00e6re vertskap for uformelle sammenkomster blant utlendinger og internasjonale samfunn.<\/li>\n<\/ul>\n<p class=\"p1\">Nordamerikanske expats i Spania kan nyte sine tradisjonelle skikker mens de opplever lokal kulinarisk kreativitet.<\/p>\n<h3 class=\"p3\">Utover middagsbordet<\/h3>\n<p class=\"p1\">Utover m\u00e5ltidene og sammenkomstene gir Thanksgiving i Spania en mulighet til \u00e5 styrke fellesskapsb\u00e5nd og fremme tverrkulturelle forbindelser. Mange utvandrere bruker anledningen til \u00e5 v\u00e6re vertskap for venner og naboer, dele historier og tradisjoner mens de introduserer lokale gjester til amerikanske skikker. Denne utvekslingen bevarer ikke bare arv, men oppmuntrer ogs\u00e5 til forst\u00e5else og verdsettelse av ulike kulturer.<\/p>\n<p class=\"p1\">For familier og lokalsamfunn kan dagen ogs\u00e5 tjene som et \u00f8yeblikk for refleksjon og \u00e5 gi tilbake, med noen som velger \u00e5 st\u00f8tte lokale veldedige organisasjoner eller delta i samfunnsinitiativer, som gjenspeiler h\u00f8ytidens opprinnelige \u00e5nd av samarbeid og sjener\u00f8sitet. Etter hvert som bevisstheten om Thanksgiving vokser, begynner selv sm\u00e5 byer over hele Spania \u00e5 gjenkjenne anledningen, og skaper en subtil, men likevel meningsfull tilstedev\u00e6relse av denne historiske feiringen over hele landet.<\/p>\n<p class=\"p1\">Til syvende og sist gir feiring av Thanksgiving i Spania en sjanse til \u00e5 koble sammen p\u00e5 tvers av kulturer, feire takknemlighet og bringe mennesker sammen p\u00e5 meningsfulle m\u00e5ter som strekker seg utover middagsbordet.<\/p>\n<p>                    <!-- Originally published at https:\/\/euroweeklynews.com\/2025\/11\/25\/thanksgiving-2025-in-spain-origins-and-celebrations\/ on 25 Nov 2025 at 16:06 by Molly Grace --><br \/>\n                    <!-- Article End -->\n                <\/div>\n","protected":false},"excerpt":{"rendered":"<p>Thanksgiving er en \u00e5rlig h\u00f8ytid som har sin opprinnelse i USA, f\u00f8rst og fremst for<\/p>\n","protected":false},"author":1,"featured_media":12113,"comment_status":"closed","ping_status":"open","sticky":false,"template":"","format":"standard","meta":{"footnotes":""},"categories":[105],"tags":[7960,1480,529,7959],"class_list":["post-12112","post","type-post","status-publish","format-standard","has-post-thumbnail","hentry","category-livsstil","tag-feiringer","tag-opprinnelse","tag-spania","tag-thanksgiving","generate-columns","tablet-grid-50","mobile-grid-100","grid-parent","grid-33","resize-featured-image"],"yoast_head":"<!-- This site is optimized with the Yoast SEO plugin v24.4 - https:\/\/yoast.com\/wordpress\/plugins\/seo\/ -->\n<title>Thanksgiving 2025 i Spania: Opprinnelse og feiringer - Nordnesrepublikken<\/title>\n<meta name=\"robots\" content=\"index, follow, max-snippet:-1, max-image-preview:large, max-video-preview:-1\" \/>\n<link rel=\"canonical\" href=\"https:\/\/nordnesrepublikken.no\/index.php\/2025\/11\/25\/thanksgiving-2025-i-spania-opprinnelse-og-feiringer\/\" \/>\n<meta property=\"og:locale\" content=\"nb_NO\" \/>\n<meta property=\"og:type\" content=\"article\" \/>\n<meta property=\"og:title\" content=\"Thanksgiving 2025 i Spania: Opprinnelse og feiringer - Nordnesrepublikken\" \/>\n<meta property=\"og:description\" content=\"Thanksgiving er en \u00e5rlig h\u00f8ytid som har sin opprinnelse i USA, f\u00f8rst og fremst for\" \/>\n<meta property=\"og:url\" content=\"https:\/\/nordnesrepublikken.no\/index.php\/2025\/11\/25\/thanksgiving-2025-i-spania-opprinnelse-og-feiringer\/\" \/>\n<meta property=\"og:site_name\" content=\"Nordnesrepublikken\" \/>\n<meta property=\"article:published_time\" content=\"2025-11-25T21:51:17+00:00\" \/>\n<meta property=\"article:modified_time\" content=\"2025-11-25T21:51:26+00:00\" \/>\n<meta property=\"og:image\" content=\"https:\/\/nordnesrepublikken.no\/wp-content\/uploads\/2025\/11\/1764107478_Thanksgiving-2025-i-Spania-Opprinnelse-og-feiringer.png\" \/>\n\t<meta property=\"og:image:width\" content=\"1200\" \/>\n\t<meta property=\"og:image:height\" content=\"794\" \/>\n\t<meta property=\"og:image:type\" content=\"image\/png\" \/>\n<meta name=\"author\" content=\"Ole Andersen\" \/>\n<meta name=\"twitter:card\" content=\"summary_large_image\" \/>\n<meta name=\"twitter:label1\" content=\"Skrevet av\" \/>\n\t<meta name=\"twitter:data1\" content=\"Ole Andersen\" \/>\n\t<meta name=\"twitter:label2\" content=\"Ansl. lesetid\" \/>\n\t<meta name=\"twitter:data2\" content=\"3 minutter\" \/>\n<script type=\"application\/ld+json\" class=\"yoast-schema-graph\">{\"@context\":\"https:\/\/schema.org\",\"@graph\":[{\"@type\":\"Article\",\"@id\":\"https:\/\/nordnesrepublikken.no\/index.php\/2025\/11\/25\/thanksgiving-2025-i-spania-opprinnelse-og-feiringer\/#article\",\"isPartOf\":{\"@id\":\"https:\/\/nordnesrepublikken.no\/index.php\/2025\/11\/25\/thanksgiving-2025-i-spania-opprinnelse-og-feiringer\/\"},\"author\":{\"name\":\"Ole Andersen\",\"@id\":\"https:\/\/nordnesrepublikken.no\/#\/schema\/person\/2e7e81935bab77882fffb79296240ff1\"},\"headline\":\"Thanksgiving 2025 i Spania: Opprinnelse og feiringer\",\"datePublished\":\"2025-11-25T21:51:17+00:00\",\"dateModified\":\"2025-11-25T21:51:26+00:00\",\"mainEntityOfPage\":{\"@id\":\"https:\/\/nordnesrepublikken.no\/index.php\/2025\/11\/25\/thanksgiving-2025-i-spania-opprinnelse-og-feiringer\/\"},\"wordCount\":687,\"publisher\":{\"@id\":\"https:\/\/nordnesrepublikken.no\/#organization\"},\"image\":{\"@id\":\"https:\/\/nordnesrepublikken.no\/index.php\/2025\/11\/25\/thanksgiving-2025-i-spania-opprinnelse-og-feiringer\/#primaryimage\"},\"thumbnailUrl\":\"https:\/\/nordnesrepublikken.no\/wp-content\/uploads\/2025\/11\/1764107478_Thanksgiving-2025-i-Spania-Opprinnelse-og-feiringer.png\",\"keywords\":[\"feiringer\",\"Opprinnelse\",\"Spania\",\"Thanksgiving\"],\"articleSection\":[\"Livsstil\"],\"inLanguage\":\"nb-NO\"},{\"@type\":\"WebPage\",\"@id\":\"https:\/\/nordnesrepublikken.no\/index.php\/2025\/11\/25\/thanksgiving-2025-i-spania-opprinnelse-og-feiringer\/\",\"url\":\"https:\/\/nordnesrepublikken.no\/index.php\/2025\/11\/25\/thanksgiving-2025-i-spania-opprinnelse-og-feiringer\/\",\"name\":\"Thanksgiving 2025 i Spania: Opprinnelse og feiringer - Nordnesrepublikken\",\"isPartOf\":{\"@id\":\"https:\/\/nordnesrepublikken.no\/#website\"},\"primaryImageOfPage\":{\"@id\":\"https:\/\/nordnesrepublikken.no\/index.php\/2025\/11\/25\/thanksgiving-2025-i-spania-opprinnelse-og-feiringer\/#primaryimage\"},\"image\":{\"@id\":\"https:\/\/nordnesrepublikken.no\/index.php\/2025\/11\/25\/thanksgiving-2025-i-spania-opprinnelse-og-feiringer\/#primaryimage\"},\"thumbnailUrl\":\"https:\/\/nordnesrepublikken.no\/wp-content\/uploads\/2025\/11\/1764107478_Thanksgiving-2025-i-Spania-Opprinnelse-og-feiringer.png\",\"datePublished\":\"2025-11-25T21:51:17+00:00\",\"dateModified\":\"2025-11-25T21:51:26+00:00\",\"breadcrumb\":{\"@id\":\"https:\/\/nordnesrepublikken.no\/index.php\/2025\/11\/25\/thanksgiving-2025-i-spania-opprinnelse-og-feiringer\/#breadcrumb\"},\"inLanguage\":\"nb-NO\",\"potentialAction\":[{\"@type\":\"ReadAction\",\"target\":[\"https:\/\/nordnesrepublikken.no\/index.php\/2025\/11\/25\/thanksgiving-2025-i-spania-opprinnelse-og-feiringer\/\"]}]},{\"@type\":\"ImageObject\",\"inLanguage\":\"nb-NO\",\"@id\":\"https:\/\/nordnesrepublikken.no\/index.php\/2025\/11\/25\/thanksgiving-2025-i-spania-opprinnelse-og-feiringer\/#primaryimage\",\"url\":\"https:\/\/nordnesrepublikken.no\/wp-content\/uploads\/2025\/11\/1764107478_Thanksgiving-2025-i-Spania-Opprinnelse-og-feiringer.png\",\"contentUrl\":\"https:\/\/nordnesrepublikken.no\/wp-content\/uploads\/2025\/11\/1764107478_Thanksgiving-2025-i-Spania-Opprinnelse-og-feiringer.png\",\"width\":1200,\"height\":794,\"caption\":\"Thanksgiving 2025 i Spania: Opprinnelse og feiringer\"},{\"@type\":\"BreadcrumbList\",\"@id\":\"https:\/\/nordnesrepublikken.no\/index.php\/2025\/11\/25\/thanksgiving-2025-i-spania-opprinnelse-og-feiringer\/#breadcrumb\",\"itemListElement\":[{\"@type\":\"ListItem\",\"position\":1,\"name\":\"Home\",\"item\":\"https:\/\/nordnesrepublikken.no\/\"},{\"@type\":\"ListItem\",\"position\":2,\"name\":\"Thanksgiving 2025 i Spania: Opprinnelse og feiringer\"}]},{\"@type\":\"WebSite\",\"@id\":\"https:\/\/nordnesrepublikken.no\/#website\",\"url\":\"https:\/\/nordnesrepublikken.no\/\",\"name\":\"Nordnesrepublikken\",\"description\":\"Stemmer og Visjoner fra Republikkens Hjerte\",\"publisher\":{\"@id\":\"https:\/\/nordnesrepublikken.no\/#organization\"},\"potentialAction\":[{\"@type\":\"SearchAction\",\"target\":{\"@type\":\"EntryPoint\",\"urlTemplate\":\"https:\/\/nordnesrepublikken.no\/?s={search_term_string}\"},\"query-input\":{\"@type\":\"PropertyValueSpecification\",\"valueRequired\":true,\"valueName\":\"search_term_string\"}}],\"inLanguage\":\"nb-NO\"},{\"@type\":\"Organization\",\"@id\":\"https:\/\/nordnesrepublikken.no\/#organization\",\"name\":\"Nordnesrepublikken\",\"url\":\"https:\/\/nordnesrepublikken.no\/\",\"logo\":{\"@type\":\"ImageObject\",\"inLanguage\":\"nb-NO\",\"@id\":\"https:\/\/nordnesrepublikken.no\/#\/schema\/logo\/image\/\",\"url\":\"https:\/\/nordnesrepublikken.no\/wp-content\/uploads\/2025\/02\/cropped-nordnesrepublikken-2.png\",\"contentUrl\":\"https:\/\/nordnesrepublikken.no\/wp-content\/uploads\/2025\/02\/cropped-nordnesrepublikken-2.png\",\"width\":1248,\"height\":362,\"caption\":\"Nordnesrepublikken\"},\"image\":{\"@id\":\"https:\/\/nordnesrepublikken.no\/#\/schema\/logo\/image\/\"}},{\"@type\":\"Person\",\"@id\":\"https:\/\/nordnesrepublikken.no\/#\/schema\/person\/2e7e81935bab77882fffb79296240ff1\",\"name\":\"Ole Andersen\",\"image\":{\"@type\":\"ImageObject\",\"inLanguage\":\"nb-NO\",\"@id\":\"https:\/\/nordnesrepublikken.no\/#\/schema\/person\/image\/\",\"url\":\"https:\/\/nordnesrepublikken.no\/wp-content\/uploads\/2025\/02\/nordnesrepublikken-2-2-150x150.jpg\",\"contentUrl\":\"https:\/\/nordnesrepublikken.no\/wp-content\/uploads\/2025\/02\/nordnesrepublikken-2-2-150x150.jpg\",\"caption\":\"Ole Andersen\"},\"description\":\"Ettersom jeg vokste opp i Oslo, har jeg alltid v\u00e6rt fascinert av ordenes kraft og deres evne til \u00e5 skape endringer. Etter \u00e5 ha fullf\u00f8rt min utdannelse i kommunikasjon ved Universitetet i Bergen, fikk jeg muligheten til \u00e5 jobbe innen ulike medier, der jeg har s\u00f8kt \u00e5 belyse viktige samfunnssp\u00f8rsm\u00e5l. I dag, som redakt\u00f8r for Nordnesrepublikken, pr\u00f8ver jeg \u00e5 forene min kj\u00e6rlighet for journalistikk med min lidenskap for innovasjon og eventyr.\",\"sameAs\":[\"https:\/\/nordnesrepublikken.no\/\"]}]}<\/script>\n<!-- \/ Yoast SEO plugin. -->","yoast_head_json":{"title":"Thanksgiving 2025 i Spania: Opprinnelse og feiringer - Nordnesrepublikken","robots":{"index":"index","follow":"follow","max-snippet":"max-snippet:-1","max-image-preview":"max-image-preview:large","max-video-preview":"max-video-preview:-1"},"canonical":"https:\/\/nordnesrepublikken.no\/index.php\/2025\/11\/25\/thanksgiving-2025-i-spania-opprinnelse-og-feiringer\/","og_locale":"nb_NO","og_type":"article","og_title":"Thanksgiving 2025 i Spania: Opprinnelse og feiringer - Nordnesrepublikken","og_description":"Thanksgiving er en \u00e5rlig h\u00f8ytid som har sin opprinnelse i USA, f\u00f8rst og fremst for","og_url":"https:\/\/nordnesrepublikken.no\/index.php\/2025\/11\/25\/thanksgiving-2025-i-spania-opprinnelse-og-feiringer\/","og_site_name":"Nordnesrepublikken","article_published_time":"2025-11-25T21:51:17+00:00","article_modified_time":"2025-11-25T21:51:26+00:00","og_image":[{"width":1200,"height":794,"url":"https:\/\/nordnesrepublikken.no\/wp-content\/uploads\/2025\/11\/1764107478_Thanksgiving-2025-i-Spania-Opprinnelse-og-feiringer.png","type":"image\/png"}],"author":"Ole Andersen","twitter_card":"summary_large_image","twitter_misc":{"Skrevet av":"Ole Andersen","Ansl. lesetid":"3 minutter"},"schema":{"@context":"https:\/\/schema.org","@graph":[{"@type":"Article","@id":"https:\/\/nordnesrepublikken.no\/index.php\/2025\/11\/25\/thanksgiving-2025-i-spania-opprinnelse-og-feiringer\/#article","isPartOf":{"@id":"https:\/\/nordnesrepublikken.no\/index.php\/2025\/11\/25\/thanksgiving-2025-i-spania-opprinnelse-og-feiringer\/"},"author":{"name":"Ole Andersen","@id":"https:\/\/nordnesrepublikken.no\/#\/schema\/person\/2e7e81935bab77882fffb79296240ff1"},"headline":"Thanksgiving 2025 i Spania: Opprinnelse og feiringer","datePublished":"2025-11-25T21:51:17+00:00","dateModified":"2025-11-25T21:51:26+00:00","mainEntityOfPage":{"@id":"https:\/\/nordnesrepublikken.no\/index.php\/2025\/11\/25\/thanksgiving-2025-i-spania-opprinnelse-og-feiringer\/"},"wordCount":687,"publisher":{"@id":"https:\/\/nordnesrepublikken.no\/#organization"},"image":{"@id":"https:\/\/nordnesrepublikken.no\/index.php\/2025\/11\/25\/thanksgiving-2025-i-spania-opprinnelse-og-feiringer\/#primaryimage"},"thumbnailUrl":"https:\/\/nordnesrepublikken.no\/wp-content\/uploads\/2025\/11\/1764107478_Thanksgiving-2025-i-Spania-Opprinnelse-og-feiringer.png","keywords":["feiringer","Opprinnelse","Spania","Thanksgiving"],"articleSection":["Livsstil"],"inLanguage":"nb-NO"},{"@type":"WebPage","@id":"https:\/\/nordnesrepublikken.no\/index.php\/2025\/11\/25\/thanksgiving-2025-i-spania-opprinnelse-og-feiringer\/","url":"https:\/\/nordnesrepublikken.no\/index.php\/2025\/11\/25\/thanksgiving-2025-i-spania-opprinnelse-og-feiringer\/","name":"Thanksgiving 2025 i Spania: Opprinnelse og feiringer - Nordnesrepublikken","isPartOf":{"@id":"https:\/\/nordnesrepublikken.no\/#website"},"primaryImageOfPage":{"@id":"https:\/\/nordnesrepublikken.no\/index.php\/2025\/11\/25\/thanksgiving-2025-i-spania-opprinnelse-og-feiringer\/#primaryimage"},"image":{"@id":"https:\/\/nordnesrepublikken.no\/index.php\/2025\/11\/25\/thanksgiving-2025-i-spania-opprinnelse-og-feiringer\/#primaryimage"},"thumbnailUrl":"https:\/\/nordnesrepublikken.no\/wp-content\/uploads\/2025\/11\/1764107478_Thanksgiving-2025-i-Spania-Opprinnelse-og-feiringer.png","datePublished":"2025-11-25T21:51:17+00:00","dateModified":"2025-11-25T21:51:26+00:00","breadcrumb":{"@id":"https:\/\/nordnesrepublikken.no\/index.php\/2025\/11\/25\/thanksgiving-2025-i-spania-opprinnelse-og-feiringer\/#breadcrumb"},"inLanguage":"nb-NO","potentialAction":[{"@type":"ReadAction","target":["https:\/\/nordnesrepublikken.no\/index.php\/2025\/11\/25\/thanksgiving-2025-i-spania-opprinnelse-og-feiringer\/"]}]},{"@type":"ImageObject","inLanguage":"nb-NO","@id":"https:\/\/nordnesrepublikken.no\/index.php\/2025\/11\/25\/thanksgiving-2025-i-spania-opprinnelse-og-feiringer\/#primaryimage","url":"https:\/\/nordnesrepublikken.no\/wp-content\/uploads\/2025\/11\/1764107478_Thanksgiving-2025-i-Spania-Opprinnelse-og-feiringer.png","contentUrl":"https:\/\/nordnesrepublikken.no\/wp-content\/uploads\/2025\/11\/1764107478_Thanksgiving-2025-i-Spania-Opprinnelse-og-feiringer.png","width":1200,"height":794,"caption":"Thanksgiving 2025 i Spania: Opprinnelse og feiringer"},{"@type":"BreadcrumbList","@id":"https:\/\/nordnesrepublikken.no\/index.php\/2025\/11\/25\/thanksgiving-2025-i-spania-opprinnelse-og-feiringer\/#breadcrumb","itemListElement":[{"@type":"ListItem","position":1,"name":"Home","item":"https:\/\/nordnesrepublikken.no\/"},{"@type":"ListItem","position":2,"name":"Thanksgiving 2025 i Spania: Opprinnelse og feiringer"}]},{"@type":"WebSite","@id":"https:\/\/nordnesrepublikken.no\/#website","url":"https:\/\/nordnesrepublikken.no\/","name":"Nordnesrepublikken","description":"Stemmer og Visjoner fra Republikkens Hjerte","publisher":{"@id":"https:\/\/nordnesrepublikken.no\/#organization"},"potentialAction":[{"@type":"SearchAction","target":{"@type":"EntryPoint","urlTemplate":"https:\/\/nordnesrepublikken.no\/?s={search_term_string}"},"query-input":{"@type":"PropertyValueSpecification","valueRequired":true,"valueName":"search_term_string"}}],"inLanguage":"nb-NO"},{"@type":"Organization","@id":"https:\/\/nordnesrepublikken.no\/#organization","name":"Nordnesrepublikken","url":"https:\/\/nordnesrepublikken.no\/","logo":{"@type":"ImageObject","inLanguage":"nb-NO","@id":"https:\/\/nordnesrepublikken.no\/#\/schema\/logo\/image\/","url":"https:\/\/nordnesrepublikken.no\/wp-content\/uploads\/2025\/02\/cropped-nordnesrepublikken-2.png","contentUrl":"https:\/\/nordnesrepublikken.no\/wp-content\/uploads\/2025\/02\/cropped-nordnesrepublikken-2.png","width":1248,"height":362,"caption":"Nordnesrepublikken"},"image":{"@id":"https:\/\/nordnesrepublikken.no\/#\/schema\/logo\/image\/"}},{"@type":"Person","@id":"https:\/\/nordnesrepublikken.no\/#\/schema\/person\/2e7e81935bab77882fffb79296240ff1","name":"Ole Andersen","image":{"@type":"ImageObject","inLanguage":"nb-NO","@id":"https:\/\/nordnesrepublikken.no\/#\/schema\/person\/image\/","url":"https:\/\/nordnesrepublikken.no\/wp-content\/uploads\/2025\/02\/nordnesrepublikken-2-2-150x150.jpg","contentUrl":"https:\/\/nordnesrepublikken.no\/wp-content\/uploads\/2025\/02\/nordnesrepublikken-2-2-150x150.jpg","caption":"Ole Andersen"},"description":"Ettersom jeg vokste opp i Oslo, har jeg alltid v\u00e6rt fascinert av ordenes kraft og deres evne til \u00e5 skape endringer. Etter \u00e5 ha fullf\u00f8rt min utdannelse i kommunikasjon ved Universitetet i Bergen, fikk jeg muligheten til \u00e5 jobbe innen ulike medier, der jeg har s\u00f8kt \u00e5 belyse viktige samfunnssp\u00f8rsm\u00e5l. I dag, som redakt\u00f8r for Nordnesrepublikken, pr\u00f8ver jeg \u00e5 forene min kj\u00e6rlighet for journalistikk med min lidenskap for innovasjon og eventyr.","sameAs":["https:\/\/nordnesrepublikken.no\/"]}]}},"_links":{"self":[{"href":"https:\/\/nordnesrepublikken.no\/index.php\/wp-json\/wp\/v2\/posts\/12112","targetHints":{"allow":["GET"]}}],"collection":[{"href":"https:\/\/nordnesrepublikken.no\/index.php\/wp-json\/wp\/v2\/posts"}],"about":[{"href":"https:\/\/nordnesrepublikken.no\/index.php\/wp-json\/wp\/v2\/types\/post"}],"author":[{"embeddable":true,"href":"https:\/\/nordnesrepublikken.no\/index.php\/wp-json\/wp\/v2\/users\/1"}],"replies":[{"embeddable":true,"href":"https:\/\/nordnesrepublikken.no\/index.php\/wp-json\/wp\/v2\/comments?post=12112"}],"version-history":[{"count":1,"href":"https:\/\/nordnesrepublikken.no\/index.php\/wp-json\/wp\/v2\/posts\/12112\/revisions"}],"predecessor-version":[{"id":12114,"href":"https:\/\/nordnesrepublikken.no\/index.php\/wp-json\/wp\/v2\/posts\/12112\/revisions\/12114"}],"wp:featuredmedia":[{"embeddable":true,"href":"https:\/\/nordnesrepublikken.no\/index.php\/wp-json\/wp\/v2\/media\/12113"}],"wp:attachment":[{"href":"https:\/\/nordnesrepublikken.no\/index.php\/wp-json\/wp\/v2\/media?parent=12112"}],"wp:term":[{"taxonomy":"category","embeddable":true,"href":"https:\/\/nordnesrepublikken.no\/index.php\/wp-json\/wp\/v2\/categories?post=12112"},{"taxonomy":"post_tag","embeddable":true,"href":"https:\/\/nordnesrepublikken.no\/index.php\/wp-json\/wp\/v2\/tags?post=12112"}],"curies":[{"name":"wp","href":"https:\/\/api.w.org\/{rel}","templated":true}]}}