{"id":12097,"date":"2025-11-25T13:51:47","date_gmt":"2025-11-25T12:51:47","guid":{"rendered":"https:\/\/nordnesrepublikken.no\/index.php\/2025\/11\/25\/ubatoppdrag-i-arktis-pa-5277-moh\/"},"modified":"2025-11-25T13:51:48","modified_gmt":"2025-11-25T12:51:48","slug":"ubatoppdrag-i-arktis-pa-5277-moh","status":"publish","type":"post","link":"https:\/\/nordnesrepublikken.no\/index.php\/2025\/11\/25\/ubatoppdrag-i-arktis-pa-5277-moh\/","title":{"rendered":"ub\u00e5toppdrag i Arktis p\u00e5 5277 moh"},"content":{"rendered":"<div>\n<div class=\"cp_wrapper cp_wrapper--fw mb-30 mb-20@tablet\">\n<figure class=\"mm\"><picture class=\"img\" style=\"padding-top:56.25%\"><source  media=\"(min-width: 1024px)\"><source  media=\"(min-width: 768px)\"><\/source><\/source><\/picture><\/figure>\n<\/p><\/div>\n<p>Et team av kinesiske forskere utforsket <strong>\u00f8stlige delen av<\/strong> <strong>Gakkel midthavsrygg<\/strong>en undersj\u00f8isk fjellkjede <strong>ca 1800 km lang <\/strong>i&#8217;<strong>Polhavet<\/strong>aldri bes\u00f8kt f\u00f8r som det er <strong>et av de vanskeligste omr\u00e5dene p\u00e5 jorden \u00e5 n\u00e5<\/strong>. Oppdraget, som ble avsluttet i oktober, brukte en <strong>isbryterskip<\/strong> og av <strong>ub\u00e5ten Fendouzhe<\/strong>som ogs\u00e5 var vert for en <strong>mannskap<\/strong>. Over 40 dykk har n\u00e5dd <strong>dybder til og med 5277 m<\/strong> under havniv\u00e5. Utforskningsresultatene er enn\u00e5 ikke behandlet, men antas \u00e5 avsl\u00f8re en <strong>ekstremt milj\u00f8<\/strong> ligner p\u00e5 den vestlige delen av ryggen, allerede utforsket tidligere: et kompleks av <strong>hydrotermiske kilder<\/strong> av varmt vann de er vert for <strong>rike \u00f8kosystemer<\/strong> med livsformer som ligner de som antas \u00e5 finnes p\u00e5 Jupiters m\u00e5ner.<\/p>\n<h2><b>Hva er Gakkelryggen i Polhavet: <\/b>et unikt geologisk system<\/h2>\n<p>Ekspedisjonen, organisert av departementet for naturressurser og det kinesiske vitenskapsakademiet, fant sted i flere uker i et avsidesliggende omr\u00e5de av planeten, dekket av havis. Her, under vannet i Polhavet, er det <strong>Gakkel rygg<\/strong>en undersj\u00f8isk fjellkjede <strong>ca 1800 km lang<\/strong>. Det er forlengelsen av Mid-Atlantic Ridge, som skiller <strong>Nordamerikansk tallerken<\/strong> fra det <strong>eurasisk<\/strong>preget av intens vulkansk aktivitet.<\/p>\n<div class=\"cp_wrapper cp_wrapper--fw mb-50\">\n<figure class=\"mm\"><picture class=\"img\" style=\"padding-top:82.689912826899%\"><source  media=\"(min-width: 1024px)\"><source  media=\"(min-width: 768px)\"><img decoding=\"async\" loading=\"lazy\" src=\"https:\/\/nordnesrepublikken.no\/wp-content\/uploads\/2025\/11\/1764075107_106_ubatoppdrag-i-Arktis-pa-5277-moh.jpg\" alt=\"Bilde\" width=\"803\" height=\"664\"\/><\/source><\/source><\/picture><\/figure>\n<\/p><\/div>\n<p>Den vestlige delen var allerede utforsket p\u00e5 2000-tallet, mens den \u00f8stlige, vanskeligere \u00e5 n\u00e5, s\u00e5 langt hadde v\u00e6rt uutforsket. For \u00e5 n\u00e5 det brukte forskerne en <strong>isbryterskip<\/strong> og den <strong>Fendouzhe ub\u00e5t<\/strong>som blant dykkene kan skilte med en i den dypeste havgraven p\u00e5 planeten, Mariana-graven. Dykkene for \u00e5 n\u00e5 Gakkelryggen var mange og involverte ett <strong>maksimal dybde p\u00e5 5277 m<\/strong>.<\/p>\n<div class=\"cp_wrapper cp_wrapper--fw mb-50\">\n<figure class=\"mm\"><picture class=\"img\" style=\"padding-top:63.188405797101%\"><source  media=\"(min-width: 1024px)\"><source  media=\"(min-width: 768px)\"><img decoding=\"async\" loading=\"lazy\" src=\"https:\/\/nordnesrepublikken.no\/wp-content\/uploads\/2025\/11\/1764075107_996_ubatoppdrag-i-Arktis-pa-5277-moh.jpg\" alt=\"Bilde\" width=\"690\" height=\"436\" class=\"js-seedtag-img\"\/><\/source><\/source><\/picture><\/figure>\n<\/p><\/div>\n<p>I en av disse var ub\u00e5ten i stand til \u00e5 dykke takket v\u00e6re \u00e5pninger i isen skapt av skipet, <strong>det var ogs\u00e5 vert for et mannskap<\/strong>. Valget av steder \u00e5 bes\u00f8ke falt p\u00e5 de mest geologisk interessante, for eksempel undervannsfjell.<\/p>\n<div class=\"cp_wrapper cp_wrapper--fw mb-50\">\n<figure class=\"mm\"><picture class=\"img\" style=\"padding-top:66.66187257299%\"><source  media=\"(min-width: 1024px)\"><source  media=\"(min-width: 768px)\"><img decoding=\"async\" loading=\"lazy\" src=\"https:\/\/nordnesrepublikken.no\/wp-content\/uploads\/2025\/11\/1764075107_939_ubatoppdrag-i-Arktis-pa-5277-moh.jpg\" alt=\"Bilde\" width=\"6953\" height=\"4635\"\/><\/source><\/source><\/picture><\/figure>\n<\/p><\/div>\n<h2><strong>Hvorfor Gakkelryggen er s\u00e5 interessant<\/strong><\/h2>\n<p>Gakkelryggen vekker stor interesse i vitenskapsmilj\u00f8et av ulike \u00e5rsaker. For eksempel er det strekningen av planetens midthavsrygg som platene beveger seg fra hverandre langs. <strong>laveste rate, mellom 0,6 og 1,5 cm per \u00e5r<\/strong>. En av dens mest interessante funksjoner er at den er vert for et stort hydrotermisk felt, best\u00e5ende av <strong>hydrotermiske ventiler<\/strong>ogs\u00e5 kalt <strong>svarte r\u00f8ykstenger<\/strong> (eller <strong>svarte r\u00f8ykere<\/strong>), h\u00f8ye strukturer som best\u00e5r av <strong>polymetalliske sulfider<\/strong>rik p\u00e5 jern, kobber, mangan og sink. Disse metallene avsettes fra vannet som sirkulerer i skorpen n\u00e5r disse, oppvarmet av magma, avkj\u00f8les br\u00e5tt, og slipper ut fra sprekkene p\u00e5 havbunnen. De svarte r\u00f8ykstengene utgj\u00f8r et habitat som er vert for en <strong>bemerkelsesverdig biologisk mangfold<\/strong>med organismer som er i stand til \u00e5 overleve under ekstreme forhold. Hydrotermiske ventiler ble oppdaget i 2001 i den vestlige delen av Gakkelryggen og kan ogs\u00e5 finnes i den nylig utforskede \u00f8stlige, selv om forskere enn\u00e5 ikke har gitt data om dette. Analysene av de innsamlede pr\u00f8vene p\u00e5g\u00e5r fortsatt, men kan avsl\u00f8re noe <strong>verdifull informasjon fra et geologisk og biologisk synspunkt<\/strong>. De kan ogs\u00e5 v\u00e6re nyttige for \u00e5 forst\u00e5 hvordan liv kan oppst\u00e5 og utvikle seg i de frosne havene til Jupiters m\u00e5ner. Som denne ekspedisjonen vitner om, er <strong>Kinas rolle i utforskningen av ekstreme polare milj\u00f8er<\/strong> det blir stadig viktigere, ogs\u00e5 takket v\u00e6re bruken av sv\u00e6rt avanserte teknologier.<\/p>\n<div class=\"cp_wrapper cp_wrapper--fw mb-50\">\n<figure class=\"mm\"><picture class=\"img\" style=\"padding-top:75%\"><source  media=\"(min-width: 1024px)\"><source  media=\"(min-width: 768px)\"><img decoding=\"async\" loading=\"lazy\" src=\"https:\/\/nordnesrepublikken.no\/wp-content\/uploads\/2025\/11\/1764075107_434_ubatoppdrag-i-Arktis-pa-5277-moh.jpg\" alt=\"Bilde\" width=\"1280\" height=\"960\" class=\"js-seedtag-img\"\/><\/source><\/source><\/picture><\/figure>\n<\/p><\/div>\n<\/p><\/div>\n","protected":false},"excerpt":{"rendered":"<p>Et team av kinesiske forskere utforsket \u00f8stlige delen av Gakkel midthavsryggen undersj\u00f8isk fjellkjede ca 1800<\/p>\n","protected":false},"author":1,"featured_media":12098,"comment_status":"closed","ping_status":"open","sticky":false,"template":"","format":"standard","meta":{"footnotes":""},"categories":[26],"tags":[7948,7949,81,7947],"class_list":["post-12097","post","type-post","status-publish","format-standard","has-post-thumbnail","hentry","category-miljo","tag-arktis","tag-moh","tag-pa","tag-ubatoppdrag","generate-columns","tablet-grid-50","mobile-grid-100","grid-parent","grid-33","resize-featured-image"],"yoast_head":"<!-- This site is optimized with the Yoast SEO plugin v24.4 - https:\/\/yoast.com\/wordpress\/plugins\/seo\/ -->\n<title>ub\u00e5toppdrag i Arktis p\u00e5 5277 moh - Nordnesrepublikken<\/title>\n<meta name=\"robots\" content=\"index, follow, max-snippet:-1, max-image-preview:large, max-video-preview:-1\" \/>\n<link rel=\"canonical\" href=\"https:\/\/nordnesrepublikken.no\/index.php\/2025\/11\/25\/ubatoppdrag-i-arktis-pa-5277-moh\/\" \/>\n<meta property=\"og:locale\" content=\"nb_NO\" \/>\n<meta property=\"og:type\" content=\"article\" \/>\n<meta property=\"og:title\" content=\"ub\u00e5toppdrag i Arktis p\u00e5 5277 moh - Nordnesrepublikken\" \/>\n<meta property=\"og:description\" content=\"Et team av kinesiske forskere utforsket \u00f8stlige delen av Gakkel midthavsryggen undersj\u00f8isk fjellkjede ca 1800\" \/>\n<meta property=\"og:url\" content=\"https:\/\/nordnesrepublikken.no\/index.php\/2025\/11\/25\/ubatoppdrag-i-arktis-pa-5277-moh\/\" \/>\n<meta property=\"og:site_name\" content=\"Nordnesrepublikken\" \/>\n<meta property=\"article:published_time\" content=\"2025-11-25T12:51:47+00:00\" \/>\n<meta property=\"article:modified_time\" content=\"2025-11-25T12:51:48+00:00\" \/>\n<meta property=\"og:image\" content=\"https:\/\/nordnesrepublikken.no\/wp-content\/uploads\/2025\/11\/1764075107_ubatoppdrag-i-Arktis-pa-5277-moh.jpg\" \/>\n\t<meta property=\"og:image:width\" content=\"1376\" \/>\n\t<meta property=\"og:image:height\" content=\"768\" \/>\n\t<meta property=\"og:image:type\" content=\"image\/jpeg\" \/>\n<meta name=\"author\" content=\"Ole Andersen\" \/>\n<meta name=\"twitter:card\" content=\"summary_large_image\" \/>\n<meta name=\"twitter:label1\" content=\"Skrevet av\" \/>\n\t<meta name=\"twitter:data1\" content=\"Ole Andersen\" \/>\n\t<meta name=\"twitter:label2\" content=\"Ansl. lesetid\" \/>\n\t<meta name=\"twitter:data2\" content=\"3 minutter\" \/>\n<script type=\"application\/ld+json\" class=\"yoast-schema-graph\">{\"@context\":\"https:\/\/schema.org\",\"@graph\":[{\"@type\":\"Article\",\"@id\":\"https:\/\/nordnesrepublikken.no\/index.php\/2025\/11\/25\/ubatoppdrag-i-arktis-pa-5277-moh\/#article\",\"isPartOf\":{\"@id\":\"https:\/\/nordnesrepublikken.no\/index.php\/2025\/11\/25\/ubatoppdrag-i-arktis-pa-5277-moh\/\"},\"author\":{\"name\":\"Ole Andersen\",\"@id\":\"https:\/\/nordnesrepublikken.no\/#\/schema\/person\/2e7e81935bab77882fffb79296240ff1\"},\"headline\":\"ub\u00e5toppdrag i Arktis p\u00e5 5277 moh\",\"datePublished\":\"2025-11-25T12:51:47+00:00\",\"dateModified\":\"2025-11-25T12:51:48+00:00\",\"mainEntityOfPage\":{\"@id\":\"https:\/\/nordnesrepublikken.no\/index.php\/2025\/11\/25\/ubatoppdrag-i-arktis-pa-5277-moh\/\"},\"wordCount\":523,\"publisher\":{\"@id\":\"https:\/\/nordnesrepublikken.no\/#organization\"},\"image\":{\"@id\":\"https:\/\/nordnesrepublikken.no\/index.php\/2025\/11\/25\/ubatoppdrag-i-arktis-pa-5277-moh\/#primaryimage\"},\"thumbnailUrl\":\"https:\/\/nordnesrepublikken.no\/wp-content\/uploads\/2025\/11\/1764075107_ubatoppdrag-i-Arktis-pa-5277-moh.jpg\",\"keywords\":[\"Arktis\",\"moh\",\"p\u00e5\",\"ub\u00e5toppdrag\"],\"articleSection\":[\"Milj\u00f8\"],\"inLanguage\":\"nb-NO\"},{\"@type\":\"WebPage\",\"@id\":\"https:\/\/nordnesrepublikken.no\/index.php\/2025\/11\/25\/ubatoppdrag-i-arktis-pa-5277-moh\/\",\"url\":\"https:\/\/nordnesrepublikken.no\/index.php\/2025\/11\/25\/ubatoppdrag-i-arktis-pa-5277-moh\/\",\"name\":\"ub\u00e5toppdrag i Arktis p\u00e5 5277 moh - Nordnesrepublikken\",\"isPartOf\":{\"@id\":\"https:\/\/nordnesrepublikken.no\/#website\"},\"primaryImageOfPage\":{\"@id\":\"https:\/\/nordnesrepublikken.no\/index.php\/2025\/11\/25\/ubatoppdrag-i-arktis-pa-5277-moh\/#primaryimage\"},\"image\":{\"@id\":\"https:\/\/nordnesrepublikken.no\/index.php\/2025\/11\/25\/ubatoppdrag-i-arktis-pa-5277-moh\/#primaryimage\"},\"thumbnailUrl\":\"https:\/\/nordnesrepublikken.no\/wp-content\/uploads\/2025\/11\/1764075107_ubatoppdrag-i-Arktis-pa-5277-moh.jpg\",\"datePublished\":\"2025-11-25T12:51:47+00:00\",\"dateModified\":\"2025-11-25T12:51:48+00:00\",\"breadcrumb\":{\"@id\":\"https:\/\/nordnesrepublikken.no\/index.php\/2025\/11\/25\/ubatoppdrag-i-arktis-pa-5277-moh\/#breadcrumb\"},\"inLanguage\":\"nb-NO\",\"potentialAction\":[{\"@type\":\"ReadAction\",\"target\":[\"https:\/\/nordnesrepublikken.no\/index.php\/2025\/11\/25\/ubatoppdrag-i-arktis-pa-5277-moh\/\"]}]},{\"@type\":\"ImageObject\",\"inLanguage\":\"nb-NO\",\"@id\":\"https:\/\/nordnesrepublikken.no\/index.php\/2025\/11\/25\/ubatoppdrag-i-arktis-pa-5277-moh\/#primaryimage\",\"url\":\"https:\/\/nordnesrepublikken.no\/wp-content\/uploads\/2025\/11\/1764075107_ubatoppdrag-i-Arktis-pa-5277-moh.jpg\",\"contentUrl\":\"https:\/\/nordnesrepublikken.no\/wp-content\/uploads\/2025\/11\/1764075107_ubatoppdrag-i-Arktis-pa-5277-moh.jpg\",\"width\":1376,\"height\":768,\"caption\":\"ub\u00e5toppdrag i Arktis p\u00e5 5277 moh\"},{\"@type\":\"BreadcrumbList\",\"@id\":\"https:\/\/nordnesrepublikken.no\/index.php\/2025\/11\/25\/ubatoppdrag-i-arktis-pa-5277-moh\/#breadcrumb\",\"itemListElement\":[{\"@type\":\"ListItem\",\"position\":1,\"name\":\"Home\",\"item\":\"https:\/\/nordnesrepublikken.no\/\"},{\"@type\":\"ListItem\",\"position\":2,\"name\":\"ub\u00e5toppdrag i Arktis p\u00e5 5277 moh\"}]},{\"@type\":\"WebSite\",\"@id\":\"https:\/\/nordnesrepublikken.no\/#website\",\"url\":\"https:\/\/nordnesrepublikken.no\/\",\"name\":\"Nordnesrepublikken\",\"description\":\"Stemmer og Visjoner fra Republikkens Hjerte\",\"publisher\":{\"@id\":\"https:\/\/nordnesrepublikken.no\/#organization\"},\"potentialAction\":[{\"@type\":\"SearchAction\",\"target\":{\"@type\":\"EntryPoint\",\"urlTemplate\":\"https:\/\/nordnesrepublikken.no\/?s={search_term_string}\"},\"query-input\":{\"@type\":\"PropertyValueSpecification\",\"valueRequired\":true,\"valueName\":\"search_term_string\"}}],\"inLanguage\":\"nb-NO\"},{\"@type\":\"Organization\",\"@id\":\"https:\/\/nordnesrepublikken.no\/#organization\",\"name\":\"Nordnesrepublikken\",\"url\":\"https:\/\/nordnesrepublikken.no\/\",\"logo\":{\"@type\":\"ImageObject\",\"inLanguage\":\"nb-NO\",\"@id\":\"https:\/\/nordnesrepublikken.no\/#\/schema\/logo\/image\/\",\"url\":\"https:\/\/nordnesrepublikken.no\/wp-content\/uploads\/2025\/02\/cropped-nordnesrepublikken-2.png\",\"contentUrl\":\"https:\/\/nordnesrepublikken.no\/wp-content\/uploads\/2025\/02\/cropped-nordnesrepublikken-2.png\",\"width\":1248,\"height\":362,\"caption\":\"Nordnesrepublikken\"},\"image\":{\"@id\":\"https:\/\/nordnesrepublikken.no\/#\/schema\/logo\/image\/\"}},{\"@type\":\"Person\",\"@id\":\"https:\/\/nordnesrepublikken.no\/#\/schema\/person\/2e7e81935bab77882fffb79296240ff1\",\"name\":\"Ole Andersen\",\"image\":{\"@type\":\"ImageObject\",\"inLanguage\":\"nb-NO\",\"@id\":\"https:\/\/nordnesrepublikken.no\/#\/schema\/person\/image\/\",\"url\":\"https:\/\/nordnesrepublikken.no\/wp-content\/uploads\/2025\/02\/nordnesrepublikken-2-2-150x150.jpg\",\"contentUrl\":\"https:\/\/nordnesrepublikken.no\/wp-content\/uploads\/2025\/02\/nordnesrepublikken-2-2-150x150.jpg\",\"caption\":\"Ole Andersen\"},\"description\":\"Ettersom jeg vokste opp i Oslo, har jeg alltid v\u00e6rt fascinert av ordenes kraft og deres evne til \u00e5 skape endringer. Etter \u00e5 ha fullf\u00f8rt min utdannelse i kommunikasjon ved Universitetet i Bergen, fikk jeg muligheten til \u00e5 jobbe innen ulike medier, der jeg har s\u00f8kt \u00e5 belyse viktige samfunnssp\u00f8rsm\u00e5l. I dag, som redakt\u00f8r for Nordnesrepublikken, pr\u00f8ver jeg \u00e5 forene min kj\u00e6rlighet for journalistikk med min lidenskap for innovasjon og eventyr.\",\"sameAs\":[\"https:\/\/nordnesrepublikken.no\/\"]}]}<\/script>\n<!-- \/ Yoast SEO plugin. -->","yoast_head_json":{"title":"ub\u00e5toppdrag i Arktis p\u00e5 5277 moh - Nordnesrepublikken","robots":{"index":"index","follow":"follow","max-snippet":"max-snippet:-1","max-image-preview":"max-image-preview:large","max-video-preview":"max-video-preview:-1"},"canonical":"https:\/\/nordnesrepublikken.no\/index.php\/2025\/11\/25\/ubatoppdrag-i-arktis-pa-5277-moh\/","og_locale":"nb_NO","og_type":"article","og_title":"ub\u00e5toppdrag i Arktis p\u00e5 5277 moh - Nordnesrepublikken","og_description":"Et team av kinesiske forskere utforsket \u00f8stlige delen av Gakkel midthavsryggen undersj\u00f8isk fjellkjede ca 1800","og_url":"https:\/\/nordnesrepublikken.no\/index.php\/2025\/11\/25\/ubatoppdrag-i-arktis-pa-5277-moh\/","og_site_name":"Nordnesrepublikken","article_published_time":"2025-11-25T12:51:47+00:00","article_modified_time":"2025-11-25T12:51:48+00:00","og_image":[{"width":1376,"height":768,"url":"https:\/\/nordnesrepublikken.no\/wp-content\/uploads\/2025\/11\/1764075107_ubatoppdrag-i-Arktis-pa-5277-moh.jpg","type":"image\/jpeg"}],"author":"Ole Andersen","twitter_card":"summary_large_image","twitter_misc":{"Skrevet av":"Ole Andersen","Ansl. lesetid":"3 minutter"},"schema":{"@context":"https:\/\/schema.org","@graph":[{"@type":"Article","@id":"https:\/\/nordnesrepublikken.no\/index.php\/2025\/11\/25\/ubatoppdrag-i-arktis-pa-5277-moh\/#article","isPartOf":{"@id":"https:\/\/nordnesrepublikken.no\/index.php\/2025\/11\/25\/ubatoppdrag-i-arktis-pa-5277-moh\/"},"author":{"name":"Ole Andersen","@id":"https:\/\/nordnesrepublikken.no\/#\/schema\/person\/2e7e81935bab77882fffb79296240ff1"},"headline":"ub\u00e5toppdrag i Arktis p\u00e5 5277 moh","datePublished":"2025-11-25T12:51:47+00:00","dateModified":"2025-11-25T12:51:48+00:00","mainEntityOfPage":{"@id":"https:\/\/nordnesrepublikken.no\/index.php\/2025\/11\/25\/ubatoppdrag-i-arktis-pa-5277-moh\/"},"wordCount":523,"publisher":{"@id":"https:\/\/nordnesrepublikken.no\/#organization"},"image":{"@id":"https:\/\/nordnesrepublikken.no\/index.php\/2025\/11\/25\/ubatoppdrag-i-arktis-pa-5277-moh\/#primaryimage"},"thumbnailUrl":"https:\/\/nordnesrepublikken.no\/wp-content\/uploads\/2025\/11\/1764075107_ubatoppdrag-i-Arktis-pa-5277-moh.jpg","keywords":["Arktis","moh","p\u00e5","ub\u00e5toppdrag"],"articleSection":["Milj\u00f8"],"inLanguage":"nb-NO"},{"@type":"WebPage","@id":"https:\/\/nordnesrepublikken.no\/index.php\/2025\/11\/25\/ubatoppdrag-i-arktis-pa-5277-moh\/","url":"https:\/\/nordnesrepublikken.no\/index.php\/2025\/11\/25\/ubatoppdrag-i-arktis-pa-5277-moh\/","name":"ub\u00e5toppdrag i Arktis p\u00e5 5277 moh - Nordnesrepublikken","isPartOf":{"@id":"https:\/\/nordnesrepublikken.no\/#website"},"primaryImageOfPage":{"@id":"https:\/\/nordnesrepublikken.no\/index.php\/2025\/11\/25\/ubatoppdrag-i-arktis-pa-5277-moh\/#primaryimage"},"image":{"@id":"https:\/\/nordnesrepublikken.no\/index.php\/2025\/11\/25\/ubatoppdrag-i-arktis-pa-5277-moh\/#primaryimage"},"thumbnailUrl":"https:\/\/nordnesrepublikken.no\/wp-content\/uploads\/2025\/11\/1764075107_ubatoppdrag-i-Arktis-pa-5277-moh.jpg","datePublished":"2025-11-25T12:51:47+00:00","dateModified":"2025-11-25T12:51:48+00:00","breadcrumb":{"@id":"https:\/\/nordnesrepublikken.no\/index.php\/2025\/11\/25\/ubatoppdrag-i-arktis-pa-5277-moh\/#breadcrumb"},"inLanguage":"nb-NO","potentialAction":[{"@type":"ReadAction","target":["https:\/\/nordnesrepublikken.no\/index.php\/2025\/11\/25\/ubatoppdrag-i-arktis-pa-5277-moh\/"]}]},{"@type":"ImageObject","inLanguage":"nb-NO","@id":"https:\/\/nordnesrepublikken.no\/index.php\/2025\/11\/25\/ubatoppdrag-i-arktis-pa-5277-moh\/#primaryimage","url":"https:\/\/nordnesrepublikken.no\/wp-content\/uploads\/2025\/11\/1764075107_ubatoppdrag-i-Arktis-pa-5277-moh.jpg","contentUrl":"https:\/\/nordnesrepublikken.no\/wp-content\/uploads\/2025\/11\/1764075107_ubatoppdrag-i-Arktis-pa-5277-moh.jpg","width":1376,"height":768,"caption":"ub\u00e5toppdrag i Arktis p\u00e5 5277 moh"},{"@type":"BreadcrumbList","@id":"https:\/\/nordnesrepublikken.no\/index.php\/2025\/11\/25\/ubatoppdrag-i-arktis-pa-5277-moh\/#breadcrumb","itemListElement":[{"@type":"ListItem","position":1,"name":"Home","item":"https:\/\/nordnesrepublikken.no\/"},{"@type":"ListItem","position":2,"name":"ub\u00e5toppdrag i Arktis p\u00e5 5277 moh"}]},{"@type":"WebSite","@id":"https:\/\/nordnesrepublikken.no\/#website","url":"https:\/\/nordnesrepublikken.no\/","name":"Nordnesrepublikken","description":"Stemmer og Visjoner fra Republikkens Hjerte","publisher":{"@id":"https:\/\/nordnesrepublikken.no\/#organization"},"potentialAction":[{"@type":"SearchAction","target":{"@type":"EntryPoint","urlTemplate":"https:\/\/nordnesrepublikken.no\/?s={search_term_string}"},"query-input":{"@type":"PropertyValueSpecification","valueRequired":true,"valueName":"search_term_string"}}],"inLanguage":"nb-NO"},{"@type":"Organization","@id":"https:\/\/nordnesrepublikken.no\/#organization","name":"Nordnesrepublikken","url":"https:\/\/nordnesrepublikken.no\/","logo":{"@type":"ImageObject","inLanguage":"nb-NO","@id":"https:\/\/nordnesrepublikken.no\/#\/schema\/logo\/image\/","url":"https:\/\/nordnesrepublikken.no\/wp-content\/uploads\/2025\/02\/cropped-nordnesrepublikken-2.png","contentUrl":"https:\/\/nordnesrepublikken.no\/wp-content\/uploads\/2025\/02\/cropped-nordnesrepublikken-2.png","width":1248,"height":362,"caption":"Nordnesrepublikken"},"image":{"@id":"https:\/\/nordnesrepublikken.no\/#\/schema\/logo\/image\/"}},{"@type":"Person","@id":"https:\/\/nordnesrepublikken.no\/#\/schema\/person\/2e7e81935bab77882fffb79296240ff1","name":"Ole Andersen","image":{"@type":"ImageObject","inLanguage":"nb-NO","@id":"https:\/\/nordnesrepublikken.no\/#\/schema\/person\/image\/","url":"https:\/\/nordnesrepublikken.no\/wp-content\/uploads\/2025\/02\/nordnesrepublikken-2-2-150x150.jpg","contentUrl":"https:\/\/nordnesrepublikken.no\/wp-content\/uploads\/2025\/02\/nordnesrepublikken-2-2-150x150.jpg","caption":"Ole Andersen"},"description":"Ettersom jeg vokste opp i Oslo, har jeg alltid v\u00e6rt fascinert av ordenes kraft og deres evne til \u00e5 skape endringer. Etter \u00e5 ha fullf\u00f8rt min utdannelse i kommunikasjon ved Universitetet i Bergen, fikk jeg muligheten til \u00e5 jobbe innen ulike medier, der jeg har s\u00f8kt \u00e5 belyse viktige samfunnssp\u00f8rsm\u00e5l. I dag, som redakt\u00f8r for Nordnesrepublikken, pr\u00f8ver jeg \u00e5 forene min kj\u00e6rlighet for journalistikk med min lidenskap for innovasjon og eventyr.","sameAs":["https:\/\/nordnesrepublikken.no\/"]}]}},"_links":{"self":[{"href":"https:\/\/nordnesrepublikken.no\/index.php\/wp-json\/wp\/v2\/posts\/12097","targetHints":{"allow":["GET"]}}],"collection":[{"href":"https:\/\/nordnesrepublikken.no\/index.php\/wp-json\/wp\/v2\/posts"}],"about":[{"href":"https:\/\/nordnesrepublikken.no\/index.php\/wp-json\/wp\/v2\/types\/post"}],"author":[{"embeddable":true,"href":"https:\/\/nordnesrepublikken.no\/index.php\/wp-json\/wp\/v2\/users\/1"}],"replies":[{"embeddable":true,"href":"https:\/\/nordnesrepublikken.no\/index.php\/wp-json\/wp\/v2\/comments?post=12097"}],"version-history":[{"count":1,"href":"https:\/\/nordnesrepublikken.no\/index.php\/wp-json\/wp\/v2\/posts\/12097\/revisions"}],"predecessor-version":[{"id":12099,"href":"https:\/\/nordnesrepublikken.no\/index.php\/wp-json\/wp\/v2\/posts\/12097\/revisions\/12099"}],"wp:featuredmedia":[{"embeddable":true,"href":"https:\/\/nordnesrepublikken.no\/index.php\/wp-json\/wp\/v2\/media\/12098"}],"wp:attachment":[{"href":"https:\/\/nordnesrepublikken.no\/index.php\/wp-json\/wp\/v2\/media?parent=12097"}],"wp:term":[{"taxonomy":"category","embeddable":true,"href":"https:\/\/nordnesrepublikken.no\/index.php\/wp-json\/wp\/v2\/categories?post=12097"},{"taxonomy":"post_tag","embeddable":true,"href":"https:\/\/nordnesrepublikken.no\/index.php\/wp-json\/wp\/v2\/tags?post=12097"}],"curies":[{"name":"wp","href":"https:\/\/api.w.org\/{rel}","templated":true}]}}