{"id":12085,"date":"2025-11-25T02:50:36","date_gmt":"2025-11-25T01:50:36","guid":{"rendered":"https:\/\/nordnesrepublikken.no\/index.php\/2025\/11\/25\/hva-de-nye-veiskiltene-med-gronn-kant-betyr-og-hvor-de-allerede-er-plassert\/"},"modified":"2025-11-25T02:50:37","modified_gmt":"2025-11-25T01:50:37","slug":"hva-de-nye-veiskiltene-med-gronn-kant-betyr-og-hvor-de-allerede-er-plassert","status":"publish","type":"post","link":"https:\/\/nordnesrepublikken.no\/index.php\/2025\/11\/25\/hva-de-nye-veiskiltene-med-gronn-kant-betyr-og-hvor-de-allerede-er-plassert\/","title":{"rendered":"Hva de nye veiskiltene med gr\u00f8nn kant betyr og hvor de allerede er plassert"},"content":{"rendered":"<div>\n<div class=\"cp_wrapper cp_wrapper--fw mb-30 mb-20@tablet\">\n<figure class=\"mm\"><picture class=\"img\" style=\"padding-top:56.25%\"><source  media=\"(min-width: 1024px)\"><source  media=\"(min-width: 768px)\"><\/source><\/source><\/picture><\/figure>\n<\/p><\/div>\n<p>I Storbritannia, Spania og Frankrike kan de allerede bli funnet p\u00e5 gata, men i Italia har de enn\u00e5 ikke kommet: vi snakker om <strong>veiskilt med gr\u00f8nn kant<\/strong> og den hvite bakgrunnen, som i midten indikerer en presis hastighet akkurat som i de klassiske fartsgrenseskiltene som imidlertid har en r\u00f8d kant.<\/p>\n<p>Men hva er de til for? I hovedsak er de ikke tegn p\u00e5 forpliktelse, men tegn p\u00e5 instruksjon som tilbyr guder <strong>hastighet &laquo;tips&raquo;.<\/strong>: i landene der de allerede er til stede, er de faktisk plassert i forbindelse med <strong>sensitive omr\u00e5der<\/strong> som skolemilj\u00f8er, sykehus og boligomr\u00e5der, men ogs\u00e5 ved inngangen til byggeplasser eller ved inngangen til enkelte private gater, hvor hastighetsmodulering er avgj\u00f8rende for \u00e5 forhindre ulykker. Det b\u00f8r imidlertid spesifiseres at disse hastighetsanbefalingene ikke n\u00f8dvendigvis m\u00e5 f\u00f8lges: hvis du i det omr\u00e5det kj\u00f8rer med en hastighet som er h\u00f8yere enn den som er angitt p\u00e5 det gr\u00f8nne skiltet, men alltid innenfor grensene fastsatt av skiltene med r\u00f8d kant, s\u00e5 <strong>det vil ikke v\u00e6re fare for bot<\/strong>. De gr\u00f8nne kantskiltene, derfor, <b>de krever ikke reell reguleringstilpasning<\/b> fordi de ikke ilegger noen sanksjoner, mens de r\u00f8de foreskriver.<\/p>\n<p>Hensikten med disse skiltene er derfor \u00e5 <strong>\u00f8ke bevisstheten blant sj\u00e5f\u00f8rer<\/strong> f\u00e5 dem til \u00e5 moderere farten i omr\u00e5der der det er en h\u00f8y konsentrasjon av fotgjengere, og forvandler skiltene fra et straffeverkt\u00f8y til en invitasjon til bevisst kj\u00f8ring. I <strong>Italia<\/strong> denne typen skilt har enn\u00e5 ikke kommet (det har enn\u00e5 ikke blitt gjenkjent av riksveikoden v\u00e5r), men det er et skilt med lignende betydning, nemlig <strong>bl\u00e5 firkant med hvitt tall<\/strong> som dukker opp i n\u00e6rheten av utfordrende svinger eller veistrekninger der sikten er redusert og som tilsier at du b\u00f8r g\u00e5 saktere frem. \u00c5 ta i bruk denne nye formen for skilting krever en oppdatering av reglene fra Infrastruktur- og samferdselsdepartementet, samt en testfase for \u00e5 verifisere dens reelle effektivitet.<\/p>\n<\/p><\/div>\n","protected":false},"excerpt":{"rendered":"<p>I Storbritannia, Spania og Frankrike kan de allerede bli funnet p\u00e5 gata, men i Italia<\/p>\n","protected":false},"author":1,"featured_media":12086,"comment_status":"closed","ping_status":"open","sticky":false,"template":"","format":"standard","meta":{"footnotes":""},"categories":[104],"tags":[2410,186,2990,144,449,7944,79,260,7496,7943],"class_list":["post-12085","post","type-post","status-publish","format-standard","has-post-thumbnail","hentry","category-samfunn","tag-allerede","tag-betyr","tag-gronn","tag-hva","tag-hvor","tag-kant","tag-med","tag-nye","tag-plassert","tag-veiskiltene","generate-columns","tablet-grid-50","mobile-grid-100","grid-parent","grid-33","resize-featured-image"],"yoast_head":"<!-- This site is optimized with the Yoast SEO plugin v24.4 - https:\/\/yoast.com\/wordpress\/plugins\/seo\/ -->\n<title>Hva de nye veiskiltene med gr\u00f8nn kant betyr og hvor de allerede er plassert - Nordnesrepublikken<\/title>\n<meta name=\"robots\" content=\"index, follow, max-snippet:-1, max-image-preview:large, max-video-preview:-1\" \/>\n<link rel=\"canonical\" href=\"https:\/\/nordnesrepublikken.no\/index.php\/2025\/11\/25\/hva-de-nye-veiskiltene-med-gronn-kant-betyr-og-hvor-de-allerede-er-plassert\/\" \/>\n<meta property=\"og:locale\" content=\"nb_NO\" \/>\n<meta property=\"og:type\" content=\"article\" \/>\n<meta property=\"og:title\" content=\"Hva de nye veiskiltene med gr\u00f8nn kant betyr og hvor de allerede er plassert - Nordnesrepublikken\" \/>\n<meta property=\"og:description\" content=\"I Storbritannia, Spania og Frankrike kan de allerede bli funnet p\u00e5 gata, men i Italia\" \/>\n<meta property=\"og:url\" content=\"https:\/\/nordnesrepublikken.no\/index.php\/2025\/11\/25\/hva-de-nye-veiskiltene-med-gronn-kant-betyr-og-hvor-de-allerede-er-plassert\/\" \/>\n<meta property=\"og:site_name\" content=\"Nordnesrepublikken\" \/>\n<meta property=\"article:published_time\" content=\"2025-11-25T01:50:36+00:00\" \/>\n<meta property=\"article:modified_time\" content=\"2025-11-25T01:50:37+00:00\" \/>\n<meta property=\"og:image\" content=\"https:\/\/nordnesrepublikken.no\/wp-content\/uploads\/2025\/11\/1764035437_Hva-de-nye-veiskiltene-med-gronn-kant-betyr-og-hvor.jpg\" \/>\n\t<meta property=\"og:image:width\" content=\"1024\" \/>\n\t<meta property=\"og:image:height\" content=\"683\" \/>\n\t<meta property=\"og:image:type\" content=\"image\/jpeg\" \/>\n<meta name=\"author\" content=\"Ole Andersen\" \/>\n<meta name=\"twitter:card\" content=\"summary_large_image\" \/>\n<meta name=\"twitter:label1\" content=\"Skrevet av\" \/>\n\t<meta name=\"twitter:data1\" content=\"Ole Andersen\" \/>\n\t<meta name=\"twitter:label2\" content=\"Ansl. lesetid\" \/>\n\t<meta name=\"twitter:data2\" content=\"2 minutter\" \/>\n<script type=\"application\/ld+json\" class=\"yoast-schema-graph\">{\"@context\":\"https:\/\/schema.org\",\"@graph\":[{\"@type\":\"Article\",\"@id\":\"https:\/\/nordnesrepublikken.no\/index.php\/2025\/11\/25\/hva-de-nye-veiskiltene-med-gronn-kant-betyr-og-hvor-de-allerede-er-plassert\/#article\",\"isPartOf\":{\"@id\":\"https:\/\/nordnesrepublikken.no\/index.php\/2025\/11\/25\/hva-de-nye-veiskiltene-med-gronn-kant-betyr-og-hvor-de-allerede-er-plassert\/\"},\"author\":{\"name\":\"Ole Andersen\",\"@id\":\"https:\/\/nordnesrepublikken.no\/#\/schema\/person\/2e7e81935bab77882fffb79296240ff1\"},\"headline\":\"Hva de nye veiskiltene med gr\u00f8nn kant betyr og hvor de allerede er plassert\",\"datePublished\":\"2025-11-25T01:50:36+00:00\",\"dateModified\":\"2025-11-25T01:50:37+00:00\",\"mainEntityOfPage\":{\"@id\":\"https:\/\/nordnesrepublikken.no\/index.php\/2025\/11\/25\/hva-de-nye-veiskiltene-med-gronn-kant-betyr-og-hvor-de-allerede-er-plassert\/\"},\"wordCount\":342,\"publisher\":{\"@id\":\"https:\/\/nordnesrepublikken.no\/#organization\"},\"image\":{\"@id\":\"https:\/\/nordnesrepublikken.no\/index.php\/2025\/11\/25\/hva-de-nye-veiskiltene-med-gronn-kant-betyr-og-hvor-de-allerede-er-plassert\/#primaryimage\"},\"thumbnailUrl\":\"https:\/\/nordnesrepublikken.no\/wp-content\/uploads\/2025\/11\/1764035437_Hva-de-nye-veiskiltene-med-gronn-kant-betyr-og-hvor.jpg\",\"keywords\":[\"allerede\",\"betyr\",\"gr\u00f8nn\",\"Hva\",\"hvor\",\"kant\",\"med\",\"nye\",\"plassert\",\"veiskiltene\"],\"articleSection\":[\"Samfunn\"],\"inLanguage\":\"nb-NO\"},{\"@type\":\"WebPage\",\"@id\":\"https:\/\/nordnesrepublikken.no\/index.php\/2025\/11\/25\/hva-de-nye-veiskiltene-med-gronn-kant-betyr-og-hvor-de-allerede-er-plassert\/\",\"url\":\"https:\/\/nordnesrepublikken.no\/index.php\/2025\/11\/25\/hva-de-nye-veiskiltene-med-gronn-kant-betyr-og-hvor-de-allerede-er-plassert\/\",\"name\":\"Hva de nye veiskiltene med gr\u00f8nn kant betyr og hvor de allerede er plassert - Nordnesrepublikken\",\"isPartOf\":{\"@id\":\"https:\/\/nordnesrepublikken.no\/#website\"},\"primaryImageOfPage\":{\"@id\":\"https:\/\/nordnesrepublikken.no\/index.php\/2025\/11\/25\/hva-de-nye-veiskiltene-med-gronn-kant-betyr-og-hvor-de-allerede-er-plassert\/#primaryimage\"},\"image\":{\"@id\":\"https:\/\/nordnesrepublikken.no\/index.php\/2025\/11\/25\/hva-de-nye-veiskiltene-med-gronn-kant-betyr-og-hvor-de-allerede-er-plassert\/#primaryimage\"},\"thumbnailUrl\":\"https:\/\/nordnesrepublikken.no\/wp-content\/uploads\/2025\/11\/1764035437_Hva-de-nye-veiskiltene-med-gronn-kant-betyr-og-hvor.jpg\",\"datePublished\":\"2025-11-25T01:50:36+00:00\",\"dateModified\":\"2025-11-25T01:50:37+00:00\",\"breadcrumb\":{\"@id\":\"https:\/\/nordnesrepublikken.no\/index.php\/2025\/11\/25\/hva-de-nye-veiskiltene-med-gronn-kant-betyr-og-hvor-de-allerede-er-plassert\/#breadcrumb\"},\"inLanguage\":\"nb-NO\",\"potentialAction\":[{\"@type\":\"ReadAction\",\"target\":[\"https:\/\/nordnesrepublikken.no\/index.php\/2025\/11\/25\/hva-de-nye-veiskiltene-med-gronn-kant-betyr-og-hvor-de-allerede-er-plassert\/\"]}]},{\"@type\":\"ImageObject\",\"inLanguage\":\"nb-NO\",\"@id\":\"https:\/\/nordnesrepublikken.no\/index.php\/2025\/11\/25\/hva-de-nye-veiskiltene-med-gronn-kant-betyr-og-hvor-de-allerede-er-plassert\/#primaryimage\",\"url\":\"https:\/\/nordnesrepublikken.no\/wp-content\/uploads\/2025\/11\/1764035437_Hva-de-nye-veiskiltene-med-gronn-kant-betyr-og-hvor.jpg\",\"contentUrl\":\"https:\/\/nordnesrepublikken.no\/wp-content\/uploads\/2025\/11\/1764035437_Hva-de-nye-veiskiltene-med-gronn-kant-betyr-og-hvor.jpg\",\"width\":1024,\"height\":683,\"caption\":\"Hva de nye veiskiltene med gr\u00f8nn kant betyr og hvor de allerede er plassert\"},{\"@type\":\"BreadcrumbList\",\"@id\":\"https:\/\/nordnesrepublikken.no\/index.php\/2025\/11\/25\/hva-de-nye-veiskiltene-med-gronn-kant-betyr-og-hvor-de-allerede-er-plassert\/#breadcrumb\",\"itemListElement\":[{\"@type\":\"ListItem\",\"position\":1,\"name\":\"Home\",\"item\":\"https:\/\/nordnesrepublikken.no\/\"},{\"@type\":\"ListItem\",\"position\":2,\"name\":\"Hva de nye veiskiltene med gr\u00f8nn kant betyr og hvor de allerede er plassert\"}]},{\"@type\":\"WebSite\",\"@id\":\"https:\/\/nordnesrepublikken.no\/#website\",\"url\":\"https:\/\/nordnesrepublikken.no\/\",\"name\":\"Nordnesrepublikken\",\"description\":\"Stemmer og Visjoner fra Republikkens Hjerte\",\"publisher\":{\"@id\":\"https:\/\/nordnesrepublikken.no\/#organization\"},\"potentialAction\":[{\"@type\":\"SearchAction\",\"target\":{\"@type\":\"EntryPoint\",\"urlTemplate\":\"https:\/\/nordnesrepublikken.no\/?s={search_term_string}\"},\"query-input\":{\"@type\":\"PropertyValueSpecification\",\"valueRequired\":true,\"valueName\":\"search_term_string\"}}],\"inLanguage\":\"nb-NO\"},{\"@type\":\"Organization\",\"@id\":\"https:\/\/nordnesrepublikken.no\/#organization\",\"name\":\"Nordnesrepublikken\",\"url\":\"https:\/\/nordnesrepublikken.no\/\",\"logo\":{\"@type\":\"ImageObject\",\"inLanguage\":\"nb-NO\",\"@id\":\"https:\/\/nordnesrepublikken.no\/#\/schema\/logo\/image\/\",\"url\":\"https:\/\/nordnesrepublikken.no\/wp-content\/uploads\/2025\/02\/cropped-nordnesrepublikken-2.png\",\"contentUrl\":\"https:\/\/nordnesrepublikken.no\/wp-content\/uploads\/2025\/02\/cropped-nordnesrepublikken-2.png\",\"width\":1248,\"height\":362,\"caption\":\"Nordnesrepublikken\"},\"image\":{\"@id\":\"https:\/\/nordnesrepublikken.no\/#\/schema\/logo\/image\/\"}},{\"@type\":\"Person\",\"@id\":\"https:\/\/nordnesrepublikken.no\/#\/schema\/person\/2e7e81935bab77882fffb79296240ff1\",\"name\":\"Ole Andersen\",\"image\":{\"@type\":\"ImageObject\",\"inLanguage\":\"nb-NO\",\"@id\":\"https:\/\/nordnesrepublikken.no\/#\/schema\/person\/image\/\",\"url\":\"https:\/\/nordnesrepublikken.no\/wp-content\/uploads\/2025\/02\/nordnesrepublikken-2-2-150x150.jpg\",\"contentUrl\":\"https:\/\/nordnesrepublikken.no\/wp-content\/uploads\/2025\/02\/nordnesrepublikken-2-2-150x150.jpg\",\"caption\":\"Ole Andersen\"},\"description\":\"Ettersom jeg vokste opp i Oslo, har jeg alltid v\u00e6rt fascinert av ordenes kraft og deres evne til \u00e5 skape endringer. Etter \u00e5 ha fullf\u00f8rt min utdannelse i kommunikasjon ved Universitetet i Bergen, fikk jeg muligheten til \u00e5 jobbe innen ulike medier, der jeg har s\u00f8kt \u00e5 belyse viktige samfunnssp\u00f8rsm\u00e5l. I dag, som redakt\u00f8r for Nordnesrepublikken, pr\u00f8ver jeg \u00e5 forene min kj\u00e6rlighet for journalistikk med min lidenskap for innovasjon og eventyr.\",\"sameAs\":[\"https:\/\/nordnesrepublikken.no\/\"]}]}<\/script>\n<!-- \/ Yoast SEO plugin. -->","yoast_head_json":{"title":"Hva de nye veiskiltene med gr\u00f8nn kant betyr og hvor de allerede er plassert - Nordnesrepublikken","robots":{"index":"index","follow":"follow","max-snippet":"max-snippet:-1","max-image-preview":"max-image-preview:large","max-video-preview":"max-video-preview:-1"},"canonical":"https:\/\/nordnesrepublikken.no\/index.php\/2025\/11\/25\/hva-de-nye-veiskiltene-med-gronn-kant-betyr-og-hvor-de-allerede-er-plassert\/","og_locale":"nb_NO","og_type":"article","og_title":"Hva de nye veiskiltene med gr\u00f8nn kant betyr og hvor de allerede er plassert - Nordnesrepublikken","og_description":"I Storbritannia, Spania og Frankrike kan de allerede bli funnet p\u00e5 gata, men i Italia","og_url":"https:\/\/nordnesrepublikken.no\/index.php\/2025\/11\/25\/hva-de-nye-veiskiltene-med-gronn-kant-betyr-og-hvor-de-allerede-er-plassert\/","og_site_name":"Nordnesrepublikken","article_published_time":"2025-11-25T01:50:36+00:00","article_modified_time":"2025-11-25T01:50:37+00:00","og_image":[{"width":1024,"height":683,"url":"https:\/\/nordnesrepublikken.no\/wp-content\/uploads\/2025\/11\/1764035437_Hva-de-nye-veiskiltene-med-gronn-kant-betyr-og-hvor.jpg","type":"image\/jpeg"}],"author":"Ole Andersen","twitter_card":"summary_large_image","twitter_misc":{"Skrevet av":"Ole Andersen","Ansl. lesetid":"2 minutter"},"schema":{"@context":"https:\/\/schema.org","@graph":[{"@type":"Article","@id":"https:\/\/nordnesrepublikken.no\/index.php\/2025\/11\/25\/hva-de-nye-veiskiltene-med-gronn-kant-betyr-og-hvor-de-allerede-er-plassert\/#article","isPartOf":{"@id":"https:\/\/nordnesrepublikken.no\/index.php\/2025\/11\/25\/hva-de-nye-veiskiltene-med-gronn-kant-betyr-og-hvor-de-allerede-er-plassert\/"},"author":{"name":"Ole Andersen","@id":"https:\/\/nordnesrepublikken.no\/#\/schema\/person\/2e7e81935bab77882fffb79296240ff1"},"headline":"Hva de nye veiskiltene med gr\u00f8nn kant betyr og hvor de allerede er plassert","datePublished":"2025-11-25T01:50:36+00:00","dateModified":"2025-11-25T01:50:37+00:00","mainEntityOfPage":{"@id":"https:\/\/nordnesrepublikken.no\/index.php\/2025\/11\/25\/hva-de-nye-veiskiltene-med-gronn-kant-betyr-og-hvor-de-allerede-er-plassert\/"},"wordCount":342,"publisher":{"@id":"https:\/\/nordnesrepublikken.no\/#organization"},"image":{"@id":"https:\/\/nordnesrepublikken.no\/index.php\/2025\/11\/25\/hva-de-nye-veiskiltene-med-gronn-kant-betyr-og-hvor-de-allerede-er-plassert\/#primaryimage"},"thumbnailUrl":"https:\/\/nordnesrepublikken.no\/wp-content\/uploads\/2025\/11\/1764035437_Hva-de-nye-veiskiltene-med-gronn-kant-betyr-og-hvor.jpg","keywords":["allerede","betyr","gr\u00f8nn","Hva","hvor","kant","med","nye","plassert","veiskiltene"],"articleSection":["Samfunn"],"inLanguage":"nb-NO"},{"@type":"WebPage","@id":"https:\/\/nordnesrepublikken.no\/index.php\/2025\/11\/25\/hva-de-nye-veiskiltene-med-gronn-kant-betyr-og-hvor-de-allerede-er-plassert\/","url":"https:\/\/nordnesrepublikken.no\/index.php\/2025\/11\/25\/hva-de-nye-veiskiltene-med-gronn-kant-betyr-og-hvor-de-allerede-er-plassert\/","name":"Hva de nye veiskiltene med gr\u00f8nn kant betyr og hvor de allerede er plassert - Nordnesrepublikken","isPartOf":{"@id":"https:\/\/nordnesrepublikken.no\/#website"},"primaryImageOfPage":{"@id":"https:\/\/nordnesrepublikken.no\/index.php\/2025\/11\/25\/hva-de-nye-veiskiltene-med-gronn-kant-betyr-og-hvor-de-allerede-er-plassert\/#primaryimage"},"image":{"@id":"https:\/\/nordnesrepublikken.no\/index.php\/2025\/11\/25\/hva-de-nye-veiskiltene-med-gronn-kant-betyr-og-hvor-de-allerede-er-plassert\/#primaryimage"},"thumbnailUrl":"https:\/\/nordnesrepublikken.no\/wp-content\/uploads\/2025\/11\/1764035437_Hva-de-nye-veiskiltene-med-gronn-kant-betyr-og-hvor.jpg","datePublished":"2025-11-25T01:50:36+00:00","dateModified":"2025-11-25T01:50:37+00:00","breadcrumb":{"@id":"https:\/\/nordnesrepublikken.no\/index.php\/2025\/11\/25\/hva-de-nye-veiskiltene-med-gronn-kant-betyr-og-hvor-de-allerede-er-plassert\/#breadcrumb"},"inLanguage":"nb-NO","potentialAction":[{"@type":"ReadAction","target":["https:\/\/nordnesrepublikken.no\/index.php\/2025\/11\/25\/hva-de-nye-veiskiltene-med-gronn-kant-betyr-og-hvor-de-allerede-er-plassert\/"]}]},{"@type":"ImageObject","inLanguage":"nb-NO","@id":"https:\/\/nordnesrepublikken.no\/index.php\/2025\/11\/25\/hva-de-nye-veiskiltene-med-gronn-kant-betyr-og-hvor-de-allerede-er-plassert\/#primaryimage","url":"https:\/\/nordnesrepublikken.no\/wp-content\/uploads\/2025\/11\/1764035437_Hva-de-nye-veiskiltene-med-gronn-kant-betyr-og-hvor.jpg","contentUrl":"https:\/\/nordnesrepublikken.no\/wp-content\/uploads\/2025\/11\/1764035437_Hva-de-nye-veiskiltene-med-gronn-kant-betyr-og-hvor.jpg","width":1024,"height":683,"caption":"Hva de nye veiskiltene med gr\u00f8nn kant betyr og hvor de allerede er plassert"},{"@type":"BreadcrumbList","@id":"https:\/\/nordnesrepublikken.no\/index.php\/2025\/11\/25\/hva-de-nye-veiskiltene-med-gronn-kant-betyr-og-hvor-de-allerede-er-plassert\/#breadcrumb","itemListElement":[{"@type":"ListItem","position":1,"name":"Home","item":"https:\/\/nordnesrepublikken.no\/"},{"@type":"ListItem","position":2,"name":"Hva de nye veiskiltene med gr\u00f8nn kant betyr og hvor de allerede er plassert"}]},{"@type":"WebSite","@id":"https:\/\/nordnesrepublikken.no\/#website","url":"https:\/\/nordnesrepublikken.no\/","name":"Nordnesrepublikken","description":"Stemmer og Visjoner fra Republikkens Hjerte","publisher":{"@id":"https:\/\/nordnesrepublikken.no\/#organization"},"potentialAction":[{"@type":"SearchAction","target":{"@type":"EntryPoint","urlTemplate":"https:\/\/nordnesrepublikken.no\/?s={search_term_string}"},"query-input":{"@type":"PropertyValueSpecification","valueRequired":true,"valueName":"search_term_string"}}],"inLanguage":"nb-NO"},{"@type":"Organization","@id":"https:\/\/nordnesrepublikken.no\/#organization","name":"Nordnesrepublikken","url":"https:\/\/nordnesrepublikken.no\/","logo":{"@type":"ImageObject","inLanguage":"nb-NO","@id":"https:\/\/nordnesrepublikken.no\/#\/schema\/logo\/image\/","url":"https:\/\/nordnesrepublikken.no\/wp-content\/uploads\/2025\/02\/cropped-nordnesrepublikken-2.png","contentUrl":"https:\/\/nordnesrepublikken.no\/wp-content\/uploads\/2025\/02\/cropped-nordnesrepublikken-2.png","width":1248,"height":362,"caption":"Nordnesrepublikken"},"image":{"@id":"https:\/\/nordnesrepublikken.no\/#\/schema\/logo\/image\/"}},{"@type":"Person","@id":"https:\/\/nordnesrepublikken.no\/#\/schema\/person\/2e7e81935bab77882fffb79296240ff1","name":"Ole Andersen","image":{"@type":"ImageObject","inLanguage":"nb-NO","@id":"https:\/\/nordnesrepublikken.no\/#\/schema\/person\/image\/","url":"https:\/\/nordnesrepublikken.no\/wp-content\/uploads\/2025\/02\/nordnesrepublikken-2-2-150x150.jpg","contentUrl":"https:\/\/nordnesrepublikken.no\/wp-content\/uploads\/2025\/02\/nordnesrepublikken-2-2-150x150.jpg","caption":"Ole Andersen"},"description":"Ettersom jeg vokste opp i Oslo, har jeg alltid v\u00e6rt fascinert av ordenes kraft og deres evne til \u00e5 skape endringer. Etter \u00e5 ha fullf\u00f8rt min utdannelse i kommunikasjon ved Universitetet i Bergen, fikk jeg muligheten til \u00e5 jobbe innen ulike medier, der jeg har s\u00f8kt \u00e5 belyse viktige samfunnssp\u00f8rsm\u00e5l. I dag, som redakt\u00f8r for Nordnesrepublikken, pr\u00f8ver jeg \u00e5 forene min kj\u00e6rlighet for journalistikk med min lidenskap for innovasjon og eventyr.","sameAs":["https:\/\/nordnesrepublikken.no\/"]}]}},"_links":{"self":[{"href":"https:\/\/nordnesrepublikken.no\/index.php\/wp-json\/wp\/v2\/posts\/12085","targetHints":{"allow":["GET"]}}],"collection":[{"href":"https:\/\/nordnesrepublikken.no\/index.php\/wp-json\/wp\/v2\/posts"}],"about":[{"href":"https:\/\/nordnesrepublikken.no\/index.php\/wp-json\/wp\/v2\/types\/post"}],"author":[{"embeddable":true,"href":"https:\/\/nordnesrepublikken.no\/index.php\/wp-json\/wp\/v2\/users\/1"}],"replies":[{"embeddable":true,"href":"https:\/\/nordnesrepublikken.no\/index.php\/wp-json\/wp\/v2\/comments?post=12085"}],"version-history":[{"count":1,"href":"https:\/\/nordnesrepublikken.no\/index.php\/wp-json\/wp\/v2\/posts\/12085\/revisions"}],"predecessor-version":[{"id":12087,"href":"https:\/\/nordnesrepublikken.no\/index.php\/wp-json\/wp\/v2\/posts\/12085\/revisions\/12087"}],"wp:featuredmedia":[{"embeddable":true,"href":"https:\/\/nordnesrepublikken.no\/index.php\/wp-json\/wp\/v2\/media\/12086"}],"wp:attachment":[{"href":"https:\/\/nordnesrepublikken.no\/index.php\/wp-json\/wp\/v2\/media?parent=12085"}],"wp:term":[{"taxonomy":"category","embeddable":true,"href":"https:\/\/nordnesrepublikken.no\/index.php\/wp-json\/wp\/v2\/categories?post=12085"},{"taxonomy":"post_tag","embeddable":true,"href":"https:\/\/nordnesrepublikken.no\/index.php\/wp-json\/wp\/v2\/tags?post=12085"}],"curies":[{"name":"wp","href":"https:\/\/api.w.org\/{rel}","templated":true}]}}