{"id":12082,"date":"2025-11-25T01:50:05","date_gmt":"2025-11-25T00:50:05","guid":{"rendered":"https:\/\/nordnesrepublikken.no\/index.php\/2025\/11\/25\/25n-spesial-intervju-om-kvinners-okonomiske-rettigheter\/"},"modified":"2025-11-25T01:50:06","modified_gmt":"2025-11-25T00:50:06","slug":"25n-spesial-intervju-om-kvinners-okonomiske-rettigheter","status":"publish","type":"post","link":"https:\/\/nordnesrepublikken.no\/index.php\/2025\/11\/25\/25n-spesial-intervju-om-kvinners-okonomiske-rettigheter\/","title":{"rendered":"25N Spesial: Intervju om kvinners \u00f8konomiske rettigheter"},"content":{"rendered":"<p><\/p>\n<div class=\"wordpress-content\">\n                    <!-- Article Start --><\/p>\n<p class=\"p1\">25. november markerer den internasjonale dagen for eliminering av vold mot kvinner (25N), en global observasjon etablert av FN for \u00e5 \u00f8ke bevisstheten om kj\u00f8nnsbasert vold og fremme politikk for forebygging og beskyttelse. I Spania blir denne dagen markert med kampanjer, utdanningsinitiativer og offentlige arrangementer som fremhever det vedvarende problemet med vold mot kvinner.<\/p>\n<p class=\"p1\">Mens fysisk og psykisk mishandling ofte dominerer overskrifter, er \u00f8konomisk eller patrimonial vold en mer subtil, men like skadelig form. I f\u00f8lge den siste Macro-encuesta de Violencia contra la Mujer (nasjonal unders\u00f8kelse om vold mot kvinner) rapporterer rundt 11,5 % av kvinnene i Spania \u00e5 ha v\u00e6rt utsatt for \u00f8konomisk overgrep p\u00e5 et tidspunkt, noe som gj\u00f8r det til den tredje vanligste typen kj\u00f8nnsbasert vold. Denne formen for kontroll begrenser kvinners tilgang til penger, beslutningsmakt og muligheter for personlig og faglig utvikling, noe som direkte p\u00e5virker deres uavhengighet og langsiktige sikkerhet.<\/p>\n<div class=\"sra_unit\"><link rel=\"stylesheet\" id=\"block-sra\" href=\"https:\/\/euroweeklynews.com\/wp-content\/plugins\/snack-related-articles\/dist\/css\/snack-related.min.css?250312-193541\" type=\"text\/css\" media=\"all\">\n<\/div>\n<h2 class=\"p3\">Forst\u00e5 \u00f8konomisk misbruk<\/h2>\n<h3 class=\"p4\">Hvordan det vises i hverdagen<\/h3>\n<p class=\"p1\">Vi ba Carmen forklare \u00f8konomisk-patrimonial misbruk. Hun beskriver det som en form for kj\u00f8nnsmisbruk som direkte p\u00e5virker en kvinnes evne til \u00e5 styre eller ta beslutninger over sin \u00f8konomi. Dette kan inkludere \u00e5 begrense tilgangen til penger, ekskludere kvinner fra \u00f8konomiske beslutninger, bruke midler uten samtykke eller frar\u00e5de deltakelse i familieinvesteringer.<\/p>\n<p class=\"p1\">&laquo;Selv n\u00e5r det ikke er fysisk synlig, kan \u00f8konomisk kontroll fange kvinner i avhengighet, begrense deres frihet og erodere langsiktig sikkerhet,&raquo; forklarer hun.<\/p>\n<p class=\"p1\">Hun p\u00e5peker at denne typen overgrep ofte forblir skjult fordi den er dypt normalisert. Historiske faktorer, som de spanske lovene f\u00f8r 1975 som krever ektefelles tillatelse for bankvirksomhet og eiendom, fortsetter \u00e5 p\u00e5virke oppfatningen av uavhengighet. Frykt, sosiale forventninger og mangel p\u00e5 finansiell kompetanse hindrer kvinner i \u00e5 oppdage overgrep tidlig.<\/p>\n<h2 class=\"p3\">Rettsvern og planlegging<\/h2>\n<h3 class=\"p4\">Verkt\u00f8y for \u00e5 beskytte eiendeler<\/h3>\n<p class=\"p1\">N\u00e5r det gjelder beskyttelse av personlig og familierikdom, peker Carmen p\u00e5 flere juridiske verkt\u00f8y. Ekteskapsavtaler (capitulaciones matrimoniales) definerer felles kontra privat eiendom og tydeliggj\u00f8r \u00f8konomisk ansvar. Langsiktig eiendomsplanlegging, inkludert testamenter og arveordninger, bidrar til \u00e5 beskytte eiendeler mot potensielle risikoer. Regelmessige gjennomganger sikrer at avtaler forblir relevante n\u00e5r livet endrer seg.<\/p>\n<p class=\"p1\">&laquo;\u00c5 planlegge fremover beskytter ikke bare eiendeler, men gir ogs\u00e5 kvinner selvtillit til \u00e5 ta informerte beslutninger,&raquo; legger hun til.<\/p>\n<p class=\"p1\">Hun gir ogs\u00e5 r\u00e5d om at diversifisert sparing og investeringer gir likviditet, vekst og finansiell uavhengighet, og skaper et grunnlag for langsiktig sikkerhet.<\/p>\n<h2 class=\"p3\">Utvikle finansiell autonomi<\/h2>\n<h3 class=\"p4\">Trinn mot uavhengighet<\/h3>\n<p class=\"p1\">N\u00e5r vi diskuterer hvordan kvinner kan utvikle autonomi, forklarer Carmen at det begynner med selverkjennelse.<\/p>\n<p class=\"p1\">&laquo;\u00c5 forst\u00e5 hva du vil og oversette det til \u00f8konomiske m\u00e5l gir beslutningsfrihet og handlingsfrihet, noe som er avgj\u00f8rende for et selvstendig liv,&raquo; sier hun.<\/p>\n<p class=\"p1\">Hennes veiledning anbefaler en strukturert tiln\u00e6rming: planlegg finanser strategisk, bygg opp personlige eiendeler gjennom kontoer og n\u00f8dfond, og diversifiser investeringer p\u00e5 tvers av likviditet, l\u00f8nnsomhet og sikkerhet. Denne tiln\u00e6rmingen skaper en fleksibel og solid \u00f8konomisk base, som gir kvinner mulighet til \u00e5 handle selvstendig.<\/p>\n<h2 class=\"p3\">Erkjenner \u00f8konomisk misbruk<\/h2>\n<h3 class=\"p4\">Viktige advarselsskilt<\/h3>\n<p class=\"p1\">Hun beskriver subtile, men avsl\u00f8rende indikatorer p\u00e5 \u00f8konomisk misbruk: begrenset tilgang til inntekt, ekskludering fra husholdningsbeslutninger, begrensede karriere- eller utdanningsmuligheter, eller kritikk for \u00e5 administrere personlige midler. \u00c5 forst\u00e5 ekteskapelige regimer, arverettigheter og personlige investeringer er avgj\u00f8rende for \u00e5 gjenkjenne s\u00e5rbarheter.<\/p>\n<p class=\"p1\">&laquo;Kunnskap om disse rettighetene er et skjold,&raquo; bemerker hun. &laquo;Det lar kvinner ta informerte valg og reduserer risikoen for manipulasjon eller avhengighet.&raquo;<\/p>\n<h3 class=\"p4\">\u00d8konomisk utdanning som forebygging<\/h3>\n<p class=\"p1\">Etter hennes erfaring er finansiell kompetanse et avgj\u00f8rende forebyggende verkt\u00f8y.<\/p>\n<p class=\"p1\">&laquo;En kvinne som forst\u00e5r hennes inntekt, kontrakter og eiendeler kan handle f\u00f8r avhengigheten eskalerer,&raquo; legger hun til.<\/p>\n<p class=\"p1\">Utdanning utstyrer kvinner med autonomi, framsyn og evne til \u00e5 forutse risiko \u2013 fra boligl\u00e5n og gjeld til investeringer, som direkte motvirker \u00f8konomisk overgrep.<\/p>\n<h2 class=\"p3\">Praktiske trinn for uavhengighet<\/h2>\n<h3 class=\"p4\">Handlingsbare tiltak<\/h3>\n<p class=\"p1\">Hennes r\u00e5d for \u00e5 styrke \u00f8konomisk uavhengighet inkluderer:<\/p>\n<ul class=\"ul1\">\n<li class=\"li1\"><b><\/b>Etabler personlig \u00f8konomisk kontroll: \u00c5pne kontoer og oppretthold n\u00f8dmidler som dekker 6\u201312 m\u00e5neder med viktige utgifter.<\/li>\n<li class=\"li1\"><b><\/b>Forst\u00e5 alle eiendeler og forpliktelser: Gjennomg\u00e5 gjeld, kontrakter, investeringer, forsikringer og skatter.<\/li>\n<li class=\"li1\"><b><\/b>Diversifiser inntekter og investeringer: Flere kilder og aktivatyper reduserer risiko og \u00f8ker sikkerheten.<\/li>\n<li class=\"li1\"><b><\/b>Optimaliser finansiell styring: Effektiv \u00f8konomisk planlegging \u00f8ker tilgjengelige ressurser.<\/li>\n<li class=\"li1\"><b><\/b>S\u00f8k profesjonell r\u00e5d: Ekspertveiledning er avgj\u00f8rende under endringer i livet som ekteskap, skilsmisse, foreldreskap eller eiendomserverv.<\/li>\n<\/ul>\n<p class=\"p1\">&laquo;Disse trinnene beskytter ikke bare \u00f8konomiske ressurser, men bygger ogs\u00e5 tillit, autonomi og langsiktig sikkerhet,&raquo; konkluderer hun.<\/p>\n<h2 class=\"p3\">Ser fremover<\/h2>\n<h3 class=\"p4\">Styrking for en tryggere fremtid<\/h3>\n<p class=\"p1\">Som 25N minner oss om, er det like viktig \u00e5 gjenkjenne tause former for vold som \u00e5 konfrontere synlige overgrep. \u00d8konomisk myndiggj\u00f8ring er en form for beskyttelse, uavhengighet og motstandskraft. Den lar kvinner ta beslutninger uten frykt, forsvare rettighetene sine og sikre en fremtid fri fra avhengighet.<\/p>\n<p class=\"p1\">Ved \u00e5 forst\u00e5 deres eiendeler, kjenne deres juridiske rettigheter og aktivt forvalte rikdommen deres, kan kvinner bygge selvtillit, stabilitet og langsiktig sikkerhet. Utdanning, planlegging og myndiggj\u00f8ring blir essensielle verkt\u00f8y for personlig frihet og bredere samfunnsendringer, og bidrar til \u00e5 utfordre og til slutt redusere \u00f8konomisk misbruk.<\/p>\n<p>                    <!-- Originally published at https:\/\/euroweeklynews.com\/2025\/11\/24\/25n-special-interview-on-womens-financial-rights\/ on 24 Nov 2025 at 22:46 by Molly Grace --><br \/>\n                    <!-- Article End -->\n                <\/div>\n","protected":false},"excerpt":{"rendered":"<p>25. november markerer den internasjonale dagen for eliminering av vold mot kvinner (25N), en global<\/p>\n","protected":false},"author":1,"featured_media":12083,"comment_status":"closed","ping_status":"open","sticky":false,"template":"","format":"standard","meta":{"footnotes":""},"categories":[105],"tags":[7941,2253,1031,427,1032,7942],"class_list":["post-12082","post","type-post","status-publish","format-standard","has-post-thumbnail","hentry","category-livsstil","tag-25n","tag-intervju","tag-kvinners","tag-okonomiske","tag-rettigheter","tag-spesial","generate-columns","tablet-grid-50","mobile-grid-100","grid-parent","grid-33","resize-featured-image"],"yoast_head":"<!-- This site is optimized with the Yoast SEO plugin v24.4 - https:\/\/yoast.com\/wordpress\/plugins\/seo\/ -->\n<title>25N Spesial: Intervju om kvinners \u00f8konomiske rettigheter - Nordnesrepublikken<\/title>\n<meta name=\"robots\" content=\"index, follow, max-snippet:-1, max-image-preview:large, max-video-preview:-1\" \/>\n<link rel=\"canonical\" href=\"https:\/\/nordnesrepublikken.no\/index.php\/2025\/11\/25\/25n-spesial-intervju-om-kvinners-okonomiske-rettigheter\/\" \/>\n<meta property=\"og:locale\" content=\"nb_NO\" \/>\n<meta property=\"og:type\" content=\"article\" \/>\n<meta property=\"og:title\" content=\"25N Spesial: Intervju om kvinners \u00f8konomiske rettigheter - Nordnesrepublikken\" \/>\n<meta property=\"og:description\" content=\"25. november markerer den internasjonale dagen for eliminering av vold mot kvinner (25N), en global\" \/>\n<meta property=\"og:url\" content=\"https:\/\/nordnesrepublikken.no\/index.php\/2025\/11\/25\/25n-spesial-intervju-om-kvinners-okonomiske-rettigheter\/\" \/>\n<meta property=\"og:site_name\" content=\"Nordnesrepublikken\" \/>\n<meta property=\"article:published_time\" content=\"2025-11-25T00:50:05+00:00\" \/>\n<meta property=\"article:modified_time\" content=\"2025-11-25T00:50:06+00:00\" \/>\n<meta property=\"og:image\" content=\"https:\/\/nordnesrepublikken.no\/wp-content\/uploads\/2025\/11\/1764031805_25N-Spesial-Intervju-om-kvinners-okonomiske-rettigheter.jpg\" \/>\n\t<meta property=\"og:image:width\" content=\"1200\" \/>\n\t<meta property=\"og:image:height\" content=\"800\" \/>\n\t<meta property=\"og:image:type\" content=\"image\/jpeg\" \/>\n<meta name=\"author\" content=\"Ole Andersen\" \/>\n<meta name=\"twitter:card\" content=\"summary_large_image\" \/>\n<meta name=\"twitter:label1\" content=\"Skrevet av\" \/>\n\t<meta name=\"twitter:data1\" content=\"Ole Andersen\" \/>\n\t<meta name=\"twitter:label2\" content=\"Ansl. lesetid\" \/>\n\t<meta name=\"twitter:data2\" content=\"4 minutter\" \/>\n<script type=\"application\/ld+json\" class=\"yoast-schema-graph\">{\"@context\":\"https:\/\/schema.org\",\"@graph\":[{\"@type\":\"Article\",\"@id\":\"https:\/\/nordnesrepublikken.no\/index.php\/2025\/11\/25\/25n-spesial-intervju-om-kvinners-okonomiske-rettigheter\/#article\",\"isPartOf\":{\"@id\":\"https:\/\/nordnesrepublikken.no\/index.php\/2025\/11\/25\/25n-spesial-intervju-om-kvinners-okonomiske-rettigheter\/\"},\"author\":{\"name\":\"Ole Andersen\",\"@id\":\"https:\/\/nordnesrepublikken.no\/#\/schema\/person\/2e7e81935bab77882fffb79296240ff1\"},\"headline\":\"25N Spesial: Intervju om kvinners \u00f8konomiske rettigheter\",\"datePublished\":\"2025-11-25T00:50:05+00:00\",\"dateModified\":\"2025-11-25T00:50:06+00:00\",\"mainEntityOfPage\":{\"@id\":\"https:\/\/nordnesrepublikken.no\/index.php\/2025\/11\/25\/25n-spesial-intervju-om-kvinners-okonomiske-rettigheter\/\"},\"wordCount\":814,\"publisher\":{\"@id\":\"https:\/\/nordnesrepublikken.no\/#organization\"},\"image\":{\"@id\":\"https:\/\/nordnesrepublikken.no\/index.php\/2025\/11\/25\/25n-spesial-intervju-om-kvinners-okonomiske-rettigheter\/#primaryimage\"},\"thumbnailUrl\":\"https:\/\/nordnesrepublikken.no\/wp-content\/uploads\/2025\/11\/1764031805_25N-Spesial-Intervju-om-kvinners-okonomiske-rettigheter.jpg\",\"keywords\":[\"25N\",\"Intervju\",\"kvinners\",\"\u00f8konomiske\",\"rettigheter\",\"Spesial\"],\"articleSection\":[\"Livsstil\"],\"inLanguage\":\"nb-NO\"},{\"@type\":\"WebPage\",\"@id\":\"https:\/\/nordnesrepublikken.no\/index.php\/2025\/11\/25\/25n-spesial-intervju-om-kvinners-okonomiske-rettigheter\/\",\"url\":\"https:\/\/nordnesrepublikken.no\/index.php\/2025\/11\/25\/25n-spesial-intervju-om-kvinners-okonomiske-rettigheter\/\",\"name\":\"25N Spesial: Intervju om kvinners \u00f8konomiske rettigheter - Nordnesrepublikken\",\"isPartOf\":{\"@id\":\"https:\/\/nordnesrepublikken.no\/#website\"},\"primaryImageOfPage\":{\"@id\":\"https:\/\/nordnesrepublikken.no\/index.php\/2025\/11\/25\/25n-spesial-intervju-om-kvinners-okonomiske-rettigheter\/#primaryimage\"},\"image\":{\"@id\":\"https:\/\/nordnesrepublikken.no\/index.php\/2025\/11\/25\/25n-spesial-intervju-om-kvinners-okonomiske-rettigheter\/#primaryimage\"},\"thumbnailUrl\":\"https:\/\/nordnesrepublikken.no\/wp-content\/uploads\/2025\/11\/1764031805_25N-Spesial-Intervju-om-kvinners-okonomiske-rettigheter.jpg\",\"datePublished\":\"2025-11-25T00:50:05+00:00\",\"dateModified\":\"2025-11-25T00:50:06+00:00\",\"breadcrumb\":{\"@id\":\"https:\/\/nordnesrepublikken.no\/index.php\/2025\/11\/25\/25n-spesial-intervju-om-kvinners-okonomiske-rettigheter\/#breadcrumb\"},\"inLanguage\":\"nb-NO\",\"potentialAction\":[{\"@type\":\"ReadAction\",\"target\":[\"https:\/\/nordnesrepublikken.no\/index.php\/2025\/11\/25\/25n-spesial-intervju-om-kvinners-okonomiske-rettigheter\/\"]}]},{\"@type\":\"ImageObject\",\"inLanguage\":\"nb-NO\",\"@id\":\"https:\/\/nordnesrepublikken.no\/index.php\/2025\/11\/25\/25n-spesial-intervju-om-kvinners-okonomiske-rettigheter\/#primaryimage\",\"url\":\"https:\/\/nordnesrepublikken.no\/wp-content\/uploads\/2025\/11\/1764031805_25N-Spesial-Intervju-om-kvinners-okonomiske-rettigheter.jpg\",\"contentUrl\":\"https:\/\/nordnesrepublikken.no\/wp-content\/uploads\/2025\/11\/1764031805_25N-Spesial-Intervju-om-kvinners-okonomiske-rettigheter.jpg\",\"width\":1200,\"height\":800,\"caption\":\"25N Spesial: Intervju om kvinners \u00f8konomiske rettigheter\"},{\"@type\":\"BreadcrumbList\",\"@id\":\"https:\/\/nordnesrepublikken.no\/index.php\/2025\/11\/25\/25n-spesial-intervju-om-kvinners-okonomiske-rettigheter\/#breadcrumb\",\"itemListElement\":[{\"@type\":\"ListItem\",\"position\":1,\"name\":\"Home\",\"item\":\"https:\/\/nordnesrepublikken.no\/\"},{\"@type\":\"ListItem\",\"position\":2,\"name\":\"25N Spesial: Intervju om kvinners \u00f8konomiske rettigheter\"}]},{\"@type\":\"WebSite\",\"@id\":\"https:\/\/nordnesrepublikken.no\/#website\",\"url\":\"https:\/\/nordnesrepublikken.no\/\",\"name\":\"Nordnesrepublikken\",\"description\":\"Stemmer og Visjoner fra Republikkens Hjerte\",\"publisher\":{\"@id\":\"https:\/\/nordnesrepublikken.no\/#organization\"},\"potentialAction\":[{\"@type\":\"SearchAction\",\"target\":{\"@type\":\"EntryPoint\",\"urlTemplate\":\"https:\/\/nordnesrepublikken.no\/?s={search_term_string}\"},\"query-input\":{\"@type\":\"PropertyValueSpecification\",\"valueRequired\":true,\"valueName\":\"search_term_string\"}}],\"inLanguage\":\"nb-NO\"},{\"@type\":\"Organization\",\"@id\":\"https:\/\/nordnesrepublikken.no\/#organization\",\"name\":\"Nordnesrepublikken\",\"url\":\"https:\/\/nordnesrepublikken.no\/\",\"logo\":{\"@type\":\"ImageObject\",\"inLanguage\":\"nb-NO\",\"@id\":\"https:\/\/nordnesrepublikken.no\/#\/schema\/logo\/image\/\",\"url\":\"https:\/\/nordnesrepublikken.no\/wp-content\/uploads\/2025\/02\/cropped-nordnesrepublikken-2.png\",\"contentUrl\":\"https:\/\/nordnesrepublikken.no\/wp-content\/uploads\/2025\/02\/cropped-nordnesrepublikken-2.png\",\"width\":1248,\"height\":362,\"caption\":\"Nordnesrepublikken\"},\"image\":{\"@id\":\"https:\/\/nordnesrepublikken.no\/#\/schema\/logo\/image\/\"}},{\"@type\":\"Person\",\"@id\":\"https:\/\/nordnesrepublikken.no\/#\/schema\/person\/2e7e81935bab77882fffb79296240ff1\",\"name\":\"Ole Andersen\",\"image\":{\"@type\":\"ImageObject\",\"inLanguage\":\"nb-NO\",\"@id\":\"https:\/\/nordnesrepublikken.no\/#\/schema\/person\/image\/\",\"url\":\"https:\/\/nordnesrepublikken.no\/wp-content\/uploads\/2025\/02\/nordnesrepublikken-2-2-150x150.jpg\",\"contentUrl\":\"https:\/\/nordnesrepublikken.no\/wp-content\/uploads\/2025\/02\/nordnesrepublikken-2-2-150x150.jpg\",\"caption\":\"Ole Andersen\"},\"description\":\"Ettersom jeg vokste opp i Oslo, har jeg alltid v\u00e6rt fascinert av ordenes kraft og deres evne til \u00e5 skape endringer. Etter \u00e5 ha fullf\u00f8rt min utdannelse i kommunikasjon ved Universitetet i Bergen, fikk jeg muligheten til \u00e5 jobbe innen ulike medier, der jeg har s\u00f8kt \u00e5 belyse viktige samfunnssp\u00f8rsm\u00e5l. I dag, som redakt\u00f8r for Nordnesrepublikken, pr\u00f8ver jeg \u00e5 forene min kj\u00e6rlighet for journalistikk med min lidenskap for innovasjon og eventyr.\",\"sameAs\":[\"https:\/\/nordnesrepublikken.no\/\"]}]}<\/script>\n<!-- \/ Yoast SEO plugin. -->","yoast_head_json":{"title":"25N Spesial: Intervju om kvinners \u00f8konomiske rettigheter - Nordnesrepublikken","robots":{"index":"index","follow":"follow","max-snippet":"max-snippet:-1","max-image-preview":"max-image-preview:large","max-video-preview":"max-video-preview:-1"},"canonical":"https:\/\/nordnesrepublikken.no\/index.php\/2025\/11\/25\/25n-spesial-intervju-om-kvinners-okonomiske-rettigheter\/","og_locale":"nb_NO","og_type":"article","og_title":"25N Spesial: Intervju om kvinners \u00f8konomiske rettigheter - Nordnesrepublikken","og_description":"25. november markerer den internasjonale dagen for eliminering av vold mot kvinner (25N), en global","og_url":"https:\/\/nordnesrepublikken.no\/index.php\/2025\/11\/25\/25n-spesial-intervju-om-kvinners-okonomiske-rettigheter\/","og_site_name":"Nordnesrepublikken","article_published_time":"2025-11-25T00:50:05+00:00","article_modified_time":"2025-11-25T00:50:06+00:00","og_image":[{"width":1200,"height":800,"url":"https:\/\/nordnesrepublikken.no\/wp-content\/uploads\/2025\/11\/1764031805_25N-Spesial-Intervju-om-kvinners-okonomiske-rettigheter.jpg","type":"image\/jpeg"}],"author":"Ole Andersen","twitter_card":"summary_large_image","twitter_misc":{"Skrevet av":"Ole Andersen","Ansl. lesetid":"4 minutter"},"schema":{"@context":"https:\/\/schema.org","@graph":[{"@type":"Article","@id":"https:\/\/nordnesrepublikken.no\/index.php\/2025\/11\/25\/25n-spesial-intervju-om-kvinners-okonomiske-rettigheter\/#article","isPartOf":{"@id":"https:\/\/nordnesrepublikken.no\/index.php\/2025\/11\/25\/25n-spesial-intervju-om-kvinners-okonomiske-rettigheter\/"},"author":{"name":"Ole Andersen","@id":"https:\/\/nordnesrepublikken.no\/#\/schema\/person\/2e7e81935bab77882fffb79296240ff1"},"headline":"25N Spesial: Intervju om kvinners \u00f8konomiske rettigheter","datePublished":"2025-11-25T00:50:05+00:00","dateModified":"2025-11-25T00:50:06+00:00","mainEntityOfPage":{"@id":"https:\/\/nordnesrepublikken.no\/index.php\/2025\/11\/25\/25n-spesial-intervju-om-kvinners-okonomiske-rettigheter\/"},"wordCount":814,"publisher":{"@id":"https:\/\/nordnesrepublikken.no\/#organization"},"image":{"@id":"https:\/\/nordnesrepublikken.no\/index.php\/2025\/11\/25\/25n-spesial-intervju-om-kvinners-okonomiske-rettigheter\/#primaryimage"},"thumbnailUrl":"https:\/\/nordnesrepublikken.no\/wp-content\/uploads\/2025\/11\/1764031805_25N-Spesial-Intervju-om-kvinners-okonomiske-rettigheter.jpg","keywords":["25N","Intervju","kvinners","\u00f8konomiske","rettigheter","Spesial"],"articleSection":["Livsstil"],"inLanguage":"nb-NO"},{"@type":"WebPage","@id":"https:\/\/nordnesrepublikken.no\/index.php\/2025\/11\/25\/25n-spesial-intervju-om-kvinners-okonomiske-rettigheter\/","url":"https:\/\/nordnesrepublikken.no\/index.php\/2025\/11\/25\/25n-spesial-intervju-om-kvinners-okonomiske-rettigheter\/","name":"25N Spesial: Intervju om kvinners \u00f8konomiske rettigheter - Nordnesrepublikken","isPartOf":{"@id":"https:\/\/nordnesrepublikken.no\/#website"},"primaryImageOfPage":{"@id":"https:\/\/nordnesrepublikken.no\/index.php\/2025\/11\/25\/25n-spesial-intervju-om-kvinners-okonomiske-rettigheter\/#primaryimage"},"image":{"@id":"https:\/\/nordnesrepublikken.no\/index.php\/2025\/11\/25\/25n-spesial-intervju-om-kvinners-okonomiske-rettigheter\/#primaryimage"},"thumbnailUrl":"https:\/\/nordnesrepublikken.no\/wp-content\/uploads\/2025\/11\/1764031805_25N-Spesial-Intervju-om-kvinners-okonomiske-rettigheter.jpg","datePublished":"2025-11-25T00:50:05+00:00","dateModified":"2025-11-25T00:50:06+00:00","breadcrumb":{"@id":"https:\/\/nordnesrepublikken.no\/index.php\/2025\/11\/25\/25n-spesial-intervju-om-kvinners-okonomiske-rettigheter\/#breadcrumb"},"inLanguage":"nb-NO","potentialAction":[{"@type":"ReadAction","target":["https:\/\/nordnesrepublikken.no\/index.php\/2025\/11\/25\/25n-spesial-intervju-om-kvinners-okonomiske-rettigheter\/"]}]},{"@type":"ImageObject","inLanguage":"nb-NO","@id":"https:\/\/nordnesrepublikken.no\/index.php\/2025\/11\/25\/25n-spesial-intervju-om-kvinners-okonomiske-rettigheter\/#primaryimage","url":"https:\/\/nordnesrepublikken.no\/wp-content\/uploads\/2025\/11\/1764031805_25N-Spesial-Intervju-om-kvinners-okonomiske-rettigheter.jpg","contentUrl":"https:\/\/nordnesrepublikken.no\/wp-content\/uploads\/2025\/11\/1764031805_25N-Spesial-Intervju-om-kvinners-okonomiske-rettigheter.jpg","width":1200,"height":800,"caption":"25N Spesial: Intervju om kvinners \u00f8konomiske rettigheter"},{"@type":"BreadcrumbList","@id":"https:\/\/nordnesrepublikken.no\/index.php\/2025\/11\/25\/25n-spesial-intervju-om-kvinners-okonomiske-rettigheter\/#breadcrumb","itemListElement":[{"@type":"ListItem","position":1,"name":"Home","item":"https:\/\/nordnesrepublikken.no\/"},{"@type":"ListItem","position":2,"name":"25N Spesial: Intervju om kvinners \u00f8konomiske rettigheter"}]},{"@type":"WebSite","@id":"https:\/\/nordnesrepublikken.no\/#website","url":"https:\/\/nordnesrepublikken.no\/","name":"Nordnesrepublikken","description":"Stemmer og Visjoner fra Republikkens Hjerte","publisher":{"@id":"https:\/\/nordnesrepublikken.no\/#organization"},"potentialAction":[{"@type":"SearchAction","target":{"@type":"EntryPoint","urlTemplate":"https:\/\/nordnesrepublikken.no\/?s={search_term_string}"},"query-input":{"@type":"PropertyValueSpecification","valueRequired":true,"valueName":"search_term_string"}}],"inLanguage":"nb-NO"},{"@type":"Organization","@id":"https:\/\/nordnesrepublikken.no\/#organization","name":"Nordnesrepublikken","url":"https:\/\/nordnesrepublikken.no\/","logo":{"@type":"ImageObject","inLanguage":"nb-NO","@id":"https:\/\/nordnesrepublikken.no\/#\/schema\/logo\/image\/","url":"https:\/\/nordnesrepublikken.no\/wp-content\/uploads\/2025\/02\/cropped-nordnesrepublikken-2.png","contentUrl":"https:\/\/nordnesrepublikken.no\/wp-content\/uploads\/2025\/02\/cropped-nordnesrepublikken-2.png","width":1248,"height":362,"caption":"Nordnesrepublikken"},"image":{"@id":"https:\/\/nordnesrepublikken.no\/#\/schema\/logo\/image\/"}},{"@type":"Person","@id":"https:\/\/nordnesrepublikken.no\/#\/schema\/person\/2e7e81935bab77882fffb79296240ff1","name":"Ole Andersen","image":{"@type":"ImageObject","inLanguage":"nb-NO","@id":"https:\/\/nordnesrepublikken.no\/#\/schema\/person\/image\/","url":"https:\/\/nordnesrepublikken.no\/wp-content\/uploads\/2025\/02\/nordnesrepublikken-2-2-150x150.jpg","contentUrl":"https:\/\/nordnesrepublikken.no\/wp-content\/uploads\/2025\/02\/nordnesrepublikken-2-2-150x150.jpg","caption":"Ole Andersen"},"description":"Ettersom jeg vokste opp i Oslo, har jeg alltid v\u00e6rt fascinert av ordenes kraft og deres evne til \u00e5 skape endringer. Etter \u00e5 ha fullf\u00f8rt min utdannelse i kommunikasjon ved Universitetet i Bergen, fikk jeg muligheten til \u00e5 jobbe innen ulike medier, der jeg har s\u00f8kt \u00e5 belyse viktige samfunnssp\u00f8rsm\u00e5l. I dag, som redakt\u00f8r for Nordnesrepublikken, pr\u00f8ver jeg \u00e5 forene min kj\u00e6rlighet for journalistikk med min lidenskap for innovasjon og eventyr.","sameAs":["https:\/\/nordnesrepublikken.no\/"]}]}},"_links":{"self":[{"href":"https:\/\/nordnesrepublikken.no\/index.php\/wp-json\/wp\/v2\/posts\/12082","targetHints":{"allow":["GET"]}}],"collection":[{"href":"https:\/\/nordnesrepublikken.no\/index.php\/wp-json\/wp\/v2\/posts"}],"about":[{"href":"https:\/\/nordnesrepublikken.no\/index.php\/wp-json\/wp\/v2\/types\/post"}],"author":[{"embeddable":true,"href":"https:\/\/nordnesrepublikken.no\/index.php\/wp-json\/wp\/v2\/users\/1"}],"replies":[{"embeddable":true,"href":"https:\/\/nordnesrepublikken.no\/index.php\/wp-json\/wp\/v2\/comments?post=12082"}],"version-history":[{"count":1,"href":"https:\/\/nordnesrepublikken.no\/index.php\/wp-json\/wp\/v2\/posts\/12082\/revisions"}],"predecessor-version":[{"id":12084,"href":"https:\/\/nordnesrepublikken.no\/index.php\/wp-json\/wp\/v2\/posts\/12082\/revisions\/12084"}],"wp:featuredmedia":[{"embeddable":true,"href":"https:\/\/nordnesrepublikken.no\/index.php\/wp-json\/wp\/v2\/media\/12083"}],"wp:attachment":[{"href":"https:\/\/nordnesrepublikken.no\/index.php\/wp-json\/wp\/v2\/media?parent=12082"}],"wp:term":[{"taxonomy":"category","embeddable":true,"href":"https:\/\/nordnesrepublikken.no\/index.php\/wp-json\/wp\/v2\/categories?post=12082"},{"taxonomy":"post_tag","embeddable":true,"href":"https:\/\/nordnesrepublikken.no\/index.php\/wp-json\/wp\/v2\/tags?post=12082"}],"curies":[{"name":"wp","href":"https:\/\/api.w.org\/{rel}","templated":true}]}}