{"id":12073,"date":"2025-11-24T19:51:54","date_gmt":"2025-11-24T18:51:54","guid":{"rendered":"https:\/\/nordnesrepublikken.no\/index.php\/2025\/11\/24\/hvordan-det-fungerer-og-istat-data\/"},"modified":"2025-11-24T19:52:05","modified_gmt":"2025-11-24T18:52:05","slug":"hvordan-det-fungerer-og-istat-data","status":"publish","type":"post","link":"https:\/\/nordnesrepublikken.no\/index.php\/2025\/11\/24\/hvordan-det-fungerer-og-istat-data\/","title":{"rendered":"hvordan det fungerer og Istat-data"},"content":{"rendered":"<div>\n<div class=\"cp_wrapper cp_wrapper--fw mb-30 mb-20@tablet\">\n<figure class=\"mm\"><picture class=\"img\" style=\"padding-top:56.25%\"><source  media=\"(min-width: 1024px)\"><source  media=\"(min-width: 768px)\"><\/source><\/source><\/picture><\/figure>\n<\/p><\/div>\n<p>I 2024 nesten<strong> 7 % av nyf\u00f8dte<\/strong> i Italia har de anskaffet <strong>dobbelt etternavn<\/strong> fra foreldrene deres, et tall som nesten er tredoblet siden 2020. Den siste rapporten forteller oss det <strong>Istat<\/strong> om f\u00f8dselsrate og fruktbarhet for den fastboende befolkningen &#8211; \u00e5r 2024, hvor det rapporteres at andelen f\u00f8dsler med dobbelt etternavn har n\u00e5dd nesten <strong>7 %<\/strong> av totalen, opp med mer enn fire prosentpoeng sammenlignet med 2020 da den stoppet p\u00e5 2 %.<\/p>\n<p>I \u00e5rhundrer, i Italia, var det bare \u00e9n regel: farens etternavn. En automatisme forankret ikke bare i kulturen, men ogs\u00e5 i loven frem til 2016, da forfatningsdomstolen slo fast at automatisk \u00e5 tilskrive fars etternavn er &laquo;diskriminerende og skadelig for barnets identitet&raquo;. Siden den gang kan foreldre velge: fars etternavn, mors etternavn eller begge deler, i hvilken som helst rekkef\u00f8lge de foretrekker. I 2024 b\u00e6rer nesten sju av hundre barn f\u00f8dt i Italia et dobbelt etternavn, farens og morens. Dette valget er imidlertid ikke homogent p\u00e5 tvers av territoriet.<\/p>\n<p>Istat data forteller oss at valget av <strong>dobbelt etternavn<\/strong> har n\u00e5 best\u00e5tt<strong>8 % av dataene i Nord- og Sentral-Italia<\/strong> mens <strong>Middag<\/strong> stopper kl <strong>6 %<\/strong>. Denne forskjellen gjenspeiler ogs\u00e5 den kulturelle og sosiale variasjonen i landet.<\/p>\n<p>De som er f\u00f8dt fra <strong>blandede par<\/strong> eller med minst \u00e9n <strong>utenlandsk forelder<\/strong> de er for eksempel mye mer sannsynlig \u00e5 f\u00e5 et dobbelt etternavn. Spesielt er det st\u00f8rst sannsynlighet blant barn f\u00f8dt av en italiensk mor og en utenlandsk far. Men ogs\u00e5 her er bildet variert: blant utenlandske og blandede par, de av latinsk opprinnelse (Spania, Portugal, Sentral- og S\u00f8r-Amerika), nesten <strong>9 av 10 velger dobbelt etternavn<\/strong>. Faktisk, i mange spansk- og portugisisktalende stater, er det dobbelte etternavnet regelen, ikke unntaket. En vane som disse foreldrene tar med seg selv n\u00e5r de flytter til Italia, og dermed bidrar til spredningen av praksisen.<\/p>\n<p>S\u00e5 er det et annet interessant faktum: det doble etternavnet er mye <strong>hyppigere blant f\u00f8rstef\u00f8dte<\/strong>. I 2024 handler det om <strong>9,2 % av de f\u00f8rste barna<\/strong>sammenlignet med 4,7 % av den andre og bare 3 % av den tredje eller senere. Denne forskjellen skyldes trolig at de som blir foreldre for f\u00f8rste gang har mulighet til \u00e5 ta et enhetlig valg for alle barna sine. De som allerede har andre barn, f\u00f8dt f\u00f8r dommen eller da praksisen enn\u00e5 ikke var utbredt, kan ha en tendens til \u00e5 opprettholde familiesammenhengen med samme etternavn for alle.<\/p>\n<p>Et annet element som fremkommer av dataene er forskjellen mellom gifte og ugifte par. I 2024 var det bare <strong>5,3 %<\/strong> av barna til <strong>ektepar<\/strong> f\u00e5r dobbelt etternavn. Mellom par <strong>ikke gift<\/strong>andelen stiger imidlertid til<strong>8,5 %<\/strong>. Par som velger \u00e5 ikke gifte seg er ofte ogs\u00e5 de som mest sannsynlig stiller sp\u00f8rsm\u00e5l ved tradisjonelle m\u00f8nstre, ikke bare i forholdets juridiske form, men ogs\u00e5 i familiesymboler.<\/p>\n<p>Uansett opprinnelseskontekst, er det \u00e5 bestemme seg for \u00e5 tildele et dobbelt etternavn et valg som ogs\u00e5 vil endre tiln\u00e6rmingen til etternavn til de neste generasjonene. Lovverket tilsier faktisk at foreldre kan velge hvilket av etternavnene de skal gi videre, kun ett for hvert, for \u00e5 unng\u00e5 en &laquo;uendelig etternavn&raquo;-effekt.<\/p>\n<\/p><\/div>\n","protected":false},"excerpt":{"rendered":"<p>I 2024 nesten 7 % av nyf\u00f8dte i Italia har de anskaffet dobbelt etternavn fra<\/p>\n","protected":false},"author":1,"featured_media":12074,"comment_status":"closed","ping_status":"open","sticky":false,"template":"","format":"standard","meta":{"footnotes":""},"categories":[104],"tags":[66,581,112,7936],"class_list":["post-12073","post","type-post","status-publish","format-standard","has-post-thumbnail","hentry","category-samfunn","tag-det","tag-fungerer","tag-hvordan","tag-istatdata","generate-columns","tablet-grid-50","mobile-grid-100","grid-parent","grid-33","resize-featured-image"],"yoast_head":"<!-- This site is optimized with the Yoast SEO plugin v24.4 - https:\/\/yoast.com\/wordpress\/plugins\/seo\/ -->\n<title>hvordan det fungerer og Istat-data - Nordnesrepublikken<\/title>\n<meta name=\"robots\" content=\"index, follow, max-snippet:-1, max-image-preview:large, max-video-preview:-1\" \/>\n<link rel=\"canonical\" href=\"https:\/\/nordnesrepublikken.no\/index.php\/2025\/11\/24\/hvordan-det-fungerer-og-istat-data\/\" \/>\n<meta property=\"og:locale\" content=\"nb_NO\" \/>\n<meta property=\"og:type\" content=\"article\" \/>\n<meta property=\"og:title\" content=\"hvordan det fungerer og Istat-data - Nordnesrepublikken\" \/>\n<meta property=\"og:description\" content=\"I 2024 nesten 7 % av nyf\u00f8dte i Italia har de anskaffet dobbelt etternavn fra\" \/>\n<meta property=\"og:url\" content=\"https:\/\/nordnesrepublikken.no\/index.php\/2025\/11\/24\/hvordan-det-fungerer-og-istat-data\/\" \/>\n<meta property=\"og:site_name\" content=\"Nordnesrepublikken\" \/>\n<meta property=\"article:published_time\" content=\"2025-11-24T18:51:54+00:00\" \/>\n<meta property=\"article:modified_time\" content=\"2025-11-24T18:52:05+00:00\" \/>\n<meta property=\"og:image\" content=\"https:\/\/nordnesrepublikken.no\/wp-content\/uploads\/2025\/11\/1764010314_hvordan-det-fungerer-og-Istat-data-scaled.jpg\" \/>\n\t<meta property=\"og:image:width\" content=\"2560\" \/>\n\t<meta property=\"og:image:height\" content=\"1516\" \/>\n\t<meta property=\"og:image:type\" content=\"image\/jpeg\" \/>\n<meta name=\"author\" content=\"Ole Andersen\" \/>\n<meta name=\"twitter:card\" content=\"summary_large_image\" \/>\n<meta name=\"twitter:label1\" content=\"Skrevet av\" \/>\n\t<meta name=\"twitter:data1\" content=\"Ole Andersen\" \/>\n\t<meta name=\"twitter:label2\" content=\"Ansl. lesetid\" \/>\n\t<meta name=\"twitter:data2\" content=\"3 minutter\" \/>\n<script type=\"application\/ld+json\" class=\"yoast-schema-graph\">{\"@context\":\"https:\/\/schema.org\",\"@graph\":[{\"@type\":\"Article\",\"@id\":\"https:\/\/nordnesrepublikken.no\/index.php\/2025\/11\/24\/hvordan-det-fungerer-og-istat-data\/#article\",\"isPartOf\":{\"@id\":\"https:\/\/nordnesrepublikken.no\/index.php\/2025\/11\/24\/hvordan-det-fungerer-og-istat-data\/\"},\"author\":{\"name\":\"Ole Andersen\",\"@id\":\"https:\/\/nordnesrepublikken.no\/#\/schema\/person\/2e7e81935bab77882fffb79296240ff1\"},\"headline\":\"hvordan det fungerer og Istat-data\",\"datePublished\":\"2025-11-24T18:51:54+00:00\",\"dateModified\":\"2025-11-24T18:52:05+00:00\",\"mainEntityOfPage\":{\"@id\":\"https:\/\/nordnesrepublikken.no\/index.php\/2025\/11\/24\/hvordan-det-fungerer-og-istat-data\/\"},\"wordCount\":505,\"publisher\":{\"@id\":\"https:\/\/nordnesrepublikken.no\/#organization\"},\"image\":{\"@id\":\"https:\/\/nordnesrepublikken.no\/index.php\/2025\/11\/24\/hvordan-det-fungerer-og-istat-data\/#primaryimage\"},\"thumbnailUrl\":\"https:\/\/nordnesrepublikken.no\/wp-content\/uploads\/2025\/11\/1764010314_hvordan-det-fungerer-og-Istat-data-scaled.jpg\",\"keywords\":[\"Det\",\"fungerer\",\"Hvordan\",\"Istatdata\"],\"articleSection\":[\"Samfunn\"],\"inLanguage\":\"nb-NO\"},{\"@type\":\"WebPage\",\"@id\":\"https:\/\/nordnesrepublikken.no\/index.php\/2025\/11\/24\/hvordan-det-fungerer-og-istat-data\/\",\"url\":\"https:\/\/nordnesrepublikken.no\/index.php\/2025\/11\/24\/hvordan-det-fungerer-og-istat-data\/\",\"name\":\"hvordan det fungerer og Istat-data - Nordnesrepublikken\",\"isPartOf\":{\"@id\":\"https:\/\/nordnesrepublikken.no\/#website\"},\"primaryImageOfPage\":{\"@id\":\"https:\/\/nordnesrepublikken.no\/index.php\/2025\/11\/24\/hvordan-det-fungerer-og-istat-data\/#primaryimage\"},\"image\":{\"@id\":\"https:\/\/nordnesrepublikken.no\/index.php\/2025\/11\/24\/hvordan-det-fungerer-og-istat-data\/#primaryimage\"},\"thumbnailUrl\":\"https:\/\/nordnesrepublikken.no\/wp-content\/uploads\/2025\/11\/1764010314_hvordan-det-fungerer-og-Istat-data-scaled.jpg\",\"datePublished\":\"2025-11-24T18:51:54+00:00\",\"dateModified\":\"2025-11-24T18:52:05+00:00\",\"breadcrumb\":{\"@id\":\"https:\/\/nordnesrepublikken.no\/index.php\/2025\/11\/24\/hvordan-det-fungerer-og-istat-data\/#breadcrumb\"},\"inLanguage\":\"nb-NO\",\"potentialAction\":[{\"@type\":\"ReadAction\",\"target\":[\"https:\/\/nordnesrepublikken.no\/index.php\/2025\/11\/24\/hvordan-det-fungerer-og-istat-data\/\"]}]},{\"@type\":\"ImageObject\",\"inLanguage\":\"nb-NO\",\"@id\":\"https:\/\/nordnesrepublikken.no\/index.php\/2025\/11\/24\/hvordan-det-fungerer-og-istat-data\/#primaryimage\",\"url\":\"https:\/\/nordnesrepublikken.no\/wp-content\/uploads\/2025\/11\/1764010314_hvordan-det-fungerer-og-Istat-data-scaled.jpg\",\"contentUrl\":\"https:\/\/nordnesrepublikken.no\/wp-content\/uploads\/2025\/11\/1764010314_hvordan-det-fungerer-og-Istat-data-scaled.jpg\",\"width\":2560,\"height\":1516,\"caption\":\"hvordan det fungerer og Istat-data\"},{\"@type\":\"BreadcrumbList\",\"@id\":\"https:\/\/nordnesrepublikken.no\/index.php\/2025\/11\/24\/hvordan-det-fungerer-og-istat-data\/#breadcrumb\",\"itemListElement\":[{\"@type\":\"ListItem\",\"position\":1,\"name\":\"Home\",\"item\":\"https:\/\/nordnesrepublikken.no\/\"},{\"@type\":\"ListItem\",\"position\":2,\"name\":\"hvordan det fungerer og Istat-data\"}]},{\"@type\":\"WebSite\",\"@id\":\"https:\/\/nordnesrepublikken.no\/#website\",\"url\":\"https:\/\/nordnesrepublikken.no\/\",\"name\":\"Nordnesrepublikken\",\"description\":\"Stemmer og Visjoner fra Republikkens Hjerte\",\"publisher\":{\"@id\":\"https:\/\/nordnesrepublikken.no\/#organization\"},\"potentialAction\":[{\"@type\":\"SearchAction\",\"target\":{\"@type\":\"EntryPoint\",\"urlTemplate\":\"https:\/\/nordnesrepublikken.no\/?s={search_term_string}\"},\"query-input\":{\"@type\":\"PropertyValueSpecification\",\"valueRequired\":true,\"valueName\":\"search_term_string\"}}],\"inLanguage\":\"nb-NO\"},{\"@type\":\"Organization\",\"@id\":\"https:\/\/nordnesrepublikken.no\/#organization\",\"name\":\"Nordnesrepublikken\",\"url\":\"https:\/\/nordnesrepublikken.no\/\",\"logo\":{\"@type\":\"ImageObject\",\"inLanguage\":\"nb-NO\",\"@id\":\"https:\/\/nordnesrepublikken.no\/#\/schema\/logo\/image\/\",\"url\":\"https:\/\/nordnesrepublikken.no\/wp-content\/uploads\/2025\/02\/cropped-nordnesrepublikken-2.png\",\"contentUrl\":\"https:\/\/nordnesrepublikken.no\/wp-content\/uploads\/2025\/02\/cropped-nordnesrepublikken-2.png\",\"width\":1248,\"height\":362,\"caption\":\"Nordnesrepublikken\"},\"image\":{\"@id\":\"https:\/\/nordnesrepublikken.no\/#\/schema\/logo\/image\/\"}},{\"@type\":\"Person\",\"@id\":\"https:\/\/nordnesrepublikken.no\/#\/schema\/person\/2e7e81935bab77882fffb79296240ff1\",\"name\":\"Ole Andersen\",\"image\":{\"@type\":\"ImageObject\",\"inLanguage\":\"nb-NO\",\"@id\":\"https:\/\/nordnesrepublikken.no\/#\/schema\/person\/image\/\",\"url\":\"https:\/\/nordnesrepublikken.no\/wp-content\/uploads\/2025\/02\/nordnesrepublikken-2-2-150x150.jpg\",\"contentUrl\":\"https:\/\/nordnesrepublikken.no\/wp-content\/uploads\/2025\/02\/nordnesrepublikken-2-2-150x150.jpg\",\"caption\":\"Ole Andersen\"},\"description\":\"Ettersom jeg vokste opp i Oslo, har jeg alltid v\u00e6rt fascinert av ordenes kraft og deres evne til \u00e5 skape endringer. Etter \u00e5 ha fullf\u00f8rt min utdannelse i kommunikasjon ved Universitetet i Bergen, fikk jeg muligheten til \u00e5 jobbe innen ulike medier, der jeg har s\u00f8kt \u00e5 belyse viktige samfunnssp\u00f8rsm\u00e5l. I dag, som redakt\u00f8r for Nordnesrepublikken, pr\u00f8ver jeg \u00e5 forene min kj\u00e6rlighet for journalistikk med min lidenskap for innovasjon og eventyr.\",\"sameAs\":[\"https:\/\/nordnesrepublikken.no\/\"]}]}<\/script>\n<!-- \/ Yoast SEO plugin. -->","yoast_head_json":{"title":"hvordan det fungerer og Istat-data - Nordnesrepublikken","robots":{"index":"index","follow":"follow","max-snippet":"max-snippet:-1","max-image-preview":"max-image-preview:large","max-video-preview":"max-video-preview:-1"},"canonical":"https:\/\/nordnesrepublikken.no\/index.php\/2025\/11\/24\/hvordan-det-fungerer-og-istat-data\/","og_locale":"nb_NO","og_type":"article","og_title":"hvordan det fungerer og Istat-data - Nordnesrepublikken","og_description":"I 2024 nesten 7 % av nyf\u00f8dte i Italia har de anskaffet dobbelt etternavn fra","og_url":"https:\/\/nordnesrepublikken.no\/index.php\/2025\/11\/24\/hvordan-det-fungerer-og-istat-data\/","og_site_name":"Nordnesrepublikken","article_published_time":"2025-11-24T18:51:54+00:00","article_modified_time":"2025-11-24T18:52:05+00:00","og_image":[{"width":2560,"height":1516,"url":"https:\/\/nordnesrepublikken.no\/wp-content\/uploads\/2025\/11\/1764010314_hvordan-det-fungerer-og-Istat-data-scaled.jpg","type":"image\/jpeg"}],"author":"Ole Andersen","twitter_card":"summary_large_image","twitter_misc":{"Skrevet av":"Ole Andersen","Ansl. lesetid":"3 minutter"},"schema":{"@context":"https:\/\/schema.org","@graph":[{"@type":"Article","@id":"https:\/\/nordnesrepublikken.no\/index.php\/2025\/11\/24\/hvordan-det-fungerer-og-istat-data\/#article","isPartOf":{"@id":"https:\/\/nordnesrepublikken.no\/index.php\/2025\/11\/24\/hvordan-det-fungerer-og-istat-data\/"},"author":{"name":"Ole Andersen","@id":"https:\/\/nordnesrepublikken.no\/#\/schema\/person\/2e7e81935bab77882fffb79296240ff1"},"headline":"hvordan det fungerer og Istat-data","datePublished":"2025-11-24T18:51:54+00:00","dateModified":"2025-11-24T18:52:05+00:00","mainEntityOfPage":{"@id":"https:\/\/nordnesrepublikken.no\/index.php\/2025\/11\/24\/hvordan-det-fungerer-og-istat-data\/"},"wordCount":505,"publisher":{"@id":"https:\/\/nordnesrepublikken.no\/#organization"},"image":{"@id":"https:\/\/nordnesrepublikken.no\/index.php\/2025\/11\/24\/hvordan-det-fungerer-og-istat-data\/#primaryimage"},"thumbnailUrl":"https:\/\/nordnesrepublikken.no\/wp-content\/uploads\/2025\/11\/1764010314_hvordan-det-fungerer-og-Istat-data-scaled.jpg","keywords":["Det","fungerer","Hvordan","Istatdata"],"articleSection":["Samfunn"],"inLanguage":"nb-NO"},{"@type":"WebPage","@id":"https:\/\/nordnesrepublikken.no\/index.php\/2025\/11\/24\/hvordan-det-fungerer-og-istat-data\/","url":"https:\/\/nordnesrepublikken.no\/index.php\/2025\/11\/24\/hvordan-det-fungerer-og-istat-data\/","name":"hvordan det fungerer og Istat-data - Nordnesrepublikken","isPartOf":{"@id":"https:\/\/nordnesrepublikken.no\/#website"},"primaryImageOfPage":{"@id":"https:\/\/nordnesrepublikken.no\/index.php\/2025\/11\/24\/hvordan-det-fungerer-og-istat-data\/#primaryimage"},"image":{"@id":"https:\/\/nordnesrepublikken.no\/index.php\/2025\/11\/24\/hvordan-det-fungerer-og-istat-data\/#primaryimage"},"thumbnailUrl":"https:\/\/nordnesrepublikken.no\/wp-content\/uploads\/2025\/11\/1764010314_hvordan-det-fungerer-og-Istat-data-scaled.jpg","datePublished":"2025-11-24T18:51:54+00:00","dateModified":"2025-11-24T18:52:05+00:00","breadcrumb":{"@id":"https:\/\/nordnesrepublikken.no\/index.php\/2025\/11\/24\/hvordan-det-fungerer-og-istat-data\/#breadcrumb"},"inLanguage":"nb-NO","potentialAction":[{"@type":"ReadAction","target":["https:\/\/nordnesrepublikken.no\/index.php\/2025\/11\/24\/hvordan-det-fungerer-og-istat-data\/"]}]},{"@type":"ImageObject","inLanguage":"nb-NO","@id":"https:\/\/nordnesrepublikken.no\/index.php\/2025\/11\/24\/hvordan-det-fungerer-og-istat-data\/#primaryimage","url":"https:\/\/nordnesrepublikken.no\/wp-content\/uploads\/2025\/11\/1764010314_hvordan-det-fungerer-og-Istat-data-scaled.jpg","contentUrl":"https:\/\/nordnesrepublikken.no\/wp-content\/uploads\/2025\/11\/1764010314_hvordan-det-fungerer-og-Istat-data-scaled.jpg","width":2560,"height":1516,"caption":"hvordan det fungerer og Istat-data"},{"@type":"BreadcrumbList","@id":"https:\/\/nordnesrepublikken.no\/index.php\/2025\/11\/24\/hvordan-det-fungerer-og-istat-data\/#breadcrumb","itemListElement":[{"@type":"ListItem","position":1,"name":"Home","item":"https:\/\/nordnesrepublikken.no\/"},{"@type":"ListItem","position":2,"name":"hvordan det fungerer og Istat-data"}]},{"@type":"WebSite","@id":"https:\/\/nordnesrepublikken.no\/#website","url":"https:\/\/nordnesrepublikken.no\/","name":"Nordnesrepublikken","description":"Stemmer og Visjoner fra Republikkens Hjerte","publisher":{"@id":"https:\/\/nordnesrepublikken.no\/#organization"},"potentialAction":[{"@type":"SearchAction","target":{"@type":"EntryPoint","urlTemplate":"https:\/\/nordnesrepublikken.no\/?s={search_term_string}"},"query-input":{"@type":"PropertyValueSpecification","valueRequired":true,"valueName":"search_term_string"}}],"inLanguage":"nb-NO"},{"@type":"Organization","@id":"https:\/\/nordnesrepublikken.no\/#organization","name":"Nordnesrepublikken","url":"https:\/\/nordnesrepublikken.no\/","logo":{"@type":"ImageObject","inLanguage":"nb-NO","@id":"https:\/\/nordnesrepublikken.no\/#\/schema\/logo\/image\/","url":"https:\/\/nordnesrepublikken.no\/wp-content\/uploads\/2025\/02\/cropped-nordnesrepublikken-2.png","contentUrl":"https:\/\/nordnesrepublikken.no\/wp-content\/uploads\/2025\/02\/cropped-nordnesrepublikken-2.png","width":1248,"height":362,"caption":"Nordnesrepublikken"},"image":{"@id":"https:\/\/nordnesrepublikken.no\/#\/schema\/logo\/image\/"}},{"@type":"Person","@id":"https:\/\/nordnesrepublikken.no\/#\/schema\/person\/2e7e81935bab77882fffb79296240ff1","name":"Ole Andersen","image":{"@type":"ImageObject","inLanguage":"nb-NO","@id":"https:\/\/nordnesrepublikken.no\/#\/schema\/person\/image\/","url":"https:\/\/nordnesrepublikken.no\/wp-content\/uploads\/2025\/02\/nordnesrepublikken-2-2-150x150.jpg","contentUrl":"https:\/\/nordnesrepublikken.no\/wp-content\/uploads\/2025\/02\/nordnesrepublikken-2-2-150x150.jpg","caption":"Ole Andersen"},"description":"Ettersom jeg vokste opp i Oslo, har jeg alltid v\u00e6rt fascinert av ordenes kraft og deres evne til \u00e5 skape endringer. Etter \u00e5 ha fullf\u00f8rt min utdannelse i kommunikasjon ved Universitetet i Bergen, fikk jeg muligheten til \u00e5 jobbe innen ulike medier, der jeg har s\u00f8kt \u00e5 belyse viktige samfunnssp\u00f8rsm\u00e5l. I dag, som redakt\u00f8r for Nordnesrepublikken, pr\u00f8ver jeg \u00e5 forene min kj\u00e6rlighet for journalistikk med min lidenskap for innovasjon og eventyr.","sameAs":["https:\/\/nordnesrepublikken.no\/"]}]}},"_links":{"self":[{"href":"https:\/\/nordnesrepublikken.no\/index.php\/wp-json\/wp\/v2\/posts\/12073","targetHints":{"allow":["GET"]}}],"collection":[{"href":"https:\/\/nordnesrepublikken.no\/index.php\/wp-json\/wp\/v2\/posts"}],"about":[{"href":"https:\/\/nordnesrepublikken.no\/index.php\/wp-json\/wp\/v2\/types\/post"}],"author":[{"embeddable":true,"href":"https:\/\/nordnesrepublikken.no\/index.php\/wp-json\/wp\/v2\/users\/1"}],"replies":[{"embeddable":true,"href":"https:\/\/nordnesrepublikken.no\/index.php\/wp-json\/wp\/v2\/comments?post=12073"}],"version-history":[{"count":1,"href":"https:\/\/nordnesrepublikken.no\/index.php\/wp-json\/wp\/v2\/posts\/12073\/revisions"}],"predecessor-version":[{"id":12075,"href":"https:\/\/nordnesrepublikken.no\/index.php\/wp-json\/wp\/v2\/posts\/12073\/revisions\/12075"}],"wp:featuredmedia":[{"embeddable":true,"href":"https:\/\/nordnesrepublikken.no\/index.php\/wp-json\/wp\/v2\/media\/12074"}],"wp:attachment":[{"href":"https:\/\/nordnesrepublikken.no\/index.php\/wp-json\/wp\/v2\/media?parent=12073"}],"wp:term":[{"taxonomy":"category","embeddable":true,"href":"https:\/\/nordnesrepublikken.no\/index.php\/wp-json\/wp\/v2\/categories?post=12073"},{"taxonomy":"post_tag","embeddable":true,"href":"https:\/\/nordnesrepublikken.no\/index.php\/wp-json\/wp\/v2\/tags?post=12073"}],"curies":[{"name":"wp","href":"https:\/\/api.w.org\/{rel}","templated":true}]}}