{"id":12070,"date":"2025-11-24T18:51:31","date_gmt":"2025-11-24T17:51:31","guid":{"rendered":"https:\/\/nordnesrepublikken.no\/index.php\/2025\/11\/24\/hvordan-torke-toy-i-vatt-vaer-i-spania-en-praktisk-guide-for-expats\/"},"modified":"2025-11-24T18:51:32","modified_gmt":"2025-11-24T17:51:32","slug":"hvordan-torke-toy-i-vatt-vaer-i-spania-en-praktisk-guide-for-expats","status":"publish","type":"post","link":"https:\/\/nordnesrepublikken.no\/index.php\/2025\/11\/24\/hvordan-torke-toy-i-vatt-vaer-i-spania-en-praktisk-guide-for-expats\/","title":{"rendered":"Hvordan t\u00f8rke t\u00f8y i v\u00e5tt v\u00e6r i Spania: En praktisk guide for expats"},"content":{"rendered":"<p><\/p>\n<div class=\"wordpress-content\">\n                    <!-- Article Start --><\/p>\n<p>For mange <strong>expats som ankommer fra Storbritannia<\/strong> eller Nord-Europa, den <strong>v\u00e5t sesong i Spania<\/strong> kommer med en overraskelse: vasken din tar plutselig en evighet \u00e5 t\u00f8rke. Kaldt v\u00e6r, vedvarende fuktighet og hyppige regnbyger \u2013 spesielt i nordlige og kystn\u00e6re omr\u00e5der \u2013 kan gj\u00f8re en enkel vask til en tredagers aff\u00e6re. Og for alle som er vant til \u00e5 ha en t\u00f8rketrommel hjemme, kan det f\u00f8les som en frekk oppv\u00e5kning \u00e5 oppdage at de fleste spanske utleiesteder ikke har en.<\/p>\n<p>Denne guiden forklarer hvorfor det er utfordrende \u00e5 t\u00f8rke kl\u00e6r i Spania om vinteren, hvordan lokalbefolkningen klarer seg uten t\u00f8rketrommel, og hvordan du kan t\u00f8rke t\u00f8yet raskest og rimeligst innend\u00f8rs.<\/p>\n<h2><strong>Hvorfor klesvask tar lengre tid \u00e5 t\u00f8rke i spanske vintre<\/strong><\/h2>\n<p>Selv i regioner kjent for solskinn, kan Spanias vinterfuktighet v\u00e6re hardnakket h\u00f8y. I l\u00f8pet av desember til februar ser kysten av Andaluc\u00eda, Valencia og Galicia ofte fuktighetsniv\u00e5er over 70\u201380 prosent, noe som reduserer fordampningen dramatisk og resulterer i v\u00e5t vask i flere dager.<\/p>\n<div class=\"sra_unit\"><link rel=\"stylesheet\" id=\"block-sra\" href=\"https:\/\/euroweeklynews.com\/wp-content\/plugins\/snack-related-articles\/dist\/css\/snack-related.min.css?250312-193541\" type=\"text\/css\" media=\"all\">\n<\/div>\n<p>Fuktigheten, ikke den lavere temperaturen, er den virkelige fienden. For utvandrere som er vant til oppvarmede hjem og hurtigt\u00f8rkende innend\u00f8rs radiatorer, kan Spanias vintert\u00f8rking uten disse hjemmekomfortene f\u00f8les gammeldags.<\/p>\n<h2><strong>Hvorfor t\u00f8rketromler er sjeldne i spanske utleie<\/strong><\/h2>\n<p>Et av de st\u00f8rste sjokkene for britiske expats er \u00e5 oppdage at de fleste spanske utleiesteder rett og slett ikke har t\u00f8rketrommel. Ved utleie prioriterer utleiere vanligvis vaskemaskiner, men hopper over t\u00f8rketromler p\u00e5 grunn av plassbegrensninger, kostnader og forventningen om at leietakere vil bruke balkonger i det varme, t\u00f8rre v\u00e6ret. Dette gjelder spesielt i eldre leiligheter designet lenge f\u00f8r moderne hvitevarer ble standard.<\/p>\n<h2><strong>Er t\u00f8rketromler popul\u00e6re blant spanske huseiere?<\/strong><\/h2>\n<p>T\u00f8rketrommel blir sakte popul\u00e6r blant spanske huseiere, men opptaket er fortsatt beskjedent. I f\u00f8lge Endesa brukes t\u00f8rketromler i Spania &laquo;relativt lite, siden de aller fleste husholdninger ikke engang har en, i motsetning til i andre land med h\u00f8yere energiforbruk per innbygger, og disse er vanligvis de med f\u00e6rre timer med dagslys, kaldere temperaturer og f\u00e6rre soldager i \u00e5ret.&raquo;<\/p>\n<h2><strong>De skjulte risikoene ved \u00e5 henge v\u00e5tt t\u00f8y innend\u00f8rs<\/strong><\/h2>\n<p>Hvis d\u00e5rlig v\u00e6r tvinger deg til \u00e5 t\u00f8rke kl\u00e6r innend\u00f8rs, v\u00e6r oppmerksom p\u00e5 at det kan f\u00e5 konsekvenser. \u00c5 henge v\u00e5te kl\u00e6r inne \u00f8ker fuktigheten, for\u00e5rsaker kondens og noen ganger fryktet mugg.<\/p>\n<p>Boligorganisasjonen GCHA sier,<\/p>\n<p>&laquo;N\u00f8kkelen til vellykket t\u00f8rking av t\u00f8y innend\u00f8rs er \u00e5 sikre god luftsirkulasjon i rommet. \u00c5pne vinduer for \u00e5 la frisk luft sirkulere og hjelpe fuktighet \u00e5 slippe ut. Hvis det er for kaldt eller upraktisk \u00e5 \u00e5pne vinduer, b\u00f8r du vurdere \u00e5 bruke vifter for \u00e5 fremme luftbevegelse. Dette bidrar til \u00e5 fremskynde t\u00f8rkeprosessen og reduserer risikoen for fuktighet og muggvekst.&raquo;<\/p>\n<h2><strong>Hvordan t\u00f8rke kl\u00e6r innend\u00f8rs effektivt og unng\u00e5 h\u00f8ye str\u00f8mregninger<\/strong><\/h2>\n<p>T\u00f8rking av klesvask inne trenger ikke \u00e5 bety fuktige rom eller h\u00f8ye str\u00f8mkostnader. Disse metodene fungerer godt i spanske hjem:<\/p>\n<ol>\n<li><strong>  Legg til en ekstra sentrifugering<\/strong><\/li>\n<\/ol>\n<p>\u00c5 legge til en ekstra sentrifugering p\u00e5 vaskemaskinen hjelper til med \u00e5 fjerne s\u00e5 mye fuktighet som mulig f\u00f8r t\u00f8rking.<\/p>\n<ol start=\"2\">\n<li><strong>  Bruk en avfukter <\/strong><\/li>\n<\/ol>\n<p>Avfuktere er ekstremt effektive for vintert\u00f8rking. De er mer kostnadseffektive enn en t\u00f8rketrommel og reduserer risikoen for fukt og mugg betraktelig.<\/p>\n<ol start=\"3\">\n<li><strong>  Oppvarmet kleshest<\/strong><\/li>\n<\/ol>\n<p>Oppvarmede luftemaskiner bruker omtrent 200\u2013300 watt, sammenlignet med 1800+ watt for mange t\u00f8rketromler.<\/p>\n<ol start=\"4\">\n<li><strong>  Benytt deg av avtrekksviften p\u00e5 badet<\/strong><\/li>\n<\/ol>\n<p>Plasser kleshesten p\u00e5 badet med avtrekksviften p\u00e5 en stund og d\u00f8ren lukket kan bidra til \u00e5 fremskynde t\u00f8rkingen. Det vil ogs\u00e5 l\u00f8se problemet med skjemmende klesvask som henger i oppholdsrom. Det er imidlertid ikke den mest energieffektive m\u00e5ten.<\/p>\n<h2><strong>Vaskerier i Spania<\/strong><\/h2>\n<p>For store laster som h\u00e5ndkl\u00e6r eller senget\u00f8y, a <em>lavanderia <\/em>(vaskeri) kan spare tid og energi. Mange lokalbefolkningen og expats stoler p\u00e5 dem under lange perioder med vinterregn.<\/p>\n<p>\u00c5 t\u00f8rke t\u00f8y i Spanias vinterm\u00e5neder er mer enn bare et ork; det er en kunst. Med begrensede t\u00f8rketromler, h\u00f8y luftfuktighet og ofte kompakte leiligheter, m\u00e5 expats stole p\u00e5 smarte, energieffektive teknikker.<\/p>\n<p>Se alle artikler om hjem og hager.<\/p>\n<p>                    <!-- Originally published at https:\/\/euroweeklynews.com\/2025\/11\/24\/how-to-dry-laundry-during-wet-weather-in-spain-a-practical-guide-for-expats\/ on 24 Nov 2025 at 18:04 by Letara Draghia --><br \/>\n                    <!-- Article End -->\n                <\/div>\n","protected":false},"excerpt":{"rendered":"<p>For mange expats som ankommer fra Storbritannia eller Nord-Europa, den v\u00e5t sesong i Spania kommer<\/p>\n","protected":false},"author":1,"featured_media":12071,"comment_status":"closed","ping_status":"open","sticky":false,"template":"","format":"standard","meta":{"footnotes":""},"categories":[105],"tags":[7568,1567,112,4470,529,7933,7934,532,7935],"class_list":["post-12070","post","type-post","status-publish","format-standard","has-post-thumbnail","hentry","category-livsstil","tag-expats","tag-guide","tag-hvordan","tag-praktisk","tag-spania","tag-torke","tag-toy","tag-vaer","tag-vatt","generate-columns","tablet-grid-50","mobile-grid-100","grid-parent","grid-33","resize-featured-image"],"yoast_head":"<!-- This site is optimized with the Yoast SEO plugin v24.4 - https:\/\/yoast.com\/wordpress\/plugins\/seo\/ -->\n<title>Hvordan t\u00f8rke t\u00f8y i v\u00e5tt v\u00e6r i Spania: En praktisk guide for expats - Nordnesrepublikken<\/title>\n<meta name=\"robots\" content=\"index, follow, max-snippet:-1, max-image-preview:large, max-video-preview:-1\" \/>\n<link rel=\"canonical\" href=\"https:\/\/nordnesrepublikken.no\/index.php\/2025\/11\/24\/hvordan-torke-toy-i-vatt-vaer-i-spania-en-praktisk-guide-for-expats\/\" \/>\n<meta property=\"og:locale\" content=\"nb_NO\" \/>\n<meta property=\"og:type\" content=\"article\" \/>\n<meta property=\"og:title\" content=\"Hvordan t\u00f8rke t\u00f8y i v\u00e5tt v\u00e6r i Spania: En praktisk guide for expats - Nordnesrepublikken\" \/>\n<meta property=\"og:description\" content=\"For mange expats som ankommer fra Storbritannia eller Nord-Europa, den v\u00e5t sesong i Spania kommer\" \/>\n<meta property=\"og:url\" content=\"https:\/\/nordnesrepublikken.no\/index.php\/2025\/11\/24\/hvordan-torke-toy-i-vatt-vaer-i-spania-en-praktisk-guide-for-expats\/\" \/>\n<meta property=\"og:site_name\" content=\"Nordnesrepublikken\" \/>\n<meta property=\"article:published_time\" content=\"2025-11-24T17:51:31+00:00\" \/>\n<meta property=\"article:modified_time\" content=\"2025-11-24T17:51:32+00:00\" \/>\n<meta property=\"og:image\" content=\"https:\/\/nordnesrepublikken.no\/wp-content\/uploads\/2025\/11\/1764006691_Hvordan-torke-toy-i-vatt-vaer-i-Spania-En-praktisk.jpg\" \/>\n\t<meta property=\"og:image:width\" content=\"1200\" \/>\n\t<meta property=\"og:image:height\" content=\"798\" \/>\n\t<meta property=\"og:image:type\" content=\"image\/jpeg\" \/>\n<meta name=\"author\" content=\"Ole Andersen\" \/>\n<meta name=\"twitter:card\" content=\"summary_large_image\" \/>\n<meta name=\"twitter:label1\" content=\"Skrevet av\" \/>\n\t<meta name=\"twitter:data1\" content=\"Ole Andersen\" \/>\n\t<meta name=\"twitter:label2\" content=\"Ansl. lesetid\" \/>\n\t<meta name=\"twitter:data2\" content=\"3 minutter\" \/>\n<script type=\"application\/ld+json\" class=\"yoast-schema-graph\">{\"@context\":\"https:\/\/schema.org\",\"@graph\":[{\"@type\":\"Article\",\"@id\":\"https:\/\/nordnesrepublikken.no\/index.php\/2025\/11\/24\/hvordan-torke-toy-i-vatt-vaer-i-spania-en-praktisk-guide-for-expats\/#article\",\"isPartOf\":{\"@id\":\"https:\/\/nordnesrepublikken.no\/index.php\/2025\/11\/24\/hvordan-torke-toy-i-vatt-vaer-i-spania-en-praktisk-guide-for-expats\/\"},\"author\":{\"name\":\"Ole Andersen\",\"@id\":\"https:\/\/nordnesrepublikken.no\/#\/schema\/person\/2e7e81935bab77882fffb79296240ff1\"},\"headline\":\"Hvordan t\u00f8rke t\u00f8y i v\u00e5tt v\u00e6r i Spania: En praktisk guide for expats\",\"datePublished\":\"2025-11-24T17:51:31+00:00\",\"dateModified\":\"2025-11-24T17:51:32+00:00\",\"mainEntityOfPage\":{\"@id\":\"https:\/\/nordnesrepublikken.no\/index.php\/2025\/11\/24\/hvordan-torke-toy-i-vatt-vaer-i-spania-en-praktisk-guide-for-expats\/\"},\"wordCount\":713,\"publisher\":{\"@id\":\"https:\/\/nordnesrepublikken.no\/#organization\"},\"image\":{\"@id\":\"https:\/\/nordnesrepublikken.no\/index.php\/2025\/11\/24\/hvordan-torke-toy-i-vatt-vaer-i-spania-en-praktisk-guide-for-expats\/#primaryimage\"},\"thumbnailUrl\":\"https:\/\/nordnesrepublikken.no\/wp-content\/uploads\/2025\/11\/1764006691_Hvordan-torke-toy-i-vatt-vaer-i-Spania-En-praktisk.jpg\",\"keywords\":[\"expats\",\"guide\",\"Hvordan\",\"praktisk\",\"Spania\",\"t\u00f8rke\",\"t\u00f8y\",\"v\u00e6r\",\"v\u00e5tt\"],\"articleSection\":[\"Livsstil\"],\"inLanguage\":\"nb-NO\"},{\"@type\":\"WebPage\",\"@id\":\"https:\/\/nordnesrepublikken.no\/index.php\/2025\/11\/24\/hvordan-torke-toy-i-vatt-vaer-i-spania-en-praktisk-guide-for-expats\/\",\"url\":\"https:\/\/nordnesrepublikken.no\/index.php\/2025\/11\/24\/hvordan-torke-toy-i-vatt-vaer-i-spania-en-praktisk-guide-for-expats\/\",\"name\":\"Hvordan t\u00f8rke t\u00f8y i v\u00e5tt v\u00e6r i Spania: En praktisk guide for expats - Nordnesrepublikken\",\"isPartOf\":{\"@id\":\"https:\/\/nordnesrepublikken.no\/#website\"},\"primaryImageOfPage\":{\"@id\":\"https:\/\/nordnesrepublikken.no\/index.php\/2025\/11\/24\/hvordan-torke-toy-i-vatt-vaer-i-spania-en-praktisk-guide-for-expats\/#primaryimage\"},\"image\":{\"@id\":\"https:\/\/nordnesrepublikken.no\/index.php\/2025\/11\/24\/hvordan-torke-toy-i-vatt-vaer-i-spania-en-praktisk-guide-for-expats\/#primaryimage\"},\"thumbnailUrl\":\"https:\/\/nordnesrepublikken.no\/wp-content\/uploads\/2025\/11\/1764006691_Hvordan-torke-toy-i-vatt-vaer-i-Spania-En-praktisk.jpg\",\"datePublished\":\"2025-11-24T17:51:31+00:00\",\"dateModified\":\"2025-11-24T17:51:32+00:00\",\"breadcrumb\":{\"@id\":\"https:\/\/nordnesrepublikken.no\/index.php\/2025\/11\/24\/hvordan-torke-toy-i-vatt-vaer-i-spania-en-praktisk-guide-for-expats\/#breadcrumb\"},\"inLanguage\":\"nb-NO\",\"potentialAction\":[{\"@type\":\"ReadAction\",\"target\":[\"https:\/\/nordnesrepublikken.no\/index.php\/2025\/11\/24\/hvordan-torke-toy-i-vatt-vaer-i-spania-en-praktisk-guide-for-expats\/\"]}]},{\"@type\":\"ImageObject\",\"inLanguage\":\"nb-NO\",\"@id\":\"https:\/\/nordnesrepublikken.no\/index.php\/2025\/11\/24\/hvordan-torke-toy-i-vatt-vaer-i-spania-en-praktisk-guide-for-expats\/#primaryimage\",\"url\":\"https:\/\/nordnesrepublikken.no\/wp-content\/uploads\/2025\/11\/1764006691_Hvordan-torke-toy-i-vatt-vaer-i-Spania-En-praktisk.jpg\",\"contentUrl\":\"https:\/\/nordnesrepublikken.no\/wp-content\/uploads\/2025\/11\/1764006691_Hvordan-torke-toy-i-vatt-vaer-i-Spania-En-praktisk.jpg\",\"width\":1200,\"height\":798,\"caption\":\"Hvordan t\u00f8rke t\u00f8y i v\u00e5tt v\u00e6r i Spania: En praktisk guide for expats\"},{\"@type\":\"BreadcrumbList\",\"@id\":\"https:\/\/nordnesrepublikken.no\/index.php\/2025\/11\/24\/hvordan-torke-toy-i-vatt-vaer-i-spania-en-praktisk-guide-for-expats\/#breadcrumb\",\"itemListElement\":[{\"@type\":\"ListItem\",\"position\":1,\"name\":\"Home\",\"item\":\"https:\/\/nordnesrepublikken.no\/\"},{\"@type\":\"ListItem\",\"position\":2,\"name\":\"Hvordan t\u00f8rke t\u00f8y i v\u00e5tt v\u00e6r i Spania: En praktisk guide for expats\"}]},{\"@type\":\"WebSite\",\"@id\":\"https:\/\/nordnesrepublikken.no\/#website\",\"url\":\"https:\/\/nordnesrepublikken.no\/\",\"name\":\"Nordnesrepublikken\",\"description\":\"Stemmer og Visjoner fra Republikkens Hjerte\",\"publisher\":{\"@id\":\"https:\/\/nordnesrepublikken.no\/#organization\"},\"potentialAction\":[{\"@type\":\"SearchAction\",\"target\":{\"@type\":\"EntryPoint\",\"urlTemplate\":\"https:\/\/nordnesrepublikken.no\/?s={search_term_string}\"},\"query-input\":{\"@type\":\"PropertyValueSpecification\",\"valueRequired\":true,\"valueName\":\"search_term_string\"}}],\"inLanguage\":\"nb-NO\"},{\"@type\":\"Organization\",\"@id\":\"https:\/\/nordnesrepublikken.no\/#organization\",\"name\":\"Nordnesrepublikken\",\"url\":\"https:\/\/nordnesrepublikken.no\/\",\"logo\":{\"@type\":\"ImageObject\",\"inLanguage\":\"nb-NO\",\"@id\":\"https:\/\/nordnesrepublikken.no\/#\/schema\/logo\/image\/\",\"url\":\"https:\/\/nordnesrepublikken.no\/wp-content\/uploads\/2025\/02\/cropped-nordnesrepublikken-2.png\",\"contentUrl\":\"https:\/\/nordnesrepublikken.no\/wp-content\/uploads\/2025\/02\/cropped-nordnesrepublikken-2.png\",\"width\":1248,\"height\":362,\"caption\":\"Nordnesrepublikken\"},\"image\":{\"@id\":\"https:\/\/nordnesrepublikken.no\/#\/schema\/logo\/image\/\"}},{\"@type\":\"Person\",\"@id\":\"https:\/\/nordnesrepublikken.no\/#\/schema\/person\/2e7e81935bab77882fffb79296240ff1\",\"name\":\"Ole Andersen\",\"image\":{\"@type\":\"ImageObject\",\"inLanguage\":\"nb-NO\",\"@id\":\"https:\/\/nordnesrepublikken.no\/#\/schema\/person\/image\/\",\"url\":\"https:\/\/nordnesrepublikken.no\/wp-content\/uploads\/2025\/02\/nordnesrepublikken-2-2-150x150.jpg\",\"contentUrl\":\"https:\/\/nordnesrepublikken.no\/wp-content\/uploads\/2025\/02\/nordnesrepublikken-2-2-150x150.jpg\",\"caption\":\"Ole Andersen\"},\"description\":\"Ettersom jeg vokste opp i Oslo, har jeg alltid v\u00e6rt fascinert av ordenes kraft og deres evne til \u00e5 skape endringer. Etter \u00e5 ha fullf\u00f8rt min utdannelse i kommunikasjon ved Universitetet i Bergen, fikk jeg muligheten til \u00e5 jobbe innen ulike medier, der jeg har s\u00f8kt \u00e5 belyse viktige samfunnssp\u00f8rsm\u00e5l. I dag, som redakt\u00f8r for Nordnesrepublikken, pr\u00f8ver jeg \u00e5 forene min kj\u00e6rlighet for journalistikk med min lidenskap for innovasjon og eventyr.\",\"sameAs\":[\"https:\/\/nordnesrepublikken.no\/\"]}]}<\/script>\n<!-- \/ Yoast SEO plugin. -->","yoast_head_json":{"title":"Hvordan t\u00f8rke t\u00f8y i v\u00e5tt v\u00e6r i Spania: En praktisk guide for expats - Nordnesrepublikken","robots":{"index":"index","follow":"follow","max-snippet":"max-snippet:-1","max-image-preview":"max-image-preview:large","max-video-preview":"max-video-preview:-1"},"canonical":"https:\/\/nordnesrepublikken.no\/index.php\/2025\/11\/24\/hvordan-torke-toy-i-vatt-vaer-i-spania-en-praktisk-guide-for-expats\/","og_locale":"nb_NO","og_type":"article","og_title":"Hvordan t\u00f8rke t\u00f8y i v\u00e5tt v\u00e6r i Spania: En praktisk guide for expats - Nordnesrepublikken","og_description":"For mange expats som ankommer fra Storbritannia eller Nord-Europa, den v\u00e5t sesong i Spania kommer","og_url":"https:\/\/nordnesrepublikken.no\/index.php\/2025\/11\/24\/hvordan-torke-toy-i-vatt-vaer-i-spania-en-praktisk-guide-for-expats\/","og_site_name":"Nordnesrepublikken","article_published_time":"2025-11-24T17:51:31+00:00","article_modified_time":"2025-11-24T17:51:32+00:00","og_image":[{"width":1200,"height":798,"url":"https:\/\/nordnesrepublikken.no\/wp-content\/uploads\/2025\/11\/1764006691_Hvordan-torke-toy-i-vatt-vaer-i-Spania-En-praktisk.jpg","type":"image\/jpeg"}],"author":"Ole Andersen","twitter_card":"summary_large_image","twitter_misc":{"Skrevet av":"Ole Andersen","Ansl. lesetid":"3 minutter"},"schema":{"@context":"https:\/\/schema.org","@graph":[{"@type":"Article","@id":"https:\/\/nordnesrepublikken.no\/index.php\/2025\/11\/24\/hvordan-torke-toy-i-vatt-vaer-i-spania-en-praktisk-guide-for-expats\/#article","isPartOf":{"@id":"https:\/\/nordnesrepublikken.no\/index.php\/2025\/11\/24\/hvordan-torke-toy-i-vatt-vaer-i-spania-en-praktisk-guide-for-expats\/"},"author":{"name":"Ole Andersen","@id":"https:\/\/nordnesrepublikken.no\/#\/schema\/person\/2e7e81935bab77882fffb79296240ff1"},"headline":"Hvordan t\u00f8rke t\u00f8y i v\u00e5tt v\u00e6r i Spania: En praktisk guide for expats","datePublished":"2025-11-24T17:51:31+00:00","dateModified":"2025-11-24T17:51:32+00:00","mainEntityOfPage":{"@id":"https:\/\/nordnesrepublikken.no\/index.php\/2025\/11\/24\/hvordan-torke-toy-i-vatt-vaer-i-spania-en-praktisk-guide-for-expats\/"},"wordCount":713,"publisher":{"@id":"https:\/\/nordnesrepublikken.no\/#organization"},"image":{"@id":"https:\/\/nordnesrepublikken.no\/index.php\/2025\/11\/24\/hvordan-torke-toy-i-vatt-vaer-i-spania-en-praktisk-guide-for-expats\/#primaryimage"},"thumbnailUrl":"https:\/\/nordnesrepublikken.no\/wp-content\/uploads\/2025\/11\/1764006691_Hvordan-torke-toy-i-vatt-vaer-i-Spania-En-praktisk.jpg","keywords":["expats","guide","Hvordan","praktisk","Spania","t\u00f8rke","t\u00f8y","v\u00e6r","v\u00e5tt"],"articleSection":["Livsstil"],"inLanguage":"nb-NO"},{"@type":"WebPage","@id":"https:\/\/nordnesrepublikken.no\/index.php\/2025\/11\/24\/hvordan-torke-toy-i-vatt-vaer-i-spania-en-praktisk-guide-for-expats\/","url":"https:\/\/nordnesrepublikken.no\/index.php\/2025\/11\/24\/hvordan-torke-toy-i-vatt-vaer-i-spania-en-praktisk-guide-for-expats\/","name":"Hvordan t\u00f8rke t\u00f8y i v\u00e5tt v\u00e6r i Spania: En praktisk guide for expats - Nordnesrepublikken","isPartOf":{"@id":"https:\/\/nordnesrepublikken.no\/#website"},"primaryImageOfPage":{"@id":"https:\/\/nordnesrepublikken.no\/index.php\/2025\/11\/24\/hvordan-torke-toy-i-vatt-vaer-i-spania-en-praktisk-guide-for-expats\/#primaryimage"},"image":{"@id":"https:\/\/nordnesrepublikken.no\/index.php\/2025\/11\/24\/hvordan-torke-toy-i-vatt-vaer-i-spania-en-praktisk-guide-for-expats\/#primaryimage"},"thumbnailUrl":"https:\/\/nordnesrepublikken.no\/wp-content\/uploads\/2025\/11\/1764006691_Hvordan-torke-toy-i-vatt-vaer-i-Spania-En-praktisk.jpg","datePublished":"2025-11-24T17:51:31+00:00","dateModified":"2025-11-24T17:51:32+00:00","breadcrumb":{"@id":"https:\/\/nordnesrepublikken.no\/index.php\/2025\/11\/24\/hvordan-torke-toy-i-vatt-vaer-i-spania-en-praktisk-guide-for-expats\/#breadcrumb"},"inLanguage":"nb-NO","potentialAction":[{"@type":"ReadAction","target":["https:\/\/nordnesrepublikken.no\/index.php\/2025\/11\/24\/hvordan-torke-toy-i-vatt-vaer-i-spania-en-praktisk-guide-for-expats\/"]}]},{"@type":"ImageObject","inLanguage":"nb-NO","@id":"https:\/\/nordnesrepublikken.no\/index.php\/2025\/11\/24\/hvordan-torke-toy-i-vatt-vaer-i-spania-en-praktisk-guide-for-expats\/#primaryimage","url":"https:\/\/nordnesrepublikken.no\/wp-content\/uploads\/2025\/11\/1764006691_Hvordan-torke-toy-i-vatt-vaer-i-Spania-En-praktisk.jpg","contentUrl":"https:\/\/nordnesrepublikken.no\/wp-content\/uploads\/2025\/11\/1764006691_Hvordan-torke-toy-i-vatt-vaer-i-Spania-En-praktisk.jpg","width":1200,"height":798,"caption":"Hvordan t\u00f8rke t\u00f8y i v\u00e5tt v\u00e6r i Spania: En praktisk guide for expats"},{"@type":"BreadcrumbList","@id":"https:\/\/nordnesrepublikken.no\/index.php\/2025\/11\/24\/hvordan-torke-toy-i-vatt-vaer-i-spania-en-praktisk-guide-for-expats\/#breadcrumb","itemListElement":[{"@type":"ListItem","position":1,"name":"Home","item":"https:\/\/nordnesrepublikken.no\/"},{"@type":"ListItem","position":2,"name":"Hvordan t\u00f8rke t\u00f8y i v\u00e5tt v\u00e6r i Spania: En praktisk guide for expats"}]},{"@type":"WebSite","@id":"https:\/\/nordnesrepublikken.no\/#website","url":"https:\/\/nordnesrepublikken.no\/","name":"Nordnesrepublikken","description":"Stemmer og Visjoner fra Republikkens Hjerte","publisher":{"@id":"https:\/\/nordnesrepublikken.no\/#organization"},"potentialAction":[{"@type":"SearchAction","target":{"@type":"EntryPoint","urlTemplate":"https:\/\/nordnesrepublikken.no\/?s={search_term_string}"},"query-input":{"@type":"PropertyValueSpecification","valueRequired":true,"valueName":"search_term_string"}}],"inLanguage":"nb-NO"},{"@type":"Organization","@id":"https:\/\/nordnesrepublikken.no\/#organization","name":"Nordnesrepublikken","url":"https:\/\/nordnesrepublikken.no\/","logo":{"@type":"ImageObject","inLanguage":"nb-NO","@id":"https:\/\/nordnesrepublikken.no\/#\/schema\/logo\/image\/","url":"https:\/\/nordnesrepublikken.no\/wp-content\/uploads\/2025\/02\/cropped-nordnesrepublikken-2.png","contentUrl":"https:\/\/nordnesrepublikken.no\/wp-content\/uploads\/2025\/02\/cropped-nordnesrepublikken-2.png","width":1248,"height":362,"caption":"Nordnesrepublikken"},"image":{"@id":"https:\/\/nordnesrepublikken.no\/#\/schema\/logo\/image\/"}},{"@type":"Person","@id":"https:\/\/nordnesrepublikken.no\/#\/schema\/person\/2e7e81935bab77882fffb79296240ff1","name":"Ole Andersen","image":{"@type":"ImageObject","inLanguage":"nb-NO","@id":"https:\/\/nordnesrepublikken.no\/#\/schema\/person\/image\/","url":"https:\/\/nordnesrepublikken.no\/wp-content\/uploads\/2025\/02\/nordnesrepublikken-2-2-150x150.jpg","contentUrl":"https:\/\/nordnesrepublikken.no\/wp-content\/uploads\/2025\/02\/nordnesrepublikken-2-2-150x150.jpg","caption":"Ole Andersen"},"description":"Ettersom jeg vokste opp i Oslo, har jeg alltid v\u00e6rt fascinert av ordenes kraft og deres evne til \u00e5 skape endringer. Etter \u00e5 ha fullf\u00f8rt min utdannelse i kommunikasjon ved Universitetet i Bergen, fikk jeg muligheten til \u00e5 jobbe innen ulike medier, der jeg har s\u00f8kt \u00e5 belyse viktige samfunnssp\u00f8rsm\u00e5l. I dag, som redakt\u00f8r for Nordnesrepublikken, pr\u00f8ver jeg \u00e5 forene min kj\u00e6rlighet for journalistikk med min lidenskap for innovasjon og eventyr.","sameAs":["https:\/\/nordnesrepublikken.no\/"]}]}},"_links":{"self":[{"href":"https:\/\/nordnesrepublikken.no\/index.php\/wp-json\/wp\/v2\/posts\/12070","targetHints":{"allow":["GET"]}}],"collection":[{"href":"https:\/\/nordnesrepublikken.no\/index.php\/wp-json\/wp\/v2\/posts"}],"about":[{"href":"https:\/\/nordnesrepublikken.no\/index.php\/wp-json\/wp\/v2\/types\/post"}],"author":[{"embeddable":true,"href":"https:\/\/nordnesrepublikken.no\/index.php\/wp-json\/wp\/v2\/users\/1"}],"replies":[{"embeddable":true,"href":"https:\/\/nordnesrepublikken.no\/index.php\/wp-json\/wp\/v2\/comments?post=12070"}],"version-history":[{"count":1,"href":"https:\/\/nordnesrepublikken.no\/index.php\/wp-json\/wp\/v2\/posts\/12070\/revisions"}],"predecessor-version":[{"id":12072,"href":"https:\/\/nordnesrepublikken.no\/index.php\/wp-json\/wp\/v2\/posts\/12070\/revisions\/12072"}],"wp:featuredmedia":[{"embeddable":true,"href":"https:\/\/nordnesrepublikken.no\/index.php\/wp-json\/wp\/v2\/media\/12071"}],"wp:attachment":[{"href":"https:\/\/nordnesrepublikken.no\/index.php\/wp-json\/wp\/v2\/media?parent=12070"}],"wp:term":[{"taxonomy":"category","embeddable":true,"href":"https:\/\/nordnesrepublikken.no\/index.php\/wp-json\/wp\/v2\/categories?post=12070"},{"taxonomy":"post_tag","embeddable":true,"href":"https:\/\/nordnesrepublikken.no\/index.php\/wp-json\/wp\/v2\/tags?post=12070"}],"curies":[{"name":"wp","href":"https:\/\/api.w.org\/{rel}","templated":true}]}}