{"id":12067,"date":"2025-11-24T16:51:34","date_gmt":"2025-11-24T15:51:34","guid":{"rendered":"https:\/\/nordnesrepublikken.no\/index.php\/2025\/11\/24\/hvorfor-er-det-et-forlatt-fly-pa-solheimasandur-stranden-pa-island-historien-om-c-117-vraket\/"},"modified":"2025-11-24T16:51:34","modified_gmt":"2025-11-24T15:51:34","slug":"hvorfor-er-det-et-forlatt-fly-pa-solheimasandur-stranden-pa-island-historien-om-c-117-vraket","status":"publish","type":"post","link":"https:\/\/nordnesrepublikken.no\/index.php\/2025\/11\/24\/hvorfor-er-det-et-forlatt-fly-pa-solheimasandur-stranden-pa-island-historien-om-c-117-vraket\/","title":{"rendered":"Hvorfor er det et forlatt fly p\u00e5 Solheimasandur-stranden p\u00e5 Island? Historien om C-117-vraket"},"content":{"rendered":"<div>\n<div class=\"cp_wrapper cp_wrapper--fw mb-30 mb-20@tablet\">\n<figure class=\"mm\"><picture class=\"img\" style=\"padding-top:56.25%\"><source  media=\"(min-width: 1024px)\"><source  media=\"(min-width: 768px)\"><\/source><\/source><\/picture><\/figure>\n<\/p><\/div>\n<p>Det var 24. november 1973 da et transportfly <strong>Douglas C-117D<\/strong> av den amerikanske marinen styrtet p\u00e5 den svarte vulkanstranden i <strong>Solheimasandur<\/strong>langs den s\u00f8rlige kysten av Island, da den fl\u00f8y over isbreen <strong>Vatnaj\u00f6kull<\/strong> \u00e5 g\u00e5 tilbake til bunnen av <strong>Keflavik<\/strong> . Utrolig nok overlevde alle de fem besetningsmedlemmene ulykken, til tross for den forferdelige tilstanden til flyet, som n\u00e5 er en ekte turistattraksjon til og med rapportert p\u00e5 Google Maps: restene av hovedflykroppen, som hadde holdt seg relativt intakt siden ulykken, ble liggende p\u00e5 stranden.<\/p>\n<p>Men hva skjedde egentlig den kalde novemberdagen? Det amerikanske flyet var p\u00e5 vei tilbake til basen etter \u00e5 ha utf\u00f8rt et rutinemessig kontrolloppdrag. Plutselig begynte C-117-motorene \u00e5 miste kraft. Den sv\u00e6rt unge sj\u00e5f\u00f8ren, den 26 \u00e5r gamle <strong>Gregory Fletcher<\/strong>fant han seg tvunget til en <strong>landingsman\u00f8ver<\/strong>som kom perfekt ut: han identifiserte raskt stranden til <strong>Solheimasandur <\/strong>(GPS-koordinater: 63\u00b027&#8217;32.8\u2033 N \/ 19\u00b021&#8217;53.2\u2033 W). De fem ungdommene om bord kom helt uskadd ut og varslet n\u00f8detatene og ventet p\u00e5 dem i en time i den arktiske vinden. Det skal sies at de var heldige, for bare 20 km unna i luftlinje ligger den <strong>Katla vulkan<\/strong> (under M\u00fdrdalsj\u00f6kull-breen), som er en av Islands mest aktive og uforutsigbare vulkaner, og n\u00e5r den bryter ut kan den dumpe enorme mengder vann og sediment mot kysten.<\/p>\n<p><iframe width=\"100%\" height=\"450\" style=\"border:0;\" allowfullscreen=\"\" loading=\"lazy\" referrerpolicy=\"no-referrer-when-downgrade\" data-type=\"generic-iframe\" data-src=\"https:\/\/www.google.com\/maps\/embed?pb=!1m18!1m12!1m3!1d60317.97848323355!2d-19.447177111239462!3d63.45908741464769!2m3!1f0!2f0!3f0!3m2!1i1024!2i768!4f13.1!3m3!1m2!1s0x48d739a755286129%3A0xedc60e1d7a9cb464!2sSolheimasandur%20Plane%20Wreck!5e1!3m2!1sit!2sit!4v1763735751871!5m2!1sit!2sit\" class=\"js-parse-embed\"><\/iframe><\/p>\n<p>I alle fall, etter hendelsen ble vraket bare delvis demontert (p\u00e5 grunn av kostnader), og i det nesten m\u00e5nelandskapet var det bare <strong>flykropp<\/strong>som i dag er lite mer enn et kadaver erodert av atmosf\u00e6riske agenter som unge mennesker liker \u00e5 legge igjen skrifter p\u00e5, og som fotoentusiaster tar bilder av.<\/p>\n<\/p><\/div>\n","protected":false},"excerpt":{"rendered":"<p>Det var 24. november 1973 da et transportfly Douglas C-117D av den amerikanske marinen styrtet<\/p>\n","protected":false},"author":1,"featured_media":12068,"comment_status":"closed","ping_status":"open","sticky":false,"template":"","format":"standard","meta":{"footnotes":""},"categories":[26],"tags":[7932,66,618,2042,521,101,423,81,7931],"class_list":["post-12067","post","type-post","status-publish","format-standard","has-post-thumbnail","hentry","category-miljo","tag-c117vraket","tag-det","tag-fly","tag-forlatt","tag-historien","tag-hvorfor","tag-island","tag-pa","tag-solheimasandurstranden","generate-columns","tablet-grid-50","mobile-grid-100","grid-parent","grid-33","resize-featured-image"],"yoast_head":"<!-- This site is optimized with the Yoast SEO plugin v24.4 - https:\/\/yoast.com\/wordpress\/plugins\/seo\/ -->\n<title>Hvorfor er det et forlatt fly p\u00e5 Solheimasandur-stranden p\u00e5 Island? Historien om C-117-vraket - Nordnesrepublikken<\/title>\n<meta name=\"robots\" content=\"index, follow, max-snippet:-1, max-image-preview:large, max-video-preview:-1\" \/>\n<link rel=\"canonical\" href=\"https:\/\/nordnesrepublikken.no\/index.php\/2025\/11\/24\/hvorfor-er-det-et-forlatt-fly-pa-solheimasandur-stranden-pa-island-historien-om-c-117-vraket\/\" \/>\n<meta property=\"og:locale\" content=\"nb_NO\" \/>\n<meta property=\"og:type\" content=\"article\" \/>\n<meta property=\"og:title\" content=\"Hvorfor er det et forlatt fly p\u00e5 Solheimasandur-stranden p\u00e5 Island? Historien om C-117-vraket - Nordnesrepublikken\" \/>\n<meta property=\"og:description\" content=\"Det var 24. november 1973 da et transportfly Douglas C-117D av den amerikanske marinen styrtet\" \/>\n<meta property=\"og:url\" content=\"https:\/\/nordnesrepublikken.no\/index.php\/2025\/11\/24\/hvorfor-er-det-et-forlatt-fly-pa-solheimasandur-stranden-pa-island-historien-om-c-117-vraket\/\" \/>\n<meta property=\"og:site_name\" content=\"Nordnesrepublikken\" \/>\n<meta property=\"article:published_time\" content=\"2025-11-24T15:51:34+00:00\" \/>\n<meta property=\"og:image\" content=\"https:\/\/nordnesrepublikken.no\/wp-content\/uploads\/2025\/11\/1763999494_Hvorfor-er-det-et-forlatt-fly-pa-Solheimasandur-stranden-pa-Island.jpg\" \/>\n\t<meta property=\"og:image:width\" content=\"951\" \/>\n\t<meta property=\"og:image:height\" content=\"514\" \/>\n\t<meta property=\"og:image:type\" content=\"image\/jpeg\" \/>\n<meta name=\"author\" content=\"Ole Andersen\" \/>\n<meta name=\"twitter:card\" content=\"summary_large_image\" \/>\n<meta name=\"twitter:label1\" content=\"Skrevet av\" \/>\n\t<meta name=\"twitter:data1\" content=\"Ole Andersen\" \/>\n\t<meta name=\"twitter:label2\" content=\"Ansl. lesetid\" \/>\n\t<meta name=\"twitter:data2\" content=\"1 minutt\" \/>\n<script type=\"application\/ld+json\" class=\"yoast-schema-graph\">{\"@context\":\"https:\/\/schema.org\",\"@graph\":[{\"@type\":\"Article\",\"@id\":\"https:\/\/nordnesrepublikken.no\/index.php\/2025\/11\/24\/hvorfor-er-det-et-forlatt-fly-pa-solheimasandur-stranden-pa-island-historien-om-c-117-vraket\/#article\",\"isPartOf\":{\"@id\":\"https:\/\/nordnesrepublikken.no\/index.php\/2025\/11\/24\/hvorfor-er-det-et-forlatt-fly-pa-solheimasandur-stranden-pa-island-historien-om-c-117-vraket\/\"},\"author\":{\"name\":\"Ole Andersen\",\"@id\":\"https:\/\/nordnesrepublikken.no\/#\/schema\/person\/2e7e81935bab77882fffb79296240ff1\"},\"headline\":\"Hvorfor er det et forlatt fly p\u00e5 Solheimasandur-stranden p\u00e5 Island? Historien om C-117-vraket\",\"datePublished\":\"2025-11-24T15:51:34+00:00\",\"mainEntityOfPage\":{\"@id\":\"https:\/\/nordnesrepublikken.no\/index.php\/2025\/11\/24\/hvorfor-er-det-et-forlatt-fly-pa-solheimasandur-stranden-pa-island-historien-om-c-117-vraket\/\"},\"wordCount\":280,\"publisher\":{\"@id\":\"https:\/\/nordnesrepublikken.no\/#organization\"},\"image\":{\"@id\":\"https:\/\/nordnesrepublikken.no\/index.php\/2025\/11\/24\/hvorfor-er-det-et-forlatt-fly-pa-solheimasandur-stranden-pa-island-historien-om-c-117-vraket\/#primaryimage\"},\"thumbnailUrl\":\"https:\/\/nordnesrepublikken.no\/wp-content\/uploads\/2025\/11\/1763999494_Hvorfor-er-det-et-forlatt-fly-pa-Solheimasandur-stranden-pa-Island.jpg\",\"keywords\":[\"C117vraket\",\"Det\",\"fly\",\"forlatt\",\"Historien\",\"hvorfor\",\"Island\",\"p\u00e5\",\"Solheimasandurstranden\"],\"articleSection\":[\"Milj\u00f8\"],\"inLanguage\":\"nb-NO\"},{\"@type\":\"WebPage\",\"@id\":\"https:\/\/nordnesrepublikken.no\/index.php\/2025\/11\/24\/hvorfor-er-det-et-forlatt-fly-pa-solheimasandur-stranden-pa-island-historien-om-c-117-vraket\/\",\"url\":\"https:\/\/nordnesrepublikken.no\/index.php\/2025\/11\/24\/hvorfor-er-det-et-forlatt-fly-pa-solheimasandur-stranden-pa-island-historien-om-c-117-vraket\/\",\"name\":\"Hvorfor er det et forlatt fly p\u00e5 Solheimasandur-stranden p\u00e5 Island? Historien om C-117-vraket - Nordnesrepublikken\",\"isPartOf\":{\"@id\":\"https:\/\/nordnesrepublikken.no\/#website\"},\"primaryImageOfPage\":{\"@id\":\"https:\/\/nordnesrepublikken.no\/index.php\/2025\/11\/24\/hvorfor-er-det-et-forlatt-fly-pa-solheimasandur-stranden-pa-island-historien-om-c-117-vraket\/#primaryimage\"},\"image\":{\"@id\":\"https:\/\/nordnesrepublikken.no\/index.php\/2025\/11\/24\/hvorfor-er-det-et-forlatt-fly-pa-solheimasandur-stranden-pa-island-historien-om-c-117-vraket\/#primaryimage\"},\"thumbnailUrl\":\"https:\/\/nordnesrepublikken.no\/wp-content\/uploads\/2025\/11\/1763999494_Hvorfor-er-det-et-forlatt-fly-pa-Solheimasandur-stranden-pa-Island.jpg\",\"datePublished\":\"2025-11-24T15:51:34+00:00\",\"breadcrumb\":{\"@id\":\"https:\/\/nordnesrepublikken.no\/index.php\/2025\/11\/24\/hvorfor-er-det-et-forlatt-fly-pa-solheimasandur-stranden-pa-island-historien-om-c-117-vraket\/#breadcrumb\"},\"inLanguage\":\"nb-NO\",\"potentialAction\":[{\"@type\":\"ReadAction\",\"target\":[\"https:\/\/nordnesrepublikken.no\/index.php\/2025\/11\/24\/hvorfor-er-det-et-forlatt-fly-pa-solheimasandur-stranden-pa-island-historien-om-c-117-vraket\/\"]}]},{\"@type\":\"ImageObject\",\"inLanguage\":\"nb-NO\",\"@id\":\"https:\/\/nordnesrepublikken.no\/index.php\/2025\/11\/24\/hvorfor-er-det-et-forlatt-fly-pa-solheimasandur-stranden-pa-island-historien-om-c-117-vraket\/#primaryimage\",\"url\":\"https:\/\/nordnesrepublikken.no\/wp-content\/uploads\/2025\/11\/1763999494_Hvorfor-er-det-et-forlatt-fly-pa-Solheimasandur-stranden-pa-Island.jpg\",\"contentUrl\":\"https:\/\/nordnesrepublikken.no\/wp-content\/uploads\/2025\/11\/1763999494_Hvorfor-er-det-et-forlatt-fly-pa-Solheimasandur-stranden-pa-Island.jpg\",\"width\":951,\"height\":514,\"caption\":\"Hvorfor er det et forlatt fly p\u00e5 Solheimasandur-stranden p\u00e5 Island? Historien om C-117-vraket\"},{\"@type\":\"BreadcrumbList\",\"@id\":\"https:\/\/nordnesrepublikken.no\/index.php\/2025\/11\/24\/hvorfor-er-det-et-forlatt-fly-pa-solheimasandur-stranden-pa-island-historien-om-c-117-vraket\/#breadcrumb\",\"itemListElement\":[{\"@type\":\"ListItem\",\"position\":1,\"name\":\"Home\",\"item\":\"https:\/\/nordnesrepublikken.no\/\"},{\"@type\":\"ListItem\",\"position\":2,\"name\":\"Hvorfor er det et forlatt fly p\u00e5 Solheimasandur-stranden p\u00e5 Island? Historien om C-117-vraket\"}]},{\"@type\":\"WebSite\",\"@id\":\"https:\/\/nordnesrepublikken.no\/#website\",\"url\":\"https:\/\/nordnesrepublikken.no\/\",\"name\":\"Nordnesrepublikken\",\"description\":\"Stemmer og Visjoner fra Republikkens Hjerte\",\"publisher\":{\"@id\":\"https:\/\/nordnesrepublikken.no\/#organization\"},\"potentialAction\":[{\"@type\":\"SearchAction\",\"target\":{\"@type\":\"EntryPoint\",\"urlTemplate\":\"https:\/\/nordnesrepublikken.no\/?s={search_term_string}\"},\"query-input\":{\"@type\":\"PropertyValueSpecification\",\"valueRequired\":true,\"valueName\":\"search_term_string\"}}],\"inLanguage\":\"nb-NO\"},{\"@type\":\"Organization\",\"@id\":\"https:\/\/nordnesrepublikken.no\/#organization\",\"name\":\"Nordnesrepublikken\",\"url\":\"https:\/\/nordnesrepublikken.no\/\",\"logo\":{\"@type\":\"ImageObject\",\"inLanguage\":\"nb-NO\",\"@id\":\"https:\/\/nordnesrepublikken.no\/#\/schema\/logo\/image\/\",\"url\":\"https:\/\/nordnesrepublikken.no\/wp-content\/uploads\/2025\/02\/cropped-nordnesrepublikken-2.png\",\"contentUrl\":\"https:\/\/nordnesrepublikken.no\/wp-content\/uploads\/2025\/02\/cropped-nordnesrepublikken-2.png\",\"width\":1248,\"height\":362,\"caption\":\"Nordnesrepublikken\"},\"image\":{\"@id\":\"https:\/\/nordnesrepublikken.no\/#\/schema\/logo\/image\/\"}},{\"@type\":\"Person\",\"@id\":\"https:\/\/nordnesrepublikken.no\/#\/schema\/person\/2e7e81935bab77882fffb79296240ff1\",\"name\":\"Ole Andersen\",\"image\":{\"@type\":\"ImageObject\",\"inLanguage\":\"nb-NO\",\"@id\":\"https:\/\/nordnesrepublikken.no\/#\/schema\/person\/image\/\",\"url\":\"https:\/\/nordnesrepublikken.no\/wp-content\/uploads\/2025\/02\/nordnesrepublikken-2-2-150x150.jpg\",\"contentUrl\":\"https:\/\/nordnesrepublikken.no\/wp-content\/uploads\/2025\/02\/nordnesrepublikken-2-2-150x150.jpg\",\"caption\":\"Ole Andersen\"},\"description\":\"Ettersom jeg vokste opp i Oslo, har jeg alltid v\u00e6rt fascinert av ordenes kraft og deres evne til \u00e5 skape endringer. Etter \u00e5 ha fullf\u00f8rt min utdannelse i kommunikasjon ved Universitetet i Bergen, fikk jeg muligheten til \u00e5 jobbe innen ulike medier, der jeg har s\u00f8kt \u00e5 belyse viktige samfunnssp\u00f8rsm\u00e5l. I dag, som redakt\u00f8r for Nordnesrepublikken, pr\u00f8ver jeg \u00e5 forene min kj\u00e6rlighet for journalistikk med min lidenskap for innovasjon og eventyr.\",\"sameAs\":[\"https:\/\/nordnesrepublikken.no\/\"]}]}<\/script>\n<!-- \/ Yoast SEO plugin. -->","yoast_head_json":{"title":"Hvorfor er det et forlatt fly p\u00e5 Solheimasandur-stranden p\u00e5 Island? Historien om C-117-vraket - Nordnesrepublikken","robots":{"index":"index","follow":"follow","max-snippet":"max-snippet:-1","max-image-preview":"max-image-preview:large","max-video-preview":"max-video-preview:-1"},"canonical":"https:\/\/nordnesrepublikken.no\/index.php\/2025\/11\/24\/hvorfor-er-det-et-forlatt-fly-pa-solheimasandur-stranden-pa-island-historien-om-c-117-vraket\/","og_locale":"nb_NO","og_type":"article","og_title":"Hvorfor er det et forlatt fly p\u00e5 Solheimasandur-stranden p\u00e5 Island? Historien om C-117-vraket - Nordnesrepublikken","og_description":"Det var 24. november 1973 da et transportfly Douglas C-117D av den amerikanske marinen styrtet","og_url":"https:\/\/nordnesrepublikken.no\/index.php\/2025\/11\/24\/hvorfor-er-det-et-forlatt-fly-pa-solheimasandur-stranden-pa-island-historien-om-c-117-vraket\/","og_site_name":"Nordnesrepublikken","article_published_time":"2025-11-24T15:51:34+00:00","og_image":[{"width":951,"height":514,"url":"https:\/\/nordnesrepublikken.no\/wp-content\/uploads\/2025\/11\/1763999494_Hvorfor-er-det-et-forlatt-fly-pa-Solheimasandur-stranden-pa-Island.jpg","type":"image\/jpeg"}],"author":"Ole Andersen","twitter_card":"summary_large_image","twitter_misc":{"Skrevet av":"Ole Andersen","Ansl. lesetid":"1 minutt"},"schema":{"@context":"https:\/\/schema.org","@graph":[{"@type":"Article","@id":"https:\/\/nordnesrepublikken.no\/index.php\/2025\/11\/24\/hvorfor-er-det-et-forlatt-fly-pa-solheimasandur-stranden-pa-island-historien-om-c-117-vraket\/#article","isPartOf":{"@id":"https:\/\/nordnesrepublikken.no\/index.php\/2025\/11\/24\/hvorfor-er-det-et-forlatt-fly-pa-solheimasandur-stranden-pa-island-historien-om-c-117-vraket\/"},"author":{"name":"Ole Andersen","@id":"https:\/\/nordnesrepublikken.no\/#\/schema\/person\/2e7e81935bab77882fffb79296240ff1"},"headline":"Hvorfor er det et forlatt fly p\u00e5 Solheimasandur-stranden p\u00e5 Island? Historien om C-117-vraket","datePublished":"2025-11-24T15:51:34+00:00","mainEntityOfPage":{"@id":"https:\/\/nordnesrepublikken.no\/index.php\/2025\/11\/24\/hvorfor-er-det-et-forlatt-fly-pa-solheimasandur-stranden-pa-island-historien-om-c-117-vraket\/"},"wordCount":280,"publisher":{"@id":"https:\/\/nordnesrepublikken.no\/#organization"},"image":{"@id":"https:\/\/nordnesrepublikken.no\/index.php\/2025\/11\/24\/hvorfor-er-det-et-forlatt-fly-pa-solheimasandur-stranden-pa-island-historien-om-c-117-vraket\/#primaryimage"},"thumbnailUrl":"https:\/\/nordnesrepublikken.no\/wp-content\/uploads\/2025\/11\/1763999494_Hvorfor-er-det-et-forlatt-fly-pa-Solheimasandur-stranden-pa-Island.jpg","keywords":["C117vraket","Det","fly","forlatt","Historien","hvorfor","Island","p\u00e5","Solheimasandurstranden"],"articleSection":["Milj\u00f8"],"inLanguage":"nb-NO"},{"@type":"WebPage","@id":"https:\/\/nordnesrepublikken.no\/index.php\/2025\/11\/24\/hvorfor-er-det-et-forlatt-fly-pa-solheimasandur-stranden-pa-island-historien-om-c-117-vraket\/","url":"https:\/\/nordnesrepublikken.no\/index.php\/2025\/11\/24\/hvorfor-er-det-et-forlatt-fly-pa-solheimasandur-stranden-pa-island-historien-om-c-117-vraket\/","name":"Hvorfor er det et forlatt fly p\u00e5 Solheimasandur-stranden p\u00e5 Island? Historien om C-117-vraket - Nordnesrepublikken","isPartOf":{"@id":"https:\/\/nordnesrepublikken.no\/#website"},"primaryImageOfPage":{"@id":"https:\/\/nordnesrepublikken.no\/index.php\/2025\/11\/24\/hvorfor-er-det-et-forlatt-fly-pa-solheimasandur-stranden-pa-island-historien-om-c-117-vraket\/#primaryimage"},"image":{"@id":"https:\/\/nordnesrepublikken.no\/index.php\/2025\/11\/24\/hvorfor-er-det-et-forlatt-fly-pa-solheimasandur-stranden-pa-island-historien-om-c-117-vraket\/#primaryimage"},"thumbnailUrl":"https:\/\/nordnesrepublikken.no\/wp-content\/uploads\/2025\/11\/1763999494_Hvorfor-er-det-et-forlatt-fly-pa-Solheimasandur-stranden-pa-Island.jpg","datePublished":"2025-11-24T15:51:34+00:00","breadcrumb":{"@id":"https:\/\/nordnesrepublikken.no\/index.php\/2025\/11\/24\/hvorfor-er-det-et-forlatt-fly-pa-solheimasandur-stranden-pa-island-historien-om-c-117-vraket\/#breadcrumb"},"inLanguage":"nb-NO","potentialAction":[{"@type":"ReadAction","target":["https:\/\/nordnesrepublikken.no\/index.php\/2025\/11\/24\/hvorfor-er-det-et-forlatt-fly-pa-solheimasandur-stranden-pa-island-historien-om-c-117-vraket\/"]}]},{"@type":"ImageObject","inLanguage":"nb-NO","@id":"https:\/\/nordnesrepublikken.no\/index.php\/2025\/11\/24\/hvorfor-er-det-et-forlatt-fly-pa-solheimasandur-stranden-pa-island-historien-om-c-117-vraket\/#primaryimage","url":"https:\/\/nordnesrepublikken.no\/wp-content\/uploads\/2025\/11\/1763999494_Hvorfor-er-det-et-forlatt-fly-pa-Solheimasandur-stranden-pa-Island.jpg","contentUrl":"https:\/\/nordnesrepublikken.no\/wp-content\/uploads\/2025\/11\/1763999494_Hvorfor-er-det-et-forlatt-fly-pa-Solheimasandur-stranden-pa-Island.jpg","width":951,"height":514,"caption":"Hvorfor er det et forlatt fly p\u00e5 Solheimasandur-stranden p\u00e5 Island? Historien om C-117-vraket"},{"@type":"BreadcrumbList","@id":"https:\/\/nordnesrepublikken.no\/index.php\/2025\/11\/24\/hvorfor-er-det-et-forlatt-fly-pa-solheimasandur-stranden-pa-island-historien-om-c-117-vraket\/#breadcrumb","itemListElement":[{"@type":"ListItem","position":1,"name":"Home","item":"https:\/\/nordnesrepublikken.no\/"},{"@type":"ListItem","position":2,"name":"Hvorfor er det et forlatt fly p\u00e5 Solheimasandur-stranden p\u00e5 Island? Historien om C-117-vraket"}]},{"@type":"WebSite","@id":"https:\/\/nordnesrepublikken.no\/#website","url":"https:\/\/nordnesrepublikken.no\/","name":"Nordnesrepublikken","description":"Stemmer og Visjoner fra Republikkens Hjerte","publisher":{"@id":"https:\/\/nordnesrepublikken.no\/#organization"},"potentialAction":[{"@type":"SearchAction","target":{"@type":"EntryPoint","urlTemplate":"https:\/\/nordnesrepublikken.no\/?s={search_term_string}"},"query-input":{"@type":"PropertyValueSpecification","valueRequired":true,"valueName":"search_term_string"}}],"inLanguage":"nb-NO"},{"@type":"Organization","@id":"https:\/\/nordnesrepublikken.no\/#organization","name":"Nordnesrepublikken","url":"https:\/\/nordnesrepublikken.no\/","logo":{"@type":"ImageObject","inLanguage":"nb-NO","@id":"https:\/\/nordnesrepublikken.no\/#\/schema\/logo\/image\/","url":"https:\/\/nordnesrepublikken.no\/wp-content\/uploads\/2025\/02\/cropped-nordnesrepublikken-2.png","contentUrl":"https:\/\/nordnesrepublikken.no\/wp-content\/uploads\/2025\/02\/cropped-nordnesrepublikken-2.png","width":1248,"height":362,"caption":"Nordnesrepublikken"},"image":{"@id":"https:\/\/nordnesrepublikken.no\/#\/schema\/logo\/image\/"}},{"@type":"Person","@id":"https:\/\/nordnesrepublikken.no\/#\/schema\/person\/2e7e81935bab77882fffb79296240ff1","name":"Ole Andersen","image":{"@type":"ImageObject","inLanguage":"nb-NO","@id":"https:\/\/nordnesrepublikken.no\/#\/schema\/person\/image\/","url":"https:\/\/nordnesrepublikken.no\/wp-content\/uploads\/2025\/02\/nordnesrepublikken-2-2-150x150.jpg","contentUrl":"https:\/\/nordnesrepublikken.no\/wp-content\/uploads\/2025\/02\/nordnesrepublikken-2-2-150x150.jpg","caption":"Ole Andersen"},"description":"Ettersom jeg vokste opp i Oslo, har jeg alltid v\u00e6rt fascinert av ordenes kraft og deres evne til \u00e5 skape endringer. Etter \u00e5 ha fullf\u00f8rt min utdannelse i kommunikasjon ved Universitetet i Bergen, fikk jeg muligheten til \u00e5 jobbe innen ulike medier, der jeg har s\u00f8kt \u00e5 belyse viktige samfunnssp\u00f8rsm\u00e5l. I dag, som redakt\u00f8r for Nordnesrepublikken, pr\u00f8ver jeg \u00e5 forene min kj\u00e6rlighet for journalistikk med min lidenskap for innovasjon og eventyr.","sameAs":["https:\/\/nordnesrepublikken.no\/"]}]}},"_links":{"self":[{"href":"https:\/\/nordnesrepublikken.no\/index.php\/wp-json\/wp\/v2\/posts\/12067","targetHints":{"allow":["GET"]}}],"collection":[{"href":"https:\/\/nordnesrepublikken.no\/index.php\/wp-json\/wp\/v2\/posts"}],"about":[{"href":"https:\/\/nordnesrepublikken.no\/index.php\/wp-json\/wp\/v2\/types\/post"}],"author":[{"embeddable":true,"href":"https:\/\/nordnesrepublikken.no\/index.php\/wp-json\/wp\/v2\/users\/1"}],"replies":[{"embeddable":true,"href":"https:\/\/nordnesrepublikken.no\/index.php\/wp-json\/wp\/v2\/comments?post=12067"}],"version-history":[{"count":1,"href":"https:\/\/nordnesrepublikken.no\/index.php\/wp-json\/wp\/v2\/posts\/12067\/revisions"}],"predecessor-version":[{"id":12069,"href":"https:\/\/nordnesrepublikken.no\/index.php\/wp-json\/wp\/v2\/posts\/12067\/revisions\/12069"}],"wp:featuredmedia":[{"embeddable":true,"href":"https:\/\/nordnesrepublikken.no\/index.php\/wp-json\/wp\/v2\/media\/12068"}],"wp:attachment":[{"href":"https:\/\/nordnesrepublikken.no\/index.php\/wp-json\/wp\/v2\/media?parent=12067"}],"wp:term":[{"taxonomy":"category","embeddable":true,"href":"https:\/\/nordnesrepublikken.no\/index.php\/wp-json\/wp\/v2\/categories?post=12067"},{"taxonomy":"post_tag","embeddable":true,"href":"https:\/\/nordnesrepublikken.no\/index.php\/wp-json\/wp\/v2\/tags?post=12067"}],"curies":[{"name":"wp","href":"https:\/\/api.w.org\/{rel}","templated":true}]}}