{"id":12055,"date":"2025-11-24T08:50:23","date_gmt":"2025-11-24T07:50:23","guid":{"rendered":"https:\/\/nordnesrepublikken.no\/index.php\/2025\/11\/24\/utryddelsen-av-neandertalerne-kan-avhenge-av-en-utveksling-av-gener-med-homo-sapiens\/"},"modified":"2025-11-24T08:50:25","modified_gmt":"2025-11-24T07:50:25","slug":"utryddelsen-av-neandertalerne-kan-avhenge-av-en-utveksling-av-gener-med-homo-sapiens","status":"publish","type":"post","link":"https:\/\/nordnesrepublikken.no\/index.php\/2025\/11\/24\/utryddelsen-av-neandertalerne-kan-avhenge-av-en-utveksling-av-gener-med-homo-sapiens\/","title":{"rendered":"Utryddelsen av neandertalerne kan avhenge av en &laquo;utveksling av gener&raquo; med Homo sapiens"},"content":{"rendered":"<div>\n<div class=\"cp_wrapper cp_wrapper--fw mb-30 mb-20@tablet\">\n<figure class=\"mm\"><picture class=\"img\" style=\"padding-top:56.25%\"><source  media=\"(min-width: 1024px)\"><source  media=\"(min-width: 768px)\"><\/source><\/source><\/picture><\/figure>\n<\/p><\/div>\n<p>Hva avgjorde det? <strong>utryddelsen av neandertalermennesket<\/strong> er fortsatt en av de mest fascinerende g\u00e5tene til <strong>historien om menneskelig evolusjon<\/strong>. En fersk studie, publisert i form av <strong>forh\u00e5ndstrykk<\/strong> fra universitetet i Z\u00fcrich og enn\u00e5 ikke fagfellevurdert, alts\u00e5 enn\u00e5 <strong>under vurdering<\/strong> av det vitenskapelige samfunnet, har identifisert den mulige skyldige i en <strong>&laquo;genutveksling&raquo;<\/strong> ikke veldig gunstig med<em>Homo sapiens<\/em>moderne mann, oppstod n\u00e5r <strong>de to artene av homo kom i kontakt<\/strong> for omtrent 45 000-50 000 \u00e5r siden. I f\u00f8lge forskere er introduksjonen av en <strong>variant av Piezo1-genet<\/strong> (som regulerer metabolismen av r\u00f8de blodceller) typisk for sapiens, kunne ha for\u00e5rsaket problemer <strong>infertilitet og prenatal overlevelse i neandertalere<\/strong>akselererer nedgangen til grupper som allerede er svekket av hungersn\u00f8d og kriger med de fremvoksende <em>Homo sapiens<\/em> og ledende <strong>ved deres forsvinning <\/strong>i l\u00f8pet av <strong>noen tusen \u00e5r.<\/strong><\/p>\n<h2><strong>Under evolusjonen differensiert Piezo1 i to varianter<\/strong><\/h2>\n<p>Sveitsiske forskere har plassert genet i dokken <strong>Piezo1<\/strong>et gen som er avgj\u00f8rende for riktig funksjon av <strong>r\u00f8de blodlegemer<\/strong>som regulerer deres <strong>affinitet for oksygen.<\/strong><\/p>\n<p>I l\u00f8pet av evolusjonen, dette <strong>genet<\/strong> ville ha differensiert til <strong>to varianter<\/strong>: en &laquo;<strong>neandertaler<\/strong>&raquo; (ring <strong>V1<\/strong>) og en typisk for<em><strong>Homo sapiens<\/strong><\/em>  (ringe <strong>V2<\/strong>), forskjellige fra hverandre for en enkelt aminosyre innenfor en <strong>protein<\/strong> p\u00e5 omtrent 2500 rester. En veldig liten forskjell, men nok til \u00e5 vesentlig endre egenskapene til Piezo1. I sin form &laquo;<strong>neandertaler<\/strong>&raquo; (<strong>V1<\/strong>), faktisk viser proteinet en st\u00f8rre affinitet for oksygen, en <strong>evolusjon\u00e6r fordel<\/strong> som kan ha hjulpet neandertalere med \u00e5 overleve lange perioder av <strong>Freddo<\/strong> Og <strong>hungersn\u00f8d<\/strong> av Pleistocene Eurasia, som regulerer <strong>metabolisme og termoregulering<\/strong> ligner p\u00e5 pattedyr som g\u00e5r i dvale. Denne tilpasningen viste seg ikke lenger n\u00f8dvendig for det moderne mennesket, vant til mildere klima, som dermed utviklet en <strong>variant av Piezo1 (V2)<\/strong> ansvarlig for dannelsen av forskjellige r\u00f8de blodlegemer, med <strong>lavere affinitet for oksygen<\/strong>.<\/p>\n<h2>En &laquo;reproduktiv barriere&raquo; bak utryddelse: effekten av Piezo1-varianten<\/h2>\n<p>Vi vet at n\u00e5r moderne mennesker og neandertalere m\u00f8ttes, gikk de to populasjonene sammen og &laquo;blandet&raquo; genene deres. For neandertalere kan imidlertid m\u00f8tet ha v\u00e6rt ekte <strong>tidsinnstilt bombe<\/strong>hvis negative effekter manifesterte seg sakte, litt som en <strong>liten vannlekkasje<\/strong> som, dr\u00e5pe for dr\u00e5pe, over tid for\u00e5rsaker alvorlige strukturelle skader. Men hvordan er dette mulig?<\/p>\n<p>Da tidlige neandertalere (med V1-genet) og moderne mennesker (med V2-genet) krysset hverandre, ga begge en kopi av genet sitt til avkommet. <strong>variant av Piezo1<\/strong>genererer en f\u00f8rste generasjon med <strong>begge genkopiene<\/strong>kalt heterozygot (V1V2). N\u00e5r de kom tilbake til sine opprinnelige populasjoner, tok disse hybridindividene med seg <strong>moderne variant<\/strong>som sakte begynte \u00e5 spre seg blant sm\u00e5 grupper av neandertalere.<\/p>\n<p>Det er mulig at nettopp denne hendelsen markerte begynnelsen p\u00e5 <strong>nedgangen til neandertalerne<\/strong>som fallet av det f\u00f8rste stykket av en lang domino som, den ene generasjonen etter den andre, sakte f\u00f8rte til deres definitive forfall. I l\u00f8pet av <strong>svangerskap<\/strong>faktisk en <strong>mor som b\u00e6rer en kopi av V1-genet<\/strong>med h\u00f8y affinitet for oksygen, som bar et foster med to kopier av det n\u00e5 utbredte &laquo;moderne&raquo; V2-genet, med lav affinitet, var ikke i stand til \u00e5 <strong>effektivt overf\u00f8re oksygen<\/strong> til deres unge, holdt som en magnet i mors blodoml\u00f8p, \u00f8kende <strong>tilfeller av prenatal d\u00f8delighet<\/strong> og infertilitet.<\/p>\n<p>I moderne menneskelige populasjoner, mye <strong>flere<\/strong> og preget av en <strong>st\u00f8rre genetisk blanding<\/strong>denne mekanismen hadde ikke store effekter, <strong>fortynnes sakte over tid<\/strong> til den forsvinner p\u00e5 grunn av naturlig utvalg. For neandertalere, men n\u00e5 redusert til <strong>sm\u00e5 og isolerte grupper<\/strong>ble spredningen rask og utbredt generasjon etter generasjon, og kompromitterte deres over tid <strong>reproduksjonsevne <\/strong>og bidra, om noen tusen \u00e5r, til <strong>deres utryddelse.<\/strong><\/p>\n<h2><strong>For det er en viktig oppdagelse<\/strong><\/h2>\n<p>Selv om det kan virke vanskelig \u00e5 forestille seg, var vi lenge ikke det<strong>den eneste menneskearten som befolker jorden<\/strong>. P\u00e5 samme m\u00e5te som i dag forskjellige arter av kattedyr eksisterer side om side, som l\u00f8ven og tigeren, var planeten v\u00e5r tidligere hjemsted for flere menneskearter, inkludert <strong>Neandertalermann og<em>Homo sapiens<\/em><\/strong>som delte de enorme territoriene i Eurasia i \u00e5rtusener.<\/p>\n<div class=\"cp_wrapper cp_wrapper--fw mb-50\">\n<figure class=\"mm\"><picture class=\"img\" style=\"padding-top:62.88%\"><source  media=\"(min-width: 1024px)\"><source  media=\"(min-width: 768px)\"><img decoding=\"async\" loading=\"lazy\" src=\"https:\/\/nordnesrepublikken.no\/wp-content\/uploads\/2025\/11\/1763970623_258_Utryddelsen-av-neandertalerne-kan-avhenge-av-en-utveksling-av-gener.jpg\" alt=\"Bilde\" width=\"1250\" height=\"786\"\/><\/source><\/source><\/picture><\/figure>\n<\/p><\/div>\n<p>Grunnene til hvorfor <em>Homo sapiens<\/em> hvorvidt han ble den eneste menneskearten som levde p\u00e5 jorden, er fortsatt gjenstand for debatt og er <strong>vanskelig \u00e5 rekonstruere<\/strong> kun basert p\u00e5 fossilregistrene. I lang tid tilskrev de mest aksepterte teoriene at neandertalerne forsvant til klimaendringer, hungersn\u00f8d og fremfor alt til voldelige konflikter med sapiens.<\/p>\n<p>Selv om den enn\u00e5 ikke har g\u00e5tt gjennom gjennomgangsprosessen, tilbyr denne studien et interessant annerledes perspektiv, og fremhever ikke bare interne sammenst\u00f8t og kriger, men fremfor alt<strong> utveksling av genetisk materiale<\/strong> skjedde etter avl med moderne mennesker. Et skjebnesvangert m\u00f8te som ikke hadde umiddelbare effekter, men som bidro til <strong>sakte eroderer neandertalerbefolkningen<\/strong> til dens fullstendig utryddelse, etter omtrent 200 000 \u00e5r p\u00e5 planeten v\u00e5r. Oppdagelsen av disse mekanismene kunne ikke bare bidra til \u00e5 omskrive en <strong>grunnleggende side av menneskelig evolusjon,<\/strong> kaster nytt lys p\u00e5 <strong>spesifikasjonsmekanismer<\/strong> fortsatt lite studert, men har ogs\u00e5 viktige implikasjoner for <strong>moderne medisin<\/strong>siden noen former for <strong>fortsatt uforklarlig infertilitet<\/strong> kan skyldes prosesser som ligner p\u00e5 de som er identifisert i Piezo1-genet<\/p>\n<p>Denne teorien kan ogs\u00e5 avklare hvorfor i dag <strong>i genomet v\u00e5rt<\/strong> sv\u00e6rt lite DNA av neandertaler-opprinnelse er tilstede, med unntak av omtrent en liten prosentandel <strong>1\u20132 %<\/strong>som representerer det eneste minnet fra det siste m\u00f8tet med en <strong>menneskeart som er annerledes enn v\u00e5r.<\/strong><\/p>\n<\/p><\/div>\n","protected":false},"excerpt":{"rendered":"<p>Hva avgjorde det? utryddelsen av neandertalermennesket er fortsatt en av de mest fascinerende g\u00e5tene til<\/p>\n","protected":false},"author":1,"featured_media":12056,"comment_status":"closed","ping_status":"open","sticky":false,"template":"","format":"standard","meta":{"footnotes":""},"categories":[24],"tags":[6862,7920,7921,339,79,7919,7922,7918,3706],"class_list":["post-12055","post","type-post","status-publish","format-standard","has-post-thumbnail","hentry","category-vitenskap","tag-avhenge","tag-gener","tag-homo","tag-kan","tag-med","tag-neandertalerne","tag-sapiens","tag-utryddelsen","tag-utveksling","generate-columns","tablet-grid-50","mobile-grid-100","grid-parent","grid-33","resize-featured-image"],"yoast_head":"<!-- This site is optimized with the Yoast SEO plugin v24.4 - https:\/\/yoast.com\/wordpress\/plugins\/seo\/ -->\n<title>Utryddelsen av neandertalerne kan avhenge av en &quot;utveksling av gener&quot; med Homo sapiens - Nordnesrepublikken<\/title>\n<meta name=\"robots\" content=\"index, follow, max-snippet:-1, max-image-preview:large, max-video-preview:-1\" \/>\n<link rel=\"canonical\" href=\"https:\/\/nordnesrepublikken.no\/index.php\/2025\/11\/24\/utryddelsen-av-neandertalerne-kan-avhenge-av-en-utveksling-av-gener-med-homo-sapiens\/\" \/>\n<meta property=\"og:locale\" content=\"nb_NO\" \/>\n<meta property=\"og:type\" content=\"article\" \/>\n<meta property=\"og:title\" content=\"Utryddelsen av neandertalerne kan avhenge av en &quot;utveksling av gener&quot; med Homo sapiens - Nordnesrepublikken\" \/>\n<meta property=\"og:description\" content=\"Hva avgjorde det? utryddelsen av neandertalermennesket er fortsatt en av de mest fascinerende g\u00e5tene til\" \/>\n<meta property=\"og:url\" content=\"https:\/\/nordnesrepublikken.no\/index.php\/2025\/11\/24\/utryddelsen-av-neandertalerne-kan-avhenge-av-en-utveksling-av-gener-med-homo-sapiens\/\" \/>\n<meta property=\"og:site_name\" content=\"Nordnesrepublikken\" \/>\n<meta property=\"article:published_time\" content=\"2025-11-24T07:50:23+00:00\" \/>\n<meta property=\"article:modified_time\" content=\"2025-11-24T07:50:25+00:00\" \/>\n<meta property=\"og:image\" content=\"https:\/\/nordnesrepublikken.no\/wp-content\/uploads\/2025\/11\/1763970624_Utryddelsen-av-neandertalerne-kan-avhenge-av-en-utveksling-av-gener.jpg\" \/>\n\t<meta property=\"og:image:width\" content=\"1365\" \/>\n\t<meta property=\"og:image:height\" content=\"768\" \/>\n\t<meta property=\"og:image:type\" content=\"image\/jpeg\" \/>\n<meta name=\"author\" content=\"Ole Andersen\" \/>\n<meta name=\"twitter:card\" content=\"summary_large_image\" \/>\n<meta name=\"twitter:label1\" content=\"Skrevet av\" \/>\n\t<meta name=\"twitter:data1\" content=\"Ole Andersen\" \/>\n\t<meta name=\"twitter:label2\" content=\"Ansl. lesetid\" \/>\n\t<meta name=\"twitter:data2\" content=\"4 minutter\" \/>\n<script type=\"application\/ld+json\" class=\"yoast-schema-graph\">{\"@context\":\"https:\/\/schema.org\",\"@graph\":[{\"@type\":\"Article\",\"@id\":\"https:\/\/nordnesrepublikken.no\/index.php\/2025\/11\/24\/utryddelsen-av-neandertalerne-kan-avhenge-av-en-utveksling-av-gener-med-homo-sapiens\/#article\",\"isPartOf\":{\"@id\":\"https:\/\/nordnesrepublikken.no\/index.php\/2025\/11\/24\/utryddelsen-av-neandertalerne-kan-avhenge-av-en-utveksling-av-gener-med-homo-sapiens\/\"},\"author\":{\"name\":\"Ole Andersen\",\"@id\":\"https:\/\/nordnesrepublikken.no\/#\/schema\/person\/2e7e81935bab77882fffb79296240ff1\"},\"headline\":\"Utryddelsen av neandertalerne kan avhenge av en &laquo;utveksling av gener&raquo; med Homo sapiens\",\"datePublished\":\"2025-11-24T07:50:23+00:00\",\"dateModified\":\"2025-11-24T07:50:25+00:00\",\"mainEntityOfPage\":{\"@id\":\"https:\/\/nordnesrepublikken.no\/index.php\/2025\/11\/24\/utryddelsen-av-neandertalerne-kan-avhenge-av-en-utveksling-av-gener-med-homo-sapiens\/\"},\"wordCount\":895,\"publisher\":{\"@id\":\"https:\/\/nordnesrepublikken.no\/#organization\"},\"image\":{\"@id\":\"https:\/\/nordnesrepublikken.no\/index.php\/2025\/11\/24\/utryddelsen-av-neandertalerne-kan-avhenge-av-en-utveksling-av-gener-med-homo-sapiens\/#primaryimage\"},\"thumbnailUrl\":\"https:\/\/nordnesrepublikken.no\/wp-content\/uploads\/2025\/11\/1763970624_Utryddelsen-av-neandertalerne-kan-avhenge-av-en-utveksling-av-gener.jpg\",\"keywords\":[\"avhenge\",\"gener\",\"Homo\",\"kan\",\"med\",\"neandertalerne\",\"sapiens\",\"Utryddelsen\",\"utveksling\"],\"articleSection\":[\"Vitenskap\"],\"inLanguage\":\"nb-NO\"},{\"@type\":\"WebPage\",\"@id\":\"https:\/\/nordnesrepublikken.no\/index.php\/2025\/11\/24\/utryddelsen-av-neandertalerne-kan-avhenge-av-en-utveksling-av-gener-med-homo-sapiens\/\",\"url\":\"https:\/\/nordnesrepublikken.no\/index.php\/2025\/11\/24\/utryddelsen-av-neandertalerne-kan-avhenge-av-en-utveksling-av-gener-med-homo-sapiens\/\",\"name\":\"Utryddelsen av neandertalerne kan avhenge av en \\\"utveksling av gener\\\" med Homo sapiens - Nordnesrepublikken\",\"isPartOf\":{\"@id\":\"https:\/\/nordnesrepublikken.no\/#website\"},\"primaryImageOfPage\":{\"@id\":\"https:\/\/nordnesrepublikken.no\/index.php\/2025\/11\/24\/utryddelsen-av-neandertalerne-kan-avhenge-av-en-utveksling-av-gener-med-homo-sapiens\/#primaryimage\"},\"image\":{\"@id\":\"https:\/\/nordnesrepublikken.no\/index.php\/2025\/11\/24\/utryddelsen-av-neandertalerne-kan-avhenge-av-en-utveksling-av-gener-med-homo-sapiens\/#primaryimage\"},\"thumbnailUrl\":\"https:\/\/nordnesrepublikken.no\/wp-content\/uploads\/2025\/11\/1763970624_Utryddelsen-av-neandertalerne-kan-avhenge-av-en-utveksling-av-gener.jpg\",\"datePublished\":\"2025-11-24T07:50:23+00:00\",\"dateModified\":\"2025-11-24T07:50:25+00:00\",\"breadcrumb\":{\"@id\":\"https:\/\/nordnesrepublikken.no\/index.php\/2025\/11\/24\/utryddelsen-av-neandertalerne-kan-avhenge-av-en-utveksling-av-gener-med-homo-sapiens\/#breadcrumb\"},\"inLanguage\":\"nb-NO\",\"potentialAction\":[{\"@type\":\"ReadAction\",\"target\":[\"https:\/\/nordnesrepublikken.no\/index.php\/2025\/11\/24\/utryddelsen-av-neandertalerne-kan-avhenge-av-en-utveksling-av-gener-med-homo-sapiens\/\"]}]},{\"@type\":\"ImageObject\",\"inLanguage\":\"nb-NO\",\"@id\":\"https:\/\/nordnesrepublikken.no\/index.php\/2025\/11\/24\/utryddelsen-av-neandertalerne-kan-avhenge-av-en-utveksling-av-gener-med-homo-sapiens\/#primaryimage\",\"url\":\"https:\/\/nordnesrepublikken.no\/wp-content\/uploads\/2025\/11\/1763970624_Utryddelsen-av-neandertalerne-kan-avhenge-av-en-utveksling-av-gener.jpg\",\"contentUrl\":\"https:\/\/nordnesrepublikken.no\/wp-content\/uploads\/2025\/11\/1763970624_Utryddelsen-av-neandertalerne-kan-avhenge-av-en-utveksling-av-gener.jpg\",\"width\":1365,\"height\":768,\"caption\":\"Utryddelsen av neandertalerne kan avhenge av en \\\"utveksling av gener\\\" med Homo sapiens\"},{\"@type\":\"BreadcrumbList\",\"@id\":\"https:\/\/nordnesrepublikken.no\/index.php\/2025\/11\/24\/utryddelsen-av-neandertalerne-kan-avhenge-av-en-utveksling-av-gener-med-homo-sapiens\/#breadcrumb\",\"itemListElement\":[{\"@type\":\"ListItem\",\"position\":1,\"name\":\"Home\",\"item\":\"https:\/\/nordnesrepublikken.no\/\"},{\"@type\":\"ListItem\",\"position\":2,\"name\":\"Utryddelsen av neandertalerne kan avhenge av en &laquo;utveksling av gener&raquo; med Homo sapiens\"}]},{\"@type\":\"WebSite\",\"@id\":\"https:\/\/nordnesrepublikken.no\/#website\",\"url\":\"https:\/\/nordnesrepublikken.no\/\",\"name\":\"Nordnesrepublikken\",\"description\":\"Stemmer og Visjoner fra Republikkens Hjerte\",\"publisher\":{\"@id\":\"https:\/\/nordnesrepublikken.no\/#organization\"},\"potentialAction\":[{\"@type\":\"SearchAction\",\"target\":{\"@type\":\"EntryPoint\",\"urlTemplate\":\"https:\/\/nordnesrepublikken.no\/?s={search_term_string}\"},\"query-input\":{\"@type\":\"PropertyValueSpecification\",\"valueRequired\":true,\"valueName\":\"search_term_string\"}}],\"inLanguage\":\"nb-NO\"},{\"@type\":\"Organization\",\"@id\":\"https:\/\/nordnesrepublikken.no\/#organization\",\"name\":\"Nordnesrepublikken\",\"url\":\"https:\/\/nordnesrepublikken.no\/\",\"logo\":{\"@type\":\"ImageObject\",\"inLanguage\":\"nb-NO\",\"@id\":\"https:\/\/nordnesrepublikken.no\/#\/schema\/logo\/image\/\",\"url\":\"https:\/\/nordnesrepublikken.no\/wp-content\/uploads\/2025\/02\/cropped-nordnesrepublikken-2.png\",\"contentUrl\":\"https:\/\/nordnesrepublikken.no\/wp-content\/uploads\/2025\/02\/cropped-nordnesrepublikken-2.png\",\"width\":1248,\"height\":362,\"caption\":\"Nordnesrepublikken\"},\"image\":{\"@id\":\"https:\/\/nordnesrepublikken.no\/#\/schema\/logo\/image\/\"}},{\"@type\":\"Person\",\"@id\":\"https:\/\/nordnesrepublikken.no\/#\/schema\/person\/2e7e81935bab77882fffb79296240ff1\",\"name\":\"Ole Andersen\",\"image\":{\"@type\":\"ImageObject\",\"inLanguage\":\"nb-NO\",\"@id\":\"https:\/\/nordnesrepublikken.no\/#\/schema\/person\/image\/\",\"url\":\"https:\/\/nordnesrepublikken.no\/wp-content\/uploads\/2025\/02\/nordnesrepublikken-2-2-150x150.jpg\",\"contentUrl\":\"https:\/\/nordnesrepublikken.no\/wp-content\/uploads\/2025\/02\/nordnesrepublikken-2-2-150x150.jpg\",\"caption\":\"Ole Andersen\"},\"description\":\"Ettersom jeg vokste opp i Oslo, har jeg alltid v\u00e6rt fascinert av ordenes kraft og deres evne til \u00e5 skape endringer. Etter \u00e5 ha fullf\u00f8rt min utdannelse i kommunikasjon ved Universitetet i Bergen, fikk jeg muligheten til \u00e5 jobbe innen ulike medier, der jeg har s\u00f8kt \u00e5 belyse viktige samfunnssp\u00f8rsm\u00e5l. I dag, som redakt\u00f8r for Nordnesrepublikken, pr\u00f8ver jeg \u00e5 forene min kj\u00e6rlighet for journalistikk med min lidenskap for innovasjon og eventyr.\",\"sameAs\":[\"https:\/\/nordnesrepublikken.no\/\"]}]}<\/script>\n<!-- \/ Yoast SEO plugin. -->","yoast_head_json":{"title":"Utryddelsen av neandertalerne kan avhenge av en \"utveksling av gener\" med Homo sapiens - Nordnesrepublikken","robots":{"index":"index","follow":"follow","max-snippet":"max-snippet:-1","max-image-preview":"max-image-preview:large","max-video-preview":"max-video-preview:-1"},"canonical":"https:\/\/nordnesrepublikken.no\/index.php\/2025\/11\/24\/utryddelsen-av-neandertalerne-kan-avhenge-av-en-utveksling-av-gener-med-homo-sapiens\/","og_locale":"nb_NO","og_type":"article","og_title":"Utryddelsen av neandertalerne kan avhenge av en \"utveksling av gener\" med Homo sapiens - Nordnesrepublikken","og_description":"Hva avgjorde det? utryddelsen av neandertalermennesket er fortsatt en av de mest fascinerende g\u00e5tene til","og_url":"https:\/\/nordnesrepublikken.no\/index.php\/2025\/11\/24\/utryddelsen-av-neandertalerne-kan-avhenge-av-en-utveksling-av-gener-med-homo-sapiens\/","og_site_name":"Nordnesrepublikken","article_published_time":"2025-11-24T07:50:23+00:00","article_modified_time":"2025-11-24T07:50:25+00:00","og_image":[{"width":1365,"height":768,"url":"https:\/\/nordnesrepublikken.no\/wp-content\/uploads\/2025\/11\/1763970624_Utryddelsen-av-neandertalerne-kan-avhenge-av-en-utveksling-av-gener.jpg","type":"image\/jpeg"}],"author":"Ole Andersen","twitter_card":"summary_large_image","twitter_misc":{"Skrevet av":"Ole Andersen","Ansl. lesetid":"4 minutter"},"schema":{"@context":"https:\/\/schema.org","@graph":[{"@type":"Article","@id":"https:\/\/nordnesrepublikken.no\/index.php\/2025\/11\/24\/utryddelsen-av-neandertalerne-kan-avhenge-av-en-utveksling-av-gener-med-homo-sapiens\/#article","isPartOf":{"@id":"https:\/\/nordnesrepublikken.no\/index.php\/2025\/11\/24\/utryddelsen-av-neandertalerne-kan-avhenge-av-en-utveksling-av-gener-med-homo-sapiens\/"},"author":{"name":"Ole Andersen","@id":"https:\/\/nordnesrepublikken.no\/#\/schema\/person\/2e7e81935bab77882fffb79296240ff1"},"headline":"Utryddelsen av neandertalerne kan avhenge av en &laquo;utveksling av gener&raquo; med Homo sapiens","datePublished":"2025-11-24T07:50:23+00:00","dateModified":"2025-11-24T07:50:25+00:00","mainEntityOfPage":{"@id":"https:\/\/nordnesrepublikken.no\/index.php\/2025\/11\/24\/utryddelsen-av-neandertalerne-kan-avhenge-av-en-utveksling-av-gener-med-homo-sapiens\/"},"wordCount":895,"publisher":{"@id":"https:\/\/nordnesrepublikken.no\/#organization"},"image":{"@id":"https:\/\/nordnesrepublikken.no\/index.php\/2025\/11\/24\/utryddelsen-av-neandertalerne-kan-avhenge-av-en-utveksling-av-gener-med-homo-sapiens\/#primaryimage"},"thumbnailUrl":"https:\/\/nordnesrepublikken.no\/wp-content\/uploads\/2025\/11\/1763970624_Utryddelsen-av-neandertalerne-kan-avhenge-av-en-utveksling-av-gener.jpg","keywords":["avhenge","gener","Homo","kan","med","neandertalerne","sapiens","Utryddelsen","utveksling"],"articleSection":["Vitenskap"],"inLanguage":"nb-NO"},{"@type":"WebPage","@id":"https:\/\/nordnesrepublikken.no\/index.php\/2025\/11\/24\/utryddelsen-av-neandertalerne-kan-avhenge-av-en-utveksling-av-gener-med-homo-sapiens\/","url":"https:\/\/nordnesrepublikken.no\/index.php\/2025\/11\/24\/utryddelsen-av-neandertalerne-kan-avhenge-av-en-utveksling-av-gener-med-homo-sapiens\/","name":"Utryddelsen av neandertalerne kan avhenge av en \"utveksling av gener\" med Homo sapiens - Nordnesrepublikken","isPartOf":{"@id":"https:\/\/nordnesrepublikken.no\/#website"},"primaryImageOfPage":{"@id":"https:\/\/nordnesrepublikken.no\/index.php\/2025\/11\/24\/utryddelsen-av-neandertalerne-kan-avhenge-av-en-utveksling-av-gener-med-homo-sapiens\/#primaryimage"},"image":{"@id":"https:\/\/nordnesrepublikken.no\/index.php\/2025\/11\/24\/utryddelsen-av-neandertalerne-kan-avhenge-av-en-utveksling-av-gener-med-homo-sapiens\/#primaryimage"},"thumbnailUrl":"https:\/\/nordnesrepublikken.no\/wp-content\/uploads\/2025\/11\/1763970624_Utryddelsen-av-neandertalerne-kan-avhenge-av-en-utveksling-av-gener.jpg","datePublished":"2025-11-24T07:50:23+00:00","dateModified":"2025-11-24T07:50:25+00:00","breadcrumb":{"@id":"https:\/\/nordnesrepublikken.no\/index.php\/2025\/11\/24\/utryddelsen-av-neandertalerne-kan-avhenge-av-en-utveksling-av-gener-med-homo-sapiens\/#breadcrumb"},"inLanguage":"nb-NO","potentialAction":[{"@type":"ReadAction","target":["https:\/\/nordnesrepublikken.no\/index.php\/2025\/11\/24\/utryddelsen-av-neandertalerne-kan-avhenge-av-en-utveksling-av-gener-med-homo-sapiens\/"]}]},{"@type":"ImageObject","inLanguage":"nb-NO","@id":"https:\/\/nordnesrepublikken.no\/index.php\/2025\/11\/24\/utryddelsen-av-neandertalerne-kan-avhenge-av-en-utveksling-av-gener-med-homo-sapiens\/#primaryimage","url":"https:\/\/nordnesrepublikken.no\/wp-content\/uploads\/2025\/11\/1763970624_Utryddelsen-av-neandertalerne-kan-avhenge-av-en-utveksling-av-gener.jpg","contentUrl":"https:\/\/nordnesrepublikken.no\/wp-content\/uploads\/2025\/11\/1763970624_Utryddelsen-av-neandertalerne-kan-avhenge-av-en-utveksling-av-gener.jpg","width":1365,"height":768,"caption":"Utryddelsen av neandertalerne kan avhenge av en \"utveksling av gener\" med Homo sapiens"},{"@type":"BreadcrumbList","@id":"https:\/\/nordnesrepublikken.no\/index.php\/2025\/11\/24\/utryddelsen-av-neandertalerne-kan-avhenge-av-en-utveksling-av-gener-med-homo-sapiens\/#breadcrumb","itemListElement":[{"@type":"ListItem","position":1,"name":"Home","item":"https:\/\/nordnesrepublikken.no\/"},{"@type":"ListItem","position":2,"name":"Utryddelsen av neandertalerne kan avhenge av en &laquo;utveksling av gener&raquo; med Homo sapiens"}]},{"@type":"WebSite","@id":"https:\/\/nordnesrepublikken.no\/#website","url":"https:\/\/nordnesrepublikken.no\/","name":"Nordnesrepublikken","description":"Stemmer og Visjoner fra Republikkens Hjerte","publisher":{"@id":"https:\/\/nordnesrepublikken.no\/#organization"},"potentialAction":[{"@type":"SearchAction","target":{"@type":"EntryPoint","urlTemplate":"https:\/\/nordnesrepublikken.no\/?s={search_term_string}"},"query-input":{"@type":"PropertyValueSpecification","valueRequired":true,"valueName":"search_term_string"}}],"inLanguage":"nb-NO"},{"@type":"Organization","@id":"https:\/\/nordnesrepublikken.no\/#organization","name":"Nordnesrepublikken","url":"https:\/\/nordnesrepublikken.no\/","logo":{"@type":"ImageObject","inLanguage":"nb-NO","@id":"https:\/\/nordnesrepublikken.no\/#\/schema\/logo\/image\/","url":"https:\/\/nordnesrepublikken.no\/wp-content\/uploads\/2025\/02\/cropped-nordnesrepublikken-2.png","contentUrl":"https:\/\/nordnesrepublikken.no\/wp-content\/uploads\/2025\/02\/cropped-nordnesrepublikken-2.png","width":1248,"height":362,"caption":"Nordnesrepublikken"},"image":{"@id":"https:\/\/nordnesrepublikken.no\/#\/schema\/logo\/image\/"}},{"@type":"Person","@id":"https:\/\/nordnesrepublikken.no\/#\/schema\/person\/2e7e81935bab77882fffb79296240ff1","name":"Ole Andersen","image":{"@type":"ImageObject","inLanguage":"nb-NO","@id":"https:\/\/nordnesrepublikken.no\/#\/schema\/person\/image\/","url":"https:\/\/nordnesrepublikken.no\/wp-content\/uploads\/2025\/02\/nordnesrepublikken-2-2-150x150.jpg","contentUrl":"https:\/\/nordnesrepublikken.no\/wp-content\/uploads\/2025\/02\/nordnesrepublikken-2-2-150x150.jpg","caption":"Ole Andersen"},"description":"Ettersom jeg vokste opp i Oslo, har jeg alltid v\u00e6rt fascinert av ordenes kraft og deres evne til \u00e5 skape endringer. Etter \u00e5 ha fullf\u00f8rt min utdannelse i kommunikasjon ved Universitetet i Bergen, fikk jeg muligheten til \u00e5 jobbe innen ulike medier, der jeg har s\u00f8kt \u00e5 belyse viktige samfunnssp\u00f8rsm\u00e5l. I dag, som redakt\u00f8r for Nordnesrepublikken, pr\u00f8ver jeg \u00e5 forene min kj\u00e6rlighet for journalistikk med min lidenskap for innovasjon og eventyr.","sameAs":["https:\/\/nordnesrepublikken.no\/"]}]}},"_links":{"self":[{"href":"https:\/\/nordnesrepublikken.no\/index.php\/wp-json\/wp\/v2\/posts\/12055","targetHints":{"allow":["GET"]}}],"collection":[{"href":"https:\/\/nordnesrepublikken.no\/index.php\/wp-json\/wp\/v2\/posts"}],"about":[{"href":"https:\/\/nordnesrepublikken.no\/index.php\/wp-json\/wp\/v2\/types\/post"}],"author":[{"embeddable":true,"href":"https:\/\/nordnesrepublikken.no\/index.php\/wp-json\/wp\/v2\/users\/1"}],"replies":[{"embeddable":true,"href":"https:\/\/nordnesrepublikken.no\/index.php\/wp-json\/wp\/v2\/comments?post=12055"}],"version-history":[{"count":1,"href":"https:\/\/nordnesrepublikken.no\/index.php\/wp-json\/wp\/v2\/posts\/12055\/revisions"}],"predecessor-version":[{"id":12057,"href":"https:\/\/nordnesrepublikken.no\/index.php\/wp-json\/wp\/v2\/posts\/12055\/revisions\/12057"}],"wp:featuredmedia":[{"embeddable":true,"href":"https:\/\/nordnesrepublikken.no\/index.php\/wp-json\/wp\/v2\/media\/12056"}],"wp:attachment":[{"href":"https:\/\/nordnesrepublikken.no\/index.php\/wp-json\/wp\/v2\/media?parent=12055"}],"wp:term":[{"taxonomy":"category","embeddable":true,"href":"https:\/\/nordnesrepublikken.no\/index.php\/wp-json\/wp\/v2\/categories?post=12055"},{"taxonomy":"post_tag","embeddable":true,"href":"https:\/\/nordnesrepublikken.no\/index.php\/wp-json\/wp\/v2\/tags?post=12055"}],"curies":[{"name":"wp","href":"https:\/\/api.w.org\/{rel}","templated":true}]}}