{"id":12043,"date":"2025-11-23T22:51:04","date_gmt":"2025-11-23T21:51:04","guid":{"rendered":"https:\/\/nordnesrepublikken.no\/index.php\/2025\/11\/23\/fordi-vi-horer-navnet-vart-selv-i-en-stoyende-folkemengde\/"},"modified":"2025-11-23T22:51:05","modified_gmt":"2025-11-23T21:51:05","slug":"fordi-vi-horer-navnet-vart-selv-i-en-stoyende-folkemengde","status":"publish","type":"post","link":"https:\/\/nordnesrepublikken.no\/index.php\/2025\/11\/23\/fordi-vi-horer-navnet-vart-selv-i-en-stoyende-folkemengde\/","title":{"rendered":"fordi vi h\u00f8rer navnet v\u00e5rt selv i en st\u00f8yende folkemengde"},"content":{"rendered":"<div>\n<div class=\"cp_wrapper cp_wrapper--fw mb-30 mb-20@tablet\">\n<figure class=\"mm\"><picture class=\"img\" style=\"padding-top:56.25%\"><source  media=\"(min-width: 1024px)\"><source  media=\"(min-width: 768px)\"><\/source><\/source><\/picture><\/figure>\n<\/p><\/div>\n<p>Har du noen gang v\u00e6rt p\u00e5 en fest full av mennesker og, til tross for st\u00f8yen, klart \u00e5 f\u00f8lge samtalen med personen foran deg perfekt, eller h\u00f8rt navnet ditt snakket av noen, selv om du var fordypet i noe annet? Her, dette er det <strong>cocktailpartyeffekten<\/strong> og forklarer hvordan <strong>auditiv oppmerksomhet er selektiv og fleksibel<\/strong>: vi h\u00f8rer ikke p\u00e5 alt, men vi velger hva vi skal h\u00f8re p\u00e5. I en viss forstand er dette ogs\u00e5 det som skjer med deg n\u00e5r du leser disse linjene: sikkert, hvis du legger merke til det n\u00e5, vil du h\u00f8re lyder rundt deg; likevel hadde hjernen din &laquo;gjemt&raquo; dem ved \u00e5 betrakte dem som irrelevante, slik at du bare kunne konsentrere deg om \u00e5 lese. For \u00e5 v\u00e6re mer presis forklarer dette siste eksemplet hvordan v\u00e5rt fungerer generelt <strong>selektiv oppmerksomhet<\/strong>som filtrerer bort alle ikke-signifikante stimuli for \u00e5 prioritere det som betyr noe i et gitt \u00f8yeblikk. DE&#8217;<strong>selektiv lytting <\/strong>(eller cocktailparty), er spesifikk for lydkilder.<\/p>\n<h2>Cocktailpartyeffekten, hva det er og hvorfor det heter det<\/h2>\n<p>Studiet av cocktailpartyeffekten ble f\u00f8dt p\u00e5 1950-tallet takket v\u00e6re <strong>Den britiske psykologen Colin Cherry<\/strong>. For \u00e5 forst\u00e5 hvordan auditiv oppmerksomhet fungerte, utviklet han et eksperiment kjent som <strong>dikotisk lytting<\/strong>eller dikotom lytting.<\/p>\n<p>Deltakerne ble tvunget til \u00e5 bruke hodetelefoner som spilte <strong>to forskjellige lydmeldinger samtidig:<\/strong> en i h\u00f8yre \u00f8re, en annen i venstre. Videre ble de bedt om \u00e5 konsentrere seg om ett av de to budskapene (\u00abforventet kanal\u00bb) og \u00e5 gjenta det h\u00f8yt, ord for ord, og fullstendig ignorere den andre (\u00abuventet kanal\u00bb). Det som kom frem fra eksperimentet var at folk var i stand til \u00e5 huske nesten alt budskapet de var fokusert p\u00e5, mens ingenting (eller nesten ingenting) av det andre budskapet. Da de senere ble spurt om innholdet i det uventede budskapet, viste deltakerne faktisk at de hadde f\u00e5tt med seg sv\u00e6rt f\u00e5 detaljer: De hadde ikke lagt merke til om spr\u00e5ket hadde endret seg, om ordene ble gjengitt baklengs eller om budskapet var tull. Imidlertid observerte Cherry det <strong>fors\u00f8kspersonene oppfattet noen fysiske kjennetegn ved det uventede budskapet<\/strong>for eksempel endring i stemmen (for eksempel fra mann til kvinne) eller innsetting av en ren tone.<\/p>\n<p>Senere studier har ogs\u00e5 fremhevet et unntak fra dette <strong>selektivt filter:<\/strong> folket <strong>de hadde en tendens til \u00e5 legge merke til sitt eget navn<\/strong> hvis det ble sagt i den uventede kanalen. Dette beviser det <strong>hjernen<\/strong> fortsetter \u00e5 overv\u00e5ke selv informasjonen den anser som mindre viktig, <strong>griper inn n\u00e5r den oppdager noe spesielt viktig <\/strong>p\u00e5 et subjektivt niv\u00e5. Den begrenser seg ikke til \u00e5 utelukke u\u00f8nskede stimuli: den holder dem i en slags \u00abpassiv lyttesone\u00bb, klar til \u00e5 bringe dem i forgrunnen hvis de blir aktuelle.<\/p>\n<p>De to prinsippene som ligger til grunn for cocktailpartyeffekten er derfor:<\/p>\n<ul>\n<li><strong>selektiviteten til oppmerksomhet<\/strong>eller sinnets evne til \u00e5 <strong>konsentrere kognitive ressurser p\u00e5 spesifikke stimuli, ignorere andre;<\/strong> denne selektiviteten avhenger av det faktum at hjernen v\u00e5r er programmert til ikke \u00e5 overbelaste seg selv og bare velger det den anser som nyttig eller viktig i et gitt \u00f8yeblikk;<\/li>\n<li><strong>relevansfaktoren<\/strong>: cocktailpartyeffekten manifesterer seg spesielt n\u00e5r stimulansen som fanger oppmerksomheten v\u00e5r er sv\u00e6rt relevant for oss, og tilskriver den den <strong>en kognitiv prioritet<\/strong>. Videre avhenger evnen til \u00e5 bytte oppmerksomhet fra en relevant lyd til en annen (for eksempel n\u00e5r vi h\u00f8rer navnet v\u00e5rt uttalt mens vi er opptatt av noe helt annet), mye av <strong>betydning<\/strong> som representerer enhver lydkilde for oss. Noen faktorer som kan fange v\u00e5r oppmerksomhet inkluderer informasjon om v\u00e5r sikkerhet, muligheten for en bel\u00f8nning, eller til og med emner som gjenspeiler v\u00e5re personlige interesser eller aktuelle bekymringer. For eksempel kan en forelder umiddelbart bli tiltrukket av gr\u00e5ten til babyen hans, selv om den er langt unna og dekket av andre lyder.<\/li>\n<\/ul>\n<p>Cocktailpartyeffekten er derfor den evnen hjernen v\u00e5r har til<strong> fokus p\u00e5 \u00e9n enkelt lydkilde<\/strong> i et st\u00f8yende milj\u00f8, filtrering og <strong>undertrykke auditive input som anses som irrelevante <\/strong>i det \u00f8yeblikket; samtidig, <strong>hjernen<\/strong> fortsetter \u00e5 overv\u00e5ke hva som skjer rundt oss og <strong>kan f\u00e5 v\u00e5r oppmerksomhet<\/strong> hvis den oppfatter betydelige stimuli (som navnet v\u00e5rt, en kjent stemme eller et emne som interesserer oss).<\/p>\n<h2>Hvordan selektiv oppmerksomhet fungerer og hva som skjer i hjernen v\u00e5r<\/h2>\n<p>Moderne nevrovitenskap har vist det <strong>cocktailpartyeffekten er resultatet av et raffinert nettverk av oppmerksomhetsprosesser<\/strong>. Den auditive cortex mottar kontinuerlig auditive input fra alle retninger og av hvilken som helst intensitet, men bare noen er valgt og forsterket av omr\u00e5dene som er ansvarlige for<strong>selektiv oppmerksomhet<\/strong>. Det er som om hjernen bruker et \u00abdynamisk filter\u00bb som hele tiden oppdateres, basert p\u00e5 hva den anser som viktig, interessant eller vesentlig.<\/p>\n<p>Selv n\u00e5r vi er konsentrert i en enkelt samtale, men <strong>de auditive omr\u00e5dene fortsetter \u00e5 overv\u00e5ke milj\u00f8et i bakgrunnen<\/strong>; og det er nettopp slik vi kan fange en plutselig lyd, en kjent stemme eller navnet v\u00e5rt, selv om vi ikke var oppmerksomme. Imidlertid <strong>dette filteret er ikke idiotsikkert<\/strong>; n\u00e5r vi er slitne, stresset eller overbelastet med for mye informasjon, reduseres v\u00e5r evne til \u00e5 bruke selektiv oppmerksomhet og f\u00f8lgelig ogs\u00e5 selektiv lytting: dette er grunnen til at vi noen ganger sliter med \u00e5 konsentrere oss i st\u00f8yende milj\u00f8er eller mens vi &laquo;multitasking&raquo;.<\/p>\n<p>Cocktailpartyeffekten er en grunnleggende del av hvordan vi fungerer: hver dag velger, filtrerer og prioriterer tankene v\u00e5re det som betyr noe. Og \u00e5 tenke p\u00e5 at m\u00e5ten hjernen v\u00e5r er i stand til \u00e5 isolere eller gjenkjenne en stemme blant st\u00f8yen har blitt <strong>en modell for utvikling av talegjenkjenning og kunstig intelligens algoritmer<\/strong>. N\u00e5r vi snakker med en stemmeassistent som Alexa eller Siri i et st\u00f8yende milj\u00f8, st\u00e5r systemet overfor det samme problemet studert av Cherry: <strong>skille brukerens stemme<\/strong> fra alle andre lydkilder og samtidig <strong>undertrykke bakgrunnsst\u00f8y<\/strong>akkurat som n\u00e5r hjernen v\u00e5r lytter til en enkelt person p\u00e5 en fest.<\/p>\n<\/p><\/div>\n","protected":false},"excerpt":{"rendered":"<p>Har du noen gang v\u00e6rt p\u00e5 en fest full av mennesker og, til tross for<\/p>\n","protected":false},"author":1,"featured_media":12044,"comment_status":"closed","ping_status":"open","sticky":false,"template":"","format":"standard","meta":{"footnotes":""},"categories":[104],"tags":[7912,83,4292,2238,587,7911,2613],"class_list":["post-12043","post","type-post","status-publish","format-standard","has-post-thumbnail","hentry","category-samfunn","tag-folkemengde","tag-fordi","tag-horer","tag-navnet","tag-selv","tag-stoyende","tag-vart","generate-columns","tablet-grid-50","mobile-grid-100","grid-parent","grid-33","resize-featured-image"],"yoast_head":"<!-- This site is optimized with the Yoast SEO plugin v24.4 - https:\/\/yoast.com\/wordpress\/plugins\/seo\/ -->\n<title>fordi vi h\u00f8rer navnet v\u00e5rt selv i en st\u00f8yende folkemengde - Nordnesrepublikken<\/title>\n<meta name=\"robots\" content=\"index, follow, max-snippet:-1, max-image-preview:large, max-video-preview:-1\" \/>\n<link rel=\"canonical\" href=\"https:\/\/nordnesrepublikken.no\/index.php\/2025\/11\/23\/fordi-vi-horer-navnet-vart-selv-i-en-stoyende-folkemengde\/\" \/>\n<meta property=\"og:locale\" content=\"nb_NO\" \/>\n<meta property=\"og:type\" content=\"article\" \/>\n<meta property=\"og:title\" content=\"fordi vi h\u00f8rer navnet v\u00e5rt selv i en st\u00f8yende folkemengde - Nordnesrepublikken\" \/>\n<meta property=\"og:description\" content=\"Har du noen gang v\u00e6rt p\u00e5 en fest full av mennesker og, til tross for\" \/>\n<meta property=\"og:url\" content=\"https:\/\/nordnesrepublikken.no\/index.php\/2025\/11\/23\/fordi-vi-horer-navnet-vart-selv-i-en-stoyende-folkemengde\/\" \/>\n<meta property=\"og:site_name\" content=\"Nordnesrepublikken\" \/>\n<meta property=\"article:published_time\" content=\"2025-11-23T21:51:04+00:00\" \/>\n<meta property=\"article:modified_time\" content=\"2025-11-23T21:51:05+00:00\" \/>\n<meta property=\"og:image\" content=\"https:\/\/nordnesrepublikken.no\/wp-content\/uploads\/2025\/11\/1763934664_fordi-vi-horer-navnet-vart-selv-i-en-stoyende-folkemengde.jpg\" \/>\n\t<meta property=\"og:image:width\" content=\"1344\" \/>\n\t<meta property=\"og:image:height\" content=\"768\" \/>\n\t<meta property=\"og:image:type\" content=\"image\/jpeg\" \/>\n<meta name=\"author\" content=\"Ole Andersen\" \/>\n<meta name=\"twitter:card\" content=\"summary_large_image\" \/>\n<meta name=\"twitter:label1\" content=\"Skrevet av\" \/>\n\t<meta name=\"twitter:data1\" content=\"Ole Andersen\" \/>\n\t<meta name=\"twitter:label2\" content=\"Ansl. lesetid\" \/>\n\t<meta name=\"twitter:data2\" content=\"5 minutter\" \/>\n<script type=\"application\/ld+json\" class=\"yoast-schema-graph\">{\"@context\":\"https:\/\/schema.org\",\"@graph\":[{\"@type\":\"Article\",\"@id\":\"https:\/\/nordnesrepublikken.no\/index.php\/2025\/11\/23\/fordi-vi-horer-navnet-vart-selv-i-en-stoyende-folkemengde\/#article\",\"isPartOf\":{\"@id\":\"https:\/\/nordnesrepublikken.no\/index.php\/2025\/11\/23\/fordi-vi-horer-navnet-vart-selv-i-en-stoyende-folkemengde\/\"},\"author\":{\"name\":\"Ole Andersen\",\"@id\":\"https:\/\/nordnesrepublikken.no\/#\/schema\/person\/2e7e81935bab77882fffb79296240ff1\"},\"headline\":\"fordi vi h\u00f8rer navnet v\u00e5rt selv i en st\u00f8yende folkemengde\",\"datePublished\":\"2025-11-23T21:51:04+00:00\",\"dateModified\":\"2025-11-23T21:51:05+00:00\",\"mainEntityOfPage\":{\"@id\":\"https:\/\/nordnesrepublikken.no\/index.php\/2025\/11\/23\/fordi-vi-horer-navnet-vart-selv-i-en-stoyende-folkemengde\/\"},\"wordCount\":995,\"publisher\":{\"@id\":\"https:\/\/nordnesrepublikken.no\/#organization\"},\"image\":{\"@id\":\"https:\/\/nordnesrepublikken.no\/index.php\/2025\/11\/23\/fordi-vi-horer-navnet-vart-selv-i-en-stoyende-folkemengde\/#primaryimage\"},\"thumbnailUrl\":\"https:\/\/nordnesrepublikken.no\/wp-content\/uploads\/2025\/11\/1763934664_fordi-vi-horer-navnet-vart-selv-i-en-stoyende-folkemengde.jpg\",\"keywords\":[\"folkemengde\",\"Fordi\",\"h\u00f8rer\",\"navnet\",\"selv\",\"st\u00f8yende\",\"v\u00e5rt\"],\"articleSection\":[\"Samfunn\"],\"inLanguage\":\"nb-NO\"},{\"@type\":\"WebPage\",\"@id\":\"https:\/\/nordnesrepublikken.no\/index.php\/2025\/11\/23\/fordi-vi-horer-navnet-vart-selv-i-en-stoyende-folkemengde\/\",\"url\":\"https:\/\/nordnesrepublikken.no\/index.php\/2025\/11\/23\/fordi-vi-horer-navnet-vart-selv-i-en-stoyende-folkemengde\/\",\"name\":\"fordi vi h\u00f8rer navnet v\u00e5rt selv i en st\u00f8yende folkemengde - Nordnesrepublikken\",\"isPartOf\":{\"@id\":\"https:\/\/nordnesrepublikken.no\/#website\"},\"primaryImageOfPage\":{\"@id\":\"https:\/\/nordnesrepublikken.no\/index.php\/2025\/11\/23\/fordi-vi-horer-navnet-vart-selv-i-en-stoyende-folkemengde\/#primaryimage\"},\"image\":{\"@id\":\"https:\/\/nordnesrepublikken.no\/index.php\/2025\/11\/23\/fordi-vi-horer-navnet-vart-selv-i-en-stoyende-folkemengde\/#primaryimage\"},\"thumbnailUrl\":\"https:\/\/nordnesrepublikken.no\/wp-content\/uploads\/2025\/11\/1763934664_fordi-vi-horer-navnet-vart-selv-i-en-stoyende-folkemengde.jpg\",\"datePublished\":\"2025-11-23T21:51:04+00:00\",\"dateModified\":\"2025-11-23T21:51:05+00:00\",\"breadcrumb\":{\"@id\":\"https:\/\/nordnesrepublikken.no\/index.php\/2025\/11\/23\/fordi-vi-horer-navnet-vart-selv-i-en-stoyende-folkemengde\/#breadcrumb\"},\"inLanguage\":\"nb-NO\",\"potentialAction\":[{\"@type\":\"ReadAction\",\"target\":[\"https:\/\/nordnesrepublikken.no\/index.php\/2025\/11\/23\/fordi-vi-horer-navnet-vart-selv-i-en-stoyende-folkemengde\/\"]}]},{\"@type\":\"ImageObject\",\"inLanguage\":\"nb-NO\",\"@id\":\"https:\/\/nordnesrepublikken.no\/index.php\/2025\/11\/23\/fordi-vi-horer-navnet-vart-selv-i-en-stoyende-folkemengde\/#primaryimage\",\"url\":\"https:\/\/nordnesrepublikken.no\/wp-content\/uploads\/2025\/11\/1763934664_fordi-vi-horer-navnet-vart-selv-i-en-stoyende-folkemengde.jpg\",\"contentUrl\":\"https:\/\/nordnesrepublikken.no\/wp-content\/uploads\/2025\/11\/1763934664_fordi-vi-horer-navnet-vart-selv-i-en-stoyende-folkemengde.jpg\",\"width\":1344,\"height\":768,\"caption\":\"fordi vi h\u00f8rer navnet v\u00e5rt selv i en st\u00f8yende folkemengde\"},{\"@type\":\"BreadcrumbList\",\"@id\":\"https:\/\/nordnesrepublikken.no\/index.php\/2025\/11\/23\/fordi-vi-horer-navnet-vart-selv-i-en-stoyende-folkemengde\/#breadcrumb\",\"itemListElement\":[{\"@type\":\"ListItem\",\"position\":1,\"name\":\"Home\",\"item\":\"https:\/\/nordnesrepublikken.no\/\"},{\"@type\":\"ListItem\",\"position\":2,\"name\":\"fordi vi h\u00f8rer navnet v\u00e5rt selv i en st\u00f8yende folkemengde\"}]},{\"@type\":\"WebSite\",\"@id\":\"https:\/\/nordnesrepublikken.no\/#website\",\"url\":\"https:\/\/nordnesrepublikken.no\/\",\"name\":\"Nordnesrepublikken\",\"description\":\"Stemmer og Visjoner fra Republikkens Hjerte\",\"publisher\":{\"@id\":\"https:\/\/nordnesrepublikken.no\/#organization\"},\"potentialAction\":[{\"@type\":\"SearchAction\",\"target\":{\"@type\":\"EntryPoint\",\"urlTemplate\":\"https:\/\/nordnesrepublikken.no\/?s={search_term_string}\"},\"query-input\":{\"@type\":\"PropertyValueSpecification\",\"valueRequired\":true,\"valueName\":\"search_term_string\"}}],\"inLanguage\":\"nb-NO\"},{\"@type\":\"Organization\",\"@id\":\"https:\/\/nordnesrepublikken.no\/#organization\",\"name\":\"Nordnesrepublikken\",\"url\":\"https:\/\/nordnesrepublikken.no\/\",\"logo\":{\"@type\":\"ImageObject\",\"inLanguage\":\"nb-NO\",\"@id\":\"https:\/\/nordnesrepublikken.no\/#\/schema\/logo\/image\/\",\"url\":\"https:\/\/nordnesrepublikken.no\/wp-content\/uploads\/2025\/02\/cropped-nordnesrepublikken-2.png\",\"contentUrl\":\"https:\/\/nordnesrepublikken.no\/wp-content\/uploads\/2025\/02\/cropped-nordnesrepublikken-2.png\",\"width\":1248,\"height\":362,\"caption\":\"Nordnesrepublikken\"},\"image\":{\"@id\":\"https:\/\/nordnesrepublikken.no\/#\/schema\/logo\/image\/\"}},{\"@type\":\"Person\",\"@id\":\"https:\/\/nordnesrepublikken.no\/#\/schema\/person\/2e7e81935bab77882fffb79296240ff1\",\"name\":\"Ole Andersen\",\"image\":{\"@type\":\"ImageObject\",\"inLanguage\":\"nb-NO\",\"@id\":\"https:\/\/nordnesrepublikken.no\/#\/schema\/person\/image\/\",\"url\":\"https:\/\/nordnesrepublikken.no\/wp-content\/uploads\/2025\/02\/nordnesrepublikken-2-2-150x150.jpg\",\"contentUrl\":\"https:\/\/nordnesrepublikken.no\/wp-content\/uploads\/2025\/02\/nordnesrepublikken-2-2-150x150.jpg\",\"caption\":\"Ole Andersen\"},\"description\":\"Ettersom jeg vokste opp i Oslo, har jeg alltid v\u00e6rt fascinert av ordenes kraft og deres evne til \u00e5 skape endringer. Etter \u00e5 ha fullf\u00f8rt min utdannelse i kommunikasjon ved Universitetet i Bergen, fikk jeg muligheten til \u00e5 jobbe innen ulike medier, der jeg har s\u00f8kt \u00e5 belyse viktige samfunnssp\u00f8rsm\u00e5l. I dag, som redakt\u00f8r for Nordnesrepublikken, pr\u00f8ver jeg \u00e5 forene min kj\u00e6rlighet for journalistikk med min lidenskap for innovasjon og eventyr.\",\"sameAs\":[\"https:\/\/nordnesrepublikken.no\/\"]}]}<\/script>\n<!-- \/ Yoast SEO plugin. -->","yoast_head_json":{"title":"fordi vi h\u00f8rer navnet v\u00e5rt selv i en st\u00f8yende folkemengde - Nordnesrepublikken","robots":{"index":"index","follow":"follow","max-snippet":"max-snippet:-1","max-image-preview":"max-image-preview:large","max-video-preview":"max-video-preview:-1"},"canonical":"https:\/\/nordnesrepublikken.no\/index.php\/2025\/11\/23\/fordi-vi-horer-navnet-vart-selv-i-en-stoyende-folkemengde\/","og_locale":"nb_NO","og_type":"article","og_title":"fordi vi h\u00f8rer navnet v\u00e5rt selv i en st\u00f8yende folkemengde - Nordnesrepublikken","og_description":"Har du noen gang v\u00e6rt p\u00e5 en fest full av mennesker og, til tross for","og_url":"https:\/\/nordnesrepublikken.no\/index.php\/2025\/11\/23\/fordi-vi-horer-navnet-vart-selv-i-en-stoyende-folkemengde\/","og_site_name":"Nordnesrepublikken","article_published_time":"2025-11-23T21:51:04+00:00","article_modified_time":"2025-11-23T21:51:05+00:00","og_image":[{"width":1344,"height":768,"url":"https:\/\/nordnesrepublikken.no\/wp-content\/uploads\/2025\/11\/1763934664_fordi-vi-horer-navnet-vart-selv-i-en-stoyende-folkemengde.jpg","type":"image\/jpeg"}],"author":"Ole Andersen","twitter_card":"summary_large_image","twitter_misc":{"Skrevet av":"Ole Andersen","Ansl. lesetid":"5 minutter"},"schema":{"@context":"https:\/\/schema.org","@graph":[{"@type":"Article","@id":"https:\/\/nordnesrepublikken.no\/index.php\/2025\/11\/23\/fordi-vi-horer-navnet-vart-selv-i-en-stoyende-folkemengde\/#article","isPartOf":{"@id":"https:\/\/nordnesrepublikken.no\/index.php\/2025\/11\/23\/fordi-vi-horer-navnet-vart-selv-i-en-stoyende-folkemengde\/"},"author":{"name":"Ole Andersen","@id":"https:\/\/nordnesrepublikken.no\/#\/schema\/person\/2e7e81935bab77882fffb79296240ff1"},"headline":"fordi vi h\u00f8rer navnet v\u00e5rt selv i en st\u00f8yende folkemengde","datePublished":"2025-11-23T21:51:04+00:00","dateModified":"2025-11-23T21:51:05+00:00","mainEntityOfPage":{"@id":"https:\/\/nordnesrepublikken.no\/index.php\/2025\/11\/23\/fordi-vi-horer-navnet-vart-selv-i-en-stoyende-folkemengde\/"},"wordCount":995,"publisher":{"@id":"https:\/\/nordnesrepublikken.no\/#organization"},"image":{"@id":"https:\/\/nordnesrepublikken.no\/index.php\/2025\/11\/23\/fordi-vi-horer-navnet-vart-selv-i-en-stoyende-folkemengde\/#primaryimage"},"thumbnailUrl":"https:\/\/nordnesrepublikken.no\/wp-content\/uploads\/2025\/11\/1763934664_fordi-vi-horer-navnet-vart-selv-i-en-stoyende-folkemengde.jpg","keywords":["folkemengde","Fordi","h\u00f8rer","navnet","selv","st\u00f8yende","v\u00e5rt"],"articleSection":["Samfunn"],"inLanguage":"nb-NO"},{"@type":"WebPage","@id":"https:\/\/nordnesrepublikken.no\/index.php\/2025\/11\/23\/fordi-vi-horer-navnet-vart-selv-i-en-stoyende-folkemengde\/","url":"https:\/\/nordnesrepublikken.no\/index.php\/2025\/11\/23\/fordi-vi-horer-navnet-vart-selv-i-en-stoyende-folkemengde\/","name":"fordi vi h\u00f8rer navnet v\u00e5rt selv i en st\u00f8yende folkemengde - Nordnesrepublikken","isPartOf":{"@id":"https:\/\/nordnesrepublikken.no\/#website"},"primaryImageOfPage":{"@id":"https:\/\/nordnesrepublikken.no\/index.php\/2025\/11\/23\/fordi-vi-horer-navnet-vart-selv-i-en-stoyende-folkemengde\/#primaryimage"},"image":{"@id":"https:\/\/nordnesrepublikken.no\/index.php\/2025\/11\/23\/fordi-vi-horer-navnet-vart-selv-i-en-stoyende-folkemengde\/#primaryimage"},"thumbnailUrl":"https:\/\/nordnesrepublikken.no\/wp-content\/uploads\/2025\/11\/1763934664_fordi-vi-horer-navnet-vart-selv-i-en-stoyende-folkemengde.jpg","datePublished":"2025-11-23T21:51:04+00:00","dateModified":"2025-11-23T21:51:05+00:00","breadcrumb":{"@id":"https:\/\/nordnesrepublikken.no\/index.php\/2025\/11\/23\/fordi-vi-horer-navnet-vart-selv-i-en-stoyende-folkemengde\/#breadcrumb"},"inLanguage":"nb-NO","potentialAction":[{"@type":"ReadAction","target":["https:\/\/nordnesrepublikken.no\/index.php\/2025\/11\/23\/fordi-vi-horer-navnet-vart-selv-i-en-stoyende-folkemengde\/"]}]},{"@type":"ImageObject","inLanguage":"nb-NO","@id":"https:\/\/nordnesrepublikken.no\/index.php\/2025\/11\/23\/fordi-vi-horer-navnet-vart-selv-i-en-stoyende-folkemengde\/#primaryimage","url":"https:\/\/nordnesrepublikken.no\/wp-content\/uploads\/2025\/11\/1763934664_fordi-vi-horer-navnet-vart-selv-i-en-stoyende-folkemengde.jpg","contentUrl":"https:\/\/nordnesrepublikken.no\/wp-content\/uploads\/2025\/11\/1763934664_fordi-vi-horer-navnet-vart-selv-i-en-stoyende-folkemengde.jpg","width":1344,"height":768,"caption":"fordi vi h\u00f8rer navnet v\u00e5rt selv i en st\u00f8yende folkemengde"},{"@type":"BreadcrumbList","@id":"https:\/\/nordnesrepublikken.no\/index.php\/2025\/11\/23\/fordi-vi-horer-navnet-vart-selv-i-en-stoyende-folkemengde\/#breadcrumb","itemListElement":[{"@type":"ListItem","position":1,"name":"Home","item":"https:\/\/nordnesrepublikken.no\/"},{"@type":"ListItem","position":2,"name":"fordi vi h\u00f8rer navnet v\u00e5rt selv i en st\u00f8yende folkemengde"}]},{"@type":"WebSite","@id":"https:\/\/nordnesrepublikken.no\/#website","url":"https:\/\/nordnesrepublikken.no\/","name":"Nordnesrepublikken","description":"Stemmer og Visjoner fra Republikkens Hjerte","publisher":{"@id":"https:\/\/nordnesrepublikken.no\/#organization"},"potentialAction":[{"@type":"SearchAction","target":{"@type":"EntryPoint","urlTemplate":"https:\/\/nordnesrepublikken.no\/?s={search_term_string}"},"query-input":{"@type":"PropertyValueSpecification","valueRequired":true,"valueName":"search_term_string"}}],"inLanguage":"nb-NO"},{"@type":"Organization","@id":"https:\/\/nordnesrepublikken.no\/#organization","name":"Nordnesrepublikken","url":"https:\/\/nordnesrepublikken.no\/","logo":{"@type":"ImageObject","inLanguage":"nb-NO","@id":"https:\/\/nordnesrepublikken.no\/#\/schema\/logo\/image\/","url":"https:\/\/nordnesrepublikken.no\/wp-content\/uploads\/2025\/02\/cropped-nordnesrepublikken-2.png","contentUrl":"https:\/\/nordnesrepublikken.no\/wp-content\/uploads\/2025\/02\/cropped-nordnesrepublikken-2.png","width":1248,"height":362,"caption":"Nordnesrepublikken"},"image":{"@id":"https:\/\/nordnesrepublikken.no\/#\/schema\/logo\/image\/"}},{"@type":"Person","@id":"https:\/\/nordnesrepublikken.no\/#\/schema\/person\/2e7e81935bab77882fffb79296240ff1","name":"Ole Andersen","image":{"@type":"ImageObject","inLanguage":"nb-NO","@id":"https:\/\/nordnesrepublikken.no\/#\/schema\/person\/image\/","url":"https:\/\/nordnesrepublikken.no\/wp-content\/uploads\/2025\/02\/nordnesrepublikken-2-2-150x150.jpg","contentUrl":"https:\/\/nordnesrepublikken.no\/wp-content\/uploads\/2025\/02\/nordnesrepublikken-2-2-150x150.jpg","caption":"Ole Andersen"},"description":"Ettersom jeg vokste opp i Oslo, har jeg alltid v\u00e6rt fascinert av ordenes kraft og deres evne til \u00e5 skape endringer. Etter \u00e5 ha fullf\u00f8rt min utdannelse i kommunikasjon ved Universitetet i Bergen, fikk jeg muligheten til \u00e5 jobbe innen ulike medier, der jeg har s\u00f8kt \u00e5 belyse viktige samfunnssp\u00f8rsm\u00e5l. I dag, som redakt\u00f8r for Nordnesrepublikken, pr\u00f8ver jeg \u00e5 forene min kj\u00e6rlighet for journalistikk med min lidenskap for innovasjon og eventyr.","sameAs":["https:\/\/nordnesrepublikken.no\/"]}]}},"_links":{"self":[{"href":"https:\/\/nordnesrepublikken.no\/index.php\/wp-json\/wp\/v2\/posts\/12043","targetHints":{"allow":["GET"]}}],"collection":[{"href":"https:\/\/nordnesrepublikken.no\/index.php\/wp-json\/wp\/v2\/posts"}],"about":[{"href":"https:\/\/nordnesrepublikken.no\/index.php\/wp-json\/wp\/v2\/types\/post"}],"author":[{"embeddable":true,"href":"https:\/\/nordnesrepublikken.no\/index.php\/wp-json\/wp\/v2\/users\/1"}],"replies":[{"embeddable":true,"href":"https:\/\/nordnesrepublikken.no\/index.php\/wp-json\/wp\/v2\/comments?post=12043"}],"version-history":[{"count":1,"href":"https:\/\/nordnesrepublikken.no\/index.php\/wp-json\/wp\/v2\/posts\/12043\/revisions"}],"predecessor-version":[{"id":12045,"href":"https:\/\/nordnesrepublikken.no\/index.php\/wp-json\/wp\/v2\/posts\/12043\/revisions\/12045"}],"wp:featuredmedia":[{"embeddable":true,"href":"https:\/\/nordnesrepublikken.no\/index.php\/wp-json\/wp\/v2\/media\/12044"}],"wp:attachment":[{"href":"https:\/\/nordnesrepublikken.no\/index.php\/wp-json\/wp\/v2\/media?parent=12043"}],"wp:term":[{"taxonomy":"category","embeddable":true,"href":"https:\/\/nordnesrepublikken.no\/index.php\/wp-json\/wp\/v2\/categories?post=12043"},{"taxonomy":"post_tag","embeddable":true,"href":"https:\/\/nordnesrepublikken.no\/index.php\/wp-json\/wp\/v2\/tags?post=12043"}],"curies":[{"name":"wp","href":"https:\/\/api.w.org\/{rel}","templated":true}]}}