{"id":12025,"date":"2025-11-23T08:51:22","date_gmt":"2025-11-23T07:51:22","guid":{"rendered":"https:\/\/nordnesrepublikken.no\/index.php\/2025\/11\/23\/fra-privilegium-til-sosialt-press\/"},"modified":"2025-11-23T08:51:23","modified_gmt":"2025-11-23T07:51:23","slug":"fra-privilegium-til-sosialt-press","status":"publish","type":"post","link":"https:\/\/nordnesrepublikken.no\/index.php\/2025\/11\/23\/fra-privilegium-til-sosialt-press\/","title":{"rendered":"fra privilegium til sosialt press"},"content":{"rendered":"<div>\n<div class=\"cp_wrapper cp_wrapper--fw mb-30 mb-20@tablet\">\n<figure class=\"mm\"><picture class=\"img\" style=\"padding-top:56.25%\"><source  media=\"(min-width: 1024px)\"><source  media=\"(min-width: 768px)\"><\/source><\/source><\/picture><\/figure>\n<\/p><\/div>\n<p>Fritiden feires ofte som <strong>erobring av moderniteten<\/strong>\u00f8yeblikket der vi f\u00e5r lov til \u00e5 slutte \u00e5 produsere og dedikere oss til oss selv. Men i et samfunn som m\u00e5ler personlig verdi p\u00e5 produktivitet, risikerer det \u00e5 bli en<strong> ytterligere forpliktelse, som skal fylles og optimaliseres<\/strong>. Fra <strong><em>schol\u00e9<\/em> gresk<\/strong>privilegium for frie menn dedikert til kontemplasjon, <strong>til den tidsbestemte tiden for fabrikken og til arbeidernes kamper<\/strong> for helger og ferier har fritiden blitt forvandlet <strong>fra privilegium til kollektiv rettighet<\/strong>. I dag definerer ikke arbeidet lenger hvem vi er: det er ofte ustabilt og prek\u00e6rt. Dermed blir fritiden en ny arena for press som forvandles til <strong>forpliktelse til produktivitet og selvrealisering<\/strong>i stedet for i ekte hvile. Men for \u00e5 v\u00e6re virkelig fri, m\u00e5 fritid slutte \u00e5 tjene til \u00e5 bevise noe og g\u00e5 tilbake til \u00e5 v\u00e6re v\u00e5r.<\/p>\n<h2>Fra den greske schol\u00e9 til tiden for fabrikken<\/h2>\n<p>I <strong>Antikkens Hellas<\/strong> det var ingen &laquo;fritid&raquo; i moderne forstand, det var et lignende ord, men med en dypt elitistisk betydning: la <strong><em>schol\u0113<\/em><\/strong>.<\/p>\n<p>Begrepet <em>schol\u0113<\/em> faktisk indikerte det <strong>tid dedikert til studier, tanke, samtale<\/strong>: det ble ansett som den &laquo;h\u00f8yeste&raquo; tiden, den som tillot mennesker \u00e5 utvikle seg. Selv de samme <strong>Aristoteles<\/strong> Og <strong>Platon<\/strong> de trodde at fullt menneskeliv falt sammen med dette <strong>&laquo;kontemplativ aktivitet&raquo;<\/strong>.<\/p>\n<p>Imidlertid, som han bemerker <strong>Hannah Arendt<\/strong> i \u00abThe Human Condition\u00bb ble det vi n\u00e5 kaller fritid f\u00f8dt i en kontekst der livet var dominert av behovet for <strong>jobbe for \u00e5 overleve<\/strong>. Bare noen f\u00e5 privilegerte kunne dedikere seg til aktiviteter som ikke var knyttet til materielle behov, som refleksjon, studier eller politisk deltakelse. Slaver, manuelle arbeidere og kvinner ble i stedet fullstendig oppslukt av det daglige arbeidet. I denne forstand, <strong>fritid ble f\u00f8dt som et privilegium<\/strong>.<\/p>\n<p>Med den industrielle revolusjonen begynte ting imidlertid \u00e5 endre seg: arbeidet ble m\u00e5lbart og preget av klokken, og det som gjensto var tid til \u00e5 hvile, gjenskape og sakte kreve en kollektiv rett til \u00e5 gjenvinne energien.<\/p>\n<h2>Den industrielle revolusjonen og fritiden som en politisk rettighet<\/h2>\n<p>Med <strong>Industriell revolusjon<\/strong>livets tempo endret seg dypt: l\u00f8nnet arbeid okkuperte en stor del av dagen, og det som gjensto var ikke lenger en luksus, men et n\u00f8dvendig rom for \u00e5 gjenvinne energien som trengs for arbeid. Den gangen, tidligere prerogativ til noen f\u00e5, <strong>det ble en prestasjon<\/strong> skal forsvares for alle. De <strong>arbeidernes kamper<\/strong> av 1800- og 1900-tallet, som dokumentert av historikeren <strong>Thompson<\/strong> i sin studie av disiplinert tid, &laquo;Time, Work-Discipline, and Industrial Capitalism&raquo; publisert i 1967, transformerte <strong>fritid<\/strong> i en <strong>kollektiv lov<\/strong>: helgen, betalte ferier, \u00e5tte timers arbeidstid er f\u00f8dt.<\/p>\n<p>Men i samme periode etablerte det seg <strong>underholdningsindustrien<\/strong>: organiserte ferier, turistlandsbyer, masserekreasjonsprogrammer.<\/p>\n<div class=\"cp_wrapper cp_wrapper--fw mb-50\">\n<figure class=\"mm\"><picture class=\"img\" style=\"padding-top:63.275862068966%\"><source  media=\"(min-width: 1024px)\"><source  media=\"(min-width: 768px)\"><img decoding=\"async\" loading=\"lazy\" src=\"https:\/\/nordnesrepublikken.no\/wp-content\/uploads\/2025\/11\/1763884282_963_fra-privilegium-til-sosialt-press.jpg\" alt=\"Bilde\" width=\"580\" height=\"367\"\/><\/source><\/source><\/picture><\/figure>\n<\/p><\/div>\n<p>I denne sammenheng dukker figuren av opp <strong>Fantozzi<\/strong>symbol p\u00e5 <strong>en fritid<\/strong> som ser ut til \u00e5 v\u00e6re en<strong> annen oppgave \u00e5 utf\u00f8re<\/strong>: pauser blir skjulte forpliktelser, inkludert firmaturer, tvangsutflukter og sportsturneringer organisert av kontoret. Hvile er alts\u00e5 ikke lenger et personlig rom, men forvandles til en fortsettelse av arbeidslivets kontroll og disiplin, der selv <strong>moro m\u00e5 v\u00e6re produktivt<\/strong> og deles etter reglene p\u00e5lagt av selskapet.<\/p>\n<h2>Fritid mellom jobbidentitet og personlig oppfyllelse<\/h2>\n<p>I store deler av det italienske tjuende \u00e5rhundre, stabilt arbeid, den ber\u00f8mte<strong> &laquo;fast stilling&raquo;<\/strong>det var ikke bare en kontrakt: det var ryggraden i personlig identitet. Ha en trygg jobb <strong>det betydde \u00e5 f\u00f8le seg gjenkjent<\/strong>forankret i samfunnet, og har en definert rolle i verden. Som ironisk fortalt av <strong>Checco Zalone<\/strong>en fast jobb lovet mer enn \u00f8konomisk trygghet: den garanterte verdighet, tilh\u00f8righet og den betryggende f\u00f8lelsen av \u00e5 v\u00e6re noen, fordi i disse \u00e5rene s\u00e5 det ut til at en persons verdi fremfor alt ble m\u00e5lt etter hva de gjorde for \u00e5 leve.<\/p>\n<div class=\"cp_wrapper cp_wrapper--fw mb-50\">\n<figure class=\"mm\"><picture class=\"img\" style=\"padding-top:41.666666666667%\"><source  media=\"(min-width: 1024px)\"><source  media=\"(min-width: 768px)\"><img decoding=\"async\" loading=\"lazy\" src=\"https:\/\/nordnesrepublikken.no\/wp-content\/uploads\/2025\/11\/1763884282_727_fra-privilegium-til-sosialt-press.jpg\" alt=\"Bilde\" width=\"960\" height=\"400\" class=\"js-seedtag-img\"\/><\/source><\/source><\/picture><\/figure>\n<\/p><\/div>\n<p>I dag ser det ut til at dette l\u00f8ftet har blitt brutt. Arbeidet er ofte <strong>intermitterende, foranderlig, usikker<\/strong> og den modellen for sikkerhet og sysselsetting er ikke lenger garantert, folk bytter ofte jobb, lever p\u00e5 korte kontrakter eller jobber eksternt.<\/p>\n<p>Og s\u00e5 hvis arbeidet ikke lenger definerer hvem vi er, la oss begynne <strong>se etter oss selv p\u00e5 fritiden<\/strong>. Dette genererer automatisk en ny type <strong>trykk<\/strong>: det ser ut til at denne fritiden automatisk b\u00f8r gjenopptas til lesing, reise, trening som forberedelse til maraton osv. <strong>hvile<\/strong> blir dermed en <strong>vei til selvrealisering<\/strong> hvor det ikke er rom for hvile, <strong>et fors\u00f8k p\u00e5 \u00e5 bevise noe<\/strong> (til andre og til oss selv).<\/p>\n<h2>Gen Z og den moderne revolusjonen<\/h2>\n<p>Der <strong>Generasjon Z<\/strong> vokser i denne sammenhengen, pr\u00f8ver \u00e5 frigj\u00f8re seg fra ideen om \u00e5 leve bare for \u00e5 jobbe, foretrekker mer fleksible metoder, ofte p\u00e5 nettet, og tar sikte p\u00e5 \u00e5 leve med n\u00f8dvendighetene. S\u00f8k balanse, avvis heltemoten til det ekstraordin\u00e6re og reforhandle verdien av offer. Imidlertid lever han i en verden der hvert \u00f8yeblikk kan vises og bed\u00f8mmes: <strong>Fritid er ikke lenger bare en opplevelse, men en kontinuerlig fortelling p\u00e5 sosiale medier: <\/strong>Det er ikke nok \u00e5 f\u00f8le seg bra, du m\u00e5 ogs\u00e5 vise det. Og n\u00e5r hvile blir <strong>representasjon<\/strong>mister spontaniteten.<\/p>\n<p>Kanskje i dag er problemet ikke \u00e5 ha lite fritid, men <strong>investere for mange forventninger i det<\/strong>: du pr\u00f8ver alltid \u00e5 f\u00f8le deg produktiv, dyktig, spesiell. For \u00e5 nyte det igjen, m\u00e5 vi <strong>gi det en enklere betydning<\/strong>et rom \u00e5 hvile i, uten \u00e5 m\u00e5tte bevise noe.<\/p>\n<p>Fritid, \u00e5 virkelig v\u00e6re slik, er en <strong>tid uten form\u00e5l<\/strong>. En tid som ikke er nyttig for \u00e5 gjenvinne energi for \u00e5 bli produktiv igjen. F\u00f8rst da slutter fritiden \u00e5 v\u00e6re en parentes og blir ekte igjen <strong>frihet<\/strong>.<\/p>\n<div class=\"cp_wrapper  mb-50   \">\n<div class=\"cbx\">\n<div class=\"cbx__collection\">\n<p>Kilder<\/p>\n<div class=\"cbx__sources\">\n<p>Graebe D. (2018). &laquo;Bullshit jobber&raquo;<\/p>\n<p>Pieper J. (1948). &laquo;Fritid: grunnlaget for kultur&raquo;<\/p>\n<p>Sennett R. (1998). &laquo;Karrosjonen av karakter: De personlige konsekvensene av arbeid i den nye kapitalismen&raquo;<\/p>\n<p>Twenge J.M. (2017). &laquo;iGen&raquo;<\/p>\n<p>Lo Verde FM (2009). &laquo;Fritidens sosiologi&raquo;<\/p>\n<\/p><\/div>\n<\/p><\/div>\n<\/p><\/div>\n<\/div><\/div>\n","protected":false},"excerpt":{"rendered":"<p>Fritiden feires ofte som erobring av moderniteten\u00f8yeblikket der vi f\u00e5r lov til \u00e5 slutte \u00e5<\/p>\n","protected":false},"author":1,"featured_media":12026,"comment_status":"closed","ping_status":"open","sticky":false,"template":"","format":"standard","meta":{"footnotes":""},"categories":[104],"tags":[125,159,7897,7898,117],"class_list":["post-12025","post","type-post","status-publish","format-standard","has-post-thumbnail","hentry","category-samfunn","tag-fra","tag-press","tag-privilegium","tag-sosialt","tag-til","generate-columns","tablet-grid-50","mobile-grid-100","grid-parent","grid-33","resize-featured-image"],"yoast_head":"<!-- This site is optimized with the Yoast SEO plugin v24.4 - https:\/\/yoast.com\/wordpress\/plugins\/seo\/ -->\n<title>fra privilegium til sosialt press - Nordnesrepublikken<\/title>\n<meta name=\"robots\" content=\"index, follow, max-snippet:-1, max-image-preview:large, max-video-preview:-1\" \/>\n<link rel=\"canonical\" href=\"https:\/\/nordnesrepublikken.no\/index.php\/2025\/11\/23\/fra-privilegium-til-sosialt-press\/\" \/>\n<meta property=\"og:locale\" content=\"nb_NO\" \/>\n<meta property=\"og:type\" content=\"article\" \/>\n<meta property=\"og:title\" content=\"fra privilegium til sosialt press - Nordnesrepublikken\" \/>\n<meta property=\"og:description\" content=\"Fritiden feires ofte som erobring av moderniteten\u00f8yeblikket der vi f\u00e5r lov til \u00e5 slutte \u00e5\" \/>\n<meta property=\"og:url\" content=\"https:\/\/nordnesrepublikken.no\/index.php\/2025\/11\/23\/fra-privilegium-til-sosialt-press\/\" \/>\n<meta property=\"og:site_name\" content=\"Nordnesrepublikken\" \/>\n<meta property=\"article:published_time\" content=\"2025-11-23T07:51:22+00:00\" \/>\n<meta property=\"article:modified_time\" content=\"2025-11-23T07:51:23+00:00\" \/>\n<meta property=\"og:image\" content=\"https:\/\/nordnesrepublikken.no\/wp-content\/uploads\/2025\/11\/1763884283_fra-privilegium-til-sosialt-press.jpg\" \/>\n\t<meta property=\"og:image:width\" content=\"1500\" \/>\n\t<meta property=\"og:image:height\" content=\"1000\" \/>\n\t<meta property=\"og:image:type\" content=\"image\/jpeg\" \/>\n<meta name=\"author\" content=\"Ole Andersen\" \/>\n<meta name=\"twitter:card\" content=\"summary_large_image\" \/>\n<meta name=\"twitter:label1\" content=\"Skrevet av\" \/>\n\t<meta name=\"twitter:data1\" content=\"Ole Andersen\" \/>\n\t<meta name=\"twitter:label2\" content=\"Ansl. lesetid\" \/>\n\t<meta name=\"twitter:data2\" content=\"5 minutter\" \/>\n<script type=\"application\/ld+json\" class=\"yoast-schema-graph\">{\"@context\":\"https:\/\/schema.org\",\"@graph\":[{\"@type\":\"Article\",\"@id\":\"https:\/\/nordnesrepublikken.no\/index.php\/2025\/11\/23\/fra-privilegium-til-sosialt-press\/#article\",\"isPartOf\":{\"@id\":\"https:\/\/nordnesrepublikken.no\/index.php\/2025\/11\/23\/fra-privilegium-til-sosialt-press\/\"},\"author\":{\"name\":\"Ole Andersen\",\"@id\":\"https:\/\/nordnesrepublikken.no\/#\/schema\/person\/2e7e81935bab77882fffb79296240ff1\"},\"headline\":\"fra privilegium til sosialt press\",\"datePublished\":\"2025-11-23T07:51:22+00:00\",\"dateModified\":\"2025-11-23T07:51:23+00:00\",\"mainEntityOfPage\":{\"@id\":\"https:\/\/nordnesrepublikken.no\/index.php\/2025\/11\/23\/fra-privilegium-til-sosialt-press\/\"},\"wordCount\":938,\"publisher\":{\"@id\":\"https:\/\/nordnesrepublikken.no\/#organization\"},\"image\":{\"@id\":\"https:\/\/nordnesrepublikken.no\/index.php\/2025\/11\/23\/fra-privilegium-til-sosialt-press\/#primaryimage\"},\"thumbnailUrl\":\"https:\/\/nordnesrepublikken.no\/wp-content\/uploads\/2025\/11\/1763884283_fra-privilegium-til-sosialt-press.jpg\",\"keywords\":[\"fra\",\"press\",\"privilegium\",\"sosialt\",\"til\"],\"articleSection\":[\"Samfunn\"],\"inLanguage\":\"nb-NO\"},{\"@type\":\"WebPage\",\"@id\":\"https:\/\/nordnesrepublikken.no\/index.php\/2025\/11\/23\/fra-privilegium-til-sosialt-press\/\",\"url\":\"https:\/\/nordnesrepublikken.no\/index.php\/2025\/11\/23\/fra-privilegium-til-sosialt-press\/\",\"name\":\"fra privilegium til sosialt press - Nordnesrepublikken\",\"isPartOf\":{\"@id\":\"https:\/\/nordnesrepublikken.no\/#website\"},\"primaryImageOfPage\":{\"@id\":\"https:\/\/nordnesrepublikken.no\/index.php\/2025\/11\/23\/fra-privilegium-til-sosialt-press\/#primaryimage\"},\"image\":{\"@id\":\"https:\/\/nordnesrepublikken.no\/index.php\/2025\/11\/23\/fra-privilegium-til-sosialt-press\/#primaryimage\"},\"thumbnailUrl\":\"https:\/\/nordnesrepublikken.no\/wp-content\/uploads\/2025\/11\/1763884283_fra-privilegium-til-sosialt-press.jpg\",\"datePublished\":\"2025-11-23T07:51:22+00:00\",\"dateModified\":\"2025-11-23T07:51:23+00:00\",\"breadcrumb\":{\"@id\":\"https:\/\/nordnesrepublikken.no\/index.php\/2025\/11\/23\/fra-privilegium-til-sosialt-press\/#breadcrumb\"},\"inLanguage\":\"nb-NO\",\"potentialAction\":[{\"@type\":\"ReadAction\",\"target\":[\"https:\/\/nordnesrepublikken.no\/index.php\/2025\/11\/23\/fra-privilegium-til-sosialt-press\/\"]}]},{\"@type\":\"ImageObject\",\"inLanguage\":\"nb-NO\",\"@id\":\"https:\/\/nordnesrepublikken.no\/index.php\/2025\/11\/23\/fra-privilegium-til-sosialt-press\/#primaryimage\",\"url\":\"https:\/\/nordnesrepublikken.no\/wp-content\/uploads\/2025\/11\/1763884283_fra-privilegium-til-sosialt-press.jpg\",\"contentUrl\":\"https:\/\/nordnesrepublikken.no\/wp-content\/uploads\/2025\/11\/1763884283_fra-privilegium-til-sosialt-press.jpg\",\"width\":1500,\"height\":1000,\"caption\":\"fra privilegium til sosialt press\"},{\"@type\":\"BreadcrumbList\",\"@id\":\"https:\/\/nordnesrepublikken.no\/index.php\/2025\/11\/23\/fra-privilegium-til-sosialt-press\/#breadcrumb\",\"itemListElement\":[{\"@type\":\"ListItem\",\"position\":1,\"name\":\"Home\",\"item\":\"https:\/\/nordnesrepublikken.no\/\"},{\"@type\":\"ListItem\",\"position\":2,\"name\":\"fra privilegium til sosialt press\"}]},{\"@type\":\"WebSite\",\"@id\":\"https:\/\/nordnesrepublikken.no\/#website\",\"url\":\"https:\/\/nordnesrepublikken.no\/\",\"name\":\"Nordnesrepublikken\",\"description\":\"Stemmer og Visjoner fra Republikkens Hjerte\",\"publisher\":{\"@id\":\"https:\/\/nordnesrepublikken.no\/#organization\"},\"potentialAction\":[{\"@type\":\"SearchAction\",\"target\":{\"@type\":\"EntryPoint\",\"urlTemplate\":\"https:\/\/nordnesrepublikken.no\/?s={search_term_string}\"},\"query-input\":{\"@type\":\"PropertyValueSpecification\",\"valueRequired\":true,\"valueName\":\"search_term_string\"}}],\"inLanguage\":\"nb-NO\"},{\"@type\":\"Organization\",\"@id\":\"https:\/\/nordnesrepublikken.no\/#organization\",\"name\":\"Nordnesrepublikken\",\"url\":\"https:\/\/nordnesrepublikken.no\/\",\"logo\":{\"@type\":\"ImageObject\",\"inLanguage\":\"nb-NO\",\"@id\":\"https:\/\/nordnesrepublikken.no\/#\/schema\/logo\/image\/\",\"url\":\"https:\/\/nordnesrepublikken.no\/wp-content\/uploads\/2025\/02\/cropped-nordnesrepublikken-2.png\",\"contentUrl\":\"https:\/\/nordnesrepublikken.no\/wp-content\/uploads\/2025\/02\/cropped-nordnesrepublikken-2.png\",\"width\":1248,\"height\":362,\"caption\":\"Nordnesrepublikken\"},\"image\":{\"@id\":\"https:\/\/nordnesrepublikken.no\/#\/schema\/logo\/image\/\"}},{\"@type\":\"Person\",\"@id\":\"https:\/\/nordnesrepublikken.no\/#\/schema\/person\/2e7e81935bab77882fffb79296240ff1\",\"name\":\"Ole Andersen\",\"image\":{\"@type\":\"ImageObject\",\"inLanguage\":\"nb-NO\",\"@id\":\"https:\/\/nordnesrepublikken.no\/#\/schema\/person\/image\/\",\"url\":\"https:\/\/nordnesrepublikken.no\/wp-content\/uploads\/2025\/02\/nordnesrepublikken-2-2-150x150.jpg\",\"contentUrl\":\"https:\/\/nordnesrepublikken.no\/wp-content\/uploads\/2025\/02\/nordnesrepublikken-2-2-150x150.jpg\",\"caption\":\"Ole Andersen\"},\"description\":\"Ettersom jeg vokste opp i Oslo, har jeg alltid v\u00e6rt fascinert av ordenes kraft og deres evne til \u00e5 skape endringer. Etter \u00e5 ha fullf\u00f8rt min utdannelse i kommunikasjon ved Universitetet i Bergen, fikk jeg muligheten til \u00e5 jobbe innen ulike medier, der jeg har s\u00f8kt \u00e5 belyse viktige samfunnssp\u00f8rsm\u00e5l. I dag, som redakt\u00f8r for Nordnesrepublikken, pr\u00f8ver jeg \u00e5 forene min kj\u00e6rlighet for journalistikk med min lidenskap for innovasjon og eventyr.\",\"sameAs\":[\"https:\/\/nordnesrepublikken.no\/\"]}]}<\/script>\n<!-- \/ Yoast SEO plugin. -->","yoast_head_json":{"title":"fra privilegium til sosialt press - Nordnesrepublikken","robots":{"index":"index","follow":"follow","max-snippet":"max-snippet:-1","max-image-preview":"max-image-preview:large","max-video-preview":"max-video-preview:-1"},"canonical":"https:\/\/nordnesrepublikken.no\/index.php\/2025\/11\/23\/fra-privilegium-til-sosialt-press\/","og_locale":"nb_NO","og_type":"article","og_title":"fra privilegium til sosialt press - Nordnesrepublikken","og_description":"Fritiden feires ofte som erobring av moderniteten\u00f8yeblikket der vi f\u00e5r lov til \u00e5 slutte \u00e5","og_url":"https:\/\/nordnesrepublikken.no\/index.php\/2025\/11\/23\/fra-privilegium-til-sosialt-press\/","og_site_name":"Nordnesrepublikken","article_published_time":"2025-11-23T07:51:22+00:00","article_modified_time":"2025-11-23T07:51:23+00:00","og_image":[{"width":1500,"height":1000,"url":"https:\/\/nordnesrepublikken.no\/wp-content\/uploads\/2025\/11\/1763884283_fra-privilegium-til-sosialt-press.jpg","type":"image\/jpeg"}],"author":"Ole Andersen","twitter_card":"summary_large_image","twitter_misc":{"Skrevet av":"Ole Andersen","Ansl. lesetid":"5 minutter"},"schema":{"@context":"https:\/\/schema.org","@graph":[{"@type":"Article","@id":"https:\/\/nordnesrepublikken.no\/index.php\/2025\/11\/23\/fra-privilegium-til-sosialt-press\/#article","isPartOf":{"@id":"https:\/\/nordnesrepublikken.no\/index.php\/2025\/11\/23\/fra-privilegium-til-sosialt-press\/"},"author":{"name":"Ole Andersen","@id":"https:\/\/nordnesrepublikken.no\/#\/schema\/person\/2e7e81935bab77882fffb79296240ff1"},"headline":"fra privilegium til sosialt press","datePublished":"2025-11-23T07:51:22+00:00","dateModified":"2025-11-23T07:51:23+00:00","mainEntityOfPage":{"@id":"https:\/\/nordnesrepublikken.no\/index.php\/2025\/11\/23\/fra-privilegium-til-sosialt-press\/"},"wordCount":938,"publisher":{"@id":"https:\/\/nordnesrepublikken.no\/#organization"},"image":{"@id":"https:\/\/nordnesrepublikken.no\/index.php\/2025\/11\/23\/fra-privilegium-til-sosialt-press\/#primaryimage"},"thumbnailUrl":"https:\/\/nordnesrepublikken.no\/wp-content\/uploads\/2025\/11\/1763884283_fra-privilegium-til-sosialt-press.jpg","keywords":["fra","press","privilegium","sosialt","til"],"articleSection":["Samfunn"],"inLanguage":"nb-NO"},{"@type":"WebPage","@id":"https:\/\/nordnesrepublikken.no\/index.php\/2025\/11\/23\/fra-privilegium-til-sosialt-press\/","url":"https:\/\/nordnesrepublikken.no\/index.php\/2025\/11\/23\/fra-privilegium-til-sosialt-press\/","name":"fra privilegium til sosialt press - Nordnesrepublikken","isPartOf":{"@id":"https:\/\/nordnesrepublikken.no\/#website"},"primaryImageOfPage":{"@id":"https:\/\/nordnesrepublikken.no\/index.php\/2025\/11\/23\/fra-privilegium-til-sosialt-press\/#primaryimage"},"image":{"@id":"https:\/\/nordnesrepublikken.no\/index.php\/2025\/11\/23\/fra-privilegium-til-sosialt-press\/#primaryimage"},"thumbnailUrl":"https:\/\/nordnesrepublikken.no\/wp-content\/uploads\/2025\/11\/1763884283_fra-privilegium-til-sosialt-press.jpg","datePublished":"2025-11-23T07:51:22+00:00","dateModified":"2025-11-23T07:51:23+00:00","breadcrumb":{"@id":"https:\/\/nordnesrepublikken.no\/index.php\/2025\/11\/23\/fra-privilegium-til-sosialt-press\/#breadcrumb"},"inLanguage":"nb-NO","potentialAction":[{"@type":"ReadAction","target":["https:\/\/nordnesrepublikken.no\/index.php\/2025\/11\/23\/fra-privilegium-til-sosialt-press\/"]}]},{"@type":"ImageObject","inLanguage":"nb-NO","@id":"https:\/\/nordnesrepublikken.no\/index.php\/2025\/11\/23\/fra-privilegium-til-sosialt-press\/#primaryimage","url":"https:\/\/nordnesrepublikken.no\/wp-content\/uploads\/2025\/11\/1763884283_fra-privilegium-til-sosialt-press.jpg","contentUrl":"https:\/\/nordnesrepublikken.no\/wp-content\/uploads\/2025\/11\/1763884283_fra-privilegium-til-sosialt-press.jpg","width":1500,"height":1000,"caption":"fra privilegium til sosialt press"},{"@type":"BreadcrumbList","@id":"https:\/\/nordnesrepublikken.no\/index.php\/2025\/11\/23\/fra-privilegium-til-sosialt-press\/#breadcrumb","itemListElement":[{"@type":"ListItem","position":1,"name":"Home","item":"https:\/\/nordnesrepublikken.no\/"},{"@type":"ListItem","position":2,"name":"fra privilegium til sosialt press"}]},{"@type":"WebSite","@id":"https:\/\/nordnesrepublikken.no\/#website","url":"https:\/\/nordnesrepublikken.no\/","name":"Nordnesrepublikken","description":"Stemmer og Visjoner fra Republikkens Hjerte","publisher":{"@id":"https:\/\/nordnesrepublikken.no\/#organization"},"potentialAction":[{"@type":"SearchAction","target":{"@type":"EntryPoint","urlTemplate":"https:\/\/nordnesrepublikken.no\/?s={search_term_string}"},"query-input":{"@type":"PropertyValueSpecification","valueRequired":true,"valueName":"search_term_string"}}],"inLanguage":"nb-NO"},{"@type":"Organization","@id":"https:\/\/nordnesrepublikken.no\/#organization","name":"Nordnesrepublikken","url":"https:\/\/nordnesrepublikken.no\/","logo":{"@type":"ImageObject","inLanguage":"nb-NO","@id":"https:\/\/nordnesrepublikken.no\/#\/schema\/logo\/image\/","url":"https:\/\/nordnesrepublikken.no\/wp-content\/uploads\/2025\/02\/cropped-nordnesrepublikken-2.png","contentUrl":"https:\/\/nordnesrepublikken.no\/wp-content\/uploads\/2025\/02\/cropped-nordnesrepublikken-2.png","width":1248,"height":362,"caption":"Nordnesrepublikken"},"image":{"@id":"https:\/\/nordnesrepublikken.no\/#\/schema\/logo\/image\/"}},{"@type":"Person","@id":"https:\/\/nordnesrepublikken.no\/#\/schema\/person\/2e7e81935bab77882fffb79296240ff1","name":"Ole Andersen","image":{"@type":"ImageObject","inLanguage":"nb-NO","@id":"https:\/\/nordnesrepublikken.no\/#\/schema\/person\/image\/","url":"https:\/\/nordnesrepublikken.no\/wp-content\/uploads\/2025\/02\/nordnesrepublikken-2-2-150x150.jpg","contentUrl":"https:\/\/nordnesrepublikken.no\/wp-content\/uploads\/2025\/02\/nordnesrepublikken-2-2-150x150.jpg","caption":"Ole Andersen"},"description":"Ettersom jeg vokste opp i Oslo, har jeg alltid v\u00e6rt fascinert av ordenes kraft og deres evne til \u00e5 skape endringer. Etter \u00e5 ha fullf\u00f8rt min utdannelse i kommunikasjon ved Universitetet i Bergen, fikk jeg muligheten til \u00e5 jobbe innen ulike medier, der jeg har s\u00f8kt \u00e5 belyse viktige samfunnssp\u00f8rsm\u00e5l. I dag, som redakt\u00f8r for Nordnesrepublikken, pr\u00f8ver jeg \u00e5 forene min kj\u00e6rlighet for journalistikk med min lidenskap for innovasjon og eventyr.","sameAs":["https:\/\/nordnesrepublikken.no\/"]}]}},"_links":{"self":[{"href":"https:\/\/nordnesrepublikken.no\/index.php\/wp-json\/wp\/v2\/posts\/12025","targetHints":{"allow":["GET"]}}],"collection":[{"href":"https:\/\/nordnesrepublikken.no\/index.php\/wp-json\/wp\/v2\/posts"}],"about":[{"href":"https:\/\/nordnesrepublikken.no\/index.php\/wp-json\/wp\/v2\/types\/post"}],"author":[{"embeddable":true,"href":"https:\/\/nordnesrepublikken.no\/index.php\/wp-json\/wp\/v2\/users\/1"}],"replies":[{"embeddable":true,"href":"https:\/\/nordnesrepublikken.no\/index.php\/wp-json\/wp\/v2\/comments?post=12025"}],"version-history":[{"count":1,"href":"https:\/\/nordnesrepublikken.no\/index.php\/wp-json\/wp\/v2\/posts\/12025\/revisions"}],"predecessor-version":[{"id":12027,"href":"https:\/\/nordnesrepublikken.no\/index.php\/wp-json\/wp\/v2\/posts\/12025\/revisions\/12027"}],"wp:featuredmedia":[{"embeddable":true,"href":"https:\/\/nordnesrepublikken.no\/index.php\/wp-json\/wp\/v2\/media\/12026"}],"wp:attachment":[{"href":"https:\/\/nordnesrepublikken.no\/index.php\/wp-json\/wp\/v2\/media?parent=12025"}],"wp:term":[{"taxonomy":"category","embeddable":true,"href":"https:\/\/nordnesrepublikken.no\/index.php\/wp-json\/wp\/v2\/categories?post=12025"},{"taxonomy":"post_tag","embeddable":true,"href":"https:\/\/nordnesrepublikken.no\/index.php\/wp-json\/wp\/v2\/tags?post=12025"}],"curies":[{"name":"wp","href":"https:\/\/api.w.org\/{rel}","templated":true}]}}