{"id":12019,"date":"2025-11-23T04:52:34","date_gmt":"2025-11-23T03:52:34","guid":{"rendered":"https:\/\/nordnesrepublikken.no\/index.php\/2025\/11\/23\/det-er-mer-enn-2-millioner-av-dem\/"},"modified":"2025-11-23T04:52:39","modified_gmt":"2025-11-23T03:52:39","slug":"det-er-mer-enn-2-millioner-av-dem","status":"publish","type":"post","link":"https:\/\/nordnesrepublikken.no\/index.php\/2025\/11\/23\/det-er-mer-enn-2-millioner-av-dem\/","title":{"rendered":"det er mer enn 2 millioner av dem"},"content":{"rendered":"<div>\n<div class=\"cp_wrapper cp_wrapper--fw mb-30 mb-20@tablet\">\n<figure class=\"mm\"><picture class=\"img\" style=\"padding-top:56.25%\"><source  media=\"(min-width: 1024px)\"><source  media=\"(min-width: 768px)\"><\/source><\/source><\/picture><\/figure>\n<\/p><\/div>\n<p>Tyskland har et alvorlig problem med vaskebj\u00f8rn: i dag er det ansl\u00e5tt at det er mer enn vaskebj\u00f8rn i landet <b>2 millioner<\/b>. La oss snakke om en <b>invasive arter av nordamerikansk opprinnelse<\/b> som, selv om det kan myke oss med utseendet, for\u00e5rsaker en del hodepine: antallet har vokst minst 60 ganger de siste 25 \u00e5rene, noe som setter lokale \u00f8kosystemer i alvorlig fare, spesielt i den \u00f8stlige delen av landet. DE<b> Vaskebj\u00f8rn er ikke aggressive dyr<\/b> av natur, selv om de kan bli det hvis de f\u00f8ler seg satt i et hj\u00f8rne eller truet, er direkte angrep p\u00e5 mennesker fortsatt sjeldne hendelser. Men ett sp\u00f8rsm\u00e5l gjenst\u00e5r: hvordan kom dette dyret som vi er vant til \u00e5 se i amerikanske skoger til Tyskland?<\/p>\n<h2>Ankomsten av vaskebj\u00f8rn til Tyskland<\/h2>\n<p>De <strong>Nordamerikansk vaskebj\u00f8rn<\/strong> (<em>Procyon lotor<\/em>), som navnet antyder, er et innf\u00f8dt dyr av <strong>Nord-Amerika<\/strong> og f\u00f8r 1900 var det ingen spor etter det i Europa. De f\u00f8rste <strong>eksemplarer<\/strong> ble importert til <strong>1930-tallet <\/strong>av forrige \u00e5rhundre som eksotiske dyr \u00e5 avle for <strong>pelsverk<\/strong> eller som en attraksjon for barn <strong>dyrehagen<\/strong>. Problemet er at over tid ble noen eksemplarer sluppet ut i naturen. Vi vet med sikkerhet at en f\u00f8rste utsetting av disse dyrene i Tyskland fant sted i <strong>1934,<\/strong> da et par vaskebj\u00f8rn frivillig ble sluppet ut n\u00e6r innsj\u00f8en Edersee for \u00e5 &laquo;berike den lokale faunaen&raquo;. Den andre episoden g\u00e5r i stedet tilbake til <strong>[1945<\/strong> da 25 dyr r\u00f8mte fra en pelsfarm i Brandenburg.<\/p>\n<p>Problemet er at dette dyret, som er en fremmed art, har tilpasset seg for godt til dette nye milj\u00f8et, og har klart \u00e5 reprodusere seg ekstremt raskt &#8211; spesielt i den \u00f8stlige delen av landet.<\/p>\n<h2>Situasjonen til vaskebj\u00f8rn i Tyskland og hvor de finnes i Europa<\/h2>\n<p>For tiden er det i Tyskland ca <strong>2 millioner vaskebj\u00f8rn<\/strong>selv om vi ikke er klar over det n\u00f8yaktige antallet. Hvis vi ser p\u00e5 bildet under kan vi se omr\u00e5dene med st\u00f8rst konsentrasjon, som tilsvarer n\u00f8yaktig stedene hvor disse dyrene ble sluppet ut i naturen i <strong>1934<\/strong> og inn <strong>[1945<\/strong><\/p>\n<div class=\"cp_wrapper cp_wrapper--fw mb-50\">\n<figure class=\"mm\"><picture class=\"img\" style=\"padding-top:119.53125%\"><source  media=\"(min-width: 1024px)\"><source  media=\"(min-width: 768px)\"><img decoding=\"async\" loading=\"lazy\" src=\"https:\/\/nordnesrepublikken.no\/wp-content\/uploads\/2025\/11\/1763869954_759_det-er-mer-enn-2-millioner-av-dem.jpg\" alt=\"Bilde\" width=\"1280\" height=\"1530\"\/><\/source><\/source><\/picture><\/figure>\n<\/p><\/div>\n<p>Til dags dato er derfor vaskebj\u00f8rnen i Tyskland et langt fra ubetydelig problem, gitt at det er et <strong>invasive arter<\/strong> kan for\u00e5rsake omfattende skader p\u00e5 \u00f8kosystemene. For \u00e5 pr\u00f8ve \u00e5 stoppe spredningen deres, mellom 2023 og 2024 over <strong>239 tusen eksemplarer<\/strong>: dette er en verdi 18 % h\u00f8yere enn \u00e5ret f\u00f8r.<\/p>\n<p>I virkeligheten er dette ikke bare et tysk problem: som tydelig synlig fra kartet, kan man ogs\u00e5 finne mange eksemplarer av vaskebj\u00f8rn i <strong>Frankrike<\/strong> og i resten av<strong>Sentral-Nord-Europa<\/strong>men i mindre antall.<\/p>\n<div class=\"cp_wrapper cp_wrapper--fw mb-50\">\n<figure class=\"mm\"><picture class=\"img\" style=\"padding-top:54.421579532814%\"><source  media=\"(min-width: 1024px)\"><source  media=\"(min-width: 768px)\"><img decoding=\"async\" loading=\"lazy\" src=\"https:\/\/nordnesrepublikken.no\/wp-content\/uploads\/2025\/11\/1763869954_444_det-er-mer-enn-2-millioner-av-dem.jpg\" alt=\"Bilde\" width=\"3596\" height=\"1957\" class=\"js-seedtag-img\"\/><\/source><\/source><\/picture><\/figure>\n<\/p><\/div>\n<\/p><\/div>\n","protected":false},"excerpt":{"rendered":"<p>Tyskland har et alvorlig problem med vaskebj\u00f8rn: i dag er det ansl\u00e5tt at det er<\/p>\n","protected":false},"author":1,"featured_media":12020,"comment_status":"closed","ping_status":"open","sticky":false,"template":"","format":"standard","meta":{"footnotes":""},"categories":[24],"tags":[150,66,380,379,34],"class_list":["post-12019","post","type-post","status-publish","format-standard","has-post-thumbnail","hentry","category-vitenskap","tag-dem","tag-det","tag-enn","tag-mer","tag-millioner","generate-columns","tablet-grid-50","mobile-grid-100","grid-parent","grid-33","resize-featured-image"],"yoast_head":"<!-- This site is optimized with the Yoast SEO plugin v24.4 - https:\/\/yoast.com\/wordpress\/plugins\/seo\/ -->\n<title>det er mer enn 2 millioner av dem - Nordnesrepublikken<\/title>\n<meta name=\"robots\" content=\"index, follow, max-snippet:-1, max-image-preview:large, max-video-preview:-1\" \/>\n<link rel=\"canonical\" href=\"https:\/\/nordnesrepublikken.no\/index.php\/2025\/11\/23\/det-er-mer-enn-2-millioner-av-dem\/\" \/>\n<meta property=\"og:locale\" content=\"nb_NO\" \/>\n<meta property=\"og:type\" content=\"article\" \/>\n<meta property=\"og:title\" content=\"det er mer enn 2 millioner av dem - Nordnesrepublikken\" \/>\n<meta property=\"og:description\" content=\"Tyskland har et alvorlig problem med vaskebj\u00f8rn: i dag er det ansl\u00e5tt at det er\" \/>\n<meta property=\"og:url\" content=\"https:\/\/nordnesrepublikken.no\/index.php\/2025\/11\/23\/det-er-mer-enn-2-millioner-av-dem\/\" \/>\n<meta property=\"og:site_name\" content=\"Nordnesrepublikken\" \/>\n<meta property=\"article:published_time\" content=\"2025-11-23T03:52:34+00:00\" \/>\n<meta property=\"article:modified_time\" content=\"2025-11-23T03:52:39+00:00\" \/>\n<meta property=\"og:image\" content=\"https:\/\/nordnesrepublikken.no\/wp-content\/uploads\/2025\/11\/1763869955_det-er-mer-enn-2-millioner-av-dem.jpg\" \/>\n\t<meta property=\"og:image:width\" content=\"2549\" \/>\n\t<meta property=\"og:image:height\" content=\"1491\" \/>\n\t<meta property=\"og:image:type\" content=\"image\/jpeg\" \/>\n<meta name=\"author\" content=\"Ole Andersen\" \/>\n<meta name=\"twitter:card\" content=\"summary_large_image\" \/>\n<meta name=\"twitter:label1\" content=\"Skrevet av\" \/>\n\t<meta name=\"twitter:data1\" content=\"Ole Andersen\" \/>\n\t<meta name=\"twitter:label2\" content=\"Ansl. lesetid\" \/>\n\t<meta name=\"twitter:data2\" content=\"2 minutter\" \/>\n<script type=\"application\/ld+json\" class=\"yoast-schema-graph\">{\"@context\":\"https:\/\/schema.org\",\"@graph\":[{\"@type\":\"Article\",\"@id\":\"https:\/\/nordnesrepublikken.no\/index.php\/2025\/11\/23\/det-er-mer-enn-2-millioner-av-dem\/#article\",\"isPartOf\":{\"@id\":\"https:\/\/nordnesrepublikken.no\/index.php\/2025\/11\/23\/det-er-mer-enn-2-millioner-av-dem\/\"},\"author\":{\"name\":\"Ole Andersen\",\"@id\":\"https:\/\/nordnesrepublikken.no\/#\/schema\/person\/2e7e81935bab77882fffb79296240ff1\"},\"headline\":\"det er mer enn 2 millioner av dem\",\"datePublished\":\"2025-11-23T03:52:34+00:00\",\"dateModified\":\"2025-11-23T03:52:39+00:00\",\"mainEntityOfPage\":{\"@id\":\"https:\/\/nordnesrepublikken.no\/index.php\/2025\/11\/23\/det-er-mer-enn-2-millioner-av-dem\/\"},\"wordCount\":437,\"publisher\":{\"@id\":\"https:\/\/nordnesrepublikken.no\/#organization\"},\"image\":{\"@id\":\"https:\/\/nordnesrepublikken.no\/index.php\/2025\/11\/23\/det-er-mer-enn-2-millioner-av-dem\/#primaryimage\"},\"thumbnailUrl\":\"https:\/\/nordnesrepublikken.no\/wp-content\/uploads\/2025\/11\/1763869955_det-er-mer-enn-2-millioner-av-dem.jpg\",\"keywords\":[\"dem\",\"Det\",\"enn\",\"mer\",\"millioner\"],\"articleSection\":[\"Vitenskap\"],\"inLanguage\":\"nb-NO\"},{\"@type\":\"WebPage\",\"@id\":\"https:\/\/nordnesrepublikken.no\/index.php\/2025\/11\/23\/det-er-mer-enn-2-millioner-av-dem\/\",\"url\":\"https:\/\/nordnesrepublikken.no\/index.php\/2025\/11\/23\/det-er-mer-enn-2-millioner-av-dem\/\",\"name\":\"det er mer enn 2 millioner av dem - Nordnesrepublikken\",\"isPartOf\":{\"@id\":\"https:\/\/nordnesrepublikken.no\/#website\"},\"primaryImageOfPage\":{\"@id\":\"https:\/\/nordnesrepublikken.no\/index.php\/2025\/11\/23\/det-er-mer-enn-2-millioner-av-dem\/#primaryimage\"},\"image\":{\"@id\":\"https:\/\/nordnesrepublikken.no\/index.php\/2025\/11\/23\/det-er-mer-enn-2-millioner-av-dem\/#primaryimage\"},\"thumbnailUrl\":\"https:\/\/nordnesrepublikken.no\/wp-content\/uploads\/2025\/11\/1763869955_det-er-mer-enn-2-millioner-av-dem.jpg\",\"datePublished\":\"2025-11-23T03:52:34+00:00\",\"dateModified\":\"2025-11-23T03:52:39+00:00\",\"breadcrumb\":{\"@id\":\"https:\/\/nordnesrepublikken.no\/index.php\/2025\/11\/23\/det-er-mer-enn-2-millioner-av-dem\/#breadcrumb\"},\"inLanguage\":\"nb-NO\",\"potentialAction\":[{\"@type\":\"ReadAction\",\"target\":[\"https:\/\/nordnesrepublikken.no\/index.php\/2025\/11\/23\/det-er-mer-enn-2-millioner-av-dem\/\"]}]},{\"@type\":\"ImageObject\",\"inLanguage\":\"nb-NO\",\"@id\":\"https:\/\/nordnesrepublikken.no\/index.php\/2025\/11\/23\/det-er-mer-enn-2-millioner-av-dem\/#primaryimage\",\"url\":\"https:\/\/nordnesrepublikken.no\/wp-content\/uploads\/2025\/11\/1763869955_det-er-mer-enn-2-millioner-av-dem.jpg\",\"contentUrl\":\"https:\/\/nordnesrepublikken.no\/wp-content\/uploads\/2025\/11\/1763869955_det-er-mer-enn-2-millioner-av-dem.jpg\",\"width\":2549,\"height\":1491,\"caption\":\"det er mer enn 2 millioner av dem\"},{\"@type\":\"BreadcrumbList\",\"@id\":\"https:\/\/nordnesrepublikken.no\/index.php\/2025\/11\/23\/det-er-mer-enn-2-millioner-av-dem\/#breadcrumb\",\"itemListElement\":[{\"@type\":\"ListItem\",\"position\":1,\"name\":\"Home\",\"item\":\"https:\/\/nordnesrepublikken.no\/\"},{\"@type\":\"ListItem\",\"position\":2,\"name\":\"det er mer enn 2 millioner av dem\"}]},{\"@type\":\"WebSite\",\"@id\":\"https:\/\/nordnesrepublikken.no\/#website\",\"url\":\"https:\/\/nordnesrepublikken.no\/\",\"name\":\"Nordnesrepublikken\",\"description\":\"Stemmer og Visjoner fra Republikkens Hjerte\",\"publisher\":{\"@id\":\"https:\/\/nordnesrepublikken.no\/#organization\"},\"potentialAction\":[{\"@type\":\"SearchAction\",\"target\":{\"@type\":\"EntryPoint\",\"urlTemplate\":\"https:\/\/nordnesrepublikken.no\/?s={search_term_string}\"},\"query-input\":{\"@type\":\"PropertyValueSpecification\",\"valueRequired\":true,\"valueName\":\"search_term_string\"}}],\"inLanguage\":\"nb-NO\"},{\"@type\":\"Organization\",\"@id\":\"https:\/\/nordnesrepublikken.no\/#organization\",\"name\":\"Nordnesrepublikken\",\"url\":\"https:\/\/nordnesrepublikken.no\/\",\"logo\":{\"@type\":\"ImageObject\",\"inLanguage\":\"nb-NO\",\"@id\":\"https:\/\/nordnesrepublikken.no\/#\/schema\/logo\/image\/\",\"url\":\"https:\/\/nordnesrepublikken.no\/wp-content\/uploads\/2025\/02\/cropped-nordnesrepublikken-2.png\",\"contentUrl\":\"https:\/\/nordnesrepublikken.no\/wp-content\/uploads\/2025\/02\/cropped-nordnesrepublikken-2.png\",\"width\":1248,\"height\":362,\"caption\":\"Nordnesrepublikken\"},\"image\":{\"@id\":\"https:\/\/nordnesrepublikken.no\/#\/schema\/logo\/image\/\"}},{\"@type\":\"Person\",\"@id\":\"https:\/\/nordnesrepublikken.no\/#\/schema\/person\/2e7e81935bab77882fffb79296240ff1\",\"name\":\"Ole Andersen\",\"image\":{\"@type\":\"ImageObject\",\"inLanguage\":\"nb-NO\",\"@id\":\"https:\/\/nordnesrepublikken.no\/#\/schema\/person\/image\/\",\"url\":\"https:\/\/nordnesrepublikken.no\/wp-content\/uploads\/2025\/02\/nordnesrepublikken-2-2-150x150.jpg\",\"contentUrl\":\"https:\/\/nordnesrepublikken.no\/wp-content\/uploads\/2025\/02\/nordnesrepublikken-2-2-150x150.jpg\",\"caption\":\"Ole Andersen\"},\"description\":\"Ettersom jeg vokste opp i Oslo, har jeg alltid v\u00e6rt fascinert av ordenes kraft og deres evne til \u00e5 skape endringer. Etter \u00e5 ha fullf\u00f8rt min utdannelse i kommunikasjon ved Universitetet i Bergen, fikk jeg muligheten til \u00e5 jobbe innen ulike medier, der jeg har s\u00f8kt \u00e5 belyse viktige samfunnssp\u00f8rsm\u00e5l. I dag, som redakt\u00f8r for Nordnesrepublikken, pr\u00f8ver jeg \u00e5 forene min kj\u00e6rlighet for journalistikk med min lidenskap for innovasjon og eventyr.\",\"sameAs\":[\"https:\/\/nordnesrepublikken.no\/\"]}]}<\/script>\n<!-- \/ Yoast SEO plugin. -->","yoast_head_json":{"title":"det er mer enn 2 millioner av dem - Nordnesrepublikken","robots":{"index":"index","follow":"follow","max-snippet":"max-snippet:-1","max-image-preview":"max-image-preview:large","max-video-preview":"max-video-preview:-1"},"canonical":"https:\/\/nordnesrepublikken.no\/index.php\/2025\/11\/23\/det-er-mer-enn-2-millioner-av-dem\/","og_locale":"nb_NO","og_type":"article","og_title":"det er mer enn 2 millioner av dem - Nordnesrepublikken","og_description":"Tyskland har et alvorlig problem med vaskebj\u00f8rn: i dag er det ansl\u00e5tt at det er","og_url":"https:\/\/nordnesrepublikken.no\/index.php\/2025\/11\/23\/det-er-mer-enn-2-millioner-av-dem\/","og_site_name":"Nordnesrepublikken","article_published_time":"2025-11-23T03:52:34+00:00","article_modified_time":"2025-11-23T03:52:39+00:00","og_image":[{"width":2549,"height":1491,"url":"https:\/\/nordnesrepublikken.no\/wp-content\/uploads\/2025\/11\/1763869955_det-er-mer-enn-2-millioner-av-dem.jpg","type":"image\/jpeg"}],"author":"Ole Andersen","twitter_card":"summary_large_image","twitter_misc":{"Skrevet av":"Ole Andersen","Ansl. lesetid":"2 minutter"},"schema":{"@context":"https:\/\/schema.org","@graph":[{"@type":"Article","@id":"https:\/\/nordnesrepublikken.no\/index.php\/2025\/11\/23\/det-er-mer-enn-2-millioner-av-dem\/#article","isPartOf":{"@id":"https:\/\/nordnesrepublikken.no\/index.php\/2025\/11\/23\/det-er-mer-enn-2-millioner-av-dem\/"},"author":{"name":"Ole Andersen","@id":"https:\/\/nordnesrepublikken.no\/#\/schema\/person\/2e7e81935bab77882fffb79296240ff1"},"headline":"det er mer enn 2 millioner av dem","datePublished":"2025-11-23T03:52:34+00:00","dateModified":"2025-11-23T03:52:39+00:00","mainEntityOfPage":{"@id":"https:\/\/nordnesrepublikken.no\/index.php\/2025\/11\/23\/det-er-mer-enn-2-millioner-av-dem\/"},"wordCount":437,"publisher":{"@id":"https:\/\/nordnesrepublikken.no\/#organization"},"image":{"@id":"https:\/\/nordnesrepublikken.no\/index.php\/2025\/11\/23\/det-er-mer-enn-2-millioner-av-dem\/#primaryimage"},"thumbnailUrl":"https:\/\/nordnesrepublikken.no\/wp-content\/uploads\/2025\/11\/1763869955_det-er-mer-enn-2-millioner-av-dem.jpg","keywords":["dem","Det","enn","mer","millioner"],"articleSection":["Vitenskap"],"inLanguage":"nb-NO"},{"@type":"WebPage","@id":"https:\/\/nordnesrepublikken.no\/index.php\/2025\/11\/23\/det-er-mer-enn-2-millioner-av-dem\/","url":"https:\/\/nordnesrepublikken.no\/index.php\/2025\/11\/23\/det-er-mer-enn-2-millioner-av-dem\/","name":"det er mer enn 2 millioner av dem - Nordnesrepublikken","isPartOf":{"@id":"https:\/\/nordnesrepublikken.no\/#website"},"primaryImageOfPage":{"@id":"https:\/\/nordnesrepublikken.no\/index.php\/2025\/11\/23\/det-er-mer-enn-2-millioner-av-dem\/#primaryimage"},"image":{"@id":"https:\/\/nordnesrepublikken.no\/index.php\/2025\/11\/23\/det-er-mer-enn-2-millioner-av-dem\/#primaryimage"},"thumbnailUrl":"https:\/\/nordnesrepublikken.no\/wp-content\/uploads\/2025\/11\/1763869955_det-er-mer-enn-2-millioner-av-dem.jpg","datePublished":"2025-11-23T03:52:34+00:00","dateModified":"2025-11-23T03:52:39+00:00","breadcrumb":{"@id":"https:\/\/nordnesrepublikken.no\/index.php\/2025\/11\/23\/det-er-mer-enn-2-millioner-av-dem\/#breadcrumb"},"inLanguage":"nb-NO","potentialAction":[{"@type":"ReadAction","target":["https:\/\/nordnesrepublikken.no\/index.php\/2025\/11\/23\/det-er-mer-enn-2-millioner-av-dem\/"]}]},{"@type":"ImageObject","inLanguage":"nb-NO","@id":"https:\/\/nordnesrepublikken.no\/index.php\/2025\/11\/23\/det-er-mer-enn-2-millioner-av-dem\/#primaryimage","url":"https:\/\/nordnesrepublikken.no\/wp-content\/uploads\/2025\/11\/1763869955_det-er-mer-enn-2-millioner-av-dem.jpg","contentUrl":"https:\/\/nordnesrepublikken.no\/wp-content\/uploads\/2025\/11\/1763869955_det-er-mer-enn-2-millioner-av-dem.jpg","width":2549,"height":1491,"caption":"det er mer enn 2 millioner av dem"},{"@type":"BreadcrumbList","@id":"https:\/\/nordnesrepublikken.no\/index.php\/2025\/11\/23\/det-er-mer-enn-2-millioner-av-dem\/#breadcrumb","itemListElement":[{"@type":"ListItem","position":1,"name":"Home","item":"https:\/\/nordnesrepublikken.no\/"},{"@type":"ListItem","position":2,"name":"det er mer enn 2 millioner av dem"}]},{"@type":"WebSite","@id":"https:\/\/nordnesrepublikken.no\/#website","url":"https:\/\/nordnesrepublikken.no\/","name":"Nordnesrepublikken","description":"Stemmer og Visjoner fra Republikkens Hjerte","publisher":{"@id":"https:\/\/nordnesrepublikken.no\/#organization"},"potentialAction":[{"@type":"SearchAction","target":{"@type":"EntryPoint","urlTemplate":"https:\/\/nordnesrepublikken.no\/?s={search_term_string}"},"query-input":{"@type":"PropertyValueSpecification","valueRequired":true,"valueName":"search_term_string"}}],"inLanguage":"nb-NO"},{"@type":"Organization","@id":"https:\/\/nordnesrepublikken.no\/#organization","name":"Nordnesrepublikken","url":"https:\/\/nordnesrepublikken.no\/","logo":{"@type":"ImageObject","inLanguage":"nb-NO","@id":"https:\/\/nordnesrepublikken.no\/#\/schema\/logo\/image\/","url":"https:\/\/nordnesrepublikken.no\/wp-content\/uploads\/2025\/02\/cropped-nordnesrepublikken-2.png","contentUrl":"https:\/\/nordnesrepublikken.no\/wp-content\/uploads\/2025\/02\/cropped-nordnesrepublikken-2.png","width":1248,"height":362,"caption":"Nordnesrepublikken"},"image":{"@id":"https:\/\/nordnesrepublikken.no\/#\/schema\/logo\/image\/"}},{"@type":"Person","@id":"https:\/\/nordnesrepublikken.no\/#\/schema\/person\/2e7e81935bab77882fffb79296240ff1","name":"Ole Andersen","image":{"@type":"ImageObject","inLanguage":"nb-NO","@id":"https:\/\/nordnesrepublikken.no\/#\/schema\/person\/image\/","url":"https:\/\/nordnesrepublikken.no\/wp-content\/uploads\/2025\/02\/nordnesrepublikken-2-2-150x150.jpg","contentUrl":"https:\/\/nordnesrepublikken.no\/wp-content\/uploads\/2025\/02\/nordnesrepublikken-2-2-150x150.jpg","caption":"Ole Andersen"},"description":"Ettersom jeg vokste opp i Oslo, har jeg alltid v\u00e6rt fascinert av ordenes kraft og deres evne til \u00e5 skape endringer. Etter \u00e5 ha fullf\u00f8rt min utdannelse i kommunikasjon ved Universitetet i Bergen, fikk jeg muligheten til \u00e5 jobbe innen ulike medier, der jeg har s\u00f8kt \u00e5 belyse viktige samfunnssp\u00f8rsm\u00e5l. I dag, som redakt\u00f8r for Nordnesrepublikken, pr\u00f8ver jeg \u00e5 forene min kj\u00e6rlighet for journalistikk med min lidenskap for innovasjon og eventyr.","sameAs":["https:\/\/nordnesrepublikken.no\/"]}]}},"_links":{"self":[{"href":"https:\/\/nordnesrepublikken.no\/index.php\/wp-json\/wp\/v2\/posts\/12019","targetHints":{"allow":["GET"]}}],"collection":[{"href":"https:\/\/nordnesrepublikken.no\/index.php\/wp-json\/wp\/v2\/posts"}],"about":[{"href":"https:\/\/nordnesrepublikken.no\/index.php\/wp-json\/wp\/v2\/types\/post"}],"author":[{"embeddable":true,"href":"https:\/\/nordnesrepublikken.no\/index.php\/wp-json\/wp\/v2\/users\/1"}],"replies":[{"embeddable":true,"href":"https:\/\/nordnesrepublikken.no\/index.php\/wp-json\/wp\/v2\/comments?post=12019"}],"version-history":[{"count":1,"href":"https:\/\/nordnesrepublikken.no\/index.php\/wp-json\/wp\/v2\/posts\/12019\/revisions"}],"predecessor-version":[{"id":12021,"href":"https:\/\/nordnesrepublikken.no\/index.php\/wp-json\/wp\/v2\/posts\/12019\/revisions\/12021"}],"wp:featuredmedia":[{"embeddable":true,"href":"https:\/\/nordnesrepublikken.no\/index.php\/wp-json\/wp\/v2\/media\/12020"}],"wp:attachment":[{"href":"https:\/\/nordnesrepublikken.no\/index.php\/wp-json\/wp\/v2\/media?parent=12019"}],"wp:term":[{"taxonomy":"category","embeddable":true,"href":"https:\/\/nordnesrepublikken.no\/index.php\/wp-json\/wp\/v2\/categories?post=12019"},{"taxonomy":"post_tag","embeddable":true,"href":"https:\/\/nordnesrepublikken.no\/index.php\/wp-json\/wp\/v2\/tags?post=12019"}],"curies":[{"name":"wp","href":"https:\/\/api.w.org\/{rel}","templated":true}]}}