{"id":11983,"date":"2025-11-22T03:50:31","date_gmt":"2025-11-22T02:50:31","guid":{"rendered":"https:\/\/nordnesrepublikken.no\/index.php\/2025\/11\/22\/dgt-tiltak-tusenvis-i-spania-kan-miste-forerkortet-under-nye-helseregler\/"},"modified":"2025-11-22T03:50:33","modified_gmt":"2025-11-22T02:50:33","slug":"dgt-tiltak-tusenvis-i-spania-kan-miste-forerkortet-under-nye-helseregler","status":"publish","type":"post","link":"https:\/\/nordnesrepublikken.no\/index.php\/2025\/11\/22\/dgt-tiltak-tusenvis-i-spania-kan-miste-forerkortet-under-nye-helseregler\/","title":{"rendered":"DGT-tiltak: Tusenvis i Spania kan miste f\u00f8rerkortet under nye helseregler"},"content":{"rendered":"<p><\/p>\n<div class=\"wordpress-content\">\n                    <!-- Article Start --><\/p>\n<p>Ingen forventer \u00e5 miste f\u00f8rerkortet p\u00e5 grunn av en medisinsk sjekk \u2013 men det kan snart v\u00e6re en realitet for tusenvis av bilister i Spania. Direcci\u00f3n General de Tr\u00e1fico (DGT) skjerper reglene sine fra 2025, og sj\u00e5f\u00f8rer med visse helsemessige forhold kan bli nektet fornyelse helt.<\/p>\n<p>Dette handler ikke om straff. Det handler om sikkerhet. DGT sier at for mange trafikkulykker fortsatt er knyttet til helseproblemer som svekker d\u00f8mmekraft, \u00e5rv\u00e5kenhet eller reaksjonstid \u2013 noen ganger uten at sj\u00e5f\u00f8ren en gang merker det.<\/p>\n<p>Men forst\u00e5elig nok er sp\u00f8rsm\u00e5let som bekymrer folk akkurat n\u00e5: Hvem er p\u00e5 risikolisten?<\/p>\n<div class=\"sra_unit\"><link rel=\"stylesheet\" id=\"block-sra\" href=\"https:\/\/euroweeklynews.com\/wp-content\/plugins\/snack-related-articles\/dist\/css\/snack-related.min.css?250312-193541\" type=\"text\/css\" media=\"all\">\n<\/div>\n<h2>Hvorfor DGT sl\u00e5r ned p\u00e5 medisinsk egnethet<\/h2>\n<p>Spania krever allerede at lisensinnehavere gjennomg\u00e5r periodiske medisinske kontroller. Men de nye reglene tar ting videre ved \u00e5 inkludere ytterligere sykdommer som kan begrense, begrense eller fullstendig blokkere lisensfornyelse.<\/p>\n<p>Helsemessige forhold p\u00e5virker ikke alle bilkj\u00f8ring p\u00e5 samme m\u00e5te. Noen kan enkelt h\u00e5ndteres med behandling. Andre medf\u00f8rer en reell fare for \u00e5 miste bevisstheten, bli desorientert eller lide av plutselige fysiske begrensninger \u2013 scenarier som kan bli d\u00f8delige n\u00e5r noen sitter bak rattet.<\/p>\n<p>Derfor har DGT gjort sin avgj\u00f8relse klar: Hvis en lege ikke kan garantere sikker kj\u00f8ring, vil ikke f\u00f8rerkortet bli fornyet.<\/p>\n<p>Likevel er det ikke bare d\u00e5rlige nyheter. Prosessen er person for person, basert p\u00e5:<br \/>\n\u2022 hvor alvorlig tilstanden er<br \/>\n\u2022 om behandlingen virker<br \/>\n\u2022 hvordan sykdommen utvikler seg<br \/>\n\u2022 om sj\u00e5f\u00f8ren kan tilpasse kj\u00f8ret\u00f8yet<\/p>\n<p>Ingen avskrives automatisk \u2013 men sj\u00e5f\u00f8rene m\u00e5 n\u00e5 bevise at de er trygge.<\/p>\n<h2>Vilk\u00e5rene er n\u00e5 under strengere vurdering<\/h2>\n<p>DGT har delt inn hovedrisikoene i flere medisinske kategorier. Her er hva sj\u00e5f\u00f8rer b\u00f8r vite:<\/p>\n<h3>Psykiske helsetilstander<\/h3>\n<p>Problemer som angst, depresjon, OCD og ADHD fjerner ikke umiddelbart retten til \u00e5 kj\u00f8re bil. Men en lege m\u00e5 bekrefte at symptomene \u2013 og eventuelle medisinbivirkninger \u2013 er under kontroll. Hvis de ikke er det, kan fornyelse v\u00e6re midlertidig eller avsl\u00e5tt.<\/p>\n<h3>Hjerte- og karsykdommer<\/h3>\n<p>Alt som p\u00e5virker hjerterytmen eller blodstr\u00f8mmen kan forstyrre kj\u00f8rerefleksene. De st\u00f8rste r\u00f8de flaggene er:<\/p>\n<ul>\n<li>Betydelige arytmier<\/li>\n<li>Hjerteinfarkt med varige konsekvenser<\/li>\n<li>Alvorlig hjertesvikt<\/li>\n<li>Bruk av pacemakere eller defibrillatorer uten medisinsk stabilisering<\/li>\n<\/ul>\n<p>Disse forholdene kan kreve hyppige medisinske vurderinger f\u00f8r lisensen godkjennes.<\/p>\n<h3>Nevrologiske lidelser<\/h3>\n<p>Dette er en av de mest restriktive kategoriene. DGT er spesielt fast n\u00e5r:<\/p>\n<ul>\n<li>Sj\u00e5f\u00f8ren har epilepsi (anfall og tap av bevissthet er uforenlig med kj\u00f8ring)<\/li>\n<li>Det er en historie med hjerneslag, spesielt hvis mobilitet, syn eller oppmerksomhet fortsatt er p\u00e5virket<\/li>\n<\/ul>\n<p>Leger m\u00e5 vise at det ikke er noen vedvarende risiko for plutselige episoder.<\/p>\n<h3>Endokrine lidelser<\/h3>\n<p>Dette inkluderer:<\/p>\n<ul>\n<li>Insulinavhengig diabetes, som kan for\u00e5rsake farlige fall i blodsukkeret<\/li>\n<li>Alvorlige skjoldbruskkjertelforstyrrelser, som kan utl\u00f8se skjelvinger, tretthet, forvirring eller overdreven agitasjon<\/li>\n<\/ul>\n<p>Hvis behandlingen er stabil, er fornyelse vanligvis mulig \u2013 men med tettere oppf\u00f8lging.<\/p>\n<h3>Luftveissykdommer<\/h3>\n<p>Her er den st\u00f8rste bekymringen obstruktiv s\u00f8vnapn\u00e9, spesielt n\u00e5r den er ledsaget av moderat til alvorlig s\u00f8vnighet p\u00e5 dagtid. Mikros\u00f8vn ved rattet kan f\u00f8re til katastrofale krasj, s\u00e5 sj\u00e5f\u00f8rene vil ofte f\u00e5 kortere fornyelser knyttet til suksess i behandlingen.<\/p>\n<h3>Kreft og hematologiske sykdommer<\/h3>\n<p>Kjemoterapi og str\u00e5lebehandling kan f\u00f8re til:<\/p>\n<ul>\n<li>Ekstrem tretthet<\/li>\n<li>Langsommere reaksjoner<\/li>\n<li>Kognitiv t\u00e5ke<\/li>\n<\/ul>\n<p>N\u00e5r disse symptomene er tilstede, kan leger midlertidig blokkere fornyelse inntil behandlingseffektene blir bedre.<\/p>\n<h3>Motoriske og bevegelseshemninger<\/h3>\n<p>Hvis ledd, lemmer eller ryggraden er alvorlig p\u00e5virket, kan den fysiske kontrollen over kj\u00f8ret\u00f8yet bli kompromittert. Tilpassede kj\u00f8ret\u00f8y kan tillate fornyelse &#8211; men bare etter spesifikke medisinske og kj\u00f8revurderinger.<\/p>\n<h2>Hva dette betyr for sj\u00e5f\u00f8rer i Spania<\/h2>\n<p>Hvis du er avhengig av bilen din for arbeid, familie eller uavhengighet, kan dette nye systemet f\u00f8les skremmende. Men DGT insisterer p\u00e5 at m\u00e5let er rettferdighet og forebygging \u2013 ikke \u00e5 fjerne lisenser fra alle med en diagnose.<\/p>\n<p>Noen sj\u00e5f\u00f8rer vil beholde sertifikatet, men med:<\/p>\n<ul>\n<li>Kortere fornyelsesperioder (1\u20133 \u00e5r)<\/li>\n<li> Obligatorisk medisinsk oppf\u00f8lging<\/li>\n<li>N\u00f8dvendig tilpasning av kj\u00f8ret\u00f8yet<\/li>\n<\/ul>\n<p>Andre vil m\u00f8te et midlertidig forbud mens behandlingen stabiliserer seg.<\/p>\n<p>Og ja \u2013 i noen tilfeller vil lisensen rett og slett ikke bli fornyet.<\/p>\n<h2>Hvordan unng\u00e5 uventede d\u00e5rlige nyheter<\/h2>\n<p>DGTs r\u00e5d er enkelt:<\/p>\n<ul>\n<li>Ikke vent til fornyelsesavtalen<\/li>\n<li>Snakk med legen din tidlig om din kondisjon til \u00e5 kj\u00f8re bil<\/li>\n<li>S\u00f8rg for at eventuelle behandlingsplaner er dokumentert og oppdatert<\/li>\n<li>Erkl\u00e6r forholdene \u00e6rlig \u2013 \u00e5 unnlate \u00e5 gj\u00f8re det kan f\u00e5 juridiske konsekvenser<\/li>\n<\/ul>\n<p>En legemelding fra en spesialist kan v\u00e6re forskjellen p\u00e5 \u00e5 beholde uavhengigheten og plutselig miste retten til \u00e5 kj\u00f8re.<\/p>\n<p>Spania vil ha tryggere veier \u2013 og mener strengere medisinske regler er veien dit. Selv om endringene kan komme som et sjokk for mange, forblir systemet personlig, medisinsk og tilpasningsdyktig.<\/p>\n<p>Det er \u00e9n klar takeaway for alle bilister: Hvis helsen din har endret seg, kan f\u00f8rerkortet ditt snart avhenge av hvor godt den tilstanden h\u00e5ndteres.<\/p>\n<p>                    <!-- Originally published at https:\/\/euroweeklynews.com\/2025\/11\/21\/dgt-crackdown-thousands-in-spain-could-lose-their-driving-licence-under-new-health-rules\/ on 21 Nov 2025 at 20:52 by Farah Mokrani --><br \/>\n                    <!-- Article End -->\n                <\/div>\n","protected":false},"excerpt":{"rendered":"<p>Ingen forventer \u00e5 miste f\u00f8rerkortet p\u00e5 grunn av en medisinsk sjekk \u2013 men det kan<\/p>\n","protected":false},"author":1,"featured_media":11984,"comment_status":"closed","ping_status":"open","sticky":false,"template":"","format":"standard","meta":{"footnotes":""},"categories":[105],"tags":[7867,7868,7869,339,2514,260,529,1928],"class_list":["post-11983","post","type-post","status-publish","format-standard","has-post-thumbnail","hentry","category-livsstil","tag-dgttiltak","tag-forerkortet","tag-helseregler","tag-kan","tag-miste","tag-nye","tag-spania","tag-tusenvis","generate-columns","tablet-grid-50","mobile-grid-100","grid-parent","grid-33","resize-featured-image"],"yoast_head":"<!-- This site is optimized with the Yoast SEO plugin v24.4 - https:\/\/yoast.com\/wordpress\/plugins\/seo\/ -->\n<title>DGT-tiltak: Tusenvis i Spania kan miste f\u00f8rerkortet under nye helseregler - Nordnesrepublikken<\/title>\n<meta name=\"robots\" content=\"index, follow, max-snippet:-1, max-image-preview:large, max-video-preview:-1\" \/>\n<link rel=\"canonical\" href=\"https:\/\/nordnesrepublikken.no\/index.php\/2025\/11\/22\/dgt-tiltak-tusenvis-i-spania-kan-miste-forerkortet-under-nye-helseregler\/\" \/>\n<meta property=\"og:locale\" content=\"nb_NO\" \/>\n<meta property=\"og:type\" content=\"article\" \/>\n<meta property=\"og:title\" content=\"DGT-tiltak: Tusenvis i Spania kan miste f\u00f8rerkortet under nye helseregler - Nordnesrepublikken\" \/>\n<meta property=\"og:description\" content=\"Ingen forventer \u00e5 miste f\u00f8rerkortet p\u00e5 grunn av en medisinsk sjekk \u2013 men det kan\" \/>\n<meta property=\"og:url\" content=\"https:\/\/nordnesrepublikken.no\/index.php\/2025\/11\/22\/dgt-tiltak-tusenvis-i-spania-kan-miste-forerkortet-under-nye-helseregler\/\" \/>\n<meta property=\"og:site_name\" content=\"Nordnesrepublikken\" \/>\n<meta property=\"article:published_time\" content=\"2025-11-22T02:50:31+00:00\" \/>\n<meta property=\"article:modified_time\" content=\"2025-11-22T02:50:33+00:00\" \/>\n<meta property=\"og:image\" content=\"https:\/\/nordnesrepublikken.no\/wp-content\/uploads\/2025\/11\/1763779832_DGT-tiltak-Tusenvis-i-Spania-kan-miste-forerkortet-under-nye-helseregler.jpg\" \/>\n\t<meta property=\"og:image:width\" content=\"1200\" \/>\n\t<meta property=\"og:image:height\" content=\"800\" \/>\n\t<meta property=\"og:image:type\" content=\"image\/jpeg\" \/>\n<meta name=\"author\" content=\"Ole Andersen\" \/>\n<meta name=\"twitter:card\" content=\"summary_large_image\" \/>\n<meta name=\"twitter:label1\" content=\"Skrevet av\" \/>\n\t<meta name=\"twitter:data1\" content=\"Ole Andersen\" \/>\n\t<meta name=\"twitter:label2\" content=\"Ansl. lesetid\" \/>\n\t<meta name=\"twitter:data2\" content=\"4 minutter\" \/>\n<script type=\"application\/ld+json\" class=\"yoast-schema-graph\">{\"@context\":\"https:\/\/schema.org\",\"@graph\":[{\"@type\":\"Article\",\"@id\":\"https:\/\/nordnesrepublikken.no\/index.php\/2025\/11\/22\/dgt-tiltak-tusenvis-i-spania-kan-miste-forerkortet-under-nye-helseregler\/#article\",\"isPartOf\":{\"@id\":\"https:\/\/nordnesrepublikken.no\/index.php\/2025\/11\/22\/dgt-tiltak-tusenvis-i-spania-kan-miste-forerkortet-under-nye-helseregler\/\"},\"author\":{\"name\":\"Ole Andersen\",\"@id\":\"https:\/\/nordnesrepublikken.no\/#\/schema\/person\/2e7e81935bab77882fffb79296240ff1\"},\"headline\":\"DGT-tiltak: Tusenvis i Spania kan miste f\u00f8rerkortet under nye helseregler\",\"datePublished\":\"2025-11-22T02:50:31+00:00\",\"dateModified\":\"2025-11-22T02:50:33+00:00\",\"mainEntityOfPage\":{\"@id\":\"https:\/\/nordnesrepublikken.no\/index.php\/2025\/11\/22\/dgt-tiltak-tusenvis-i-spania-kan-miste-forerkortet-under-nye-helseregler\/\"},\"wordCount\":827,\"publisher\":{\"@id\":\"https:\/\/nordnesrepublikken.no\/#organization\"},\"image\":{\"@id\":\"https:\/\/nordnesrepublikken.no\/index.php\/2025\/11\/22\/dgt-tiltak-tusenvis-i-spania-kan-miste-forerkortet-under-nye-helseregler\/#primaryimage\"},\"thumbnailUrl\":\"https:\/\/nordnesrepublikken.no\/wp-content\/uploads\/2025\/11\/1763779832_DGT-tiltak-Tusenvis-i-Spania-kan-miste-forerkortet-under-nye-helseregler.jpg\",\"keywords\":[\"DGTtiltak\",\"f\u00f8rerkortet\",\"helseregler\",\"kan\",\"miste\",\"nye\",\"Spania\",\"tusenvis\"],\"articleSection\":[\"Livsstil\"],\"inLanguage\":\"nb-NO\"},{\"@type\":\"WebPage\",\"@id\":\"https:\/\/nordnesrepublikken.no\/index.php\/2025\/11\/22\/dgt-tiltak-tusenvis-i-spania-kan-miste-forerkortet-under-nye-helseregler\/\",\"url\":\"https:\/\/nordnesrepublikken.no\/index.php\/2025\/11\/22\/dgt-tiltak-tusenvis-i-spania-kan-miste-forerkortet-under-nye-helseregler\/\",\"name\":\"DGT-tiltak: Tusenvis i Spania kan miste f\u00f8rerkortet under nye helseregler - Nordnesrepublikken\",\"isPartOf\":{\"@id\":\"https:\/\/nordnesrepublikken.no\/#website\"},\"primaryImageOfPage\":{\"@id\":\"https:\/\/nordnesrepublikken.no\/index.php\/2025\/11\/22\/dgt-tiltak-tusenvis-i-spania-kan-miste-forerkortet-under-nye-helseregler\/#primaryimage\"},\"image\":{\"@id\":\"https:\/\/nordnesrepublikken.no\/index.php\/2025\/11\/22\/dgt-tiltak-tusenvis-i-spania-kan-miste-forerkortet-under-nye-helseregler\/#primaryimage\"},\"thumbnailUrl\":\"https:\/\/nordnesrepublikken.no\/wp-content\/uploads\/2025\/11\/1763779832_DGT-tiltak-Tusenvis-i-Spania-kan-miste-forerkortet-under-nye-helseregler.jpg\",\"datePublished\":\"2025-11-22T02:50:31+00:00\",\"dateModified\":\"2025-11-22T02:50:33+00:00\",\"breadcrumb\":{\"@id\":\"https:\/\/nordnesrepublikken.no\/index.php\/2025\/11\/22\/dgt-tiltak-tusenvis-i-spania-kan-miste-forerkortet-under-nye-helseregler\/#breadcrumb\"},\"inLanguage\":\"nb-NO\",\"potentialAction\":[{\"@type\":\"ReadAction\",\"target\":[\"https:\/\/nordnesrepublikken.no\/index.php\/2025\/11\/22\/dgt-tiltak-tusenvis-i-spania-kan-miste-forerkortet-under-nye-helseregler\/\"]}]},{\"@type\":\"ImageObject\",\"inLanguage\":\"nb-NO\",\"@id\":\"https:\/\/nordnesrepublikken.no\/index.php\/2025\/11\/22\/dgt-tiltak-tusenvis-i-spania-kan-miste-forerkortet-under-nye-helseregler\/#primaryimage\",\"url\":\"https:\/\/nordnesrepublikken.no\/wp-content\/uploads\/2025\/11\/1763779832_DGT-tiltak-Tusenvis-i-Spania-kan-miste-forerkortet-under-nye-helseregler.jpg\",\"contentUrl\":\"https:\/\/nordnesrepublikken.no\/wp-content\/uploads\/2025\/11\/1763779832_DGT-tiltak-Tusenvis-i-Spania-kan-miste-forerkortet-under-nye-helseregler.jpg\",\"width\":1200,\"height\":800,\"caption\":\"DGT-tiltak: Tusenvis i Spania kan miste f\u00f8rerkortet under nye helseregler\"},{\"@type\":\"BreadcrumbList\",\"@id\":\"https:\/\/nordnesrepublikken.no\/index.php\/2025\/11\/22\/dgt-tiltak-tusenvis-i-spania-kan-miste-forerkortet-under-nye-helseregler\/#breadcrumb\",\"itemListElement\":[{\"@type\":\"ListItem\",\"position\":1,\"name\":\"Home\",\"item\":\"https:\/\/nordnesrepublikken.no\/\"},{\"@type\":\"ListItem\",\"position\":2,\"name\":\"DGT-tiltak: Tusenvis i Spania kan miste f\u00f8rerkortet under nye helseregler\"}]},{\"@type\":\"WebSite\",\"@id\":\"https:\/\/nordnesrepublikken.no\/#website\",\"url\":\"https:\/\/nordnesrepublikken.no\/\",\"name\":\"Nordnesrepublikken\",\"description\":\"Stemmer og Visjoner fra Republikkens Hjerte\",\"publisher\":{\"@id\":\"https:\/\/nordnesrepublikken.no\/#organization\"},\"potentialAction\":[{\"@type\":\"SearchAction\",\"target\":{\"@type\":\"EntryPoint\",\"urlTemplate\":\"https:\/\/nordnesrepublikken.no\/?s={search_term_string}\"},\"query-input\":{\"@type\":\"PropertyValueSpecification\",\"valueRequired\":true,\"valueName\":\"search_term_string\"}}],\"inLanguage\":\"nb-NO\"},{\"@type\":\"Organization\",\"@id\":\"https:\/\/nordnesrepublikken.no\/#organization\",\"name\":\"Nordnesrepublikken\",\"url\":\"https:\/\/nordnesrepublikken.no\/\",\"logo\":{\"@type\":\"ImageObject\",\"inLanguage\":\"nb-NO\",\"@id\":\"https:\/\/nordnesrepublikken.no\/#\/schema\/logo\/image\/\",\"url\":\"https:\/\/nordnesrepublikken.no\/wp-content\/uploads\/2025\/02\/cropped-nordnesrepublikken-2.png\",\"contentUrl\":\"https:\/\/nordnesrepublikken.no\/wp-content\/uploads\/2025\/02\/cropped-nordnesrepublikken-2.png\",\"width\":1248,\"height\":362,\"caption\":\"Nordnesrepublikken\"},\"image\":{\"@id\":\"https:\/\/nordnesrepublikken.no\/#\/schema\/logo\/image\/\"}},{\"@type\":\"Person\",\"@id\":\"https:\/\/nordnesrepublikken.no\/#\/schema\/person\/2e7e81935bab77882fffb79296240ff1\",\"name\":\"Ole Andersen\",\"image\":{\"@type\":\"ImageObject\",\"inLanguage\":\"nb-NO\",\"@id\":\"https:\/\/nordnesrepublikken.no\/#\/schema\/person\/image\/\",\"url\":\"https:\/\/nordnesrepublikken.no\/wp-content\/uploads\/2025\/02\/nordnesrepublikken-2-2-150x150.jpg\",\"contentUrl\":\"https:\/\/nordnesrepublikken.no\/wp-content\/uploads\/2025\/02\/nordnesrepublikken-2-2-150x150.jpg\",\"caption\":\"Ole Andersen\"},\"description\":\"Ettersom jeg vokste opp i Oslo, har jeg alltid v\u00e6rt fascinert av ordenes kraft og deres evne til \u00e5 skape endringer. Etter \u00e5 ha fullf\u00f8rt min utdannelse i kommunikasjon ved Universitetet i Bergen, fikk jeg muligheten til \u00e5 jobbe innen ulike medier, der jeg har s\u00f8kt \u00e5 belyse viktige samfunnssp\u00f8rsm\u00e5l. I dag, som redakt\u00f8r for Nordnesrepublikken, pr\u00f8ver jeg \u00e5 forene min kj\u00e6rlighet for journalistikk med min lidenskap for innovasjon og eventyr.\",\"sameAs\":[\"https:\/\/nordnesrepublikken.no\/\"]}]}<\/script>\n<!-- \/ Yoast SEO plugin. -->","yoast_head_json":{"title":"DGT-tiltak: Tusenvis i Spania kan miste f\u00f8rerkortet under nye helseregler - Nordnesrepublikken","robots":{"index":"index","follow":"follow","max-snippet":"max-snippet:-1","max-image-preview":"max-image-preview:large","max-video-preview":"max-video-preview:-1"},"canonical":"https:\/\/nordnesrepublikken.no\/index.php\/2025\/11\/22\/dgt-tiltak-tusenvis-i-spania-kan-miste-forerkortet-under-nye-helseregler\/","og_locale":"nb_NO","og_type":"article","og_title":"DGT-tiltak: Tusenvis i Spania kan miste f\u00f8rerkortet under nye helseregler - Nordnesrepublikken","og_description":"Ingen forventer \u00e5 miste f\u00f8rerkortet p\u00e5 grunn av en medisinsk sjekk \u2013 men det kan","og_url":"https:\/\/nordnesrepublikken.no\/index.php\/2025\/11\/22\/dgt-tiltak-tusenvis-i-spania-kan-miste-forerkortet-under-nye-helseregler\/","og_site_name":"Nordnesrepublikken","article_published_time":"2025-11-22T02:50:31+00:00","article_modified_time":"2025-11-22T02:50:33+00:00","og_image":[{"width":1200,"height":800,"url":"https:\/\/nordnesrepublikken.no\/wp-content\/uploads\/2025\/11\/1763779832_DGT-tiltak-Tusenvis-i-Spania-kan-miste-forerkortet-under-nye-helseregler.jpg","type":"image\/jpeg"}],"author":"Ole Andersen","twitter_card":"summary_large_image","twitter_misc":{"Skrevet av":"Ole Andersen","Ansl. lesetid":"4 minutter"},"schema":{"@context":"https:\/\/schema.org","@graph":[{"@type":"Article","@id":"https:\/\/nordnesrepublikken.no\/index.php\/2025\/11\/22\/dgt-tiltak-tusenvis-i-spania-kan-miste-forerkortet-under-nye-helseregler\/#article","isPartOf":{"@id":"https:\/\/nordnesrepublikken.no\/index.php\/2025\/11\/22\/dgt-tiltak-tusenvis-i-spania-kan-miste-forerkortet-under-nye-helseregler\/"},"author":{"name":"Ole Andersen","@id":"https:\/\/nordnesrepublikken.no\/#\/schema\/person\/2e7e81935bab77882fffb79296240ff1"},"headline":"DGT-tiltak: Tusenvis i Spania kan miste f\u00f8rerkortet under nye helseregler","datePublished":"2025-11-22T02:50:31+00:00","dateModified":"2025-11-22T02:50:33+00:00","mainEntityOfPage":{"@id":"https:\/\/nordnesrepublikken.no\/index.php\/2025\/11\/22\/dgt-tiltak-tusenvis-i-spania-kan-miste-forerkortet-under-nye-helseregler\/"},"wordCount":827,"publisher":{"@id":"https:\/\/nordnesrepublikken.no\/#organization"},"image":{"@id":"https:\/\/nordnesrepublikken.no\/index.php\/2025\/11\/22\/dgt-tiltak-tusenvis-i-spania-kan-miste-forerkortet-under-nye-helseregler\/#primaryimage"},"thumbnailUrl":"https:\/\/nordnesrepublikken.no\/wp-content\/uploads\/2025\/11\/1763779832_DGT-tiltak-Tusenvis-i-Spania-kan-miste-forerkortet-under-nye-helseregler.jpg","keywords":["DGTtiltak","f\u00f8rerkortet","helseregler","kan","miste","nye","Spania","tusenvis"],"articleSection":["Livsstil"],"inLanguage":"nb-NO"},{"@type":"WebPage","@id":"https:\/\/nordnesrepublikken.no\/index.php\/2025\/11\/22\/dgt-tiltak-tusenvis-i-spania-kan-miste-forerkortet-under-nye-helseregler\/","url":"https:\/\/nordnesrepublikken.no\/index.php\/2025\/11\/22\/dgt-tiltak-tusenvis-i-spania-kan-miste-forerkortet-under-nye-helseregler\/","name":"DGT-tiltak: Tusenvis i Spania kan miste f\u00f8rerkortet under nye helseregler - Nordnesrepublikken","isPartOf":{"@id":"https:\/\/nordnesrepublikken.no\/#website"},"primaryImageOfPage":{"@id":"https:\/\/nordnesrepublikken.no\/index.php\/2025\/11\/22\/dgt-tiltak-tusenvis-i-spania-kan-miste-forerkortet-under-nye-helseregler\/#primaryimage"},"image":{"@id":"https:\/\/nordnesrepublikken.no\/index.php\/2025\/11\/22\/dgt-tiltak-tusenvis-i-spania-kan-miste-forerkortet-under-nye-helseregler\/#primaryimage"},"thumbnailUrl":"https:\/\/nordnesrepublikken.no\/wp-content\/uploads\/2025\/11\/1763779832_DGT-tiltak-Tusenvis-i-Spania-kan-miste-forerkortet-under-nye-helseregler.jpg","datePublished":"2025-11-22T02:50:31+00:00","dateModified":"2025-11-22T02:50:33+00:00","breadcrumb":{"@id":"https:\/\/nordnesrepublikken.no\/index.php\/2025\/11\/22\/dgt-tiltak-tusenvis-i-spania-kan-miste-forerkortet-under-nye-helseregler\/#breadcrumb"},"inLanguage":"nb-NO","potentialAction":[{"@type":"ReadAction","target":["https:\/\/nordnesrepublikken.no\/index.php\/2025\/11\/22\/dgt-tiltak-tusenvis-i-spania-kan-miste-forerkortet-under-nye-helseregler\/"]}]},{"@type":"ImageObject","inLanguage":"nb-NO","@id":"https:\/\/nordnesrepublikken.no\/index.php\/2025\/11\/22\/dgt-tiltak-tusenvis-i-spania-kan-miste-forerkortet-under-nye-helseregler\/#primaryimage","url":"https:\/\/nordnesrepublikken.no\/wp-content\/uploads\/2025\/11\/1763779832_DGT-tiltak-Tusenvis-i-Spania-kan-miste-forerkortet-under-nye-helseregler.jpg","contentUrl":"https:\/\/nordnesrepublikken.no\/wp-content\/uploads\/2025\/11\/1763779832_DGT-tiltak-Tusenvis-i-Spania-kan-miste-forerkortet-under-nye-helseregler.jpg","width":1200,"height":800,"caption":"DGT-tiltak: Tusenvis i Spania kan miste f\u00f8rerkortet under nye helseregler"},{"@type":"BreadcrumbList","@id":"https:\/\/nordnesrepublikken.no\/index.php\/2025\/11\/22\/dgt-tiltak-tusenvis-i-spania-kan-miste-forerkortet-under-nye-helseregler\/#breadcrumb","itemListElement":[{"@type":"ListItem","position":1,"name":"Home","item":"https:\/\/nordnesrepublikken.no\/"},{"@type":"ListItem","position":2,"name":"DGT-tiltak: Tusenvis i Spania kan miste f\u00f8rerkortet under nye helseregler"}]},{"@type":"WebSite","@id":"https:\/\/nordnesrepublikken.no\/#website","url":"https:\/\/nordnesrepublikken.no\/","name":"Nordnesrepublikken","description":"Stemmer og Visjoner fra Republikkens Hjerte","publisher":{"@id":"https:\/\/nordnesrepublikken.no\/#organization"},"potentialAction":[{"@type":"SearchAction","target":{"@type":"EntryPoint","urlTemplate":"https:\/\/nordnesrepublikken.no\/?s={search_term_string}"},"query-input":{"@type":"PropertyValueSpecification","valueRequired":true,"valueName":"search_term_string"}}],"inLanguage":"nb-NO"},{"@type":"Organization","@id":"https:\/\/nordnesrepublikken.no\/#organization","name":"Nordnesrepublikken","url":"https:\/\/nordnesrepublikken.no\/","logo":{"@type":"ImageObject","inLanguage":"nb-NO","@id":"https:\/\/nordnesrepublikken.no\/#\/schema\/logo\/image\/","url":"https:\/\/nordnesrepublikken.no\/wp-content\/uploads\/2025\/02\/cropped-nordnesrepublikken-2.png","contentUrl":"https:\/\/nordnesrepublikken.no\/wp-content\/uploads\/2025\/02\/cropped-nordnesrepublikken-2.png","width":1248,"height":362,"caption":"Nordnesrepublikken"},"image":{"@id":"https:\/\/nordnesrepublikken.no\/#\/schema\/logo\/image\/"}},{"@type":"Person","@id":"https:\/\/nordnesrepublikken.no\/#\/schema\/person\/2e7e81935bab77882fffb79296240ff1","name":"Ole Andersen","image":{"@type":"ImageObject","inLanguage":"nb-NO","@id":"https:\/\/nordnesrepublikken.no\/#\/schema\/person\/image\/","url":"https:\/\/nordnesrepublikken.no\/wp-content\/uploads\/2025\/02\/nordnesrepublikken-2-2-150x150.jpg","contentUrl":"https:\/\/nordnesrepublikken.no\/wp-content\/uploads\/2025\/02\/nordnesrepublikken-2-2-150x150.jpg","caption":"Ole Andersen"},"description":"Ettersom jeg vokste opp i Oslo, har jeg alltid v\u00e6rt fascinert av ordenes kraft og deres evne til \u00e5 skape endringer. Etter \u00e5 ha fullf\u00f8rt min utdannelse i kommunikasjon ved Universitetet i Bergen, fikk jeg muligheten til \u00e5 jobbe innen ulike medier, der jeg har s\u00f8kt \u00e5 belyse viktige samfunnssp\u00f8rsm\u00e5l. I dag, som redakt\u00f8r for Nordnesrepublikken, pr\u00f8ver jeg \u00e5 forene min kj\u00e6rlighet for journalistikk med min lidenskap for innovasjon og eventyr.","sameAs":["https:\/\/nordnesrepublikken.no\/"]}]}},"_links":{"self":[{"href":"https:\/\/nordnesrepublikken.no\/index.php\/wp-json\/wp\/v2\/posts\/11983","targetHints":{"allow":["GET"]}}],"collection":[{"href":"https:\/\/nordnesrepublikken.no\/index.php\/wp-json\/wp\/v2\/posts"}],"about":[{"href":"https:\/\/nordnesrepublikken.no\/index.php\/wp-json\/wp\/v2\/types\/post"}],"author":[{"embeddable":true,"href":"https:\/\/nordnesrepublikken.no\/index.php\/wp-json\/wp\/v2\/users\/1"}],"replies":[{"embeddable":true,"href":"https:\/\/nordnesrepublikken.no\/index.php\/wp-json\/wp\/v2\/comments?post=11983"}],"version-history":[{"count":1,"href":"https:\/\/nordnesrepublikken.no\/index.php\/wp-json\/wp\/v2\/posts\/11983\/revisions"}],"predecessor-version":[{"id":11985,"href":"https:\/\/nordnesrepublikken.no\/index.php\/wp-json\/wp\/v2\/posts\/11983\/revisions\/11985"}],"wp:featuredmedia":[{"embeddable":true,"href":"https:\/\/nordnesrepublikken.no\/index.php\/wp-json\/wp\/v2\/media\/11984"}],"wp:attachment":[{"href":"https:\/\/nordnesrepublikken.no\/index.php\/wp-json\/wp\/v2\/media?parent=11983"}],"wp:term":[{"taxonomy":"category","embeddable":true,"href":"https:\/\/nordnesrepublikken.no\/index.php\/wp-json\/wp\/v2\/categories?post=11983"},{"taxonomy":"post_tag","embeddable":true,"href":"https:\/\/nordnesrepublikken.no\/index.php\/wp-json\/wp\/v2\/tags?post=11983"}],"curies":[{"name":"wp","href":"https:\/\/api.w.org\/{rel}","templated":true}]}}