{"id":11968,"date":"2025-11-21T16:51:36","date_gmt":"2025-11-21T15:51:36","guid":{"rendered":"https:\/\/nordnesrepublikken.no\/index.php\/2025\/11\/21\/hva-sier-fredsplanen-for-ukraina-og-hvorfor-det-ville-vaere-problematisk-for-kiev-a-godta-den\/"},"modified":"2025-11-21T16:51:48","modified_gmt":"2025-11-21T15:51:48","slug":"hva-sier-fredsplanen-for-ukraina-og-hvorfor-det-ville-vaere-problematisk-for-kiev-a-godta-den","status":"publish","type":"post","link":"https:\/\/nordnesrepublikken.no\/index.php\/2025\/11\/21\/hva-sier-fredsplanen-for-ukraina-og-hvorfor-det-ville-vaere-problematisk-for-kiev-a-godta-den\/","title":{"rendered":"Hva sier fredsplanen for Ukraina og hvorfor det ville v\u00e6re problematisk for Kiev \u00e5 godta den"},"content":{"rendered":"<div>\n<div class=\"cp_wrapper cp_wrapper--fw mb-30 mb-20@tablet\">\n<figure class=\"mm\"><picture class=\"img\" style=\"padding-top:56.25%\"><source  media=\"(min-width: 1024px)\"><source  media=\"(min-width: 768px)\"><\/source><\/source><\/picture><\/figure>\n<\/p><\/div>\n<p>USA presser Ukraina til \u00e5 godta en 28-punkts fredsplan som inkluderer <strong>avst\u00e5 fra <\/strong><b>Kiev til store deler av territoriet<\/b> (inkludert Krim og Donbass) i dag under dens kontroll og som den gir <b>store innr\u00f8mmelser til Russland<\/b>inkludert et forbud mot enhver fremtidig utvidelse av NATO-alliansen i Europa. Washington \u00f8nsker at avtalen skal inng\u00e5s raskt: USAs h\u00e6rsekret\u00e6r Dan Driscoll presenterte planen for president Volodymyr <b>Zelensky<\/b> torsdag skriftlig.<\/p>\n<p>Administrasjonen beskrev planen som en <b>&laquo;dynamisk dokument&raquo;<\/b>med forbehold om endringer basert p\u00e5 diskusjoner med de involverte partene: if\u00f8lge informerte kilder har Ukraina vist seg <b>positive p\u00e5 mange punkter<\/b> under forhandlingene og ville ogs\u00e5 ha klart \u00e5 inkludere noen av foresp\u00f8rslene hans. Imidlertid virker mange aspekter av forhandlingene ubalanserte i forhold til Moskvas posisjoner, noe som s\u00e5r tvil om avtalens fremtidige b\u00e6rekraft og diplomatiske balanse.<\/p>\n<h2>Anerkjennelsen av russisk Krim og Donbass: hva fredsplanen sier<\/h2>\n<p>Planen foresl\u00e5r \u00e5 bekrefte <b>Ukrainas suverenitet<\/b> og \u00e5 etablere en <b>ikke-angrepsavtale<\/b> mellom Russland, Ukraina og Europa, med Moskva som ikke invaderer nabolandene og NATO som ikke utvider seg ytterligere. Den s\u00f8rger for de facto anerkjennelse av <b>Krim og Luhansk- og Donetsk-regionene<\/b> som russisk, frysing av kontaktlinjer i Kherson- og Zaporizhzhia-omr\u00e5dene og opprettelsen av en <b>demilitarisert sone<\/b> i Donetsk under russisk kontroll. Ukrainske styrker vil derfor m\u00e5tte trekke seg fullstendig ut av regionen <b>Donetsk<\/b>hvorav deler for tiden er under deres kontroll.<\/p>\n<p>Dokumentet planlegger ogs\u00e5 \u00e5 begrense de ukrainske v\u00e6pnede styrker til <b>600 000 effektive<\/b>sammenlignet med over 900 000 for tiden, og \u00e5 inkludere i landets grunnlov forpliktelsen til ikke \u00e5 s\u00f8ke medlemskap i <b>F\u00f8dt<\/b>. Trump ville presidere over en <b>&laquo;Fredsstyret&raquo;<\/b> ansvarlig for \u00e5 overv\u00e5ke v\u00e5penhvilen og gjennomf\u00f8ringen av planen, lik den som er foresl\u00e5tt for v\u00e5penhvilen i Gaza mellom Israel og Hamas. De <b>USAs sanksjoner<\/b> Russland ville bli fjernet <b>i avtalte faser<\/b> og Moskva ville bli invitert til \u00e5 bli med igjen <b>G8<\/b>og avsluttet sine \u00e5r med internasjonal isolasjon etter invasjonen av Ukraina i 2022 og den tvungne annekteringen av <b>Krim<\/b> i 2014.<\/p>\n<p>Dokumentet gir ogs\u00e5 det <b>100 milliarder dollar<\/b> av frosne russiske suverene eiendeler er investert i et USA-ledet prosjekt for \u00e5 <b>gjenoppbygge Ukraina<\/b>med Washington som mottar 50 % av initiativets fortjeneste. De resterende frosne russiske midlene vil bli \u00f8remerket til en <b>USA-Russland felles investeringsbil<\/b> for utvikling av &laquo;felles prosjekter i spesifikke sektorer&raquo;.<\/p>\n<p>Alle deler <b>de ville f\u00e5 amnesti<\/b> for handlinger utf\u00f8rt under krigen, som antagelig betyr at russiske tjenestemenn og soldater ikke kunne straffeforf\u00f8lges for<b> krigsforbrytelser.<\/b> Videre legger planen ogs\u00e5 opp til at<b>Ukraina holder valg innen 100 dager<\/b> fra inng\u00e5elsen av en avtale: Kiev vil i alle fall kunne f\u00e5 tilgang til det europeiske markedet og strebe etter \u00e5 bli med i EU.<\/p>\n<h2>Kjernen av sikkerhetsgarantier<\/h2>\n<p>Planen i <b>28 poeng<\/b> det st\u00e5r bare det <b>&laquo;Ukraina vil motta p\u00e5litelige sikkerhetsgarantier.&raquo;<\/b> Parallelt, if\u00f8lge offisielle kilder, presenterte USA ukrainerne et annet utkast til avtale, som inkluderer en sikkerhetsgaranti etter modell av<b>Artikkel 5 i NATO<\/b>som ville forplikte USA og dets europeiske allierte til \u00e5 behandle et angrep p\u00e5 Ukraina som et angrep i det hele tatt <b>&laquo;transatlantisk samfunn&raquo;.<\/b><\/p>\n<p>Det fastsl\u00e5r at enhver fremtid <b>&laquo;betydelig, bevisst og langvarig v\u00e6pnet angrep&raquo;<\/b> av Russland mot Ukraina &laquo;vil bli betraktet som et angrep som truer freden og sikkerheten til det transatlantiske samfunnet,&raquo; og at USA og dets allierte vil svare deretter, <b>inkludert bruk av milit\u00e6r makt<\/b>. Det hvite hus sa at Russland har blitt informert om utkastet, men forslaget m\u00e5 ogs\u00e5 diskuteres med <b>europeiske partnere<\/b> og kan fortsatt endres.<\/p>\n<h2>Ukrainas tvil og fremtiden til forhandlingene<\/h2>\n<p>Kiev har lenge hevdet at slike forhold eksisterer <b>uakseptabelt<\/b> for eventuelle fredsforhandlinger, da de ville gj\u00f8re det s\u00e5rbart for fremtidig russisk aggresjon. Zelensky har n\u00e5 et forslag i h\u00e5nden som ville tvinge ham til det <b>avgi enda mer territorium <\/b>Ukrainske enn Russland kontrollerer for tiden og \u00e5 se Russland <b>velkommen tilbake i det internasjonale samfunnet<\/b>med opphevet sanksjoner og amnesti for krigsforbrytelser.<\/p>\n<p>Forbudet mot fremtidig NATO-utvidelse forvandler Ukraina til en stat <strong>formelt suverent, men milit\u00e6rt og strategisk bundet<\/strong>ensidig styrking av Russlands posisjon. Planen garanterer en formell fred, men hvis de endelige betingelsene forblir som i dag <strong>Ukraina ville betale en sv\u00e6rt h\u00f8y kostnad<\/strong>: tap av strategiske territorier, milit\u00e6r reduksjon, legitimering av Russland og begrensninger p\u00e5 politisk og milit\u00e6r suverenitet.<\/p>\n<p>For Kiev betyr det \u00e5 avst\u00e5 de involverte territoriene \u00e5 miste ressurser, industriell infrastruktur og \u00f8konomisk kontroll, samt en sterk symbolsk og moralsk innvirkning p\u00e5 befolkningen. P\u00e5 den annen side, med unntak av disse smertefulle innr\u00f8mmelsene, ville planen tilby Zelensky en <b>sterkere garanti mot ytterligere russisk aggresjon<\/b> enn det s\u00e5 ut til \u00e5 v\u00e6re mulig \u00e5 lytte til Trumps uttalelser s\u00e5 langt. \u00c5 oppn\u00e5 disse garantiene var Zelenskys hovedm\u00e5l i forhandlingene og er <b>f\u00f8rste gang<\/b> at USA setter dem ned svart p\u00e5 hvitt.<\/p>\n<p>Samtidig veier ogs\u00e5 beslutningene til den ukrainske lederen p\u00e5 dette stadiet <b>intern politisk svakhet<\/b>i kj\u00f8lvannet av korrupsjonsskandalen i energisektoren som involverer ministre og figurer n\u00e6r Zelensky. Den ukrainske presidenten sa at han forventet \u00e5 diskutere planen med Trump \u00abi de kommende dagene\u00bb, og sa at enhver avtale m\u00e5 f\u00f8re til en <b>\u00abverdig fred\u00bb<\/b> som respekterer Kievs suverenitet.<\/p>\n<\/p><\/div>\n","protected":false},"excerpt":{"rendered":"<p>USA presser Ukraina til \u00e5 godta en 28-punkts fredsplan som inkluderer avst\u00e5 fra Kiev til<\/p>\n","protected":false},"author":1,"featured_media":11969,"comment_status":"closed","ping_status":"open","sticky":false,"template":"","format":"standard","meta":{"footnotes":""},"categories":[23],"tags":[74,66,6827,7856,144,101,1204,7855,752,148,290,723],"class_list":["post-11968","post","type-post","status-publish","format-standard","has-post-thumbnail","hentry","category-politikk","tag-den","tag-det","tag-fredsplanen","tag-godta","tag-hva","tag-hvorfor","tag-kiev","tag-problematisk","tag-sier","tag-ukraina","tag-vaere","tag-ville","generate-columns","tablet-grid-50","mobile-grid-100","grid-parent","grid-33","resize-featured-image"],"yoast_head":"<!-- This site is optimized with the Yoast SEO plugin v24.4 - https:\/\/yoast.com\/wordpress\/plugins\/seo\/ -->\n<title>Hva sier fredsplanen for Ukraina og hvorfor det ville v\u00e6re problematisk for Kiev \u00e5 godta den - Nordnesrepublikken<\/title>\n<meta name=\"robots\" content=\"index, follow, max-snippet:-1, max-image-preview:large, max-video-preview:-1\" \/>\n<link rel=\"canonical\" href=\"https:\/\/nordnesrepublikken.no\/index.php\/2025\/11\/21\/hva-sier-fredsplanen-for-ukraina-og-hvorfor-det-ville-vaere-problematisk-for-kiev-a-godta-den\/\" \/>\n<meta property=\"og:locale\" content=\"nb_NO\" \/>\n<meta property=\"og:type\" content=\"article\" \/>\n<meta property=\"og:title\" content=\"Hva sier fredsplanen for Ukraina og hvorfor det ville v\u00e6re problematisk for Kiev \u00e5 godta den - Nordnesrepublikken\" \/>\n<meta property=\"og:description\" content=\"USA presser Ukraina til \u00e5 godta en 28-punkts fredsplan som inkluderer avst\u00e5 fra Kiev til\" \/>\n<meta property=\"og:url\" content=\"https:\/\/nordnesrepublikken.no\/index.php\/2025\/11\/21\/hva-sier-fredsplanen-for-ukraina-og-hvorfor-det-ville-vaere-problematisk-for-kiev-a-godta-den\/\" \/>\n<meta property=\"og:site_name\" content=\"Nordnesrepublikken\" \/>\n<meta property=\"article:published_time\" content=\"2025-11-21T15:51:36+00:00\" \/>\n<meta property=\"article:modified_time\" content=\"2025-11-21T15:51:48+00:00\" \/>\n<meta property=\"og:image\" content=\"https:\/\/nordnesrepublikken.no\/wp-content\/uploads\/2025\/11\/1763740297_Hva-sier-fredsplanen-for-Ukraina-og-hvorfor-det-ville-vaere-scaled.jpg\" \/>\n\t<meta property=\"og:image:width\" content=\"2560\" \/>\n\t<meta property=\"og:image:height\" content=\"1440\" \/>\n\t<meta property=\"og:image:type\" content=\"image\/jpeg\" \/>\n<meta name=\"author\" content=\"Ole Andersen\" \/>\n<meta name=\"twitter:card\" content=\"summary_large_image\" \/>\n<meta name=\"twitter:label1\" content=\"Skrevet av\" \/>\n\t<meta name=\"twitter:data1\" content=\"Ole Andersen\" \/>\n\t<meta name=\"twitter:label2\" content=\"Ansl. lesetid\" \/>\n\t<meta name=\"twitter:data2\" content=\"4 minutter\" \/>\n<script type=\"application\/ld+json\" class=\"yoast-schema-graph\">{\"@context\":\"https:\/\/schema.org\",\"@graph\":[{\"@type\":\"Article\",\"@id\":\"https:\/\/nordnesrepublikken.no\/index.php\/2025\/11\/21\/hva-sier-fredsplanen-for-ukraina-og-hvorfor-det-ville-vaere-problematisk-for-kiev-a-godta-den\/#article\",\"isPartOf\":{\"@id\":\"https:\/\/nordnesrepublikken.no\/index.php\/2025\/11\/21\/hva-sier-fredsplanen-for-ukraina-og-hvorfor-det-ville-vaere-problematisk-for-kiev-a-godta-den\/\"},\"author\":{\"name\":\"Ole Andersen\",\"@id\":\"https:\/\/nordnesrepublikken.no\/#\/schema\/person\/2e7e81935bab77882fffb79296240ff1\"},\"headline\":\"Hva sier fredsplanen for Ukraina og hvorfor det ville v\u00e6re problematisk for Kiev \u00e5 godta den\",\"datePublished\":\"2025-11-21T15:51:36+00:00\",\"dateModified\":\"2025-11-21T15:51:48+00:00\",\"mainEntityOfPage\":{\"@id\":\"https:\/\/nordnesrepublikken.no\/index.php\/2025\/11\/21\/hva-sier-fredsplanen-for-ukraina-og-hvorfor-det-ville-vaere-problematisk-for-kiev-a-godta-den\/\"},\"wordCount\":855,\"publisher\":{\"@id\":\"https:\/\/nordnesrepublikken.no\/#organization\"},\"image\":{\"@id\":\"https:\/\/nordnesrepublikken.no\/index.php\/2025\/11\/21\/hva-sier-fredsplanen-for-ukraina-og-hvorfor-det-ville-vaere-problematisk-for-kiev-a-godta-den\/#primaryimage\"},\"thumbnailUrl\":\"https:\/\/nordnesrepublikken.no\/wp-content\/uploads\/2025\/11\/1763740297_Hva-sier-fredsplanen-for-Ukraina-og-hvorfor-det-ville-vaere-scaled.jpg\",\"keywords\":[\"den\",\"Det\",\"fredsplanen\",\"godta\",\"Hva\",\"hvorfor\",\"Kiev\",\"problematisk\",\"sier\",\"Ukraina\",\"v\u00e6re\",\"ville\"],\"articleSection\":[\"Politikk\"],\"inLanguage\":\"nb-NO\"},{\"@type\":\"WebPage\",\"@id\":\"https:\/\/nordnesrepublikken.no\/index.php\/2025\/11\/21\/hva-sier-fredsplanen-for-ukraina-og-hvorfor-det-ville-vaere-problematisk-for-kiev-a-godta-den\/\",\"url\":\"https:\/\/nordnesrepublikken.no\/index.php\/2025\/11\/21\/hva-sier-fredsplanen-for-ukraina-og-hvorfor-det-ville-vaere-problematisk-for-kiev-a-godta-den\/\",\"name\":\"Hva sier fredsplanen for Ukraina og hvorfor det ville v\u00e6re problematisk for Kiev \u00e5 godta den - Nordnesrepublikken\",\"isPartOf\":{\"@id\":\"https:\/\/nordnesrepublikken.no\/#website\"},\"primaryImageOfPage\":{\"@id\":\"https:\/\/nordnesrepublikken.no\/index.php\/2025\/11\/21\/hva-sier-fredsplanen-for-ukraina-og-hvorfor-det-ville-vaere-problematisk-for-kiev-a-godta-den\/#primaryimage\"},\"image\":{\"@id\":\"https:\/\/nordnesrepublikken.no\/index.php\/2025\/11\/21\/hva-sier-fredsplanen-for-ukraina-og-hvorfor-det-ville-vaere-problematisk-for-kiev-a-godta-den\/#primaryimage\"},\"thumbnailUrl\":\"https:\/\/nordnesrepublikken.no\/wp-content\/uploads\/2025\/11\/1763740297_Hva-sier-fredsplanen-for-Ukraina-og-hvorfor-det-ville-vaere-scaled.jpg\",\"datePublished\":\"2025-11-21T15:51:36+00:00\",\"dateModified\":\"2025-11-21T15:51:48+00:00\",\"breadcrumb\":{\"@id\":\"https:\/\/nordnesrepublikken.no\/index.php\/2025\/11\/21\/hva-sier-fredsplanen-for-ukraina-og-hvorfor-det-ville-vaere-problematisk-for-kiev-a-godta-den\/#breadcrumb\"},\"inLanguage\":\"nb-NO\",\"potentialAction\":[{\"@type\":\"ReadAction\",\"target\":[\"https:\/\/nordnesrepublikken.no\/index.php\/2025\/11\/21\/hva-sier-fredsplanen-for-ukraina-og-hvorfor-det-ville-vaere-problematisk-for-kiev-a-godta-den\/\"]}]},{\"@type\":\"ImageObject\",\"inLanguage\":\"nb-NO\",\"@id\":\"https:\/\/nordnesrepublikken.no\/index.php\/2025\/11\/21\/hva-sier-fredsplanen-for-ukraina-og-hvorfor-det-ville-vaere-problematisk-for-kiev-a-godta-den\/#primaryimage\",\"url\":\"https:\/\/nordnesrepublikken.no\/wp-content\/uploads\/2025\/11\/1763740297_Hva-sier-fredsplanen-for-Ukraina-og-hvorfor-det-ville-vaere-scaled.jpg\",\"contentUrl\":\"https:\/\/nordnesrepublikken.no\/wp-content\/uploads\/2025\/11\/1763740297_Hva-sier-fredsplanen-for-Ukraina-og-hvorfor-det-ville-vaere-scaled.jpg\",\"width\":2560,\"height\":1440,\"caption\":\"Hva sier fredsplanen for Ukraina og hvorfor det ville v\u00e6re problematisk for Kiev \u00e5 godta den\"},{\"@type\":\"BreadcrumbList\",\"@id\":\"https:\/\/nordnesrepublikken.no\/index.php\/2025\/11\/21\/hva-sier-fredsplanen-for-ukraina-og-hvorfor-det-ville-vaere-problematisk-for-kiev-a-godta-den\/#breadcrumb\",\"itemListElement\":[{\"@type\":\"ListItem\",\"position\":1,\"name\":\"Home\",\"item\":\"https:\/\/nordnesrepublikken.no\/\"},{\"@type\":\"ListItem\",\"position\":2,\"name\":\"Hva sier fredsplanen for Ukraina og hvorfor det ville v\u00e6re problematisk for Kiev \u00e5 godta den\"}]},{\"@type\":\"WebSite\",\"@id\":\"https:\/\/nordnesrepublikken.no\/#website\",\"url\":\"https:\/\/nordnesrepublikken.no\/\",\"name\":\"Nordnesrepublikken\",\"description\":\"Stemmer og Visjoner fra Republikkens Hjerte\",\"publisher\":{\"@id\":\"https:\/\/nordnesrepublikken.no\/#organization\"},\"potentialAction\":[{\"@type\":\"SearchAction\",\"target\":{\"@type\":\"EntryPoint\",\"urlTemplate\":\"https:\/\/nordnesrepublikken.no\/?s={search_term_string}\"},\"query-input\":{\"@type\":\"PropertyValueSpecification\",\"valueRequired\":true,\"valueName\":\"search_term_string\"}}],\"inLanguage\":\"nb-NO\"},{\"@type\":\"Organization\",\"@id\":\"https:\/\/nordnesrepublikken.no\/#organization\",\"name\":\"Nordnesrepublikken\",\"url\":\"https:\/\/nordnesrepublikken.no\/\",\"logo\":{\"@type\":\"ImageObject\",\"inLanguage\":\"nb-NO\",\"@id\":\"https:\/\/nordnesrepublikken.no\/#\/schema\/logo\/image\/\",\"url\":\"https:\/\/nordnesrepublikken.no\/wp-content\/uploads\/2025\/02\/cropped-nordnesrepublikken-2.png\",\"contentUrl\":\"https:\/\/nordnesrepublikken.no\/wp-content\/uploads\/2025\/02\/cropped-nordnesrepublikken-2.png\",\"width\":1248,\"height\":362,\"caption\":\"Nordnesrepublikken\"},\"image\":{\"@id\":\"https:\/\/nordnesrepublikken.no\/#\/schema\/logo\/image\/\"}},{\"@type\":\"Person\",\"@id\":\"https:\/\/nordnesrepublikken.no\/#\/schema\/person\/2e7e81935bab77882fffb79296240ff1\",\"name\":\"Ole Andersen\",\"image\":{\"@type\":\"ImageObject\",\"inLanguage\":\"nb-NO\",\"@id\":\"https:\/\/nordnesrepublikken.no\/#\/schema\/person\/image\/\",\"url\":\"https:\/\/nordnesrepublikken.no\/wp-content\/uploads\/2025\/02\/nordnesrepublikken-2-2-150x150.jpg\",\"contentUrl\":\"https:\/\/nordnesrepublikken.no\/wp-content\/uploads\/2025\/02\/nordnesrepublikken-2-2-150x150.jpg\",\"caption\":\"Ole Andersen\"},\"description\":\"Ettersom jeg vokste opp i Oslo, har jeg alltid v\u00e6rt fascinert av ordenes kraft og deres evne til \u00e5 skape endringer. Etter \u00e5 ha fullf\u00f8rt min utdannelse i kommunikasjon ved Universitetet i Bergen, fikk jeg muligheten til \u00e5 jobbe innen ulike medier, der jeg har s\u00f8kt \u00e5 belyse viktige samfunnssp\u00f8rsm\u00e5l. I dag, som redakt\u00f8r for Nordnesrepublikken, pr\u00f8ver jeg \u00e5 forene min kj\u00e6rlighet for journalistikk med min lidenskap for innovasjon og eventyr.\",\"sameAs\":[\"https:\/\/nordnesrepublikken.no\/\"]}]}<\/script>\n<!-- \/ Yoast SEO plugin. -->","yoast_head_json":{"title":"Hva sier fredsplanen for Ukraina og hvorfor det ville v\u00e6re problematisk for Kiev \u00e5 godta den - Nordnesrepublikken","robots":{"index":"index","follow":"follow","max-snippet":"max-snippet:-1","max-image-preview":"max-image-preview:large","max-video-preview":"max-video-preview:-1"},"canonical":"https:\/\/nordnesrepublikken.no\/index.php\/2025\/11\/21\/hva-sier-fredsplanen-for-ukraina-og-hvorfor-det-ville-vaere-problematisk-for-kiev-a-godta-den\/","og_locale":"nb_NO","og_type":"article","og_title":"Hva sier fredsplanen for Ukraina og hvorfor det ville v\u00e6re problematisk for Kiev \u00e5 godta den - Nordnesrepublikken","og_description":"USA presser Ukraina til \u00e5 godta en 28-punkts fredsplan som inkluderer avst\u00e5 fra Kiev til","og_url":"https:\/\/nordnesrepublikken.no\/index.php\/2025\/11\/21\/hva-sier-fredsplanen-for-ukraina-og-hvorfor-det-ville-vaere-problematisk-for-kiev-a-godta-den\/","og_site_name":"Nordnesrepublikken","article_published_time":"2025-11-21T15:51:36+00:00","article_modified_time":"2025-11-21T15:51:48+00:00","og_image":[{"width":2560,"height":1440,"url":"https:\/\/nordnesrepublikken.no\/wp-content\/uploads\/2025\/11\/1763740297_Hva-sier-fredsplanen-for-Ukraina-og-hvorfor-det-ville-vaere-scaled.jpg","type":"image\/jpeg"}],"author":"Ole Andersen","twitter_card":"summary_large_image","twitter_misc":{"Skrevet av":"Ole Andersen","Ansl. lesetid":"4 minutter"},"schema":{"@context":"https:\/\/schema.org","@graph":[{"@type":"Article","@id":"https:\/\/nordnesrepublikken.no\/index.php\/2025\/11\/21\/hva-sier-fredsplanen-for-ukraina-og-hvorfor-det-ville-vaere-problematisk-for-kiev-a-godta-den\/#article","isPartOf":{"@id":"https:\/\/nordnesrepublikken.no\/index.php\/2025\/11\/21\/hva-sier-fredsplanen-for-ukraina-og-hvorfor-det-ville-vaere-problematisk-for-kiev-a-godta-den\/"},"author":{"name":"Ole Andersen","@id":"https:\/\/nordnesrepublikken.no\/#\/schema\/person\/2e7e81935bab77882fffb79296240ff1"},"headline":"Hva sier fredsplanen for Ukraina og hvorfor det ville v\u00e6re problematisk for Kiev \u00e5 godta den","datePublished":"2025-11-21T15:51:36+00:00","dateModified":"2025-11-21T15:51:48+00:00","mainEntityOfPage":{"@id":"https:\/\/nordnesrepublikken.no\/index.php\/2025\/11\/21\/hva-sier-fredsplanen-for-ukraina-og-hvorfor-det-ville-vaere-problematisk-for-kiev-a-godta-den\/"},"wordCount":855,"publisher":{"@id":"https:\/\/nordnesrepublikken.no\/#organization"},"image":{"@id":"https:\/\/nordnesrepublikken.no\/index.php\/2025\/11\/21\/hva-sier-fredsplanen-for-ukraina-og-hvorfor-det-ville-vaere-problematisk-for-kiev-a-godta-den\/#primaryimage"},"thumbnailUrl":"https:\/\/nordnesrepublikken.no\/wp-content\/uploads\/2025\/11\/1763740297_Hva-sier-fredsplanen-for-Ukraina-og-hvorfor-det-ville-vaere-scaled.jpg","keywords":["den","Det","fredsplanen","godta","Hva","hvorfor","Kiev","problematisk","sier","Ukraina","v\u00e6re","ville"],"articleSection":["Politikk"],"inLanguage":"nb-NO"},{"@type":"WebPage","@id":"https:\/\/nordnesrepublikken.no\/index.php\/2025\/11\/21\/hva-sier-fredsplanen-for-ukraina-og-hvorfor-det-ville-vaere-problematisk-for-kiev-a-godta-den\/","url":"https:\/\/nordnesrepublikken.no\/index.php\/2025\/11\/21\/hva-sier-fredsplanen-for-ukraina-og-hvorfor-det-ville-vaere-problematisk-for-kiev-a-godta-den\/","name":"Hva sier fredsplanen for Ukraina og hvorfor det ville v\u00e6re problematisk for Kiev \u00e5 godta den - Nordnesrepublikken","isPartOf":{"@id":"https:\/\/nordnesrepublikken.no\/#website"},"primaryImageOfPage":{"@id":"https:\/\/nordnesrepublikken.no\/index.php\/2025\/11\/21\/hva-sier-fredsplanen-for-ukraina-og-hvorfor-det-ville-vaere-problematisk-for-kiev-a-godta-den\/#primaryimage"},"image":{"@id":"https:\/\/nordnesrepublikken.no\/index.php\/2025\/11\/21\/hva-sier-fredsplanen-for-ukraina-og-hvorfor-det-ville-vaere-problematisk-for-kiev-a-godta-den\/#primaryimage"},"thumbnailUrl":"https:\/\/nordnesrepublikken.no\/wp-content\/uploads\/2025\/11\/1763740297_Hva-sier-fredsplanen-for-Ukraina-og-hvorfor-det-ville-vaere-scaled.jpg","datePublished":"2025-11-21T15:51:36+00:00","dateModified":"2025-11-21T15:51:48+00:00","breadcrumb":{"@id":"https:\/\/nordnesrepublikken.no\/index.php\/2025\/11\/21\/hva-sier-fredsplanen-for-ukraina-og-hvorfor-det-ville-vaere-problematisk-for-kiev-a-godta-den\/#breadcrumb"},"inLanguage":"nb-NO","potentialAction":[{"@type":"ReadAction","target":["https:\/\/nordnesrepublikken.no\/index.php\/2025\/11\/21\/hva-sier-fredsplanen-for-ukraina-og-hvorfor-det-ville-vaere-problematisk-for-kiev-a-godta-den\/"]}]},{"@type":"ImageObject","inLanguage":"nb-NO","@id":"https:\/\/nordnesrepublikken.no\/index.php\/2025\/11\/21\/hva-sier-fredsplanen-for-ukraina-og-hvorfor-det-ville-vaere-problematisk-for-kiev-a-godta-den\/#primaryimage","url":"https:\/\/nordnesrepublikken.no\/wp-content\/uploads\/2025\/11\/1763740297_Hva-sier-fredsplanen-for-Ukraina-og-hvorfor-det-ville-vaere-scaled.jpg","contentUrl":"https:\/\/nordnesrepublikken.no\/wp-content\/uploads\/2025\/11\/1763740297_Hva-sier-fredsplanen-for-Ukraina-og-hvorfor-det-ville-vaere-scaled.jpg","width":2560,"height":1440,"caption":"Hva sier fredsplanen for Ukraina og hvorfor det ville v\u00e6re problematisk for Kiev \u00e5 godta den"},{"@type":"BreadcrumbList","@id":"https:\/\/nordnesrepublikken.no\/index.php\/2025\/11\/21\/hva-sier-fredsplanen-for-ukraina-og-hvorfor-det-ville-vaere-problematisk-for-kiev-a-godta-den\/#breadcrumb","itemListElement":[{"@type":"ListItem","position":1,"name":"Home","item":"https:\/\/nordnesrepublikken.no\/"},{"@type":"ListItem","position":2,"name":"Hva sier fredsplanen for Ukraina og hvorfor det ville v\u00e6re problematisk for Kiev \u00e5 godta den"}]},{"@type":"WebSite","@id":"https:\/\/nordnesrepublikken.no\/#website","url":"https:\/\/nordnesrepublikken.no\/","name":"Nordnesrepublikken","description":"Stemmer og Visjoner fra Republikkens Hjerte","publisher":{"@id":"https:\/\/nordnesrepublikken.no\/#organization"},"potentialAction":[{"@type":"SearchAction","target":{"@type":"EntryPoint","urlTemplate":"https:\/\/nordnesrepublikken.no\/?s={search_term_string}"},"query-input":{"@type":"PropertyValueSpecification","valueRequired":true,"valueName":"search_term_string"}}],"inLanguage":"nb-NO"},{"@type":"Organization","@id":"https:\/\/nordnesrepublikken.no\/#organization","name":"Nordnesrepublikken","url":"https:\/\/nordnesrepublikken.no\/","logo":{"@type":"ImageObject","inLanguage":"nb-NO","@id":"https:\/\/nordnesrepublikken.no\/#\/schema\/logo\/image\/","url":"https:\/\/nordnesrepublikken.no\/wp-content\/uploads\/2025\/02\/cropped-nordnesrepublikken-2.png","contentUrl":"https:\/\/nordnesrepublikken.no\/wp-content\/uploads\/2025\/02\/cropped-nordnesrepublikken-2.png","width":1248,"height":362,"caption":"Nordnesrepublikken"},"image":{"@id":"https:\/\/nordnesrepublikken.no\/#\/schema\/logo\/image\/"}},{"@type":"Person","@id":"https:\/\/nordnesrepublikken.no\/#\/schema\/person\/2e7e81935bab77882fffb79296240ff1","name":"Ole Andersen","image":{"@type":"ImageObject","inLanguage":"nb-NO","@id":"https:\/\/nordnesrepublikken.no\/#\/schema\/person\/image\/","url":"https:\/\/nordnesrepublikken.no\/wp-content\/uploads\/2025\/02\/nordnesrepublikken-2-2-150x150.jpg","contentUrl":"https:\/\/nordnesrepublikken.no\/wp-content\/uploads\/2025\/02\/nordnesrepublikken-2-2-150x150.jpg","caption":"Ole Andersen"},"description":"Ettersom jeg vokste opp i Oslo, har jeg alltid v\u00e6rt fascinert av ordenes kraft og deres evne til \u00e5 skape endringer. Etter \u00e5 ha fullf\u00f8rt min utdannelse i kommunikasjon ved Universitetet i Bergen, fikk jeg muligheten til \u00e5 jobbe innen ulike medier, der jeg har s\u00f8kt \u00e5 belyse viktige samfunnssp\u00f8rsm\u00e5l. I dag, som redakt\u00f8r for Nordnesrepublikken, pr\u00f8ver jeg \u00e5 forene min kj\u00e6rlighet for journalistikk med min lidenskap for innovasjon og eventyr.","sameAs":["https:\/\/nordnesrepublikken.no\/"]}]}},"_links":{"self":[{"href":"https:\/\/nordnesrepublikken.no\/index.php\/wp-json\/wp\/v2\/posts\/11968","targetHints":{"allow":["GET"]}}],"collection":[{"href":"https:\/\/nordnesrepublikken.no\/index.php\/wp-json\/wp\/v2\/posts"}],"about":[{"href":"https:\/\/nordnesrepublikken.no\/index.php\/wp-json\/wp\/v2\/types\/post"}],"author":[{"embeddable":true,"href":"https:\/\/nordnesrepublikken.no\/index.php\/wp-json\/wp\/v2\/users\/1"}],"replies":[{"embeddable":true,"href":"https:\/\/nordnesrepublikken.no\/index.php\/wp-json\/wp\/v2\/comments?post=11968"}],"version-history":[{"count":1,"href":"https:\/\/nordnesrepublikken.no\/index.php\/wp-json\/wp\/v2\/posts\/11968\/revisions"}],"predecessor-version":[{"id":11970,"href":"https:\/\/nordnesrepublikken.no\/index.php\/wp-json\/wp\/v2\/posts\/11968\/revisions\/11970"}],"wp:featuredmedia":[{"embeddable":true,"href":"https:\/\/nordnesrepublikken.no\/index.php\/wp-json\/wp\/v2\/media\/11969"}],"wp:attachment":[{"href":"https:\/\/nordnesrepublikken.no\/index.php\/wp-json\/wp\/v2\/media?parent=11968"}],"wp:term":[{"taxonomy":"category","embeddable":true,"href":"https:\/\/nordnesrepublikken.no\/index.php\/wp-json\/wp\/v2\/categories?post=11968"},{"taxonomy":"post_tag","embeddable":true,"href":"https:\/\/nordnesrepublikken.no\/index.php\/wp-json\/wp\/v2\/tags?post=11968"}],"curies":[{"name":"wp","href":"https:\/\/api.w.org\/{rel}","templated":true}]}}