{"id":11962,"date":"2025-11-21T13:50:38","date_gmt":"2025-11-21T12:50:38","guid":{"rendered":"https:\/\/nordnesrepublikken.no\/index.php\/2025\/11\/21\/forventet-stormkaos-palma-flyplass-holder-pa-nar-en-sjelden-vintereksplosjon-rammer-mallorca\/"},"modified":"2025-11-21T13:50:40","modified_gmt":"2025-11-21T12:50:40","slug":"forventet-stormkaos-palma-flyplass-holder-pa-nar-en-sjelden-vintereksplosjon-rammer-mallorca","status":"publish","type":"post","link":"https:\/\/nordnesrepublikken.no\/index.php\/2025\/11\/21\/forventet-stormkaos-palma-flyplass-holder-pa-nar-en-sjelden-vintereksplosjon-rammer-mallorca\/","title":{"rendered":"Forventet stormkaos? Palma flyplass holder p\u00e5 n\u00e5r en sjelden vintereksplosjon rammer Mallorca"},"content":{"rendered":"<p><\/p>\n<div class=\"wordpress-content\">\n                    <!-- Article Start --><\/p>\n<p>Mallorca er ikke akkurat kjent for sn\u00f8skuffer og frosne rullebaner&#8230; men denne helgen forbereder Palma flyplass seg i tilfelle \u00f8ya v\u00e5kner og ser litt mer ut som Alpene enn Middelhavet.<\/p>\n<p>Et plutselig utbrudd av arktisk luft har str\u00f8mmet inn i Spania og Balearene er rett i veien for den kalde b\u00f8lgen. Resultatet: uvanlig lave temperaturer, kraftig regn, iskald vind \u2013 og til og med muligheten for sn\u00f8fall i Serra de Tramuntana.<\/p>\n<p>Det er nok til \u00e5 utl\u00f8se en full vinterplan p\u00e5 Palma flyplass, noe du sjelden h\u00f8rer utenfor Madrid, Le\u00f3n eller Pyreneene.<\/p>\n<div class=\"sra_unit\"><link rel=\"stylesheet\" id=\"block-sra\" href=\"https:\/\/euroweeklynews.com\/wp-content\/plugins\/snack-related-articles\/dist\/css\/snack-related.min.css?250312-193541\" type=\"text\/css\" media=\"all\">\n<\/div>\n<p>&laquo;Vi vil heller v\u00e6re forberedt enn \u00e5 bli overrumplet,&raquo; sa flyplasskilder til lokalpressen denne uken &#8211; og etter prognosen \u00e5 d\u00f8mme h\u00f8res det ut som en smart tiln\u00e6rming.<\/p>\n<h2>Hvordan Palma flyplass blir vinterklar<\/h2>\n<p>Selv om Mallorca sjelden ser noe t\u00f8ffere enn en kj\u00f8lig morgen, f\u00f8lger flyplassen de samme sikkerhetsprosedyrene som mye kaldere steder p\u00e5 fastlandet.<\/p>\n<p>Aena, den spanske flyplassmyndigheten, har allerede mobilisert sine vinteroperasjonsressurser \u2013 en del av et nettverk som betjener 21 flyplasser over hele landet. Det er mer enn 200 spesialkj\u00f8ret\u00f8yer i beredskap over hele landet: sn\u00f8ploger, rullebanefeiemaskiner, 4&#215;4 utstyrt med blader og, avgj\u00f8rende, avisingsenheter lastet med b\u00e5de flytende og faste produkter. Over hele Spania inkluderer forsyningene nesten 500 tonn avisingsmiddel og mer enn 420 000 liter anti-isingsv\u00e6ske.<\/p>\n<p>Teknikere jobber bak kulissene 24\/7 og kj\u00f8rer friksjonstestekj\u00f8ret\u00f8yer over rullebanen for \u00e5 sikre at flydekkene opprettholder nok grep. Hvis tallene glipper, rykker avisingsteam inn f\u00f8r passasjerene i det hele tatt legger merke til noe.<\/p>\n<p>Det handler om \u00e5 forhindre forsinkelser og \u2013 enda viktigere \u2013 \u00e5 holde pilotene forn\u00f8yde med landingshastighet.<\/p>\n<h2>Hva reisende kan forvente p\u00e5 fredag<\/h2>\n<p>Hvis du flyr inn eller ut i dag, v\u00e6r forberedt p\u00e5 v\u00e6ret som f\u00f8les mer som februar enn slutten av november. V\u00e6rtjenesten p\u00e5 Balearene advarer om styrtregn, et merkbart fall i temperaturer og en reell sjanse for sn\u00f8 over 600 meter \u2013 noe som betyr at fjellandsbyer kort tid kan bli hvite.<\/p>\n<p>Maksimum i Palma kan knapt n\u00e5 11\u00b0C til 13\u00b0C, og vindfulle kystomr\u00e5der vil f\u00f8les enda skarpere. Byer i innlandet kan falle til rundt 3\u00b0C \u200b\u200bover natten, s\u00e5 ta med vinterfrakken hvis du ankommer etter m\u00f8rkets frembrudd.<\/p>\n<p>Alle som kj\u00f8rer til flyplassen fra h\u00f8yere terreng b\u00f8r tillate ekstra tid. Du trenger ikke sn\u00f8kjettinger enn\u00e5 \u2014 men glatte veier og spr\u00f8ytefylte trafikkorker er ikke utelukket.<\/p>\n<h2>Gode \u200b\u200bnyheter for helgereisende<\/h2>\n<p>Heldigvis vil ikke denne vinterlige episoden holde seg lenge nok til \u00e5 \u00f8delegge helgen.<\/p>\n<p>Det er ventet en mildere atlanterhavsfront fra l\u00f8rdag ettermiddag, som tar kanten av kulden og l\u00f8fter sn\u00f8niv\u00e5et tilbake til rundt 900 meter. \u00d8ya vil fortsatt f\u00f8les frisk og fuktig, men det verste b\u00f8r g\u00e5 fort over.<\/p>\n<p>Innen s\u00f8ndag er vi sannsynligvis tilbake til Mallorcas vanlige vintermerke: pelsverdig, men fortsatt veldig levelig.<\/p>\n<h2>R\u00e5d til passasjerer p\u00e5 vei gjennom Palma flyplass<\/h2>\n<p>Det er ingen store forstyrrelser rapportert for \u00f8yeblikket \u2013 og krysser fingrene for at det forblir slik. Men hvis du reiser i dag eller tidlig l\u00f8rdag:<\/p>\n<ul>\n<li>Sjekk flystatusen din f\u00f8r du drar hjemmefra \u2013 forsinkelser kan oppst\u00e5 n\u00e5r fly trenger avising<\/li>\n<li>Kom tidligere enn vanlig, spesielt hvis kraftig regn bremser trafikken<\/li>\n<li>Ta med varme lag, spesielt hvis du bor i innlandet eller tar et sent fly<\/li>\n<li>Hold \u00f8ye med oppdateringer fra flyselskapet ditt<\/li>\n<\/ul>\n<p>De fleste reisende vil knapt legge merke til hva som skjer bak kulissene \u2013 og det er akkurat slik flyplasspersonalet liker det.<\/p>\n<p>Mallorca bytter kanskje ikke palmetr\u00e6r for sn\u00f8fonner med det f\u00f8rste&#8230; men forel\u00f8pig f\u00e5r \u00f8ya en kort p\u00e5minnelse om at vinteren eksisterer. Og med Palma flyplass klar til \u00e5 handle hvis temperaturen faller igjen, kan feriegjester slappe av \u2013 bare husk at denne helgen kan du pakke en genser.<\/p>\n<p>                    <!-- Originally published at https:\/\/euroweeklynews.com\/2025\/11\/21\/storm-chaos-expected-palma-airport-braces-as-rare-winter-blast-hits-mallorca\/ on 21 Nov 2025 at 13:01 by Farah Mokrani --><br \/>\n                    <!-- Article End -->\n                <\/div>\n","protected":false},"excerpt":{"rendered":"<p>Mallorca er ikke akkurat kjent for sn\u00f8skuffer og frosne rullebaner&#8230; men denne helgen forbereder Palma<\/p>\n","protected":false},"author":1,"featured_media":11963,"comment_status":"closed","ping_status":"open","sticky":false,"template":"","format":"standard","meta":{"footnotes":""},"categories":[105],"tags":[979,4077,3285,2964,16,81,1067,3457,5374,7851,7852],"class_list":["post-11962","post","type-post","status-publish","format-standard","has-post-thumbnail","hentry","category-livsstil","tag-flyplass","tag-forventet","tag-holder","tag-mallorca","tag-nar","tag-pa","tag-palma","tag-rammer","tag-sjelden","tag-stormkaos","tag-vintereksplosjon","generate-columns","tablet-grid-50","mobile-grid-100","grid-parent","grid-33","resize-featured-image"],"yoast_head":"<!-- This site is optimized with the Yoast SEO plugin v24.4 - https:\/\/yoast.com\/wordpress\/plugins\/seo\/ -->\n<title>Forventet stormkaos? Palma flyplass holder p\u00e5 n\u00e5r en sjelden vintereksplosjon rammer Mallorca - Nordnesrepublikken<\/title>\n<meta name=\"robots\" content=\"index, follow, max-snippet:-1, max-image-preview:large, max-video-preview:-1\" \/>\n<link rel=\"canonical\" href=\"https:\/\/nordnesrepublikken.no\/index.php\/2025\/11\/21\/forventet-stormkaos-palma-flyplass-holder-pa-nar-en-sjelden-vintereksplosjon-rammer-mallorca\/\" \/>\n<meta property=\"og:locale\" content=\"nb_NO\" \/>\n<meta property=\"og:type\" content=\"article\" \/>\n<meta property=\"og:title\" content=\"Forventet stormkaos? Palma flyplass holder p\u00e5 n\u00e5r en sjelden vintereksplosjon rammer Mallorca - Nordnesrepublikken\" \/>\n<meta property=\"og:description\" content=\"Mallorca er ikke akkurat kjent for sn\u00f8skuffer og frosne rullebaner&#8230; men denne helgen forbereder Palma\" \/>\n<meta property=\"og:url\" content=\"https:\/\/nordnesrepublikken.no\/index.php\/2025\/11\/21\/forventet-stormkaos-palma-flyplass-holder-pa-nar-en-sjelden-vintereksplosjon-rammer-mallorca\/\" \/>\n<meta property=\"og:site_name\" content=\"Nordnesrepublikken\" \/>\n<meta property=\"article:published_time\" content=\"2025-11-21T12:50:38+00:00\" \/>\n<meta property=\"article:modified_time\" content=\"2025-11-21T12:50:40+00:00\" \/>\n<meta property=\"og:image\" content=\"https:\/\/nordnesrepublikken.no\/wp-content\/uploads\/2025\/11\/1763729439_Forventet-stormkaos-Palma-flyplass-holder-pa-nar-en-sjelden-vintereksplosjon.jpg\" \/>\n\t<meta property=\"og:image:width\" content=\"1200\" \/>\n\t<meta property=\"og:image:height\" content=\"800\" \/>\n\t<meta property=\"og:image:type\" content=\"image\/jpeg\" \/>\n<meta name=\"author\" content=\"Ole Andersen\" \/>\n<meta name=\"twitter:card\" content=\"summary_large_image\" \/>\n<meta name=\"twitter:label1\" content=\"Skrevet av\" \/>\n\t<meta name=\"twitter:data1\" content=\"Ole Andersen\" \/>\n\t<meta name=\"twitter:label2\" content=\"Ansl. lesetid\" \/>\n\t<meta name=\"twitter:data2\" content=\"3 minutter\" \/>\n<script type=\"application\/ld+json\" class=\"yoast-schema-graph\">{\"@context\":\"https:\/\/schema.org\",\"@graph\":[{\"@type\":\"Article\",\"@id\":\"https:\/\/nordnesrepublikken.no\/index.php\/2025\/11\/21\/forventet-stormkaos-palma-flyplass-holder-pa-nar-en-sjelden-vintereksplosjon-rammer-mallorca\/#article\",\"isPartOf\":{\"@id\":\"https:\/\/nordnesrepublikken.no\/index.php\/2025\/11\/21\/forventet-stormkaos-palma-flyplass-holder-pa-nar-en-sjelden-vintereksplosjon-rammer-mallorca\/\"},\"author\":{\"name\":\"Ole Andersen\",\"@id\":\"https:\/\/nordnesrepublikken.no\/#\/schema\/person\/2e7e81935bab77882fffb79296240ff1\"},\"headline\":\"Forventet stormkaos? Palma flyplass holder p\u00e5 n\u00e5r en sjelden vintereksplosjon rammer Mallorca\",\"datePublished\":\"2025-11-21T12:50:38+00:00\",\"dateModified\":\"2025-11-21T12:50:40+00:00\",\"mainEntityOfPage\":{\"@id\":\"https:\/\/nordnesrepublikken.no\/index.php\/2025\/11\/21\/forventet-stormkaos-palma-flyplass-holder-pa-nar-en-sjelden-vintereksplosjon-rammer-mallorca\/\"},\"wordCount\":646,\"publisher\":{\"@id\":\"https:\/\/nordnesrepublikken.no\/#organization\"},\"image\":{\"@id\":\"https:\/\/nordnesrepublikken.no\/index.php\/2025\/11\/21\/forventet-stormkaos-palma-flyplass-holder-pa-nar-en-sjelden-vintereksplosjon-rammer-mallorca\/#primaryimage\"},\"thumbnailUrl\":\"https:\/\/nordnesrepublikken.no\/wp-content\/uploads\/2025\/11\/1763729439_Forventet-stormkaos-Palma-flyplass-holder-pa-nar-en-sjelden-vintereksplosjon.jpg\",\"keywords\":[\"flyplass\",\"forventet\",\"holder\",\"Mallorca\",\"n\u00e5r\",\"p\u00e5\",\"Palma\",\"rammer\",\"sjelden\",\"stormkaos\",\"vintereksplosjon\"],\"articleSection\":[\"Livsstil\"],\"inLanguage\":\"nb-NO\"},{\"@type\":\"WebPage\",\"@id\":\"https:\/\/nordnesrepublikken.no\/index.php\/2025\/11\/21\/forventet-stormkaos-palma-flyplass-holder-pa-nar-en-sjelden-vintereksplosjon-rammer-mallorca\/\",\"url\":\"https:\/\/nordnesrepublikken.no\/index.php\/2025\/11\/21\/forventet-stormkaos-palma-flyplass-holder-pa-nar-en-sjelden-vintereksplosjon-rammer-mallorca\/\",\"name\":\"Forventet stormkaos? Palma flyplass holder p\u00e5 n\u00e5r en sjelden vintereksplosjon rammer Mallorca - Nordnesrepublikken\",\"isPartOf\":{\"@id\":\"https:\/\/nordnesrepublikken.no\/#website\"},\"primaryImageOfPage\":{\"@id\":\"https:\/\/nordnesrepublikken.no\/index.php\/2025\/11\/21\/forventet-stormkaos-palma-flyplass-holder-pa-nar-en-sjelden-vintereksplosjon-rammer-mallorca\/#primaryimage\"},\"image\":{\"@id\":\"https:\/\/nordnesrepublikken.no\/index.php\/2025\/11\/21\/forventet-stormkaos-palma-flyplass-holder-pa-nar-en-sjelden-vintereksplosjon-rammer-mallorca\/#primaryimage\"},\"thumbnailUrl\":\"https:\/\/nordnesrepublikken.no\/wp-content\/uploads\/2025\/11\/1763729439_Forventet-stormkaos-Palma-flyplass-holder-pa-nar-en-sjelden-vintereksplosjon.jpg\",\"datePublished\":\"2025-11-21T12:50:38+00:00\",\"dateModified\":\"2025-11-21T12:50:40+00:00\",\"breadcrumb\":{\"@id\":\"https:\/\/nordnesrepublikken.no\/index.php\/2025\/11\/21\/forventet-stormkaos-palma-flyplass-holder-pa-nar-en-sjelden-vintereksplosjon-rammer-mallorca\/#breadcrumb\"},\"inLanguage\":\"nb-NO\",\"potentialAction\":[{\"@type\":\"ReadAction\",\"target\":[\"https:\/\/nordnesrepublikken.no\/index.php\/2025\/11\/21\/forventet-stormkaos-palma-flyplass-holder-pa-nar-en-sjelden-vintereksplosjon-rammer-mallorca\/\"]}]},{\"@type\":\"ImageObject\",\"inLanguage\":\"nb-NO\",\"@id\":\"https:\/\/nordnesrepublikken.no\/index.php\/2025\/11\/21\/forventet-stormkaos-palma-flyplass-holder-pa-nar-en-sjelden-vintereksplosjon-rammer-mallorca\/#primaryimage\",\"url\":\"https:\/\/nordnesrepublikken.no\/wp-content\/uploads\/2025\/11\/1763729439_Forventet-stormkaos-Palma-flyplass-holder-pa-nar-en-sjelden-vintereksplosjon.jpg\",\"contentUrl\":\"https:\/\/nordnesrepublikken.no\/wp-content\/uploads\/2025\/11\/1763729439_Forventet-stormkaos-Palma-flyplass-holder-pa-nar-en-sjelden-vintereksplosjon.jpg\",\"width\":1200,\"height\":800,\"caption\":\"Forventet stormkaos? Palma flyplass holder p\u00e5 n\u00e5r en sjelden vintereksplosjon rammer Mallorca\"},{\"@type\":\"BreadcrumbList\",\"@id\":\"https:\/\/nordnesrepublikken.no\/index.php\/2025\/11\/21\/forventet-stormkaos-palma-flyplass-holder-pa-nar-en-sjelden-vintereksplosjon-rammer-mallorca\/#breadcrumb\",\"itemListElement\":[{\"@type\":\"ListItem\",\"position\":1,\"name\":\"Home\",\"item\":\"https:\/\/nordnesrepublikken.no\/\"},{\"@type\":\"ListItem\",\"position\":2,\"name\":\"Forventet stormkaos? Palma flyplass holder p\u00e5 n\u00e5r en sjelden vintereksplosjon rammer Mallorca\"}]},{\"@type\":\"WebSite\",\"@id\":\"https:\/\/nordnesrepublikken.no\/#website\",\"url\":\"https:\/\/nordnesrepublikken.no\/\",\"name\":\"Nordnesrepublikken\",\"description\":\"Stemmer og Visjoner fra Republikkens Hjerte\",\"publisher\":{\"@id\":\"https:\/\/nordnesrepublikken.no\/#organization\"},\"potentialAction\":[{\"@type\":\"SearchAction\",\"target\":{\"@type\":\"EntryPoint\",\"urlTemplate\":\"https:\/\/nordnesrepublikken.no\/?s={search_term_string}\"},\"query-input\":{\"@type\":\"PropertyValueSpecification\",\"valueRequired\":true,\"valueName\":\"search_term_string\"}}],\"inLanguage\":\"nb-NO\"},{\"@type\":\"Organization\",\"@id\":\"https:\/\/nordnesrepublikken.no\/#organization\",\"name\":\"Nordnesrepublikken\",\"url\":\"https:\/\/nordnesrepublikken.no\/\",\"logo\":{\"@type\":\"ImageObject\",\"inLanguage\":\"nb-NO\",\"@id\":\"https:\/\/nordnesrepublikken.no\/#\/schema\/logo\/image\/\",\"url\":\"https:\/\/nordnesrepublikken.no\/wp-content\/uploads\/2025\/02\/cropped-nordnesrepublikken-2.png\",\"contentUrl\":\"https:\/\/nordnesrepublikken.no\/wp-content\/uploads\/2025\/02\/cropped-nordnesrepublikken-2.png\",\"width\":1248,\"height\":362,\"caption\":\"Nordnesrepublikken\"},\"image\":{\"@id\":\"https:\/\/nordnesrepublikken.no\/#\/schema\/logo\/image\/\"}},{\"@type\":\"Person\",\"@id\":\"https:\/\/nordnesrepublikken.no\/#\/schema\/person\/2e7e81935bab77882fffb79296240ff1\",\"name\":\"Ole Andersen\",\"image\":{\"@type\":\"ImageObject\",\"inLanguage\":\"nb-NO\",\"@id\":\"https:\/\/nordnesrepublikken.no\/#\/schema\/person\/image\/\",\"url\":\"https:\/\/nordnesrepublikken.no\/wp-content\/uploads\/2025\/02\/nordnesrepublikken-2-2-150x150.jpg\",\"contentUrl\":\"https:\/\/nordnesrepublikken.no\/wp-content\/uploads\/2025\/02\/nordnesrepublikken-2-2-150x150.jpg\",\"caption\":\"Ole Andersen\"},\"description\":\"Ettersom jeg vokste opp i Oslo, har jeg alltid v\u00e6rt fascinert av ordenes kraft og deres evne til \u00e5 skape endringer. Etter \u00e5 ha fullf\u00f8rt min utdannelse i kommunikasjon ved Universitetet i Bergen, fikk jeg muligheten til \u00e5 jobbe innen ulike medier, der jeg har s\u00f8kt \u00e5 belyse viktige samfunnssp\u00f8rsm\u00e5l. I dag, som redakt\u00f8r for Nordnesrepublikken, pr\u00f8ver jeg \u00e5 forene min kj\u00e6rlighet for journalistikk med min lidenskap for innovasjon og eventyr.\",\"sameAs\":[\"https:\/\/nordnesrepublikken.no\/\"]}]}<\/script>\n<!-- \/ Yoast SEO plugin. -->","yoast_head_json":{"title":"Forventet stormkaos? Palma flyplass holder p\u00e5 n\u00e5r en sjelden vintereksplosjon rammer Mallorca - Nordnesrepublikken","robots":{"index":"index","follow":"follow","max-snippet":"max-snippet:-1","max-image-preview":"max-image-preview:large","max-video-preview":"max-video-preview:-1"},"canonical":"https:\/\/nordnesrepublikken.no\/index.php\/2025\/11\/21\/forventet-stormkaos-palma-flyplass-holder-pa-nar-en-sjelden-vintereksplosjon-rammer-mallorca\/","og_locale":"nb_NO","og_type":"article","og_title":"Forventet stormkaos? Palma flyplass holder p\u00e5 n\u00e5r en sjelden vintereksplosjon rammer Mallorca - Nordnesrepublikken","og_description":"Mallorca er ikke akkurat kjent for sn\u00f8skuffer og frosne rullebaner&#8230; men denne helgen forbereder Palma","og_url":"https:\/\/nordnesrepublikken.no\/index.php\/2025\/11\/21\/forventet-stormkaos-palma-flyplass-holder-pa-nar-en-sjelden-vintereksplosjon-rammer-mallorca\/","og_site_name":"Nordnesrepublikken","article_published_time":"2025-11-21T12:50:38+00:00","article_modified_time":"2025-11-21T12:50:40+00:00","og_image":[{"width":1200,"height":800,"url":"https:\/\/nordnesrepublikken.no\/wp-content\/uploads\/2025\/11\/1763729439_Forventet-stormkaos-Palma-flyplass-holder-pa-nar-en-sjelden-vintereksplosjon.jpg","type":"image\/jpeg"}],"author":"Ole Andersen","twitter_card":"summary_large_image","twitter_misc":{"Skrevet av":"Ole Andersen","Ansl. lesetid":"3 minutter"},"schema":{"@context":"https:\/\/schema.org","@graph":[{"@type":"Article","@id":"https:\/\/nordnesrepublikken.no\/index.php\/2025\/11\/21\/forventet-stormkaos-palma-flyplass-holder-pa-nar-en-sjelden-vintereksplosjon-rammer-mallorca\/#article","isPartOf":{"@id":"https:\/\/nordnesrepublikken.no\/index.php\/2025\/11\/21\/forventet-stormkaos-palma-flyplass-holder-pa-nar-en-sjelden-vintereksplosjon-rammer-mallorca\/"},"author":{"name":"Ole Andersen","@id":"https:\/\/nordnesrepublikken.no\/#\/schema\/person\/2e7e81935bab77882fffb79296240ff1"},"headline":"Forventet stormkaos? Palma flyplass holder p\u00e5 n\u00e5r en sjelden vintereksplosjon rammer Mallorca","datePublished":"2025-11-21T12:50:38+00:00","dateModified":"2025-11-21T12:50:40+00:00","mainEntityOfPage":{"@id":"https:\/\/nordnesrepublikken.no\/index.php\/2025\/11\/21\/forventet-stormkaos-palma-flyplass-holder-pa-nar-en-sjelden-vintereksplosjon-rammer-mallorca\/"},"wordCount":646,"publisher":{"@id":"https:\/\/nordnesrepublikken.no\/#organization"},"image":{"@id":"https:\/\/nordnesrepublikken.no\/index.php\/2025\/11\/21\/forventet-stormkaos-palma-flyplass-holder-pa-nar-en-sjelden-vintereksplosjon-rammer-mallorca\/#primaryimage"},"thumbnailUrl":"https:\/\/nordnesrepublikken.no\/wp-content\/uploads\/2025\/11\/1763729439_Forventet-stormkaos-Palma-flyplass-holder-pa-nar-en-sjelden-vintereksplosjon.jpg","keywords":["flyplass","forventet","holder","Mallorca","n\u00e5r","p\u00e5","Palma","rammer","sjelden","stormkaos","vintereksplosjon"],"articleSection":["Livsstil"],"inLanguage":"nb-NO"},{"@type":"WebPage","@id":"https:\/\/nordnesrepublikken.no\/index.php\/2025\/11\/21\/forventet-stormkaos-palma-flyplass-holder-pa-nar-en-sjelden-vintereksplosjon-rammer-mallorca\/","url":"https:\/\/nordnesrepublikken.no\/index.php\/2025\/11\/21\/forventet-stormkaos-palma-flyplass-holder-pa-nar-en-sjelden-vintereksplosjon-rammer-mallorca\/","name":"Forventet stormkaos? Palma flyplass holder p\u00e5 n\u00e5r en sjelden vintereksplosjon rammer Mallorca - Nordnesrepublikken","isPartOf":{"@id":"https:\/\/nordnesrepublikken.no\/#website"},"primaryImageOfPage":{"@id":"https:\/\/nordnesrepublikken.no\/index.php\/2025\/11\/21\/forventet-stormkaos-palma-flyplass-holder-pa-nar-en-sjelden-vintereksplosjon-rammer-mallorca\/#primaryimage"},"image":{"@id":"https:\/\/nordnesrepublikken.no\/index.php\/2025\/11\/21\/forventet-stormkaos-palma-flyplass-holder-pa-nar-en-sjelden-vintereksplosjon-rammer-mallorca\/#primaryimage"},"thumbnailUrl":"https:\/\/nordnesrepublikken.no\/wp-content\/uploads\/2025\/11\/1763729439_Forventet-stormkaos-Palma-flyplass-holder-pa-nar-en-sjelden-vintereksplosjon.jpg","datePublished":"2025-11-21T12:50:38+00:00","dateModified":"2025-11-21T12:50:40+00:00","breadcrumb":{"@id":"https:\/\/nordnesrepublikken.no\/index.php\/2025\/11\/21\/forventet-stormkaos-palma-flyplass-holder-pa-nar-en-sjelden-vintereksplosjon-rammer-mallorca\/#breadcrumb"},"inLanguage":"nb-NO","potentialAction":[{"@type":"ReadAction","target":["https:\/\/nordnesrepublikken.no\/index.php\/2025\/11\/21\/forventet-stormkaos-palma-flyplass-holder-pa-nar-en-sjelden-vintereksplosjon-rammer-mallorca\/"]}]},{"@type":"ImageObject","inLanguage":"nb-NO","@id":"https:\/\/nordnesrepublikken.no\/index.php\/2025\/11\/21\/forventet-stormkaos-palma-flyplass-holder-pa-nar-en-sjelden-vintereksplosjon-rammer-mallorca\/#primaryimage","url":"https:\/\/nordnesrepublikken.no\/wp-content\/uploads\/2025\/11\/1763729439_Forventet-stormkaos-Palma-flyplass-holder-pa-nar-en-sjelden-vintereksplosjon.jpg","contentUrl":"https:\/\/nordnesrepublikken.no\/wp-content\/uploads\/2025\/11\/1763729439_Forventet-stormkaos-Palma-flyplass-holder-pa-nar-en-sjelden-vintereksplosjon.jpg","width":1200,"height":800,"caption":"Forventet stormkaos? Palma flyplass holder p\u00e5 n\u00e5r en sjelden vintereksplosjon rammer Mallorca"},{"@type":"BreadcrumbList","@id":"https:\/\/nordnesrepublikken.no\/index.php\/2025\/11\/21\/forventet-stormkaos-palma-flyplass-holder-pa-nar-en-sjelden-vintereksplosjon-rammer-mallorca\/#breadcrumb","itemListElement":[{"@type":"ListItem","position":1,"name":"Home","item":"https:\/\/nordnesrepublikken.no\/"},{"@type":"ListItem","position":2,"name":"Forventet stormkaos? Palma flyplass holder p\u00e5 n\u00e5r en sjelden vintereksplosjon rammer Mallorca"}]},{"@type":"WebSite","@id":"https:\/\/nordnesrepublikken.no\/#website","url":"https:\/\/nordnesrepublikken.no\/","name":"Nordnesrepublikken","description":"Stemmer og Visjoner fra Republikkens Hjerte","publisher":{"@id":"https:\/\/nordnesrepublikken.no\/#organization"},"potentialAction":[{"@type":"SearchAction","target":{"@type":"EntryPoint","urlTemplate":"https:\/\/nordnesrepublikken.no\/?s={search_term_string}"},"query-input":{"@type":"PropertyValueSpecification","valueRequired":true,"valueName":"search_term_string"}}],"inLanguage":"nb-NO"},{"@type":"Organization","@id":"https:\/\/nordnesrepublikken.no\/#organization","name":"Nordnesrepublikken","url":"https:\/\/nordnesrepublikken.no\/","logo":{"@type":"ImageObject","inLanguage":"nb-NO","@id":"https:\/\/nordnesrepublikken.no\/#\/schema\/logo\/image\/","url":"https:\/\/nordnesrepublikken.no\/wp-content\/uploads\/2025\/02\/cropped-nordnesrepublikken-2.png","contentUrl":"https:\/\/nordnesrepublikken.no\/wp-content\/uploads\/2025\/02\/cropped-nordnesrepublikken-2.png","width":1248,"height":362,"caption":"Nordnesrepublikken"},"image":{"@id":"https:\/\/nordnesrepublikken.no\/#\/schema\/logo\/image\/"}},{"@type":"Person","@id":"https:\/\/nordnesrepublikken.no\/#\/schema\/person\/2e7e81935bab77882fffb79296240ff1","name":"Ole Andersen","image":{"@type":"ImageObject","inLanguage":"nb-NO","@id":"https:\/\/nordnesrepublikken.no\/#\/schema\/person\/image\/","url":"https:\/\/nordnesrepublikken.no\/wp-content\/uploads\/2025\/02\/nordnesrepublikken-2-2-150x150.jpg","contentUrl":"https:\/\/nordnesrepublikken.no\/wp-content\/uploads\/2025\/02\/nordnesrepublikken-2-2-150x150.jpg","caption":"Ole Andersen"},"description":"Ettersom jeg vokste opp i Oslo, har jeg alltid v\u00e6rt fascinert av ordenes kraft og deres evne til \u00e5 skape endringer. Etter \u00e5 ha fullf\u00f8rt min utdannelse i kommunikasjon ved Universitetet i Bergen, fikk jeg muligheten til \u00e5 jobbe innen ulike medier, der jeg har s\u00f8kt \u00e5 belyse viktige samfunnssp\u00f8rsm\u00e5l. I dag, som redakt\u00f8r for Nordnesrepublikken, pr\u00f8ver jeg \u00e5 forene min kj\u00e6rlighet for journalistikk med min lidenskap for innovasjon og eventyr.","sameAs":["https:\/\/nordnesrepublikken.no\/"]}]}},"_links":{"self":[{"href":"https:\/\/nordnesrepublikken.no\/index.php\/wp-json\/wp\/v2\/posts\/11962","targetHints":{"allow":["GET"]}}],"collection":[{"href":"https:\/\/nordnesrepublikken.no\/index.php\/wp-json\/wp\/v2\/posts"}],"about":[{"href":"https:\/\/nordnesrepublikken.no\/index.php\/wp-json\/wp\/v2\/types\/post"}],"author":[{"embeddable":true,"href":"https:\/\/nordnesrepublikken.no\/index.php\/wp-json\/wp\/v2\/users\/1"}],"replies":[{"embeddable":true,"href":"https:\/\/nordnesrepublikken.no\/index.php\/wp-json\/wp\/v2\/comments?post=11962"}],"version-history":[{"count":1,"href":"https:\/\/nordnesrepublikken.no\/index.php\/wp-json\/wp\/v2\/posts\/11962\/revisions"}],"predecessor-version":[{"id":11964,"href":"https:\/\/nordnesrepublikken.no\/index.php\/wp-json\/wp\/v2\/posts\/11962\/revisions\/11964"}],"wp:featuredmedia":[{"embeddable":true,"href":"https:\/\/nordnesrepublikken.no\/index.php\/wp-json\/wp\/v2\/media\/11963"}],"wp:attachment":[{"href":"https:\/\/nordnesrepublikken.no\/index.php\/wp-json\/wp\/v2\/media?parent=11962"}],"wp:term":[{"taxonomy":"category","embeddable":true,"href":"https:\/\/nordnesrepublikken.no\/index.php\/wp-json\/wp\/v2\/categories?post=11962"},{"taxonomy":"post_tag","embeddable":true,"href":"https:\/\/nordnesrepublikken.no\/index.php\/wp-json\/wp\/v2\/tags?post=11962"}],"curies":[{"name":"wp","href":"https:\/\/api.w.org\/{rel}","templated":true}]}}