{"id":11941,"date":"2025-11-21T00:50:49","date_gmt":"2025-11-20T23:50:49","guid":{"rendered":"https:\/\/nordnesrepublikken.no\/index.php\/2025\/11\/21\/hva-skjedde-i-arene-med-bly-da-italia-ble-fanget-i-terrorens-grep\/"},"modified":"2025-11-21T00:50:50","modified_gmt":"2025-11-20T23:50:50","slug":"hva-skjedde-i-arene-med-bly-da-italia-ble-fanget-i-terrorens-grep","status":"publish","type":"post","link":"https:\/\/nordnesrepublikken.no\/index.php\/2025\/11\/21\/hva-skjedde-i-arene-med-bly-da-italia-ble-fanget-i-terrorens-grep\/","title":{"rendered":"Hva skjedde i \u00e5rene med bly, da Italia ble fanget i terrorens grep"},"content":{"rendered":"<div>\n<div class=\"cp_wrapper cp_wrapper--fw mb-30 mb-20@tablet\">\n<figure class=\"mm\"><picture class=\"img\" style=\"padding-top:56.25%\"><source  media=\"(min-width: 1024px)\"><source  media=\"(min-width: 768px)\"><\/source><\/source><\/picture><\/figure>\n<\/p><\/div>\n<p>De som er definert <strong>&laquo;\u00c5r med bly&raquo;<\/strong> er inkludert <strong>mellom slutten av 1960-tallet og begynnelsen av 1980-tallet<\/strong>da de utviklet seg i Italia <strong>fenomener politisk terrorisme<\/strong> b\u00e5de nyfascistisk og ytre venstre. Mer spesifikt utf\u00f8rte h\u00f8yreekstreme terrorister, knyttet til \u00abavvikende\u00bb sektorer av de hemmelige tjenestene, massakrer med sikte p\u00e5 \u00e5 fremme gjenopprettelsen av et fascistisk diktatur, som en del av det s.k. <strong>spenningsstrategi<\/strong>. Terrorister p\u00e5 ytre venstre side gjorde det p\u00e5 sin side <strong>m\u00e5lrettede drap<\/strong> av politikere og andre mennesker for \u00e5 destabilisere institusjoner. De samlede ofrene for Years of Lead var <strong>rundt 400<\/strong>. P\u00e5 1980-tallet avtok terrorismen til den nesten forsvant.<\/p>\n<h2>Hvorfor kalles de &laquo;Years of Lead&raquo;<\/h2>\n<p>Definisjonen &laquo;Years of Lead&raquo; stammer fra<strong>1981-film med samme navn <\/strong>regissert av Margareth von Trotta, om terrorisme i Vest-Tyskland: hovedrollen det er snakk om er naturligvis kulene. I Italia de <strong>\u00e5r med bly<\/strong> de er inkludert omtrent mellom slutten av 60-tallet og begynnelsen av 80-tallet. Perioden var preget av tilstedev\u00e6relsen av terrorbevegelser, som gjennomf\u00f8rte <strong>b\u00e5de massakrer og m\u00e5lrettede drap<\/strong>. Terrorgruppene hadde ulik ideologisk opprinnelse. H\u00f8yre-ekstrem terrorisme, knyttet til <strong>sektorer av statsapparatet<\/strong>satt p\u00e5 plass<strong> en spenningsstrategi<\/strong>: utf\u00f8rte bombeangrep, drepte dusinvis og dusinvis av mennesker, med sikte p\u00e5 \u00e5 destabilisere landet, <strong>f\u00e5 den demokratiske regjeringen til \u00e5 fremst\u00e5 som svak<\/strong> og dermed oppmuntre <strong>gjenopprettelsen av en autorit\u00e6r fascistisk regjering<\/strong>. DE <strong>ytre venstre terrorgrupper<\/strong>p\u00e5 den annen side, utf\u00f8rte generelt ikke bombeangrep, men rettet mot enkeltpersoner: bedriftsledere, rettsh\u00e5ndhevere, politiske skikkelser. De samlede ofrene for \u00e5rene med bly var rundt 400, som m\u00e5 legges til mange skadde og funksjonshemmede, inkludert de <strong>ben,<\/strong> alts\u00e5 skutt i beina.<\/p>\n<div class=\"cp_wrapper cp_wrapper--fw mb-50\">\n<figure class=\"mm\"><picture class=\"img\" style=\"padding-top:71.822033898305%\"><source  media=\"(min-width: 1024px)\"><source  media=\"(min-width: 768px)\"><img decoding=\"async\" loading=\"lazy\" src=\"https:\/\/nordnesrepublikken.no\/wp-content\/uploads\/2025\/11\/1763682646_179_Hva-skjedde-i-arene-med-bly-da-Italia-ble-fanget.jpg\" alt=\"Alessandro Caravillani, offer for de revolusjon\u00e6re v\u00e6pnede gruppene\" width=\"472\" height=\"339\"\/><\/source><\/source><\/picture><\/figure>\n<\/p><\/div>\n<h2><strong>Den nasjonale og internasjonale konteksten<\/strong><\/h2>\n<p>Perioden av \u00e5rene med bly var en tid med <strong>\u00f8kende politiske spenninger<\/strong>. Den \u00f8konomiske boomen p\u00e5 1950-tallet var over, men hadde gitt varige konsekvenser: Italia var blitt et avansert land, der jordbruket ikke lenger representerte hovedyrket, og befolkningen n\u00f8t en <strong>diskret velv\u00e6re<\/strong>hvorfra imidlertid <strong>de fattigste gruppene ble ekskludert<\/strong>. P\u00e5 slutten av 1960-tallet <strong>bevegelse fra &#8217;68<\/strong>det vil si den enorme ungdomsprotesten, som i 1969 ble knyttet til arbeidernes protester fra &laquo;<strong>varm h\u00f8st&raquo;<\/strong>.<\/p>\n<div class=\"cp_wrapper cp_wrapper--fw mb-50\">\n<figure class=\"mm\"><picture class=\"img\" style=\"padding-top:66.666666666667%\"><source  media=\"(min-width: 1024px)\"><source  media=\"(min-width: 768px)\"><img decoding=\"async\" loading=\"lazy\" src=\"https:\/\/nordnesrepublikken.no\/wp-content\/uploads\/2025\/11\/1763682647_319_Hva-skjedde-i-arene-med-bly-da-Italia-ble-fanget.jpg\" alt=\"Hete h\u00f8stprotester\" width=\"600\" height=\"400\" class=\"js-seedtag-img\"\/><\/source><\/source><\/picture><\/figure>\n<\/p><\/div>\n<p>1968 hadde favorisert politiseringen av befolkningen og spesielt ungdommene. Mange ungdommer ble med <strong>ekstremistiske bevegelser<\/strong>b\u00e5de h\u00f8yre og venstre, som ikke kjenner seg igjen i tradisjonelle partier. I l\u00f8pet av 1970-tallet ble det derfor f\u00f8dt flere <strong>utenomparlamentariske grupper<\/strong>: til venstre, kontinuerlig kamp, \u200b\u200barbeidernes makt, arbeidernes autonomi; til h\u00f8yre New Order, Third Position og andre. P\u00e5 et institusjonelt niv\u00e5 er <strong>Kristendemokratiet<\/strong> fortsatte \u00e5 dominere den politiske scenen, og forble ved makten uten avbrudd siden slutten av andre verdenskrig. I mellomtiden har <strong>Kommunistpartiet<\/strong> av Enrico Berlinguer vokste stadig, og i l\u00f8pet av 1970-\u00e5rene fors\u00f8kte han forgjeves \u00e5 komme inn i regjeringen gjennom det s\u00e5kalte historiske kompromisset med kristendemokratene.<\/p>\n<p>Den internasjonale konteksten var ogs\u00e5 full av spenninger. Den kalde krigen hadde g\u00e5tt inn i en fase med relativ avspenning, men i mange land <strong>den politiske konflikten var blitt mer opphetet<\/strong>. De to supermaktene (USSR og USA), p\u00e5 sin side, hadde ingen skrupler med \u00e5 gripe inn i interne anliggender til individuelle stater: USA opererte i forskjellige land, spesielt i Latin-Amerika, og favoriserte <strong>fremveksten av h\u00f8yreorienterte diktaturer<\/strong> \u00e5 motvirke fremmarsj fra venstreorienterte partier; Sovjetunionen strammet p\u00e5 sin side grepet om de allierte landene og fremmet i 1968 invasjonen av Tsjekkoslovakia. Videre oppstod terrorfenomener i l\u00f8pet av 1970-\u00e5rene <strong>ogs\u00e5 i andre europeiske land<\/strong>som Vest-Tyskland og, av forskjellige grunner, Spania og Storbritannia.<\/p>\n<h2><strong>H\u00f8yreorientert terrorisme: spenningsstrategien<\/strong><\/h2>\n<p>H\u00f8yre-terrorisme utviklet seg gjennom en rekke bombeangrep. Den f\u00f8rste vurderes <strong>den til Piazza Fontana<\/strong>: 12. desember 1969 drepte en bombe plassert i National Agricultural Bank of Milan 16 mennesker (selv om vi siterer dette som det f\u00f8rste angrepet, anser noen forskere at det h\u00f8rer hjemme <strong>til spenningsstrategien<\/strong> ogs\u00e5 tidligere episoder).<\/p>\n<div class=\"cp_wrapper cp_wrapper--fw mb-50\">\n<figure class=\"mm\"><picture class=\"img\" style=\"padding-top:56.25%\"><source  media=\"(min-width: 1024px)\"><source  media=\"(min-width: 768px)\"><img decoding=\"async\" loading=\"lazy\" src=\"https:\/\/nordnesrepublikken.no\/wp-content\/uploads\/2025\/11\/1763682648_606_Hva-skjedde-i-arene-med-bly-da-Italia-ble-fanget.jpg\" alt=\"National Bank of Agriculture etter bomben\" width=\"1600\" height=\"900\"\/><\/source><\/source><\/picture><\/figure>\n<\/p><\/div>\n<p>De ekstreme gruppene inkluderte Revolutionary Armed Nuclei, Ordine Nuovo, Terza Position og andre. H\u00f8yreorienterte terrorister fant st\u00f8tte fra <strong>noen &laquo;avvikende&raquo; sektorer av de hemmelige tjenestene<\/strong>som delte m\u00e5let om \u00e5 fremme etableringen av en autorit\u00e6r regjering og motarbeide venstreorienterte partier. Videre fant det noen nyfascistiske kuppfors\u00f8k sted, hvorav de mest kjente &#8211; unntatt <strong>Piano Solo fra 1964<\/strong> \u2013 det var <strong>kuppet i 1970<\/strong> ledet av <strong>Junio \u200b\u200b\u200b\u200bValerio Borghese<\/strong>en tidligere soldat fra den italienske sosiale republikken.<\/p>\n<p>I sammenheng med<strong> spenningsstrategi<\/strong> flere massakrer ble utf\u00f8rt. Blant de viktigste:<\/p>\n<ul>\n<li>Der<strong> Gioia Tauro-massakren<\/strong>som skjedde 22. juli 1970, da en bombe eksploderte p\u00e5 skinnene da toget Syracuse-Torino passerte, og drepte 6 mennesker;<\/li>\n<li>Der <strong>Piazza della Loggia massakren<\/strong> i Brescia i 1974, med 9 menneskers d\u00f8d;<\/li>\n<li>Der<strong> Italicus togmassakre<\/strong>det vil si eksplosjonen av en bombe p\u00e5 en vogn av Roma-Brenner-toget, i en tunnel i provinsen Bologna, 4. august 1974, med 12 ofre;<\/li>\n<li>Der <strong>Bologna-massakren<\/strong> 2. august 1980, da en bombe eksploderte p\u00e5 stasjonen og for\u00e5rsaket 85 ofre: det var den alvorligste massakren som skjedde i Italia etter andre verdenskrig.<\/li>\n<\/ul>\n<div class=\"cp_wrapper cp_wrapper--fw mb-50\">\n<figure class=\"mm\"><picture class=\"img\" style=\"padding-top:142%\"><source  media=\"(min-width: 1024px)\"><source  media=\"(min-width: 768px)\"><img decoding=\"async\" loading=\"lazy\" src=\"https:\/\/nordnesrepublikken.no\/wp-content\/uploads\/2025\/11\/1763682649_977_Hva-skjedde-i-arene-med-bly-da-Italia-ble-fanget.jpg\" alt=\"Bologna-massakren\" width=\"600\" height=\"852\" class=\"js-seedtag-img\"\/><\/source><\/source><\/picture><\/figure>\n<\/p><\/div>\n<p>Noen forskere anser det ogs\u00e5 som en del av strategien <strong>Rapido 904 massakre<\/strong>som fant sted 23. desember 1984 i samme omr\u00e5de som Italicus-massakren, som f\u00f8rte til at 17 mennesker d\u00f8de. Videre begikk h\u00f8yreekstreme grupper ogs\u00e5 drap, v\u00e6pnede ran og andre forbrytelser.<\/p>\n<h2><strong>Venstreorientert terrorisme: De r\u00f8de brigader og andre v\u00e6pnede grupper<\/strong><\/h2>\n<p>Parallelt med h\u00f8yreorientert terrorisme utviklet den seg <strong>ytre venstre terrorisme<\/strong>som generelt ikke utf\u00f8rte vilk\u00e5rlige massakrer, men <strong>m\u00e5lrettede drap og s\u00e5rede<\/strong>. Den mest kjente gruppen var den av <strong>R\u00f8de brigader<\/strong>f\u00f8dt p\u00e5 begynnelsen av 1970-tallet. Etter \u00e5 ha utf\u00f8rt demonstrative aksjoner mot bedriftsledere, begynte de r\u00f8de brigadene fra midten av ti\u00e5ret \u00e5 drepe. Det mest kjente offeret var <strong>Aldo Moro<\/strong>kidnappet 16. mars 1978, etter drapet p\u00e5 fem eskorteagenter, og drept etter 55 dager i fangenskap.<\/p>\n<div class=\"cp_wrapper cp_wrapper--fw mb-50\">\n<figure class=\"mm\"><picture class=\"img\" style=\"padding-top:132.30174081238%\"><source  media=\"(min-width: 1024px)\"><source  media=\"(min-width: 768px)\"><img decoding=\"async\" loading=\"lazy\" src=\"https:\/\/nordnesrepublikken.no\/wp-content\/uploads\/2025\/11\/1763682649_684_Hva-skjedde-i-arene-med-bly-da-Italia-ble-fanget.jpg\" alt=\"Han d\u00f8de i Red Brigades fengsel\" width=\"517\" height=\"684\"\/><\/source><\/source><\/picture><\/figure>\n<\/p><\/div>\n<p>De andre drepte inkluderte mange politimenn og carabinieri, journalister som Carlo Casalegno og Walter Tobagi, dommere som Francesco Coco, intellektuelle som Vittorio Bachelet, til og med en arbeider som Guido Rossa.<\/p>\n<p>Andre ytre venstre terrorgrupper var <strong>F\u00f8rste linje<\/strong>selv ansvarlig for en rekke drap, bl.a <strong>V\u00e6pnede proletariske kjerner<\/strong>. De v\u00e6pnede gruppene var ikke knyttet til avvikende statsapparat, men s\u00f8kte en forbindelse med det bredere. <strong>protestbevegelse<\/strong> som utviklet seg i disse \u00e5rene, spesielt i 1977, og fant solidariteten til noen sektorer.<\/p>\n<h2><strong>Statens reaksjon og tilbakef\u00f8ringen til privat sektor<\/strong><\/h2>\n<p>Det republikanske demokratiet lyktes <strong>motst\u00e5 terrorisme uten \u00e5 ty til spesielle lover<\/strong>. I l\u00f8pet av 1970-\u00e5rene ble det utstedt noen tiltak for \u00e5 skjerpe straffene og kontrollere territoriet mer effektivt, som f. <strong>Royal Act 1975<\/strong>men ingen lover ble vedtatt som begrenset borgernes frihet, slik noen politiske ledere ba om. P\u00e5 1980-tallet, etter massakren i Bologna, <strong>angrepene avtok gradvis<\/strong>til den forsvinner. I l\u00f8pet av ti\u00e5ret har dessuten den s\u00e5kalte &laquo;<strong>tilbake til privatlivet&raquo;<\/strong>alts\u00e5 en slags avpolitisering av det italienske samfunnet og unge mennesker. <strong>Years of Lead endte definitivt.<\/strong><\/p>\n<div class=\"cp_wrapper  mb-50   \">\n<div class=\"cbx\">\n<div class=\"cbx__collection\">\n<p>Kilder<\/p>\n<div class=\"cbx__sources\">\n<p>Nanni Balestrini og Primo Moroni, The Golden Horde 1968-1977 &#8211; Den store revolusjon\u00e6re og kreative, politiske og eksistensielle b\u00f8lgen, Milan, SugarCo, 1988<\/p>\n<p>Giorgio Galli, Historien om det v\u00e6pnede partiet 1968-1982, Milan, Rizzoli, 1986,<\/p>\n<p>Luca Telese, Black Hearts. Fra Primavalle-brannen til Ramelli, Sperling &#038; Kupfers d\u00f8d, 2006.<\/p>\n<p>Sergio Zavoli, La notte della Repubblica, Roma, Nuova Eri, 1992, ISBN 88-04-33909-8.<\/p>\n<p>                                                                                Nettverk av arkiver for ikke \u00e5 glemme\n                                                <\/p><\/div>\n<\/p><\/div>\n<\/p><\/div>\n<\/div><\/div>\n","protected":false},"excerpt":{"rendered":"<p>De som er definert &laquo;\u00c5r med bly&raquo; er inkludert mellom slutten av 1960-tallet og begynnelsen<\/p>\n","protected":false},"author":1,"featured_media":11942,"comment_status":"closed","ping_status":"open","sticky":false,"template":"","format":"standard","meta":{"footnotes":""},"categories":[104],"tags":[3532,373,6093,4721,7140,144,437,79,325,7844],"class_list":["post-11941","post","type-post","status-publish","format-standard","has-post-thumbnail","hentry","category-samfunn","tag-arene","tag-ble","tag-bly","tag-fanget","tag-grep","tag-hva","tag-italia","tag-med","tag-skjedde","tag-terrorens","generate-columns","tablet-grid-50","mobile-grid-100","grid-parent","grid-33","resize-featured-image"],"yoast_head":"<!-- This site is optimized with the Yoast SEO plugin v24.4 - https:\/\/yoast.com\/wordpress\/plugins\/seo\/ -->\n<title>Hva skjedde i \u00e5rene med bly, da Italia ble fanget i terrorens grep - Nordnesrepublikken<\/title>\n<meta name=\"robots\" content=\"index, follow, max-snippet:-1, max-image-preview:large, max-video-preview:-1\" \/>\n<link rel=\"canonical\" href=\"https:\/\/nordnesrepublikken.no\/index.php\/2025\/11\/21\/hva-skjedde-i-arene-med-bly-da-italia-ble-fanget-i-terrorens-grep\/\" \/>\n<meta property=\"og:locale\" content=\"nb_NO\" \/>\n<meta property=\"og:type\" content=\"article\" \/>\n<meta property=\"og:title\" content=\"Hva skjedde i \u00e5rene med bly, da Italia ble fanget i terrorens grep - Nordnesrepublikken\" \/>\n<meta property=\"og:description\" content=\"De som er definert &laquo;\u00c5r med bly&raquo; er inkludert mellom slutten av 1960-tallet og begynnelsen\" \/>\n<meta property=\"og:url\" content=\"https:\/\/nordnesrepublikken.no\/index.php\/2025\/11\/21\/hva-skjedde-i-arene-med-bly-da-italia-ble-fanget-i-terrorens-grep\/\" \/>\n<meta property=\"og:site_name\" content=\"Nordnesrepublikken\" \/>\n<meta property=\"article:published_time\" content=\"2025-11-20T23:50:49+00:00\" \/>\n<meta property=\"article:modified_time\" content=\"2025-11-20T23:50:50+00:00\" \/>\n<meta property=\"og:image\" content=\"https:\/\/nordnesrepublikken.no\/wp-content\/uploads\/2025\/11\/1763682650_Hva-skjedde-i-arene-med-bly-da-Italia-ble-fanget.jpg\" \/>\n\t<meta property=\"og:image:width\" content=\"650\" \/>\n\t<meta property=\"og:image:height\" content=\"385\" \/>\n\t<meta property=\"og:image:type\" content=\"image\/jpeg\" \/>\n<meta name=\"author\" content=\"Ole Andersen\" \/>\n<meta name=\"twitter:card\" content=\"summary_large_image\" \/>\n<meta name=\"twitter:label1\" content=\"Skrevet av\" \/>\n\t<meta name=\"twitter:data1\" content=\"Ole Andersen\" \/>\n\t<meta name=\"twitter:label2\" content=\"Ansl. lesetid\" \/>\n\t<meta name=\"twitter:data2\" content=\"6 minutter\" \/>\n<script type=\"application\/ld+json\" class=\"yoast-schema-graph\">{\"@context\":\"https:\/\/schema.org\",\"@graph\":[{\"@type\":\"Article\",\"@id\":\"https:\/\/nordnesrepublikken.no\/index.php\/2025\/11\/21\/hva-skjedde-i-arene-med-bly-da-italia-ble-fanget-i-terrorens-grep\/#article\",\"isPartOf\":{\"@id\":\"https:\/\/nordnesrepublikken.no\/index.php\/2025\/11\/21\/hva-skjedde-i-arene-med-bly-da-italia-ble-fanget-i-terrorens-grep\/\"},\"author\":{\"name\":\"Ole Andersen\",\"@id\":\"https:\/\/nordnesrepublikken.no\/#\/schema\/person\/2e7e81935bab77882fffb79296240ff1\"},\"headline\":\"Hva skjedde i \u00e5rene med bly, da Italia ble fanget i terrorens grep\",\"datePublished\":\"2025-11-20T23:50:49+00:00\",\"dateModified\":\"2025-11-20T23:50:50+00:00\",\"mainEntityOfPage\":{\"@id\":\"https:\/\/nordnesrepublikken.no\/index.php\/2025\/11\/21\/hva-skjedde-i-arene-med-bly-da-italia-ble-fanget-i-terrorens-grep\/\"},\"wordCount\":1176,\"publisher\":{\"@id\":\"https:\/\/nordnesrepublikken.no\/#organization\"},\"image\":{\"@id\":\"https:\/\/nordnesrepublikken.no\/index.php\/2025\/11\/21\/hva-skjedde-i-arene-med-bly-da-italia-ble-fanget-i-terrorens-grep\/#primaryimage\"},\"thumbnailUrl\":\"https:\/\/nordnesrepublikken.no\/wp-content\/uploads\/2025\/11\/1763682650_Hva-skjedde-i-arene-med-bly-da-Italia-ble-fanget.jpg\",\"keywords\":[\"\u00e5rene\",\"ble\",\"bly\",\"fanget\",\"grep\",\"Hva\",\"Italia\",\"med\",\"skjedde\",\"terrorens\"],\"articleSection\":[\"Samfunn\"],\"inLanguage\":\"nb-NO\"},{\"@type\":\"WebPage\",\"@id\":\"https:\/\/nordnesrepublikken.no\/index.php\/2025\/11\/21\/hva-skjedde-i-arene-med-bly-da-italia-ble-fanget-i-terrorens-grep\/\",\"url\":\"https:\/\/nordnesrepublikken.no\/index.php\/2025\/11\/21\/hva-skjedde-i-arene-med-bly-da-italia-ble-fanget-i-terrorens-grep\/\",\"name\":\"Hva skjedde i \u00e5rene med bly, da Italia ble fanget i terrorens grep - Nordnesrepublikken\",\"isPartOf\":{\"@id\":\"https:\/\/nordnesrepublikken.no\/#website\"},\"primaryImageOfPage\":{\"@id\":\"https:\/\/nordnesrepublikken.no\/index.php\/2025\/11\/21\/hva-skjedde-i-arene-med-bly-da-italia-ble-fanget-i-terrorens-grep\/#primaryimage\"},\"image\":{\"@id\":\"https:\/\/nordnesrepublikken.no\/index.php\/2025\/11\/21\/hva-skjedde-i-arene-med-bly-da-italia-ble-fanget-i-terrorens-grep\/#primaryimage\"},\"thumbnailUrl\":\"https:\/\/nordnesrepublikken.no\/wp-content\/uploads\/2025\/11\/1763682650_Hva-skjedde-i-arene-med-bly-da-Italia-ble-fanget.jpg\",\"datePublished\":\"2025-11-20T23:50:49+00:00\",\"dateModified\":\"2025-11-20T23:50:50+00:00\",\"breadcrumb\":{\"@id\":\"https:\/\/nordnesrepublikken.no\/index.php\/2025\/11\/21\/hva-skjedde-i-arene-med-bly-da-italia-ble-fanget-i-terrorens-grep\/#breadcrumb\"},\"inLanguage\":\"nb-NO\",\"potentialAction\":[{\"@type\":\"ReadAction\",\"target\":[\"https:\/\/nordnesrepublikken.no\/index.php\/2025\/11\/21\/hva-skjedde-i-arene-med-bly-da-italia-ble-fanget-i-terrorens-grep\/\"]}]},{\"@type\":\"ImageObject\",\"inLanguage\":\"nb-NO\",\"@id\":\"https:\/\/nordnesrepublikken.no\/index.php\/2025\/11\/21\/hva-skjedde-i-arene-med-bly-da-italia-ble-fanget-i-terrorens-grep\/#primaryimage\",\"url\":\"https:\/\/nordnesrepublikken.no\/wp-content\/uploads\/2025\/11\/1763682650_Hva-skjedde-i-arene-med-bly-da-Italia-ble-fanget.jpg\",\"contentUrl\":\"https:\/\/nordnesrepublikken.no\/wp-content\/uploads\/2025\/11\/1763682650_Hva-skjedde-i-arene-med-bly-da-Italia-ble-fanget.jpg\",\"width\":650,\"height\":385,\"caption\":\"Hva skjedde i \u00e5rene med bly, da Italia ble fanget i terrorens grep\"},{\"@type\":\"BreadcrumbList\",\"@id\":\"https:\/\/nordnesrepublikken.no\/index.php\/2025\/11\/21\/hva-skjedde-i-arene-med-bly-da-italia-ble-fanget-i-terrorens-grep\/#breadcrumb\",\"itemListElement\":[{\"@type\":\"ListItem\",\"position\":1,\"name\":\"Home\",\"item\":\"https:\/\/nordnesrepublikken.no\/\"},{\"@type\":\"ListItem\",\"position\":2,\"name\":\"Hva skjedde i \u00e5rene med bly, da Italia ble fanget i terrorens grep\"}]},{\"@type\":\"WebSite\",\"@id\":\"https:\/\/nordnesrepublikken.no\/#website\",\"url\":\"https:\/\/nordnesrepublikken.no\/\",\"name\":\"Nordnesrepublikken\",\"description\":\"Stemmer og Visjoner fra Republikkens Hjerte\",\"publisher\":{\"@id\":\"https:\/\/nordnesrepublikken.no\/#organization\"},\"potentialAction\":[{\"@type\":\"SearchAction\",\"target\":{\"@type\":\"EntryPoint\",\"urlTemplate\":\"https:\/\/nordnesrepublikken.no\/?s={search_term_string}\"},\"query-input\":{\"@type\":\"PropertyValueSpecification\",\"valueRequired\":true,\"valueName\":\"search_term_string\"}}],\"inLanguage\":\"nb-NO\"},{\"@type\":\"Organization\",\"@id\":\"https:\/\/nordnesrepublikken.no\/#organization\",\"name\":\"Nordnesrepublikken\",\"url\":\"https:\/\/nordnesrepublikken.no\/\",\"logo\":{\"@type\":\"ImageObject\",\"inLanguage\":\"nb-NO\",\"@id\":\"https:\/\/nordnesrepublikken.no\/#\/schema\/logo\/image\/\",\"url\":\"https:\/\/nordnesrepublikken.no\/wp-content\/uploads\/2025\/02\/cropped-nordnesrepublikken-2.png\",\"contentUrl\":\"https:\/\/nordnesrepublikken.no\/wp-content\/uploads\/2025\/02\/cropped-nordnesrepublikken-2.png\",\"width\":1248,\"height\":362,\"caption\":\"Nordnesrepublikken\"},\"image\":{\"@id\":\"https:\/\/nordnesrepublikken.no\/#\/schema\/logo\/image\/\"}},{\"@type\":\"Person\",\"@id\":\"https:\/\/nordnesrepublikken.no\/#\/schema\/person\/2e7e81935bab77882fffb79296240ff1\",\"name\":\"Ole Andersen\",\"image\":{\"@type\":\"ImageObject\",\"inLanguage\":\"nb-NO\",\"@id\":\"https:\/\/nordnesrepublikken.no\/#\/schema\/person\/image\/\",\"url\":\"https:\/\/nordnesrepublikken.no\/wp-content\/uploads\/2025\/02\/nordnesrepublikken-2-2-150x150.jpg\",\"contentUrl\":\"https:\/\/nordnesrepublikken.no\/wp-content\/uploads\/2025\/02\/nordnesrepublikken-2-2-150x150.jpg\",\"caption\":\"Ole Andersen\"},\"description\":\"Ettersom jeg vokste opp i Oslo, har jeg alltid v\u00e6rt fascinert av ordenes kraft og deres evne til \u00e5 skape endringer. Etter \u00e5 ha fullf\u00f8rt min utdannelse i kommunikasjon ved Universitetet i Bergen, fikk jeg muligheten til \u00e5 jobbe innen ulike medier, der jeg har s\u00f8kt \u00e5 belyse viktige samfunnssp\u00f8rsm\u00e5l. I dag, som redakt\u00f8r for Nordnesrepublikken, pr\u00f8ver jeg \u00e5 forene min kj\u00e6rlighet for journalistikk med min lidenskap for innovasjon og eventyr.\",\"sameAs\":[\"https:\/\/nordnesrepublikken.no\/\"]}]}<\/script>\n<!-- \/ Yoast SEO plugin. -->","yoast_head_json":{"title":"Hva skjedde i \u00e5rene med bly, da Italia ble fanget i terrorens grep - Nordnesrepublikken","robots":{"index":"index","follow":"follow","max-snippet":"max-snippet:-1","max-image-preview":"max-image-preview:large","max-video-preview":"max-video-preview:-1"},"canonical":"https:\/\/nordnesrepublikken.no\/index.php\/2025\/11\/21\/hva-skjedde-i-arene-med-bly-da-italia-ble-fanget-i-terrorens-grep\/","og_locale":"nb_NO","og_type":"article","og_title":"Hva skjedde i \u00e5rene med bly, da Italia ble fanget i terrorens grep - Nordnesrepublikken","og_description":"De som er definert &laquo;\u00c5r med bly&raquo; er inkludert mellom slutten av 1960-tallet og begynnelsen","og_url":"https:\/\/nordnesrepublikken.no\/index.php\/2025\/11\/21\/hva-skjedde-i-arene-med-bly-da-italia-ble-fanget-i-terrorens-grep\/","og_site_name":"Nordnesrepublikken","article_published_time":"2025-11-20T23:50:49+00:00","article_modified_time":"2025-11-20T23:50:50+00:00","og_image":[{"width":650,"height":385,"url":"https:\/\/nordnesrepublikken.no\/wp-content\/uploads\/2025\/11\/1763682650_Hva-skjedde-i-arene-med-bly-da-Italia-ble-fanget.jpg","type":"image\/jpeg"}],"author":"Ole Andersen","twitter_card":"summary_large_image","twitter_misc":{"Skrevet av":"Ole Andersen","Ansl. lesetid":"6 minutter"},"schema":{"@context":"https:\/\/schema.org","@graph":[{"@type":"Article","@id":"https:\/\/nordnesrepublikken.no\/index.php\/2025\/11\/21\/hva-skjedde-i-arene-med-bly-da-italia-ble-fanget-i-terrorens-grep\/#article","isPartOf":{"@id":"https:\/\/nordnesrepublikken.no\/index.php\/2025\/11\/21\/hva-skjedde-i-arene-med-bly-da-italia-ble-fanget-i-terrorens-grep\/"},"author":{"name":"Ole Andersen","@id":"https:\/\/nordnesrepublikken.no\/#\/schema\/person\/2e7e81935bab77882fffb79296240ff1"},"headline":"Hva skjedde i \u00e5rene med bly, da Italia ble fanget i terrorens grep","datePublished":"2025-11-20T23:50:49+00:00","dateModified":"2025-11-20T23:50:50+00:00","mainEntityOfPage":{"@id":"https:\/\/nordnesrepublikken.no\/index.php\/2025\/11\/21\/hva-skjedde-i-arene-med-bly-da-italia-ble-fanget-i-terrorens-grep\/"},"wordCount":1176,"publisher":{"@id":"https:\/\/nordnesrepublikken.no\/#organization"},"image":{"@id":"https:\/\/nordnesrepublikken.no\/index.php\/2025\/11\/21\/hva-skjedde-i-arene-med-bly-da-italia-ble-fanget-i-terrorens-grep\/#primaryimage"},"thumbnailUrl":"https:\/\/nordnesrepublikken.no\/wp-content\/uploads\/2025\/11\/1763682650_Hva-skjedde-i-arene-med-bly-da-Italia-ble-fanget.jpg","keywords":["\u00e5rene","ble","bly","fanget","grep","Hva","Italia","med","skjedde","terrorens"],"articleSection":["Samfunn"],"inLanguage":"nb-NO"},{"@type":"WebPage","@id":"https:\/\/nordnesrepublikken.no\/index.php\/2025\/11\/21\/hva-skjedde-i-arene-med-bly-da-italia-ble-fanget-i-terrorens-grep\/","url":"https:\/\/nordnesrepublikken.no\/index.php\/2025\/11\/21\/hva-skjedde-i-arene-med-bly-da-italia-ble-fanget-i-terrorens-grep\/","name":"Hva skjedde i \u00e5rene med bly, da Italia ble fanget i terrorens grep - Nordnesrepublikken","isPartOf":{"@id":"https:\/\/nordnesrepublikken.no\/#website"},"primaryImageOfPage":{"@id":"https:\/\/nordnesrepublikken.no\/index.php\/2025\/11\/21\/hva-skjedde-i-arene-med-bly-da-italia-ble-fanget-i-terrorens-grep\/#primaryimage"},"image":{"@id":"https:\/\/nordnesrepublikken.no\/index.php\/2025\/11\/21\/hva-skjedde-i-arene-med-bly-da-italia-ble-fanget-i-terrorens-grep\/#primaryimage"},"thumbnailUrl":"https:\/\/nordnesrepublikken.no\/wp-content\/uploads\/2025\/11\/1763682650_Hva-skjedde-i-arene-med-bly-da-Italia-ble-fanget.jpg","datePublished":"2025-11-20T23:50:49+00:00","dateModified":"2025-11-20T23:50:50+00:00","breadcrumb":{"@id":"https:\/\/nordnesrepublikken.no\/index.php\/2025\/11\/21\/hva-skjedde-i-arene-med-bly-da-italia-ble-fanget-i-terrorens-grep\/#breadcrumb"},"inLanguage":"nb-NO","potentialAction":[{"@type":"ReadAction","target":["https:\/\/nordnesrepublikken.no\/index.php\/2025\/11\/21\/hva-skjedde-i-arene-med-bly-da-italia-ble-fanget-i-terrorens-grep\/"]}]},{"@type":"ImageObject","inLanguage":"nb-NO","@id":"https:\/\/nordnesrepublikken.no\/index.php\/2025\/11\/21\/hva-skjedde-i-arene-med-bly-da-italia-ble-fanget-i-terrorens-grep\/#primaryimage","url":"https:\/\/nordnesrepublikken.no\/wp-content\/uploads\/2025\/11\/1763682650_Hva-skjedde-i-arene-med-bly-da-Italia-ble-fanget.jpg","contentUrl":"https:\/\/nordnesrepublikken.no\/wp-content\/uploads\/2025\/11\/1763682650_Hva-skjedde-i-arene-med-bly-da-Italia-ble-fanget.jpg","width":650,"height":385,"caption":"Hva skjedde i \u00e5rene med bly, da Italia ble fanget i terrorens grep"},{"@type":"BreadcrumbList","@id":"https:\/\/nordnesrepublikken.no\/index.php\/2025\/11\/21\/hva-skjedde-i-arene-med-bly-da-italia-ble-fanget-i-terrorens-grep\/#breadcrumb","itemListElement":[{"@type":"ListItem","position":1,"name":"Home","item":"https:\/\/nordnesrepublikken.no\/"},{"@type":"ListItem","position":2,"name":"Hva skjedde i \u00e5rene med bly, da Italia ble fanget i terrorens grep"}]},{"@type":"WebSite","@id":"https:\/\/nordnesrepublikken.no\/#website","url":"https:\/\/nordnesrepublikken.no\/","name":"Nordnesrepublikken","description":"Stemmer og Visjoner fra Republikkens Hjerte","publisher":{"@id":"https:\/\/nordnesrepublikken.no\/#organization"},"potentialAction":[{"@type":"SearchAction","target":{"@type":"EntryPoint","urlTemplate":"https:\/\/nordnesrepublikken.no\/?s={search_term_string}"},"query-input":{"@type":"PropertyValueSpecification","valueRequired":true,"valueName":"search_term_string"}}],"inLanguage":"nb-NO"},{"@type":"Organization","@id":"https:\/\/nordnesrepublikken.no\/#organization","name":"Nordnesrepublikken","url":"https:\/\/nordnesrepublikken.no\/","logo":{"@type":"ImageObject","inLanguage":"nb-NO","@id":"https:\/\/nordnesrepublikken.no\/#\/schema\/logo\/image\/","url":"https:\/\/nordnesrepublikken.no\/wp-content\/uploads\/2025\/02\/cropped-nordnesrepublikken-2.png","contentUrl":"https:\/\/nordnesrepublikken.no\/wp-content\/uploads\/2025\/02\/cropped-nordnesrepublikken-2.png","width":1248,"height":362,"caption":"Nordnesrepublikken"},"image":{"@id":"https:\/\/nordnesrepublikken.no\/#\/schema\/logo\/image\/"}},{"@type":"Person","@id":"https:\/\/nordnesrepublikken.no\/#\/schema\/person\/2e7e81935bab77882fffb79296240ff1","name":"Ole Andersen","image":{"@type":"ImageObject","inLanguage":"nb-NO","@id":"https:\/\/nordnesrepublikken.no\/#\/schema\/person\/image\/","url":"https:\/\/nordnesrepublikken.no\/wp-content\/uploads\/2025\/02\/nordnesrepublikken-2-2-150x150.jpg","contentUrl":"https:\/\/nordnesrepublikken.no\/wp-content\/uploads\/2025\/02\/nordnesrepublikken-2-2-150x150.jpg","caption":"Ole Andersen"},"description":"Ettersom jeg vokste opp i Oslo, har jeg alltid v\u00e6rt fascinert av ordenes kraft og deres evne til \u00e5 skape endringer. Etter \u00e5 ha fullf\u00f8rt min utdannelse i kommunikasjon ved Universitetet i Bergen, fikk jeg muligheten til \u00e5 jobbe innen ulike medier, der jeg har s\u00f8kt \u00e5 belyse viktige samfunnssp\u00f8rsm\u00e5l. I dag, som redakt\u00f8r for Nordnesrepublikken, pr\u00f8ver jeg \u00e5 forene min kj\u00e6rlighet for journalistikk med min lidenskap for innovasjon og eventyr.","sameAs":["https:\/\/nordnesrepublikken.no\/"]}]}},"_links":{"self":[{"href":"https:\/\/nordnesrepublikken.no\/index.php\/wp-json\/wp\/v2\/posts\/11941","targetHints":{"allow":["GET"]}}],"collection":[{"href":"https:\/\/nordnesrepublikken.no\/index.php\/wp-json\/wp\/v2\/posts"}],"about":[{"href":"https:\/\/nordnesrepublikken.no\/index.php\/wp-json\/wp\/v2\/types\/post"}],"author":[{"embeddable":true,"href":"https:\/\/nordnesrepublikken.no\/index.php\/wp-json\/wp\/v2\/users\/1"}],"replies":[{"embeddable":true,"href":"https:\/\/nordnesrepublikken.no\/index.php\/wp-json\/wp\/v2\/comments?post=11941"}],"version-history":[{"count":1,"href":"https:\/\/nordnesrepublikken.no\/index.php\/wp-json\/wp\/v2\/posts\/11941\/revisions"}],"predecessor-version":[{"id":11943,"href":"https:\/\/nordnesrepublikken.no\/index.php\/wp-json\/wp\/v2\/posts\/11941\/revisions\/11943"}],"wp:featuredmedia":[{"embeddable":true,"href":"https:\/\/nordnesrepublikken.no\/index.php\/wp-json\/wp\/v2\/media\/11942"}],"wp:attachment":[{"href":"https:\/\/nordnesrepublikken.no\/index.php\/wp-json\/wp\/v2\/media?parent=11941"}],"wp:term":[{"taxonomy":"category","embeddable":true,"href":"https:\/\/nordnesrepublikken.no\/index.php\/wp-json\/wp\/v2\/categories?post=11941"},{"taxonomy":"post_tag","embeddable":true,"href":"https:\/\/nordnesrepublikken.no\/index.php\/wp-json\/wp\/v2\/tags?post=11941"}],"curies":[{"name":"wp","href":"https:\/\/api.w.org\/{rel}","templated":true}]}}