{"id":11938,"date":"2025-11-20T23:51:04","date_gmt":"2025-11-20T22:51:04","guid":{"rendered":"https:\/\/nordnesrepublikken.no\/index.php\/2025\/11\/20\/ryanair-flyet-nodlander-i-sevilla-flyplassen-stengt-flyvninger-omdirigert\/"},"modified":"2025-11-20T23:51:06","modified_gmt":"2025-11-20T22:51:06","slug":"ryanair-flyet-nodlander-i-sevilla-flyplassen-stengt-flyvninger-omdirigert","status":"publish","type":"post","link":"https:\/\/nordnesrepublikken.no\/index.php\/2025\/11\/20\/ryanair-flyet-nodlander-i-sevilla-flyplassen-stengt-flyvninger-omdirigert\/","title":{"rendered":"Ryanair-flyet n\u00f8dlander i Sevilla: Flyplassen stengt, flyvninger omdirigert"},"content":{"rendered":"<p><\/p>\n<div class=\"wordpress-content\">\n                    <!-- Article Start --><\/p>\n<p class=\"p1\">Et passasjerfly fra Ryanair p\u00e5 vei til Marrakech ble tvunget til \u00e5 foreta en dramatisk n\u00f8dlanding p\u00e5 Sevilla-San Pablo flyplass torsdag ettermiddag etter \u00e5 ha lidd av en kritisk feil i landingsutstyret kort tid etter start. Hendelsen, som involverte omtrent 180 til 187 passasjerer og mannskap, utl\u00f8ste en fullstendig stengning av flyplassen og omdirigering av innkommende flyvninger, selv om alle de om bord slapp uskadd.<\/p>\n<p class=\"p1\">Boeing 737-800, som opererer flight FR5541 fra Sevilla til Marrakech, hadde bare v\u00e6rt i luften i bare noen f\u00e5 minutter da mannskapet oppdaget at det var et problem med utplasseringssystemet for landingsutstyr. Kilder indikerte at problemet kan ha oppst\u00e5tt fra et dekk som bl\u00e5ste ut under start, noe som gjorde utstyret ubrukelig. I stedet for \u00e5 risikere \u00e5 fortsette reisen, bestemte kapteinen seg umiddelbart for \u00e5 returnere til Sevilla for en n\u00f8d &laquo;magelanding&raquo; p\u00e5 flyplassens enkelt rullebane.<\/p>\n<h2>Ryanair-flyet sirkler Andalucia i 1 time f\u00f8r det fors\u00f8ker \u00e5 lande<\/h2>\n<p class=\"p1\">I nesten en time sirklet flyet himmelen over Andalusia, og brente av drivstoff for \u00e5 redusere risikoen for brann ved sammenst\u00f8t, en standard sikkerhetsprosedyre i slike situasjoner. Omtrent klokken 17.25 havnet flyet vellykket etter at det til slutt klarte \u00e5 senke landingsutstyret. Heldigvis br\u00f8t det ikke ut brann, og det ble ikke meldt om personskader blant de 180 til 187 personene om bord.<\/p>\n<div class=\"sra_unit\"><link rel=\"stylesheet\" id=\"block-sra\" href=\"https:\/\/euroweeklynews.com\/wp-content\/plugins\/snack-related-articles\/dist\/css\/snack-related.min.css?250312-193541\" type=\"text\/css\" media=\"all\">\n<\/div>\n<p class=\"p1\">En stor beredskapstjeneste var forh\u00e5ndsposisjonert p\u00e5 flyplassen, inkludert brannmannskaper i Sevilla by og provins, nasjonalt og lokalt politi, og medisinske team koordinert av den regionale 112-n\u00f8dtjenesten, som mottok det f\u00f8rste varselet rundt klokken 16.50.<\/p>\n<h2>Sevilla flyplass stenger resten av dagen<\/h2>\n<p class=\"p1\">AENA, Spanias flyplassmyndighet, bekreftet at operasjonene ved San Pablo ble suspendert resten av dagen. Minst ti innkommende flyvninger ble omdirigert til alternative flyplasser, inkludert Malaga og Jerez, mens avgangene ble forsinket uten estimert gjenopptakstid.<\/p>\n<p class=\"p1\">Passasjerenes reaksjoner p\u00e5 sosiale medier varierte fra lettelse til frustrasjon. Flere reisende beskrev at de h\u00f8rte et h\u00f8yt smell under takeoff, etterfulgt av en uhyggelig ro mens kapteinen forklarte situasjonen og forberedte alle p\u00e5 n\u00f8dretur. \u00abVi visste at noe var galt da vi fortsatte \u00e5 sirkle og sirkle,\u00bb skrev en passasjer kort tid etter avstigning. &laquo;Men mannskapet var utrolig rolig og profesjonelt.&raquo;<\/p>\n<p class=\"p1\">Flyselskapet sies \u00e5 samarbeide med spanske ulykkesetterforskere (CIAIAC) for \u00e5 finne den eksakte \u00e5rsaken til feilen p\u00e5 landingsutstyret. Ingen ytterligere detaljer er gitt s\u00e5 langt.<\/p>\n<p>                    <!-- Originally published at https:\/\/euroweeklynews.com\/2025\/11\/20\/ryanair-plane-makes-emergency-landing-at-sevilla-airport-closed-flights-diverted\/ on 20 Nov 2025 at 19:45 by Adam Woodward --><br \/>\n                    <!-- Article End -->\n                <\/div>\n","protected":false},"excerpt":{"rendered":"<p>Et passasjerfly fra Ryanair p\u00e5 vei til Marrakech ble tvunget til \u00e5 foreta en dramatisk<\/p>\n","protected":false},"author":1,"featured_media":11939,"comment_status":"closed","ping_status":"open","sticky":false,"template":"","format":"standard","meta":{"footnotes":""},"categories":[105],"tags":[1614,5772,7841,7843,7840,7842,1314],"class_list":["post-11938","post","type-post","status-publish","format-standard","has-post-thumbnail","hentry","category-livsstil","tag-flyplassen","tag-flyvninger","tag-nodlander","tag-omdirigert","tag-ryanairflyet","tag-sevilla","tag-stengt","generate-columns","tablet-grid-50","mobile-grid-100","grid-parent","grid-33","resize-featured-image"],"yoast_head":"<!-- This site is optimized with the Yoast SEO plugin v24.4 - https:\/\/yoast.com\/wordpress\/plugins\/seo\/ -->\n<title>Ryanair-flyet n\u00f8dlander i Sevilla: Flyplassen stengt, flyvninger omdirigert - Nordnesrepublikken<\/title>\n<meta name=\"robots\" content=\"index, follow, max-snippet:-1, max-image-preview:large, max-video-preview:-1\" \/>\n<link rel=\"canonical\" href=\"https:\/\/nordnesrepublikken.no\/index.php\/2025\/11\/20\/ryanair-flyet-nodlander-i-sevilla-flyplassen-stengt-flyvninger-omdirigert\/\" \/>\n<meta property=\"og:locale\" content=\"nb_NO\" \/>\n<meta property=\"og:type\" content=\"article\" \/>\n<meta property=\"og:title\" content=\"Ryanair-flyet n\u00f8dlander i Sevilla: Flyplassen stengt, flyvninger omdirigert - Nordnesrepublikken\" \/>\n<meta property=\"og:description\" content=\"Et passasjerfly fra Ryanair p\u00e5 vei til Marrakech ble tvunget til \u00e5 foreta en dramatisk\" \/>\n<meta property=\"og:url\" content=\"https:\/\/nordnesrepublikken.no\/index.php\/2025\/11\/20\/ryanair-flyet-nodlander-i-sevilla-flyplassen-stengt-flyvninger-omdirigert\/\" \/>\n<meta property=\"og:site_name\" content=\"Nordnesrepublikken\" \/>\n<meta property=\"article:published_time\" content=\"2025-11-20T22:51:04+00:00\" \/>\n<meta property=\"article:modified_time\" content=\"2025-11-20T22:51:06+00:00\" \/>\n<meta property=\"og:image\" content=\"https:\/\/nordnesrepublikken.no\/wp-content\/uploads\/2025\/11\/1763679065_Ryanair-flyet-nodlander-i-Sevilla-Flyplassen-stengt-flyvninger-omdirigert.jpg\" \/>\n\t<meta property=\"og:image:width\" content=\"1200\" \/>\n\t<meta property=\"og:image:height\" content=\"630\" \/>\n\t<meta property=\"og:image:type\" content=\"image\/jpeg\" \/>\n<meta name=\"author\" content=\"Ole Andersen\" \/>\n<meta name=\"twitter:card\" content=\"summary_large_image\" \/>\n<meta name=\"twitter:label1\" content=\"Skrevet av\" \/>\n\t<meta name=\"twitter:data1\" content=\"Ole Andersen\" \/>\n\t<meta name=\"twitter:label2\" content=\"Ansl. lesetid\" \/>\n\t<meta name=\"twitter:data2\" content=\"2 minutter\" \/>\n<script type=\"application\/ld+json\" class=\"yoast-schema-graph\">{\"@context\":\"https:\/\/schema.org\",\"@graph\":[{\"@type\":\"Article\",\"@id\":\"https:\/\/nordnesrepublikken.no\/index.php\/2025\/11\/20\/ryanair-flyet-nodlander-i-sevilla-flyplassen-stengt-flyvninger-omdirigert\/#article\",\"isPartOf\":{\"@id\":\"https:\/\/nordnesrepublikken.no\/index.php\/2025\/11\/20\/ryanair-flyet-nodlander-i-sevilla-flyplassen-stengt-flyvninger-omdirigert\/\"},\"author\":{\"name\":\"Ole Andersen\",\"@id\":\"https:\/\/nordnesrepublikken.no\/#\/schema\/person\/2e7e81935bab77882fffb79296240ff1\"},\"headline\":\"Ryanair-flyet n\u00f8dlander i Sevilla: Flyplassen stengt, flyvninger omdirigert\",\"datePublished\":\"2025-11-20T22:51:04+00:00\",\"dateModified\":\"2025-11-20T22:51:06+00:00\",\"mainEntityOfPage\":{\"@id\":\"https:\/\/nordnesrepublikken.no\/index.php\/2025\/11\/20\/ryanair-flyet-nodlander-i-sevilla-flyplassen-stengt-flyvninger-omdirigert\/\"},\"wordCount\":384,\"publisher\":{\"@id\":\"https:\/\/nordnesrepublikken.no\/#organization\"},\"image\":{\"@id\":\"https:\/\/nordnesrepublikken.no\/index.php\/2025\/11\/20\/ryanair-flyet-nodlander-i-sevilla-flyplassen-stengt-flyvninger-omdirigert\/#primaryimage\"},\"thumbnailUrl\":\"https:\/\/nordnesrepublikken.no\/wp-content\/uploads\/2025\/11\/1763679065_Ryanair-flyet-nodlander-i-Sevilla-Flyplassen-stengt-flyvninger-omdirigert.jpg\",\"keywords\":[\"flyplassen\",\"flyvninger\",\"n\u00f8dlander\",\"omdirigert\",\"Ryanairflyet\",\"Sevilla\",\"stengt\"],\"articleSection\":[\"Livsstil\"],\"inLanguage\":\"nb-NO\"},{\"@type\":\"WebPage\",\"@id\":\"https:\/\/nordnesrepublikken.no\/index.php\/2025\/11\/20\/ryanair-flyet-nodlander-i-sevilla-flyplassen-stengt-flyvninger-omdirigert\/\",\"url\":\"https:\/\/nordnesrepublikken.no\/index.php\/2025\/11\/20\/ryanair-flyet-nodlander-i-sevilla-flyplassen-stengt-flyvninger-omdirigert\/\",\"name\":\"Ryanair-flyet n\u00f8dlander i Sevilla: Flyplassen stengt, flyvninger omdirigert - Nordnesrepublikken\",\"isPartOf\":{\"@id\":\"https:\/\/nordnesrepublikken.no\/#website\"},\"primaryImageOfPage\":{\"@id\":\"https:\/\/nordnesrepublikken.no\/index.php\/2025\/11\/20\/ryanair-flyet-nodlander-i-sevilla-flyplassen-stengt-flyvninger-omdirigert\/#primaryimage\"},\"image\":{\"@id\":\"https:\/\/nordnesrepublikken.no\/index.php\/2025\/11\/20\/ryanair-flyet-nodlander-i-sevilla-flyplassen-stengt-flyvninger-omdirigert\/#primaryimage\"},\"thumbnailUrl\":\"https:\/\/nordnesrepublikken.no\/wp-content\/uploads\/2025\/11\/1763679065_Ryanair-flyet-nodlander-i-Sevilla-Flyplassen-stengt-flyvninger-omdirigert.jpg\",\"datePublished\":\"2025-11-20T22:51:04+00:00\",\"dateModified\":\"2025-11-20T22:51:06+00:00\",\"breadcrumb\":{\"@id\":\"https:\/\/nordnesrepublikken.no\/index.php\/2025\/11\/20\/ryanair-flyet-nodlander-i-sevilla-flyplassen-stengt-flyvninger-omdirigert\/#breadcrumb\"},\"inLanguage\":\"nb-NO\",\"potentialAction\":[{\"@type\":\"ReadAction\",\"target\":[\"https:\/\/nordnesrepublikken.no\/index.php\/2025\/11\/20\/ryanair-flyet-nodlander-i-sevilla-flyplassen-stengt-flyvninger-omdirigert\/\"]}]},{\"@type\":\"ImageObject\",\"inLanguage\":\"nb-NO\",\"@id\":\"https:\/\/nordnesrepublikken.no\/index.php\/2025\/11\/20\/ryanair-flyet-nodlander-i-sevilla-flyplassen-stengt-flyvninger-omdirigert\/#primaryimage\",\"url\":\"https:\/\/nordnesrepublikken.no\/wp-content\/uploads\/2025\/11\/1763679065_Ryanair-flyet-nodlander-i-Sevilla-Flyplassen-stengt-flyvninger-omdirigert.jpg\",\"contentUrl\":\"https:\/\/nordnesrepublikken.no\/wp-content\/uploads\/2025\/11\/1763679065_Ryanair-flyet-nodlander-i-Sevilla-Flyplassen-stengt-flyvninger-omdirigert.jpg\",\"width\":1200,\"height\":630,\"caption\":\"Ryanair-flyet n\u00f8dlander i Sevilla: Flyplassen stengt, flyvninger omdirigert\"},{\"@type\":\"BreadcrumbList\",\"@id\":\"https:\/\/nordnesrepublikken.no\/index.php\/2025\/11\/20\/ryanair-flyet-nodlander-i-sevilla-flyplassen-stengt-flyvninger-omdirigert\/#breadcrumb\",\"itemListElement\":[{\"@type\":\"ListItem\",\"position\":1,\"name\":\"Home\",\"item\":\"https:\/\/nordnesrepublikken.no\/\"},{\"@type\":\"ListItem\",\"position\":2,\"name\":\"Ryanair-flyet n\u00f8dlander i Sevilla: Flyplassen stengt, flyvninger omdirigert\"}]},{\"@type\":\"WebSite\",\"@id\":\"https:\/\/nordnesrepublikken.no\/#website\",\"url\":\"https:\/\/nordnesrepublikken.no\/\",\"name\":\"Nordnesrepublikken\",\"description\":\"Stemmer og Visjoner fra Republikkens Hjerte\",\"publisher\":{\"@id\":\"https:\/\/nordnesrepublikken.no\/#organization\"},\"potentialAction\":[{\"@type\":\"SearchAction\",\"target\":{\"@type\":\"EntryPoint\",\"urlTemplate\":\"https:\/\/nordnesrepublikken.no\/?s={search_term_string}\"},\"query-input\":{\"@type\":\"PropertyValueSpecification\",\"valueRequired\":true,\"valueName\":\"search_term_string\"}}],\"inLanguage\":\"nb-NO\"},{\"@type\":\"Organization\",\"@id\":\"https:\/\/nordnesrepublikken.no\/#organization\",\"name\":\"Nordnesrepublikken\",\"url\":\"https:\/\/nordnesrepublikken.no\/\",\"logo\":{\"@type\":\"ImageObject\",\"inLanguage\":\"nb-NO\",\"@id\":\"https:\/\/nordnesrepublikken.no\/#\/schema\/logo\/image\/\",\"url\":\"https:\/\/nordnesrepublikken.no\/wp-content\/uploads\/2025\/02\/cropped-nordnesrepublikken-2.png\",\"contentUrl\":\"https:\/\/nordnesrepublikken.no\/wp-content\/uploads\/2025\/02\/cropped-nordnesrepublikken-2.png\",\"width\":1248,\"height\":362,\"caption\":\"Nordnesrepublikken\"},\"image\":{\"@id\":\"https:\/\/nordnesrepublikken.no\/#\/schema\/logo\/image\/\"}},{\"@type\":\"Person\",\"@id\":\"https:\/\/nordnesrepublikken.no\/#\/schema\/person\/2e7e81935bab77882fffb79296240ff1\",\"name\":\"Ole Andersen\",\"image\":{\"@type\":\"ImageObject\",\"inLanguage\":\"nb-NO\",\"@id\":\"https:\/\/nordnesrepublikken.no\/#\/schema\/person\/image\/\",\"url\":\"https:\/\/nordnesrepublikken.no\/wp-content\/uploads\/2025\/02\/nordnesrepublikken-2-2-150x150.jpg\",\"contentUrl\":\"https:\/\/nordnesrepublikken.no\/wp-content\/uploads\/2025\/02\/nordnesrepublikken-2-2-150x150.jpg\",\"caption\":\"Ole Andersen\"},\"description\":\"Ettersom jeg vokste opp i Oslo, har jeg alltid v\u00e6rt fascinert av ordenes kraft og deres evne til \u00e5 skape endringer. Etter \u00e5 ha fullf\u00f8rt min utdannelse i kommunikasjon ved Universitetet i Bergen, fikk jeg muligheten til \u00e5 jobbe innen ulike medier, der jeg har s\u00f8kt \u00e5 belyse viktige samfunnssp\u00f8rsm\u00e5l. I dag, som redakt\u00f8r for Nordnesrepublikken, pr\u00f8ver jeg \u00e5 forene min kj\u00e6rlighet for journalistikk med min lidenskap for innovasjon og eventyr.\",\"sameAs\":[\"https:\/\/nordnesrepublikken.no\/\"]}]}<\/script>\n<!-- \/ Yoast SEO plugin. -->","yoast_head_json":{"title":"Ryanair-flyet n\u00f8dlander i Sevilla: Flyplassen stengt, flyvninger omdirigert - Nordnesrepublikken","robots":{"index":"index","follow":"follow","max-snippet":"max-snippet:-1","max-image-preview":"max-image-preview:large","max-video-preview":"max-video-preview:-1"},"canonical":"https:\/\/nordnesrepublikken.no\/index.php\/2025\/11\/20\/ryanair-flyet-nodlander-i-sevilla-flyplassen-stengt-flyvninger-omdirigert\/","og_locale":"nb_NO","og_type":"article","og_title":"Ryanair-flyet n\u00f8dlander i Sevilla: Flyplassen stengt, flyvninger omdirigert - Nordnesrepublikken","og_description":"Et passasjerfly fra Ryanair p\u00e5 vei til Marrakech ble tvunget til \u00e5 foreta en dramatisk","og_url":"https:\/\/nordnesrepublikken.no\/index.php\/2025\/11\/20\/ryanair-flyet-nodlander-i-sevilla-flyplassen-stengt-flyvninger-omdirigert\/","og_site_name":"Nordnesrepublikken","article_published_time":"2025-11-20T22:51:04+00:00","article_modified_time":"2025-11-20T22:51:06+00:00","og_image":[{"width":1200,"height":630,"url":"https:\/\/nordnesrepublikken.no\/wp-content\/uploads\/2025\/11\/1763679065_Ryanair-flyet-nodlander-i-Sevilla-Flyplassen-stengt-flyvninger-omdirigert.jpg","type":"image\/jpeg"}],"author":"Ole Andersen","twitter_card":"summary_large_image","twitter_misc":{"Skrevet av":"Ole Andersen","Ansl. lesetid":"2 minutter"},"schema":{"@context":"https:\/\/schema.org","@graph":[{"@type":"Article","@id":"https:\/\/nordnesrepublikken.no\/index.php\/2025\/11\/20\/ryanair-flyet-nodlander-i-sevilla-flyplassen-stengt-flyvninger-omdirigert\/#article","isPartOf":{"@id":"https:\/\/nordnesrepublikken.no\/index.php\/2025\/11\/20\/ryanair-flyet-nodlander-i-sevilla-flyplassen-stengt-flyvninger-omdirigert\/"},"author":{"name":"Ole Andersen","@id":"https:\/\/nordnesrepublikken.no\/#\/schema\/person\/2e7e81935bab77882fffb79296240ff1"},"headline":"Ryanair-flyet n\u00f8dlander i Sevilla: Flyplassen stengt, flyvninger omdirigert","datePublished":"2025-11-20T22:51:04+00:00","dateModified":"2025-11-20T22:51:06+00:00","mainEntityOfPage":{"@id":"https:\/\/nordnesrepublikken.no\/index.php\/2025\/11\/20\/ryanair-flyet-nodlander-i-sevilla-flyplassen-stengt-flyvninger-omdirigert\/"},"wordCount":384,"publisher":{"@id":"https:\/\/nordnesrepublikken.no\/#organization"},"image":{"@id":"https:\/\/nordnesrepublikken.no\/index.php\/2025\/11\/20\/ryanair-flyet-nodlander-i-sevilla-flyplassen-stengt-flyvninger-omdirigert\/#primaryimage"},"thumbnailUrl":"https:\/\/nordnesrepublikken.no\/wp-content\/uploads\/2025\/11\/1763679065_Ryanair-flyet-nodlander-i-Sevilla-Flyplassen-stengt-flyvninger-omdirigert.jpg","keywords":["flyplassen","flyvninger","n\u00f8dlander","omdirigert","Ryanairflyet","Sevilla","stengt"],"articleSection":["Livsstil"],"inLanguage":"nb-NO"},{"@type":"WebPage","@id":"https:\/\/nordnesrepublikken.no\/index.php\/2025\/11\/20\/ryanair-flyet-nodlander-i-sevilla-flyplassen-stengt-flyvninger-omdirigert\/","url":"https:\/\/nordnesrepublikken.no\/index.php\/2025\/11\/20\/ryanair-flyet-nodlander-i-sevilla-flyplassen-stengt-flyvninger-omdirigert\/","name":"Ryanair-flyet n\u00f8dlander i Sevilla: Flyplassen stengt, flyvninger omdirigert - Nordnesrepublikken","isPartOf":{"@id":"https:\/\/nordnesrepublikken.no\/#website"},"primaryImageOfPage":{"@id":"https:\/\/nordnesrepublikken.no\/index.php\/2025\/11\/20\/ryanair-flyet-nodlander-i-sevilla-flyplassen-stengt-flyvninger-omdirigert\/#primaryimage"},"image":{"@id":"https:\/\/nordnesrepublikken.no\/index.php\/2025\/11\/20\/ryanair-flyet-nodlander-i-sevilla-flyplassen-stengt-flyvninger-omdirigert\/#primaryimage"},"thumbnailUrl":"https:\/\/nordnesrepublikken.no\/wp-content\/uploads\/2025\/11\/1763679065_Ryanair-flyet-nodlander-i-Sevilla-Flyplassen-stengt-flyvninger-omdirigert.jpg","datePublished":"2025-11-20T22:51:04+00:00","dateModified":"2025-11-20T22:51:06+00:00","breadcrumb":{"@id":"https:\/\/nordnesrepublikken.no\/index.php\/2025\/11\/20\/ryanair-flyet-nodlander-i-sevilla-flyplassen-stengt-flyvninger-omdirigert\/#breadcrumb"},"inLanguage":"nb-NO","potentialAction":[{"@type":"ReadAction","target":["https:\/\/nordnesrepublikken.no\/index.php\/2025\/11\/20\/ryanair-flyet-nodlander-i-sevilla-flyplassen-stengt-flyvninger-omdirigert\/"]}]},{"@type":"ImageObject","inLanguage":"nb-NO","@id":"https:\/\/nordnesrepublikken.no\/index.php\/2025\/11\/20\/ryanair-flyet-nodlander-i-sevilla-flyplassen-stengt-flyvninger-omdirigert\/#primaryimage","url":"https:\/\/nordnesrepublikken.no\/wp-content\/uploads\/2025\/11\/1763679065_Ryanair-flyet-nodlander-i-Sevilla-Flyplassen-stengt-flyvninger-omdirigert.jpg","contentUrl":"https:\/\/nordnesrepublikken.no\/wp-content\/uploads\/2025\/11\/1763679065_Ryanair-flyet-nodlander-i-Sevilla-Flyplassen-stengt-flyvninger-omdirigert.jpg","width":1200,"height":630,"caption":"Ryanair-flyet n\u00f8dlander i Sevilla: Flyplassen stengt, flyvninger omdirigert"},{"@type":"BreadcrumbList","@id":"https:\/\/nordnesrepublikken.no\/index.php\/2025\/11\/20\/ryanair-flyet-nodlander-i-sevilla-flyplassen-stengt-flyvninger-omdirigert\/#breadcrumb","itemListElement":[{"@type":"ListItem","position":1,"name":"Home","item":"https:\/\/nordnesrepublikken.no\/"},{"@type":"ListItem","position":2,"name":"Ryanair-flyet n\u00f8dlander i Sevilla: Flyplassen stengt, flyvninger omdirigert"}]},{"@type":"WebSite","@id":"https:\/\/nordnesrepublikken.no\/#website","url":"https:\/\/nordnesrepublikken.no\/","name":"Nordnesrepublikken","description":"Stemmer og Visjoner fra Republikkens Hjerte","publisher":{"@id":"https:\/\/nordnesrepublikken.no\/#organization"},"potentialAction":[{"@type":"SearchAction","target":{"@type":"EntryPoint","urlTemplate":"https:\/\/nordnesrepublikken.no\/?s={search_term_string}"},"query-input":{"@type":"PropertyValueSpecification","valueRequired":true,"valueName":"search_term_string"}}],"inLanguage":"nb-NO"},{"@type":"Organization","@id":"https:\/\/nordnesrepublikken.no\/#organization","name":"Nordnesrepublikken","url":"https:\/\/nordnesrepublikken.no\/","logo":{"@type":"ImageObject","inLanguage":"nb-NO","@id":"https:\/\/nordnesrepublikken.no\/#\/schema\/logo\/image\/","url":"https:\/\/nordnesrepublikken.no\/wp-content\/uploads\/2025\/02\/cropped-nordnesrepublikken-2.png","contentUrl":"https:\/\/nordnesrepublikken.no\/wp-content\/uploads\/2025\/02\/cropped-nordnesrepublikken-2.png","width":1248,"height":362,"caption":"Nordnesrepublikken"},"image":{"@id":"https:\/\/nordnesrepublikken.no\/#\/schema\/logo\/image\/"}},{"@type":"Person","@id":"https:\/\/nordnesrepublikken.no\/#\/schema\/person\/2e7e81935bab77882fffb79296240ff1","name":"Ole Andersen","image":{"@type":"ImageObject","inLanguage":"nb-NO","@id":"https:\/\/nordnesrepublikken.no\/#\/schema\/person\/image\/","url":"https:\/\/nordnesrepublikken.no\/wp-content\/uploads\/2025\/02\/nordnesrepublikken-2-2-150x150.jpg","contentUrl":"https:\/\/nordnesrepublikken.no\/wp-content\/uploads\/2025\/02\/nordnesrepublikken-2-2-150x150.jpg","caption":"Ole Andersen"},"description":"Ettersom jeg vokste opp i Oslo, har jeg alltid v\u00e6rt fascinert av ordenes kraft og deres evne til \u00e5 skape endringer. Etter \u00e5 ha fullf\u00f8rt min utdannelse i kommunikasjon ved Universitetet i Bergen, fikk jeg muligheten til \u00e5 jobbe innen ulike medier, der jeg har s\u00f8kt \u00e5 belyse viktige samfunnssp\u00f8rsm\u00e5l. I dag, som redakt\u00f8r for Nordnesrepublikken, pr\u00f8ver jeg \u00e5 forene min kj\u00e6rlighet for journalistikk med min lidenskap for innovasjon og eventyr.","sameAs":["https:\/\/nordnesrepublikken.no\/"]}]}},"_links":{"self":[{"href":"https:\/\/nordnesrepublikken.no\/index.php\/wp-json\/wp\/v2\/posts\/11938","targetHints":{"allow":["GET"]}}],"collection":[{"href":"https:\/\/nordnesrepublikken.no\/index.php\/wp-json\/wp\/v2\/posts"}],"about":[{"href":"https:\/\/nordnesrepublikken.no\/index.php\/wp-json\/wp\/v2\/types\/post"}],"author":[{"embeddable":true,"href":"https:\/\/nordnesrepublikken.no\/index.php\/wp-json\/wp\/v2\/users\/1"}],"replies":[{"embeddable":true,"href":"https:\/\/nordnesrepublikken.no\/index.php\/wp-json\/wp\/v2\/comments?post=11938"}],"version-history":[{"count":1,"href":"https:\/\/nordnesrepublikken.no\/index.php\/wp-json\/wp\/v2\/posts\/11938\/revisions"}],"predecessor-version":[{"id":11940,"href":"https:\/\/nordnesrepublikken.no\/index.php\/wp-json\/wp\/v2\/posts\/11938\/revisions\/11940"}],"wp:featuredmedia":[{"embeddable":true,"href":"https:\/\/nordnesrepublikken.no\/index.php\/wp-json\/wp\/v2\/media\/11939"}],"wp:attachment":[{"href":"https:\/\/nordnesrepublikken.no\/index.php\/wp-json\/wp\/v2\/media?parent=11938"}],"wp:term":[{"taxonomy":"category","embeddable":true,"href":"https:\/\/nordnesrepublikken.no\/index.php\/wp-json\/wp\/v2\/categories?post=11938"},{"taxonomy":"post_tag","embeddable":true,"href":"https:\/\/nordnesrepublikken.no\/index.php\/wp-json\/wp\/v2\/tags?post=11938"}],"curies":[{"name":"wp","href":"https:\/\/api.w.org\/{rel}","templated":true}]}}