{"id":11932,"date":"2025-11-20T20:51:06","date_gmt":"2025-11-20T19:51:06","guid":{"rendered":"https:\/\/nordnesrepublikken.no\/index.php\/2025\/11\/20\/innbyggere-og-turister-evakuert-maksimal-beredskap-i-java\/"},"modified":"2025-11-20T20:51:19","modified_gmt":"2025-11-20T19:51:19","slug":"innbyggere-og-turister-evakuert-maksimal-beredskap-i-java","status":"publish","type":"post","link":"https:\/\/nordnesrepublikken.no\/index.php\/2025\/11\/20\/innbyggere-og-turister-evakuert-maksimal-beredskap-i-java\/","title":{"rendered":"innbyggere og turister evakuert, maksimal beredskap i Java"},"content":{"rendered":"<div>\n<div class=\"cp_wrapper cp_wrapper--fw mb-30 mb-20@tablet\">\n<figure class=\"mm\"><picture class=\"img\" style=\"padding-top:56.25%\"><source  media=\"(min-width: 1024px)\"><source  media=\"(min-width: 768px)\"><\/source><\/source><\/picture><\/figure>\n<\/p><\/div>\n<p>De <strong>Mount Semeru<\/strong>en aktiv vulkan p\u00e5 den indonesiske \u00f8ya <strong>Java<\/strong>br\u00f8t ut 19. november 2025, og for\u00e5rsaket en massiv evakuering og utl\u00f8ste det h\u00f8yeste varslingsniv\u00e5et. Vulkanen, i intens aktivitet siden 13. november med over 10 utbrudd, sendte med dette voldsomme utbruddet ut en <strong>s\u00f8yle av aske<\/strong> gr\u00e5 i fargen opptil 2 km h\u00f8y og <strong>lanserte vulkansk materiale<\/strong> genererer <strong>pyroklastiske str\u00f8mmer <\/strong>opptil 13 km langs fjellskr\u00e5ningene, som rapportert av Reuters. Bortenfor <strong>900<\/strong> beboere e <strong>170<\/strong> turg\u00e5ere, som var strandet p\u00e5 en campingplass omtrent 6 km fra krateret, ble evakuert og erkl\u00e6rt trygge. Myndighetene har tatt opp <strong>h\u00f8yeste varslingsniv\u00e5<\/strong> (Niv\u00e5 IV), mobiliserte redningsteam for \u00e5 bist\u00e5 befolkningen og se etter eventuelle savnede personer. Det er etablert en utelukkelsessone p\u00e5 8 km fra krateret, som strekker seg opp til 20 km i enkelte risikoomr\u00e5der.<\/p>\n<p>De <strong>Semeru<\/strong>som ligger i Lumajang Regency (\u00d8st-Java) og h\u00f8yt <strong>3.676 meter<\/strong>er en av de mest aktive vulkanene blant de 130 tilstedev\u00e6rende i Indonesia &#8211; inkludert Mount Ibu og Mount Lewotobi Laki-laki &#8211; med over 2800 utbrudd registrert innen 2025. Det er ett <strong>stratovulkan<\/strong>ogs\u00e5 kjent som <em>Mahameru<\/em>&laquo;Great Mountain&raquo; som har v\u00e6rt i en tilstand med nesten kontinuerlig utbrudd siden <b>1967 <\/b>med den siste bemerkelsesverdige hendelsen som dateres tilbake til <strong>2021<\/strong>da 51 mennesker d\u00f8de og landsbyer ble dekket av aske. Vulkansk aktivitet er preget av hyppige eksplosjoner fra hovedkrateret med utslipp av pyroklastiske str\u00f8mmer og lavastr\u00f8mmer. Avsetninger av pyroklastisk materiale mobiliseres ofte av intens nedb\u00f8r, og skaper <strong>gj\u00f8rmeskred<\/strong> \u00f8deleggende krefter som kan p\u00e5virke de underliggende dalene.<\/p>\n<div class=\"cp_wrapper cp_wrapper--fw mb-50\">\n<figure class=\"mm\"><picture class=\"img\" style=\"padding-top:60.361445783133%\"><source  media=\"(min-width: 1024px)\"><source  media=\"(min-width: 768px)\"><img decoding=\"async\" loading=\"lazy\" src=\"https:\/\/nordnesrepublikken.no\/wp-content\/uploads\/2025\/11\/1763668266_39_innbyggere-og-turister-evakuert-maksimal-beredskap-i-Java.jpg\" alt=\"semalu utslett\" width=\"1660\" height=\"1002\"\/><\/source><\/source><\/picture><\/figure>\n<\/p><\/div>\n<p>DE&#8217;<strong>Indonesia<\/strong>og med den stiger Semeru-vulkanen p\u00e5 &laquo;<strong>Belte av ild<\/strong>&laquo;, Stillehavsomr\u00e5det med den h\u00f8yeste tettheten av vulkaner og jordskjelv i verden. Skj\u00e6rg\u00e5rden utvikler seg langs <strong>Sunda-gr\u00f8ften<\/strong>en dyp oseanisk depresjon skapt ved at den indo-australske platen gled under Sunda-platen. Denne subduksjonsprosessen f\u00e5r den dype jordskorpen til \u00e5 smelte, og genererer magma som stiger til overflaten og mater den vulkanske buen som Semeru representerer den h\u00f8yeste toppen p\u00e5 \u00f8ya Java.<\/p>\n<div class=\"cp_wrapper cp_wrapper--fw mb-50\">\n<figure class=\"mm\"><picture class=\"img\" style=\"padding-top:80.601659751037%\"><source  media=\"(min-width: 1024px)\"><source  media=\"(min-width: 768px)\"><img decoding=\"async\" loading=\"lazy\" src=\"https:\/\/nordnesrepublikken.no\/wp-content\/uploads\/2025\/11\/1763668266_507_innbyggere-og-turister-evakuert-maksimal-beredskap-i-Java.jpg\" alt=\"Pacific Ring of Fire\" width=\"1928\" height=\"1554\" class=\"js-seedtag-img\"\/><\/source><\/source><\/picture><\/figure>\n<\/p><\/div>\n<\/p><\/div>\n","protected":false},"excerpt":{"rendered":"<p>De Mount Semeruen aktiv vulkan p\u00e5 den indonesiske \u00f8ya Javabr\u00f8t ut 19. november 2025, og<\/p>\n","protected":false},"author":1,"featured_media":11933,"comment_status":"closed","ping_status":"open","sticky":false,"template":"","format":"standard","meta":{"footnotes":""},"categories":[24],"tags":[4119,5730,1539,7839,7838,1124],"class_list":["post-11932","post","type-post","status-publish","format-standard","has-post-thumbnail","hentry","category-vitenskap","tag-beredskap","tag-evakuert","tag-innbyggere","tag-java","tag-maksimal","tag-turister","generate-columns","tablet-grid-50","mobile-grid-100","grid-parent","grid-33","resize-featured-image"],"yoast_head":"<!-- This site is optimized with the Yoast SEO plugin v24.4 - https:\/\/yoast.com\/wordpress\/plugins\/seo\/ -->\n<title>innbyggere og turister evakuert, maksimal beredskap i Java - Nordnesrepublikken<\/title>\n<meta name=\"robots\" content=\"index, follow, max-snippet:-1, max-image-preview:large, max-video-preview:-1\" \/>\n<link rel=\"canonical\" href=\"https:\/\/nordnesrepublikken.no\/index.php\/2025\/11\/20\/innbyggere-og-turister-evakuert-maksimal-beredskap-i-java\/\" \/>\n<meta property=\"og:locale\" content=\"nb_NO\" \/>\n<meta property=\"og:type\" content=\"article\" \/>\n<meta property=\"og:title\" content=\"innbyggere og turister evakuert, maksimal beredskap i Java - Nordnesrepublikken\" \/>\n<meta property=\"og:description\" content=\"De Mount Semeruen aktiv vulkan p\u00e5 den indonesiske \u00f8ya Javabr\u00f8t ut 19. november 2025, og\" \/>\n<meta property=\"og:url\" content=\"https:\/\/nordnesrepublikken.no\/index.php\/2025\/11\/20\/innbyggere-og-turister-evakuert-maksimal-beredskap-i-java\/\" \/>\n<meta property=\"og:site_name\" content=\"Nordnesrepublikken\" \/>\n<meta property=\"article:published_time\" content=\"2025-11-20T19:51:06+00:00\" \/>\n<meta property=\"article:modified_time\" content=\"2025-11-20T19:51:19+00:00\" \/>\n<meta property=\"og:image\" content=\"https:\/\/nordnesrepublikken.no\/wp-content\/uploads\/2025\/11\/1763668267_innbyggere-og-turister-evakuert-maksimal-beredskap-i-Java-scaled.jpg\" \/>\n\t<meta property=\"og:image:width\" content=\"2560\" \/>\n\t<meta property=\"og:image:height\" content=\"1711\" \/>\n\t<meta property=\"og:image:type\" content=\"image\/jpeg\" \/>\n<meta name=\"author\" content=\"Ole Andersen\" \/>\n<meta name=\"twitter:card\" content=\"summary_large_image\" \/>\n<meta name=\"twitter:label1\" content=\"Skrevet av\" \/>\n\t<meta name=\"twitter:data1\" content=\"Ole Andersen\" \/>\n\t<meta name=\"twitter:label2\" content=\"Ansl. lesetid\" \/>\n\t<meta name=\"twitter:data2\" content=\"2 minutter\" \/>\n<script type=\"application\/ld+json\" class=\"yoast-schema-graph\">{\"@context\":\"https:\/\/schema.org\",\"@graph\":[{\"@type\":\"Article\",\"@id\":\"https:\/\/nordnesrepublikken.no\/index.php\/2025\/11\/20\/innbyggere-og-turister-evakuert-maksimal-beredskap-i-java\/#article\",\"isPartOf\":{\"@id\":\"https:\/\/nordnesrepublikken.no\/index.php\/2025\/11\/20\/innbyggere-og-turister-evakuert-maksimal-beredskap-i-java\/\"},\"author\":{\"name\":\"Ole Andersen\",\"@id\":\"https:\/\/nordnesrepublikken.no\/#\/schema\/person\/2e7e81935bab77882fffb79296240ff1\"},\"headline\":\"innbyggere og turister evakuert, maksimal beredskap i Java\",\"datePublished\":\"2025-11-20T19:51:06+00:00\",\"dateModified\":\"2025-11-20T19:51:19+00:00\",\"mainEntityOfPage\":{\"@id\":\"https:\/\/nordnesrepublikken.no\/index.php\/2025\/11\/20\/innbyggere-og-turister-evakuert-maksimal-beredskap-i-java\/\"},\"wordCount\":331,\"publisher\":{\"@id\":\"https:\/\/nordnesrepublikken.no\/#organization\"},\"image\":{\"@id\":\"https:\/\/nordnesrepublikken.no\/index.php\/2025\/11\/20\/innbyggere-og-turister-evakuert-maksimal-beredskap-i-java\/#primaryimage\"},\"thumbnailUrl\":\"https:\/\/nordnesrepublikken.no\/wp-content\/uploads\/2025\/11\/1763668267_innbyggere-og-turister-evakuert-maksimal-beredskap-i-Java-scaled.jpg\",\"keywords\":[\"beredskap\",\"evakuert\",\"innbyggere\",\"Java\",\"maksimal\",\"turister\"],\"articleSection\":[\"Vitenskap\"],\"inLanguage\":\"nb-NO\"},{\"@type\":\"WebPage\",\"@id\":\"https:\/\/nordnesrepublikken.no\/index.php\/2025\/11\/20\/innbyggere-og-turister-evakuert-maksimal-beredskap-i-java\/\",\"url\":\"https:\/\/nordnesrepublikken.no\/index.php\/2025\/11\/20\/innbyggere-og-turister-evakuert-maksimal-beredskap-i-java\/\",\"name\":\"innbyggere og turister evakuert, maksimal beredskap i Java - Nordnesrepublikken\",\"isPartOf\":{\"@id\":\"https:\/\/nordnesrepublikken.no\/#website\"},\"primaryImageOfPage\":{\"@id\":\"https:\/\/nordnesrepublikken.no\/index.php\/2025\/11\/20\/innbyggere-og-turister-evakuert-maksimal-beredskap-i-java\/#primaryimage\"},\"image\":{\"@id\":\"https:\/\/nordnesrepublikken.no\/index.php\/2025\/11\/20\/innbyggere-og-turister-evakuert-maksimal-beredskap-i-java\/#primaryimage\"},\"thumbnailUrl\":\"https:\/\/nordnesrepublikken.no\/wp-content\/uploads\/2025\/11\/1763668267_innbyggere-og-turister-evakuert-maksimal-beredskap-i-Java-scaled.jpg\",\"datePublished\":\"2025-11-20T19:51:06+00:00\",\"dateModified\":\"2025-11-20T19:51:19+00:00\",\"breadcrumb\":{\"@id\":\"https:\/\/nordnesrepublikken.no\/index.php\/2025\/11\/20\/innbyggere-og-turister-evakuert-maksimal-beredskap-i-java\/#breadcrumb\"},\"inLanguage\":\"nb-NO\",\"potentialAction\":[{\"@type\":\"ReadAction\",\"target\":[\"https:\/\/nordnesrepublikken.no\/index.php\/2025\/11\/20\/innbyggere-og-turister-evakuert-maksimal-beredskap-i-java\/\"]}]},{\"@type\":\"ImageObject\",\"inLanguage\":\"nb-NO\",\"@id\":\"https:\/\/nordnesrepublikken.no\/index.php\/2025\/11\/20\/innbyggere-og-turister-evakuert-maksimal-beredskap-i-java\/#primaryimage\",\"url\":\"https:\/\/nordnesrepublikken.no\/wp-content\/uploads\/2025\/11\/1763668267_innbyggere-og-turister-evakuert-maksimal-beredskap-i-Java-scaled.jpg\",\"contentUrl\":\"https:\/\/nordnesrepublikken.no\/wp-content\/uploads\/2025\/11\/1763668267_innbyggere-og-turister-evakuert-maksimal-beredskap-i-Java-scaled.jpg\",\"width\":2560,\"height\":1711,\"caption\":\"innbyggere og turister evakuert, maksimal beredskap i Java\"},{\"@type\":\"BreadcrumbList\",\"@id\":\"https:\/\/nordnesrepublikken.no\/index.php\/2025\/11\/20\/innbyggere-og-turister-evakuert-maksimal-beredskap-i-java\/#breadcrumb\",\"itemListElement\":[{\"@type\":\"ListItem\",\"position\":1,\"name\":\"Home\",\"item\":\"https:\/\/nordnesrepublikken.no\/\"},{\"@type\":\"ListItem\",\"position\":2,\"name\":\"innbyggere og turister evakuert, maksimal beredskap i Java\"}]},{\"@type\":\"WebSite\",\"@id\":\"https:\/\/nordnesrepublikken.no\/#website\",\"url\":\"https:\/\/nordnesrepublikken.no\/\",\"name\":\"Nordnesrepublikken\",\"description\":\"Stemmer og Visjoner fra Republikkens Hjerte\",\"publisher\":{\"@id\":\"https:\/\/nordnesrepublikken.no\/#organization\"},\"potentialAction\":[{\"@type\":\"SearchAction\",\"target\":{\"@type\":\"EntryPoint\",\"urlTemplate\":\"https:\/\/nordnesrepublikken.no\/?s={search_term_string}\"},\"query-input\":{\"@type\":\"PropertyValueSpecification\",\"valueRequired\":true,\"valueName\":\"search_term_string\"}}],\"inLanguage\":\"nb-NO\"},{\"@type\":\"Organization\",\"@id\":\"https:\/\/nordnesrepublikken.no\/#organization\",\"name\":\"Nordnesrepublikken\",\"url\":\"https:\/\/nordnesrepublikken.no\/\",\"logo\":{\"@type\":\"ImageObject\",\"inLanguage\":\"nb-NO\",\"@id\":\"https:\/\/nordnesrepublikken.no\/#\/schema\/logo\/image\/\",\"url\":\"https:\/\/nordnesrepublikken.no\/wp-content\/uploads\/2025\/02\/cropped-nordnesrepublikken-2.png\",\"contentUrl\":\"https:\/\/nordnesrepublikken.no\/wp-content\/uploads\/2025\/02\/cropped-nordnesrepublikken-2.png\",\"width\":1248,\"height\":362,\"caption\":\"Nordnesrepublikken\"},\"image\":{\"@id\":\"https:\/\/nordnesrepublikken.no\/#\/schema\/logo\/image\/\"}},{\"@type\":\"Person\",\"@id\":\"https:\/\/nordnesrepublikken.no\/#\/schema\/person\/2e7e81935bab77882fffb79296240ff1\",\"name\":\"Ole Andersen\",\"image\":{\"@type\":\"ImageObject\",\"inLanguage\":\"nb-NO\",\"@id\":\"https:\/\/nordnesrepublikken.no\/#\/schema\/person\/image\/\",\"url\":\"https:\/\/nordnesrepublikken.no\/wp-content\/uploads\/2025\/02\/nordnesrepublikken-2-2-150x150.jpg\",\"contentUrl\":\"https:\/\/nordnesrepublikken.no\/wp-content\/uploads\/2025\/02\/nordnesrepublikken-2-2-150x150.jpg\",\"caption\":\"Ole Andersen\"},\"description\":\"Ettersom jeg vokste opp i Oslo, har jeg alltid v\u00e6rt fascinert av ordenes kraft og deres evne til \u00e5 skape endringer. Etter \u00e5 ha fullf\u00f8rt min utdannelse i kommunikasjon ved Universitetet i Bergen, fikk jeg muligheten til \u00e5 jobbe innen ulike medier, der jeg har s\u00f8kt \u00e5 belyse viktige samfunnssp\u00f8rsm\u00e5l. I dag, som redakt\u00f8r for Nordnesrepublikken, pr\u00f8ver jeg \u00e5 forene min kj\u00e6rlighet for journalistikk med min lidenskap for innovasjon og eventyr.\",\"sameAs\":[\"https:\/\/nordnesrepublikken.no\/\"]}]}<\/script>\n<!-- \/ Yoast SEO plugin. -->","yoast_head_json":{"title":"innbyggere og turister evakuert, maksimal beredskap i Java - Nordnesrepublikken","robots":{"index":"index","follow":"follow","max-snippet":"max-snippet:-1","max-image-preview":"max-image-preview:large","max-video-preview":"max-video-preview:-1"},"canonical":"https:\/\/nordnesrepublikken.no\/index.php\/2025\/11\/20\/innbyggere-og-turister-evakuert-maksimal-beredskap-i-java\/","og_locale":"nb_NO","og_type":"article","og_title":"innbyggere og turister evakuert, maksimal beredskap i Java - Nordnesrepublikken","og_description":"De Mount Semeruen aktiv vulkan p\u00e5 den indonesiske \u00f8ya Javabr\u00f8t ut 19. november 2025, og","og_url":"https:\/\/nordnesrepublikken.no\/index.php\/2025\/11\/20\/innbyggere-og-turister-evakuert-maksimal-beredskap-i-java\/","og_site_name":"Nordnesrepublikken","article_published_time":"2025-11-20T19:51:06+00:00","article_modified_time":"2025-11-20T19:51:19+00:00","og_image":[{"width":2560,"height":1711,"url":"https:\/\/nordnesrepublikken.no\/wp-content\/uploads\/2025\/11\/1763668267_innbyggere-og-turister-evakuert-maksimal-beredskap-i-Java-scaled.jpg","type":"image\/jpeg"}],"author":"Ole Andersen","twitter_card":"summary_large_image","twitter_misc":{"Skrevet av":"Ole Andersen","Ansl. lesetid":"2 minutter"},"schema":{"@context":"https:\/\/schema.org","@graph":[{"@type":"Article","@id":"https:\/\/nordnesrepublikken.no\/index.php\/2025\/11\/20\/innbyggere-og-turister-evakuert-maksimal-beredskap-i-java\/#article","isPartOf":{"@id":"https:\/\/nordnesrepublikken.no\/index.php\/2025\/11\/20\/innbyggere-og-turister-evakuert-maksimal-beredskap-i-java\/"},"author":{"name":"Ole Andersen","@id":"https:\/\/nordnesrepublikken.no\/#\/schema\/person\/2e7e81935bab77882fffb79296240ff1"},"headline":"innbyggere og turister evakuert, maksimal beredskap i Java","datePublished":"2025-11-20T19:51:06+00:00","dateModified":"2025-11-20T19:51:19+00:00","mainEntityOfPage":{"@id":"https:\/\/nordnesrepublikken.no\/index.php\/2025\/11\/20\/innbyggere-og-turister-evakuert-maksimal-beredskap-i-java\/"},"wordCount":331,"publisher":{"@id":"https:\/\/nordnesrepublikken.no\/#organization"},"image":{"@id":"https:\/\/nordnesrepublikken.no\/index.php\/2025\/11\/20\/innbyggere-og-turister-evakuert-maksimal-beredskap-i-java\/#primaryimage"},"thumbnailUrl":"https:\/\/nordnesrepublikken.no\/wp-content\/uploads\/2025\/11\/1763668267_innbyggere-og-turister-evakuert-maksimal-beredskap-i-Java-scaled.jpg","keywords":["beredskap","evakuert","innbyggere","Java","maksimal","turister"],"articleSection":["Vitenskap"],"inLanguage":"nb-NO"},{"@type":"WebPage","@id":"https:\/\/nordnesrepublikken.no\/index.php\/2025\/11\/20\/innbyggere-og-turister-evakuert-maksimal-beredskap-i-java\/","url":"https:\/\/nordnesrepublikken.no\/index.php\/2025\/11\/20\/innbyggere-og-turister-evakuert-maksimal-beredskap-i-java\/","name":"innbyggere og turister evakuert, maksimal beredskap i Java - Nordnesrepublikken","isPartOf":{"@id":"https:\/\/nordnesrepublikken.no\/#website"},"primaryImageOfPage":{"@id":"https:\/\/nordnesrepublikken.no\/index.php\/2025\/11\/20\/innbyggere-og-turister-evakuert-maksimal-beredskap-i-java\/#primaryimage"},"image":{"@id":"https:\/\/nordnesrepublikken.no\/index.php\/2025\/11\/20\/innbyggere-og-turister-evakuert-maksimal-beredskap-i-java\/#primaryimage"},"thumbnailUrl":"https:\/\/nordnesrepublikken.no\/wp-content\/uploads\/2025\/11\/1763668267_innbyggere-og-turister-evakuert-maksimal-beredskap-i-Java-scaled.jpg","datePublished":"2025-11-20T19:51:06+00:00","dateModified":"2025-11-20T19:51:19+00:00","breadcrumb":{"@id":"https:\/\/nordnesrepublikken.no\/index.php\/2025\/11\/20\/innbyggere-og-turister-evakuert-maksimal-beredskap-i-java\/#breadcrumb"},"inLanguage":"nb-NO","potentialAction":[{"@type":"ReadAction","target":["https:\/\/nordnesrepublikken.no\/index.php\/2025\/11\/20\/innbyggere-og-turister-evakuert-maksimal-beredskap-i-java\/"]}]},{"@type":"ImageObject","inLanguage":"nb-NO","@id":"https:\/\/nordnesrepublikken.no\/index.php\/2025\/11\/20\/innbyggere-og-turister-evakuert-maksimal-beredskap-i-java\/#primaryimage","url":"https:\/\/nordnesrepublikken.no\/wp-content\/uploads\/2025\/11\/1763668267_innbyggere-og-turister-evakuert-maksimal-beredskap-i-Java-scaled.jpg","contentUrl":"https:\/\/nordnesrepublikken.no\/wp-content\/uploads\/2025\/11\/1763668267_innbyggere-og-turister-evakuert-maksimal-beredskap-i-Java-scaled.jpg","width":2560,"height":1711,"caption":"innbyggere og turister evakuert, maksimal beredskap i Java"},{"@type":"BreadcrumbList","@id":"https:\/\/nordnesrepublikken.no\/index.php\/2025\/11\/20\/innbyggere-og-turister-evakuert-maksimal-beredskap-i-java\/#breadcrumb","itemListElement":[{"@type":"ListItem","position":1,"name":"Home","item":"https:\/\/nordnesrepublikken.no\/"},{"@type":"ListItem","position":2,"name":"innbyggere og turister evakuert, maksimal beredskap i Java"}]},{"@type":"WebSite","@id":"https:\/\/nordnesrepublikken.no\/#website","url":"https:\/\/nordnesrepublikken.no\/","name":"Nordnesrepublikken","description":"Stemmer og Visjoner fra Republikkens Hjerte","publisher":{"@id":"https:\/\/nordnesrepublikken.no\/#organization"},"potentialAction":[{"@type":"SearchAction","target":{"@type":"EntryPoint","urlTemplate":"https:\/\/nordnesrepublikken.no\/?s={search_term_string}"},"query-input":{"@type":"PropertyValueSpecification","valueRequired":true,"valueName":"search_term_string"}}],"inLanguage":"nb-NO"},{"@type":"Organization","@id":"https:\/\/nordnesrepublikken.no\/#organization","name":"Nordnesrepublikken","url":"https:\/\/nordnesrepublikken.no\/","logo":{"@type":"ImageObject","inLanguage":"nb-NO","@id":"https:\/\/nordnesrepublikken.no\/#\/schema\/logo\/image\/","url":"https:\/\/nordnesrepublikken.no\/wp-content\/uploads\/2025\/02\/cropped-nordnesrepublikken-2.png","contentUrl":"https:\/\/nordnesrepublikken.no\/wp-content\/uploads\/2025\/02\/cropped-nordnesrepublikken-2.png","width":1248,"height":362,"caption":"Nordnesrepublikken"},"image":{"@id":"https:\/\/nordnesrepublikken.no\/#\/schema\/logo\/image\/"}},{"@type":"Person","@id":"https:\/\/nordnesrepublikken.no\/#\/schema\/person\/2e7e81935bab77882fffb79296240ff1","name":"Ole Andersen","image":{"@type":"ImageObject","inLanguage":"nb-NO","@id":"https:\/\/nordnesrepublikken.no\/#\/schema\/person\/image\/","url":"https:\/\/nordnesrepublikken.no\/wp-content\/uploads\/2025\/02\/nordnesrepublikken-2-2-150x150.jpg","contentUrl":"https:\/\/nordnesrepublikken.no\/wp-content\/uploads\/2025\/02\/nordnesrepublikken-2-2-150x150.jpg","caption":"Ole Andersen"},"description":"Ettersom jeg vokste opp i Oslo, har jeg alltid v\u00e6rt fascinert av ordenes kraft og deres evne til \u00e5 skape endringer. Etter \u00e5 ha fullf\u00f8rt min utdannelse i kommunikasjon ved Universitetet i Bergen, fikk jeg muligheten til \u00e5 jobbe innen ulike medier, der jeg har s\u00f8kt \u00e5 belyse viktige samfunnssp\u00f8rsm\u00e5l. I dag, som redakt\u00f8r for Nordnesrepublikken, pr\u00f8ver jeg \u00e5 forene min kj\u00e6rlighet for journalistikk med min lidenskap for innovasjon og eventyr.","sameAs":["https:\/\/nordnesrepublikken.no\/"]}]}},"_links":{"self":[{"href":"https:\/\/nordnesrepublikken.no\/index.php\/wp-json\/wp\/v2\/posts\/11932","targetHints":{"allow":["GET"]}}],"collection":[{"href":"https:\/\/nordnesrepublikken.no\/index.php\/wp-json\/wp\/v2\/posts"}],"about":[{"href":"https:\/\/nordnesrepublikken.no\/index.php\/wp-json\/wp\/v2\/types\/post"}],"author":[{"embeddable":true,"href":"https:\/\/nordnesrepublikken.no\/index.php\/wp-json\/wp\/v2\/users\/1"}],"replies":[{"embeddable":true,"href":"https:\/\/nordnesrepublikken.no\/index.php\/wp-json\/wp\/v2\/comments?post=11932"}],"version-history":[{"count":1,"href":"https:\/\/nordnesrepublikken.no\/index.php\/wp-json\/wp\/v2\/posts\/11932\/revisions"}],"predecessor-version":[{"id":11934,"href":"https:\/\/nordnesrepublikken.no\/index.php\/wp-json\/wp\/v2\/posts\/11932\/revisions\/11934"}],"wp:featuredmedia":[{"embeddable":true,"href":"https:\/\/nordnesrepublikken.no\/index.php\/wp-json\/wp\/v2\/media\/11933"}],"wp:attachment":[{"href":"https:\/\/nordnesrepublikken.no\/index.php\/wp-json\/wp\/v2\/media?parent=11932"}],"wp:term":[{"taxonomy":"category","embeddable":true,"href":"https:\/\/nordnesrepublikken.no\/index.php\/wp-json\/wp\/v2\/categories?post=11932"},{"taxonomy":"post_tag","embeddable":true,"href":"https:\/\/nordnesrepublikken.no\/index.php\/wp-json\/wp\/v2\/tags?post=11932"}],"curies":[{"name":"wp","href":"https:\/\/api.w.org\/{rel}","templated":true}]}}