{"id":11926,"date":"2025-11-20T17:51:30","date_gmt":"2025-11-20T16:51:30","guid":{"rendered":"https:\/\/nordnesrepublikken.no\/index.php\/2025\/11\/20\/calabria-og-basilicata-har-rekorden\/"},"modified":"2025-11-20T17:51:31","modified_gmt":"2025-11-20T16:51:31","slug":"calabria-og-basilicata-har-rekorden","status":"publish","type":"post","link":"https:\/\/nordnesrepublikken.no\/index.php\/2025\/11\/20\/calabria-og-basilicata-har-rekorden\/","title":{"rendered":"Calabria og Basilicata har rekorden"},"content":{"rendered":"<div>\n<div class=\"cp_wrapper cp_wrapper--fw mb-30 mb-20@tablet\">\n<figure class=\"mm\"><picture class=\"img\" style=\"padding-top:56.25%\"><source  media=\"(min-width: 1024px)\"><source  media=\"(min-width: 768px)\"><\/source><\/source><\/picture><\/figure>\n<\/p><\/div>\n<p><strong>I S\u00f8r-Italia er \u00e9n av to bygninger ulovlig<\/strong>: dette sier Cresme (Senter for \u00f8konomisk, sosiologisk og markedsunders\u00f8kelser innen bygg) og Istat 2024 Bes (rettferdig og b\u00e6rekraftig velv\u00e6re)-rapporten. Hvis ulovlige boliger i nord er 4,3 % av totalen og i sentrum stiger de til 14,7 %, skyter tallet i v\u00e6ret i s\u00f8r og n\u00e5r 40,2 %. Spesielt er jeg <strong>Calabria <\/strong>og den <strong>Basilicata<\/strong> \u00e5 holde <strong>rekord<\/strong> av regioner med mer ulovlig bygging: for hver 100 godkjente bygninger er 50,2 ulovlige.<\/p>\n<p>Nylig har saken kommet tilbake i forgrunnen gitt det kommende valget i Campania: Fratelli d&#8217;Italia-partiet &#8211; som \u00f8nsker at viseminister Edmondo Cirielli skal bli president i regionen &#8211; vil faktisk endre budsjettloven for \u00e5 gjen\u00e5pne <strong>bygge amnesti<\/strong>det vil si muligheten for \u00e5 bringe hus bygget uten tillatelse i samsvar. Men opposisjonen og foreningene mener at dette ikke er den riktige metoden for \u00e5 stoppe den voldsomme ulovlige byggingen i S\u00f8r-Italia, gitt at amnestiene kan passere som et insentiv for de som bygger (eller har bygget) uten respekt for allmennheten, samtidig som l\u00f8sningen m\u00e5 g\u00e5 gjennom en solid og velstrukturert reform av byplanpolitikken.<\/p>\n<h2><strong>Hva er ulovlig bygging og hvorfor er det farlig<\/strong><\/h2>\n<p>N\u00e5r vi snakker om ulovlig bygging, mener vi et hus &#8211; eller mer generelt en bygning &#8211; som enten helt eller delvis er bygget <strong>uten tillatelsene som kreves av loven<\/strong>eller som ble bygget <strong>annerledes enn tillatt<\/strong> virkelig autorisert. I hovedsak er derfor ulovlige bygninger bygget med arbeider som ikke er tillatt ved lov pga <strong>bryter byplanlegging, milj\u00f8- og sikkerhetsforskrifter<\/strong>.<\/p>\n<p>Et veldig vanlig eksempel p\u00e5 denne typen er <strong>utvidelser til en eiendom<\/strong> uten tillatelse (og derfor bygging av et rom, en etasje eller en terrasse n\u00e5r det ved lov ikke er tillatt) og ofte uten noen form for kvalifikasjoner (byggetillatelsen), eller bygging av <strong>bygninger i kystn\u00e6re, vernede eller rasutsatte omr\u00e5der, eller p\u00e5 ubyggbart jordbruksareal<\/strong>. Bygging i denne typen omr\u00e5der betyr faktisk erosjon, jordforbruk og ustabilitet som ved jordskjelv, flom og jordskred kan f\u00f8re til at beboerne i disse eiendommene d\u00f8r. Spesielt p\u00e5 1990-tallet og begynnelsen av 2000-tallet var det en periode hvor det i Campania var minst 5000 tilfeller av byggemisbruk per \u00e5r, og de aktuelle boligene ble nesten alle bygget i &laquo;sv\u00e6rt attraktive&raquo; omr\u00e5der (Ischia, Amalfikysten og Campi Flegrei) med unnskyldning for behovet for nye boliger.<\/p>\n<p>Men ulovlig bygging er ogs\u00e5 farlig <strong>by<\/strong>fordi nabolag blir kaotiske og travle, og offentlige rom forsvinner. B\u00e5de n\u00e5r det gjelder ulovlige bygninger bygget i risikoomr\u00e5der og i byen, er kostnadene for staten sv\u00e6rt h\u00f8ye: riving g\u00e5r faktisk veldig sakte, og endel\u00f8se tvister oppst\u00e5r, gitt tidspunktet for italiensk lov.<\/p>\n<h2><strong>Hva dataene sier og hvorfor ulovlig bygging er s\u00e5 utbredt i S\u00f8r-Italia<\/strong><\/h2>\n<p>Cresme-funnene og Istat-dataene taler tydelig: Fenomenet er nesten null i nord, men etter hvert som vi beveger oss mot s\u00f8r, \u00f8ker dataene.<\/p>\n<p>I Nord er faktisk ulovlig aktivitetsindeks sv\u00e6rt lav, og det er ca <strong>4,3 ulovlige boliger for hver 100 autoriserte boliger<\/strong>. I Sentral-Italia stiger tallet, med 14,7 ulovlige hjem for hver 100 godkjente. Men la oss g\u00e5 videre til S\u00f8rlandet, hvor kursen n\u00e5r 40,2.<\/p>\n<p><iframe title=\"Mappa degli abusi edilizi in Italia (dati Istat 2022)\" aria-label=\"Mappa coropletica\" id=\"datawrapper-chart-MzGSZ\" scrolling=\"no\" frameborder=\"0\" style=\"width: 0; min-width: 100% !important; border: none;\" height=\"756\" data-external=\"1\" data-type=\"generic-iframe\" data-src=\"https:\/\/datawrapper.dwcdn.net\/MzGSZ\/1\/\" class=\"js-parse-embed\"><\/iframe><\/p>\n<p>Spesielt Calabria og Basilicata har denne triste rekorden (54,1 av 100), etterfulgt av Campania (50,4 av 100) og Sicilia (48,2). Regionen som styres av Vincenzo de Luca skiller seg ut for sin egen rekord, den av<strong> p\u00e5legg gitt<\/strong> i forhold til befolkningen: if\u00f8lge Legambiente-studien ble det faktisk \u00e5pnet en sak for ulovlig bygging fra 2004 til 2022 for hver 236,6 innbyggere.<\/p>\n<p>Men hvorfor er ulovlig bygging s\u00e5 utbredt i S\u00f8r? Fenomenet er drevet av en rekke strukturelle faktorer:<\/p>\n<ul>\n<li><strong>Svake kontroller<\/strong> (eller underbemannede tekniske kontorer)<\/li>\n<li><strong>F\u00e5 rivinger<\/strong>: ofte mindre enn 20 % av de bestilte<\/li>\n<li><strong>Forventning om amnesti<\/strong>: hver gang det kommer opp, h\u00e5per mange \u00e5 bli &laquo;regulert&raquo;, og den tilbakevendende forventningen om amnesti gir n\u00e6ring til nye overgrep<\/li>\n<li><strong>Boligbehov<\/strong>: mange mennesker f\u00f8ler behov for \u00e5 utvide hjemmet sitt raskt, og dermed unng\u00e5 \u00e5 forlenge byr\u00e5kratiet. Videre kan ulovlig ekspansjon unng\u00e5 mange kostnader (design av arkitekter, byggeskikk som koster hundrevis eller tusenvis av euro, urbaniseringskostnader, byggebidrag, sv\u00e6rt dyre obligatoriske justeringer som mange ikke har r\u00e5d til)<\/li>\n<li><strong>Sosialt problem<\/strong>: i mange kommuner har nesten alle hus minst \u00e9n ulovlig del, og det er praktisk for nesten alle \u00e5 lukke \u00f8ynene for problemet<\/li>\n<\/ul>\n<h2><strong>Hva kan skje n\u00e5r et bygningsbrudd blir oppdaget <\/strong><\/h2>\n<p>P\u00e5 dette feltet m\u00e5 vi ta hensyn til terminologien: n\u00e5r vi snakker om <strong>bygningsmisbruk<\/strong> vi mener den ulovlige handlingen, dvs. den eneste ulovlige inngripen; de<strong>bygning<\/strong> <strong>forn\u00e6rmende<\/strong>p\u00e5 den annen side, er et resultat av bygningsmisbruk, huset bygget eller modifisert ulovlig.<\/p>\n<p>Dersom bygningsmisbruket oppdages, b\u00f8r kommunen teknisk sett p\u00e5legge<strong>riving av bygget <\/strong>i sp\u00f8rsm\u00e5let. Dersom kommunen ikke griper inn, b\u00f8r fylket gj\u00f8re det. Men dersom eiendommen av en eller annen grunn ikke kunne rives, ville bygget \u00abgratis\u00bb overg\u00e5 til den kommunale arven.<\/p>\n<p>I praksis derimot <strong>utf\u00f8res <\/strong><strong>sv\u00e6rt f\u00e5 rivinger<\/strong>spesielt i s\u00f8r. I f\u00f8lge Legambiente-studien ang\u00e5ende mislykkede rivinger i Lazio og S\u00f8r-Italia utstedte de 485 kommunene som ble tatt i betraktning fra 2004 til 2022 totalt 70 751 rivningsordre, men 10 808 rivinger ble utf\u00f8rt, dvs. s\u00f8lle 15,3 %.<\/p>\n<h2><strong>Hvordan bygningsbrudd kan rettes opp <\/strong><\/h2>\n<p>Bygningsbrudd kan kun rettes gjennom <strong>vanlig amnesti<\/strong> eller <strong>bygge amnesti<\/strong>.<\/p>\n<p>Der <strong>vanlig amnesti<\/strong> det er en prosedyre fastsatt ved lov som lar deg <strong>regularisere noen bygningsmisbruk<\/strong>men bare i sv\u00e6rt spesifikke tilfeller. For \u00e5 forklare bedre: Hvis en del av huset er bygget uten tillatelse (skillevegg flyttet, mesanin bygget uten \u00e5 ha blitt deklarert, loft som blir loft, garasje som blir til taverna), men overholder byplanlegging og milj\u00f8regler, kan du be kommunen om \u00e5 &laquo;sette det i samsvar&raquo;, som om tillatelsen var bedt om for sent. Enkelt sagt, <strong>bygningen er <\/strong>&laquo;<strong>regelmessig<\/strong>&laquo;, men <strong>inneholder overgrep<\/strong> <strong>bygninger<\/strong> ogs\u00e5 kjent som &laquo;delvise avvik&raquo;. Etter en verifisering fra kommunen, hvis det er overholdelse, kan amnesti gis.<\/p>\n<p>Amnestien kan bare gis dersom overgrepet var &laquo;<strong>autorisert p\u00e5 det tidspunktet<\/strong>&laquo;: dette betyr at den delen som bygges uten tillatelse m\u00e5 v\u00e6re forenlig med loven som eksisterte p\u00e5 det tidspunktet den ble bygget. For eksempel: i 2015 stengte en person en balkong p\u00e5 huset sitt med veranda, og gjorde det uten \u00e5 sp\u00f8rre om tillatelse. I det \u00e5ret tillot byggeforskriften at det ble gjort, slik at de kan be om amnesti og f\u00e5 det. I praksis <strong>en forsinkelse er tilgitt, ikke forseelsen<\/strong>.<\/p>\n<p>Men hvis loven hadde forbudt en slik endring p\u00e5 det tidspunktet, kan misbruket ikke avhjelpes med en ordin\u00e6r prosedyre. Og det er her <strong>bygge amnesti<\/strong>alts\u00e5 en ekstraordin\u00e6r lov som &laquo;tilgir&raquo; fungerer som <strong>de ville aldri blitt autorisert<\/strong>ikke engang i \u00e5rene de ble laget. I dette tilfellet er det forseelsen som er tilgitt.<\/p>\n<h2>For i politikken er det en kampplass om \u00e5 bygge amnestier: de tilh\u00f8rende risikoene<\/h2>\n<p>P\u00e5 politisk niv\u00e5 er ikke alle for \u00e5 gi amnesti, av ulike grunner: f\u00f8rst og fremst fordi denne typen lover p\u00e5 en eller annen m\u00e5te &laquo;<strong>tilgi<\/strong>\u201d som bygde ulovlig, mens de som respekterte reglene betalte designere, skatter og avgifter, og det ville v\u00e6re en krenkelse av sistnevnte som oppf\u00f8rte seg \u00e6rlig og betalte og respekterte reglene.<\/p>\n<p>P\u00e5 politisk niv\u00e5 er det dessuten risikabelt \u00e5 love amnesti fordi, mens man venter p\u00e5 nye regler i kommunene, <strong>de<\/strong> <strong>riving er suspendert<\/strong> i \u00e5revis, og \u00e5 gj\u00f8re det genererer en administrativ d\u00f8dgang der praksis forblir stillest\u00e5ende og nabolag forblir inne<strong> situasjoner med mer eller mindre farlige uregelmessigheter<\/strong> (tenk p\u00e5 ulovlige hus bygget i sv\u00e6rt bradyseismiske omr\u00e5der).<\/p>\n<p>Videre er budskapet som formidles potensielt farlig, nemlig at hvis det bygges ulovlig, vil det f\u00f8r eller siden bli tilgitt. Etter dette resonnementet, <strong>vi vil fortsette \u00e5 bygge uten tillatelse mens vi venter p\u00e5 de neste amnestiene<\/strong>uten respekt for milj\u00f8et, menneskeliv og de som bygger lovlig.<\/p>\n<p>Videre mener mange politikere at de som foresl\u00e5r amnesti i omr\u00e5der hvor fenomenet er utbredt, utelukkende gj\u00f8r det for \u00e5 skaffe stemmene til de som bor der, som ikke \u00f8nsker \u00e5 se boligene sine revet. Amnestiet blir derfor en <strong>midler til politisk propaganda<\/strong>.<\/p>\n<p>L\u00f8sningen p\u00e5 byggemisbruk er ikke lett \u00e5 finne, men et utmerket utgangspunkt vil v\u00e6re \u00f8kningen i det tekniske personalet som m\u00e5 h\u00e5ndtere sjekkene (fortsatt underbemannet) og selve kontrollene, med enhetlige prosedyrer i hele Italia. Sanksjonene m\u00e5 da v\u00e6re virkelig gjeldende, med visse tider for riving eller restaurering. Videre b\u00f8r \u00e5rv\u00e5kenhet v\u00e6re konstant, for uten den er den ogs\u00e5 best <strong>reform av byplanleggingspolitikken<\/strong> kan mislykkes.<\/p>\n<p>Forel\u00f8pig vil en reform av denne typen v\u00e6re mer enn n\u00f8dvendig, spesielt for \u00e5 forbedre <strong>koordinering mellom stat, regioner og kommuner<\/strong> og unng\u00e5 jurisdiksjonskonflikter som bremser handlingen mot misbruk. Og s\u00e5 gj\u00f8re prosedyrene enklere og tydeligere (teksten b\u00f8r v\u00e6re s\u00e5 spesifikk som mulig, for \u00e5 unng\u00e5 &laquo;gr\u00e5soner&raquo; som egner seg til vilk\u00e5rlige tolkninger) og gj\u00f8re det vanskeligere \u00e5 omg\u00e5 konstruksjonsreglene.<\/p>\n<p>Allerede f\u00f8r denne reformen er den imidlertid avgj\u00f8rende <strong>komme til r\u00f8ttene til problemet<\/strong> av ulovlig bygging, og forst\u00e5 hvorfor mange italienere velger denne veien og hva som kan gj\u00f8res i praksis, som f.eks <strong>redusere byggekostnadene betydelig<\/strong> eller tilbud <strong>konsesjoner for restrukturering<\/strong> og gjenvinning av eksisterende hus, i stedet for nye ulovlige konstruksjoner. Samtidig er de n\u00f8dvendige <strong>fremtidsrettet boligpolitikk<\/strong>i stand til \u00e5 redusere presset for \u00e5 bygge ulovlig, spesielt i de mest sensitive omr\u00e5dene eller hvor ettersp\u00f8rselen etter boliger er spesielt h\u00f8y.<\/p>\n<\/p><\/div>\n","protected":false},"excerpt":{"rendered":"<p>I S\u00f8r-Italia er \u00e9n av to bygninger ulovlig: dette sier Cresme (Senter for \u00f8konomisk, sosiologisk<\/p>\n","protected":false},"author":1,"featured_media":11927,"comment_status":"closed","ping_status":"open","sticky":false,"template":"","format":"standard","meta":{"footnotes":""},"categories":[104],"tags":[2437,1257,179,2777],"class_list":["post-11926","post","type-post","status-publish","format-standard","has-post-thumbnail","hentry","category-samfunn","tag-basilicata","tag-calabria","tag-har","tag-rekorden","generate-columns","tablet-grid-50","mobile-grid-100","grid-parent","grid-33","resize-featured-image"],"yoast_head":"<!-- This site is optimized with the Yoast SEO plugin v24.4 - https:\/\/yoast.com\/wordpress\/plugins\/seo\/ -->\n<title>Calabria og Basilicata har rekorden - Nordnesrepublikken<\/title>\n<meta name=\"robots\" content=\"index, follow, max-snippet:-1, max-image-preview:large, max-video-preview:-1\" \/>\n<link rel=\"canonical\" href=\"https:\/\/nordnesrepublikken.no\/index.php\/2025\/11\/20\/calabria-og-basilicata-har-rekorden\/\" \/>\n<meta property=\"og:locale\" content=\"nb_NO\" \/>\n<meta property=\"og:type\" content=\"article\" \/>\n<meta property=\"og:title\" content=\"Calabria og Basilicata har rekorden - Nordnesrepublikken\" \/>\n<meta property=\"og:description\" content=\"I S\u00f8r-Italia er \u00e9n av to bygninger ulovlig: dette sier Cresme (Senter for \u00f8konomisk, sosiologisk\" \/>\n<meta property=\"og:url\" content=\"https:\/\/nordnesrepublikken.no\/index.php\/2025\/11\/20\/calabria-og-basilicata-har-rekorden\/\" \/>\n<meta property=\"og:site_name\" content=\"Nordnesrepublikken\" \/>\n<meta property=\"article:published_time\" content=\"2025-11-20T16:51:30+00:00\" \/>\n<meta property=\"article:modified_time\" content=\"2025-11-20T16:51:31+00:00\" \/>\n<meta property=\"og:image\" content=\"https:\/\/nordnesrepublikken.no\/wp-content\/uploads\/2025\/11\/1763657490_Calabria-og-Basilicata-har-rekorden.jpg\" \/>\n\t<meta property=\"og:image:width\" content=\"1278\" \/>\n\t<meta property=\"og:image:height\" content=\"852\" \/>\n\t<meta property=\"og:image:type\" content=\"image\/jpeg\" \/>\n<meta name=\"author\" content=\"Ole Andersen\" \/>\n<meta name=\"twitter:card\" content=\"summary_large_image\" \/>\n<meta name=\"twitter:label1\" content=\"Skrevet av\" \/>\n\t<meta name=\"twitter:data1\" content=\"Ole Andersen\" \/>\n\t<meta name=\"twitter:label2\" content=\"Ansl. lesetid\" \/>\n\t<meta name=\"twitter:data2\" content=\"8 minutter\" \/>\n<script type=\"application\/ld+json\" class=\"yoast-schema-graph\">{\"@context\":\"https:\/\/schema.org\",\"@graph\":[{\"@type\":\"Article\",\"@id\":\"https:\/\/nordnesrepublikken.no\/index.php\/2025\/11\/20\/calabria-og-basilicata-har-rekorden\/#article\",\"isPartOf\":{\"@id\":\"https:\/\/nordnesrepublikken.no\/index.php\/2025\/11\/20\/calabria-og-basilicata-har-rekorden\/\"},\"author\":{\"name\":\"Ole Andersen\",\"@id\":\"https:\/\/nordnesrepublikken.no\/#\/schema\/person\/2e7e81935bab77882fffb79296240ff1\"},\"headline\":\"Calabria og Basilicata har rekorden\",\"datePublished\":\"2025-11-20T16:51:30+00:00\",\"dateModified\":\"2025-11-20T16:51:31+00:00\",\"mainEntityOfPage\":{\"@id\":\"https:\/\/nordnesrepublikken.no\/index.php\/2025\/11\/20\/calabria-og-basilicata-har-rekorden\/\"},\"wordCount\":1547,\"publisher\":{\"@id\":\"https:\/\/nordnesrepublikken.no\/#organization\"},\"image\":{\"@id\":\"https:\/\/nordnesrepublikken.no\/index.php\/2025\/11\/20\/calabria-og-basilicata-har-rekorden\/#primaryimage\"},\"thumbnailUrl\":\"https:\/\/nordnesrepublikken.no\/wp-content\/uploads\/2025\/11\/1763657490_Calabria-og-Basilicata-har-rekorden.jpg\",\"keywords\":[\"Basilicata\",\"Calabria\",\"har\",\"rekorden\"],\"articleSection\":[\"Samfunn\"],\"inLanguage\":\"nb-NO\"},{\"@type\":\"WebPage\",\"@id\":\"https:\/\/nordnesrepublikken.no\/index.php\/2025\/11\/20\/calabria-og-basilicata-har-rekorden\/\",\"url\":\"https:\/\/nordnesrepublikken.no\/index.php\/2025\/11\/20\/calabria-og-basilicata-har-rekorden\/\",\"name\":\"Calabria og Basilicata har rekorden - Nordnesrepublikken\",\"isPartOf\":{\"@id\":\"https:\/\/nordnesrepublikken.no\/#website\"},\"primaryImageOfPage\":{\"@id\":\"https:\/\/nordnesrepublikken.no\/index.php\/2025\/11\/20\/calabria-og-basilicata-har-rekorden\/#primaryimage\"},\"image\":{\"@id\":\"https:\/\/nordnesrepublikken.no\/index.php\/2025\/11\/20\/calabria-og-basilicata-har-rekorden\/#primaryimage\"},\"thumbnailUrl\":\"https:\/\/nordnesrepublikken.no\/wp-content\/uploads\/2025\/11\/1763657490_Calabria-og-Basilicata-har-rekorden.jpg\",\"datePublished\":\"2025-11-20T16:51:30+00:00\",\"dateModified\":\"2025-11-20T16:51:31+00:00\",\"breadcrumb\":{\"@id\":\"https:\/\/nordnesrepublikken.no\/index.php\/2025\/11\/20\/calabria-og-basilicata-har-rekorden\/#breadcrumb\"},\"inLanguage\":\"nb-NO\",\"potentialAction\":[{\"@type\":\"ReadAction\",\"target\":[\"https:\/\/nordnesrepublikken.no\/index.php\/2025\/11\/20\/calabria-og-basilicata-har-rekorden\/\"]}]},{\"@type\":\"ImageObject\",\"inLanguage\":\"nb-NO\",\"@id\":\"https:\/\/nordnesrepublikken.no\/index.php\/2025\/11\/20\/calabria-og-basilicata-har-rekorden\/#primaryimage\",\"url\":\"https:\/\/nordnesrepublikken.no\/wp-content\/uploads\/2025\/11\/1763657490_Calabria-og-Basilicata-har-rekorden.jpg\",\"contentUrl\":\"https:\/\/nordnesrepublikken.no\/wp-content\/uploads\/2025\/11\/1763657490_Calabria-og-Basilicata-har-rekorden.jpg\",\"width\":1278,\"height\":852,\"caption\":\"Calabria og Basilicata har rekorden\"},{\"@type\":\"BreadcrumbList\",\"@id\":\"https:\/\/nordnesrepublikken.no\/index.php\/2025\/11\/20\/calabria-og-basilicata-har-rekorden\/#breadcrumb\",\"itemListElement\":[{\"@type\":\"ListItem\",\"position\":1,\"name\":\"Home\",\"item\":\"https:\/\/nordnesrepublikken.no\/\"},{\"@type\":\"ListItem\",\"position\":2,\"name\":\"Calabria og Basilicata har rekorden\"}]},{\"@type\":\"WebSite\",\"@id\":\"https:\/\/nordnesrepublikken.no\/#website\",\"url\":\"https:\/\/nordnesrepublikken.no\/\",\"name\":\"Nordnesrepublikken\",\"description\":\"Stemmer og Visjoner fra Republikkens Hjerte\",\"publisher\":{\"@id\":\"https:\/\/nordnesrepublikken.no\/#organization\"},\"potentialAction\":[{\"@type\":\"SearchAction\",\"target\":{\"@type\":\"EntryPoint\",\"urlTemplate\":\"https:\/\/nordnesrepublikken.no\/?s={search_term_string}\"},\"query-input\":{\"@type\":\"PropertyValueSpecification\",\"valueRequired\":true,\"valueName\":\"search_term_string\"}}],\"inLanguage\":\"nb-NO\"},{\"@type\":\"Organization\",\"@id\":\"https:\/\/nordnesrepublikken.no\/#organization\",\"name\":\"Nordnesrepublikken\",\"url\":\"https:\/\/nordnesrepublikken.no\/\",\"logo\":{\"@type\":\"ImageObject\",\"inLanguage\":\"nb-NO\",\"@id\":\"https:\/\/nordnesrepublikken.no\/#\/schema\/logo\/image\/\",\"url\":\"https:\/\/nordnesrepublikken.no\/wp-content\/uploads\/2025\/02\/cropped-nordnesrepublikken-2.png\",\"contentUrl\":\"https:\/\/nordnesrepublikken.no\/wp-content\/uploads\/2025\/02\/cropped-nordnesrepublikken-2.png\",\"width\":1248,\"height\":362,\"caption\":\"Nordnesrepublikken\"},\"image\":{\"@id\":\"https:\/\/nordnesrepublikken.no\/#\/schema\/logo\/image\/\"}},{\"@type\":\"Person\",\"@id\":\"https:\/\/nordnesrepublikken.no\/#\/schema\/person\/2e7e81935bab77882fffb79296240ff1\",\"name\":\"Ole Andersen\",\"image\":{\"@type\":\"ImageObject\",\"inLanguage\":\"nb-NO\",\"@id\":\"https:\/\/nordnesrepublikken.no\/#\/schema\/person\/image\/\",\"url\":\"https:\/\/nordnesrepublikken.no\/wp-content\/uploads\/2025\/02\/nordnesrepublikken-2-2-150x150.jpg\",\"contentUrl\":\"https:\/\/nordnesrepublikken.no\/wp-content\/uploads\/2025\/02\/nordnesrepublikken-2-2-150x150.jpg\",\"caption\":\"Ole Andersen\"},\"description\":\"Ettersom jeg vokste opp i Oslo, har jeg alltid v\u00e6rt fascinert av ordenes kraft og deres evne til \u00e5 skape endringer. Etter \u00e5 ha fullf\u00f8rt min utdannelse i kommunikasjon ved Universitetet i Bergen, fikk jeg muligheten til \u00e5 jobbe innen ulike medier, der jeg har s\u00f8kt \u00e5 belyse viktige samfunnssp\u00f8rsm\u00e5l. I dag, som redakt\u00f8r for Nordnesrepublikken, pr\u00f8ver jeg \u00e5 forene min kj\u00e6rlighet for journalistikk med min lidenskap for innovasjon og eventyr.\",\"sameAs\":[\"https:\/\/nordnesrepublikken.no\/\"]}]}<\/script>\n<!-- \/ Yoast SEO plugin. -->","yoast_head_json":{"title":"Calabria og Basilicata har rekorden - Nordnesrepublikken","robots":{"index":"index","follow":"follow","max-snippet":"max-snippet:-1","max-image-preview":"max-image-preview:large","max-video-preview":"max-video-preview:-1"},"canonical":"https:\/\/nordnesrepublikken.no\/index.php\/2025\/11\/20\/calabria-og-basilicata-har-rekorden\/","og_locale":"nb_NO","og_type":"article","og_title":"Calabria og Basilicata har rekorden - Nordnesrepublikken","og_description":"I S\u00f8r-Italia er \u00e9n av to bygninger ulovlig: dette sier Cresme (Senter for \u00f8konomisk, sosiologisk","og_url":"https:\/\/nordnesrepublikken.no\/index.php\/2025\/11\/20\/calabria-og-basilicata-har-rekorden\/","og_site_name":"Nordnesrepublikken","article_published_time":"2025-11-20T16:51:30+00:00","article_modified_time":"2025-11-20T16:51:31+00:00","og_image":[{"width":1278,"height":852,"url":"https:\/\/nordnesrepublikken.no\/wp-content\/uploads\/2025\/11\/1763657490_Calabria-og-Basilicata-har-rekorden.jpg","type":"image\/jpeg"}],"author":"Ole Andersen","twitter_card":"summary_large_image","twitter_misc":{"Skrevet av":"Ole Andersen","Ansl. lesetid":"8 minutter"},"schema":{"@context":"https:\/\/schema.org","@graph":[{"@type":"Article","@id":"https:\/\/nordnesrepublikken.no\/index.php\/2025\/11\/20\/calabria-og-basilicata-har-rekorden\/#article","isPartOf":{"@id":"https:\/\/nordnesrepublikken.no\/index.php\/2025\/11\/20\/calabria-og-basilicata-har-rekorden\/"},"author":{"name":"Ole Andersen","@id":"https:\/\/nordnesrepublikken.no\/#\/schema\/person\/2e7e81935bab77882fffb79296240ff1"},"headline":"Calabria og Basilicata har rekorden","datePublished":"2025-11-20T16:51:30+00:00","dateModified":"2025-11-20T16:51:31+00:00","mainEntityOfPage":{"@id":"https:\/\/nordnesrepublikken.no\/index.php\/2025\/11\/20\/calabria-og-basilicata-har-rekorden\/"},"wordCount":1547,"publisher":{"@id":"https:\/\/nordnesrepublikken.no\/#organization"},"image":{"@id":"https:\/\/nordnesrepublikken.no\/index.php\/2025\/11\/20\/calabria-og-basilicata-har-rekorden\/#primaryimage"},"thumbnailUrl":"https:\/\/nordnesrepublikken.no\/wp-content\/uploads\/2025\/11\/1763657490_Calabria-og-Basilicata-har-rekorden.jpg","keywords":["Basilicata","Calabria","har","rekorden"],"articleSection":["Samfunn"],"inLanguage":"nb-NO"},{"@type":"WebPage","@id":"https:\/\/nordnesrepublikken.no\/index.php\/2025\/11\/20\/calabria-og-basilicata-har-rekorden\/","url":"https:\/\/nordnesrepublikken.no\/index.php\/2025\/11\/20\/calabria-og-basilicata-har-rekorden\/","name":"Calabria og Basilicata har rekorden - Nordnesrepublikken","isPartOf":{"@id":"https:\/\/nordnesrepublikken.no\/#website"},"primaryImageOfPage":{"@id":"https:\/\/nordnesrepublikken.no\/index.php\/2025\/11\/20\/calabria-og-basilicata-har-rekorden\/#primaryimage"},"image":{"@id":"https:\/\/nordnesrepublikken.no\/index.php\/2025\/11\/20\/calabria-og-basilicata-har-rekorden\/#primaryimage"},"thumbnailUrl":"https:\/\/nordnesrepublikken.no\/wp-content\/uploads\/2025\/11\/1763657490_Calabria-og-Basilicata-har-rekorden.jpg","datePublished":"2025-11-20T16:51:30+00:00","dateModified":"2025-11-20T16:51:31+00:00","breadcrumb":{"@id":"https:\/\/nordnesrepublikken.no\/index.php\/2025\/11\/20\/calabria-og-basilicata-har-rekorden\/#breadcrumb"},"inLanguage":"nb-NO","potentialAction":[{"@type":"ReadAction","target":["https:\/\/nordnesrepublikken.no\/index.php\/2025\/11\/20\/calabria-og-basilicata-har-rekorden\/"]}]},{"@type":"ImageObject","inLanguage":"nb-NO","@id":"https:\/\/nordnesrepublikken.no\/index.php\/2025\/11\/20\/calabria-og-basilicata-har-rekorden\/#primaryimage","url":"https:\/\/nordnesrepublikken.no\/wp-content\/uploads\/2025\/11\/1763657490_Calabria-og-Basilicata-har-rekorden.jpg","contentUrl":"https:\/\/nordnesrepublikken.no\/wp-content\/uploads\/2025\/11\/1763657490_Calabria-og-Basilicata-har-rekorden.jpg","width":1278,"height":852,"caption":"Calabria og Basilicata har rekorden"},{"@type":"BreadcrumbList","@id":"https:\/\/nordnesrepublikken.no\/index.php\/2025\/11\/20\/calabria-og-basilicata-har-rekorden\/#breadcrumb","itemListElement":[{"@type":"ListItem","position":1,"name":"Home","item":"https:\/\/nordnesrepublikken.no\/"},{"@type":"ListItem","position":2,"name":"Calabria og Basilicata har rekorden"}]},{"@type":"WebSite","@id":"https:\/\/nordnesrepublikken.no\/#website","url":"https:\/\/nordnesrepublikken.no\/","name":"Nordnesrepublikken","description":"Stemmer og Visjoner fra Republikkens Hjerte","publisher":{"@id":"https:\/\/nordnesrepublikken.no\/#organization"},"potentialAction":[{"@type":"SearchAction","target":{"@type":"EntryPoint","urlTemplate":"https:\/\/nordnesrepublikken.no\/?s={search_term_string}"},"query-input":{"@type":"PropertyValueSpecification","valueRequired":true,"valueName":"search_term_string"}}],"inLanguage":"nb-NO"},{"@type":"Organization","@id":"https:\/\/nordnesrepublikken.no\/#organization","name":"Nordnesrepublikken","url":"https:\/\/nordnesrepublikken.no\/","logo":{"@type":"ImageObject","inLanguage":"nb-NO","@id":"https:\/\/nordnesrepublikken.no\/#\/schema\/logo\/image\/","url":"https:\/\/nordnesrepublikken.no\/wp-content\/uploads\/2025\/02\/cropped-nordnesrepublikken-2.png","contentUrl":"https:\/\/nordnesrepublikken.no\/wp-content\/uploads\/2025\/02\/cropped-nordnesrepublikken-2.png","width":1248,"height":362,"caption":"Nordnesrepublikken"},"image":{"@id":"https:\/\/nordnesrepublikken.no\/#\/schema\/logo\/image\/"}},{"@type":"Person","@id":"https:\/\/nordnesrepublikken.no\/#\/schema\/person\/2e7e81935bab77882fffb79296240ff1","name":"Ole Andersen","image":{"@type":"ImageObject","inLanguage":"nb-NO","@id":"https:\/\/nordnesrepublikken.no\/#\/schema\/person\/image\/","url":"https:\/\/nordnesrepublikken.no\/wp-content\/uploads\/2025\/02\/nordnesrepublikken-2-2-150x150.jpg","contentUrl":"https:\/\/nordnesrepublikken.no\/wp-content\/uploads\/2025\/02\/nordnesrepublikken-2-2-150x150.jpg","caption":"Ole Andersen"},"description":"Ettersom jeg vokste opp i Oslo, har jeg alltid v\u00e6rt fascinert av ordenes kraft og deres evne til \u00e5 skape endringer. Etter \u00e5 ha fullf\u00f8rt min utdannelse i kommunikasjon ved Universitetet i Bergen, fikk jeg muligheten til \u00e5 jobbe innen ulike medier, der jeg har s\u00f8kt \u00e5 belyse viktige samfunnssp\u00f8rsm\u00e5l. I dag, som redakt\u00f8r for Nordnesrepublikken, pr\u00f8ver jeg \u00e5 forene min kj\u00e6rlighet for journalistikk med min lidenskap for innovasjon og eventyr.","sameAs":["https:\/\/nordnesrepublikken.no\/"]}]}},"_links":{"self":[{"href":"https:\/\/nordnesrepublikken.no\/index.php\/wp-json\/wp\/v2\/posts\/11926","targetHints":{"allow":["GET"]}}],"collection":[{"href":"https:\/\/nordnesrepublikken.no\/index.php\/wp-json\/wp\/v2\/posts"}],"about":[{"href":"https:\/\/nordnesrepublikken.no\/index.php\/wp-json\/wp\/v2\/types\/post"}],"author":[{"embeddable":true,"href":"https:\/\/nordnesrepublikken.no\/index.php\/wp-json\/wp\/v2\/users\/1"}],"replies":[{"embeddable":true,"href":"https:\/\/nordnesrepublikken.no\/index.php\/wp-json\/wp\/v2\/comments?post=11926"}],"version-history":[{"count":1,"href":"https:\/\/nordnesrepublikken.no\/index.php\/wp-json\/wp\/v2\/posts\/11926\/revisions"}],"predecessor-version":[{"id":11928,"href":"https:\/\/nordnesrepublikken.no\/index.php\/wp-json\/wp\/v2\/posts\/11926\/revisions\/11928"}],"wp:featuredmedia":[{"embeddable":true,"href":"https:\/\/nordnesrepublikken.no\/index.php\/wp-json\/wp\/v2\/media\/11927"}],"wp:attachment":[{"href":"https:\/\/nordnesrepublikken.no\/index.php\/wp-json\/wp\/v2\/media?parent=11926"}],"wp:term":[{"taxonomy":"category","embeddable":true,"href":"https:\/\/nordnesrepublikken.no\/index.php\/wp-json\/wp\/v2\/categories?post=11926"},{"taxonomy":"post_tag","embeddable":true,"href":"https:\/\/nordnesrepublikken.no\/index.php\/wp-json\/wp\/v2\/tags?post=11926"}],"curies":[{"name":"wp","href":"https:\/\/api.w.org\/{rel}","templated":true}]}}