{"id":11904,"date":"2025-11-20T03:51:06","date_gmt":"2025-11-20T02:51:06","guid":{"rendered":"https:\/\/nordnesrepublikken.no\/index.php\/2025\/11\/20\/tid-og-kommuner-der-arbeidsulykkesalarmen-vil-lyde\/"},"modified":"2025-11-20T03:51:08","modified_gmt":"2025-11-20T02:51:08","slug":"tid-og-kommuner-der-arbeidsulykkesalarmen-vil-lyde","status":"publish","type":"post","link":"https:\/\/nordnesrepublikken.no\/index.php\/2025\/11\/20\/tid-og-kommuner-der-arbeidsulykkesalarmen-vil-lyde\/","title":{"rendered":"tid og kommuner der arbeidsulykkesalarmen vil lyde"},"content":{"rendered":"<div>\n<div class=\"cp_wrapper cp_wrapper--fw mb-30 mb-20@tablet\">\n<figure class=\"mm\"><picture class=\"img\" style=\"padding-top:56.25%\"><source  media=\"(min-width: 1024px)\"><source  media=\"(min-width: 768px)\"><\/source><\/source><\/picture><\/figure>\n<\/p><\/div>\n<p>Testene fortsetter <b>IT-varsling<\/b>det nasjonale offentlige varslingssystemet. Etter Veneto, i dag, <b>Onsdag 19. november 2025<\/b>er en ny test planlagt <b>Umbria<\/b> fokusert p\u00e5 det spesifikke risikoscenarioet <strong>stor industriulykke<\/strong>.<\/p>\n<p>D\u00f8gnet rundt <b>16.40<\/b>borgere som vil v\u00e6re innenfor en radius p\u00e5 ca <b>2 km<\/b> fra fabrikken <b>Acciai Speciali Terni SpA (Arvedi AST)<\/b> de vil motta et testvarsel p\u00e5 mobiltelefonen selv uten internettforbindelse. Anlegget, som ligger i Terni, er faktisk underlagt <b>Seveso-direktivet<\/b>som regulerer industriomr\u00e5der med risiko for storulykker knyttet til farlige stoffer.<\/p>\n<h2>Hvor og n\u00e5r h\u00f8res IT-Alert-testen i Umbria<\/h2>\n<p>P\u00e5 tidspunktet for testing <strong>16.40<\/strong> enhetene som er koblet til telefoncellene i omr\u00e5det, selv i frav\u00e6r av en internettforbindelse, vil avgi en <strong>lyd<\/strong> <strong>s\u00e6regne<\/strong> (forskjellig fra vanlige ringetoner) og vil vise f\u00f8lgende tekst:<\/p>\n<blockquote>\n<p>TEST TEST IT-varsling testmelding. EN SIMULERING av en ulykke p\u00e5g\u00e5r i et industrianlegg i omr\u00e5det der du befinner deg. For \u00e5 finne ut meldingen du vil motta i tilfelle reell fare og for \u00e5 fylle ut sp\u00f8rreskjemaet, g\u00e5 til www.it-alert.gov.it TEST TEST<\/p>\n<\/blockquote>\n<h2>M\u00e5let med simuleringen av en industriulykke i Terni<\/h2>\n<p>Dette er en teknisk test koordinert av Prefecture of Terni. M\u00e5let er <strong>v<\/strong><b>befeste dekningen<\/b> \u00e5 forst\u00e5 om den klarer \u00e5 dekke omr\u00e5det rundt anlegget riktig og s\u00f8rge for at kommunikasjonen flyter mellom anleggslederne og <strong>Sivil beskyttelse<\/strong> fungere etter hensikten <strong>Ekstern beredskapsplan<\/strong> (PEE).<\/p>\n<p>Simuleringen, som den 13. november i Veneto, gjelder en &laquo;<strong>storulykke<\/strong>&raquo; eller en begivenhet som en<b>utslipp<\/b>a<b> ild <\/b>eller a<b>stor eksplosjon<\/b>p\u00e5 grunn av ukontrollert utvikling under aktiviteten til et industrianlegg klassifisert som risikoutsatt. I et reelt scenario, <strong>IT-varsling<\/strong> den vil bli aktivert nettopp for de ulike mulige ulykkesscenarier som kan p\u00e5virke anlegget, og umiddelbart varsle befolkningen.<\/p>\n<h2>Hva b\u00f8r de involverte innbyggerne gj\u00f8re etter mobiltelefonalarmen<\/h2>\n<p>\u00c5 v\u00e6re en <strong>test<\/strong>det kreves ingen handling utover \u00e5 lese teksten n\u00f8ye, for eksempel m\u00e5 du ikke ringe 112 eller myndighetene eller samhandle med meldingen. Sivilbeskyttelsen inviterer imidlertid alle som mottar (eller ikke mottar, til tross for at de er i omr\u00e5det) til \u00e5 fylle ut <strong>sp\u00f8rreskjema<\/strong> tilgjengelig p\u00e5 hjemmesiden til <strong>www.it-alert.gov.it<\/strong>. Tilbakemeldinger fra brukere er den eneste m\u00e5ten \u00e5 rette opp eventuelle tekniske feil p\u00e5 og forbedre systemet n\u00e5r det er fullt operativt.<\/p>\n<\/p><\/div>\n","protected":false},"excerpt":{"rendered":"<p>Testene fortsetter IT-varslingdet nasjonale offentlige varslingssystemet. Etter Veneto, i dag, Onsdag 19. november 2025er en<\/p>\n","protected":false},"author":1,"featured_media":11905,"comment_status":"closed","ping_status":"open","sticky":false,"template":"","format":"standard","meta":{"footnotes":""},"categories":[104],"tags":[7825,490,440,7826,636,149],"class_list":["post-11904","post","type-post","status-publish","format-standard","has-post-thumbnail","hentry","category-samfunn","tag-arbeidsulykkesalarmen","tag-der","tag-kommuner","tag-lyde","tag-tid","tag-vil","generate-columns","tablet-grid-50","mobile-grid-100","grid-parent","grid-33","resize-featured-image"],"yoast_head":"<!-- This site is optimized with the Yoast SEO plugin v24.4 - https:\/\/yoast.com\/wordpress\/plugins\/seo\/ -->\n<title>tid og kommuner der arbeidsulykkesalarmen vil lyde - Nordnesrepublikken<\/title>\n<meta name=\"robots\" content=\"index, follow, max-snippet:-1, max-image-preview:large, max-video-preview:-1\" \/>\n<link rel=\"canonical\" href=\"https:\/\/nordnesrepublikken.no\/index.php\/2025\/11\/20\/tid-og-kommuner-der-arbeidsulykkesalarmen-vil-lyde\/\" \/>\n<meta property=\"og:locale\" content=\"nb_NO\" \/>\n<meta property=\"og:type\" content=\"article\" \/>\n<meta property=\"og:title\" content=\"tid og kommuner der arbeidsulykkesalarmen vil lyde - Nordnesrepublikken\" \/>\n<meta property=\"og:description\" content=\"Testene fortsetter IT-varslingdet nasjonale offentlige varslingssystemet. Etter Veneto, i dag, Onsdag 19. november 2025er en\" \/>\n<meta property=\"og:url\" content=\"https:\/\/nordnesrepublikken.no\/index.php\/2025\/11\/20\/tid-og-kommuner-der-arbeidsulykkesalarmen-vil-lyde\/\" \/>\n<meta property=\"og:site_name\" content=\"Nordnesrepublikken\" \/>\n<meta property=\"article:published_time\" content=\"2025-11-20T02:51:06+00:00\" \/>\n<meta property=\"article:modified_time\" content=\"2025-11-20T02:51:08+00:00\" \/>\n<meta property=\"og:image\" content=\"https:\/\/nordnesrepublikken.no\/wp-content\/uploads\/2025\/11\/1763607067_tid-og-kommuner-der-arbeidsulykkesalarmen-vil-lyde.jpg\" \/>\n\t<meta property=\"og:image:width\" content=\"1344\" \/>\n\t<meta property=\"og:image:height\" content=\"768\" \/>\n\t<meta property=\"og:image:type\" content=\"image\/jpeg\" \/>\n<meta name=\"author\" content=\"Ole Andersen\" \/>\n<meta name=\"twitter:card\" content=\"summary_large_image\" \/>\n<meta name=\"twitter:label1\" content=\"Skrevet av\" \/>\n\t<meta name=\"twitter:data1\" content=\"Ole Andersen\" \/>\n\t<meta name=\"twitter:label2\" content=\"Ansl. lesetid\" \/>\n\t<meta name=\"twitter:data2\" content=\"2 minutter\" \/>\n<script type=\"application\/ld+json\" class=\"yoast-schema-graph\">{\"@context\":\"https:\/\/schema.org\",\"@graph\":[{\"@type\":\"Article\",\"@id\":\"https:\/\/nordnesrepublikken.no\/index.php\/2025\/11\/20\/tid-og-kommuner-der-arbeidsulykkesalarmen-vil-lyde\/#article\",\"isPartOf\":{\"@id\":\"https:\/\/nordnesrepublikken.no\/index.php\/2025\/11\/20\/tid-og-kommuner-der-arbeidsulykkesalarmen-vil-lyde\/\"},\"author\":{\"name\":\"Ole Andersen\",\"@id\":\"https:\/\/nordnesrepublikken.no\/#\/schema\/person\/2e7e81935bab77882fffb79296240ff1\"},\"headline\":\"tid og kommuner der arbeidsulykkesalarmen vil lyde\",\"datePublished\":\"2025-11-20T02:51:06+00:00\",\"dateModified\":\"2025-11-20T02:51:08+00:00\",\"mainEntityOfPage\":{\"@id\":\"https:\/\/nordnesrepublikken.no\/index.php\/2025\/11\/20\/tid-og-kommuner-der-arbeidsulykkesalarmen-vil-lyde\/\"},\"wordCount\":371,\"publisher\":{\"@id\":\"https:\/\/nordnesrepublikken.no\/#organization\"},\"image\":{\"@id\":\"https:\/\/nordnesrepublikken.no\/index.php\/2025\/11\/20\/tid-og-kommuner-der-arbeidsulykkesalarmen-vil-lyde\/#primaryimage\"},\"thumbnailUrl\":\"https:\/\/nordnesrepublikken.no\/wp-content\/uploads\/2025\/11\/1763607067_tid-og-kommuner-der-arbeidsulykkesalarmen-vil-lyde.jpg\",\"keywords\":[\"arbeidsulykkesalarmen\",\"der\",\"kommuner\",\"lyde\",\"tid\",\"vil\"],\"articleSection\":[\"Samfunn\"],\"inLanguage\":\"nb-NO\"},{\"@type\":\"WebPage\",\"@id\":\"https:\/\/nordnesrepublikken.no\/index.php\/2025\/11\/20\/tid-og-kommuner-der-arbeidsulykkesalarmen-vil-lyde\/\",\"url\":\"https:\/\/nordnesrepublikken.no\/index.php\/2025\/11\/20\/tid-og-kommuner-der-arbeidsulykkesalarmen-vil-lyde\/\",\"name\":\"tid og kommuner der arbeidsulykkesalarmen vil lyde - Nordnesrepublikken\",\"isPartOf\":{\"@id\":\"https:\/\/nordnesrepublikken.no\/#website\"},\"primaryImageOfPage\":{\"@id\":\"https:\/\/nordnesrepublikken.no\/index.php\/2025\/11\/20\/tid-og-kommuner-der-arbeidsulykkesalarmen-vil-lyde\/#primaryimage\"},\"image\":{\"@id\":\"https:\/\/nordnesrepublikken.no\/index.php\/2025\/11\/20\/tid-og-kommuner-der-arbeidsulykkesalarmen-vil-lyde\/#primaryimage\"},\"thumbnailUrl\":\"https:\/\/nordnesrepublikken.no\/wp-content\/uploads\/2025\/11\/1763607067_tid-og-kommuner-der-arbeidsulykkesalarmen-vil-lyde.jpg\",\"datePublished\":\"2025-11-20T02:51:06+00:00\",\"dateModified\":\"2025-11-20T02:51:08+00:00\",\"breadcrumb\":{\"@id\":\"https:\/\/nordnesrepublikken.no\/index.php\/2025\/11\/20\/tid-og-kommuner-der-arbeidsulykkesalarmen-vil-lyde\/#breadcrumb\"},\"inLanguage\":\"nb-NO\",\"potentialAction\":[{\"@type\":\"ReadAction\",\"target\":[\"https:\/\/nordnesrepublikken.no\/index.php\/2025\/11\/20\/tid-og-kommuner-der-arbeidsulykkesalarmen-vil-lyde\/\"]}]},{\"@type\":\"ImageObject\",\"inLanguage\":\"nb-NO\",\"@id\":\"https:\/\/nordnesrepublikken.no\/index.php\/2025\/11\/20\/tid-og-kommuner-der-arbeidsulykkesalarmen-vil-lyde\/#primaryimage\",\"url\":\"https:\/\/nordnesrepublikken.no\/wp-content\/uploads\/2025\/11\/1763607067_tid-og-kommuner-der-arbeidsulykkesalarmen-vil-lyde.jpg\",\"contentUrl\":\"https:\/\/nordnesrepublikken.no\/wp-content\/uploads\/2025\/11\/1763607067_tid-og-kommuner-der-arbeidsulykkesalarmen-vil-lyde.jpg\",\"width\":1344,\"height\":768,\"caption\":\"tid og kommuner der arbeidsulykkesalarmen vil lyde\"},{\"@type\":\"BreadcrumbList\",\"@id\":\"https:\/\/nordnesrepublikken.no\/index.php\/2025\/11\/20\/tid-og-kommuner-der-arbeidsulykkesalarmen-vil-lyde\/#breadcrumb\",\"itemListElement\":[{\"@type\":\"ListItem\",\"position\":1,\"name\":\"Home\",\"item\":\"https:\/\/nordnesrepublikken.no\/\"},{\"@type\":\"ListItem\",\"position\":2,\"name\":\"tid og kommuner der arbeidsulykkesalarmen vil lyde\"}]},{\"@type\":\"WebSite\",\"@id\":\"https:\/\/nordnesrepublikken.no\/#website\",\"url\":\"https:\/\/nordnesrepublikken.no\/\",\"name\":\"Nordnesrepublikken\",\"description\":\"Stemmer og Visjoner fra Republikkens Hjerte\",\"publisher\":{\"@id\":\"https:\/\/nordnesrepublikken.no\/#organization\"},\"potentialAction\":[{\"@type\":\"SearchAction\",\"target\":{\"@type\":\"EntryPoint\",\"urlTemplate\":\"https:\/\/nordnesrepublikken.no\/?s={search_term_string}\"},\"query-input\":{\"@type\":\"PropertyValueSpecification\",\"valueRequired\":true,\"valueName\":\"search_term_string\"}}],\"inLanguage\":\"nb-NO\"},{\"@type\":\"Organization\",\"@id\":\"https:\/\/nordnesrepublikken.no\/#organization\",\"name\":\"Nordnesrepublikken\",\"url\":\"https:\/\/nordnesrepublikken.no\/\",\"logo\":{\"@type\":\"ImageObject\",\"inLanguage\":\"nb-NO\",\"@id\":\"https:\/\/nordnesrepublikken.no\/#\/schema\/logo\/image\/\",\"url\":\"https:\/\/nordnesrepublikken.no\/wp-content\/uploads\/2025\/02\/cropped-nordnesrepublikken-2.png\",\"contentUrl\":\"https:\/\/nordnesrepublikken.no\/wp-content\/uploads\/2025\/02\/cropped-nordnesrepublikken-2.png\",\"width\":1248,\"height\":362,\"caption\":\"Nordnesrepublikken\"},\"image\":{\"@id\":\"https:\/\/nordnesrepublikken.no\/#\/schema\/logo\/image\/\"}},{\"@type\":\"Person\",\"@id\":\"https:\/\/nordnesrepublikken.no\/#\/schema\/person\/2e7e81935bab77882fffb79296240ff1\",\"name\":\"Ole Andersen\",\"image\":{\"@type\":\"ImageObject\",\"inLanguage\":\"nb-NO\",\"@id\":\"https:\/\/nordnesrepublikken.no\/#\/schema\/person\/image\/\",\"url\":\"https:\/\/nordnesrepublikken.no\/wp-content\/uploads\/2025\/02\/nordnesrepublikken-2-2-150x150.jpg\",\"contentUrl\":\"https:\/\/nordnesrepublikken.no\/wp-content\/uploads\/2025\/02\/nordnesrepublikken-2-2-150x150.jpg\",\"caption\":\"Ole Andersen\"},\"description\":\"Ettersom jeg vokste opp i Oslo, har jeg alltid v\u00e6rt fascinert av ordenes kraft og deres evne til \u00e5 skape endringer. Etter \u00e5 ha fullf\u00f8rt min utdannelse i kommunikasjon ved Universitetet i Bergen, fikk jeg muligheten til \u00e5 jobbe innen ulike medier, der jeg har s\u00f8kt \u00e5 belyse viktige samfunnssp\u00f8rsm\u00e5l. I dag, som redakt\u00f8r for Nordnesrepublikken, pr\u00f8ver jeg \u00e5 forene min kj\u00e6rlighet for journalistikk med min lidenskap for innovasjon og eventyr.\",\"sameAs\":[\"https:\/\/nordnesrepublikken.no\/\"]}]}<\/script>\n<!-- \/ Yoast SEO plugin. -->","yoast_head_json":{"title":"tid og kommuner der arbeidsulykkesalarmen vil lyde - Nordnesrepublikken","robots":{"index":"index","follow":"follow","max-snippet":"max-snippet:-1","max-image-preview":"max-image-preview:large","max-video-preview":"max-video-preview:-1"},"canonical":"https:\/\/nordnesrepublikken.no\/index.php\/2025\/11\/20\/tid-og-kommuner-der-arbeidsulykkesalarmen-vil-lyde\/","og_locale":"nb_NO","og_type":"article","og_title":"tid og kommuner der arbeidsulykkesalarmen vil lyde - Nordnesrepublikken","og_description":"Testene fortsetter IT-varslingdet nasjonale offentlige varslingssystemet. Etter Veneto, i dag, Onsdag 19. november 2025er en","og_url":"https:\/\/nordnesrepublikken.no\/index.php\/2025\/11\/20\/tid-og-kommuner-der-arbeidsulykkesalarmen-vil-lyde\/","og_site_name":"Nordnesrepublikken","article_published_time":"2025-11-20T02:51:06+00:00","article_modified_time":"2025-11-20T02:51:08+00:00","og_image":[{"width":1344,"height":768,"url":"https:\/\/nordnesrepublikken.no\/wp-content\/uploads\/2025\/11\/1763607067_tid-og-kommuner-der-arbeidsulykkesalarmen-vil-lyde.jpg","type":"image\/jpeg"}],"author":"Ole Andersen","twitter_card":"summary_large_image","twitter_misc":{"Skrevet av":"Ole Andersen","Ansl. lesetid":"2 minutter"},"schema":{"@context":"https:\/\/schema.org","@graph":[{"@type":"Article","@id":"https:\/\/nordnesrepublikken.no\/index.php\/2025\/11\/20\/tid-og-kommuner-der-arbeidsulykkesalarmen-vil-lyde\/#article","isPartOf":{"@id":"https:\/\/nordnesrepublikken.no\/index.php\/2025\/11\/20\/tid-og-kommuner-der-arbeidsulykkesalarmen-vil-lyde\/"},"author":{"name":"Ole Andersen","@id":"https:\/\/nordnesrepublikken.no\/#\/schema\/person\/2e7e81935bab77882fffb79296240ff1"},"headline":"tid og kommuner der arbeidsulykkesalarmen vil lyde","datePublished":"2025-11-20T02:51:06+00:00","dateModified":"2025-11-20T02:51:08+00:00","mainEntityOfPage":{"@id":"https:\/\/nordnesrepublikken.no\/index.php\/2025\/11\/20\/tid-og-kommuner-der-arbeidsulykkesalarmen-vil-lyde\/"},"wordCount":371,"publisher":{"@id":"https:\/\/nordnesrepublikken.no\/#organization"},"image":{"@id":"https:\/\/nordnesrepublikken.no\/index.php\/2025\/11\/20\/tid-og-kommuner-der-arbeidsulykkesalarmen-vil-lyde\/#primaryimage"},"thumbnailUrl":"https:\/\/nordnesrepublikken.no\/wp-content\/uploads\/2025\/11\/1763607067_tid-og-kommuner-der-arbeidsulykkesalarmen-vil-lyde.jpg","keywords":["arbeidsulykkesalarmen","der","kommuner","lyde","tid","vil"],"articleSection":["Samfunn"],"inLanguage":"nb-NO"},{"@type":"WebPage","@id":"https:\/\/nordnesrepublikken.no\/index.php\/2025\/11\/20\/tid-og-kommuner-der-arbeidsulykkesalarmen-vil-lyde\/","url":"https:\/\/nordnesrepublikken.no\/index.php\/2025\/11\/20\/tid-og-kommuner-der-arbeidsulykkesalarmen-vil-lyde\/","name":"tid og kommuner der arbeidsulykkesalarmen vil lyde - Nordnesrepublikken","isPartOf":{"@id":"https:\/\/nordnesrepublikken.no\/#website"},"primaryImageOfPage":{"@id":"https:\/\/nordnesrepublikken.no\/index.php\/2025\/11\/20\/tid-og-kommuner-der-arbeidsulykkesalarmen-vil-lyde\/#primaryimage"},"image":{"@id":"https:\/\/nordnesrepublikken.no\/index.php\/2025\/11\/20\/tid-og-kommuner-der-arbeidsulykkesalarmen-vil-lyde\/#primaryimage"},"thumbnailUrl":"https:\/\/nordnesrepublikken.no\/wp-content\/uploads\/2025\/11\/1763607067_tid-og-kommuner-der-arbeidsulykkesalarmen-vil-lyde.jpg","datePublished":"2025-11-20T02:51:06+00:00","dateModified":"2025-11-20T02:51:08+00:00","breadcrumb":{"@id":"https:\/\/nordnesrepublikken.no\/index.php\/2025\/11\/20\/tid-og-kommuner-der-arbeidsulykkesalarmen-vil-lyde\/#breadcrumb"},"inLanguage":"nb-NO","potentialAction":[{"@type":"ReadAction","target":["https:\/\/nordnesrepublikken.no\/index.php\/2025\/11\/20\/tid-og-kommuner-der-arbeidsulykkesalarmen-vil-lyde\/"]}]},{"@type":"ImageObject","inLanguage":"nb-NO","@id":"https:\/\/nordnesrepublikken.no\/index.php\/2025\/11\/20\/tid-og-kommuner-der-arbeidsulykkesalarmen-vil-lyde\/#primaryimage","url":"https:\/\/nordnesrepublikken.no\/wp-content\/uploads\/2025\/11\/1763607067_tid-og-kommuner-der-arbeidsulykkesalarmen-vil-lyde.jpg","contentUrl":"https:\/\/nordnesrepublikken.no\/wp-content\/uploads\/2025\/11\/1763607067_tid-og-kommuner-der-arbeidsulykkesalarmen-vil-lyde.jpg","width":1344,"height":768,"caption":"tid og kommuner der arbeidsulykkesalarmen vil lyde"},{"@type":"BreadcrumbList","@id":"https:\/\/nordnesrepublikken.no\/index.php\/2025\/11\/20\/tid-og-kommuner-der-arbeidsulykkesalarmen-vil-lyde\/#breadcrumb","itemListElement":[{"@type":"ListItem","position":1,"name":"Home","item":"https:\/\/nordnesrepublikken.no\/"},{"@type":"ListItem","position":2,"name":"tid og kommuner der arbeidsulykkesalarmen vil lyde"}]},{"@type":"WebSite","@id":"https:\/\/nordnesrepublikken.no\/#website","url":"https:\/\/nordnesrepublikken.no\/","name":"Nordnesrepublikken","description":"Stemmer og Visjoner fra Republikkens Hjerte","publisher":{"@id":"https:\/\/nordnesrepublikken.no\/#organization"},"potentialAction":[{"@type":"SearchAction","target":{"@type":"EntryPoint","urlTemplate":"https:\/\/nordnesrepublikken.no\/?s={search_term_string}"},"query-input":{"@type":"PropertyValueSpecification","valueRequired":true,"valueName":"search_term_string"}}],"inLanguage":"nb-NO"},{"@type":"Organization","@id":"https:\/\/nordnesrepublikken.no\/#organization","name":"Nordnesrepublikken","url":"https:\/\/nordnesrepublikken.no\/","logo":{"@type":"ImageObject","inLanguage":"nb-NO","@id":"https:\/\/nordnesrepublikken.no\/#\/schema\/logo\/image\/","url":"https:\/\/nordnesrepublikken.no\/wp-content\/uploads\/2025\/02\/cropped-nordnesrepublikken-2.png","contentUrl":"https:\/\/nordnesrepublikken.no\/wp-content\/uploads\/2025\/02\/cropped-nordnesrepublikken-2.png","width":1248,"height":362,"caption":"Nordnesrepublikken"},"image":{"@id":"https:\/\/nordnesrepublikken.no\/#\/schema\/logo\/image\/"}},{"@type":"Person","@id":"https:\/\/nordnesrepublikken.no\/#\/schema\/person\/2e7e81935bab77882fffb79296240ff1","name":"Ole Andersen","image":{"@type":"ImageObject","inLanguage":"nb-NO","@id":"https:\/\/nordnesrepublikken.no\/#\/schema\/person\/image\/","url":"https:\/\/nordnesrepublikken.no\/wp-content\/uploads\/2025\/02\/nordnesrepublikken-2-2-150x150.jpg","contentUrl":"https:\/\/nordnesrepublikken.no\/wp-content\/uploads\/2025\/02\/nordnesrepublikken-2-2-150x150.jpg","caption":"Ole Andersen"},"description":"Ettersom jeg vokste opp i Oslo, har jeg alltid v\u00e6rt fascinert av ordenes kraft og deres evne til \u00e5 skape endringer. Etter \u00e5 ha fullf\u00f8rt min utdannelse i kommunikasjon ved Universitetet i Bergen, fikk jeg muligheten til \u00e5 jobbe innen ulike medier, der jeg har s\u00f8kt \u00e5 belyse viktige samfunnssp\u00f8rsm\u00e5l. I dag, som redakt\u00f8r for Nordnesrepublikken, pr\u00f8ver jeg \u00e5 forene min kj\u00e6rlighet for journalistikk med min lidenskap for innovasjon og eventyr.","sameAs":["https:\/\/nordnesrepublikken.no\/"]}]}},"_links":{"self":[{"href":"https:\/\/nordnesrepublikken.no\/index.php\/wp-json\/wp\/v2\/posts\/11904","targetHints":{"allow":["GET"]}}],"collection":[{"href":"https:\/\/nordnesrepublikken.no\/index.php\/wp-json\/wp\/v2\/posts"}],"about":[{"href":"https:\/\/nordnesrepublikken.no\/index.php\/wp-json\/wp\/v2\/types\/post"}],"author":[{"embeddable":true,"href":"https:\/\/nordnesrepublikken.no\/index.php\/wp-json\/wp\/v2\/users\/1"}],"replies":[{"embeddable":true,"href":"https:\/\/nordnesrepublikken.no\/index.php\/wp-json\/wp\/v2\/comments?post=11904"}],"version-history":[{"count":1,"href":"https:\/\/nordnesrepublikken.no\/index.php\/wp-json\/wp\/v2\/posts\/11904\/revisions"}],"predecessor-version":[{"id":11906,"href":"https:\/\/nordnesrepublikken.no\/index.php\/wp-json\/wp\/v2\/posts\/11904\/revisions\/11906"}],"wp:featuredmedia":[{"embeddable":true,"href":"https:\/\/nordnesrepublikken.no\/index.php\/wp-json\/wp\/v2\/media\/11905"}],"wp:attachment":[{"href":"https:\/\/nordnesrepublikken.no\/index.php\/wp-json\/wp\/v2\/media?parent=11904"}],"wp:term":[{"taxonomy":"category","embeddable":true,"href":"https:\/\/nordnesrepublikken.no\/index.php\/wp-json\/wp\/v2\/categories?post=11904"},{"taxonomy":"post_tag","embeddable":true,"href":"https:\/\/nordnesrepublikken.no\/index.php\/wp-json\/wp\/v2\/tags?post=11904"}],"curies":[{"name":"wp","href":"https:\/\/api.w.org\/{rel}","templated":true}]}}