{"id":11895,"date":"2025-11-19T20:50:24","date_gmt":"2025-11-19T19:50:24","guid":{"rendered":"https:\/\/nordnesrepublikken.no\/index.php\/2025\/11\/19\/hva-kan-vi-laere-av-mediesaken-om-den-interstellare-kometen\/"},"modified":"2025-11-19T20:50:25","modified_gmt":"2025-11-19T19:50:25","slug":"hva-kan-vi-laere-av-mediesaken-om-den-interstellare-kometen","status":"publish","type":"post","link":"https:\/\/nordnesrepublikken.no\/index.php\/2025\/11\/19\/hva-kan-vi-laere-av-mediesaken-om-den-interstellare-kometen\/","title":{"rendered":"hva kan vi l\u00e6re av mediesaken om den interstellare kometen"},"content":{"rendered":"<div>\n<div class=\"cp_wrapper cp_wrapper--fw mb-30 mb-20@tablet\">\n<figure class=\"mm\"><picture class=\"img\" style=\"padding-top:56.25%\"><source  media=\"(min-width: 1024px)\"><source  media=\"(min-width: 768px)\"><\/source><\/source><\/picture><\/figure>\n<\/p><\/div>\n<p>Der <strong>interstellar komet 3I\/ATLAS<\/strong> havnet i sentrum av en ekte mediesak om dens p\u00e5st\u00e5tte kunstige opprinnelse, hypoteser og foresl\u00e5tt flere ganger av astrofysikeren <strong>Avi Loeb<\/strong> fra Harvard University siden oppdagelsen i juli. Denne hypotesen stammer fra <strong>mange anomalier<\/strong> presentert av dette uvanlige interstellare objektet, det tredje som vi observerer passerer v\u00e5rt solsystem. Men dessverre <strong>det er ingen overbevisende bevis som st\u00f8tter denne hypotesen<\/strong>fortellingen om utenomjordisk teknologi <strong>har tatt total kontroll over det offentlige ordskiftet<\/strong> rundt denne kometen som ble oppdaget 1. juli i fjor, skaper forst\u00e5elige bekymringer blant befolkningen og tilsl\u00f8rer fullstendig vitenskapelig interesse for dette himmellegemet. NASA har erkl\u00e6rt at det er en komet og med en<strong> pressekonferanse<\/strong> planlagt i dag kl. 21.00 italiensk tid, vil begynne \u00e5 gi ut nye bilder samlet inn i de foreg\u00e5ende m\u00e5nedene.<\/p>\n<h2>Hvordan en &laquo;mediesak&raquo; ble opprettet rundt kometen 3I\/ATLAS: rollen til Avi Loeb og media<\/h2>\n<p><span style=\"font-size: 16px\">Loeb har aldri eksplisitt uttalt at 3I\/ATLAS er et fremmed romfart\u00f8y, og han fremstilte heller ikke dette scenariet som sannsynlig. Tross alt er det en <strong>vitenskapsmann av stort kaliber<\/strong>med en prestisjefylt l\u00e6replan. Men en stor vitenskapsmann har mer enn andre ansvar selv n\u00e5r han offentlig foresl\u00e5r visse uttalelser, fordi han blir tatt p\u00e5 alvor. Det er den s\u00e5kalte <strong>&laquo;autoritetsskjevhet&raquo;<\/strong>: en autoritet sier det, s\u00e5 jeg tror det. Noe som gir mening, men vi m\u00e5 alltid huske ordene til Carl Sagan, kanskje den st\u00f8rste popularisatoren gjennom tidene: &laquo;ekstraordin\u00e6re p\u00e5stander krever ekstraordin\u00e6re bevis.&raquo; Her er det rett og slett ingen ekstraordin\u00e6re bevis. <\/span><\/p>\n<p>Hypotesen om det mulige fremmede romfart\u00f8yet, selv om det er av begrenset interesse fra et vitenskapelig synspunkt, har likevel en <strong>stor attraksjon for jeg<\/strong> <strong>gjennomsnittlig<\/strong>fordi de gj\u00f8r 3I\/ATLAS mye mer nyhetsverdig.<\/p>\n<p>Den eneste autoriteten som er i stand til \u00e5 motarbeide denne fortellingen og rapportere den p\u00e5 et vitenskapelig niv\u00e5, er <strong>NASA<\/strong>men nedstengningen som begynte i oktober i USA reduserte romfartsorganisasjonens aktiviteter til et minimum, noe som ikke friga bilder av kometen eller uttalelser p\u00e5 halvannen m\u00e5ned. Mange har tatt dette som <strong>mistenksom<\/strong>som om det var noen <strong>hemmelighet \u00e5 skjule<\/strong>selv om det rett og slett var &laquo;feilen&raquo; ved nedleggelsen. N\u00e5 som nedleggelsen er over, har NASA begynt \u00e5 komme med uttalelser om at 3I\/ATLAS er en komet for \u00e5 roe ting ned litt, og begynner \u00e5 frigi bilder samlet under nedleggelsen.<\/p>\n<h2>Hvordan vitenskapen tar opp disse sp\u00f8rsm\u00e5lene: &laquo;Flying Teapot&raquo;-konseptet<\/h2>\n<p>S\u00e5 er 3I\/ATLAS et fremmed romfart\u00f8y eller ikke? Det \u00e6rligste svaret er det <strong>det er ikke f\u00f8r det motsatte er bevist<\/strong>. Vanlig oppfatning tilsier at hvis en hypotese ikke kan utelukkes, er det riktig \u00e5 v\u00e6re fordomsfri og aktivt studere denne muligheten. Denne ideen gir perfekt mening, men det er nyanser. Vitenskapen behandler disse tingene med en veldig spesifikk tiln\u00e6rming, og for \u00e5 forklare det er det filosofiske konseptet med den s\u00e5kalte nyttig <strong>&laquo;flygende tekanne&raquo;<\/strong>eller &laquo;Russells tekanne&raquo;<\/p>\n<p>Den britiske filosofen <strong>Bertrand Russell<\/strong> han skrev i 1952:<\/p>\n<blockquote>\n<p>Hvis jeg argumenterte for at det mellom Jorden og Mars var en porselenstekanne som roterte rundt Solen i en elliptisk bane, kunne ingen motsi hypotesen min s\u00e5 lenge jeg var forsiktig med \u00e5 legge til at tekannen er for liten til \u00e5 bli oppdaget selv av de kraftigste av v\u00e5re teleskoper. Men hvis jeg, ettersom p\u00e5standen min ikke kan motbevises, skulle hevde at det \u00e5 tvile p\u00e5 det er en ut\u00e5lelig antagelse fra menneskelig fornufts side, ville jeg med rette bli antatt \u00e5 snakke tull.<\/p>\n<\/blockquote>\n<p>Her forteller Russell oss at vi ikke aktivt trenger \u00e5 utforske hypoteser bare fordi de ikke kan utelukkes. La oss utforske hypoteser n\u00e5r de har <strong>st\u00f8ttende bevis<\/strong>. Her har vi en veldig sterk hypotese, men ingen sterke bevis. Kort sagt, det romvesenet som Avi Loeb snakker om er p\u00e5 alle m\u00e5ter en flygende tekanne: <strong>noe som bare eksisterer i den grad det ikke kan nektes<\/strong>. Ergo, det er greit \u00e5 lete etter det, men forskere er ikke p\u00e5lagt \u00e5 gj\u00f8re det.<\/p>\n<\/p><\/div>\n","protected":false},"excerpt":{"rendered":"<p>Der interstellar komet 3I\/ATLAS havnet i sentrum av en ekte mediesak om dens p\u00e5st\u00e5tte kunstige<\/p>\n","protected":false},"author":1,"featured_media":11896,"comment_status":"closed","ping_status":"open","sticky":false,"template":"","format":"standard","meta":{"footnotes":""},"categories":[104],"tags":[74,144,7816,339,7817,4096,7815],"class_list":["post-11895","post","type-post","status-publish","format-standard","has-post-thumbnail","hentry","category-samfunn","tag-den","tag-hva","tag-interstellare","tag-kan","tag-kometen","tag-laere","tag-mediesaken","generate-columns","tablet-grid-50","mobile-grid-100","grid-parent","grid-33","resize-featured-image"],"yoast_head":"<!-- This site is optimized with the Yoast SEO plugin v24.4 - https:\/\/yoast.com\/wordpress\/plugins\/seo\/ -->\n<title>hva kan vi l\u00e6re av mediesaken om den interstellare kometen - Nordnesrepublikken<\/title>\n<meta name=\"robots\" content=\"index, follow, max-snippet:-1, max-image-preview:large, max-video-preview:-1\" \/>\n<link rel=\"canonical\" href=\"https:\/\/nordnesrepublikken.no\/index.php\/2025\/11\/19\/hva-kan-vi-laere-av-mediesaken-om-den-interstellare-kometen\/\" \/>\n<meta property=\"og:locale\" content=\"nb_NO\" \/>\n<meta property=\"og:type\" content=\"article\" \/>\n<meta property=\"og:title\" content=\"hva kan vi l\u00e6re av mediesaken om den interstellare kometen - Nordnesrepublikken\" \/>\n<meta property=\"og:description\" content=\"Der interstellar komet 3I\/ATLAS havnet i sentrum av en ekte mediesak om dens p\u00e5st\u00e5tte kunstige\" \/>\n<meta property=\"og:url\" content=\"https:\/\/nordnesrepublikken.no\/index.php\/2025\/11\/19\/hva-kan-vi-laere-av-mediesaken-om-den-interstellare-kometen\/\" \/>\n<meta property=\"og:site_name\" content=\"Nordnesrepublikken\" \/>\n<meta property=\"article:published_time\" content=\"2025-11-19T19:50:24+00:00\" \/>\n<meta property=\"article:modified_time\" content=\"2025-11-19T19:50:25+00:00\" \/>\n<meta property=\"og:image\" content=\"https:\/\/nordnesrepublikken.no\/wp-content\/uploads\/2025\/11\/1763581825_hva-kan-vi-laere-av-mediesaken-om-den-interstellare-kometen.jpg\" \/>\n\t<meta property=\"og:image:width\" content=\"1280\" \/>\n\t<meta property=\"og:image:height\" content=\"720\" \/>\n\t<meta property=\"og:image:type\" content=\"image\/jpeg\" \/>\n<meta name=\"author\" content=\"Ole Andersen\" \/>\n<meta name=\"twitter:card\" content=\"summary_large_image\" \/>\n<meta name=\"twitter:label1\" content=\"Skrevet av\" \/>\n\t<meta name=\"twitter:data1\" content=\"Ole Andersen\" \/>\n\t<meta name=\"twitter:label2\" content=\"Ansl. lesetid\" \/>\n\t<meta name=\"twitter:data2\" content=\"3 minutter\" \/>\n<script type=\"application\/ld+json\" class=\"yoast-schema-graph\">{\"@context\":\"https:\/\/schema.org\",\"@graph\":[{\"@type\":\"Article\",\"@id\":\"https:\/\/nordnesrepublikken.no\/index.php\/2025\/11\/19\/hva-kan-vi-laere-av-mediesaken-om-den-interstellare-kometen\/#article\",\"isPartOf\":{\"@id\":\"https:\/\/nordnesrepublikken.no\/index.php\/2025\/11\/19\/hva-kan-vi-laere-av-mediesaken-om-den-interstellare-kometen\/\"},\"author\":{\"name\":\"Ole Andersen\",\"@id\":\"https:\/\/nordnesrepublikken.no\/#\/schema\/person\/2e7e81935bab77882fffb79296240ff1\"},\"headline\":\"hva kan vi l\u00e6re av mediesaken om den interstellare kometen\",\"datePublished\":\"2025-11-19T19:50:24+00:00\",\"dateModified\":\"2025-11-19T19:50:25+00:00\",\"mainEntityOfPage\":{\"@id\":\"https:\/\/nordnesrepublikken.no\/index.php\/2025\/11\/19\/hva-kan-vi-laere-av-mediesaken-om-den-interstellare-kometen\/\"},\"wordCount\":673,\"publisher\":{\"@id\":\"https:\/\/nordnesrepublikken.no\/#organization\"},\"image\":{\"@id\":\"https:\/\/nordnesrepublikken.no\/index.php\/2025\/11\/19\/hva-kan-vi-laere-av-mediesaken-om-den-interstellare-kometen\/#primaryimage\"},\"thumbnailUrl\":\"https:\/\/nordnesrepublikken.no\/wp-content\/uploads\/2025\/11\/1763581825_hva-kan-vi-laere-av-mediesaken-om-den-interstellare-kometen.jpg\",\"keywords\":[\"den\",\"Hva\",\"interstellare\",\"kan\",\"kometen\",\"l\u00e6re\",\"mediesaken\"],\"articleSection\":[\"Samfunn\"],\"inLanguage\":\"nb-NO\"},{\"@type\":\"WebPage\",\"@id\":\"https:\/\/nordnesrepublikken.no\/index.php\/2025\/11\/19\/hva-kan-vi-laere-av-mediesaken-om-den-interstellare-kometen\/\",\"url\":\"https:\/\/nordnesrepublikken.no\/index.php\/2025\/11\/19\/hva-kan-vi-laere-av-mediesaken-om-den-interstellare-kometen\/\",\"name\":\"hva kan vi l\u00e6re av mediesaken om den interstellare kometen - Nordnesrepublikken\",\"isPartOf\":{\"@id\":\"https:\/\/nordnesrepublikken.no\/#website\"},\"primaryImageOfPage\":{\"@id\":\"https:\/\/nordnesrepublikken.no\/index.php\/2025\/11\/19\/hva-kan-vi-laere-av-mediesaken-om-den-interstellare-kometen\/#primaryimage\"},\"image\":{\"@id\":\"https:\/\/nordnesrepublikken.no\/index.php\/2025\/11\/19\/hva-kan-vi-laere-av-mediesaken-om-den-interstellare-kometen\/#primaryimage\"},\"thumbnailUrl\":\"https:\/\/nordnesrepublikken.no\/wp-content\/uploads\/2025\/11\/1763581825_hva-kan-vi-laere-av-mediesaken-om-den-interstellare-kometen.jpg\",\"datePublished\":\"2025-11-19T19:50:24+00:00\",\"dateModified\":\"2025-11-19T19:50:25+00:00\",\"breadcrumb\":{\"@id\":\"https:\/\/nordnesrepublikken.no\/index.php\/2025\/11\/19\/hva-kan-vi-laere-av-mediesaken-om-den-interstellare-kometen\/#breadcrumb\"},\"inLanguage\":\"nb-NO\",\"potentialAction\":[{\"@type\":\"ReadAction\",\"target\":[\"https:\/\/nordnesrepublikken.no\/index.php\/2025\/11\/19\/hva-kan-vi-laere-av-mediesaken-om-den-interstellare-kometen\/\"]}]},{\"@type\":\"ImageObject\",\"inLanguage\":\"nb-NO\",\"@id\":\"https:\/\/nordnesrepublikken.no\/index.php\/2025\/11\/19\/hva-kan-vi-laere-av-mediesaken-om-den-interstellare-kometen\/#primaryimage\",\"url\":\"https:\/\/nordnesrepublikken.no\/wp-content\/uploads\/2025\/11\/1763581825_hva-kan-vi-laere-av-mediesaken-om-den-interstellare-kometen.jpg\",\"contentUrl\":\"https:\/\/nordnesrepublikken.no\/wp-content\/uploads\/2025\/11\/1763581825_hva-kan-vi-laere-av-mediesaken-om-den-interstellare-kometen.jpg\",\"width\":1280,\"height\":720,\"caption\":\"hva kan vi l\u00e6re av mediesaken om den interstellare kometen\"},{\"@type\":\"BreadcrumbList\",\"@id\":\"https:\/\/nordnesrepublikken.no\/index.php\/2025\/11\/19\/hva-kan-vi-laere-av-mediesaken-om-den-interstellare-kometen\/#breadcrumb\",\"itemListElement\":[{\"@type\":\"ListItem\",\"position\":1,\"name\":\"Home\",\"item\":\"https:\/\/nordnesrepublikken.no\/\"},{\"@type\":\"ListItem\",\"position\":2,\"name\":\"hva kan vi l\u00e6re av mediesaken om den interstellare kometen\"}]},{\"@type\":\"WebSite\",\"@id\":\"https:\/\/nordnesrepublikken.no\/#website\",\"url\":\"https:\/\/nordnesrepublikken.no\/\",\"name\":\"Nordnesrepublikken\",\"description\":\"Stemmer og Visjoner fra Republikkens Hjerte\",\"publisher\":{\"@id\":\"https:\/\/nordnesrepublikken.no\/#organization\"},\"potentialAction\":[{\"@type\":\"SearchAction\",\"target\":{\"@type\":\"EntryPoint\",\"urlTemplate\":\"https:\/\/nordnesrepublikken.no\/?s={search_term_string}\"},\"query-input\":{\"@type\":\"PropertyValueSpecification\",\"valueRequired\":true,\"valueName\":\"search_term_string\"}}],\"inLanguage\":\"nb-NO\"},{\"@type\":\"Organization\",\"@id\":\"https:\/\/nordnesrepublikken.no\/#organization\",\"name\":\"Nordnesrepublikken\",\"url\":\"https:\/\/nordnesrepublikken.no\/\",\"logo\":{\"@type\":\"ImageObject\",\"inLanguage\":\"nb-NO\",\"@id\":\"https:\/\/nordnesrepublikken.no\/#\/schema\/logo\/image\/\",\"url\":\"https:\/\/nordnesrepublikken.no\/wp-content\/uploads\/2025\/02\/cropped-nordnesrepublikken-2.png\",\"contentUrl\":\"https:\/\/nordnesrepublikken.no\/wp-content\/uploads\/2025\/02\/cropped-nordnesrepublikken-2.png\",\"width\":1248,\"height\":362,\"caption\":\"Nordnesrepublikken\"},\"image\":{\"@id\":\"https:\/\/nordnesrepublikken.no\/#\/schema\/logo\/image\/\"}},{\"@type\":\"Person\",\"@id\":\"https:\/\/nordnesrepublikken.no\/#\/schema\/person\/2e7e81935bab77882fffb79296240ff1\",\"name\":\"Ole Andersen\",\"image\":{\"@type\":\"ImageObject\",\"inLanguage\":\"nb-NO\",\"@id\":\"https:\/\/nordnesrepublikken.no\/#\/schema\/person\/image\/\",\"url\":\"https:\/\/nordnesrepublikken.no\/wp-content\/uploads\/2025\/02\/nordnesrepublikken-2-2-150x150.jpg\",\"contentUrl\":\"https:\/\/nordnesrepublikken.no\/wp-content\/uploads\/2025\/02\/nordnesrepublikken-2-2-150x150.jpg\",\"caption\":\"Ole Andersen\"},\"description\":\"Ettersom jeg vokste opp i Oslo, har jeg alltid v\u00e6rt fascinert av ordenes kraft og deres evne til \u00e5 skape endringer. Etter \u00e5 ha fullf\u00f8rt min utdannelse i kommunikasjon ved Universitetet i Bergen, fikk jeg muligheten til \u00e5 jobbe innen ulike medier, der jeg har s\u00f8kt \u00e5 belyse viktige samfunnssp\u00f8rsm\u00e5l. I dag, som redakt\u00f8r for Nordnesrepublikken, pr\u00f8ver jeg \u00e5 forene min kj\u00e6rlighet for journalistikk med min lidenskap for innovasjon og eventyr.\",\"sameAs\":[\"https:\/\/nordnesrepublikken.no\/\"]}]}<\/script>\n<!-- \/ Yoast SEO plugin. -->","yoast_head_json":{"title":"hva kan vi l\u00e6re av mediesaken om den interstellare kometen - Nordnesrepublikken","robots":{"index":"index","follow":"follow","max-snippet":"max-snippet:-1","max-image-preview":"max-image-preview:large","max-video-preview":"max-video-preview:-1"},"canonical":"https:\/\/nordnesrepublikken.no\/index.php\/2025\/11\/19\/hva-kan-vi-laere-av-mediesaken-om-den-interstellare-kometen\/","og_locale":"nb_NO","og_type":"article","og_title":"hva kan vi l\u00e6re av mediesaken om den interstellare kometen - Nordnesrepublikken","og_description":"Der interstellar komet 3I\/ATLAS havnet i sentrum av en ekte mediesak om dens p\u00e5st\u00e5tte kunstige","og_url":"https:\/\/nordnesrepublikken.no\/index.php\/2025\/11\/19\/hva-kan-vi-laere-av-mediesaken-om-den-interstellare-kometen\/","og_site_name":"Nordnesrepublikken","article_published_time":"2025-11-19T19:50:24+00:00","article_modified_time":"2025-11-19T19:50:25+00:00","og_image":[{"width":1280,"height":720,"url":"https:\/\/nordnesrepublikken.no\/wp-content\/uploads\/2025\/11\/1763581825_hva-kan-vi-laere-av-mediesaken-om-den-interstellare-kometen.jpg","type":"image\/jpeg"}],"author":"Ole Andersen","twitter_card":"summary_large_image","twitter_misc":{"Skrevet av":"Ole Andersen","Ansl. lesetid":"3 minutter"},"schema":{"@context":"https:\/\/schema.org","@graph":[{"@type":"Article","@id":"https:\/\/nordnesrepublikken.no\/index.php\/2025\/11\/19\/hva-kan-vi-laere-av-mediesaken-om-den-interstellare-kometen\/#article","isPartOf":{"@id":"https:\/\/nordnesrepublikken.no\/index.php\/2025\/11\/19\/hva-kan-vi-laere-av-mediesaken-om-den-interstellare-kometen\/"},"author":{"name":"Ole Andersen","@id":"https:\/\/nordnesrepublikken.no\/#\/schema\/person\/2e7e81935bab77882fffb79296240ff1"},"headline":"hva kan vi l\u00e6re av mediesaken om den interstellare kometen","datePublished":"2025-11-19T19:50:24+00:00","dateModified":"2025-11-19T19:50:25+00:00","mainEntityOfPage":{"@id":"https:\/\/nordnesrepublikken.no\/index.php\/2025\/11\/19\/hva-kan-vi-laere-av-mediesaken-om-den-interstellare-kometen\/"},"wordCount":673,"publisher":{"@id":"https:\/\/nordnesrepublikken.no\/#organization"},"image":{"@id":"https:\/\/nordnesrepublikken.no\/index.php\/2025\/11\/19\/hva-kan-vi-laere-av-mediesaken-om-den-interstellare-kometen\/#primaryimage"},"thumbnailUrl":"https:\/\/nordnesrepublikken.no\/wp-content\/uploads\/2025\/11\/1763581825_hva-kan-vi-laere-av-mediesaken-om-den-interstellare-kometen.jpg","keywords":["den","Hva","interstellare","kan","kometen","l\u00e6re","mediesaken"],"articleSection":["Samfunn"],"inLanguage":"nb-NO"},{"@type":"WebPage","@id":"https:\/\/nordnesrepublikken.no\/index.php\/2025\/11\/19\/hva-kan-vi-laere-av-mediesaken-om-den-interstellare-kometen\/","url":"https:\/\/nordnesrepublikken.no\/index.php\/2025\/11\/19\/hva-kan-vi-laere-av-mediesaken-om-den-interstellare-kometen\/","name":"hva kan vi l\u00e6re av mediesaken om den interstellare kometen - Nordnesrepublikken","isPartOf":{"@id":"https:\/\/nordnesrepublikken.no\/#website"},"primaryImageOfPage":{"@id":"https:\/\/nordnesrepublikken.no\/index.php\/2025\/11\/19\/hva-kan-vi-laere-av-mediesaken-om-den-interstellare-kometen\/#primaryimage"},"image":{"@id":"https:\/\/nordnesrepublikken.no\/index.php\/2025\/11\/19\/hva-kan-vi-laere-av-mediesaken-om-den-interstellare-kometen\/#primaryimage"},"thumbnailUrl":"https:\/\/nordnesrepublikken.no\/wp-content\/uploads\/2025\/11\/1763581825_hva-kan-vi-laere-av-mediesaken-om-den-interstellare-kometen.jpg","datePublished":"2025-11-19T19:50:24+00:00","dateModified":"2025-11-19T19:50:25+00:00","breadcrumb":{"@id":"https:\/\/nordnesrepublikken.no\/index.php\/2025\/11\/19\/hva-kan-vi-laere-av-mediesaken-om-den-interstellare-kometen\/#breadcrumb"},"inLanguage":"nb-NO","potentialAction":[{"@type":"ReadAction","target":["https:\/\/nordnesrepublikken.no\/index.php\/2025\/11\/19\/hva-kan-vi-laere-av-mediesaken-om-den-interstellare-kometen\/"]}]},{"@type":"ImageObject","inLanguage":"nb-NO","@id":"https:\/\/nordnesrepublikken.no\/index.php\/2025\/11\/19\/hva-kan-vi-laere-av-mediesaken-om-den-interstellare-kometen\/#primaryimage","url":"https:\/\/nordnesrepublikken.no\/wp-content\/uploads\/2025\/11\/1763581825_hva-kan-vi-laere-av-mediesaken-om-den-interstellare-kometen.jpg","contentUrl":"https:\/\/nordnesrepublikken.no\/wp-content\/uploads\/2025\/11\/1763581825_hva-kan-vi-laere-av-mediesaken-om-den-interstellare-kometen.jpg","width":1280,"height":720,"caption":"hva kan vi l\u00e6re av mediesaken om den interstellare kometen"},{"@type":"BreadcrumbList","@id":"https:\/\/nordnesrepublikken.no\/index.php\/2025\/11\/19\/hva-kan-vi-laere-av-mediesaken-om-den-interstellare-kometen\/#breadcrumb","itemListElement":[{"@type":"ListItem","position":1,"name":"Home","item":"https:\/\/nordnesrepublikken.no\/"},{"@type":"ListItem","position":2,"name":"hva kan vi l\u00e6re av mediesaken om den interstellare kometen"}]},{"@type":"WebSite","@id":"https:\/\/nordnesrepublikken.no\/#website","url":"https:\/\/nordnesrepublikken.no\/","name":"Nordnesrepublikken","description":"Stemmer og Visjoner fra Republikkens Hjerte","publisher":{"@id":"https:\/\/nordnesrepublikken.no\/#organization"},"potentialAction":[{"@type":"SearchAction","target":{"@type":"EntryPoint","urlTemplate":"https:\/\/nordnesrepublikken.no\/?s={search_term_string}"},"query-input":{"@type":"PropertyValueSpecification","valueRequired":true,"valueName":"search_term_string"}}],"inLanguage":"nb-NO"},{"@type":"Organization","@id":"https:\/\/nordnesrepublikken.no\/#organization","name":"Nordnesrepublikken","url":"https:\/\/nordnesrepublikken.no\/","logo":{"@type":"ImageObject","inLanguage":"nb-NO","@id":"https:\/\/nordnesrepublikken.no\/#\/schema\/logo\/image\/","url":"https:\/\/nordnesrepublikken.no\/wp-content\/uploads\/2025\/02\/cropped-nordnesrepublikken-2.png","contentUrl":"https:\/\/nordnesrepublikken.no\/wp-content\/uploads\/2025\/02\/cropped-nordnesrepublikken-2.png","width":1248,"height":362,"caption":"Nordnesrepublikken"},"image":{"@id":"https:\/\/nordnesrepublikken.no\/#\/schema\/logo\/image\/"}},{"@type":"Person","@id":"https:\/\/nordnesrepublikken.no\/#\/schema\/person\/2e7e81935bab77882fffb79296240ff1","name":"Ole Andersen","image":{"@type":"ImageObject","inLanguage":"nb-NO","@id":"https:\/\/nordnesrepublikken.no\/#\/schema\/person\/image\/","url":"https:\/\/nordnesrepublikken.no\/wp-content\/uploads\/2025\/02\/nordnesrepublikken-2-2-150x150.jpg","contentUrl":"https:\/\/nordnesrepublikken.no\/wp-content\/uploads\/2025\/02\/nordnesrepublikken-2-2-150x150.jpg","caption":"Ole Andersen"},"description":"Ettersom jeg vokste opp i Oslo, har jeg alltid v\u00e6rt fascinert av ordenes kraft og deres evne til \u00e5 skape endringer. Etter \u00e5 ha fullf\u00f8rt min utdannelse i kommunikasjon ved Universitetet i Bergen, fikk jeg muligheten til \u00e5 jobbe innen ulike medier, der jeg har s\u00f8kt \u00e5 belyse viktige samfunnssp\u00f8rsm\u00e5l. I dag, som redakt\u00f8r for Nordnesrepublikken, pr\u00f8ver jeg \u00e5 forene min kj\u00e6rlighet for journalistikk med min lidenskap for innovasjon og eventyr.","sameAs":["https:\/\/nordnesrepublikken.no\/"]}]}},"_links":{"self":[{"href":"https:\/\/nordnesrepublikken.no\/index.php\/wp-json\/wp\/v2\/posts\/11895","targetHints":{"allow":["GET"]}}],"collection":[{"href":"https:\/\/nordnesrepublikken.no\/index.php\/wp-json\/wp\/v2\/posts"}],"about":[{"href":"https:\/\/nordnesrepublikken.no\/index.php\/wp-json\/wp\/v2\/types\/post"}],"author":[{"embeddable":true,"href":"https:\/\/nordnesrepublikken.no\/index.php\/wp-json\/wp\/v2\/users\/1"}],"replies":[{"embeddable":true,"href":"https:\/\/nordnesrepublikken.no\/index.php\/wp-json\/wp\/v2\/comments?post=11895"}],"version-history":[{"count":1,"href":"https:\/\/nordnesrepublikken.no\/index.php\/wp-json\/wp\/v2\/posts\/11895\/revisions"}],"predecessor-version":[{"id":11897,"href":"https:\/\/nordnesrepublikken.no\/index.php\/wp-json\/wp\/v2\/posts\/11895\/revisions\/11897"}],"wp:featuredmedia":[{"embeddable":true,"href":"https:\/\/nordnesrepublikken.no\/index.php\/wp-json\/wp\/v2\/media\/11896"}],"wp:attachment":[{"href":"https:\/\/nordnesrepublikken.no\/index.php\/wp-json\/wp\/v2\/media?parent=11895"}],"wp:term":[{"taxonomy":"category","embeddable":true,"href":"https:\/\/nordnesrepublikken.no\/index.php\/wp-json\/wp\/v2\/categories?post=11895"},{"taxonomy":"post_tag","embeddable":true,"href":"https:\/\/nordnesrepublikken.no\/index.php\/wp-json\/wp\/v2\/tags?post=11895"}],"curies":[{"name":"wp","href":"https:\/\/api.w.org\/{rel}","templated":true}]}}