{"id":11874,"date":"2025-11-19T06:51:10","date_gmt":"2025-11-19T05:51:10","guid":{"rendered":"https:\/\/nordnesrepublikken.no\/index.php\/2025\/11\/19\/hva-istat-dataene-sier\/"},"modified":"2025-11-19T06:51:21","modified_gmt":"2025-11-19T05:51:21","slug":"hva-istat-dataene-sier","status":"publish","type":"post","link":"https:\/\/nordnesrepublikken.no\/index.php\/2025\/11\/19\/hva-istat-dataene-sier\/","title":{"rendered":"hva ISTAT-dataene sier"},"content":{"rendered":"<div>\n<div class=\"cp_wrapper cp_wrapper--fw mb-30 mb-20@tablet\">\n<figure class=\"mm\"><picture class=\"img\" style=\"padding-top:56.25%\"><source  media=\"(min-width: 1024px)\"><source  media=\"(min-width: 768px)\"><\/source><\/source><\/picture><\/figure>\n<\/p><\/div>\n<p>I Italia <strong>interessen for politikk er synkende<\/strong>: i dag f\u00e5r mindre enn halvparten av befolkningen informasjon minst en gang i uken. I f\u00f8lge den siste ISTAT-rapporten snakker nesten en tredjedel av befolkningen aldri om politikk, ikke engang i baren eller i familien: vi snakker om over 18 millioner mennesker, flere kvinner enn menn, som ignorerer temaet. <strong>Den minst interesserte? De unge.<\/strong> Bare 16,3 % av barn mellom 14 og 17 \u00e5r finner ut om politikk minst en gang i uken, og litt over en tredjedel av de mellom 18 og 24 \u00e5r.<\/p>\n<h2>Hvordan har deltakelsen i politikken endret seg?<\/h2>\n<p>For 20 \u00e5r siden informerte to av tre italienere seg regelmessig om politikk. I dag <strong>litt over halvparten<\/strong> det gj\u00f8r det, med et fall p\u00e5 mer enn 12 prosentpoeng for menn og 5 for kvinner. Det betyr at kj\u00f8nnsforskjellen har blitt mindre, men ikke fordi kvinner har flyttet n\u00e6rmere, men fordi menn ogs\u00e5 flytter bort. \u00c5rsakene er imidlertid vanlige: av de over 15 millioner innbyggerne p\u00e5 14 \u00e5r og over som aldri finner ut av det, nesten <strong>to tredjedeler erkl\u00e6rer uinteresse<\/strong>og mer enn en femtedel mistillit til politikk.<\/p>\n<div class=\"cp_wrapper cp_wrapper--fw mb-50\">\n<figure class=\"mm\"><picture class=\"img\" style=\"padding-top:35.410764872521%\"><source  media=\"(min-width: 1024px)\"><source  media=\"(min-width: 768px)\"><img decoding=\"async\" loading=\"lazy\" src=\"https:\/\/nordnesrepublikken.no\/wp-content\/uploads\/2025\/11\/1763531468_933_hva-ISTAT-dataene-sier.jpg\" alt=\"Bilde\" width=\"1765\" height=\"625\"\/><\/source><\/source><\/picture><\/figure>\n<\/p><\/div>\n<p>Denne trenden er i tr\u00e5d med den som ble registrert i <strong>valgdeltakelse<\/strong>. I 2022, ved senatvalget, stemte 65,7 % av mennene og 62,2 % av kvinnene, med et fall p\u00e5 over 17 poeng sammenlignet med 2001. Tallet for kvinner var enda lavere <strong>Europavalg 2024: litt over halvparten av italienerne gikk til valgurnene<\/strong>. Tall som forteller om et desillusjonert Italia, hvor tanken om at \u00abingenting endres uansett\u00bb vokser.<\/p>\n<h2>Hvem er mest interessert i politikk?<\/h2>\n<p>Sannsynligheten for <strong>ikke informer deg selv om politikk<\/strong> det er 63% <strong>st\u00f8rre for kvinner<\/strong> sammenlignet med menn. Kj\u00f8nnsforskjellene endrer seg imidlertid med alderen: blant menn har 14-34 \u00e5ringer fem ganger st\u00f8rre sannsynlighet for \u00e5 ikke bli informert enn de over 65, mens blant kvinner er sannsynligheten litt over det dobbelte.<\/p>\n<p>Andre ogs\u00e5 <strong>faktorer<\/strong> de p\u00e5virker. Deltakelse i markedet <strong>Arbeid,<\/strong> h\u00f8y <strong>kvalifikasjon<\/strong>, <strong>italiensk statsborgerskap<\/strong>bor i <strong>Midt-Nord<\/strong> og i en familie som snakker om politikk: alle forhold som \u00f8ker sannsynligheten for \u00e5 bli informert. For eksempel firedobler det \u00e5 ha sluttet p\u00e5 grunnskolen sannsynligheten for ikke \u00e5 bli informert sammenlignet med nyutdannede, b\u00e5de for kvinner og menn.<\/p>\n<p><strong>Jo mer kvalifisert jobben er, jo mer vokser den politiske interessen<\/strong>. Blant ledere, gr\u00fcndere og fagfolk informerer nesten syv av ti seg regelmessig; blant arbeidere, bare \u00e9n av tre. Dette forteller oss at noen arbeidsmilj\u00f8er trolig favoriserer diskusjon mer, mens den sosiale isolasjonen til de som ikke jobber ogs\u00e5 har en tendens til \u00e5 slukke interessen for politikk.<\/p>\n<p>Generell tilfredshet med ens liv spiller ogs\u00e5 en rolle: de som er mindre forn\u00f8yde har en tendens til \u00e5 v\u00e6re mer uinteresserte.<\/p>\n<h2>Hvor f\u00e5r vi informasjon?<\/h2>\n<p>Vurderer tradisjonelle kanaler og de som er tilgjengelige via Internett sammen, <strong>radio<\/strong> og fremfor alt <strong>TV<\/strong> forbli den <strong>hovedmiddel<\/strong> \u00e5 f\u00e5 informasjon.<\/p>\n<p>Deretter f\u00f8lger aviser, enten p\u00e5 papir eller nett, og uformelle kilder (venner, slektninger, bekjente), angitt av over en tredjedel av respondentene. DE <strong>sosiale nettverk<\/strong> de brukes i stedet av <strong>\u00e9n av fem innbyggere<\/strong>.<\/p>\n<div class=\"cp_wrapper cp_wrapper--fw mb-50\">\n<figure class=\"mm\"><picture class=\"img\" style=\"padding-top:35.496840896037%\"><source  media=\"(min-width: 1024px)\"><source  media=\"(min-width: 768px)\"><img decoding=\"async\" loading=\"lazy\" src=\"https:\/\/nordnesrepublikken.no\/wp-content\/uploads\/2025\/11\/1763531470_78_hva-ISTAT-dataene-sier.jpg\" alt=\"Bilde\" width=\"1741\" height=\"618\" class=\"js-seedtag-img\"\/><\/source><\/source><\/picture><\/figure>\n<\/p><\/div>\n<p>Nesten halvparten av Internett-brukerne finner ut om politikk p\u00e5 nettet: over \u00e5tte millioner italienere, nesten fire millioner flere enn i 2014. \u00d8kningen i bruken av nettkanaler har endret ikke bare m\u00e5ten \u00e5 skaffe informasjon p\u00e5, men ogs\u00e5 for \u00e5 delta. I 2024 har mer enn 10 og en halv million innbyggere uttrykt <strong>meninger om sosiale eller politiske sp\u00f8rsm\u00e5l gjennom nettsider eller sosiale medier<\/strong>: \u00e9n person for hver fire nettverksbrukere. Men denne trenden, mens den p\u00e5 den ene siden utvider tilgangen til informasjon, risikerer p\u00e5 den andre \u00e5 skape informasjonsbobler, hvor kun meninger som ligner ens egne blir h\u00f8rt.<\/p>\n<p>Aktiv online deltakelse er imidlertid fortsatt ikke utbredt: bare 11 % av internettbrukerne har deltatt i digitale konsultasjoner eller avstemninger om politiske eller samfunnsmessige sp\u00f8rsm\u00e5l, for eksempel \u00e5 signere en underskriftskampanje eller delta i et byplanleggingsprosjekt.<\/p>\n<\/p><\/div>\n","protected":false},"excerpt":{"rendered":"<p>I Italia interessen for politikk er synkende: i dag f\u00e5r mindre enn halvparten av befolkningen<\/p>\n","protected":false},"author":1,"featured_media":11875,"comment_status":"closed","ping_status":"open","sticky":false,"template":"","format":"standard","meta":{"footnotes":""},"categories":[104],"tags":[144,7803,752],"class_list":["post-11874","post","type-post","status-publish","format-standard","has-post-thumbnail","hentry","category-samfunn","tag-hva","tag-istatdataene","tag-sier","generate-columns","tablet-grid-50","mobile-grid-100","grid-parent","grid-33","resize-featured-image"],"yoast_head":"<!-- This site is optimized with the Yoast SEO plugin v24.4 - https:\/\/yoast.com\/wordpress\/plugins\/seo\/ -->\n<title>hva ISTAT-dataene sier - Nordnesrepublikken<\/title>\n<meta name=\"robots\" content=\"index, follow, max-snippet:-1, max-image-preview:large, max-video-preview:-1\" \/>\n<link rel=\"canonical\" href=\"https:\/\/nordnesrepublikken.no\/index.php\/2025\/11\/19\/hva-istat-dataene-sier\/\" \/>\n<meta property=\"og:locale\" content=\"nb_NO\" \/>\n<meta property=\"og:type\" content=\"article\" \/>\n<meta property=\"og:title\" content=\"hva ISTAT-dataene sier - Nordnesrepublikken\" \/>\n<meta property=\"og:description\" content=\"I Italia interessen for politikk er synkende: i dag f\u00e5r mindre enn halvparten av befolkningen\" \/>\n<meta property=\"og:url\" content=\"https:\/\/nordnesrepublikken.no\/index.php\/2025\/11\/19\/hva-istat-dataene-sier\/\" \/>\n<meta property=\"og:site_name\" content=\"Nordnesrepublikken\" \/>\n<meta property=\"article:published_time\" content=\"2025-11-19T05:51:10+00:00\" \/>\n<meta property=\"article:modified_time\" content=\"2025-11-19T05:51:21+00:00\" \/>\n<meta property=\"og:image\" content=\"https:\/\/nordnesrepublikken.no\/wp-content\/uploads\/2025\/11\/1763531470_hva-ISTAT-dataene-sier-scaled.jpg\" \/>\n\t<meta property=\"og:image:width\" content=\"2560\" \/>\n\t<meta property=\"og:image:height\" content=\"1707\" \/>\n\t<meta property=\"og:image:type\" content=\"image\/jpeg\" \/>\n<meta name=\"author\" content=\"Ole Andersen\" \/>\n<meta name=\"twitter:card\" content=\"summary_large_image\" \/>\n<meta name=\"twitter:label1\" content=\"Skrevet av\" \/>\n\t<meta name=\"twitter:data1\" content=\"Ole Andersen\" \/>\n\t<meta name=\"twitter:label2\" content=\"Ansl. lesetid\" \/>\n\t<meta name=\"twitter:data2\" content=\"3 minutter\" \/>\n<script type=\"application\/ld+json\" class=\"yoast-schema-graph\">{\"@context\":\"https:\/\/schema.org\",\"@graph\":[{\"@type\":\"Article\",\"@id\":\"https:\/\/nordnesrepublikken.no\/index.php\/2025\/11\/19\/hva-istat-dataene-sier\/#article\",\"isPartOf\":{\"@id\":\"https:\/\/nordnesrepublikken.no\/index.php\/2025\/11\/19\/hva-istat-dataene-sier\/\"},\"author\":{\"name\":\"Ole Andersen\",\"@id\":\"https:\/\/nordnesrepublikken.no\/#\/schema\/person\/2e7e81935bab77882fffb79296240ff1\"},\"headline\":\"hva ISTAT-dataene sier\",\"datePublished\":\"2025-11-19T05:51:10+00:00\",\"dateModified\":\"2025-11-19T05:51:21+00:00\",\"mainEntityOfPage\":{\"@id\":\"https:\/\/nordnesrepublikken.no\/index.php\/2025\/11\/19\/hva-istat-dataene-sier\/\"},\"wordCount\":628,\"publisher\":{\"@id\":\"https:\/\/nordnesrepublikken.no\/#organization\"},\"image\":{\"@id\":\"https:\/\/nordnesrepublikken.no\/index.php\/2025\/11\/19\/hva-istat-dataene-sier\/#primaryimage\"},\"thumbnailUrl\":\"https:\/\/nordnesrepublikken.no\/wp-content\/uploads\/2025\/11\/1763531470_hva-ISTAT-dataene-sier-scaled.jpg\",\"keywords\":[\"Hva\",\"ISTATdataene\",\"sier\"],\"articleSection\":[\"Samfunn\"],\"inLanguage\":\"nb-NO\"},{\"@type\":\"WebPage\",\"@id\":\"https:\/\/nordnesrepublikken.no\/index.php\/2025\/11\/19\/hva-istat-dataene-sier\/\",\"url\":\"https:\/\/nordnesrepublikken.no\/index.php\/2025\/11\/19\/hva-istat-dataene-sier\/\",\"name\":\"hva ISTAT-dataene sier - Nordnesrepublikken\",\"isPartOf\":{\"@id\":\"https:\/\/nordnesrepublikken.no\/#website\"},\"primaryImageOfPage\":{\"@id\":\"https:\/\/nordnesrepublikken.no\/index.php\/2025\/11\/19\/hva-istat-dataene-sier\/#primaryimage\"},\"image\":{\"@id\":\"https:\/\/nordnesrepublikken.no\/index.php\/2025\/11\/19\/hva-istat-dataene-sier\/#primaryimage\"},\"thumbnailUrl\":\"https:\/\/nordnesrepublikken.no\/wp-content\/uploads\/2025\/11\/1763531470_hva-ISTAT-dataene-sier-scaled.jpg\",\"datePublished\":\"2025-11-19T05:51:10+00:00\",\"dateModified\":\"2025-11-19T05:51:21+00:00\",\"breadcrumb\":{\"@id\":\"https:\/\/nordnesrepublikken.no\/index.php\/2025\/11\/19\/hva-istat-dataene-sier\/#breadcrumb\"},\"inLanguage\":\"nb-NO\",\"potentialAction\":[{\"@type\":\"ReadAction\",\"target\":[\"https:\/\/nordnesrepublikken.no\/index.php\/2025\/11\/19\/hva-istat-dataene-sier\/\"]}]},{\"@type\":\"ImageObject\",\"inLanguage\":\"nb-NO\",\"@id\":\"https:\/\/nordnesrepublikken.no\/index.php\/2025\/11\/19\/hva-istat-dataene-sier\/#primaryimage\",\"url\":\"https:\/\/nordnesrepublikken.no\/wp-content\/uploads\/2025\/11\/1763531470_hva-ISTAT-dataene-sier-scaled.jpg\",\"contentUrl\":\"https:\/\/nordnesrepublikken.no\/wp-content\/uploads\/2025\/11\/1763531470_hva-ISTAT-dataene-sier-scaled.jpg\",\"width\":2560,\"height\":1707,\"caption\":\"hva ISTAT-dataene sier\"},{\"@type\":\"BreadcrumbList\",\"@id\":\"https:\/\/nordnesrepublikken.no\/index.php\/2025\/11\/19\/hva-istat-dataene-sier\/#breadcrumb\",\"itemListElement\":[{\"@type\":\"ListItem\",\"position\":1,\"name\":\"Home\",\"item\":\"https:\/\/nordnesrepublikken.no\/\"},{\"@type\":\"ListItem\",\"position\":2,\"name\":\"hva ISTAT-dataene sier\"}]},{\"@type\":\"WebSite\",\"@id\":\"https:\/\/nordnesrepublikken.no\/#website\",\"url\":\"https:\/\/nordnesrepublikken.no\/\",\"name\":\"Nordnesrepublikken\",\"description\":\"Stemmer og Visjoner fra Republikkens Hjerte\",\"publisher\":{\"@id\":\"https:\/\/nordnesrepublikken.no\/#organization\"},\"potentialAction\":[{\"@type\":\"SearchAction\",\"target\":{\"@type\":\"EntryPoint\",\"urlTemplate\":\"https:\/\/nordnesrepublikken.no\/?s={search_term_string}\"},\"query-input\":{\"@type\":\"PropertyValueSpecification\",\"valueRequired\":true,\"valueName\":\"search_term_string\"}}],\"inLanguage\":\"nb-NO\"},{\"@type\":\"Organization\",\"@id\":\"https:\/\/nordnesrepublikken.no\/#organization\",\"name\":\"Nordnesrepublikken\",\"url\":\"https:\/\/nordnesrepublikken.no\/\",\"logo\":{\"@type\":\"ImageObject\",\"inLanguage\":\"nb-NO\",\"@id\":\"https:\/\/nordnesrepublikken.no\/#\/schema\/logo\/image\/\",\"url\":\"https:\/\/nordnesrepublikken.no\/wp-content\/uploads\/2025\/02\/cropped-nordnesrepublikken-2.png\",\"contentUrl\":\"https:\/\/nordnesrepublikken.no\/wp-content\/uploads\/2025\/02\/cropped-nordnesrepublikken-2.png\",\"width\":1248,\"height\":362,\"caption\":\"Nordnesrepublikken\"},\"image\":{\"@id\":\"https:\/\/nordnesrepublikken.no\/#\/schema\/logo\/image\/\"}},{\"@type\":\"Person\",\"@id\":\"https:\/\/nordnesrepublikken.no\/#\/schema\/person\/2e7e81935bab77882fffb79296240ff1\",\"name\":\"Ole Andersen\",\"image\":{\"@type\":\"ImageObject\",\"inLanguage\":\"nb-NO\",\"@id\":\"https:\/\/nordnesrepublikken.no\/#\/schema\/person\/image\/\",\"url\":\"https:\/\/nordnesrepublikken.no\/wp-content\/uploads\/2025\/02\/nordnesrepublikken-2-2-150x150.jpg\",\"contentUrl\":\"https:\/\/nordnesrepublikken.no\/wp-content\/uploads\/2025\/02\/nordnesrepublikken-2-2-150x150.jpg\",\"caption\":\"Ole Andersen\"},\"description\":\"Ettersom jeg vokste opp i Oslo, har jeg alltid v\u00e6rt fascinert av ordenes kraft og deres evne til \u00e5 skape endringer. Etter \u00e5 ha fullf\u00f8rt min utdannelse i kommunikasjon ved Universitetet i Bergen, fikk jeg muligheten til \u00e5 jobbe innen ulike medier, der jeg har s\u00f8kt \u00e5 belyse viktige samfunnssp\u00f8rsm\u00e5l. I dag, som redakt\u00f8r for Nordnesrepublikken, pr\u00f8ver jeg \u00e5 forene min kj\u00e6rlighet for journalistikk med min lidenskap for innovasjon og eventyr.\",\"sameAs\":[\"https:\/\/nordnesrepublikken.no\/\"]}]}<\/script>\n<!-- \/ Yoast SEO plugin. -->","yoast_head_json":{"title":"hva ISTAT-dataene sier - Nordnesrepublikken","robots":{"index":"index","follow":"follow","max-snippet":"max-snippet:-1","max-image-preview":"max-image-preview:large","max-video-preview":"max-video-preview:-1"},"canonical":"https:\/\/nordnesrepublikken.no\/index.php\/2025\/11\/19\/hva-istat-dataene-sier\/","og_locale":"nb_NO","og_type":"article","og_title":"hva ISTAT-dataene sier - Nordnesrepublikken","og_description":"I Italia interessen for politikk er synkende: i dag f\u00e5r mindre enn halvparten av befolkningen","og_url":"https:\/\/nordnesrepublikken.no\/index.php\/2025\/11\/19\/hva-istat-dataene-sier\/","og_site_name":"Nordnesrepublikken","article_published_time":"2025-11-19T05:51:10+00:00","article_modified_time":"2025-11-19T05:51:21+00:00","og_image":[{"width":2560,"height":1707,"url":"https:\/\/nordnesrepublikken.no\/wp-content\/uploads\/2025\/11\/1763531470_hva-ISTAT-dataene-sier-scaled.jpg","type":"image\/jpeg"}],"author":"Ole Andersen","twitter_card":"summary_large_image","twitter_misc":{"Skrevet av":"Ole Andersen","Ansl. lesetid":"3 minutter"},"schema":{"@context":"https:\/\/schema.org","@graph":[{"@type":"Article","@id":"https:\/\/nordnesrepublikken.no\/index.php\/2025\/11\/19\/hva-istat-dataene-sier\/#article","isPartOf":{"@id":"https:\/\/nordnesrepublikken.no\/index.php\/2025\/11\/19\/hva-istat-dataene-sier\/"},"author":{"name":"Ole Andersen","@id":"https:\/\/nordnesrepublikken.no\/#\/schema\/person\/2e7e81935bab77882fffb79296240ff1"},"headline":"hva ISTAT-dataene sier","datePublished":"2025-11-19T05:51:10+00:00","dateModified":"2025-11-19T05:51:21+00:00","mainEntityOfPage":{"@id":"https:\/\/nordnesrepublikken.no\/index.php\/2025\/11\/19\/hva-istat-dataene-sier\/"},"wordCount":628,"publisher":{"@id":"https:\/\/nordnesrepublikken.no\/#organization"},"image":{"@id":"https:\/\/nordnesrepublikken.no\/index.php\/2025\/11\/19\/hva-istat-dataene-sier\/#primaryimage"},"thumbnailUrl":"https:\/\/nordnesrepublikken.no\/wp-content\/uploads\/2025\/11\/1763531470_hva-ISTAT-dataene-sier-scaled.jpg","keywords":["Hva","ISTATdataene","sier"],"articleSection":["Samfunn"],"inLanguage":"nb-NO"},{"@type":"WebPage","@id":"https:\/\/nordnesrepublikken.no\/index.php\/2025\/11\/19\/hva-istat-dataene-sier\/","url":"https:\/\/nordnesrepublikken.no\/index.php\/2025\/11\/19\/hva-istat-dataene-sier\/","name":"hva ISTAT-dataene sier - Nordnesrepublikken","isPartOf":{"@id":"https:\/\/nordnesrepublikken.no\/#website"},"primaryImageOfPage":{"@id":"https:\/\/nordnesrepublikken.no\/index.php\/2025\/11\/19\/hva-istat-dataene-sier\/#primaryimage"},"image":{"@id":"https:\/\/nordnesrepublikken.no\/index.php\/2025\/11\/19\/hva-istat-dataene-sier\/#primaryimage"},"thumbnailUrl":"https:\/\/nordnesrepublikken.no\/wp-content\/uploads\/2025\/11\/1763531470_hva-ISTAT-dataene-sier-scaled.jpg","datePublished":"2025-11-19T05:51:10+00:00","dateModified":"2025-11-19T05:51:21+00:00","breadcrumb":{"@id":"https:\/\/nordnesrepublikken.no\/index.php\/2025\/11\/19\/hva-istat-dataene-sier\/#breadcrumb"},"inLanguage":"nb-NO","potentialAction":[{"@type":"ReadAction","target":["https:\/\/nordnesrepublikken.no\/index.php\/2025\/11\/19\/hva-istat-dataene-sier\/"]}]},{"@type":"ImageObject","inLanguage":"nb-NO","@id":"https:\/\/nordnesrepublikken.no\/index.php\/2025\/11\/19\/hva-istat-dataene-sier\/#primaryimage","url":"https:\/\/nordnesrepublikken.no\/wp-content\/uploads\/2025\/11\/1763531470_hva-ISTAT-dataene-sier-scaled.jpg","contentUrl":"https:\/\/nordnesrepublikken.no\/wp-content\/uploads\/2025\/11\/1763531470_hva-ISTAT-dataene-sier-scaled.jpg","width":2560,"height":1707,"caption":"hva ISTAT-dataene sier"},{"@type":"BreadcrumbList","@id":"https:\/\/nordnesrepublikken.no\/index.php\/2025\/11\/19\/hva-istat-dataene-sier\/#breadcrumb","itemListElement":[{"@type":"ListItem","position":1,"name":"Home","item":"https:\/\/nordnesrepublikken.no\/"},{"@type":"ListItem","position":2,"name":"hva ISTAT-dataene sier"}]},{"@type":"WebSite","@id":"https:\/\/nordnesrepublikken.no\/#website","url":"https:\/\/nordnesrepublikken.no\/","name":"Nordnesrepublikken","description":"Stemmer og Visjoner fra Republikkens Hjerte","publisher":{"@id":"https:\/\/nordnesrepublikken.no\/#organization"},"potentialAction":[{"@type":"SearchAction","target":{"@type":"EntryPoint","urlTemplate":"https:\/\/nordnesrepublikken.no\/?s={search_term_string}"},"query-input":{"@type":"PropertyValueSpecification","valueRequired":true,"valueName":"search_term_string"}}],"inLanguage":"nb-NO"},{"@type":"Organization","@id":"https:\/\/nordnesrepublikken.no\/#organization","name":"Nordnesrepublikken","url":"https:\/\/nordnesrepublikken.no\/","logo":{"@type":"ImageObject","inLanguage":"nb-NO","@id":"https:\/\/nordnesrepublikken.no\/#\/schema\/logo\/image\/","url":"https:\/\/nordnesrepublikken.no\/wp-content\/uploads\/2025\/02\/cropped-nordnesrepublikken-2.png","contentUrl":"https:\/\/nordnesrepublikken.no\/wp-content\/uploads\/2025\/02\/cropped-nordnesrepublikken-2.png","width":1248,"height":362,"caption":"Nordnesrepublikken"},"image":{"@id":"https:\/\/nordnesrepublikken.no\/#\/schema\/logo\/image\/"}},{"@type":"Person","@id":"https:\/\/nordnesrepublikken.no\/#\/schema\/person\/2e7e81935bab77882fffb79296240ff1","name":"Ole Andersen","image":{"@type":"ImageObject","inLanguage":"nb-NO","@id":"https:\/\/nordnesrepublikken.no\/#\/schema\/person\/image\/","url":"https:\/\/nordnesrepublikken.no\/wp-content\/uploads\/2025\/02\/nordnesrepublikken-2-2-150x150.jpg","contentUrl":"https:\/\/nordnesrepublikken.no\/wp-content\/uploads\/2025\/02\/nordnesrepublikken-2-2-150x150.jpg","caption":"Ole Andersen"},"description":"Ettersom jeg vokste opp i Oslo, har jeg alltid v\u00e6rt fascinert av ordenes kraft og deres evne til \u00e5 skape endringer. Etter \u00e5 ha fullf\u00f8rt min utdannelse i kommunikasjon ved Universitetet i Bergen, fikk jeg muligheten til \u00e5 jobbe innen ulike medier, der jeg har s\u00f8kt \u00e5 belyse viktige samfunnssp\u00f8rsm\u00e5l. I dag, som redakt\u00f8r for Nordnesrepublikken, pr\u00f8ver jeg \u00e5 forene min kj\u00e6rlighet for journalistikk med min lidenskap for innovasjon og eventyr.","sameAs":["https:\/\/nordnesrepublikken.no\/"]}]}},"_links":{"self":[{"href":"https:\/\/nordnesrepublikken.no\/index.php\/wp-json\/wp\/v2\/posts\/11874","targetHints":{"allow":["GET"]}}],"collection":[{"href":"https:\/\/nordnesrepublikken.no\/index.php\/wp-json\/wp\/v2\/posts"}],"about":[{"href":"https:\/\/nordnesrepublikken.no\/index.php\/wp-json\/wp\/v2\/types\/post"}],"author":[{"embeddable":true,"href":"https:\/\/nordnesrepublikken.no\/index.php\/wp-json\/wp\/v2\/users\/1"}],"replies":[{"embeddable":true,"href":"https:\/\/nordnesrepublikken.no\/index.php\/wp-json\/wp\/v2\/comments?post=11874"}],"version-history":[{"count":1,"href":"https:\/\/nordnesrepublikken.no\/index.php\/wp-json\/wp\/v2\/posts\/11874\/revisions"}],"predecessor-version":[{"id":11876,"href":"https:\/\/nordnesrepublikken.no\/index.php\/wp-json\/wp\/v2\/posts\/11874\/revisions\/11876"}],"wp:featuredmedia":[{"embeddable":true,"href":"https:\/\/nordnesrepublikken.no\/index.php\/wp-json\/wp\/v2\/media\/11875"}],"wp:attachment":[{"href":"https:\/\/nordnesrepublikken.no\/index.php\/wp-json\/wp\/v2\/media?parent=11874"}],"wp:term":[{"taxonomy":"category","embeddable":true,"href":"https:\/\/nordnesrepublikken.no\/index.php\/wp-json\/wp\/v2\/categories?post=11874"},{"taxonomy":"post_tag","embeddable":true,"href":"https:\/\/nordnesrepublikken.no\/index.php\/wp-json\/wp\/v2\/tags?post=11874"}],"curies":[{"name":"wp","href":"https:\/\/api.w.org\/{rel}","templated":true}]}}