{"id":11868,"date":"2025-11-19T02:50:40","date_gmt":"2025-11-19T01:50:40","guid":{"rendered":"https:\/\/nordnesrepublikken.no\/index.php\/2025\/11\/19\/campi-flegrei-bradyseisme-forblir-pa-25-mm-maned-men-seismisiteten-synker-med-88-jordskjelv-ingv-bulletinen\/"},"modified":"2025-11-19T02:50:41","modified_gmt":"2025-11-19T01:50:41","slug":"campi-flegrei-bradyseisme-forblir-pa-25-mm-maned-men-seismisiteten-synker-med-88-jordskjelv-ingv-bulletinen","status":"publish","type":"post","link":"https:\/\/nordnesrepublikken.no\/index.php\/2025\/11\/19\/campi-flegrei-bradyseisme-forblir-pa-25-mm-maned-men-seismisiteten-synker-med-88-jordskjelv-ingv-bulletinen\/","title":{"rendered":"Campi Flegrei, bradyseisme forblir p\u00e5 25 mm\/m\u00e5ned, men seismisiteten synker med 88 jordskjelv: INGV-bulletinen"},"content":{"rendered":"<div>\n<div class=\"cp_wrapper cp_wrapper--fw mb-30 mb-20@tablet\">\n<figure class=\"mm\"><picture class=\"img\" style=\"padding-top:56.25%\"><source  media=\"(min-width: 1024px)\"><source  media=\"(min-width: 768px)\"><\/source><\/source><\/picture><\/figure>\n<\/p><\/div>\n<p>Til <strong>Phlegraean Fields<\/strong> \u00f8kningen i er bekreftet <strong>bradyseisme<\/strong>mens <strong>seismisitet<\/strong>: if\u00f8lge den siste bulletinen fra INGV Vesuvian Observatory, i uken fra 10. til 16. november 2025, <strong>88 jordskjelv<\/strong>med maksimal styrke 2,1 (en klar nedgang sammenlignet med de 165 rystelsene forrige uke) mens fra 10. oktober 2025 er det bekreftet at gjennomsnittshastigheten for markl\u00f8ft, knyttet til bradyseisme, \u00f8ker med 25 \u00b1 3 mm\/m\u00e5ned.<\/p>\n<p>Ser man p\u00e5 de geokjemiske parameterne, bekreftes imidlertid de allerede kjente oppvarmingstrendene til det hydrotermiske systemet, med en gjennomsnittsverdi p\u00e5 <strong>~94\u00b0C<\/strong> til Pisciarelli fumarole. Ved hovedfumarolen til Solfatara-krateret \u00f8ker temperaturen litt, med en gjennomsnittsverdi p\u00e5 <strong>173<\/strong> \u00b0C. I mellomtiden, i morgentimene i dag, 18. november, registrerte seismografene <strong>6 lette jordskjelvskjelv<\/strong>av maksimal st\u00f8rrelse <strong>1.8<\/strong> og dybder mellom 2 og 3 km.<\/p>\n<p>For \u00f8yeblikket har ikke INGV oppdaget elementer som tyder p\u00e5 vesentlig utvikling p\u00e5 kort sikt.<\/p>\n<h2>Seismisk aktivitet avtar i Campi Flegrei: 88 rystelser registrert<\/h2>\n<p>Fra 10. til 16. november 2025 ligger INGV p\u00e5 Campi Flegrei <strong>88 jordskjelv<\/strong>med en styrke mellom 0,0 og 2,1. Av disse sjokkene, <strong>24<\/strong> ble spilt inn i l\u00f8pet av 2 <strong>seismiske svermer<\/strong>:<\/p>\n<ul>\n<li>De <strong>f\u00f8rste sverm<\/strong> startet kl 08:31 den 12\/11\/2025 i Solfatara-omr\u00e5det, med <strong>13 jordskjelv<\/strong> av maksimal styrke 1,4.<\/li>\n<li>De <strong>andre sverm<\/strong> startet kl. 05:43 den 15.11.2025 i Solfatara-Pisciarelli-omr\u00e5det, med<strong> 11 jordskjelv<\/strong> av maksimal styrke 2,1.<\/li>\n<\/ul>\n<p>Som vanlig i Campi Flegrei hadde skjelvingene en <strong>redusert dybde<\/strong>typisk for bradyseismisk seismisitet som er for\u00e5rsaket av at bakken stiger og ikke av aktivering av forkastninger. Spesielt ble hyposentre p\u00e5vist p\u00e5 dybder mellom 0,85 km og 4,95 km.<\/p>\n<div class=\"cp_wrapper cp_wrapper--fw mb-50\">\n<figure class=\"mm\"><picture class=\"img\" style=\"padding-top:72.597864768683%\"><source  media=\"(min-width: 1024px)\"><source  media=\"(min-width: 768px)\"><img decoding=\"async\" loading=\"lazy\" src=\"https:\/\/nordnesrepublikken.no\/wp-content\/uploads\/2025\/11\/1763517040_814_Campi-Flegrei-bradyseisme-forblir-pa-25-mmmaned-men-seismisiteten-synker.jpg\" alt=\"jordskjelv-kart-campi-flegrei\" width=\"1124\" height=\"816\"\/><\/source><\/source><\/picture><\/figure>\n<\/p><\/div>\n<p>Fra et geokjemisk synspunkt bekrefter parametrene de allerede kjente oppvarmings- og trykktrendene til det hydrotermiske systemet. I omr\u00e5det til <strong>Pisciarelli<\/strong>forblir temperaturen til fumarolen p\u00e5 en gjennomsnittlig verdi p\u00e5 <strong>94\u00b0C<\/strong>. I omr\u00e5det ved Solfatara-krateret bekrefter imidlertid hovedfumarolen (BG) sin \u00f8kende trend, med gjennomsnittsverdier p\u00e5 ~<strong>173\u00b0C<\/strong>.<\/p>\n<h2>Bradyseisme og jordheving: dataene<\/h2>\n<p>N\u00e5r det gjelder bradyseisme, har INGV fra og med 10. oktober 2025 registrert en <strong>\u00f8kning i markl\u00f8fthastighet<\/strong>med en gjennomsnittlig m\u00e5nedlig l\u00f8fteverdi som f\u00f8rst n\u00e5dde 20\u00b15 mm\/m\u00e5ned i de foreg\u00e5ende, og deretter satt seg til gjeldende 25\u00b13 mm\/m\u00e5ned.<\/p>\n<p>Denne akselerasjonen markerer derfor en \u00f8kning sammenlignet med de 15 \u00b1 3 mm\/mnd observert fra tidlig april til midten av oktober. Fra <strong>januar 2025<\/strong>er den totale heisen registrert p\u00e5 RITE GNSS-stasjonen (Rione Terra) omtrentlig <strong>19 cm<\/strong>.<\/p>\n<div class=\"cp_wrapper cp_wrapper--fw mb-50\">\n<figure class=\"mm\"><picture class=\"img\" style=\"padding-top:47.798742138365%\"><source  media=\"(min-width: 1024px)\"><source  media=\"(min-width: 768px)\"><img decoding=\"async\" loading=\"lazy\" src=\"https:\/\/nordnesrepublikken.no\/wp-content\/uploads\/2025\/11\/1763517040_771_Campi-Flegrei-bradyseisme-forblir-pa-25-mmmaned-men-seismisiteten-synker.jpg\" alt=\"kart-ingv\" width=\"1272\" height=\"608\" class=\"js-seedtag-img\"\/><\/source><\/source><\/picture><\/figure>\n<\/p><\/div>\n<h2>Den siste bulletinen om Campi Flegrei i sammendrag<\/h2>\n<p>Oppsummert indikerer dataene fra den siste ukentlige bulletinen om overv\u00e5king av Campi Flegrei:<\/p>\n<ul>\n<li><strong>Seismisitet<\/strong>: <strong>88 jordskjelv<\/strong> (Mdmax 2,1), en klar nedgang sammenlignet med 165 (Mdmax 2,5) uken f\u00f8r.<\/li>\n<li><strong>Svermer<\/strong>: to seismiske svermer registrert 12\/11 og 15\/11, for totalt <strong>24 st\u00f8t<\/strong>.<\/li>\n<li><strong>Jordl\u00f8fting<\/strong>: gjennomsnittshastigheten er bekreftet til 25 \u00b1 3 mm\/mnd, opp mot 15 \u00b1 3 mm\/mnd i perioden april-oktober 2025.<\/li>\n<li><strong>Geokjemi<\/strong>: Stabile parametere, med Pisciarelli fumarole ved 94 \u00b0C og Solfatara ved 173 \u00b0C.<\/li>\n<\/ul><\/div>\n","protected":false},"excerpt":{"rendered":"<p>Til Phlegraean Fields \u00f8kningen i er bekreftet bradyseismemens seismisitet: if\u00f8lge den siste bulletinen fra INGV<\/p>\n","protected":false},"author":1,"featured_media":11869,"comment_status":"closed","ping_status":"open","sticky":false,"template":"","format":"standard","meta":{"footnotes":""},"categories":[24],"tags":[7477,432,1222,2090,7138,137,79,355,7479,81,1226,2541],"class_list":["post-11868","post","type-post","status-publish","format-standard","has-post-thumbnail","hentry","category-vitenskap","tag-bradyseisme","tag-campi","tag-flegrei","tag-forblir","tag-ingvbulletinen","tag-jordskjelv","tag-med","tag-men","tag-mmmaned","tag-pa","tag-seismisiteten","tag-synker","generate-columns","tablet-grid-50","mobile-grid-100","grid-parent","grid-33","resize-featured-image"],"yoast_head":"<!-- This site is optimized with the Yoast SEO plugin v24.4 - https:\/\/yoast.com\/wordpress\/plugins\/seo\/ -->\n<title>Campi Flegrei, bradyseisme forblir p\u00e5 25 mm\/m\u00e5ned, men seismisiteten synker med 88 jordskjelv: INGV-bulletinen - Nordnesrepublikken<\/title>\n<meta name=\"robots\" content=\"index, follow, max-snippet:-1, max-image-preview:large, max-video-preview:-1\" \/>\n<link rel=\"canonical\" href=\"https:\/\/nordnesrepublikken.no\/index.php\/2025\/11\/19\/campi-flegrei-bradyseisme-forblir-pa-25-mm-maned-men-seismisiteten-synker-med-88-jordskjelv-ingv-bulletinen\/\" \/>\n<meta property=\"og:locale\" content=\"nb_NO\" \/>\n<meta property=\"og:type\" content=\"article\" \/>\n<meta property=\"og:title\" content=\"Campi Flegrei, bradyseisme forblir p\u00e5 25 mm\/m\u00e5ned, men seismisiteten synker med 88 jordskjelv: INGV-bulletinen - Nordnesrepublikken\" \/>\n<meta property=\"og:description\" content=\"Til Phlegraean Fields \u00f8kningen i er bekreftet bradyseismemens seismisitet: if\u00f8lge den siste bulletinen fra INGV\" \/>\n<meta property=\"og:url\" content=\"https:\/\/nordnesrepublikken.no\/index.php\/2025\/11\/19\/campi-flegrei-bradyseisme-forblir-pa-25-mm-maned-men-seismisiteten-synker-med-88-jordskjelv-ingv-bulletinen\/\" \/>\n<meta property=\"og:site_name\" content=\"Nordnesrepublikken\" \/>\n<meta property=\"article:published_time\" content=\"2025-11-19T01:50:40+00:00\" \/>\n<meta property=\"article:modified_time\" content=\"2025-11-19T01:50:41+00:00\" \/>\n<meta property=\"og:image\" content=\"https:\/\/nordnesrepublikken.no\/wp-content\/uploads\/2025\/11\/1763517040_Campi-Flegrei-bradyseisme-forblir-pa-25-mmmaned-men-seismisiteten-synker.jpg\" \/>\n\t<meta property=\"og:image:width\" content=\"1280\" \/>\n\t<meta property=\"og:image:height\" content=\"720\" \/>\n\t<meta property=\"og:image:type\" content=\"image\/jpeg\" \/>\n<meta name=\"author\" content=\"Ole Andersen\" \/>\n<meta name=\"twitter:card\" content=\"summary_large_image\" \/>\n<meta name=\"twitter:label1\" content=\"Skrevet av\" \/>\n\t<meta name=\"twitter:data1\" content=\"Ole Andersen\" \/>\n\t<meta name=\"twitter:label2\" content=\"Ansl. lesetid\" \/>\n\t<meta name=\"twitter:data2\" content=\"2 minutter\" \/>\n<script type=\"application\/ld+json\" class=\"yoast-schema-graph\">{\"@context\":\"https:\/\/schema.org\",\"@graph\":[{\"@type\":\"Article\",\"@id\":\"https:\/\/nordnesrepublikken.no\/index.php\/2025\/11\/19\/campi-flegrei-bradyseisme-forblir-pa-25-mm-maned-men-seismisiteten-synker-med-88-jordskjelv-ingv-bulletinen\/#article\",\"isPartOf\":{\"@id\":\"https:\/\/nordnesrepublikken.no\/index.php\/2025\/11\/19\/campi-flegrei-bradyseisme-forblir-pa-25-mm-maned-men-seismisiteten-synker-med-88-jordskjelv-ingv-bulletinen\/\"},\"author\":{\"name\":\"Ole Andersen\",\"@id\":\"https:\/\/nordnesrepublikken.no\/#\/schema\/person\/2e7e81935bab77882fffb79296240ff1\"},\"headline\":\"Campi Flegrei, bradyseisme forblir p\u00e5 25 mm\/m\u00e5ned, men seismisiteten synker med 88 jordskjelv: INGV-bulletinen\",\"datePublished\":\"2025-11-19T01:50:40+00:00\",\"dateModified\":\"2025-11-19T01:50:41+00:00\",\"mainEntityOfPage\":{\"@id\":\"https:\/\/nordnesrepublikken.no\/index.php\/2025\/11\/19\/campi-flegrei-bradyseisme-forblir-pa-25-mm-maned-men-seismisiteten-synker-med-88-jordskjelv-ingv-bulletinen\/\"},\"wordCount\":436,\"publisher\":{\"@id\":\"https:\/\/nordnesrepublikken.no\/#organization\"},\"image\":{\"@id\":\"https:\/\/nordnesrepublikken.no\/index.php\/2025\/11\/19\/campi-flegrei-bradyseisme-forblir-pa-25-mm-maned-men-seismisiteten-synker-med-88-jordskjelv-ingv-bulletinen\/#primaryimage\"},\"thumbnailUrl\":\"https:\/\/nordnesrepublikken.no\/wp-content\/uploads\/2025\/11\/1763517040_Campi-Flegrei-bradyseisme-forblir-pa-25-mmmaned-men-seismisiteten-synker.jpg\",\"keywords\":[\"Bradyseisme\",\"Campi\",\"flegrei\",\"forblir\",\"INGVbulletinen\",\"Jordskjelv\",\"med\",\"men\",\"mmm\u00e5ned\",\"p\u00e5\",\"seismisiteten\",\"synker\"],\"articleSection\":[\"Vitenskap\"],\"inLanguage\":\"nb-NO\"},{\"@type\":\"WebPage\",\"@id\":\"https:\/\/nordnesrepublikken.no\/index.php\/2025\/11\/19\/campi-flegrei-bradyseisme-forblir-pa-25-mm-maned-men-seismisiteten-synker-med-88-jordskjelv-ingv-bulletinen\/\",\"url\":\"https:\/\/nordnesrepublikken.no\/index.php\/2025\/11\/19\/campi-flegrei-bradyseisme-forblir-pa-25-mm-maned-men-seismisiteten-synker-med-88-jordskjelv-ingv-bulletinen\/\",\"name\":\"Campi Flegrei, bradyseisme forblir p\u00e5 25 mm\/m\u00e5ned, men seismisiteten synker med 88 jordskjelv: INGV-bulletinen - Nordnesrepublikken\",\"isPartOf\":{\"@id\":\"https:\/\/nordnesrepublikken.no\/#website\"},\"primaryImageOfPage\":{\"@id\":\"https:\/\/nordnesrepublikken.no\/index.php\/2025\/11\/19\/campi-flegrei-bradyseisme-forblir-pa-25-mm-maned-men-seismisiteten-synker-med-88-jordskjelv-ingv-bulletinen\/#primaryimage\"},\"image\":{\"@id\":\"https:\/\/nordnesrepublikken.no\/index.php\/2025\/11\/19\/campi-flegrei-bradyseisme-forblir-pa-25-mm-maned-men-seismisiteten-synker-med-88-jordskjelv-ingv-bulletinen\/#primaryimage\"},\"thumbnailUrl\":\"https:\/\/nordnesrepublikken.no\/wp-content\/uploads\/2025\/11\/1763517040_Campi-Flegrei-bradyseisme-forblir-pa-25-mmmaned-men-seismisiteten-synker.jpg\",\"datePublished\":\"2025-11-19T01:50:40+00:00\",\"dateModified\":\"2025-11-19T01:50:41+00:00\",\"breadcrumb\":{\"@id\":\"https:\/\/nordnesrepublikken.no\/index.php\/2025\/11\/19\/campi-flegrei-bradyseisme-forblir-pa-25-mm-maned-men-seismisiteten-synker-med-88-jordskjelv-ingv-bulletinen\/#breadcrumb\"},\"inLanguage\":\"nb-NO\",\"potentialAction\":[{\"@type\":\"ReadAction\",\"target\":[\"https:\/\/nordnesrepublikken.no\/index.php\/2025\/11\/19\/campi-flegrei-bradyseisme-forblir-pa-25-mm-maned-men-seismisiteten-synker-med-88-jordskjelv-ingv-bulletinen\/\"]}]},{\"@type\":\"ImageObject\",\"inLanguage\":\"nb-NO\",\"@id\":\"https:\/\/nordnesrepublikken.no\/index.php\/2025\/11\/19\/campi-flegrei-bradyseisme-forblir-pa-25-mm-maned-men-seismisiteten-synker-med-88-jordskjelv-ingv-bulletinen\/#primaryimage\",\"url\":\"https:\/\/nordnesrepublikken.no\/wp-content\/uploads\/2025\/11\/1763517040_Campi-Flegrei-bradyseisme-forblir-pa-25-mmmaned-men-seismisiteten-synker.jpg\",\"contentUrl\":\"https:\/\/nordnesrepublikken.no\/wp-content\/uploads\/2025\/11\/1763517040_Campi-Flegrei-bradyseisme-forblir-pa-25-mmmaned-men-seismisiteten-synker.jpg\",\"width\":1280,\"height\":720,\"caption\":\"Campi Flegrei, bradyseisme forblir p\u00e5 25 mm\/m\u00e5ned, men seismisiteten synker med 88 jordskjelv: INGV-bulletinen\"},{\"@type\":\"BreadcrumbList\",\"@id\":\"https:\/\/nordnesrepublikken.no\/index.php\/2025\/11\/19\/campi-flegrei-bradyseisme-forblir-pa-25-mm-maned-men-seismisiteten-synker-med-88-jordskjelv-ingv-bulletinen\/#breadcrumb\",\"itemListElement\":[{\"@type\":\"ListItem\",\"position\":1,\"name\":\"Home\",\"item\":\"https:\/\/nordnesrepublikken.no\/\"},{\"@type\":\"ListItem\",\"position\":2,\"name\":\"Campi Flegrei, bradyseisme forblir p\u00e5 25 mm\/m\u00e5ned, men seismisiteten synker med 88 jordskjelv: INGV-bulletinen\"}]},{\"@type\":\"WebSite\",\"@id\":\"https:\/\/nordnesrepublikken.no\/#website\",\"url\":\"https:\/\/nordnesrepublikken.no\/\",\"name\":\"Nordnesrepublikken\",\"description\":\"Stemmer og Visjoner fra Republikkens Hjerte\",\"publisher\":{\"@id\":\"https:\/\/nordnesrepublikken.no\/#organization\"},\"potentialAction\":[{\"@type\":\"SearchAction\",\"target\":{\"@type\":\"EntryPoint\",\"urlTemplate\":\"https:\/\/nordnesrepublikken.no\/?s={search_term_string}\"},\"query-input\":{\"@type\":\"PropertyValueSpecification\",\"valueRequired\":true,\"valueName\":\"search_term_string\"}}],\"inLanguage\":\"nb-NO\"},{\"@type\":\"Organization\",\"@id\":\"https:\/\/nordnesrepublikken.no\/#organization\",\"name\":\"Nordnesrepublikken\",\"url\":\"https:\/\/nordnesrepublikken.no\/\",\"logo\":{\"@type\":\"ImageObject\",\"inLanguage\":\"nb-NO\",\"@id\":\"https:\/\/nordnesrepublikken.no\/#\/schema\/logo\/image\/\",\"url\":\"https:\/\/nordnesrepublikken.no\/wp-content\/uploads\/2025\/02\/cropped-nordnesrepublikken-2.png\",\"contentUrl\":\"https:\/\/nordnesrepublikken.no\/wp-content\/uploads\/2025\/02\/cropped-nordnesrepublikken-2.png\",\"width\":1248,\"height\":362,\"caption\":\"Nordnesrepublikken\"},\"image\":{\"@id\":\"https:\/\/nordnesrepublikken.no\/#\/schema\/logo\/image\/\"}},{\"@type\":\"Person\",\"@id\":\"https:\/\/nordnesrepublikken.no\/#\/schema\/person\/2e7e81935bab77882fffb79296240ff1\",\"name\":\"Ole Andersen\",\"image\":{\"@type\":\"ImageObject\",\"inLanguage\":\"nb-NO\",\"@id\":\"https:\/\/nordnesrepublikken.no\/#\/schema\/person\/image\/\",\"url\":\"https:\/\/nordnesrepublikken.no\/wp-content\/uploads\/2025\/02\/nordnesrepublikken-2-2-150x150.jpg\",\"contentUrl\":\"https:\/\/nordnesrepublikken.no\/wp-content\/uploads\/2025\/02\/nordnesrepublikken-2-2-150x150.jpg\",\"caption\":\"Ole Andersen\"},\"description\":\"Ettersom jeg vokste opp i Oslo, har jeg alltid v\u00e6rt fascinert av ordenes kraft og deres evne til \u00e5 skape endringer. Etter \u00e5 ha fullf\u00f8rt min utdannelse i kommunikasjon ved Universitetet i Bergen, fikk jeg muligheten til \u00e5 jobbe innen ulike medier, der jeg har s\u00f8kt \u00e5 belyse viktige samfunnssp\u00f8rsm\u00e5l. I dag, som redakt\u00f8r for Nordnesrepublikken, pr\u00f8ver jeg \u00e5 forene min kj\u00e6rlighet for journalistikk med min lidenskap for innovasjon og eventyr.\",\"sameAs\":[\"https:\/\/nordnesrepublikken.no\/\"]}]}<\/script>\n<!-- \/ Yoast SEO plugin. -->","yoast_head_json":{"title":"Campi Flegrei, bradyseisme forblir p\u00e5 25 mm\/m\u00e5ned, men seismisiteten synker med 88 jordskjelv: INGV-bulletinen - Nordnesrepublikken","robots":{"index":"index","follow":"follow","max-snippet":"max-snippet:-1","max-image-preview":"max-image-preview:large","max-video-preview":"max-video-preview:-1"},"canonical":"https:\/\/nordnesrepublikken.no\/index.php\/2025\/11\/19\/campi-flegrei-bradyseisme-forblir-pa-25-mm-maned-men-seismisiteten-synker-med-88-jordskjelv-ingv-bulletinen\/","og_locale":"nb_NO","og_type":"article","og_title":"Campi Flegrei, bradyseisme forblir p\u00e5 25 mm\/m\u00e5ned, men seismisiteten synker med 88 jordskjelv: INGV-bulletinen - Nordnesrepublikken","og_description":"Til Phlegraean Fields \u00f8kningen i er bekreftet bradyseismemens seismisitet: if\u00f8lge den siste bulletinen fra INGV","og_url":"https:\/\/nordnesrepublikken.no\/index.php\/2025\/11\/19\/campi-flegrei-bradyseisme-forblir-pa-25-mm-maned-men-seismisiteten-synker-med-88-jordskjelv-ingv-bulletinen\/","og_site_name":"Nordnesrepublikken","article_published_time":"2025-11-19T01:50:40+00:00","article_modified_time":"2025-11-19T01:50:41+00:00","og_image":[{"width":1280,"height":720,"url":"https:\/\/nordnesrepublikken.no\/wp-content\/uploads\/2025\/11\/1763517040_Campi-Flegrei-bradyseisme-forblir-pa-25-mmmaned-men-seismisiteten-synker.jpg","type":"image\/jpeg"}],"author":"Ole Andersen","twitter_card":"summary_large_image","twitter_misc":{"Skrevet av":"Ole Andersen","Ansl. lesetid":"2 minutter"},"schema":{"@context":"https:\/\/schema.org","@graph":[{"@type":"Article","@id":"https:\/\/nordnesrepublikken.no\/index.php\/2025\/11\/19\/campi-flegrei-bradyseisme-forblir-pa-25-mm-maned-men-seismisiteten-synker-med-88-jordskjelv-ingv-bulletinen\/#article","isPartOf":{"@id":"https:\/\/nordnesrepublikken.no\/index.php\/2025\/11\/19\/campi-flegrei-bradyseisme-forblir-pa-25-mm-maned-men-seismisiteten-synker-med-88-jordskjelv-ingv-bulletinen\/"},"author":{"name":"Ole Andersen","@id":"https:\/\/nordnesrepublikken.no\/#\/schema\/person\/2e7e81935bab77882fffb79296240ff1"},"headline":"Campi Flegrei, bradyseisme forblir p\u00e5 25 mm\/m\u00e5ned, men seismisiteten synker med 88 jordskjelv: INGV-bulletinen","datePublished":"2025-11-19T01:50:40+00:00","dateModified":"2025-11-19T01:50:41+00:00","mainEntityOfPage":{"@id":"https:\/\/nordnesrepublikken.no\/index.php\/2025\/11\/19\/campi-flegrei-bradyseisme-forblir-pa-25-mm-maned-men-seismisiteten-synker-med-88-jordskjelv-ingv-bulletinen\/"},"wordCount":436,"publisher":{"@id":"https:\/\/nordnesrepublikken.no\/#organization"},"image":{"@id":"https:\/\/nordnesrepublikken.no\/index.php\/2025\/11\/19\/campi-flegrei-bradyseisme-forblir-pa-25-mm-maned-men-seismisiteten-synker-med-88-jordskjelv-ingv-bulletinen\/#primaryimage"},"thumbnailUrl":"https:\/\/nordnesrepublikken.no\/wp-content\/uploads\/2025\/11\/1763517040_Campi-Flegrei-bradyseisme-forblir-pa-25-mmmaned-men-seismisiteten-synker.jpg","keywords":["Bradyseisme","Campi","flegrei","forblir","INGVbulletinen","Jordskjelv","med","men","mmm\u00e5ned","p\u00e5","seismisiteten","synker"],"articleSection":["Vitenskap"],"inLanguage":"nb-NO"},{"@type":"WebPage","@id":"https:\/\/nordnesrepublikken.no\/index.php\/2025\/11\/19\/campi-flegrei-bradyseisme-forblir-pa-25-mm-maned-men-seismisiteten-synker-med-88-jordskjelv-ingv-bulletinen\/","url":"https:\/\/nordnesrepublikken.no\/index.php\/2025\/11\/19\/campi-flegrei-bradyseisme-forblir-pa-25-mm-maned-men-seismisiteten-synker-med-88-jordskjelv-ingv-bulletinen\/","name":"Campi Flegrei, bradyseisme forblir p\u00e5 25 mm\/m\u00e5ned, men seismisiteten synker med 88 jordskjelv: INGV-bulletinen - Nordnesrepublikken","isPartOf":{"@id":"https:\/\/nordnesrepublikken.no\/#website"},"primaryImageOfPage":{"@id":"https:\/\/nordnesrepublikken.no\/index.php\/2025\/11\/19\/campi-flegrei-bradyseisme-forblir-pa-25-mm-maned-men-seismisiteten-synker-med-88-jordskjelv-ingv-bulletinen\/#primaryimage"},"image":{"@id":"https:\/\/nordnesrepublikken.no\/index.php\/2025\/11\/19\/campi-flegrei-bradyseisme-forblir-pa-25-mm-maned-men-seismisiteten-synker-med-88-jordskjelv-ingv-bulletinen\/#primaryimage"},"thumbnailUrl":"https:\/\/nordnesrepublikken.no\/wp-content\/uploads\/2025\/11\/1763517040_Campi-Flegrei-bradyseisme-forblir-pa-25-mmmaned-men-seismisiteten-synker.jpg","datePublished":"2025-11-19T01:50:40+00:00","dateModified":"2025-11-19T01:50:41+00:00","breadcrumb":{"@id":"https:\/\/nordnesrepublikken.no\/index.php\/2025\/11\/19\/campi-flegrei-bradyseisme-forblir-pa-25-mm-maned-men-seismisiteten-synker-med-88-jordskjelv-ingv-bulletinen\/#breadcrumb"},"inLanguage":"nb-NO","potentialAction":[{"@type":"ReadAction","target":["https:\/\/nordnesrepublikken.no\/index.php\/2025\/11\/19\/campi-flegrei-bradyseisme-forblir-pa-25-mm-maned-men-seismisiteten-synker-med-88-jordskjelv-ingv-bulletinen\/"]}]},{"@type":"ImageObject","inLanguage":"nb-NO","@id":"https:\/\/nordnesrepublikken.no\/index.php\/2025\/11\/19\/campi-flegrei-bradyseisme-forblir-pa-25-mm-maned-men-seismisiteten-synker-med-88-jordskjelv-ingv-bulletinen\/#primaryimage","url":"https:\/\/nordnesrepublikken.no\/wp-content\/uploads\/2025\/11\/1763517040_Campi-Flegrei-bradyseisme-forblir-pa-25-mmmaned-men-seismisiteten-synker.jpg","contentUrl":"https:\/\/nordnesrepublikken.no\/wp-content\/uploads\/2025\/11\/1763517040_Campi-Flegrei-bradyseisme-forblir-pa-25-mmmaned-men-seismisiteten-synker.jpg","width":1280,"height":720,"caption":"Campi Flegrei, bradyseisme forblir p\u00e5 25 mm\/m\u00e5ned, men seismisiteten synker med 88 jordskjelv: INGV-bulletinen"},{"@type":"BreadcrumbList","@id":"https:\/\/nordnesrepublikken.no\/index.php\/2025\/11\/19\/campi-flegrei-bradyseisme-forblir-pa-25-mm-maned-men-seismisiteten-synker-med-88-jordskjelv-ingv-bulletinen\/#breadcrumb","itemListElement":[{"@type":"ListItem","position":1,"name":"Home","item":"https:\/\/nordnesrepublikken.no\/"},{"@type":"ListItem","position":2,"name":"Campi Flegrei, bradyseisme forblir p\u00e5 25 mm\/m\u00e5ned, men seismisiteten synker med 88 jordskjelv: INGV-bulletinen"}]},{"@type":"WebSite","@id":"https:\/\/nordnesrepublikken.no\/#website","url":"https:\/\/nordnesrepublikken.no\/","name":"Nordnesrepublikken","description":"Stemmer og Visjoner fra Republikkens Hjerte","publisher":{"@id":"https:\/\/nordnesrepublikken.no\/#organization"},"potentialAction":[{"@type":"SearchAction","target":{"@type":"EntryPoint","urlTemplate":"https:\/\/nordnesrepublikken.no\/?s={search_term_string}"},"query-input":{"@type":"PropertyValueSpecification","valueRequired":true,"valueName":"search_term_string"}}],"inLanguage":"nb-NO"},{"@type":"Organization","@id":"https:\/\/nordnesrepublikken.no\/#organization","name":"Nordnesrepublikken","url":"https:\/\/nordnesrepublikken.no\/","logo":{"@type":"ImageObject","inLanguage":"nb-NO","@id":"https:\/\/nordnesrepublikken.no\/#\/schema\/logo\/image\/","url":"https:\/\/nordnesrepublikken.no\/wp-content\/uploads\/2025\/02\/cropped-nordnesrepublikken-2.png","contentUrl":"https:\/\/nordnesrepublikken.no\/wp-content\/uploads\/2025\/02\/cropped-nordnesrepublikken-2.png","width":1248,"height":362,"caption":"Nordnesrepublikken"},"image":{"@id":"https:\/\/nordnesrepublikken.no\/#\/schema\/logo\/image\/"}},{"@type":"Person","@id":"https:\/\/nordnesrepublikken.no\/#\/schema\/person\/2e7e81935bab77882fffb79296240ff1","name":"Ole Andersen","image":{"@type":"ImageObject","inLanguage":"nb-NO","@id":"https:\/\/nordnesrepublikken.no\/#\/schema\/person\/image\/","url":"https:\/\/nordnesrepublikken.no\/wp-content\/uploads\/2025\/02\/nordnesrepublikken-2-2-150x150.jpg","contentUrl":"https:\/\/nordnesrepublikken.no\/wp-content\/uploads\/2025\/02\/nordnesrepublikken-2-2-150x150.jpg","caption":"Ole Andersen"},"description":"Ettersom jeg vokste opp i Oslo, har jeg alltid v\u00e6rt fascinert av ordenes kraft og deres evne til \u00e5 skape endringer. Etter \u00e5 ha fullf\u00f8rt min utdannelse i kommunikasjon ved Universitetet i Bergen, fikk jeg muligheten til \u00e5 jobbe innen ulike medier, der jeg har s\u00f8kt \u00e5 belyse viktige samfunnssp\u00f8rsm\u00e5l. I dag, som redakt\u00f8r for Nordnesrepublikken, pr\u00f8ver jeg \u00e5 forene min kj\u00e6rlighet for journalistikk med min lidenskap for innovasjon og eventyr.","sameAs":["https:\/\/nordnesrepublikken.no\/"]}]}},"_links":{"self":[{"href":"https:\/\/nordnesrepublikken.no\/index.php\/wp-json\/wp\/v2\/posts\/11868","targetHints":{"allow":["GET"]}}],"collection":[{"href":"https:\/\/nordnesrepublikken.no\/index.php\/wp-json\/wp\/v2\/posts"}],"about":[{"href":"https:\/\/nordnesrepublikken.no\/index.php\/wp-json\/wp\/v2\/types\/post"}],"author":[{"embeddable":true,"href":"https:\/\/nordnesrepublikken.no\/index.php\/wp-json\/wp\/v2\/users\/1"}],"replies":[{"embeddable":true,"href":"https:\/\/nordnesrepublikken.no\/index.php\/wp-json\/wp\/v2\/comments?post=11868"}],"version-history":[{"count":1,"href":"https:\/\/nordnesrepublikken.no\/index.php\/wp-json\/wp\/v2\/posts\/11868\/revisions"}],"predecessor-version":[{"id":11870,"href":"https:\/\/nordnesrepublikken.no\/index.php\/wp-json\/wp\/v2\/posts\/11868\/revisions\/11870"}],"wp:featuredmedia":[{"embeddable":true,"href":"https:\/\/nordnesrepublikken.no\/index.php\/wp-json\/wp\/v2\/media\/11869"}],"wp:attachment":[{"href":"https:\/\/nordnesrepublikken.no\/index.php\/wp-json\/wp\/v2\/media?parent=11868"}],"wp:term":[{"taxonomy":"category","embeddable":true,"href":"https:\/\/nordnesrepublikken.no\/index.php\/wp-json\/wp\/v2\/categories?post=11868"},{"taxonomy":"post_tag","embeddable":true,"href":"https:\/\/nordnesrepublikken.no\/index.php\/wp-json\/wp\/v2\/tags?post=11868"}],"curies":[{"name":"wp","href":"https:\/\/api.w.org\/{rel}","templated":true}]}}