{"id":11865,"date":"2025-11-18T23:51:08","date_gmt":"2025-11-18T22:51:08","guid":{"rendered":"https:\/\/nordnesrepublikken.no\/index.php\/2025\/11\/18\/fordi-begrepet-snikskytter-kommer-fra-keiser-franz-joseph-i-av-osterrike\/"},"modified":"2025-11-18T23:51:09","modified_gmt":"2025-11-18T22:51:09","slug":"fordi-begrepet-snikskytter-kommer-fra-keiser-franz-joseph-i-av-osterrike","status":"publish","type":"post","link":"https:\/\/nordnesrepublikken.no\/index.php\/2025\/11\/18\/fordi-begrepet-snikskytter-kommer-fra-keiser-franz-joseph-i-av-osterrike\/","title":{"rendered":"Fordi begrepet &laquo;snikskytter&raquo; kommer fra keiser Franz Joseph I av \u00d8sterrike"},"content":{"rendered":"<div>\n<div class=\"cp_wrapper cp_wrapper--fw mb-30 mb-20@tablet\">\n<figure class=\"mm\"><picture class=\"img\" style=\"padding-top:56.25%\"><source  media=\"(min-width: 1024px)\"><source  media=\"(min-width: 768px)\"><\/source><\/source><\/picture><\/figure>\n<\/p><\/div>\n<p style=\"text-align: justify\">I dag er fristen <strong>&laquo;snikskytter&raquo; <\/strong>indikerer en skytter, en soldat som er trent til \u00e5 sl\u00e5 med stor presisjon p\u00e5 avstand \u2013 vanligvis fra en skjult posisjon \u2013 men historien til dette ordet er nysgjerrig og overraskende. Faktisk stammer sannsynligvis etymologien til &laquo;snikskytter&raquo; fra kallenavnet <strong>\u201cBeppe Cecco\u201d<\/strong> gitt til<strong>Keiser Franz Joseph I av \u00d8sterrike <\/strong>under f\u00f8rste verdenskrig, pleide \u00e5 indikere de som slo langveisfra.<\/p>\n<p style=\"text-align: justify\">I Italia, faktisk, <strong>Beppe Cecco<\/strong> var navnet som keiser Franz Joseph I av \u00d8sterrike som regjerte over<strong>Det \u00f8sterriksk-ungarske riket<\/strong> fra 1830 til 1916. Italienske soldater begynte \u00e5 definere &laquo;snikskyttere&raquo; som de skytterne som var i stand til \u00e5 sl\u00e5 med presisjon langveisfra, grunnleggende i kamp, \u200b\u200bmen de <strong>med ironi<\/strong>som minner om kallenavnet til fiendens keiser, og forvandler den d\u00f8delige taktikken til et bitende og sarkastisk ordspill.<\/p>\n<p>I begynnelsen hadde faktisk begrepet <strong>en negativ konnotasjon<\/strong>: skarprettere unngikk n\u00e6rkamp, \u200b\u200bslo langveisfra og overrumplet fienden, <strong>oppf\u00f8rsel sett p\u00e5 som feig eller blottet for \u00e6re<\/strong>. Navnet har ingen sammenheng med suverenens krigsferdigheter og ble sannsynligvis valgt av italienerne for moro skyld, for \u00e5 gj\u00f8re narr av fienden ved \u00e5 tillegge ham en mindre enn hederlig kampstil.<\/p>\n<p>Likevel, nettopp p\u00e5 grunn av deres presisjon og d\u00f8delige ferdigheter, ble snikskyttere fryktet og ettertraktet, og ble viktige figurer p\u00e5 slagmarken. Med teknologisk fremgang mellom det attende og det nittende \u00e5rhundre dannet h\u00e6rer seg <strong>spesialiserte enheter<\/strong>med mer presise v\u00e5pen og kamuflasje. I dag er &laquo;snikskytter&raquo; fortsatt et teknisk begrep, men det brukes ogs\u00e5 om de som viser eksepsjonelle m\u00e5l, i sport eller i hverdagen.<\/p>\n<p style=\"text-align: justify\">En annen mer popul\u00e6r teori ville koble begrepet til det faktum at skytteren, for \u00e5 sikte bedre, <strong>ville lukke \u00f8ynene<\/strong> bli litt &laquo;blind&raquo;: paradoksalt nok forbedrer dette lille trikset m\u00e5let ditt og \u00f8ker sjansene for \u00e5 treffe m\u00e5let.<\/p>\n<p style=\"text-align: justify\">I sannhet, figuren til skarpretteren <strong>ble f\u00f8dt allerede i middelalderen<\/strong> med de f\u00f8rste skytev\u00e5pnene, fortsatt upresise og med begrenset rekkevidde. I p\u00e5f\u00f8lgende \u00e5rhundrer og konflikter, som for eksempel under den amerikanske revolusjonskrigen, er det ytterligere vitnesbyrd om snikskyttere tilstede p\u00e5 slagmarken. Imidlertid var det bare takket v\u00e6re <strong>industriell fremgang<\/strong> p\u00e5 slutten av det attende og det nittende \u00e5rhundre begynte europeiske h\u00e6rer \u00e5 dannes <strong>rifleavdelinger<\/strong> valgt, utstyrt med mer presise v\u00e5pen, spesialiserte bevegelsestaktikker og til og med kamuflasjeuniformer for \u00e5 sikre overraskelsesmomentet. Siden den gang s\u00e5 vi videre utvikling innen krigf\u00f8ring og snikskyttere etablerte seg som grunnleggende skikkelser i kamp <strong>h\u00f8yt trente soldater<\/strong> og utstyrt med <strong>avansert utstyr<\/strong>.<\/p>\n<p style=\"text-align: justify\">I dag har begrepet mistet den nedsettende betydningen det hadde antatt under den store krigen og forblir i v\u00e5rt spr\u00e5k som et <strong>formalitet<\/strong> som n\u00f8yaktig identifiserer en <strong>milit\u00e6r rolle<\/strong>. Det er imidlertid interessant \u00e5 merke seg<b>semantisk utvidelse<\/b> som han hadde p\u00e5 litt over et \u00e5rhundre: det brukes ogs\u00e5 ofte i vanlig sjargong for \u00e5 rose en person som er dyktig i skyting eller med et uvanlig sikte. Den dyktige basketballspilleren vil bli fortalt at han er en ekte snikskytter for \u00e5 ha laget en kurv p\u00e5 lang avstand, eller at en som klarer \u00e5 treffe et fjernt m\u00e5l har &laquo;en snikskyttersikt&raquo;.<\/p>\n<\/p><\/div>\n","protected":false},"excerpt":{"rendered":"<p>I dag er fristen &laquo;snikskytter&raquo; indikerer en skytter, en soldat som er trent til \u00e5<\/p>\n","protected":false},"author":1,"featured_media":11866,"comment_status":"closed","ping_status":"open","sticky":false,"template":"","format":"standard","meta":{"footnotes":""},"categories":[104],"tags":[1974,83,125,7799,7800,7798,1046,2901,7797],"class_list":["post-11865","post","type-post","status-publish","format-standard","has-post-thumbnail","hentry","category-samfunn","tag-begrepet","tag-fordi","tag-fra","tag-franz","tag-joseph","tag-keiser","tag-kommer","tag-osterrike","tag-snikskytter","generate-columns","tablet-grid-50","mobile-grid-100","grid-parent","grid-33","resize-featured-image"],"yoast_head":"<!-- This site is optimized with the Yoast SEO plugin v24.4 - https:\/\/yoast.com\/wordpress\/plugins\/seo\/ -->\n<title>Fordi begrepet &quot;snikskytter&quot; kommer fra keiser Franz Joseph I av \u00d8sterrike - Nordnesrepublikken<\/title>\n<meta name=\"robots\" content=\"index, follow, max-snippet:-1, max-image-preview:large, max-video-preview:-1\" \/>\n<link rel=\"canonical\" href=\"https:\/\/nordnesrepublikken.no\/index.php\/2025\/11\/18\/fordi-begrepet-snikskytter-kommer-fra-keiser-franz-joseph-i-av-osterrike\/\" \/>\n<meta property=\"og:locale\" content=\"nb_NO\" \/>\n<meta property=\"og:type\" content=\"article\" \/>\n<meta property=\"og:title\" content=\"Fordi begrepet &quot;snikskytter&quot; kommer fra keiser Franz Joseph I av \u00d8sterrike - Nordnesrepublikken\" \/>\n<meta property=\"og:description\" content=\"I dag er fristen &laquo;snikskytter&raquo; indikerer en skytter, en soldat som er trent til \u00e5\" \/>\n<meta property=\"og:url\" content=\"https:\/\/nordnesrepublikken.no\/index.php\/2025\/11\/18\/fordi-begrepet-snikskytter-kommer-fra-keiser-franz-joseph-i-av-osterrike\/\" \/>\n<meta property=\"og:site_name\" content=\"Nordnesrepublikken\" \/>\n<meta property=\"article:published_time\" content=\"2025-11-18T22:51:08+00:00\" \/>\n<meta property=\"article:modified_time\" content=\"2025-11-18T22:51:09+00:00\" \/>\n<meta property=\"og:image\" content=\"https:\/\/nordnesrepublikken.no\/wp-content\/uploads\/2025\/11\/1763506268_Fordi-begrepet-snikskytter-kommer-fra-keiser-Franz-Joseph-I-av.jpg\" \/>\n\t<meta property=\"og:image:width\" content=\"1344\" \/>\n\t<meta property=\"og:image:height\" content=\"768\" \/>\n\t<meta property=\"og:image:type\" content=\"image\/jpeg\" \/>\n<meta name=\"author\" content=\"Ole Andersen\" \/>\n<meta name=\"twitter:card\" content=\"summary_large_image\" \/>\n<meta name=\"twitter:label1\" content=\"Skrevet av\" \/>\n\t<meta name=\"twitter:data1\" content=\"Ole Andersen\" \/>\n\t<meta name=\"twitter:label2\" content=\"Ansl. lesetid\" \/>\n\t<meta name=\"twitter:data2\" content=\"3 minutter\" \/>\n<script type=\"application\/ld+json\" class=\"yoast-schema-graph\">{\"@context\":\"https:\/\/schema.org\",\"@graph\":[{\"@type\":\"Article\",\"@id\":\"https:\/\/nordnesrepublikken.no\/index.php\/2025\/11\/18\/fordi-begrepet-snikskytter-kommer-fra-keiser-franz-joseph-i-av-osterrike\/#article\",\"isPartOf\":{\"@id\":\"https:\/\/nordnesrepublikken.no\/index.php\/2025\/11\/18\/fordi-begrepet-snikskytter-kommer-fra-keiser-franz-joseph-i-av-osterrike\/\"},\"author\":{\"name\":\"Ole Andersen\",\"@id\":\"https:\/\/nordnesrepublikken.no\/#\/schema\/person\/2e7e81935bab77882fffb79296240ff1\"},\"headline\":\"Fordi begrepet &laquo;snikskytter&raquo; kommer fra keiser Franz Joseph I av \u00d8sterrike\",\"datePublished\":\"2025-11-18T22:51:08+00:00\",\"dateModified\":\"2025-11-18T22:51:09+00:00\",\"mainEntityOfPage\":{\"@id\":\"https:\/\/nordnesrepublikken.no\/index.php\/2025\/11\/18\/fordi-begrepet-snikskytter-kommer-fra-keiser-franz-joseph-i-av-osterrike\/\"},\"wordCount\":516,\"publisher\":{\"@id\":\"https:\/\/nordnesrepublikken.no\/#organization\"},\"image\":{\"@id\":\"https:\/\/nordnesrepublikken.no\/index.php\/2025\/11\/18\/fordi-begrepet-snikskytter-kommer-fra-keiser-franz-joseph-i-av-osterrike\/#primaryimage\"},\"thumbnailUrl\":\"https:\/\/nordnesrepublikken.no\/wp-content\/uploads\/2025\/11\/1763506268_Fordi-begrepet-snikskytter-kommer-fra-keiser-Franz-Joseph-I-av.jpg\",\"keywords\":[\"begrepet\",\"Fordi\",\"fra\",\"Franz\",\"Joseph\",\"keiser\",\"kommer\",\"\u00d8sterrike\",\"snikskytter\"],\"articleSection\":[\"Samfunn\"],\"inLanguage\":\"nb-NO\"},{\"@type\":\"WebPage\",\"@id\":\"https:\/\/nordnesrepublikken.no\/index.php\/2025\/11\/18\/fordi-begrepet-snikskytter-kommer-fra-keiser-franz-joseph-i-av-osterrike\/\",\"url\":\"https:\/\/nordnesrepublikken.no\/index.php\/2025\/11\/18\/fordi-begrepet-snikskytter-kommer-fra-keiser-franz-joseph-i-av-osterrike\/\",\"name\":\"Fordi begrepet \\\"snikskytter\\\" kommer fra keiser Franz Joseph I av \u00d8sterrike - Nordnesrepublikken\",\"isPartOf\":{\"@id\":\"https:\/\/nordnesrepublikken.no\/#website\"},\"primaryImageOfPage\":{\"@id\":\"https:\/\/nordnesrepublikken.no\/index.php\/2025\/11\/18\/fordi-begrepet-snikskytter-kommer-fra-keiser-franz-joseph-i-av-osterrike\/#primaryimage\"},\"image\":{\"@id\":\"https:\/\/nordnesrepublikken.no\/index.php\/2025\/11\/18\/fordi-begrepet-snikskytter-kommer-fra-keiser-franz-joseph-i-av-osterrike\/#primaryimage\"},\"thumbnailUrl\":\"https:\/\/nordnesrepublikken.no\/wp-content\/uploads\/2025\/11\/1763506268_Fordi-begrepet-snikskytter-kommer-fra-keiser-Franz-Joseph-I-av.jpg\",\"datePublished\":\"2025-11-18T22:51:08+00:00\",\"dateModified\":\"2025-11-18T22:51:09+00:00\",\"breadcrumb\":{\"@id\":\"https:\/\/nordnesrepublikken.no\/index.php\/2025\/11\/18\/fordi-begrepet-snikskytter-kommer-fra-keiser-franz-joseph-i-av-osterrike\/#breadcrumb\"},\"inLanguage\":\"nb-NO\",\"potentialAction\":[{\"@type\":\"ReadAction\",\"target\":[\"https:\/\/nordnesrepublikken.no\/index.php\/2025\/11\/18\/fordi-begrepet-snikskytter-kommer-fra-keiser-franz-joseph-i-av-osterrike\/\"]}]},{\"@type\":\"ImageObject\",\"inLanguage\":\"nb-NO\",\"@id\":\"https:\/\/nordnesrepublikken.no\/index.php\/2025\/11\/18\/fordi-begrepet-snikskytter-kommer-fra-keiser-franz-joseph-i-av-osterrike\/#primaryimage\",\"url\":\"https:\/\/nordnesrepublikken.no\/wp-content\/uploads\/2025\/11\/1763506268_Fordi-begrepet-snikskytter-kommer-fra-keiser-Franz-Joseph-I-av.jpg\",\"contentUrl\":\"https:\/\/nordnesrepublikken.no\/wp-content\/uploads\/2025\/11\/1763506268_Fordi-begrepet-snikskytter-kommer-fra-keiser-Franz-Joseph-I-av.jpg\",\"width\":1344,\"height\":768,\"caption\":\"Fordi begrepet \\\"snikskytter\\\" kommer fra keiser Franz Joseph I av \u00d8sterrike\"},{\"@type\":\"BreadcrumbList\",\"@id\":\"https:\/\/nordnesrepublikken.no\/index.php\/2025\/11\/18\/fordi-begrepet-snikskytter-kommer-fra-keiser-franz-joseph-i-av-osterrike\/#breadcrumb\",\"itemListElement\":[{\"@type\":\"ListItem\",\"position\":1,\"name\":\"Home\",\"item\":\"https:\/\/nordnesrepublikken.no\/\"},{\"@type\":\"ListItem\",\"position\":2,\"name\":\"Fordi begrepet &laquo;snikskytter&raquo; kommer fra keiser Franz Joseph I av \u00d8sterrike\"}]},{\"@type\":\"WebSite\",\"@id\":\"https:\/\/nordnesrepublikken.no\/#website\",\"url\":\"https:\/\/nordnesrepublikken.no\/\",\"name\":\"Nordnesrepublikken\",\"description\":\"Stemmer og Visjoner fra Republikkens Hjerte\",\"publisher\":{\"@id\":\"https:\/\/nordnesrepublikken.no\/#organization\"},\"potentialAction\":[{\"@type\":\"SearchAction\",\"target\":{\"@type\":\"EntryPoint\",\"urlTemplate\":\"https:\/\/nordnesrepublikken.no\/?s={search_term_string}\"},\"query-input\":{\"@type\":\"PropertyValueSpecification\",\"valueRequired\":true,\"valueName\":\"search_term_string\"}}],\"inLanguage\":\"nb-NO\"},{\"@type\":\"Organization\",\"@id\":\"https:\/\/nordnesrepublikken.no\/#organization\",\"name\":\"Nordnesrepublikken\",\"url\":\"https:\/\/nordnesrepublikken.no\/\",\"logo\":{\"@type\":\"ImageObject\",\"inLanguage\":\"nb-NO\",\"@id\":\"https:\/\/nordnesrepublikken.no\/#\/schema\/logo\/image\/\",\"url\":\"https:\/\/nordnesrepublikken.no\/wp-content\/uploads\/2025\/02\/cropped-nordnesrepublikken-2.png\",\"contentUrl\":\"https:\/\/nordnesrepublikken.no\/wp-content\/uploads\/2025\/02\/cropped-nordnesrepublikken-2.png\",\"width\":1248,\"height\":362,\"caption\":\"Nordnesrepublikken\"},\"image\":{\"@id\":\"https:\/\/nordnesrepublikken.no\/#\/schema\/logo\/image\/\"}},{\"@type\":\"Person\",\"@id\":\"https:\/\/nordnesrepublikken.no\/#\/schema\/person\/2e7e81935bab77882fffb79296240ff1\",\"name\":\"Ole Andersen\",\"image\":{\"@type\":\"ImageObject\",\"inLanguage\":\"nb-NO\",\"@id\":\"https:\/\/nordnesrepublikken.no\/#\/schema\/person\/image\/\",\"url\":\"https:\/\/nordnesrepublikken.no\/wp-content\/uploads\/2025\/02\/nordnesrepublikken-2-2-150x150.jpg\",\"contentUrl\":\"https:\/\/nordnesrepublikken.no\/wp-content\/uploads\/2025\/02\/nordnesrepublikken-2-2-150x150.jpg\",\"caption\":\"Ole Andersen\"},\"description\":\"Ettersom jeg vokste opp i Oslo, har jeg alltid v\u00e6rt fascinert av ordenes kraft og deres evne til \u00e5 skape endringer. Etter \u00e5 ha fullf\u00f8rt min utdannelse i kommunikasjon ved Universitetet i Bergen, fikk jeg muligheten til \u00e5 jobbe innen ulike medier, der jeg har s\u00f8kt \u00e5 belyse viktige samfunnssp\u00f8rsm\u00e5l. I dag, som redakt\u00f8r for Nordnesrepublikken, pr\u00f8ver jeg \u00e5 forene min kj\u00e6rlighet for journalistikk med min lidenskap for innovasjon og eventyr.\",\"sameAs\":[\"https:\/\/nordnesrepublikken.no\/\"]}]}<\/script>\n<!-- \/ Yoast SEO plugin. -->","yoast_head_json":{"title":"Fordi begrepet \"snikskytter\" kommer fra keiser Franz Joseph I av \u00d8sterrike - Nordnesrepublikken","robots":{"index":"index","follow":"follow","max-snippet":"max-snippet:-1","max-image-preview":"max-image-preview:large","max-video-preview":"max-video-preview:-1"},"canonical":"https:\/\/nordnesrepublikken.no\/index.php\/2025\/11\/18\/fordi-begrepet-snikskytter-kommer-fra-keiser-franz-joseph-i-av-osterrike\/","og_locale":"nb_NO","og_type":"article","og_title":"Fordi begrepet \"snikskytter\" kommer fra keiser Franz Joseph I av \u00d8sterrike - Nordnesrepublikken","og_description":"I dag er fristen &laquo;snikskytter&raquo; indikerer en skytter, en soldat som er trent til \u00e5","og_url":"https:\/\/nordnesrepublikken.no\/index.php\/2025\/11\/18\/fordi-begrepet-snikskytter-kommer-fra-keiser-franz-joseph-i-av-osterrike\/","og_site_name":"Nordnesrepublikken","article_published_time":"2025-11-18T22:51:08+00:00","article_modified_time":"2025-11-18T22:51:09+00:00","og_image":[{"width":1344,"height":768,"url":"https:\/\/nordnesrepublikken.no\/wp-content\/uploads\/2025\/11\/1763506268_Fordi-begrepet-snikskytter-kommer-fra-keiser-Franz-Joseph-I-av.jpg","type":"image\/jpeg"}],"author":"Ole Andersen","twitter_card":"summary_large_image","twitter_misc":{"Skrevet av":"Ole Andersen","Ansl. lesetid":"3 minutter"},"schema":{"@context":"https:\/\/schema.org","@graph":[{"@type":"Article","@id":"https:\/\/nordnesrepublikken.no\/index.php\/2025\/11\/18\/fordi-begrepet-snikskytter-kommer-fra-keiser-franz-joseph-i-av-osterrike\/#article","isPartOf":{"@id":"https:\/\/nordnesrepublikken.no\/index.php\/2025\/11\/18\/fordi-begrepet-snikskytter-kommer-fra-keiser-franz-joseph-i-av-osterrike\/"},"author":{"name":"Ole Andersen","@id":"https:\/\/nordnesrepublikken.no\/#\/schema\/person\/2e7e81935bab77882fffb79296240ff1"},"headline":"Fordi begrepet &laquo;snikskytter&raquo; kommer fra keiser Franz Joseph I av \u00d8sterrike","datePublished":"2025-11-18T22:51:08+00:00","dateModified":"2025-11-18T22:51:09+00:00","mainEntityOfPage":{"@id":"https:\/\/nordnesrepublikken.no\/index.php\/2025\/11\/18\/fordi-begrepet-snikskytter-kommer-fra-keiser-franz-joseph-i-av-osterrike\/"},"wordCount":516,"publisher":{"@id":"https:\/\/nordnesrepublikken.no\/#organization"},"image":{"@id":"https:\/\/nordnesrepublikken.no\/index.php\/2025\/11\/18\/fordi-begrepet-snikskytter-kommer-fra-keiser-franz-joseph-i-av-osterrike\/#primaryimage"},"thumbnailUrl":"https:\/\/nordnesrepublikken.no\/wp-content\/uploads\/2025\/11\/1763506268_Fordi-begrepet-snikskytter-kommer-fra-keiser-Franz-Joseph-I-av.jpg","keywords":["begrepet","Fordi","fra","Franz","Joseph","keiser","kommer","\u00d8sterrike","snikskytter"],"articleSection":["Samfunn"],"inLanguage":"nb-NO"},{"@type":"WebPage","@id":"https:\/\/nordnesrepublikken.no\/index.php\/2025\/11\/18\/fordi-begrepet-snikskytter-kommer-fra-keiser-franz-joseph-i-av-osterrike\/","url":"https:\/\/nordnesrepublikken.no\/index.php\/2025\/11\/18\/fordi-begrepet-snikskytter-kommer-fra-keiser-franz-joseph-i-av-osterrike\/","name":"Fordi begrepet \"snikskytter\" kommer fra keiser Franz Joseph I av \u00d8sterrike - Nordnesrepublikken","isPartOf":{"@id":"https:\/\/nordnesrepublikken.no\/#website"},"primaryImageOfPage":{"@id":"https:\/\/nordnesrepublikken.no\/index.php\/2025\/11\/18\/fordi-begrepet-snikskytter-kommer-fra-keiser-franz-joseph-i-av-osterrike\/#primaryimage"},"image":{"@id":"https:\/\/nordnesrepublikken.no\/index.php\/2025\/11\/18\/fordi-begrepet-snikskytter-kommer-fra-keiser-franz-joseph-i-av-osterrike\/#primaryimage"},"thumbnailUrl":"https:\/\/nordnesrepublikken.no\/wp-content\/uploads\/2025\/11\/1763506268_Fordi-begrepet-snikskytter-kommer-fra-keiser-Franz-Joseph-I-av.jpg","datePublished":"2025-11-18T22:51:08+00:00","dateModified":"2025-11-18T22:51:09+00:00","breadcrumb":{"@id":"https:\/\/nordnesrepublikken.no\/index.php\/2025\/11\/18\/fordi-begrepet-snikskytter-kommer-fra-keiser-franz-joseph-i-av-osterrike\/#breadcrumb"},"inLanguage":"nb-NO","potentialAction":[{"@type":"ReadAction","target":["https:\/\/nordnesrepublikken.no\/index.php\/2025\/11\/18\/fordi-begrepet-snikskytter-kommer-fra-keiser-franz-joseph-i-av-osterrike\/"]}]},{"@type":"ImageObject","inLanguage":"nb-NO","@id":"https:\/\/nordnesrepublikken.no\/index.php\/2025\/11\/18\/fordi-begrepet-snikskytter-kommer-fra-keiser-franz-joseph-i-av-osterrike\/#primaryimage","url":"https:\/\/nordnesrepublikken.no\/wp-content\/uploads\/2025\/11\/1763506268_Fordi-begrepet-snikskytter-kommer-fra-keiser-Franz-Joseph-I-av.jpg","contentUrl":"https:\/\/nordnesrepublikken.no\/wp-content\/uploads\/2025\/11\/1763506268_Fordi-begrepet-snikskytter-kommer-fra-keiser-Franz-Joseph-I-av.jpg","width":1344,"height":768,"caption":"Fordi begrepet \"snikskytter\" kommer fra keiser Franz Joseph I av \u00d8sterrike"},{"@type":"BreadcrumbList","@id":"https:\/\/nordnesrepublikken.no\/index.php\/2025\/11\/18\/fordi-begrepet-snikskytter-kommer-fra-keiser-franz-joseph-i-av-osterrike\/#breadcrumb","itemListElement":[{"@type":"ListItem","position":1,"name":"Home","item":"https:\/\/nordnesrepublikken.no\/"},{"@type":"ListItem","position":2,"name":"Fordi begrepet &laquo;snikskytter&raquo; kommer fra keiser Franz Joseph I av \u00d8sterrike"}]},{"@type":"WebSite","@id":"https:\/\/nordnesrepublikken.no\/#website","url":"https:\/\/nordnesrepublikken.no\/","name":"Nordnesrepublikken","description":"Stemmer og Visjoner fra Republikkens Hjerte","publisher":{"@id":"https:\/\/nordnesrepublikken.no\/#organization"},"potentialAction":[{"@type":"SearchAction","target":{"@type":"EntryPoint","urlTemplate":"https:\/\/nordnesrepublikken.no\/?s={search_term_string}"},"query-input":{"@type":"PropertyValueSpecification","valueRequired":true,"valueName":"search_term_string"}}],"inLanguage":"nb-NO"},{"@type":"Organization","@id":"https:\/\/nordnesrepublikken.no\/#organization","name":"Nordnesrepublikken","url":"https:\/\/nordnesrepublikken.no\/","logo":{"@type":"ImageObject","inLanguage":"nb-NO","@id":"https:\/\/nordnesrepublikken.no\/#\/schema\/logo\/image\/","url":"https:\/\/nordnesrepublikken.no\/wp-content\/uploads\/2025\/02\/cropped-nordnesrepublikken-2.png","contentUrl":"https:\/\/nordnesrepublikken.no\/wp-content\/uploads\/2025\/02\/cropped-nordnesrepublikken-2.png","width":1248,"height":362,"caption":"Nordnesrepublikken"},"image":{"@id":"https:\/\/nordnesrepublikken.no\/#\/schema\/logo\/image\/"}},{"@type":"Person","@id":"https:\/\/nordnesrepublikken.no\/#\/schema\/person\/2e7e81935bab77882fffb79296240ff1","name":"Ole Andersen","image":{"@type":"ImageObject","inLanguage":"nb-NO","@id":"https:\/\/nordnesrepublikken.no\/#\/schema\/person\/image\/","url":"https:\/\/nordnesrepublikken.no\/wp-content\/uploads\/2025\/02\/nordnesrepublikken-2-2-150x150.jpg","contentUrl":"https:\/\/nordnesrepublikken.no\/wp-content\/uploads\/2025\/02\/nordnesrepublikken-2-2-150x150.jpg","caption":"Ole Andersen"},"description":"Ettersom jeg vokste opp i Oslo, har jeg alltid v\u00e6rt fascinert av ordenes kraft og deres evne til \u00e5 skape endringer. Etter \u00e5 ha fullf\u00f8rt min utdannelse i kommunikasjon ved Universitetet i Bergen, fikk jeg muligheten til \u00e5 jobbe innen ulike medier, der jeg har s\u00f8kt \u00e5 belyse viktige samfunnssp\u00f8rsm\u00e5l. I dag, som redakt\u00f8r for Nordnesrepublikken, pr\u00f8ver jeg \u00e5 forene min kj\u00e6rlighet for journalistikk med min lidenskap for innovasjon og eventyr.","sameAs":["https:\/\/nordnesrepublikken.no\/"]}]}},"_links":{"self":[{"href":"https:\/\/nordnesrepublikken.no\/index.php\/wp-json\/wp\/v2\/posts\/11865","targetHints":{"allow":["GET"]}}],"collection":[{"href":"https:\/\/nordnesrepublikken.no\/index.php\/wp-json\/wp\/v2\/posts"}],"about":[{"href":"https:\/\/nordnesrepublikken.no\/index.php\/wp-json\/wp\/v2\/types\/post"}],"author":[{"embeddable":true,"href":"https:\/\/nordnesrepublikken.no\/index.php\/wp-json\/wp\/v2\/users\/1"}],"replies":[{"embeddable":true,"href":"https:\/\/nordnesrepublikken.no\/index.php\/wp-json\/wp\/v2\/comments?post=11865"}],"version-history":[{"count":1,"href":"https:\/\/nordnesrepublikken.no\/index.php\/wp-json\/wp\/v2\/posts\/11865\/revisions"}],"predecessor-version":[{"id":11867,"href":"https:\/\/nordnesrepublikken.no\/index.php\/wp-json\/wp\/v2\/posts\/11865\/revisions\/11867"}],"wp:featuredmedia":[{"embeddable":true,"href":"https:\/\/nordnesrepublikken.no\/index.php\/wp-json\/wp\/v2\/media\/11866"}],"wp:attachment":[{"href":"https:\/\/nordnesrepublikken.no\/index.php\/wp-json\/wp\/v2\/media?parent=11865"}],"wp:term":[{"taxonomy":"category","embeddable":true,"href":"https:\/\/nordnesrepublikken.no\/index.php\/wp-json\/wp\/v2\/categories?post=11865"},{"taxonomy":"post_tag","embeddable":true,"href":"https:\/\/nordnesrepublikken.no\/index.php\/wp-json\/wp\/v2\/tags?post=11865"}],"curies":[{"name":"wp","href":"https:\/\/api.w.org\/{rel}","templated":true}]}}