{"id":11847,"date":"2025-11-18T16:50:19","date_gmt":"2025-11-18T15:50:19","guid":{"rendered":"https:\/\/nordnesrepublikken.no\/index.php\/2025\/11\/18\/den-forste-moderne-reklamen-gar-tilbake-546-ar-i-england-det-er-det-det-er\/"},"modified":"2025-11-18T16:50:20","modified_gmt":"2025-11-18T15:50:20","slug":"den-forste-moderne-reklamen-gar-tilbake-546-ar-i-england-det-er-det-det-er","status":"publish","type":"post","link":"https:\/\/nordnesrepublikken.no\/index.php\/2025\/11\/18\/den-forste-moderne-reklamen-gar-tilbake-546-ar-i-england-det-er-det-det-er\/","title":{"rendered":"Den f\u00f8rste moderne reklamen g\u00e5r tilbake 546 \u00e5r, i England: det er det det er"},"content":{"rendered":"<div>\n<div class=\"cp_wrapper cp_wrapper--fw mb-30 mb-20@tablet\">\n<figure class=\"mm\"><picture class=\"img\" style=\"padding-top:56.25%\"><source  media=\"(min-width: 1024px)\"><source  media=\"(min-width: 768px)\"><\/source><\/source><\/picture><\/figure>\n<\/p><\/div>\n<p>Selv om reklamehistorien begynner i antikken (urformelle former for reklame kan spores tilbake til den egyptiske, greske og romerske sivilisasjonen), <b>f\u00f8rste reklame i moderne forstand<\/b>ment som en reklame for salg, ble f\u00f8dt i <b>England i 1479<\/b>da forleggeren og skriveren William Caxton delte ut en flyer for \u00e5 promotere kj\u00f8pet av en bok han trykket.<\/p>\n<p>Helt klart fra 1479 og utover gikk utviklingen stadig raskere, ogs\u00e5 takket v\u00e6re nye teknologiske oppdagelser som tillot stadig mer omfattende kommunikasjon: i 1600 dukket de opp <strong>til<\/strong><b>Betalte annonser<\/b> i magasiner, og p\u00e5 begynnelsen av 1900-tallet Fratelli <strong>Lumiere<\/strong> de satte inn <b>f\u00f8rste kommersielle<\/b> i en av deres projeksjoner.<\/p>\n<h2>Den f\u00f8rste virkelig moderne reklamen, i England p\u00e5 slutten av 1400-tallet<\/h2>\n<p>Der <b>f\u00f8rste reklame i moderne forstand<\/b> \u2013 derfor forst\u00e5tt som en kommunikasjon som tar sikte p\u00e5 \u00e5 p\u00e5virke publikum til \u00e5 velge et bestemt produkt \u2013 ser lyset i<b> England i 1479<\/b>. I London, skriveren og utgiveren <b>William Caxton<\/b> han hadde nylig introdusert bevegelig typetrykk i England, og bestemte seg for \u00e5 distribuere det i byen <strong>flyers i formatet 7\u00d712 cm<\/strong> med sikte p\u00e5 \u00e5 promotere en b\u00f8nnebok han trykket.<\/p>\n<div class=\"cp_wrapper cp_wrapper--fw mb-50\">\n<figure class=\"mm\"><picture class=\"img\" style=\"padding-top:95%\"><source  media=\"(min-width: 1024px)\"><source  media=\"(min-width: 768px)\"><img decoding=\"async\" loading=\"lazy\" src=\"https:\/\/nordnesrepublikken.no\/wp-content\/uploads\/2025\/11\/1763481019_520_Den-forste-moderne-reklamen-gar-tilbake-546-ar-i-England.jpg\" alt=\"canterbury fortellinger\" width=\"640\" height=\"608\"\/><\/source><\/source><\/picture><\/figure>\n<\/p><\/div>\n<p>Caxton var absolutt en visjon\u00e6r: ikke bare trykte han f\u00f8rst &laquo;<em>The Canterbury Tales&raquo;<\/em> av Geoffrey Chaucer \u2013 i dag betraktet som arbeidet som startet bruken av moderne engelsk \u2013 men han l\u00e5nte ogs\u00e5 ideen om reklamebrosjyren til andre aktiviteter. Faktisk, etter \u00e5 ha promotert b\u00f8nneboken sin, trykket Caxton ogs\u00e5 flyers for <b>annonsere for spabehandlinger i Salisbury<\/b>gi liv til det som anses<strong> den f\u00f8rste reklameplakaten<\/strong>.<\/p>\n<h2>Fra den f\u00f8rste betalte annonsen til den f\u00f8rste kino-reklamen<\/h2>\n<p>De <b>f\u00f8rste betalte annonse<\/b> den ble i stedet publisert i <b>Frankrike<\/b> i bladet <b>The Gazette<\/b>grunnlagt i 1631 av legen og journalisten Th\u00e9ophraste Renaudot, betrodd skikkelse av kardinal Richelieu ved hoffet til Ludvig XIII. Renaudot, som inns\u00e5 potensialet til ideen, \u00e5pnet et ekte kontor for \u00e5 samle forskjellige typer reklame, og oppfant dermed en stamfar til <b>reklamebyr\u00e5er<\/b>. Tjue \u00e5r senere, i England, ble gazette publisert<b> Mercurius Britannicus<\/b>som samlet ulike typer annonser.<\/p>\n<p>Fra det \u00f8yeblikket \u00e5pnet pressens inntog nye kommunikasjonskanaler og dermed salg, og takket v\u00e6re teknologiske oppdagelser og den industrielle revolusjonen ble reklame stadig mer utbredt.<\/p>\n<p>Med f\u00f8dselen av<b> kino,<\/b> deretter flyttet reklame umiddelbart til den kanalen ogs\u00e5: i 1904, <strong>i Paris, br\u00f8drene Lumi\u00e8re<\/strong> de introduserte en champagnereklame <em>Moet et Chandon<\/em> under en h\u00e5ndsveivet projeksjon, noe som for\u00e5rsaker mye oppstyr. I de p\u00e5f\u00f8lgende \u00e5rene forvandlet den stemningsfulle kraften til levende bilder kino til <strong>et privilegert middel<\/strong> \u00e5 fortelle ikke bare historier, men ogs\u00e5 merkevarer. De f\u00f8rste kino-reklamene \u2013 <strong>korte reklamefilmer<\/strong> vist f\u00f8r hovedfilmene \u2013 de fokuserte p\u00e5 f\u00f8lelser og spektakul\u00e6ritet, og skapte en direkte kobling mellom dr\u00f8mmer og forbruk. Siden den gang har reklame fortsatt \u00e5 gjenoppfinne seg selv, etter utviklingen av media og spr\u00e5k, til det ble <strong>en form for historiefortelling<\/strong> i stand til \u00e5 p\u00e5virke smak, mote og kollektiv fantasi.<\/p>\n<\/p><\/div>\n","protected":false},"excerpt":{"rendered":"<p>Selv om reklamehistorien begynner i antikken (urformelle former for reklame kan spores tilbake til den<\/p>\n","protected":false},"author":1,"featured_media":11848,"comment_status":"closed","ping_status":"open","sticky":false,"template":"","format":"standard","meta":{"footnotes":""},"categories":[104],"tags":[595,74,66,4490,67,300,3130,7793,825],"class_list":["post-11847","post","type-post","status-publish","format-standard","has-post-thumbnail","hentry","category-samfunn","tag-ar","tag-den","tag-det","tag-england","tag-forste","tag-gar","tag-moderne","tag-reklamen","tag-tilbake","generate-columns","tablet-grid-50","mobile-grid-100","grid-parent","grid-33","resize-featured-image"],"yoast_head":"<!-- This site is optimized with the Yoast SEO plugin v24.4 - https:\/\/yoast.com\/wordpress\/plugins\/seo\/ -->\n<title>Den f\u00f8rste moderne reklamen g\u00e5r tilbake 546 \u00e5r, i England: det er det det er - Nordnesrepublikken<\/title>\n<meta name=\"robots\" content=\"index, follow, max-snippet:-1, max-image-preview:large, max-video-preview:-1\" \/>\n<link rel=\"canonical\" href=\"https:\/\/nordnesrepublikken.no\/index.php\/2025\/11\/18\/den-forste-moderne-reklamen-gar-tilbake-546-ar-i-england-det-er-det-det-er\/\" \/>\n<meta property=\"og:locale\" content=\"nb_NO\" \/>\n<meta property=\"og:type\" content=\"article\" \/>\n<meta property=\"og:title\" content=\"Den f\u00f8rste moderne reklamen g\u00e5r tilbake 546 \u00e5r, i England: det er det det er - Nordnesrepublikken\" \/>\n<meta property=\"og:description\" content=\"Selv om reklamehistorien begynner i antikken (urformelle former for reklame kan spores tilbake til den\" \/>\n<meta property=\"og:url\" content=\"https:\/\/nordnesrepublikken.no\/index.php\/2025\/11\/18\/den-forste-moderne-reklamen-gar-tilbake-546-ar-i-england-det-er-det-det-er\/\" \/>\n<meta property=\"og:site_name\" content=\"Nordnesrepublikken\" \/>\n<meta property=\"article:published_time\" content=\"2025-11-18T15:50:19+00:00\" \/>\n<meta property=\"article:modified_time\" content=\"2025-11-18T15:50:20+00:00\" \/>\n<meta property=\"og:image\" content=\"https:\/\/nordnesrepublikken.no\/wp-content\/uploads\/2025\/11\/1763481019_Den-forste-moderne-reklamen-gar-tilbake-546-ar-i-England.jpg\" \/>\n\t<meta property=\"og:image:width\" content=\"1280\" \/>\n\t<meta property=\"og:image:height\" content=\"721\" \/>\n\t<meta property=\"og:image:type\" content=\"image\/jpeg\" \/>\n<meta name=\"author\" content=\"Ole Andersen\" \/>\n<meta name=\"twitter:card\" content=\"summary_large_image\" \/>\n<meta name=\"twitter:label1\" content=\"Skrevet av\" \/>\n\t<meta name=\"twitter:data1\" content=\"Ole Andersen\" \/>\n\t<meta name=\"twitter:label2\" content=\"Ansl. lesetid\" \/>\n\t<meta name=\"twitter:data2\" content=\"2 minutter\" \/>\n<script type=\"application\/ld+json\" class=\"yoast-schema-graph\">{\"@context\":\"https:\/\/schema.org\",\"@graph\":[{\"@type\":\"Article\",\"@id\":\"https:\/\/nordnesrepublikken.no\/index.php\/2025\/11\/18\/den-forste-moderne-reklamen-gar-tilbake-546-ar-i-england-det-er-det-det-er\/#article\",\"isPartOf\":{\"@id\":\"https:\/\/nordnesrepublikken.no\/index.php\/2025\/11\/18\/den-forste-moderne-reklamen-gar-tilbake-546-ar-i-england-det-er-det-det-er\/\"},\"author\":{\"name\":\"Ole Andersen\",\"@id\":\"https:\/\/nordnesrepublikken.no\/#\/schema\/person\/2e7e81935bab77882fffb79296240ff1\"},\"headline\":\"Den f\u00f8rste moderne reklamen g\u00e5r tilbake 546 \u00e5r, i England: det er det det er\",\"datePublished\":\"2025-11-18T15:50:19+00:00\",\"dateModified\":\"2025-11-18T15:50:20+00:00\",\"mainEntityOfPage\":{\"@id\":\"https:\/\/nordnesrepublikken.no\/index.php\/2025\/11\/18\/den-forste-moderne-reklamen-gar-tilbake-546-ar-i-england-det-er-det-det-er\/\"},\"wordCount\":497,\"publisher\":{\"@id\":\"https:\/\/nordnesrepublikken.no\/#organization\"},\"image\":{\"@id\":\"https:\/\/nordnesrepublikken.no\/index.php\/2025\/11\/18\/den-forste-moderne-reklamen-gar-tilbake-546-ar-i-england-det-er-det-det-er\/#primaryimage\"},\"thumbnailUrl\":\"https:\/\/nordnesrepublikken.no\/wp-content\/uploads\/2025\/11\/1763481019_Den-forste-moderne-reklamen-gar-tilbake-546-ar-i-England.jpg\",\"keywords\":[\"\u00e5r\",\"den\",\"Det\",\"England\",\"f\u00f8rste\",\"g\u00e5r\",\"moderne\",\"reklamen\",\"tilbake\"],\"articleSection\":[\"Samfunn\"],\"inLanguage\":\"nb-NO\"},{\"@type\":\"WebPage\",\"@id\":\"https:\/\/nordnesrepublikken.no\/index.php\/2025\/11\/18\/den-forste-moderne-reklamen-gar-tilbake-546-ar-i-england-det-er-det-det-er\/\",\"url\":\"https:\/\/nordnesrepublikken.no\/index.php\/2025\/11\/18\/den-forste-moderne-reklamen-gar-tilbake-546-ar-i-england-det-er-det-det-er\/\",\"name\":\"Den f\u00f8rste moderne reklamen g\u00e5r tilbake 546 \u00e5r, i England: det er det det er - Nordnesrepublikken\",\"isPartOf\":{\"@id\":\"https:\/\/nordnesrepublikken.no\/#website\"},\"primaryImageOfPage\":{\"@id\":\"https:\/\/nordnesrepublikken.no\/index.php\/2025\/11\/18\/den-forste-moderne-reklamen-gar-tilbake-546-ar-i-england-det-er-det-det-er\/#primaryimage\"},\"image\":{\"@id\":\"https:\/\/nordnesrepublikken.no\/index.php\/2025\/11\/18\/den-forste-moderne-reklamen-gar-tilbake-546-ar-i-england-det-er-det-det-er\/#primaryimage\"},\"thumbnailUrl\":\"https:\/\/nordnesrepublikken.no\/wp-content\/uploads\/2025\/11\/1763481019_Den-forste-moderne-reklamen-gar-tilbake-546-ar-i-England.jpg\",\"datePublished\":\"2025-11-18T15:50:19+00:00\",\"dateModified\":\"2025-11-18T15:50:20+00:00\",\"breadcrumb\":{\"@id\":\"https:\/\/nordnesrepublikken.no\/index.php\/2025\/11\/18\/den-forste-moderne-reklamen-gar-tilbake-546-ar-i-england-det-er-det-det-er\/#breadcrumb\"},\"inLanguage\":\"nb-NO\",\"potentialAction\":[{\"@type\":\"ReadAction\",\"target\":[\"https:\/\/nordnesrepublikken.no\/index.php\/2025\/11\/18\/den-forste-moderne-reklamen-gar-tilbake-546-ar-i-england-det-er-det-det-er\/\"]}]},{\"@type\":\"ImageObject\",\"inLanguage\":\"nb-NO\",\"@id\":\"https:\/\/nordnesrepublikken.no\/index.php\/2025\/11\/18\/den-forste-moderne-reklamen-gar-tilbake-546-ar-i-england-det-er-det-det-er\/#primaryimage\",\"url\":\"https:\/\/nordnesrepublikken.no\/wp-content\/uploads\/2025\/11\/1763481019_Den-forste-moderne-reklamen-gar-tilbake-546-ar-i-England.jpg\",\"contentUrl\":\"https:\/\/nordnesrepublikken.no\/wp-content\/uploads\/2025\/11\/1763481019_Den-forste-moderne-reklamen-gar-tilbake-546-ar-i-England.jpg\",\"width\":1280,\"height\":721,\"caption\":\"Den f\u00f8rste moderne reklamen g\u00e5r tilbake 546 \u00e5r, i England: det er det det er\"},{\"@type\":\"BreadcrumbList\",\"@id\":\"https:\/\/nordnesrepublikken.no\/index.php\/2025\/11\/18\/den-forste-moderne-reklamen-gar-tilbake-546-ar-i-england-det-er-det-det-er\/#breadcrumb\",\"itemListElement\":[{\"@type\":\"ListItem\",\"position\":1,\"name\":\"Home\",\"item\":\"https:\/\/nordnesrepublikken.no\/\"},{\"@type\":\"ListItem\",\"position\":2,\"name\":\"Den f\u00f8rste moderne reklamen g\u00e5r tilbake 546 \u00e5r, i England: det er det det er\"}]},{\"@type\":\"WebSite\",\"@id\":\"https:\/\/nordnesrepublikken.no\/#website\",\"url\":\"https:\/\/nordnesrepublikken.no\/\",\"name\":\"Nordnesrepublikken\",\"description\":\"Stemmer og Visjoner fra Republikkens Hjerte\",\"publisher\":{\"@id\":\"https:\/\/nordnesrepublikken.no\/#organization\"},\"potentialAction\":[{\"@type\":\"SearchAction\",\"target\":{\"@type\":\"EntryPoint\",\"urlTemplate\":\"https:\/\/nordnesrepublikken.no\/?s={search_term_string}\"},\"query-input\":{\"@type\":\"PropertyValueSpecification\",\"valueRequired\":true,\"valueName\":\"search_term_string\"}}],\"inLanguage\":\"nb-NO\"},{\"@type\":\"Organization\",\"@id\":\"https:\/\/nordnesrepublikken.no\/#organization\",\"name\":\"Nordnesrepublikken\",\"url\":\"https:\/\/nordnesrepublikken.no\/\",\"logo\":{\"@type\":\"ImageObject\",\"inLanguage\":\"nb-NO\",\"@id\":\"https:\/\/nordnesrepublikken.no\/#\/schema\/logo\/image\/\",\"url\":\"https:\/\/nordnesrepublikken.no\/wp-content\/uploads\/2025\/02\/cropped-nordnesrepublikken-2.png\",\"contentUrl\":\"https:\/\/nordnesrepublikken.no\/wp-content\/uploads\/2025\/02\/cropped-nordnesrepublikken-2.png\",\"width\":1248,\"height\":362,\"caption\":\"Nordnesrepublikken\"},\"image\":{\"@id\":\"https:\/\/nordnesrepublikken.no\/#\/schema\/logo\/image\/\"}},{\"@type\":\"Person\",\"@id\":\"https:\/\/nordnesrepublikken.no\/#\/schema\/person\/2e7e81935bab77882fffb79296240ff1\",\"name\":\"Ole Andersen\",\"image\":{\"@type\":\"ImageObject\",\"inLanguage\":\"nb-NO\",\"@id\":\"https:\/\/nordnesrepublikken.no\/#\/schema\/person\/image\/\",\"url\":\"https:\/\/nordnesrepublikken.no\/wp-content\/uploads\/2025\/02\/nordnesrepublikken-2-2-150x150.jpg\",\"contentUrl\":\"https:\/\/nordnesrepublikken.no\/wp-content\/uploads\/2025\/02\/nordnesrepublikken-2-2-150x150.jpg\",\"caption\":\"Ole Andersen\"},\"description\":\"Ettersom jeg vokste opp i Oslo, har jeg alltid v\u00e6rt fascinert av ordenes kraft og deres evne til \u00e5 skape endringer. Etter \u00e5 ha fullf\u00f8rt min utdannelse i kommunikasjon ved Universitetet i Bergen, fikk jeg muligheten til \u00e5 jobbe innen ulike medier, der jeg har s\u00f8kt \u00e5 belyse viktige samfunnssp\u00f8rsm\u00e5l. I dag, som redakt\u00f8r for Nordnesrepublikken, pr\u00f8ver jeg \u00e5 forene min kj\u00e6rlighet for journalistikk med min lidenskap for innovasjon og eventyr.\",\"sameAs\":[\"https:\/\/nordnesrepublikken.no\/\"]}]}<\/script>\n<!-- \/ Yoast SEO plugin. -->","yoast_head_json":{"title":"Den f\u00f8rste moderne reklamen g\u00e5r tilbake 546 \u00e5r, i England: det er det det er - Nordnesrepublikken","robots":{"index":"index","follow":"follow","max-snippet":"max-snippet:-1","max-image-preview":"max-image-preview:large","max-video-preview":"max-video-preview:-1"},"canonical":"https:\/\/nordnesrepublikken.no\/index.php\/2025\/11\/18\/den-forste-moderne-reklamen-gar-tilbake-546-ar-i-england-det-er-det-det-er\/","og_locale":"nb_NO","og_type":"article","og_title":"Den f\u00f8rste moderne reklamen g\u00e5r tilbake 546 \u00e5r, i England: det er det det er - Nordnesrepublikken","og_description":"Selv om reklamehistorien begynner i antikken (urformelle former for reklame kan spores tilbake til den","og_url":"https:\/\/nordnesrepublikken.no\/index.php\/2025\/11\/18\/den-forste-moderne-reklamen-gar-tilbake-546-ar-i-england-det-er-det-det-er\/","og_site_name":"Nordnesrepublikken","article_published_time":"2025-11-18T15:50:19+00:00","article_modified_time":"2025-11-18T15:50:20+00:00","og_image":[{"width":1280,"height":721,"url":"https:\/\/nordnesrepublikken.no\/wp-content\/uploads\/2025\/11\/1763481019_Den-forste-moderne-reklamen-gar-tilbake-546-ar-i-England.jpg","type":"image\/jpeg"}],"author":"Ole Andersen","twitter_card":"summary_large_image","twitter_misc":{"Skrevet av":"Ole Andersen","Ansl. lesetid":"2 minutter"},"schema":{"@context":"https:\/\/schema.org","@graph":[{"@type":"Article","@id":"https:\/\/nordnesrepublikken.no\/index.php\/2025\/11\/18\/den-forste-moderne-reklamen-gar-tilbake-546-ar-i-england-det-er-det-det-er\/#article","isPartOf":{"@id":"https:\/\/nordnesrepublikken.no\/index.php\/2025\/11\/18\/den-forste-moderne-reklamen-gar-tilbake-546-ar-i-england-det-er-det-det-er\/"},"author":{"name":"Ole Andersen","@id":"https:\/\/nordnesrepublikken.no\/#\/schema\/person\/2e7e81935bab77882fffb79296240ff1"},"headline":"Den f\u00f8rste moderne reklamen g\u00e5r tilbake 546 \u00e5r, i England: det er det det er","datePublished":"2025-11-18T15:50:19+00:00","dateModified":"2025-11-18T15:50:20+00:00","mainEntityOfPage":{"@id":"https:\/\/nordnesrepublikken.no\/index.php\/2025\/11\/18\/den-forste-moderne-reklamen-gar-tilbake-546-ar-i-england-det-er-det-det-er\/"},"wordCount":497,"publisher":{"@id":"https:\/\/nordnesrepublikken.no\/#organization"},"image":{"@id":"https:\/\/nordnesrepublikken.no\/index.php\/2025\/11\/18\/den-forste-moderne-reklamen-gar-tilbake-546-ar-i-england-det-er-det-det-er\/#primaryimage"},"thumbnailUrl":"https:\/\/nordnesrepublikken.no\/wp-content\/uploads\/2025\/11\/1763481019_Den-forste-moderne-reklamen-gar-tilbake-546-ar-i-England.jpg","keywords":["\u00e5r","den","Det","England","f\u00f8rste","g\u00e5r","moderne","reklamen","tilbake"],"articleSection":["Samfunn"],"inLanguage":"nb-NO"},{"@type":"WebPage","@id":"https:\/\/nordnesrepublikken.no\/index.php\/2025\/11\/18\/den-forste-moderne-reklamen-gar-tilbake-546-ar-i-england-det-er-det-det-er\/","url":"https:\/\/nordnesrepublikken.no\/index.php\/2025\/11\/18\/den-forste-moderne-reklamen-gar-tilbake-546-ar-i-england-det-er-det-det-er\/","name":"Den f\u00f8rste moderne reklamen g\u00e5r tilbake 546 \u00e5r, i England: det er det det er - Nordnesrepublikken","isPartOf":{"@id":"https:\/\/nordnesrepublikken.no\/#website"},"primaryImageOfPage":{"@id":"https:\/\/nordnesrepublikken.no\/index.php\/2025\/11\/18\/den-forste-moderne-reklamen-gar-tilbake-546-ar-i-england-det-er-det-det-er\/#primaryimage"},"image":{"@id":"https:\/\/nordnesrepublikken.no\/index.php\/2025\/11\/18\/den-forste-moderne-reklamen-gar-tilbake-546-ar-i-england-det-er-det-det-er\/#primaryimage"},"thumbnailUrl":"https:\/\/nordnesrepublikken.no\/wp-content\/uploads\/2025\/11\/1763481019_Den-forste-moderne-reklamen-gar-tilbake-546-ar-i-England.jpg","datePublished":"2025-11-18T15:50:19+00:00","dateModified":"2025-11-18T15:50:20+00:00","breadcrumb":{"@id":"https:\/\/nordnesrepublikken.no\/index.php\/2025\/11\/18\/den-forste-moderne-reklamen-gar-tilbake-546-ar-i-england-det-er-det-det-er\/#breadcrumb"},"inLanguage":"nb-NO","potentialAction":[{"@type":"ReadAction","target":["https:\/\/nordnesrepublikken.no\/index.php\/2025\/11\/18\/den-forste-moderne-reklamen-gar-tilbake-546-ar-i-england-det-er-det-det-er\/"]}]},{"@type":"ImageObject","inLanguage":"nb-NO","@id":"https:\/\/nordnesrepublikken.no\/index.php\/2025\/11\/18\/den-forste-moderne-reklamen-gar-tilbake-546-ar-i-england-det-er-det-det-er\/#primaryimage","url":"https:\/\/nordnesrepublikken.no\/wp-content\/uploads\/2025\/11\/1763481019_Den-forste-moderne-reklamen-gar-tilbake-546-ar-i-England.jpg","contentUrl":"https:\/\/nordnesrepublikken.no\/wp-content\/uploads\/2025\/11\/1763481019_Den-forste-moderne-reklamen-gar-tilbake-546-ar-i-England.jpg","width":1280,"height":721,"caption":"Den f\u00f8rste moderne reklamen g\u00e5r tilbake 546 \u00e5r, i England: det er det det er"},{"@type":"BreadcrumbList","@id":"https:\/\/nordnesrepublikken.no\/index.php\/2025\/11\/18\/den-forste-moderne-reklamen-gar-tilbake-546-ar-i-england-det-er-det-det-er\/#breadcrumb","itemListElement":[{"@type":"ListItem","position":1,"name":"Home","item":"https:\/\/nordnesrepublikken.no\/"},{"@type":"ListItem","position":2,"name":"Den f\u00f8rste moderne reklamen g\u00e5r tilbake 546 \u00e5r, i England: det er det det er"}]},{"@type":"WebSite","@id":"https:\/\/nordnesrepublikken.no\/#website","url":"https:\/\/nordnesrepublikken.no\/","name":"Nordnesrepublikken","description":"Stemmer og Visjoner fra Republikkens Hjerte","publisher":{"@id":"https:\/\/nordnesrepublikken.no\/#organization"},"potentialAction":[{"@type":"SearchAction","target":{"@type":"EntryPoint","urlTemplate":"https:\/\/nordnesrepublikken.no\/?s={search_term_string}"},"query-input":{"@type":"PropertyValueSpecification","valueRequired":true,"valueName":"search_term_string"}}],"inLanguage":"nb-NO"},{"@type":"Organization","@id":"https:\/\/nordnesrepublikken.no\/#organization","name":"Nordnesrepublikken","url":"https:\/\/nordnesrepublikken.no\/","logo":{"@type":"ImageObject","inLanguage":"nb-NO","@id":"https:\/\/nordnesrepublikken.no\/#\/schema\/logo\/image\/","url":"https:\/\/nordnesrepublikken.no\/wp-content\/uploads\/2025\/02\/cropped-nordnesrepublikken-2.png","contentUrl":"https:\/\/nordnesrepublikken.no\/wp-content\/uploads\/2025\/02\/cropped-nordnesrepublikken-2.png","width":1248,"height":362,"caption":"Nordnesrepublikken"},"image":{"@id":"https:\/\/nordnesrepublikken.no\/#\/schema\/logo\/image\/"}},{"@type":"Person","@id":"https:\/\/nordnesrepublikken.no\/#\/schema\/person\/2e7e81935bab77882fffb79296240ff1","name":"Ole Andersen","image":{"@type":"ImageObject","inLanguage":"nb-NO","@id":"https:\/\/nordnesrepublikken.no\/#\/schema\/person\/image\/","url":"https:\/\/nordnesrepublikken.no\/wp-content\/uploads\/2025\/02\/nordnesrepublikken-2-2-150x150.jpg","contentUrl":"https:\/\/nordnesrepublikken.no\/wp-content\/uploads\/2025\/02\/nordnesrepublikken-2-2-150x150.jpg","caption":"Ole Andersen"},"description":"Ettersom jeg vokste opp i Oslo, har jeg alltid v\u00e6rt fascinert av ordenes kraft og deres evne til \u00e5 skape endringer. Etter \u00e5 ha fullf\u00f8rt min utdannelse i kommunikasjon ved Universitetet i Bergen, fikk jeg muligheten til \u00e5 jobbe innen ulike medier, der jeg har s\u00f8kt \u00e5 belyse viktige samfunnssp\u00f8rsm\u00e5l. I dag, som redakt\u00f8r for Nordnesrepublikken, pr\u00f8ver jeg \u00e5 forene min kj\u00e6rlighet for journalistikk med min lidenskap for innovasjon og eventyr.","sameAs":["https:\/\/nordnesrepublikken.no\/"]}]}},"_links":{"self":[{"href":"https:\/\/nordnesrepublikken.no\/index.php\/wp-json\/wp\/v2\/posts\/11847","targetHints":{"allow":["GET"]}}],"collection":[{"href":"https:\/\/nordnesrepublikken.no\/index.php\/wp-json\/wp\/v2\/posts"}],"about":[{"href":"https:\/\/nordnesrepublikken.no\/index.php\/wp-json\/wp\/v2\/types\/post"}],"author":[{"embeddable":true,"href":"https:\/\/nordnesrepublikken.no\/index.php\/wp-json\/wp\/v2\/users\/1"}],"replies":[{"embeddable":true,"href":"https:\/\/nordnesrepublikken.no\/index.php\/wp-json\/wp\/v2\/comments?post=11847"}],"version-history":[{"count":1,"href":"https:\/\/nordnesrepublikken.no\/index.php\/wp-json\/wp\/v2\/posts\/11847\/revisions"}],"predecessor-version":[{"id":11849,"href":"https:\/\/nordnesrepublikken.no\/index.php\/wp-json\/wp\/v2\/posts\/11847\/revisions\/11849"}],"wp:featuredmedia":[{"embeddable":true,"href":"https:\/\/nordnesrepublikken.no\/index.php\/wp-json\/wp\/v2\/media\/11848"}],"wp:attachment":[{"href":"https:\/\/nordnesrepublikken.no\/index.php\/wp-json\/wp\/v2\/media?parent=11847"}],"wp:term":[{"taxonomy":"category","embeddable":true,"href":"https:\/\/nordnesrepublikken.no\/index.php\/wp-json\/wp\/v2\/categories?post=11847"},{"taxonomy":"post_tag","embeddable":true,"href":"https:\/\/nordnesrepublikken.no\/index.php\/wp-json\/wp\/v2\/tags?post=11847"}],"curies":[{"name":"wp","href":"https:\/\/api.w.org\/{rel}","templated":true}]}}