{"id":11826,"date":"2025-11-18T02:50:35","date_gmt":"2025-11-18T01:50:35","guid":{"rendered":"https:\/\/nordnesrepublikken.no\/index.php\/2025\/11\/18\/hvilke-endringer-og-mulige-fordeler\/"},"modified":"2025-11-18T02:50:40","modified_gmt":"2025-11-18T01:50:40","slug":"hvilke-endringer-og-mulige-fordeler","status":"publish","type":"post","link":"https:\/\/nordnesrepublikken.no\/index.php\/2025\/11\/18\/hvilke-endringer-og-mulige-fordeler\/","title":{"rendered":"hvilke endringer og mulige fordeler"},"content":{"rendered":"<div>\n<div class=\"cp_wrapper cp_wrapper--fw mb-30 mb-20@tablet\">\n<figure class=\"mm\"><picture class=\"img\" style=\"padding-top:56.25%\"><source  media=\"(min-width: 1024px)\"><source  media=\"(min-width: 768px)\"><\/source><\/source><\/picture><\/figure>\n<\/p><\/div>\n<p>I Italia kan sommertid bli <strong>fast<\/strong>: i dag, mandag 17. november, legges forslaget til faktaunders\u00f8kelse frem for Deputertkammeret, ledsaget av 352 tusen underskrifter, fremmet av <strong>Italian Society of Environmental Medicine<\/strong> (SIMA), av Consumerismo Non profit og av stedfortreder Andrea Barabotti (Lega). Det endelige m\u00e5let er \u00e5 starte den parlamentariske prosessen for definitivt \u00e5 avskaffe vekslingen mellom soltid og sommertid. Hvis forslaget ved slutten av prosessen godkjennes, vil et forskriftsforslag v\u00e6re fremkommet innen 30. juni 2026.<\/p>\n<p>Initiativet er basert p\u00e5 den offentlige h\u00f8ringen utf\u00f8rt av <strong>EU-kommisjonen i 2018<\/strong>der omtrent 4,6 millioner europeiske borgere deltok, den<strong>84 %<\/strong> hvorav han uttrykte seg for \u00e5 eliminere tidsendringen.<\/p>\n<p>I <strong>2019<\/strong>EU-parlamentet hadde faktisk godkjent et forslag til et direktiv om \u00e5 gi individuelle stater frihet til \u00e5 velge mellom permanent sommer- eller soltid. Arbeidet hadde imidlertid stoppet opp p\u00e5 grunn av Covid-19-pandemien og vanskeligheten med \u00e5 etablere en felles tidskalender over hele EU.<\/p>\n<h2>\u00c5rsaker og mulige fordeler med permanent sommertid<\/h2>\n<p>Men hvorfor er forslaget det av <strong>avskaffe soltid<\/strong>gj\u00f8r sommertid permanent? Faktisk regnes soltid som &laquo;naturlig&raquo; fordi den f\u00f8lger solens tilsynelatende bevegelse, og plasserer middag (dvs. 12) rundt det \u00f8yeblikket hvor solen n\u00e5r sitt h\u00f8yeste punkt p\u00e5 himmelen.<\/p>\n<p>Hoved\u00e5rsaken vil ha \u00e5 gj\u00f8re med <strong>energisparing,<\/strong> <strong>milj\u00f8messig og \u00f8konomisk<\/strong> som f\u00f8lge av \u00e5 flytte viserne p\u00e5 klokkene fremover med \u00e9n time: if\u00f8lge Terna-data (selskapet som administrerer det nasjonale overf\u00f8ringsnettet), forbrukte det italienske elektrisitetssystemet mellom mars og oktober 2025 <strong>310 millioner kWh<\/strong> mindre, tilsvarende gjennomsnittsbehovet til omtrent 120 000 familier i l\u00f8pet av et \u00e5r. I praksis betyr disse dataene \u00f8konomiske besparelser p\u00e5 mer enn det <strong>90 millioner euro<\/strong>. Samtidig gjorde dette lavere str\u00f8mforbruket det mulig \u00e5 unng\u00e5 CO-utslipp<sub>2<\/sub> ut i atmosf\u00e6ren for omtrent 145 000 tonn.<\/p>\n<p>Igjen if\u00f8lge Terna, mellom 2004 og 2025 reddet Italia totalt over <strong>12 milliarder kWh<\/strong> takket v\u00e6re sommertid, som \u00f8konomisk sett resulterte i besparelser for innbyggerne p\u00e5 ca<strong> 2,3 milliarder euro<\/strong>.<\/p>\n<p>I Italia ble sommertid innf\u00f8rt for f\u00f8rste gang i 1916, med m\u00e5l om \u00e5 f\u00e5 mest mulig ut av soltimer, redusere sl\u00f8sing med dagslys og spare energi under den f\u00f8rste verdenskrigen, som var i gang p\u00e5 den tiden.<\/p>\n<p>I de p\u00e5f\u00f8lgende \u00e5rene var imidlertid adopsjonen ikke konstant, vekslende \u00e5r der den ble undertrykt og andre hvor den ble gjeninnf\u00f8rt: etter omtrent 20 \u00e5r med usikkerhet, i <strong>1966<\/strong> Lov nr. 1144 vedtok den offisielle ikrafttredelsen av sommertiden i v\u00e5rt land, med &laquo;normal tid fremskyndet, for alle hensikter, med seksti minutter&raquo;.<\/p>\n<h2>Fordi det europeiske forslaget om \u00e5 avskaffe tidsendringen har stoppet opp<\/h2>\n<p>Som forventet er forslaget basert p\u00e5 den offentlige h\u00f8ringen lansert av <strong>EU-kommisjonen i 2018<\/strong>hvor 4,6 millioner europeiske borgere deltok: 84 % av disse uttrykte sin st\u00f8tte til avskaffelsen av tidsskiftet. Etter disse resultatene godkjente Europaparlamentet i 2019 et forslag til direktiv, som ville gitt individuelle medlemsland frihet til \u00e5 velge om de vil gj\u00f8re sommer- eller vintertid permanent.<\/p>\n<p>Til tross for fors\u00f8kene strandet imidlertid den europeiske prosessen nesten umiddelbart. \u00c5rsakene til dette stoppet er forskjellige: f\u00f8rst og fremst Covid-19-pandemien, som effektivt bremset hele prosessen, gitt at den endelige avgj\u00f8relsen \u2013 aldri offisiell \u2013 burde ha kommet innen 2021.<\/p>\n<p>Hovedproblemet er imidlertid det \u00e5 skissere en felles tidskalender over hele EU: Faktisk tillot det opprinnelige forslaget medlemslandene fritt \u00e5 velge mellom sommertid og standardtid, ogs\u00e5 p\u00e5 grunnlag av nasjonale behov. Nettopp dette har imidlertid gjort det vanskeligere \u00e5 forst\u00e5 hvordan man kan sette opp et \u00abfast tid\u00bb-system p\u00e5 samfunnsniv\u00e5.<\/p>\n<p>Kort sagt, arbeidet har blitt utvidet, de st\u00f8rste vanskelighetene gjelder valget av tidssone som skal vedtas permanent: det er ingen tilfeldighet at hvis sommertiden p\u00e5 den ene siden \u00e5pner for energi- og milj\u00f8besparelser, p\u00e5 den andre regnes soltiden som den mest &laquo;naturlige&raquo;. I tillegg kommer det faktum at flere vitenskapelige studier har fremhevet den negative effekten av tidsendringen p\u00e5 menneskers helse og spesielt p\u00e5<strong>endring av d\u00f8gnrytmen<\/strong> av kroppen v\u00e5r.<\/p>\n<p>N\u00e6rmere bestemt vil endring av tiden to ganger i \u00e5ret forstyrre den naturlige s\u00f8vn-v\u00e5kne-syklusen, f\u00e5 oss til \u00e5 f\u00f8le oss slitne, distraherte og s\u00f8vnige \u2013 spesielt i l\u00f8pet av den f\u00f8rste dagen av tidsendringen \u2013 med mulighet for negativ innvirkning p\u00e5 antall hjerteinfarkt.<\/p>\n<\/p><\/div>\n","protected":false},"excerpt":{"rendered":"<p>I Italia kan sommertid bli fast: i dag, mandag 17. november, legges forslaget til faktaunders\u00f8kelse<\/p>\n","protected":false},"author":1,"featured_media":11827,"comment_status":"closed","ping_status":"open","sticky":false,"template":"","format":"standard","meta":{"footnotes":""},"categories":[104],"tags":[785,1964,784,253],"class_list":["post-11826","post","type-post","status-publish","format-standard","has-post-thumbnail","hentry","category-samfunn","tag-endringer","tag-fordeler","tag-hvilke","tag-mulige","generate-columns","tablet-grid-50","mobile-grid-100","grid-parent","grid-33","resize-featured-image"],"yoast_head":"<!-- This site is optimized with the Yoast SEO plugin v24.4 - https:\/\/yoast.com\/wordpress\/plugins\/seo\/ -->\n<title>hvilke endringer og mulige fordeler - Nordnesrepublikken<\/title>\n<meta name=\"robots\" content=\"index, follow, max-snippet:-1, max-image-preview:large, max-video-preview:-1\" \/>\n<link rel=\"canonical\" href=\"https:\/\/nordnesrepublikken.no\/index.php\/2025\/11\/18\/hvilke-endringer-og-mulige-fordeler\/\" \/>\n<meta property=\"og:locale\" content=\"nb_NO\" \/>\n<meta property=\"og:type\" content=\"article\" \/>\n<meta property=\"og:title\" content=\"hvilke endringer og mulige fordeler - Nordnesrepublikken\" \/>\n<meta property=\"og:description\" content=\"I Italia kan sommertid bli fast: i dag, mandag 17. november, legges forslaget til faktaunders\u00f8kelse\" \/>\n<meta property=\"og:url\" content=\"https:\/\/nordnesrepublikken.no\/index.php\/2025\/11\/18\/hvilke-endringer-og-mulige-fordeler\/\" \/>\n<meta property=\"og:site_name\" content=\"Nordnesrepublikken\" \/>\n<meta property=\"article:published_time\" content=\"2025-11-18T01:50:35+00:00\" \/>\n<meta property=\"article:modified_time\" content=\"2025-11-18T01:50:40+00:00\" \/>\n<meta property=\"og:image\" content=\"https:\/\/nordnesrepublikken.no\/wp-content\/uploads\/2025\/11\/1763430635_hvilke-endringer-og-mulige-fordeler.jpg\" \/>\n\t<meta property=\"og:image:width\" content=\"2122\" \/>\n\t<meta property=\"og:image:height\" content=\"1412\" \/>\n\t<meta property=\"og:image:type\" content=\"image\/jpeg\" \/>\n<meta name=\"author\" content=\"Ole Andersen\" \/>\n<meta name=\"twitter:card\" content=\"summary_large_image\" \/>\n<meta name=\"twitter:label1\" content=\"Skrevet av\" \/>\n\t<meta name=\"twitter:data1\" content=\"Ole Andersen\" \/>\n\t<meta name=\"twitter:label2\" content=\"Ansl. lesetid\" \/>\n\t<meta name=\"twitter:data2\" content=\"3 minutter\" \/>\n<script type=\"application\/ld+json\" class=\"yoast-schema-graph\">{\"@context\":\"https:\/\/schema.org\",\"@graph\":[{\"@type\":\"Article\",\"@id\":\"https:\/\/nordnesrepublikken.no\/index.php\/2025\/11\/18\/hvilke-endringer-og-mulige-fordeler\/#article\",\"isPartOf\":{\"@id\":\"https:\/\/nordnesrepublikken.no\/index.php\/2025\/11\/18\/hvilke-endringer-og-mulige-fordeler\/\"},\"author\":{\"name\":\"Ole Andersen\",\"@id\":\"https:\/\/nordnesrepublikken.no\/#\/schema\/person\/2e7e81935bab77882fffb79296240ff1\"},\"headline\":\"hvilke endringer og mulige fordeler\",\"datePublished\":\"2025-11-18T01:50:35+00:00\",\"dateModified\":\"2025-11-18T01:50:40+00:00\",\"mainEntityOfPage\":{\"@id\":\"https:\/\/nordnesrepublikken.no\/index.php\/2025\/11\/18\/hvilke-endringer-og-mulige-fordeler\/\"},\"wordCount\":676,\"publisher\":{\"@id\":\"https:\/\/nordnesrepublikken.no\/#organization\"},\"image\":{\"@id\":\"https:\/\/nordnesrepublikken.no\/index.php\/2025\/11\/18\/hvilke-endringer-og-mulige-fordeler\/#primaryimage\"},\"thumbnailUrl\":\"https:\/\/nordnesrepublikken.no\/wp-content\/uploads\/2025\/11\/1763430635_hvilke-endringer-og-mulige-fordeler.jpg\",\"keywords\":[\"endringer\",\"fordeler\",\"hvilke\",\"mulige\"],\"articleSection\":[\"Samfunn\"],\"inLanguage\":\"nb-NO\"},{\"@type\":\"WebPage\",\"@id\":\"https:\/\/nordnesrepublikken.no\/index.php\/2025\/11\/18\/hvilke-endringer-og-mulige-fordeler\/\",\"url\":\"https:\/\/nordnesrepublikken.no\/index.php\/2025\/11\/18\/hvilke-endringer-og-mulige-fordeler\/\",\"name\":\"hvilke endringer og mulige fordeler - Nordnesrepublikken\",\"isPartOf\":{\"@id\":\"https:\/\/nordnesrepublikken.no\/#website\"},\"primaryImageOfPage\":{\"@id\":\"https:\/\/nordnesrepublikken.no\/index.php\/2025\/11\/18\/hvilke-endringer-og-mulige-fordeler\/#primaryimage\"},\"image\":{\"@id\":\"https:\/\/nordnesrepublikken.no\/index.php\/2025\/11\/18\/hvilke-endringer-og-mulige-fordeler\/#primaryimage\"},\"thumbnailUrl\":\"https:\/\/nordnesrepublikken.no\/wp-content\/uploads\/2025\/11\/1763430635_hvilke-endringer-og-mulige-fordeler.jpg\",\"datePublished\":\"2025-11-18T01:50:35+00:00\",\"dateModified\":\"2025-11-18T01:50:40+00:00\",\"breadcrumb\":{\"@id\":\"https:\/\/nordnesrepublikken.no\/index.php\/2025\/11\/18\/hvilke-endringer-og-mulige-fordeler\/#breadcrumb\"},\"inLanguage\":\"nb-NO\",\"potentialAction\":[{\"@type\":\"ReadAction\",\"target\":[\"https:\/\/nordnesrepublikken.no\/index.php\/2025\/11\/18\/hvilke-endringer-og-mulige-fordeler\/\"]}]},{\"@type\":\"ImageObject\",\"inLanguage\":\"nb-NO\",\"@id\":\"https:\/\/nordnesrepublikken.no\/index.php\/2025\/11\/18\/hvilke-endringer-og-mulige-fordeler\/#primaryimage\",\"url\":\"https:\/\/nordnesrepublikken.no\/wp-content\/uploads\/2025\/11\/1763430635_hvilke-endringer-og-mulige-fordeler.jpg\",\"contentUrl\":\"https:\/\/nordnesrepublikken.no\/wp-content\/uploads\/2025\/11\/1763430635_hvilke-endringer-og-mulige-fordeler.jpg\",\"width\":2122,\"height\":1412,\"caption\":\"hvilke endringer og mulige fordeler\"},{\"@type\":\"BreadcrumbList\",\"@id\":\"https:\/\/nordnesrepublikken.no\/index.php\/2025\/11\/18\/hvilke-endringer-og-mulige-fordeler\/#breadcrumb\",\"itemListElement\":[{\"@type\":\"ListItem\",\"position\":1,\"name\":\"Home\",\"item\":\"https:\/\/nordnesrepublikken.no\/\"},{\"@type\":\"ListItem\",\"position\":2,\"name\":\"hvilke endringer og mulige fordeler\"}]},{\"@type\":\"WebSite\",\"@id\":\"https:\/\/nordnesrepublikken.no\/#website\",\"url\":\"https:\/\/nordnesrepublikken.no\/\",\"name\":\"Nordnesrepublikken\",\"description\":\"Stemmer og Visjoner fra Republikkens Hjerte\",\"publisher\":{\"@id\":\"https:\/\/nordnesrepublikken.no\/#organization\"},\"potentialAction\":[{\"@type\":\"SearchAction\",\"target\":{\"@type\":\"EntryPoint\",\"urlTemplate\":\"https:\/\/nordnesrepublikken.no\/?s={search_term_string}\"},\"query-input\":{\"@type\":\"PropertyValueSpecification\",\"valueRequired\":true,\"valueName\":\"search_term_string\"}}],\"inLanguage\":\"nb-NO\"},{\"@type\":\"Organization\",\"@id\":\"https:\/\/nordnesrepublikken.no\/#organization\",\"name\":\"Nordnesrepublikken\",\"url\":\"https:\/\/nordnesrepublikken.no\/\",\"logo\":{\"@type\":\"ImageObject\",\"inLanguage\":\"nb-NO\",\"@id\":\"https:\/\/nordnesrepublikken.no\/#\/schema\/logo\/image\/\",\"url\":\"https:\/\/nordnesrepublikken.no\/wp-content\/uploads\/2025\/02\/cropped-nordnesrepublikken-2.png\",\"contentUrl\":\"https:\/\/nordnesrepublikken.no\/wp-content\/uploads\/2025\/02\/cropped-nordnesrepublikken-2.png\",\"width\":1248,\"height\":362,\"caption\":\"Nordnesrepublikken\"},\"image\":{\"@id\":\"https:\/\/nordnesrepublikken.no\/#\/schema\/logo\/image\/\"}},{\"@type\":\"Person\",\"@id\":\"https:\/\/nordnesrepublikken.no\/#\/schema\/person\/2e7e81935bab77882fffb79296240ff1\",\"name\":\"Ole Andersen\",\"image\":{\"@type\":\"ImageObject\",\"inLanguage\":\"nb-NO\",\"@id\":\"https:\/\/nordnesrepublikken.no\/#\/schema\/person\/image\/\",\"url\":\"https:\/\/nordnesrepublikken.no\/wp-content\/uploads\/2025\/02\/nordnesrepublikken-2-2-150x150.jpg\",\"contentUrl\":\"https:\/\/nordnesrepublikken.no\/wp-content\/uploads\/2025\/02\/nordnesrepublikken-2-2-150x150.jpg\",\"caption\":\"Ole Andersen\"},\"description\":\"Ettersom jeg vokste opp i Oslo, har jeg alltid v\u00e6rt fascinert av ordenes kraft og deres evne til \u00e5 skape endringer. Etter \u00e5 ha fullf\u00f8rt min utdannelse i kommunikasjon ved Universitetet i Bergen, fikk jeg muligheten til \u00e5 jobbe innen ulike medier, der jeg har s\u00f8kt \u00e5 belyse viktige samfunnssp\u00f8rsm\u00e5l. I dag, som redakt\u00f8r for Nordnesrepublikken, pr\u00f8ver jeg \u00e5 forene min kj\u00e6rlighet for journalistikk med min lidenskap for innovasjon og eventyr.\",\"sameAs\":[\"https:\/\/nordnesrepublikken.no\/\"]}]}<\/script>\n<!-- \/ Yoast SEO plugin. -->","yoast_head_json":{"title":"hvilke endringer og mulige fordeler - Nordnesrepublikken","robots":{"index":"index","follow":"follow","max-snippet":"max-snippet:-1","max-image-preview":"max-image-preview:large","max-video-preview":"max-video-preview:-1"},"canonical":"https:\/\/nordnesrepublikken.no\/index.php\/2025\/11\/18\/hvilke-endringer-og-mulige-fordeler\/","og_locale":"nb_NO","og_type":"article","og_title":"hvilke endringer og mulige fordeler - Nordnesrepublikken","og_description":"I Italia kan sommertid bli fast: i dag, mandag 17. november, legges forslaget til faktaunders\u00f8kelse","og_url":"https:\/\/nordnesrepublikken.no\/index.php\/2025\/11\/18\/hvilke-endringer-og-mulige-fordeler\/","og_site_name":"Nordnesrepublikken","article_published_time":"2025-11-18T01:50:35+00:00","article_modified_time":"2025-11-18T01:50:40+00:00","og_image":[{"width":2122,"height":1412,"url":"https:\/\/nordnesrepublikken.no\/wp-content\/uploads\/2025\/11\/1763430635_hvilke-endringer-og-mulige-fordeler.jpg","type":"image\/jpeg"}],"author":"Ole Andersen","twitter_card":"summary_large_image","twitter_misc":{"Skrevet av":"Ole Andersen","Ansl. lesetid":"3 minutter"},"schema":{"@context":"https:\/\/schema.org","@graph":[{"@type":"Article","@id":"https:\/\/nordnesrepublikken.no\/index.php\/2025\/11\/18\/hvilke-endringer-og-mulige-fordeler\/#article","isPartOf":{"@id":"https:\/\/nordnesrepublikken.no\/index.php\/2025\/11\/18\/hvilke-endringer-og-mulige-fordeler\/"},"author":{"name":"Ole Andersen","@id":"https:\/\/nordnesrepublikken.no\/#\/schema\/person\/2e7e81935bab77882fffb79296240ff1"},"headline":"hvilke endringer og mulige fordeler","datePublished":"2025-11-18T01:50:35+00:00","dateModified":"2025-11-18T01:50:40+00:00","mainEntityOfPage":{"@id":"https:\/\/nordnesrepublikken.no\/index.php\/2025\/11\/18\/hvilke-endringer-og-mulige-fordeler\/"},"wordCount":676,"publisher":{"@id":"https:\/\/nordnesrepublikken.no\/#organization"},"image":{"@id":"https:\/\/nordnesrepublikken.no\/index.php\/2025\/11\/18\/hvilke-endringer-og-mulige-fordeler\/#primaryimage"},"thumbnailUrl":"https:\/\/nordnesrepublikken.no\/wp-content\/uploads\/2025\/11\/1763430635_hvilke-endringer-og-mulige-fordeler.jpg","keywords":["endringer","fordeler","hvilke","mulige"],"articleSection":["Samfunn"],"inLanguage":"nb-NO"},{"@type":"WebPage","@id":"https:\/\/nordnesrepublikken.no\/index.php\/2025\/11\/18\/hvilke-endringer-og-mulige-fordeler\/","url":"https:\/\/nordnesrepublikken.no\/index.php\/2025\/11\/18\/hvilke-endringer-og-mulige-fordeler\/","name":"hvilke endringer og mulige fordeler - Nordnesrepublikken","isPartOf":{"@id":"https:\/\/nordnesrepublikken.no\/#website"},"primaryImageOfPage":{"@id":"https:\/\/nordnesrepublikken.no\/index.php\/2025\/11\/18\/hvilke-endringer-og-mulige-fordeler\/#primaryimage"},"image":{"@id":"https:\/\/nordnesrepublikken.no\/index.php\/2025\/11\/18\/hvilke-endringer-og-mulige-fordeler\/#primaryimage"},"thumbnailUrl":"https:\/\/nordnesrepublikken.no\/wp-content\/uploads\/2025\/11\/1763430635_hvilke-endringer-og-mulige-fordeler.jpg","datePublished":"2025-11-18T01:50:35+00:00","dateModified":"2025-11-18T01:50:40+00:00","breadcrumb":{"@id":"https:\/\/nordnesrepublikken.no\/index.php\/2025\/11\/18\/hvilke-endringer-og-mulige-fordeler\/#breadcrumb"},"inLanguage":"nb-NO","potentialAction":[{"@type":"ReadAction","target":["https:\/\/nordnesrepublikken.no\/index.php\/2025\/11\/18\/hvilke-endringer-og-mulige-fordeler\/"]}]},{"@type":"ImageObject","inLanguage":"nb-NO","@id":"https:\/\/nordnesrepublikken.no\/index.php\/2025\/11\/18\/hvilke-endringer-og-mulige-fordeler\/#primaryimage","url":"https:\/\/nordnesrepublikken.no\/wp-content\/uploads\/2025\/11\/1763430635_hvilke-endringer-og-mulige-fordeler.jpg","contentUrl":"https:\/\/nordnesrepublikken.no\/wp-content\/uploads\/2025\/11\/1763430635_hvilke-endringer-og-mulige-fordeler.jpg","width":2122,"height":1412,"caption":"hvilke endringer og mulige fordeler"},{"@type":"BreadcrumbList","@id":"https:\/\/nordnesrepublikken.no\/index.php\/2025\/11\/18\/hvilke-endringer-og-mulige-fordeler\/#breadcrumb","itemListElement":[{"@type":"ListItem","position":1,"name":"Home","item":"https:\/\/nordnesrepublikken.no\/"},{"@type":"ListItem","position":2,"name":"hvilke endringer og mulige fordeler"}]},{"@type":"WebSite","@id":"https:\/\/nordnesrepublikken.no\/#website","url":"https:\/\/nordnesrepublikken.no\/","name":"Nordnesrepublikken","description":"Stemmer og Visjoner fra Republikkens Hjerte","publisher":{"@id":"https:\/\/nordnesrepublikken.no\/#organization"},"potentialAction":[{"@type":"SearchAction","target":{"@type":"EntryPoint","urlTemplate":"https:\/\/nordnesrepublikken.no\/?s={search_term_string}"},"query-input":{"@type":"PropertyValueSpecification","valueRequired":true,"valueName":"search_term_string"}}],"inLanguage":"nb-NO"},{"@type":"Organization","@id":"https:\/\/nordnesrepublikken.no\/#organization","name":"Nordnesrepublikken","url":"https:\/\/nordnesrepublikken.no\/","logo":{"@type":"ImageObject","inLanguage":"nb-NO","@id":"https:\/\/nordnesrepublikken.no\/#\/schema\/logo\/image\/","url":"https:\/\/nordnesrepublikken.no\/wp-content\/uploads\/2025\/02\/cropped-nordnesrepublikken-2.png","contentUrl":"https:\/\/nordnesrepublikken.no\/wp-content\/uploads\/2025\/02\/cropped-nordnesrepublikken-2.png","width":1248,"height":362,"caption":"Nordnesrepublikken"},"image":{"@id":"https:\/\/nordnesrepublikken.no\/#\/schema\/logo\/image\/"}},{"@type":"Person","@id":"https:\/\/nordnesrepublikken.no\/#\/schema\/person\/2e7e81935bab77882fffb79296240ff1","name":"Ole Andersen","image":{"@type":"ImageObject","inLanguage":"nb-NO","@id":"https:\/\/nordnesrepublikken.no\/#\/schema\/person\/image\/","url":"https:\/\/nordnesrepublikken.no\/wp-content\/uploads\/2025\/02\/nordnesrepublikken-2-2-150x150.jpg","contentUrl":"https:\/\/nordnesrepublikken.no\/wp-content\/uploads\/2025\/02\/nordnesrepublikken-2-2-150x150.jpg","caption":"Ole Andersen"},"description":"Ettersom jeg vokste opp i Oslo, har jeg alltid v\u00e6rt fascinert av ordenes kraft og deres evne til \u00e5 skape endringer. Etter \u00e5 ha fullf\u00f8rt min utdannelse i kommunikasjon ved Universitetet i Bergen, fikk jeg muligheten til \u00e5 jobbe innen ulike medier, der jeg har s\u00f8kt \u00e5 belyse viktige samfunnssp\u00f8rsm\u00e5l. I dag, som redakt\u00f8r for Nordnesrepublikken, pr\u00f8ver jeg \u00e5 forene min kj\u00e6rlighet for journalistikk med min lidenskap for innovasjon og eventyr.","sameAs":["https:\/\/nordnesrepublikken.no\/"]}]}},"_links":{"self":[{"href":"https:\/\/nordnesrepublikken.no\/index.php\/wp-json\/wp\/v2\/posts\/11826","targetHints":{"allow":["GET"]}}],"collection":[{"href":"https:\/\/nordnesrepublikken.no\/index.php\/wp-json\/wp\/v2\/posts"}],"about":[{"href":"https:\/\/nordnesrepublikken.no\/index.php\/wp-json\/wp\/v2\/types\/post"}],"author":[{"embeddable":true,"href":"https:\/\/nordnesrepublikken.no\/index.php\/wp-json\/wp\/v2\/users\/1"}],"replies":[{"embeddable":true,"href":"https:\/\/nordnesrepublikken.no\/index.php\/wp-json\/wp\/v2\/comments?post=11826"}],"version-history":[{"count":1,"href":"https:\/\/nordnesrepublikken.no\/index.php\/wp-json\/wp\/v2\/posts\/11826\/revisions"}],"predecessor-version":[{"id":11828,"href":"https:\/\/nordnesrepublikken.no\/index.php\/wp-json\/wp\/v2\/posts\/11826\/revisions\/11828"}],"wp:featuredmedia":[{"embeddable":true,"href":"https:\/\/nordnesrepublikken.no\/index.php\/wp-json\/wp\/v2\/media\/11827"}],"wp:attachment":[{"href":"https:\/\/nordnesrepublikken.no\/index.php\/wp-json\/wp\/v2\/media?parent=11826"}],"wp:term":[{"taxonomy":"category","embeddable":true,"href":"https:\/\/nordnesrepublikken.no\/index.php\/wp-json\/wp\/v2\/categories?post=11826"},{"taxonomy":"post_tag","embeddable":true,"href":"https:\/\/nordnesrepublikken.no\/index.php\/wp-json\/wp\/v2\/tags?post=11826"}],"curies":[{"name":"wp","href":"https:\/\/api.w.org\/{rel}","templated":true}]}}