{"id":11820,"date":"2025-11-17T21:50:47","date_gmt":"2025-11-17T20:50:47","guid":{"rendered":"https:\/\/nordnesrepublikken.no\/index.php\/2025\/11\/17\/nytt-diplomatisk-sammenstot-mellom-kina-og-japan-om-taiwan-opprinnelsen-til-spenningene-mellom-de-to-landene\/"},"modified":"2025-11-17T21:50:53","modified_gmt":"2025-11-17T20:50:53","slug":"nytt-diplomatisk-sammenstot-mellom-kina-og-japan-om-taiwan-opprinnelsen-til-spenningene-mellom-de-to-landene","status":"publish","type":"post","link":"https:\/\/nordnesrepublikken.no\/index.php\/2025\/11\/17\/nytt-diplomatisk-sammenstot-mellom-kina-og-japan-om-taiwan-opprinnelsen-til-spenningene-mellom-de-to-landene\/","title":{"rendered":"Nytt diplomatisk sammenst\u00f8t mellom Kina og Japan om Taiwan: opprinnelsen til spenningene mellom de to landene"},"content":{"rendered":"<div>\n<div class=\"cp_wrapper cp_wrapper--fw mb-30 mb-20@tablet\">\n<figure class=\"mm\"><picture class=\"img\" style=\"padding-top:56.25%\"><source  media=\"(min-width: 1024px)\"><source  media=\"(min-width: 768px)\"><\/source><\/source><\/picture><\/figure>\n<\/p><\/div>\n<p>De siste dagene har sett en plutselig forverring av <b>forholdet mellom Kina og Japan<\/b>med utgangspunkt i en tale holdt i parlamentet av den japanske statsministeren <b>Sanae Takaichi<\/b>med uttalelser som utl\u00f8ste en diplomatisk strid mellom de to asiatiske landene. I sin tale antydet Takaichi at et kinesisk angrep p\u00e5 <strong>Taiwan<\/strong> kunne v\u00e6re <b>presse Tokyo inn i en milit\u00e6r reaksjon<\/b>: Disse bemerkningene, og hans avslag p\u00e5 \u00e5 trekke dem tilbake, har drevet sinnet til Beijing, som lenge har hevdet suverenitet over \u00f8ya.<\/p>\n<p>Konflikten utviklet seg deretter, og gikk fra en rent verbal plan til Beijings advarsel til innbyggerne om \u00e5 unng\u00e5 reiser og studier i Japan: Tokyo pr\u00f8vde \u00e5 <b>lette spenningene<\/b> sender h\u00f8ytst\u00e5ende utenriksminister Masaaki Kanai for samtaler i Kina, men de siste timene har forholdet mellom Kina og Japan blitt d\u00e5rligere <b>har forverret seg raskt<\/b>med mulige betydelige konsekvenser.<\/p>\n<h2>Sammenst\u00f8t mellom Kina og Japan: hva utl\u00f8ste krisen<\/h2>\n<p>Under en stortingssesjon av <b>7. november<\/b>spurte opposisjonsparlamentsmedlem Hiroshi Ogushi fra Constitutional Democratic Party statsminister Sanae Takaichi hva som kan betraktes som &laquo;en situasjon som truer Japans overlevelse&raquo;, det vil si et scenario der en <b>angrep mot et alliert land<\/b> det ville sette japansk sikkerhet i fare til det punktet at det rettferdiggjorde milit\u00e6r intervensjon, selv om landet ikke ble direkte angrepet. Dette er et ekstremt viktig poeng, tatt i betraktning at Japan vedtok en grunnlov etter andre verdenskrig <b>gi avkall p\u00e5 krigen<\/b> som et middel til \u00e5 l\u00f8se internasjonale tvister og lar de v\u00e6pnede styrkene opprettholdes kun for defensive form\u00e5l.<\/p>\n<p>Stilt overfor dette sp\u00f8rsm\u00e5let, <b>Sanae Takaichi<\/b> ga eksempel p\u00e5 et kinesisk angrep p\u00e5 <b>Taiwan<\/b>. Hvis en n\u00f8dsituasjon i Taiwanstredet innebar utplassering av \u00abkrigsskip og bruk av makt, s\u00e5 kan dette utgj\u00f8re en situasjon som <strong>truer Japans overlevelse<\/strong>uansett hvordan du ser p\u00e5 det\u00bb, sa statsministeren og la til at et angrep p\u00e5 amerikanske krigsskip sendt til Taiwan kan kreve milit\u00e6r intervensjon fra Tokyo for \u00e5 forsvare seg selv og sin allierte, <b>USA<\/b>.<\/p>\n<p>Statsministeren sa senere at disse kommentarene var &laquo;hypotetiske&raquo;, men hun nektet <b>trekke tilbake ordene hans<\/b>og hevdet at de var i tr\u00e5d med regjeringens standpunkt. F\u00f8r Takaichi overtok ledelsen, var han sv\u00e6rt kritisk til Kina og dets milit\u00e6re oppbygging i Asia-Stillehavsregionen. Han bes\u00f8kte <b>Taiwan<\/b> og ba om tettere sikkerhetssamarbeid med \u00f8ya. Uttalelsene hans signaliserte mer orientering <b>nasjonalistisk og konservativ<\/b> av den n\u00e5v\u00e6rende administrasjonen, s\u00e5 vel som dens mer rigide holdning til Beijing.<\/p>\n<p>Disse kommentarene utl\u00f8ste en rask reaksjon fra kinesiske medier og tjenestemenn. I en lederartikkel 11. november, Kinas statskringkaster <b>CCTV<\/b> kalte Takaichis uttalelser &laquo;ekstremt ondsinnede i naturen og virkningen,&raquo; og sa at de &laquo;krysset linjen&raquo; mot Kina. If\u00f8lge den japanske stabssjefen ble skipene til s\u00f8ndagen <b>kinesisk kystvakt<\/b> de tilbrakte flere timer i japansk territorialfarvann.<\/p>\n<p>Talsmannen for det kinesiske utenriksdepartementet, <b>Mao Ning<\/b>oppfordret i stedet Tokyo til \u00e5 respektere forpliktelsene som ble gitt i <b>offisielt dokument<\/b> undertegnet mellom Kina og Japan<b> 1972<\/b>som etablerte gjenopprettingen av diplomatiske forbindelser mellom de to landene. Med denne avtalen anerkjente Japan <b>Folkerepublikken Kina <\/b>som Kinas eneste legitime regjering, og lover \u00e5 respektere Beijings holdning til <b>Taiwan<\/b>. Men mens man respekterer denne traktaten, er Tokyos posisjon ang\u00e5ende \u00f8ya bevisst tvetydig: Japan erkl\u00e6rer ikke formelt at Taiwan er under<b> suvereniteten til Beijing<\/b> og vedlikeholder <b>uoffisielle rapporter<\/b> med Taipei, inkludert \u00f8konomisk utveksling og teknologisk og sikkerhetssamarbeid.<\/p>\n<h2>Forholdet mellom Kina og Japan: krise i horisonten?<\/h2>\n<p>De <b>spenningen mellom Kina og Japan<\/b> de er ikke noe nytt: med jevne mellomrom har faktisk de to hovedstedene blitt m\u00f8tt med \u00f8yeblikk av diplomatisk konflikt. I <b>2012<\/b>for eksempel br\u00f8t det ut anti-japanske protester i mange kinesiske byer over de omstridte \u00f8yene <b>Senkaku\/Diaoyu<\/b>en gruppe sm\u00e5 \u00f8yer i \u00d8st-Kinahavet som er gjenstand for territoriale tvister mellom Japan og Kina. I <b>2017<\/b>kom den japanske hotellkjeden APA Group under kritikk for b\u00f8ker skrevet av presidenten som nektet <b>Nanjing massakre, <\/b>en krigsforbrytelse beg\u00e5tt av den japanske h\u00e6ren under invasjonen av Kina.<\/p>\n<p>Generelt, etter 1945 var forholdet mellom Tokyo og Beijing ofte preget av krise\u00f8yeblikk, under vekten av <b>Japansk krigsfortid<\/b>deres respektive territorielle ambisjoner, \u00f8konomiske sp\u00f8rsm\u00e5l og japansk politikk p\u00e5 Taiwan. Takaichis uttalelser representerte imidlertid f\u00f8rste gang en sittende japansk leder hadde det <b>eksplisitt knyttet<\/b> en konflikt i Taiwan for \u00e5 overleve Japan og en potensiell intervensjon fra Tokyo.<\/p>\n<p>N\u00e5 kan den diplomatiske striden f\u00e5 negative konsekvenser <b>p\u00e5 japansk \u00f8konomi<\/b>hvor Beijing r\u00e5der sine innbyggere blant annet til \u00e5 unng\u00e5 \u00e5 reise til det japanske landet. Kina er <b>hovedkilden til turisme<\/b> for Japan og denne krisen kan ramme reisesektoren hardt: Kinesiske bes\u00f8kende representerer ca <b>25 % av turisttrafikken <\/b>fra utlandet til Japan.<\/p>\n<p>Disse \u00f8konomiske truslene er blant eskaleringsverkt\u00f8yene som den kinesiske regjeringen er klar til \u00e5 bruke for \u00e5 utnytte sin globale vekt: hvis en reell <b>handelskonflikt<\/b>Japan kan for eksempel ogs\u00e5 v\u00e6re utsatt for restriksjoner p\u00e5 eksport av <b>sjeldne jordarter og kritiske mineraler<\/b> eller \u00e5 p\u00e5legge <b>eksportrestriksjoner <\/b>japansk.<\/p>\n<\/p><\/div>\n","protected":false},"excerpt":{"rendered":"<p>De siste dagene har sett en plutselig forverring av forholdet mellom Kina og Japanmed utgangspunkt<\/p>\n","protected":false},"author":1,"featured_media":11821,"comment_status":"closed","ping_status":"open","sticky":false,"template":"","format":"standard","meta":{"footnotes":""},"categories":[23],"tags":[7779,772,365,146,212,2174,2162,5584,7780,3051,117],"class_list":["post-11820","post","type-post","status-publish","format-standard","has-post-thumbnail","hentry","category-politikk","tag-diplomatisk","tag-japan","tag-kina","tag-landene","tag-mellom","tag-nytt","tag-opprinnelsen","tag-sammenstot","tag-spenningene","tag-taiwan","tag-til","generate-columns","tablet-grid-50","mobile-grid-100","grid-parent","grid-33","resize-featured-image"],"yoast_head":"<!-- This site is optimized with the Yoast SEO plugin v24.4 - https:\/\/yoast.com\/wordpress\/plugins\/seo\/ -->\n<title>Nytt diplomatisk sammenst\u00f8t mellom Kina og Japan om Taiwan: opprinnelsen til spenningene mellom de to landene - Nordnesrepublikken<\/title>\n<meta name=\"robots\" content=\"index, follow, max-snippet:-1, max-image-preview:large, max-video-preview:-1\" \/>\n<link rel=\"canonical\" href=\"https:\/\/nordnesrepublikken.no\/index.php\/2025\/11\/17\/nytt-diplomatisk-sammenstot-mellom-kina-og-japan-om-taiwan-opprinnelsen-til-spenningene-mellom-de-to-landene\/\" \/>\n<meta property=\"og:locale\" content=\"nb_NO\" \/>\n<meta property=\"og:type\" content=\"article\" \/>\n<meta property=\"og:title\" content=\"Nytt diplomatisk sammenst\u00f8t mellom Kina og Japan om Taiwan: opprinnelsen til spenningene mellom de to landene - Nordnesrepublikken\" \/>\n<meta property=\"og:description\" content=\"De siste dagene har sett en plutselig forverring av forholdet mellom Kina og Japanmed utgangspunkt\" \/>\n<meta property=\"og:url\" content=\"https:\/\/nordnesrepublikken.no\/index.php\/2025\/11\/17\/nytt-diplomatisk-sammenstot-mellom-kina-og-japan-om-taiwan-opprinnelsen-til-spenningene-mellom-de-to-landene\/\" \/>\n<meta property=\"og:site_name\" content=\"Nordnesrepublikken\" \/>\n<meta property=\"article:published_time\" content=\"2025-11-17T20:50:47+00:00\" \/>\n<meta property=\"article:modified_time\" content=\"2025-11-17T20:50:53+00:00\" \/>\n<meta property=\"og:image\" content=\"https:\/\/nordnesrepublikken.no\/wp-content\/uploads\/2025\/11\/1763412647_Nytt-diplomatisk-sammenstot-mellom-Kina-og-Japan-om-Taiwan-opprinnelsen-scaled.jpg\" \/>\n\t<meta property=\"og:image:width\" content=\"2560\" \/>\n\t<meta property=\"og:image:height\" content=\"1440\" \/>\n\t<meta property=\"og:image:type\" content=\"image\/jpeg\" \/>\n<meta name=\"author\" content=\"Ole Andersen\" \/>\n<meta name=\"twitter:card\" content=\"summary_large_image\" \/>\n<meta name=\"twitter:label1\" content=\"Skrevet av\" \/>\n\t<meta name=\"twitter:data1\" content=\"Ole Andersen\" \/>\n\t<meta name=\"twitter:label2\" content=\"Ansl. lesetid\" \/>\n\t<meta name=\"twitter:data2\" content=\"4 minutter\" \/>\n<script type=\"application\/ld+json\" class=\"yoast-schema-graph\">{\"@context\":\"https:\/\/schema.org\",\"@graph\":[{\"@type\":\"Article\",\"@id\":\"https:\/\/nordnesrepublikken.no\/index.php\/2025\/11\/17\/nytt-diplomatisk-sammenstot-mellom-kina-og-japan-om-taiwan-opprinnelsen-til-spenningene-mellom-de-to-landene\/#article\",\"isPartOf\":{\"@id\":\"https:\/\/nordnesrepublikken.no\/index.php\/2025\/11\/17\/nytt-diplomatisk-sammenstot-mellom-kina-og-japan-om-taiwan-opprinnelsen-til-spenningene-mellom-de-to-landene\/\"},\"author\":{\"name\":\"Ole Andersen\",\"@id\":\"https:\/\/nordnesrepublikken.no\/#\/schema\/person\/2e7e81935bab77882fffb79296240ff1\"},\"headline\":\"Nytt diplomatisk sammenst\u00f8t mellom Kina og Japan om Taiwan: opprinnelsen til spenningene mellom de to landene\",\"datePublished\":\"2025-11-17T20:50:47+00:00\",\"dateModified\":\"2025-11-17T20:50:53+00:00\",\"mainEntityOfPage\":{\"@id\":\"https:\/\/nordnesrepublikken.no\/index.php\/2025\/11\/17\/nytt-diplomatisk-sammenstot-mellom-kina-og-japan-om-taiwan-opprinnelsen-til-spenningene-mellom-de-to-landene\/\"},\"wordCount\":825,\"publisher\":{\"@id\":\"https:\/\/nordnesrepublikken.no\/#organization\"},\"image\":{\"@id\":\"https:\/\/nordnesrepublikken.no\/index.php\/2025\/11\/17\/nytt-diplomatisk-sammenstot-mellom-kina-og-japan-om-taiwan-opprinnelsen-til-spenningene-mellom-de-to-landene\/#primaryimage\"},\"thumbnailUrl\":\"https:\/\/nordnesrepublikken.no\/wp-content\/uploads\/2025\/11\/1763412647_Nytt-diplomatisk-sammenstot-mellom-Kina-og-Japan-om-Taiwan-opprinnelsen-scaled.jpg\",\"keywords\":[\"diplomatisk\",\"Japan\",\"Kina\",\"landene\",\"mellom\",\"Nytt\",\"Opprinnelsen\",\"sammenst\u00f8t\",\"spenningene\",\"Taiwan\",\"til\"],\"articleSection\":[\"Politikk\"],\"inLanguage\":\"nb-NO\"},{\"@type\":\"WebPage\",\"@id\":\"https:\/\/nordnesrepublikken.no\/index.php\/2025\/11\/17\/nytt-diplomatisk-sammenstot-mellom-kina-og-japan-om-taiwan-opprinnelsen-til-spenningene-mellom-de-to-landene\/\",\"url\":\"https:\/\/nordnesrepublikken.no\/index.php\/2025\/11\/17\/nytt-diplomatisk-sammenstot-mellom-kina-og-japan-om-taiwan-opprinnelsen-til-spenningene-mellom-de-to-landene\/\",\"name\":\"Nytt diplomatisk sammenst\u00f8t mellom Kina og Japan om Taiwan: opprinnelsen til spenningene mellom de to landene - Nordnesrepublikken\",\"isPartOf\":{\"@id\":\"https:\/\/nordnesrepublikken.no\/#website\"},\"primaryImageOfPage\":{\"@id\":\"https:\/\/nordnesrepublikken.no\/index.php\/2025\/11\/17\/nytt-diplomatisk-sammenstot-mellom-kina-og-japan-om-taiwan-opprinnelsen-til-spenningene-mellom-de-to-landene\/#primaryimage\"},\"image\":{\"@id\":\"https:\/\/nordnesrepublikken.no\/index.php\/2025\/11\/17\/nytt-diplomatisk-sammenstot-mellom-kina-og-japan-om-taiwan-opprinnelsen-til-spenningene-mellom-de-to-landene\/#primaryimage\"},\"thumbnailUrl\":\"https:\/\/nordnesrepublikken.no\/wp-content\/uploads\/2025\/11\/1763412647_Nytt-diplomatisk-sammenstot-mellom-Kina-og-Japan-om-Taiwan-opprinnelsen-scaled.jpg\",\"datePublished\":\"2025-11-17T20:50:47+00:00\",\"dateModified\":\"2025-11-17T20:50:53+00:00\",\"breadcrumb\":{\"@id\":\"https:\/\/nordnesrepublikken.no\/index.php\/2025\/11\/17\/nytt-diplomatisk-sammenstot-mellom-kina-og-japan-om-taiwan-opprinnelsen-til-spenningene-mellom-de-to-landene\/#breadcrumb\"},\"inLanguage\":\"nb-NO\",\"potentialAction\":[{\"@type\":\"ReadAction\",\"target\":[\"https:\/\/nordnesrepublikken.no\/index.php\/2025\/11\/17\/nytt-diplomatisk-sammenstot-mellom-kina-og-japan-om-taiwan-opprinnelsen-til-spenningene-mellom-de-to-landene\/\"]}]},{\"@type\":\"ImageObject\",\"inLanguage\":\"nb-NO\",\"@id\":\"https:\/\/nordnesrepublikken.no\/index.php\/2025\/11\/17\/nytt-diplomatisk-sammenstot-mellom-kina-og-japan-om-taiwan-opprinnelsen-til-spenningene-mellom-de-to-landene\/#primaryimage\",\"url\":\"https:\/\/nordnesrepublikken.no\/wp-content\/uploads\/2025\/11\/1763412647_Nytt-diplomatisk-sammenstot-mellom-Kina-og-Japan-om-Taiwan-opprinnelsen-scaled.jpg\",\"contentUrl\":\"https:\/\/nordnesrepublikken.no\/wp-content\/uploads\/2025\/11\/1763412647_Nytt-diplomatisk-sammenstot-mellom-Kina-og-Japan-om-Taiwan-opprinnelsen-scaled.jpg\",\"width\":2560,\"height\":1440,\"caption\":\"Nytt diplomatisk sammenst\u00f8t mellom Kina og Japan om Taiwan: opprinnelsen til spenningene mellom de to landene\"},{\"@type\":\"BreadcrumbList\",\"@id\":\"https:\/\/nordnesrepublikken.no\/index.php\/2025\/11\/17\/nytt-diplomatisk-sammenstot-mellom-kina-og-japan-om-taiwan-opprinnelsen-til-spenningene-mellom-de-to-landene\/#breadcrumb\",\"itemListElement\":[{\"@type\":\"ListItem\",\"position\":1,\"name\":\"Home\",\"item\":\"https:\/\/nordnesrepublikken.no\/\"},{\"@type\":\"ListItem\",\"position\":2,\"name\":\"Nytt diplomatisk sammenst\u00f8t mellom Kina og Japan om Taiwan: opprinnelsen til spenningene mellom de to landene\"}]},{\"@type\":\"WebSite\",\"@id\":\"https:\/\/nordnesrepublikken.no\/#website\",\"url\":\"https:\/\/nordnesrepublikken.no\/\",\"name\":\"Nordnesrepublikken\",\"description\":\"Stemmer og Visjoner fra Republikkens Hjerte\",\"publisher\":{\"@id\":\"https:\/\/nordnesrepublikken.no\/#organization\"},\"potentialAction\":[{\"@type\":\"SearchAction\",\"target\":{\"@type\":\"EntryPoint\",\"urlTemplate\":\"https:\/\/nordnesrepublikken.no\/?s={search_term_string}\"},\"query-input\":{\"@type\":\"PropertyValueSpecification\",\"valueRequired\":true,\"valueName\":\"search_term_string\"}}],\"inLanguage\":\"nb-NO\"},{\"@type\":\"Organization\",\"@id\":\"https:\/\/nordnesrepublikken.no\/#organization\",\"name\":\"Nordnesrepublikken\",\"url\":\"https:\/\/nordnesrepublikken.no\/\",\"logo\":{\"@type\":\"ImageObject\",\"inLanguage\":\"nb-NO\",\"@id\":\"https:\/\/nordnesrepublikken.no\/#\/schema\/logo\/image\/\",\"url\":\"https:\/\/nordnesrepublikken.no\/wp-content\/uploads\/2025\/02\/cropped-nordnesrepublikken-2.png\",\"contentUrl\":\"https:\/\/nordnesrepublikken.no\/wp-content\/uploads\/2025\/02\/cropped-nordnesrepublikken-2.png\",\"width\":1248,\"height\":362,\"caption\":\"Nordnesrepublikken\"},\"image\":{\"@id\":\"https:\/\/nordnesrepublikken.no\/#\/schema\/logo\/image\/\"}},{\"@type\":\"Person\",\"@id\":\"https:\/\/nordnesrepublikken.no\/#\/schema\/person\/2e7e81935bab77882fffb79296240ff1\",\"name\":\"Ole Andersen\",\"image\":{\"@type\":\"ImageObject\",\"inLanguage\":\"nb-NO\",\"@id\":\"https:\/\/nordnesrepublikken.no\/#\/schema\/person\/image\/\",\"url\":\"https:\/\/nordnesrepublikken.no\/wp-content\/uploads\/2025\/02\/nordnesrepublikken-2-2-150x150.jpg\",\"contentUrl\":\"https:\/\/nordnesrepublikken.no\/wp-content\/uploads\/2025\/02\/nordnesrepublikken-2-2-150x150.jpg\",\"caption\":\"Ole Andersen\"},\"description\":\"Ettersom jeg vokste opp i Oslo, har jeg alltid v\u00e6rt fascinert av ordenes kraft og deres evne til \u00e5 skape endringer. Etter \u00e5 ha fullf\u00f8rt min utdannelse i kommunikasjon ved Universitetet i Bergen, fikk jeg muligheten til \u00e5 jobbe innen ulike medier, der jeg har s\u00f8kt \u00e5 belyse viktige samfunnssp\u00f8rsm\u00e5l. I dag, som redakt\u00f8r for Nordnesrepublikken, pr\u00f8ver jeg \u00e5 forene min kj\u00e6rlighet for journalistikk med min lidenskap for innovasjon og eventyr.\",\"sameAs\":[\"https:\/\/nordnesrepublikken.no\/\"]}]}<\/script>\n<!-- \/ Yoast SEO plugin. -->","yoast_head_json":{"title":"Nytt diplomatisk sammenst\u00f8t mellom Kina og Japan om Taiwan: opprinnelsen til spenningene mellom de to landene - Nordnesrepublikken","robots":{"index":"index","follow":"follow","max-snippet":"max-snippet:-1","max-image-preview":"max-image-preview:large","max-video-preview":"max-video-preview:-1"},"canonical":"https:\/\/nordnesrepublikken.no\/index.php\/2025\/11\/17\/nytt-diplomatisk-sammenstot-mellom-kina-og-japan-om-taiwan-opprinnelsen-til-spenningene-mellom-de-to-landene\/","og_locale":"nb_NO","og_type":"article","og_title":"Nytt diplomatisk sammenst\u00f8t mellom Kina og Japan om Taiwan: opprinnelsen til spenningene mellom de to landene - Nordnesrepublikken","og_description":"De siste dagene har sett en plutselig forverring av forholdet mellom Kina og Japanmed utgangspunkt","og_url":"https:\/\/nordnesrepublikken.no\/index.php\/2025\/11\/17\/nytt-diplomatisk-sammenstot-mellom-kina-og-japan-om-taiwan-opprinnelsen-til-spenningene-mellom-de-to-landene\/","og_site_name":"Nordnesrepublikken","article_published_time":"2025-11-17T20:50:47+00:00","article_modified_time":"2025-11-17T20:50:53+00:00","og_image":[{"width":2560,"height":1440,"url":"https:\/\/nordnesrepublikken.no\/wp-content\/uploads\/2025\/11\/1763412647_Nytt-diplomatisk-sammenstot-mellom-Kina-og-Japan-om-Taiwan-opprinnelsen-scaled.jpg","type":"image\/jpeg"}],"author":"Ole Andersen","twitter_card":"summary_large_image","twitter_misc":{"Skrevet av":"Ole Andersen","Ansl. lesetid":"4 minutter"},"schema":{"@context":"https:\/\/schema.org","@graph":[{"@type":"Article","@id":"https:\/\/nordnesrepublikken.no\/index.php\/2025\/11\/17\/nytt-diplomatisk-sammenstot-mellom-kina-og-japan-om-taiwan-opprinnelsen-til-spenningene-mellom-de-to-landene\/#article","isPartOf":{"@id":"https:\/\/nordnesrepublikken.no\/index.php\/2025\/11\/17\/nytt-diplomatisk-sammenstot-mellom-kina-og-japan-om-taiwan-opprinnelsen-til-spenningene-mellom-de-to-landene\/"},"author":{"name":"Ole Andersen","@id":"https:\/\/nordnesrepublikken.no\/#\/schema\/person\/2e7e81935bab77882fffb79296240ff1"},"headline":"Nytt diplomatisk sammenst\u00f8t mellom Kina og Japan om Taiwan: opprinnelsen til spenningene mellom de to landene","datePublished":"2025-11-17T20:50:47+00:00","dateModified":"2025-11-17T20:50:53+00:00","mainEntityOfPage":{"@id":"https:\/\/nordnesrepublikken.no\/index.php\/2025\/11\/17\/nytt-diplomatisk-sammenstot-mellom-kina-og-japan-om-taiwan-opprinnelsen-til-spenningene-mellom-de-to-landene\/"},"wordCount":825,"publisher":{"@id":"https:\/\/nordnesrepublikken.no\/#organization"},"image":{"@id":"https:\/\/nordnesrepublikken.no\/index.php\/2025\/11\/17\/nytt-diplomatisk-sammenstot-mellom-kina-og-japan-om-taiwan-opprinnelsen-til-spenningene-mellom-de-to-landene\/#primaryimage"},"thumbnailUrl":"https:\/\/nordnesrepublikken.no\/wp-content\/uploads\/2025\/11\/1763412647_Nytt-diplomatisk-sammenstot-mellom-Kina-og-Japan-om-Taiwan-opprinnelsen-scaled.jpg","keywords":["diplomatisk","Japan","Kina","landene","mellom","Nytt","Opprinnelsen","sammenst\u00f8t","spenningene","Taiwan","til"],"articleSection":["Politikk"],"inLanguage":"nb-NO"},{"@type":"WebPage","@id":"https:\/\/nordnesrepublikken.no\/index.php\/2025\/11\/17\/nytt-diplomatisk-sammenstot-mellom-kina-og-japan-om-taiwan-opprinnelsen-til-spenningene-mellom-de-to-landene\/","url":"https:\/\/nordnesrepublikken.no\/index.php\/2025\/11\/17\/nytt-diplomatisk-sammenstot-mellom-kina-og-japan-om-taiwan-opprinnelsen-til-spenningene-mellom-de-to-landene\/","name":"Nytt diplomatisk sammenst\u00f8t mellom Kina og Japan om Taiwan: opprinnelsen til spenningene mellom de to landene - Nordnesrepublikken","isPartOf":{"@id":"https:\/\/nordnesrepublikken.no\/#website"},"primaryImageOfPage":{"@id":"https:\/\/nordnesrepublikken.no\/index.php\/2025\/11\/17\/nytt-diplomatisk-sammenstot-mellom-kina-og-japan-om-taiwan-opprinnelsen-til-spenningene-mellom-de-to-landene\/#primaryimage"},"image":{"@id":"https:\/\/nordnesrepublikken.no\/index.php\/2025\/11\/17\/nytt-diplomatisk-sammenstot-mellom-kina-og-japan-om-taiwan-opprinnelsen-til-spenningene-mellom-de-to-landene\/#primaryimage"},"thumbnailUrl":"https:\/\/nordnesrepublikken.no\/wp-content\/uploads\/2025\/11\/1763412647_Nytt-diplomatisk-sammenstot-mellom-Kina-og-Japan-om-Taiwan-opprinnelsen-scaled.jpg","datePublished":"2025-11-17T20:50:47+00:00","dateModified":"2025-11-17T20:50:53+00:00","breadcrumb":{"@id":"https:\/\/nordnesrepublikken.no\/index.php\/2025\/11\/17\/nytt-diplomatisk-sammenstot-mellom-kina-og-japan-om-taiwan-opprinnelsen-til-spenningene-mellom-de-to-landene\/#breadcrumb"},"inLanguage":"nb-NO","potentialAction":[{"@type":"ReadAction","target":["https:\/\/nordnesrepublikken.no\/index.php\/2025\/11\/17\/nytt-diplomatisk-sammenstot-mellom-kina-og-japan-om-taiwan-opprinnelsen-til-spenningene-mellom-de-to-landene\/"]}]},{"@type":"ImageObject","inLanguage":"nb-NO","@id":"https:\/\/nordnesrepublikken.no\/index.php\/2025\/11\/17\/nytt-diplomatisk-sammenstot-mellom-kina-og-japan-om-taiwan-opprinnelsen-til-spenningene-mellom-de-to-landene\/#primaryimage","url":"https:\/\/nordnesrepublikken.no\/wp-content\/uploads\/2025\/11\/1763412647_Nytt-diplomatisk-sammenstot-mellom-Kina-og-Japan-om-Taiwan-opprinnelsen-scaled.jpg","contentUrl":"https:\/\/nordnesrepublikken.no\/wp-content\/uploads\/2025\/11\/1763412647_Nytt-diplomatisk-sammenstot-mellom-Kina-og-Japan-om-Taiwan-opprinnelsen-scaled.jpg","width":2560,"height":1440,"caption":"Nytt diplomatisk sammenst\u00f8t mellom Kina og Japan om Taiwan: opprinnelsen til spenningene mellom de to landene"},{"@type":"BreadcrumbList","@id":"https:\/\/nordnesrepublikken.no\/index.php\/2025\/11\/17\/nytt-diplomatisk-sammenstot-mellom-kina-og-japan-om-taiwan-opprinnelsen-til-spenningene-mellom-de-to-landene\/#breadcrumb","itemListElement":[{"@type":"ListItem","position":1,"name":"Home","item":"https:\/\/nordnesrepublikken.no\/"},{"@type":"ListItem","position":2,"name":"Nytt diplomatisk sammenst\u00f8t mellom Kina og Japan om Taiwan: opprinnelsen til spenningene mellom de to landene"}]},{"@type":"WebSite","@id":"https:\/\/nordnesrepublikken.no\/#website","url":"https:\/\/nordnesrepublikken.no\/","name":"Nordnesrepublikken","description":"Stemmer og Visjoner fra Republikkens Hjerte","publisher":{"@id":"https:\/\/nordnesrepublikken.no\/#organization"},"potentialAction":[{"@type":"SearchAction","target":{"@type":"EntryPoint","urlTemplate":"https:\/\/nordnesrepublikken.no\/?s={search_term_string}"},"query-input":{"@type":"PropertyValueSpecification","valueRequired":true,"valueName":"search_term_string"}}],"inLanguage":"nb-NO"},{"@type":"Organization","@id":"https:\/\/nordnesrepublikken.no\/#organization","name":"Nordnesrepublikken","url":"https:\/\/nordnesrepublikken.no\/","logo":{"@type":"ImageObject","inLanguage":"nb-NO","@id":"https:\/\/nordnesrepublikken.no\/#\/schema\/logo\/image\/","url":"https:\/\/nordnesrepublikken.no\/wp-content\/uploads\/2025\/02\/cropped-nordnesrepublikken-2.png","contentUrl":"https:\/\/nordnesrepublikken.no\/wp-content\/uploads\/2025\/02\/cropped-nordnesrepublikken-2.png","width":1248,"height":362,"caption":"Nordnesrepublikken"},"image":{"@id":"https:\/\/nordnesrepublikken.no\/#\/schema\/logo\/image\/"}},{"@type":"Person","@id":"https:\/\/nordnesrepublikken.no\/#\/schema\/person\/2e7e81935bab77882fffb79296240ff1","name":"Ole Andersen","image":{"@type":"ImageObject","inLanguage":"nb-NO","@id":"https:\/\/nordnesrepublikken.no\/#\/schema\/person\/image\/","url":"https:\/\/nordnesrepublikken.no\/wp-content\/uploads\/2025\/02\/nordnesrepublikken-2-2-150x150.jpg","contentUrl":"https:\/\/nordnesrepublikken.no\/wp-content\/uploads\/2025\/02\/nordnesrepublikken-2-2-150x150.jpg","caption":"Ole Andersen"},"description":"Ettersom jeg vokste opp i Oslo, har jeg alltid v\u00e6rt fascinert av ordenes kraft og deres evne til \u00e5 skape endringer. Etter \u00e5 ha fullf\u00f8rt min utdannelse i kommunikasjon ved Universitetet i Bergen, fikk jeg muligheten til \u00e5 jobbe innen ulike medier, der jeg har s\u00f8kt \u00e5 belyse viktige samfunnssp\u00f8rsm\u00e5l. I dag, som redakt\u00f8r for Nordnesrepublikken, pr\u00f8ver jeg \u00e5 forene min kj\u00e6rlighet for journalistikk med min lidenskap for innovasjon og eventyr.","sameAs":["https:\/\/nordnesrepublikken.no\/"]}]}},"_links":{"self":[{"href":"https:\/\/nordnesrepublikken.no\/index.php\/wp-json\/wp\/v2\/posts\/11820","targetHints":{"allow":["GET"]}}],"collection":[{"href":"https:\/\/nordnesrepublikken.no\/index.php\/wp-json\/wp\/v2\/posts"}],"about":[{"href":"https:\/\/nordnesrepublikken.no\/index.php\/wp-json\/wp\/v2\/types\/post"}],"author":[{"embeddable":true,"href":"https:\/\/nordnesrepublikken.no\/index.php\/wp-json\/wp\/v2\/users\/1"}],"replies":[{"embeddable":true,"href":"https:\/\/nordnesrepublikken.no\/index.php\/wp-json\/wp\/v2\/comments?post=11820"}],"version-history":[{"count":1,"href":"https:\/\/nordnesrepublikken.no\/index.php\/wp-json\/wp\/v2\/posts\/11820\/revisions"}],"predecessor-version":[{"id":11822,"href":"https:\/\/nordnesrepublikken.no\/index.php\/wp-json\/wp\/v2\/posts\/11820\/revisions\/11822"}],"wp:featuredmedia":[{"embeddable":true,"href":"https:\/\/nordnesrepublikken.no\/index.php\/wp-json\/wp\/v2\/media\/11821"}],"wp:attachment":[{"href":"https:\/\/nordnesrepublikken.no\/index.php\/wp-json\/wp\/v2\/media?parent=11820"}],"wp:term":[{"taxonomy":"category","embeddable":true,"href":"https:\/\/nordnesrepublikken.no\/index.php\/wp-json\/wp\/v2\/categories?post=11820"},{"taxonomy":"post_tag","embeddable":true,"href":"https:\/\/nordnesrepublikken.no\/index.php\/wp-json\/wp\/v2\/tags?post=11820"}],"curies":[{"name":"wp","href":"https:\/\/api.w.org\/{rel}","templated":true}]}}