{"id":11805,"date":"2025-11-17T18:50:55","date_gmt":"2025-11-17T17:50:55","guid":{"rendered":"https:\/\/nordnesrepublikken.no\/index.php\/2025\/11\/17\/jul-i-fuengirola-musikk-lys-og-festlige-markeder\/"},"modified":"2025-11-17T18:50:56","modified_gmt":"2025-11-17T17:50:56","slug":"jul-i-fuengirola-musikk-lys-og-festlige-markeder","status":"publish","type":"post","link":"https:\/\/nordnesrepublikken.no\/index.php\/2025\/11\/17\/jul-i-fuengirola-musikk-lys-og-festlige-markeder\/","title":{"rendered":"Jul i Fuengirola: musikk, lys og festlige markeder"},"content":{"rendered":"<p><\/p>\n<div class=\"wordpress-content\">\n                    <!-- Article Start --><\/p>\n<p>Fuengirola forbereder seg p\u00e5 en magisk h\u00f8ytid, og et av h\u00f8ydepunktene er en ny begivenhet \u2013 Carols by Candlelight \u2013 som finner sted torsdag 18. desember fra 18.30 til 21.00 p\u00e5 Playa del Ejido, ved slottet.<\/p>\n<p>Lokalbefolkningen og bes\u00f8kende i alle aldre inviteres til \u00e5 ta med pikniktepper eller stoler og bli med p\u00e5 en hjertevarm kveld med julemusikk under stjernene. Billetter koster 5 \u20ac per person og kan forh\u00e5ndsbestilles via WhatsApp p\u00e5 +34 711 099 171 for \u00e5 unng\u00e5 k\u00f8er.<\/p>\n<p>Hver billett inkluderer et elektronisk stearinlys, sangbok, gl\u00f8gg eller varm sjokolade, og en kake eller kj\u00f8ttdeig, noe som gj\u00f8r det til en nydelig familievennlig festopplevelse. H\u00e5ndlagde gaver vil ogs\u00e5 v\u00e6re til salgs for \u00e5 st\u00f8tte de f\u00f8rste Fuengirola-speiderne, og alle oppfordres til \u00e5 ta p\u00e5 seg nisseluene og synge av full hals til noen klassiske julesanger. Arrangementet lover latter, glede og minneverdige \u00f8yeblikk for alle aldre.<\/p>\n<div class=\"sra_unit\"><link rel=\"stylesheet\" id=\"block-sra\" href=\"https:\/\/euroweeklynews.com\/wp-content\/plugins\/snack-related-articles\/dist\/css\/snack-related.min.css?250312-193541\" type=\"text\/css\" media=\"all\">\n<\/div>\n<p>Du b\u00f8r heller ikke g\u00e5 glipp av den offisielle julelyset tenningen 28. november, med en ny rosa kirseb\u00e6rtreskog installert ved siden av Illunion Hotel, sammen med en fantastisk lysskjerm foran r\u00e5dhuset, med blendende lysshow hver halvtime fra 19.00 til 21.00.<\/p>\n<p>Og tilbake er det h\u00f8yt elskede julemarkedet p\u00e5 Plaza de la Constituci\u00f3n. G\u00e5r fra 27. november til 21. desember. Markedet vil forvandle det sentrale torget til et vinterlandskap, og skape et feriested for lokal shopping, festlige godbiter og familiemoro.<\/p>\n<p>Sytten trehytter viser frem h\u00e5ndlagde produkter med ferietema, og gir bes\u00f8kende sjansen til \u00e5 finne unike gaver samtidig som de st\u00f8tter lokale h\u00e5ndverkere og bedrifter. Julemarkedet er ikke bare for shopping. Hver l\u00f8rdag faller det kunstig sn\u00f8 over torget, som gleder b\u00e5de barn og voksne og skaper en ekte feststemning i hjertet av Fuengirola. Den sentrale beliggenheten gj\u00f8r det enkelt \u00e5 kombinere et markedsbes\u00f8k med andre sesongbegivenheter, noe som gj\u00f8r det til et must-see for alle som s\u00f8ker en autentisk spansk juleopplevelse p\u00e5 Costa del Sol.<\/p>\n<p>Enten du leter etter h\u00e5ndlagde gaver, nyter festlig underholdning, ser p\u00e5 liveopptredener eller smaker p\u00e5 tradisjonelle spanske godbiter, tilbyr Fuengirola julemarked noe for enhver smak.<\/p>\n<p>                    <!-- Originally published at https:\/\/euroweeklynews.com\/2025\/11\/17\/christmas-in-fuengirola-music-lights-and-festive-markets\/ on 17 Nov 2025 at 16:37 by Donna Neely --><br \/>\n                    <!-- Article End -->\n                <\/div>\n","protected":false},"excerpt":{"rendered":"<p>Fuengirola forbereder seg p\u00e5 en magisk h\u00f8ytid, og et av h\u00f8ydepunktene er en ny begivenhet<\/p>\n","protected":false},"author":1,"featured_media":11806,"comment_status":"closed","ping_status":"open","sticky":false,"template":"","format":"standard","meta":{"footnotes":""},"categories":[105],"tags":[7774,5253,7773,197,7775,5634],"class_list":["post-11805","post","type-post","status-publish","format-standard","has-post-thumbnail","hentry","category-livsstil","tag-festlige","tag-fuengirola","tag-jul","tag-lys","tag-markeder","tag-musikk","generate-columns","tablet-grid-50","mobile-grid-100","grid-parent","grid-33","resize-featured-image"],"yoast_head":"<!-- This site is optimized with the Yoast SEO plugin v24.4 - https:\/\/yoast.com\/wordpress\/plugins\/seo\/ -->\n<title>Jul i Fuengirola: musikk, lys og festlige markeder - Nordnesrepublikken<\/title>\n<meta name=\"robots\" content=\"index, follow, max-snippet:-1, max-image-preview:large, max-video-preview:-1\" \/>\n<link rel=\"canonical\" href=\"https:\/\/nordnesrepublikken.no\/index.php\/2025\/11\/17\/jul-i-fuengirola-musikk-lys-og-festlige-markeder\/\" \/>\n<meta property=\"og:locale\" content=\"nb_NO\" \/>\n<meta property=\"og:type\" content=\"article\" \/>\n<meta property=\"og:title\" content=\"Jul i Fuengirola: musikk, lys og festlige markeder - Nordnesrepublikken\" \/>\n<meta property=\"og:description\" content=\"Fuengirola forbereder seg p\u00e5 en magisk h\u00f8ytid, og et av h\u00f8ydepunktene er en ny begivenhet\" \/>\n<meta property=\"og:url\" content=\"https:\/\/nordnesrepublikken.no\/index.php\/2025\/11\/17\/jul-i-fuengirola-musikk-lys-og-festlige-markeder\/\" \/>\n<meta property=\"og:site_name\" content=\"Nordnesrepublikken\" \/>\n<meta property=\"article:published_time\" content=\"2025-11-17T17:50:55+00:00\" \/>\n<meta property=\"article:modified_time\" content=\"2025-11-17T17:50:56+00:00\" \/>\n<meta property=\"og:image\" content=\"https:\/\/nordnesrepublikken.no\/wp-content\/uploads\/2025\/11\/1763401855_Jul-i-Fuengirola-musikk-lys-og-festlige-markeder.jpg\" \/>\n\t<meta property=\"og:image:width\" content=\"1024\" \/>\n\t<meta property=\"og:image:height\" content=\"589\" \/>\n\t<meta property=\"og:image:type\" content=\"image\/jpeg\" \/>\n<meta name=\"author\" content=\"Ole Andersen\" \/>\n<meta name=\"twitter:card\" content=\"summary_large_image\" \/>\n<meta name=\"twitter:label1\" content=\"Skrevet av\" \/>\n\t<meta name=\"twitter:data1\" content=\"Ole Andersen\" \/>\n\t<meta name=\"twitter:label2\" content=\"Ansl. lesetid\" \/>\n\t<meta name=\"twitter:data2\" content=\"2 minutter\" \/>\n<script type=\"application\/ld+json\" class=\"yoast-schema-graph\">{\"@context\":\"https:\/\/schema.org\",\"@graph\":[{\"@type\":\"Article\",\"@id\":\"https:\/\/nordnesrepublikken.no\/index.php\/2025\/11\/17\/jul-i-fuengirola-musikk-lys-og-festlige-markeder\/#article\",\"isPartOf\":{\"@id\":\"https:\/\/nordnesrepublikken.no\/index.php\/2025\/11\/17\/jul-i-fuengirola-musikk-lys-og-festlige-markeder\/\"},\"author\":{\"name\":\"Ole Andersen\",\"@id\":\"https:\/\/nordnesrepublikken.no\/#\/schema\/person\/2e7e81935bab77882fffb79296240ff1\"},\"headline\":\"Jul i Fuengirola: musikk, lys og festlige markeder\",\"datePublished\":\"2025-11-17T17:50:55+00:00\",\"dateModified\":\"2025-11-17T17:50:56+00:00\",\"mainEntityOfPage\":{\"@id\":\"https:\/\/nordnesrepublikken.no\/index.php\/2025\/11\/17\/jul-i-fuengirola-musikk-lys-og-festlige-markeder\/\"},\"wordCount\":352,\"publisher\":{\"@id\":\"https:\/\/nordnesrepublikken.no\/#organization\"},\"image\":{\"@id\":\"https:\/\/nordnesrepublikken.no\/index.php\/2025\/11\/17\/jul-i-fuengirola-musikk-lys-og-festlige-markeder\/#primaryimage\"},\"thumbnailUrl\":\"https:\/\/nordnesrepublikken.no\/wp-content\/uploads\/2025\/11\/1763401855_Jul-i-Fuengirola-musikk-lys-og-festlige-markeder.jpg\",\"keywords\":[\"festlige\",\"Fuengirola\",\"Jul\",\"lys\",\"markeder\",\"musikk\"],\"articleSection\":[\"Livsstil\"],\"inLanguage\":\"nb-NO\"},{\"@type\":\"WebPage\",\"@id\":\"https:\/\/nordnesrepublikken.no\/index.php\/2025\/11\/17\/jul-i-fuengirola-musikk-lys-og-festlige-markeder\/\",\"url\":\"https:\/\/nordnesrepublikken.no\/index.php\/2025\/11\/17\/jul-i-fuengirola-musikk-lys-og-festlige-markeder\/\",\"name\":\"Jul i Fuengirola: musikk, lys og festlige markeder - Nordnesrepublikken\",\"isPartOf\":{\"@id\":\"https:\/\/nordnesrepublikken.no\/#website\"},\"primaryImageOfPage\":{\"@id\":\"https:\/\/nordnesrepublikken.no\/index.php\/2025\/11\/17\/jul-i-fuengirola-musikk-lys-og-festlige-markeder\/#primaryimage\"},\"image\":{\"@id\":\"https:\/\/nordnesrepublikken.no\/index.php\/2025\/11\/17\/jul-i-fuengirola-musikk-lys-og-festlige-markeder\/#primaryimage\"},\"thumbnailUrl\":\"https:\/\/nordnesrepublikken.no\/wp-content\/uploads\/2025\/11\/1763401855_Jul-i-Fuengirola-musikk-lys-og-festlige-markeder.jpg\",\"datePublished\":\"2025-11-17T17:50:55+00:00\",\"dateModified\":\"2025-11-17T17:50:56+00:00\",\"breadcrumb\":{\"@id\":\"https:\/\/nordnesrepublikken.no\/index.php\/2025\/11\/17\/jul-i-fuengirola-musikk-lys-og-festlige-markeder\/#breadcrumb\"},\"inLanguage\":\"nb-NO\",\"potentialAction\":[{\"@type\":\"ReadAction\",\"target\":[\"https:\/\/nordnesrepublikken.no\/index.php\/2025\/11\/17\/jul-i-fuengirola-musikk-lys-og-festlige-markeder\/\"]}]},{\"@type\":\"ImageObject\",\"inLanguage\":\"nb-NO\",\"@id\":\"https:\/\/nordnesrepublikken.no\/index.php\/2025\/11\/17\/jul-i-fuengirola-musikk-lys-og-festlige-markeder\/#primaryimage\",\"url\":\"https:\/\/nordnesrepublikken.no\/wp-content\/uploads\/2025\/11\/1763401855_Jul-i-Fuengirola-musikk-lys-og-festlige-markeder.jpg\",\"contentUrl\":\"https:\/\/nordnesrepublikken.no\/wp-content\/uploads\/2025\/11\/1763401855_Jul-i-Fuengirola-musikk-lys-og-festlige-markeder.jpg\",\"width\":1024,\"height\":589,\"caption\":\"Jul i Fuengirola: musikk, lys og festlige markeder\"},{\"@type\":\"BreadcrumbList\",\"@id\":\"https:\/\/nordnesrepublikken.no\/index.php\/2025\/11\/17\/jul-i-fuengirola-musikk-lys-og-festlige-markeder\/#breadcrumb\",\"itemListElement\":[{\"@type\":\"ListItem\",\"position\":1,\"name\":\"Home\",\"item\":\"https:\/\/nordnesrepublikken.no\/\"},{\"@type\":\"ListItem\",\"position\":2,\"name\":\"Jul i Fuengirola: musikk, lys og festlige markeder\"}]},{\"@type\":\"WebSite\",\"@id\":\"https:\/\/nordnesrepublikken.no\/#website\",\"url\":\"https:\/\/nordnesrepublikken.no\/\",\"name\":\"Nordnesrepublikken\",\"description\":\"Stemmer og Visjoner fra Republikkens Hjerte\",\"publisher\":{\"@id\":\"https:\/\/nordnesrepublikken.no\/#organization\"},\"potentialAction\":[{\"@type\":\"SearchAction\",\"target\":{\"@type\":\"EntryPoint\",\"urlTemplate\":\"https:\/\/nordnesrepublikken.no\/?s={search_term_string}\"},\"query-input\":{\"@type\":\"PropertyValueSpecification\",\"valueRequired\":true,\"valueName\":\"search_term_string\"}}],\"inLanguage\":\"nb-NO\"},{\"@type\":\"Organization\",\"@id\":\"https:\/\/nordnesrepublikken.no\/#organization\",\"name\":\"Nordnesrepublikken\",\"url\":\"https:\/\/nordnesrepublikken.no\/\",\"logo\":{\"@type\":\"ImageObject\",\"inLanguage\":\"nb-NO\",\"@id\":\"https:\/\/nordnesrepublikken.no\/#\/schema\/logo\/image\/\",\"url\":\"https:\/\/nordnesrepublikken.no\/wp-content\/uploads\/2025\/02\/cropped-nordnesrepublikken-2.png\",\"contentUrl\":\"https:\/\/nordnesrepublikken.no\/wp-content\/uploads\/2025\/02\/cropped-nordnesrepublikken-2.png\",\"width\":1248,\"height\":362,\"caption\":\"Nordnesrepublikken\"},\"image\":{\"@id\":\"https:\/\/nordnesrepublikken.no\/#\/schema\/logo\/image\/\"}},{\"@type\":\"Person\",\"@id\":\"https:\/\/nordnesrepublikken.no\/#\/schema\/person\/2e7e81935bab77882fffb79296240ff1\",\"name\":\"Ole Andersen\",\"image\":{\"@type\":\"ImageObject\",\"inLanguage\":\"nb-NO\",\"@id\":\"https:\/\/nordnesrepublikken.no\/#\/schema\/person\/image\/\",\"url\":\"https:\/\/nordnesrepublikken.no\/wp-content\/uploads\/2025\/02\/nordnesrepublikken-2-2-150x150.jpg\",\"contentUrl\":\"https:\/\/nordnesrepublikken.no\/wp-content\/uploads\/2025\/02\/nordnesrepublikken-2-2-150x150.jpg\",\"caption\":\"Ole Andersen\"},\"description\":\"Ettersom jeg vokste opp i Oslo, har jeg alltid v\u00e6rt fascinert av ordenes kraft og deres evne til \u00e5 skape endringer. Etter \u00e5 ha fullf\u00f8rt min utdannelse i kommunikasjon ved Universitetet i Bergen, fikk jeg muligheten til \u00e5 jobbe innen ulike medier, der jeg har s\u00f8kt \u00e5 belyse viktige samfunnssp\u00f8rsm\u00e5l. I dag, som redakt\u00f8r for Nordnesrepublikken, pr\u00f8ver jeg \u00e5 forene min kj\u00e6rlighet for journalistikk med min lidenskap for innovasjon og eventyr.\",\"sameAs\":[\"https:\/\/nordnesrepublikken.no\/\"]}]}<\/script>\n<!-- \/ Yoast SEO plugin. -->","yoast_head_json":{"title":"Jul i Fuengirola: musikk, lys og festlige markeder - Nordnesrepublikken","robots":{"index":"index","follow":"follow","max-snippet":"max-snippet:-1","max-image-preview":"max-image-preview:large","max-video-preview":"max-video-preview:-1"},"canonical":"https:\/\/nordnesrepublikken.no\/index.php\/2025\/11\/17\/jul-i-fuengirola-musikk-lys-og-festlige-markeder\/","og_locale":"nb_NO","og_type":"article","og_title":"Jul i Fuengirola: musikk, lys og festlige markeder - Nordnesrepublikken","og_description":"Fuengirola forbereder seg p\u00e5 en magisk h\u00f8ytid, og et av h\u00f8ydepunktene er en ny begivenhet","og_url":"https:\/\/nordnesrepublikken.no\/index.php\/2025\/11\/17\/jul-i-fuengirola-musikk-lys-og-festlige-markeder\/","og_site_name":"Nordnesrepublikken","article_published_time":"2025-11-17T17:50:55+00:00","article_modified_time":"2025-11-17T17:50:56+00:00","og_image":[{"width":1024,"height":589,"url":"https:\/\/nordnesrepublikken.no\/wp-content\/uploads\/2025\/11\/1763401855_Jul-i-Fuengirola-musikk-lys-og-festlige-markeder.jpg","type":"image\/jpeg"}],"author":"Ole Andersen","twitter_card":"summary_large_image","twitter_misc":{"Skrevet av":"Ole Andersen","Ansl. lesetid":"2 minutter"},"schema":{"@context":"https:\/\/schema.org","@graph":[{"@type":"Article","@id":"https:\/\/nordnesrepublikken.no\/index.php\/2025\/11\/17\/jul-i-fuengirola-musikk-lys-og-festlige-markeder\/#article","isPartOf":{"@id":"https:\/\/nordnesrepublikken.no\/index.php\/2025\/11\/17\/jul-i-fuengirola-musikk-lys-og-festlige-markeder\/"},"author":{"name":"Ole Andersen","@id":"https:\/\/nordnesrepublikken.no\/#\/schema\/person\/2e7e81935bab77882fffb79296240ff1"},"headline":"Jul i Fuengirola: musikk, lys og festlige markeder","datePublished":"2025-11-17T17:50:55+00:00","dateModified":"2025-11-17T17:50:56+00:00","mainEntityOfPage":{"@id":"https:\/\/nordnesrepublikken.no\/index.php\/2025\/11\/17\/jul-i-fuengirola-musikk-lys-og-festlige-markeder\/"},"wordCount":352,"publisher":{"@id":"https:\/\/nordnesrepublikken.no\/#organization"},"image":{"@id":"https:\/\/nordnesrepublikken.no\/index.php\/2025\/11\/17\/jul-i-fuengirola-musikk-lys-og-festlige-markeder\/#primaryimage"},"thumbnailUrl":"https:\/\/nordnesrepublikken.no\/wp-content\/uploads\/2025\/11\/1763401855_Jul-i-Fuengirola-musikk-lys-og-festlige-markeder.jpg","keywords":["festlige","Fuengirola","Jul","lys","markeder","musikk"],"articleSection":["Livsstil"],"inLanguage":"nb-NO"},{"@type":"WebPage","@id":"https:\/\/nordnesrepublikken.no\/index.php\/2025\/11\/17\/jul-i-fuengirola-musikk-lys-og-festlige-markeder\/","url":"https:\/\/nordnesrepublikken.no\/index.php\/2025\/11\/17\/jul-i-fuengirola-musikk-lys-og-festlige-markeder\/","name":"Jul i Fuengirola: musikk, lys og festlige markeder - Nordnesrepublikken","isPartOf":{"@id":"https:\/\/nordnesrepublikken.no\/#website"},"primaryImageOfPage":{"@id":"https:\/\/nordnesrepublikken.no\/index.php\/2025\/11\/17\/jul-i-fuengirola-musikk-lys-og-festlige-markeder\/#primaryimage"},"image":{"@id":"https:\/\/nordnesrepublikken.no\/index.php\/2025\/11\/17\/jul-i-fuengirola-musikk-lys-og-festlige-markeder\/#primaryimage"},"thumbnailUrl":"https:\/\/nordnesrepublikken.no\/wp-content\/uploads\/2025\/11\/1763401855_Jul-i-Fuengirola-musikk-lys-og-festlige-markeder.jpg","datePublished":"2025-11-17T17:50:55+00:00","dateModified":"2025-11-17T17:50:56+00:00","breadcrumb":{"@id":"https:\/\/nordnesrepublikken.no\/index.php\/2025\/11\/17\/jul-i-fuengirola-musikk-lys-og-festlige-markeder\/#breadcrumb"},"inLanguage":"nb-NO","potentialAction":[{"@type":"ReadAction","target":["https:\/\/nordnesrepublikken.no\/index.php\/2025\/11\/17\/jul-i-fuengirola-musikk-lys-og-festlige-markeder\/"]}]},{"@type":"ImageObject","inLanguage":"nb-NO","@id":"https:\/\/nordnesrepublikken.no\/index.php\/2025\/11\/17\/jul-i-fuengirola-musikk-lys-og-festlige-markeder\/#primaryimage","url":"https:\/\/nordnesrepublikken.no\/wp-content\/uploads\/2025\/11\/1763401855_Jul-i-Fuengirola-musikk-lys-og-festlige-markeder.jpg","contentUrl":"https:\/\/nordnesrepublikken.no\/wp-content\/uploads\/2025\/11\/1763401855_Jul-i-Fuengirola-musikk-lys-og-festlige-markeder.jpg","width":1024,"height":589,"caption":"Jul i Fuengirola: musikk, lys og festlige markeder"},{"@type":"BreadcrumbList","@id":"https:\/\/nordnesrepublikken.no\/index.php\/2025\/11\/17\/jul-i-fuengirola-musikk-lys-og-festlige-markeder\/#breadcrumb","itemListElement":[{"@type":"ListItem","position":1,"name":"Home","item":"https:\/\/nordnesrepublikken.no\/"},{"@type":"ListItem","position":2,"name":"Jul i Fuengirola: musikk, lys og festlige markeder"}]},{"@type":"WebSite","@id":"https:\/\/nordnesrepublikken.no\/#website","url":"https:\/\/nordnesrepublikken.no\/","name":"Nordnesrepublikken","description":"Stemmer og Visjoner fra Republikkens Hjerte","publisher":{"@id":"https:\/\/nordnesrepublikken.no\/#organization"},"potentialAction":[{"@type":"SearchAction","target":{"@type":"EntryPoint","urlTemplate":"https:\/\/nordnesrepublikken.no\/?s={search_term_string}"},"query-input":{"@type":"PropertyValueSpecification","valueRequired":true,"valueName":"search_term_string"}}],"inLanguage":"nb-NO"},{"@type":"Organization","@id":"https:\/\/nordnesrepublikken.no\/#organization","name":"Nordnesrepublikken","url":"https:\/\/nordnesrepublikken.no\/","logo":{"@type":"ImageObject","inLanguage":"nb-NO","@id":"https:\/\/nordnesrepublikken.no\/#\/schema\/logo\/image\/","url":"https:\/\/nordnesrepublikken.no\/wp-content\/uploads\/2025\/02\/cropped-nordnesrepublikken-2.png","contentUrl":"https:\/\/nordnesrepublikken.no\/wp-content\/uploads\/2025\/02\/cropped-nordnesrepublikken-2.png","width":1248,"height":362,"caption":"Nordnesrepublikken"},"image":{"@id":"https:\/\/nordnesrepublikken.no\/#\/schema\/logo\/image\/"}},{"@type":"Person","@id":"https:\/\/nordnesrepublikken.no\/#\/schema\/person\/2e7e81935bab77882fffb79296240ff1","name":"Ole Andersen","image":{"@type":"ImageObject","inLanguage":"nb-NO","@id":"https:\/\/nordnesrepublikken.no\/#\/schema\/person\/image\/","url":"https:\/\/nordnesrepublikken.no\/wp-content\/uploads\/2025\/02\/nordnesrepublikken-2-2-150x150.jpg","contentUrl":"https:\/\/nordnesrepublikken.no\/wp-content\/uploads\/2025\/02\/nordnesrepublikken-2-2-150x150.jpg","caption":"Ole Andersen"},"description":"Ettersom jeg vokste opp i Oslo, har jeg alltid v\u00e6rt fascinert av ordenes kraft og deres evne til \u00e5 skape endringer. Etter \u00e5 ha fullf\u00f8rt min utdannelse i kommunikasjon ved Universitetet i Bergen, fikk jeg muligheten til \u00e5 jobbe innen ulike medier, der jeg har s\u00f8kt \u00e5 belyse viktige samfunnssp\u00f8rsm\u00e5l. I dag, som redakt\u00f8r for Nordnesrepublikken, pr\u00f8ver jeg \u00e5 forene min kj\u00e6rlighet for journalistikk med min lidenskap for innovasjon og eventyr.","sameAs":["https:\/\/nordnesrepublikken.no\/"]}]}},"_links":{"self":[{"href":"https:\/\/nordnesrepublikken.no\/index.php\/wp-json\/wp\/v2\/posts\/11805","targetHints":{"allow":["GET"]}}],"collection":[{"href":"https:\/\/nordnesrepublikken.no\/index.php\/wp-json\/wp\/v2\/posts"}],"about":[{"href":"https:\/\/nordnesrepublikken.no\/index.php\/wp-json\/wp\/v2\/types\/post"}],"author":[{"embeddable":true,"href":"https:\/\/nordnesrepublikken.no\/index.php\/wp-json\/wp\/v2\/users\/1"}],"replies":[{"embeddable":true,"href":"https:\/\/nordnesrepublikken.no\/index.php\/wp-json\/wp\/v2\/comments?post=11805"}],"version-history":[{"count":1,"href":"https:\/\/nordnesrepublikken.no\/index.php\/wp-json\/wp\/v2\/posts\/11805\/revisions"}],"predecessor-version":[{"id":11807,"href":"https:\/\/nordnesrepublikken.no\/index.php\/wp-json\/wp\/v2\/posts\/11805\/revisions\/11807"}],"wp:featuredmedia":[{"embeddable":true,"href":"https:\/\/nordnesrepublikken.no\/index.php\/wp-json\/wp\/v2\/media\/11806"}],"wp:attachment":[{"href":"https:\/\/nordnesrepublikken.no\/index.php\/wp-json\/wp\/v2\/media?parent=11805"}],"wp:term":[{"taxonomy":"category","embeddable":true,"href":"https:\/\/nordnesrepublikken.no\/index.php\/wp-json\/wp\/v2\/categories?post=11805"},{"taxonomy":"post_tag","embeddable":true,"href":"https:\/\/nordnesrepublikken.no\/index.php\/wp-json\/wp\/v2\/tags?post=11805"}],"curies":[{"name":"wp","href":"https:\/\/api.w.org\/{rel}","templated":true}]}}