{"id":11796,"date":"2025-11-17T12:50:59","date_gmt":"2025-11-17T11:50:59","guid":{"rendered":"https:\/\/nordnesrepublikken.no\/index.php\/2025\/11\/17\/tallene-og-noklene-til-en-fenomenal-sesong\/"},"modified":"2025-11-17T12:51:01","modified_gmt":"2025-11-17T11:51:01","slug":"tallene-og-noklene-til-en-fenomenal-sesong","status":"publish","type":"post","link":"https:\/\/nordnesrepublikken.no\/index.php\/2025\/11\/17\/tallene-og-noklene-til-en-fenomenal-sesong\/","title":{"rendered":"tallene og n\u00f8klene til en fenomenal sesong"},"content":{"rendered":"<div>\n<div class=\"cp_wrapper cp_wrapper--fw mb-30 mb-20@tablet\">\n<figure class=\"mm\"><picture class=\"img\" style=\"padding-top:56.25%\"><source  media=\"(min-width: 1024px)\"><source  media=\"(min-width: 768px)\"><\/source><\/source><\/picture><\/figure>\n<\/p><\/div>\n<p>Han lot seg falle til bakken, og lukket \u00f8ynene et \u00f8yeblikk som for \u00e5 nyte \u00f8yeblikket og holde alt for seg selv, slik han hadde gjort p\u00e5 Australian Open i 2024, det f\u00f8rste store trofeet som ble vunnet i karrieren. I den etterlengtede epilogen til ATP-finalen, <strong>Jannik Sinner<\/strong> han slo Carlos Alcaraz i to sett og bekreftet seg som Master of tennis for andre \u00e5r p\u00e5 rad i \u00absin\u00bb Torino, og flyttet dermed til bare 550 poeng bak sin spanske rival som ender \u00e5ret som nr. 1. Den sydtyrolske tennisspilleren (som ikke deltar i Davis Cup Final 8 i Bologna denne uken) stenger. <strong>en absolutt fenomensesong<\/strong> med sin sjette tittel p\u00e5 \u00abbare\u00bb 12 spilte turneringer p\u00e5 grunn av suspensjonen p\u00e5 grunn av Clostebol-saken som holdt ham borte fra banene i tre m\u00e5neder. Italieneren ble den f\u00f8rste tennisspilleren siden 1991 som samtidig dominerte service- og avkastningsrangeringene i samme sesong, og vant <strong>92 %<\/strong> og den <strong>33 %<\/strong> av spill. La oss sammen analysere den taktiske n\u00f8kkelen til finalen mot Alcaraz og hans rekorder fra 2025.<\/p>\n<h2>Sinners andre serve og Alcarazs feil p\u00e5 nettet: analysen av Torino-finalen<\/h2>\n<p><em>&laquo;Vi la definitivt merke til noen problemer etter US Open, spesielt med serven. Vi endret bevegelsen, vi endret rytmen. Han serverte veldig bra fra Shanghai og hit.&raquo;<\/em>. Med denne setningen under konferansen i Torino-triumfen, treneren <strong>Simone Vagnozzi<\/strong> han fotograferte perfekt forbedringene i tjenesten til sin sydtyrolske student <strong>avsluttet ATP-finalen med kun \u00e9n serve tapt i hele turneringen<\/strong> (i begynnelsen av andre sett mot Alcaraz). Vekst ble ogs\u00e5 sett med <strong>andre serve<\/strong>: nettopp med dette fundamentale klarte han \u00e5 annullere settpunktet til spanjolen p\u00e5 5-6 i f\u00f8rste sett. Et missil a <strong>187 km\/t<\/strong>. <em>&laquo;Selv om jeg hadde gjort en feil, vet jeg at jeg ville ha gjort det rette, for f\u00f8r hadde jeg alltid mistet poenget ved \u00e5 spille konservativt.&raquo;<\/em> Sinner selv forklarte risikoen p\u00e5 denne m\u00e5ten foran journalister.<\/p>\n<p>Hvis den bl\u00e5 viste en granitt soliditet fra <strong>grunnlinje<\/strong>styrket av sin ubeseirede rekord mot <strong>innend\u00f8rs baner<\/strong> (han har ikke tapt p\u00e5 to \u00e5r, 31 kamper totalt), <strong>Alcaraz virket til tider taktisk forvirret<\/strong>netto av muskelbelastningen i h\u00f8yre l\u00e5r som han ba om en <em>Medisinsk tidsavbrudd<\/em> p\u00e5 slutten av f\u00f8rste sett. Hans disposisjon for variasjon, som ofte \u00f8delegger og desorienterer motstanderne hans, var en boomerang p\u00e5 betongen til Inalpi Arena: <strong>av de 15 l\u00f8pene til nettet f\u00f8rte bare 7 til et poeng<\/strong> fordi, i de fleste tilfeller, ikke innledet av &laquo;definitive&raquo; akselerasjoner. Som om det fortsatt manglet en brikke i konstruksjonen av spillet hans under ett tak. Oversatt: det er rikelig med rom for forbedring i den europeiske innend\u00f8rssesongen, et felt der selv hans idol Rafael Nadal aldri har oppn\u00e5dd stor tilfredshet (han er den eneste av de tre store som aldri har vunnet ATP-finalen).<\/p>\n<h2>Den emblematiske statistikken over Sinners sesong og rekordene i ATP-finalen<\/h2>\n<p>For \u00e5 oppsummere Sinners dr\u00f8m 2025 ville det v\u00e6re nok \u00e5 sitere denne statistikken: <strong>the blue ble den f\u00f8rste spilleren siden 1991<\/strong> (\u00e5r ATP begynte \u00e5 samle inn disse dataene)<strong> \u00e5 samtidig ha vunnet flere servicekamper og flere returkamper enn hele storkretsen i samme sesong<\/strong>med en prosentandel p\u00e5 henholdsvis 92 % og 33 % (Alcaraz, for eksempel, vant bare 87 % av kampene med sin egen serve). En dominans som gjorde at han kunne bekrefte seg selv som mester i Australian Open i januar, og etter \u00e5 ha overvunnet stoppet p\u00e5 grunn av Clostebol-saken, ble han den f\u00f8rste italieneren i historien som triumferte i tennistempelet i Wimbledon. Takket v\u00e6re suksessen i Torino, en turnering som er nest viktigst bare for Slams, sluttet han seg til legendene John McEnroe (3 i New York) og Boris Becker (2 i Frankfurt) blant de eneste mennene som har vunnet ATP-finalen flere ganger i hjemlandet, blant annet uten \u00e5 tape sett som gjort i fjor og som bare McEnroe selv og Ivan Lendl gjorde i 1980-\u00e5rene. Det er ogs\u00e5 <strong>9. tennisspiller i historien som gj\u00f8r det <em>rygg mot rygg<\/em> p\u00e5 Masters-turneringen<\/strong>.<\/p>\n<h2>Hva mangler fra Sinners palmar\u00e8s?<\/h2>\n<p><em>&laquo;Land blir det store m\u00e5let neste \u00e5r&raquo;<\/em>. Darren Cahill, \u00e5ndelig guide og tennisfar til Sinner (australieren b\u00f8r fortsette i italienerens boks i ett \u00e5r til), har skissert agendaen for 2026, og hevet baren ytterligere for en karriere som allerede er legendarisk som 24-\u00e5ring. <strong>Hvis det er en tid p\u00e5 \u00e5ret hvor Jannik fortsatt kan gj\u00f8re spranget i kvalitet, er det leire<\/strong>et underlag som han bare vant \u00e9n tittel p\u00e5 (250) i Umag i 2022. Det er sant, han var bare ett poeng unna (tre ganger p\u00e5 rad) fra \u00e5 vinne Roland Garros, i \u00e5rets mest spektakul\u00e6re finalen mot Alcaraz, men det er nettopp og kun p\u00e5 leire (den tregeste overflaten par excellence) som fortsatt er avstanden med hans rival og hans rival. variasjoner. Men som det r\u00f8dh\u00e5rede fenomenet l\u00e6rte oss, er det ingen grenser i tennis&#8230;<\/p>\n<p><iframe title=\"Palmar\u00e8s Sinner\" aria-label=\"Table\" id=\"datawrapper-chart-f3DAe\" scrolling=\"no\" frameborder=\"0\" style=\"width: 0; min-width: 100% !important; border: none;\" height=\"446\" data-external=\"1\" data-type=\"generic-iframe\" data-src=\"https:\/\/datawrapper.dwcdn.net\/f3DAe\/2\/\" class=\"js-parse-embed\"><\/iframe><\/p>\n<\/p><\/div>\n","protected":false},"excerpt":{"rendered":"<p>Han lot seg falle til bakken, og lukket \u00f8ynene et \u00f8yeblikk som for \u00e5 nyte<\/p>\n","protected":false},"author":1,"featured_media":11797,"comment_status":"closed","ping_status":"open","sticky":false,"template":"","format":"standard","meta":{"footnotes":""},"categories":[104],"tags":[7768,940,4934,751,117],"class_list":["post-11796","post","type-post","status-publish","format-standard","has-post-thumbnail","hentry","category-samfunn","tag-fenomenal","tag-noklene","tag-sesong","tag-tallene","tag-til","generate-columns","tablet-grid-50","mobile-grid-100","grid-parent","grid-33","resize-featured-image"],"yoast_head":"<!-- This site is optimized with the Yoast SEO plugin v24.4 - https:\/\/yoast.com\/wordpress\/plugins\/seo\/ -->\n<title>tallene og n\u00f8klene til en fenomenal sesong - Nordnesrepublikken<\/title>\n<meta name=\"robots\" content=\"index, follow, max-snippet:-1, max-image-preview:large, max-video-preview:-1\" \/>\n<link rel=\"canonical\" href=\"https:\/\/nordnesrepublikken.no\/index.php\/2025\/11\/17\/tallene-og-noklene-til-en-fenomenal-sesong\/\" \/>\n<meta property=\"og:locale\" content=\"nb_NO\" \/>\n<meta property=\"og:type\" content=\"article\" \/>\n<meta property=\"og:title\" content=\"tallene og n\u00f8klene til en fenomenal sesong - Nordnesrepublikken\" \/>\n<meta property=\"og:description\" content=\"Han lot seg falle til bakken, og lukket \u00f8ynene et \u00f8yeblikk som for \u00e5 nyte\" \/>\n<meta property=\"og:url\" content=\"https:\/\/nordnesrepublikken.no\/index.php\/2025\/11\/17\/tallene-og-noklene-til-en-fenomenal-sesong\/\" \/>\n<meta property=\"og:site_name\" content=\"Nordnesrepublikken\" \/>\n<meta property=\"article:published_time\" content=\"2025-11-17T11:50:59+00:00\" \/>\n<meta property=\"article:modified_time\" content=\"2025-11-17T11:51:01+00:00\" \/>\n<meta property=\"og:image\" content=\"https:\/\/nordnesrepublikken.no\/wp-content\/uploads\/2025\/11\/1763380259_tallene-og-noklene-til-en-fenomenal-sesong.jpg\" \/>\n\t<meta property=\"og:image:width\" content=\"1890\" \/>\n\t<meta property=\"og:image:height\" content=\"1063\" \/>\n\t<meta property=\"og:image:type\" content=\"image\/jpeg\" \/>\n<meta name=\"author\" content=\"Ole Andersen\" \/>\n<meta name=\"twitter:card\" content=\"summary_large_image\" \/>\n<meta name=\"twitter:label1\" content=\"Skrevet av\" \/>\n\t<meta name=\"twitter:data1\" content=\"Ole Andersen\" \/>\n\t<meta name=\"twitter:label2\" content=\"Ansl. lesetid\" \/>\n\t<meta name=\"twitter:data2\" content=\"4 minutter\" \/>\n<script type=\"application\/ld+json\" class=\"yoast-schema-graph\">{\"@context\":\"https:\/\/schema.org\",\"@graph\":[{\"@type\":\"Article\",\"@id\":\"https:\/\/nordnesrepublikken.no\/index.php\/2025\/11\/17\/tallene-og-noklene-til-en-fenomenal-sesong\/#article\",\"isPartOf\":{\"@id\":\"https:\/\/nordnesrepublikken.no\/index.php\/2025\/11\/17\/tallene-og-noklene-til-en-fenomenal-sesong\/\"},\"author\":{\"name\":\"Ole Andersen\",\"@id\":\"https:\/\/nordnesrepublikken.no\/#\/schema\/person\/2e7e81935bab77882fffb79296240ff1\"},\"headline\":\"tallene og n\u00f8klene til en fenomenal sesong\",\"datePublished\":\"2025-11-17T11:50:59+00:00\",\"dateModified\":\"2025-11-17T11:51:01+00:00\",\"mainEntityOfPage\":{\"@id\":\"https:\/\/nordnesrepublikken.no\/index.php\/2025\/11\/17\/tallene-og-noklene-til-en-fenomenal-sesong\/\"},\"wordCount\":794,\"publisher\":{\"@id\":\"https:\/\/nordnesrepublikken.no\/#organization\"},\"image\":{\"@id\":\"https:\/\/nordnesrepublikken.no\/index.php\/2025\/11\/17\/tallene-og-noklene-til-en-fenomenal-sesong\/#primaryimage\"},\"thumbnailUrl\":\"https:\/\/nordnesrepublikken.no\/wp-content\/uploads\/2025\/11\/1763380259_tallene-og-noklene-til-en-fenomenal-sesong.jpg\",\"keywords\":[\"fenomenal\",\"n\u00f8klene\",\"sesong\",\"tallene\",\"til\"],\"articleSection\":[\"Samfunn\"],\"inLanguage\":\"nb-NO\"},{\"@type\":\"WebPage\",\"@id\":\"https:\/\/nordnesrepublikken.no\/index.php\/2025\/11\/17\/tallene-og-noklene-til-en-fenomenal-sesong\/\",\"url\":\"https:\/\/nordnesrepublikken.no\/index.php\/2025\/11\/17\/tallene-og-noklene-til-en-fenomenal-sesong\/\",\"name\":\"tallene og n\u00f8klene til en fenomenal sesong - Nordnesrepublikken\",\"isPartOf\":{\"@id\":\"https:\/\/nordnesrepublikken.no\/#website\"},\"primaryImageOfPage\":{\"@id\":\"https:\/\/nordnesrepublikken.no\/index.php\/2025\/11\/17\/tallene-og-noklene-til-en-fenomenal-sesong\/#primaryimage\"},\"image\":{\"@id\":\"https:\/\/nordnesrepublikken.no\/index.php\/2025\/11\/17\/tallene-og-noklene-til-en-fenomenal-sesong\/#primaryimage\"},\"thumbnailUrl\":\"https:\/\/nordnesrepublikken.no\/wp-content\/uploads\/2025\/11\/1763380259_tallene-og-noklene-til-en-fenomenal-sesong.jpg\",\"datePublished\":\"2025-11-17T11:50:59+00:00\",\"dateModified\":\"2025-11-17T11:51:01+00:00\",\"breadcrumb\":{\"@id\":\"https:\/\/nordnesrepublikken.no\/index.php\/2025\/11\/17\/tallene-og-noklene-til-en-fenomenal-sesong\/#breadcrumb\"},\"inLanguage\":\"nb-NO\",\"potentialAction\":[{\"@type\":\"ReadAction\",\"target\":[\"https:\/\/nordnesrepublikken.no\/index.php\/2025\/11\/17\/tallene-og-noklene-til-en-fenomenal-sesong\/\"]}]},{\"@type\":\"ImageObject\",\"inLanguage\":\"nb-NO\",\"@id\":\"https:\/\/nordnesrepublikken.no\/index.php\/2025\/11\/17\/tallene-og-noklene-til-en-fenomenal-sesong\/#primaryimage\",\"url\":\"https:\/\/nordnesrepublikken.no\/wp-content\/uploads\/2025\/11\/1763380259_tallene-og-noklene-til-en-fenomenal-sesong.jpg\",\"contentUrl\":\"https:\/\/nordnesrepublikken.no\/wp-content\/uploads\/2025\/11\/1763380259_tallene-og-noklene-til-en-fenomenal-sesong.jpg\",\"width\":1890,\"height\":1063,\"caption\":\"tallene og n\u00f8klene til en fenomenal sesong\"},{\"@type\":\"BreadcrumbList\",\"@id\":\"https:\/\/nordnesrepublikken.no\/index.php\/2025\/11\/17\/tallene-og-noklene-til-en-fenomenal-sesong\/#breadcrumb\",\"itemListElement\":[{\"@type\":\"ListItem\",\"position\":1,\"name\":\"Home\",\"item\":\"https:\/\/nordnesrepublikken.no\/\"},{\"@type\":\"ListItem\",\"position\":2,\"name\":\"tallene og n\u00f8klene til en fenomenal sesong\"}]},{\"@type\":\"WebSite\",\"@id\":\"https:\/\/nordnesrepublikken.no\/#website\",\"url\":\"https:\/\/nordnesrepublikken.no\/\",\"name\":\"Nordnesrepublikken\",\"description\":\"Stemmer og Visjoner fra Republikkens Hjerte\",\"publisher\":{\"@id\":\"https:\/\/nordnesrepublikken.no\/#organization\"},\"potentialAction\":[{\"@type\":\"SearchAction\",\"target\":{\"@type\":\"EntryPoint\",\"urlTemplate\":\"https:\/\/nordnesrepublikken.no\/?s={search_term_string}\"},\"query-input\":{\"@type\":\"PropertyValueSpecification\",\"valueRequired\":true,\"valueName\":\"search_term_string\"}}],\"inLanguage\":\"nb-NO\"},{\"@type\":\"Organization\",\"@id\":\"https:\/\/nordnesrepublikken.no\/#organization\",\"name\":\"Nordnesrepublikken\",\"url\":\"https:\/\/nordnesrepublikken.no\/\",\"logo\":{\"@type\":\"ImageObject\",\"inLanguage\":\"nb-NO\",\"@id\":\"https:\/\/nordnesrepublikken.no\/#\/schema\/logo\/image\/\",\"url\":\"https:\/\/nordnesrepublikken.no\/wp-content\/uploads\/2025\/02\/cropped-nordnesrepublikken-2.png\",\"contentUrl\":\"https:\/\/nordnesrepublikken.no\/wp-content\/uploads\/2025\/02\/cropped-nordnesrepublikken-2.png\",\"width\":1248,\"height\":362,\"caption\":\"Nordnesrepublikken\"},\"image\":{\"@id\":\"https:\/\/nordnesrepublikken.no\/#\/schema\/logo\/image\/\"}},{\"@type\":\"Person\",\"@id\":\"https:\/\/nordnesrepublikken.no\/#\/schema\/person\/2e7e81935bab77882fffb79296240ff1\",\"name\":\"Ole Andersen\",\"image\":{\"@type\":\"ImageObject\",\"inLanguage\":\"nb-NO\",\"@id\":\"https:\/\/nordnesrepublikken.no\/#\/schema\/person\/image\/\",\"url\":\"https:\/\/nordnesrepublikken.no\/wp-content\/uploads\/2025\/02\/nordnesrepublikken-2-2-150x150.jpg\",\"contentUrl\":\"https:\/\/nordnesrepublikken.no\/wp-content\/uploads\/2025\/02\/nordnesrepublikken-2-2-150x150.jpg\",\"caption\":\"Ole Andersen\"},\"description\":\"Ettersom jeg vokste opp i Oslo, har jeg alltid v\u00e6rt fascinert av ordenes kraft og deres evne til \u00e5 skape endringer. Etter \u00e5 ha fullf\u00f8rt min utdannelse i kommunikasjon ved Universitetet i Bergen, fikk jeg muligheten til \u00e5 jobbe innen ulike medier, der jeg har s\u00f8kt \u00e5 belyse viktige samfunnssp\u00f8rsm\u00e5l. I dag, som redakt\u00f8r for Nordnesrepublikken, pr\u00f8ver jeg \u00e5 forene min kj\u00e6rlighet for journalistikk med min lidenskap for innovasjon og eventyr.\",\"sameAs\":[\"https:\/\/nordnesrepublikken.no\/\"]}]}<\/script>\n<!-- \/ Yoast SEO plugin. -->","yoast_head_json":{"title":"tallene og n\u00f8klene til en fenomenal sesong - Nordnesrepublikken","robots":{"index":"index","follow":"follow","max-snippet":"max-snippet:-1","max-image-preview":"max-image-preview:large","max-video-preview":"max-video-preview:-1"},"canonical":"https:\/\/nordnesrepublikken.no\/index.php\/2025\/11\/17\/tallene-og-noklene-til-en-fenomenal-sesong\/","og_locale":"nb_NO","og_type":"article","og_title":"tallene og n\u00f8klene til en fenomenal sesong - Nordnesrepublikken","og_description":"Han lot seg falle til bakken, og lukket \u00f8ynene et \u00f8yeblikk som for \u00e5 nyte","og_url":"https:\/\/nordnesrepublikken.no\/index.php\/2025\/11\/17\/tallene-og-noklene-til-en-fenomenal-sesong\/","og_site_name":"Nordnesrepublikken","article_published_time":"2025-11-17T11:50:59+00:00","article_modified_time":"2025-11-17T11:51:01+00:00","og_image":[{"width":1890,"height":1063,"url":"https:\/\/nordnesrepublikken.no\/wp-content\/uploads\/2025\/11\/1763380259_tallene-og-noklene-til-en-fenomenal-sesong.jpg","type":"image\/jpeg"}],"author":"Ole Andersen","twitter_card":"summary_large_image","twitter_misc":{"Skrevet av":"Ole Andersen","Ansl. lesetid":"4 minutter"},"schema":{"@context":"https:\/\/schema.org","@graph":[{"@type":"Article","@id":"https:\/\/nordnesrepublikken.no\/index.php\/2025\/11\/17\/tallene-og-noklene-til-en-fenomenal-sesong\/#article","isPartOf":{"@id":"https:\/\/nordnesrepublikken.no\/index.php\/2025\/11\/17\/tallene-og-noklene-til-en-fenomenal-sesong\/"},"author":{"name":"Ole Andersen","@id":"https:\/\/nordnesrepublikken.no\/#\/schema\/person\/2e7e81935bab77882fffb79296240ff1"},"headline":"tallene og n\u00f8klene til en fenomenal sesong","datePublished":"2025-11-17T11:50:59+00:00","dateModified":"2025-11-17T11:51:01+00:00","mainEntityOfPage":{"@id":"https:\/\/nordnesrepublikken.no\/index.php\/2025\/11\/17\/tallene-og-noklene-til-en-fenomenal-sesong\/"},"wordCount":794,"publisher":{"@id":"https:\/\/nordnesrepublikken.no\/#organization"},"image":{"@id":"https:\/\/nordnesrepublikken.no\/index.php\/2025\/11\/17\/tallene-og-noklene-til-en-fenomenal-sesong\/#primaryimage"},"thumbnailUrl":"https:\/\/nordnesrepublikken.no\/wp-content\/uploads\/2025\/11\/1763380259_tallene-og-noklene-til-en-fenomenal-sesong.jpg","keywords":["fenomenal","n\u00f8klene","sesong","tallene","til"],"articleSection":["Samfunn"],"inLanguage":"nb-NO"},{"@type":"WebPage","@id":"https:\/\/nordnesrepublikken.no\/index.php\/2025\/11\/17\/tallene-og-noklene-til-en-fenomenal-sesong\/","url":"https:\/\/nordnesrepublikken.no\/index.php\/2025\/11\/17\/tallene-og-noklene-til-en-fenomenal-sesong\/","name":"tallene og n\u00f8klene til en fenomenal sesong - Nordnesrepublikken","isPartOf":{"@id":"https:\/\/nordnesrepublikken.no\/#website"},"primaryImageOfPage":{"@id":"https:\/\/nordnesrepublikken.no\/index.php\/2025\/11\/17\/tallene-og-noklene-til-en-fenomenal-sesong\/#primaryimage"},"image":{"@id":"https:\/\/nordnesrepublikken.no\/index.php\/2025\/11\/17\/tallene-og-noklene-til-en-fenomenal-sesong\/#primaryimage"},"thumbnailUrl":"https:\/\/nordnesrepublikken.no\/wp-content\/uploads\/2025\/11\/1763380259_tallene-og-noklene-til-en-fenomenal-sesong.jpg","datePublished":"2025-11-17T11:50:59+00:00","dateModified":"2025-11-17T11:51:01+00:00","breadcrumb":{"@id":"https:\/\/nordnesrepublikken.no\/index.php\/2025\/11\/17\/tallene-og-noklene-til-en-fenomenal-sesong\/#breadcrumb"},"inLanguage":"nb-NO","potentialAction":[{"@type":"ReadAction","target":["https:\/\/nordnesrepublikken.no\/index.php\/2025\/11\/17\/tallene-og-noklene-til-en-fenomenal-sesong\/"]}]},{"@type":"ImageObject","inLanguage":"nb-NO","@id":"https:\/\/nordnesrepublikken.no\/index.php\/2025\/11\/17\/tallene-og-noklene-til-en-fenomenal-sesong\/#primaryimage","url":"https:\/\/nordnesrepublikken.no\/wp-content\/uploads\/2025\/11\/1763380259_tallene-og-noklene-til-en-fenomenal-sesong.jpg","contentUrl":"https:\/\/nordnesrepublikken.no\/wp-content\/uploads\/2025\/11\/1763380259_tallene-og-noklene-til-en-fenomenal-sesong.jpg","width":1890,"height":1063,"caption":"tallene og n\u00f8klene til en fenomenal sesong"},{"@type":"BreadcrumbList","@id":"https:\/\/nordnesrepublikken.no\/index.php\/2025\/11\/17\/tallene-og-noklene-til-en-fenomenal-sesong\/#breadcrumb","itemListElement":[{"@type":"ListItem","position":1,"name":"Home","item":"https:\/\/nordnesrepublikken.no\/"},{"@type":"ListItem","position":2,"name":"tallene og n\u00f8klene til en fenomenal sesong"}]},{"@type":"WebSite","@id":"https:\/\/nordnesrepublikken.no\/#website","url":"https:\/\/nordnesrepublikken.no\/","name":"Nordnesrepublikken","description":"Stemmer og Visjoner fra Republikkens Hjerte","publisher":{"@id":"https:\/\/nordnesrepublikken.no\/#organization"},"potentialAction":[{"@type":"SearchAction","target":{"@type":"EntryPoint","urlTemplate":"https:\/\/nordnesrepublikken.no\/?s={search_term_string}"},"query-input":{"@type":"PropertyValueSpecification","valueRequired":true,"valueName":"search_term_string"}}],"inLanguage":"nb-NO"},{"@type":"Organization","@id":"https:\/\/nordnesrepublikken.no\/#organization","name":"Nordnesrepublikken","url":"https:\/\/nordnesrepublikken.no\/","logo":{"@type":"ImageObject","inLanguage":"nb-NO","@id":"https:\/\/nordnesrepublikken.no\/#\/schema\/logo\/image\/","url":"https:\/\/nordnesrepublikken.no\/wp-content\/uploads\/2025\/02\/cropped-nordnesrepublikken-2.png","contentUrl":"https:\/\/nordnesrepublikken.no\/wp-content\/uploads\/2025\/02\/cropped-nordnesrepublikken-2.png","width":1248,"height":362,"caption":"Nordnesrepublikken"},"image":{"@id":"https:\/\/nordnesrepublikken.no\/#\/schema\/logo\/image\/"}},{"@type":"Person","@id":"https:\/\/nordnesrepublikken.no\/#\/schema\/person\/2e7e81935bab77882fffb79296240ff1","name":"Ole Andersen","image":{"@type":"ImageObject","inLanguage":"nb-NO","@id":"https:\/\/nordnesrepublikken.no\/#\/schema\/person\/image\/","url":"https:\/\/nordnesrepublikken.no\/wp-content\/uploads\/2025\/02\/nordnesrepublikken-2-2-150x150.jpg","contentUrl":"https:\/\/nordnesrepublikken.no\/wp-content\/uploads\/2025\/02\/nordnesrepublikken-2-2-150x150.jpg","caption":"Ole Andersen"},"description":"Ettersom jeg vokste opp i Oslo, har jeg alltid v\u00e6rt fascinert av ordenes kraft og deres evne til \u00e5 skape endringer. Etter \u00e5 ha fullf\u00f8rt min utdannelse i kommunikasjon ved Universitetet i Bergen, fikk jeg muligheten til \u00e5 jobbe innen ulike medier, der jeg har s\u00f8kt \u00e5 belyse viktige samfunnssp\u00f8rsm\u00e5l. I dag, som redakt\u00f8r for Nordnesrepublikken, pr\u00f8ver jeg \u00e5 forene min kj\u00e6rlighet for journalistikk med min lidenskap for innovasjon og eventyr.","sameAs":["https:\/\/nordnesrepublikken.no\/"]}]}},"_links":{"self":[{"href":"https:\/\/nordnesrepublikken.no\/index.php\/wp-json\/wp\/v2\/posts\/11796","targetHints":{"allow":["GET"]}}],"collection":[{"href":"https:\/\/nordnesrepublikken.no\/index.php\/wp-json\/wp\/v2\/posts"}],"about":[{"href":"https:\/\/nordnesrepublikken.no\/index.php\/wp-json\/wp\/v2\/types\/post"}],"author":[{"embeddable":true,"href":"https:\/\/nordnesrepublikken.no\/index.php\/wp-json\/wp\/v2\/users\/1"}],"replies":[{"embeddable":true,"href":"https:\/\/nordnesrepublikken.no\/index.php\/wp-json\/wp\/v2\/comments?post=11796"}],"version-history":[{"count":1,"href":"https:\/\/nordnesrepublikken.no\/index.php\/wp-json\/wp\/v2\/posts\/11796\/revisions"}],"predecessor-version":[{"id":11798,"href":"https:\/\/nordnesrepublikken.no\/index.php\/wp-json\/wp\/v2\/posts\/11796\/revisions\/11798"}],"wp:featuredmedia":[{"embeddable":true,"href":"https:\/\/nordnesrepublikken.no\/index.php\/wp-json\/wp\/v2\/media\/11797"}],"wp:attachment":[{"href":"https:\/\/nordnesrepublikken.no\/index.php\/wp-json\/wp\/v2\/media?parent=11796"}],"wp:term":[{"taxonomy":"category","embeddable":true,"href":"https:\/\/nordnesrepublikken.no\/index.php\/wp-json\/wp\/v2\/categories?post=11796"},{"taxonomy":"post_tag","embeddable":true,"href":"https:\/\/nordnesrepublikken.no\/index.php\/wp-json\/wp\/v2\/tags?post=11796"}],"curies":[{"name":"wp","href":"https:\/\/api.w.org\/{rel}","templated":true}]}}