{"id":11793,"date":"2025-11-17T11:52:07","date_gmt":"2025-11-17T10:52:07","guid":{"rendered":"https:\/\/nordnesrepublikken.no\/index.php\/2025\/11\/17\/minister-apner-fartsgrense-pa-ave-tog-350-km-t-madrid-barcelona-om-2-timer\/"},"modified":"2025-11-17T11:52:09","modified_gmt":"2025-11-17T10:52:09","slug":"minister-apner-fartsgrense-pa-ave-tog-350-km-t-madrid-barcelona-om-2-timer","status":"publish","type":"post","link":"https:\/\/nordnesrepublikken.no\/index.php\/2025\/11\/17\/minister-apner-fartsgrense-pa-ave-tog-350-km-t-madrid-barcelona-om-2-timer\/","title":{"rendered":"Minister \u00e5pner fartsgrense p\u00e5 AVE-tog \u2013 350 km\/t Madrid \u2013 Barcelona om 2 timer"},"content":{"rendered":"<p><\/p>\n<div class=\"wordpress-content\">\n                    <!-- Article Start --><\/p>\n<p class=\"p1\">Spanias transportminister, \u00d3scar Puente, har kunngjort en ambisi\u00f8s renoveringsplan for h\u00f8yhastighetsbanen som forbinder Madrid og Barcelona, \u200b\u200bmed ideen om \u00e5 kutte reisetiden til under to timer ved \u00e5 la togene reise med en ekstremt h\u00f8y hastighet p\u00e5 350 kilometer i timen, eller mer.<\/p>\n<p class=\"p1\">De n\u00e5v\u00e6rende raskeste direktetjenestene dekker den 506 kilometer lange distansen p\u00e5 omtrent 2 timer og 30 til 37 minutter. Den foresl\u00e5tte oppgraderingen lover derfor \u00e5 forkorte reisetiden mellom byer med nesten 40 minutter.<\/p>\n<p class=\"p1\">Det ansl\u00e5s at prosjektet kan fullf\u00f8res innen tre \u00e5r, tilsvarende tiden det tok for den nylige oppgraderingen av linjen Madrid-Sevilla, er en strategisk &laquo;offensiv&raquo; retningsendring i Spanias h\u00f8yhastighetstogstrategi etter det Puente beskrev som &laquo;smertefulle&raquo; jernbaneproblemer de siste \u00e5rene.<\/p>\n<div class=\"sra_unit\"><link rel=\"stylesheet\" id=\"block-sra\" href=\"https:\/\/euroweeklynews.com\/wp-content\/plugins\/snack-related-articles\/dist\/css\/snack-related.min.css?250312-193541\" type=\"text\/css\" media=\"all\">\n<\/div>\n<h2 class=\"p1\">Raskere reiser, ny infrastruktur<\/h2>\n<p class=\"p1\">Hoveddelen av oppgraderingen inneb\u00e6rer \u00e5 tilpasse linjen for \u00e5 im\u00f8tekomme de h\u00f8yere hastighetene, spesielt gjennom introduksjonen av &laquo;aerodynamiske sviller&raquo; (traviesas aerodin\u00e1micas). De innovative komponentene er designet for \u00e5 redusere den aerodynamiske belastningen som genereres av passerende tog med 21 prosent, noe som igjen forhindrer at sporballasten (grus) kastes og treffer undersiden av togene i ekstreme hastigheter.<\/p>\n<p class=\"p1\">&laquo;Dette gir mulighet for en 12 prosent h\u00f8yere hastighet med samme aerodynamiske belastning, noe som betyr at en hastighet p\u00e5 330 km\/t med denne aero-sleeper, i reelle termer, tilsvarer 370 km\/t under gjeldende forhold,&raquo; forklarte Puente under en pressebegivenhet i Madrid.<\/p>\n<p class=\"p1\">Bortsett fra sporforbedringene, inkluderer planen betydelige infrastrukturtillegg for \u00e5 forbedre nettverksfluiditeten:<\/p>\n<ul>\n<li class=\"p1\"><strong>Ny h\u00f8yhastighetsstasjon i Parla:<\/strong> En ny AVE-stasjon skal bygges i Parla, s\u00f8r for Madrid. Dette vil gj\u00f8re det mulig for reisende fra Andalusia \u00e5 overf\u00f8re til Barcelona-linjen uten \u00e5 m\u00e5tte g\u00e5 inn p\u00e5 hovedstadens hovedstasjoner, og str\u00f8mlinjeforme den nasjonale tilkoblingen.<\/li>\n<li class=\"p1\"><strong>Direkte flyplasskoblinger:<\/strong> Renoveringen vil inkludere direkte jernbaneforbindelser til de internasjonale flyplassene Madrid-Barajas og Barcelona-El Prat.<\/li>\n<li class=\"p1\"><strong>Madrid Chamart\u00edn-omkj\u00f8ringsvei:<\/strong> Prosjektet vil tillate en direkte forbindelse fra Madrids Chamart\u00edn-stasjon til Barcelona, \u200b\u200butenom Atocha-stasjonen.<\/li>\n<\/ul>\n<h2 class=\"p1\">Levedyktighet og regulatoriske kamper<\/h2>\n<p class=\"p1\">Mens ministeren erkjente at den totale n\u00f8dvendige investeringen enn\u00e5 ikke er beregnet, uttrykte han tillit til prosjektets \u00f8konomiske levedyktighet, og sa: &laquo;Med antallet reisende det er, tror vi at dataene vil v\u00e6re positive.&raquo; Denne renoveringen er en del av et bredere, st\u00f8rre statlig initiativ, med en forventet investering p\u00e5 60 milliarder euro i l\u00f8pet av de neste fire \u00e5rene over hele Spanias transportnettverk, inkludert jernbane, veier, havner og flyplasser.<\/p>\n<p class=\"p1\">Puente benyttet imidlertid ogs\u00e5 anledningen til \u00e5 ta en fast holdning mot et nylig kongressmandat som forplikter statseide Renfe til \u00e5 refundere billettkostnader for tog som er forsinket med s\u00e5 lite som 15 minutter.<\/p>\n<p class=\"p1\">Han hevdet at det \u00e5 p\u00e5legge Renfe en strengere punktlighetsforpliktelse enn konkurrentene Ouigo og Iryo i et milj\u00f8 med fri konkurranse er &laquo;verken levedyktig eller helt konstitusjonelt.&raquo; Et slikt krav, advarte han, skaper et urettferdig spillefelt som potensielt kan koste Renfe 42 millioner euro \u00e5rlig og f\u00f8re til h\u00f8yere billettpriser, og hindrer dens evne til \u00e5 konkurrere effektivt.<\/p>\n<p>                    <!-- Originally published at https:\/\/euroweeklynews.com\/2025\/11\/17\/minister-opens-up-speed-limit-on-ave-trains-350-kph-madrid-barcelona-in-2-hours\/ on 17 Nov 2025 at 10:59 by Adam Woodward --><br \/>\n                    <!-- Article End -->\n                <\/div>\n","protected":false},"excerpt":{"rendered":"<p>Spanias transportminister, \u00d3scar Puente, har kunngjort en ambisi\u00f8s renoveringsplan for h\u00f8yhastighetsbanen som forbinder Madrid og<\/p>\n","protected":false},"author":1,"featured_media":11794,"comment_status":"closed","ping_status":"open","sticky":false,"template":"","format":"standard","meta":{"footnotes":""},"categories":[105],"tags":[246,7767,1951,5999,4383,2049,7766,81,4167],"class_list":["post-11793","post","type-post","status-publish","format-standard","has-post-thumbnail","hentry","category-livsstil","tag-apner","tag-avetog","tag-barcelona","tag-fartsgrense","tag-kmt","tag-madrid","tag-minister","tag-pa","tag-timer","generate-columns","tablet-grid-50","mobile-grid-100","grid-parent","grid-33","resize-featured-image"],"yoast_head":"<!-- This site is optimized with the Yoast SEO plugin v24.4 - https:\/\/yoast.com\/wordpress\/plugins\/seo\/ -->\n<title>Minister \u00e5pner fartsgrense p\u00e5 AVE-tog \u2013 350 km\/t Madrid \u2013 Barcelona om 2 timer - Nordnesrepublikken<\/title>\n<meta name=\"robots\" content=\"index, follow, max-snippet:-1, max-image-preview:large, max-video-preview:-1\" \/>\n<link rel=\"canonical\" href=\"https:\/\/nordnesrepublikken.no\/index.php\/2025\/11\/17\/minister-apner-fartsgrense-pa-ave-tog-350-km-t-madrid-barcelona-om-2-timer\/\" \/>\n<meta property=\"og:locale\" content=\"nb_NO\" \/>\n<meta property=\"og:type\" content=\"article\" \/>\n<meta property=\"og:title\" content=\"Minister \u00e5pner fartsgrense p\u00e5 AVE-tog \u2013 350 km\/t Madrid \u2013 Barcelona om 2 timer - Nordnesrepublikken\" \/>\n<meta property=\"og:description\" content=\"Spanias transportminister, \u00d3scar Puente, har kunngjort en ambisi\u00f8s renoveringsplan for h\u00f8yhastighetsbanen som forbinder Madrid og\" \/>\n<meta property=\"og:url\" content=\"https:\/\/nordnesrepublikken.no\/index.php\/2025\/11\/17\/minister-apner-fartsgrense-pa-ave-tog-350-km-t-madrid-barcelona-om-2-timer\/\" \/>\n<meta property=\"og:site_name\" content=\"Nordnesrepublikken\" \/>\n<meta property=\"article:published_time\" content=\"2025-11-17T10:52:07+00:00\" \/>\n<meta property=\"article:modified_time\" content=\"2025-11-17T10:52:09+00:00\" \/>\n<meta property=\"og:image\" content=\"https:\/\/nordnesrepublikken.no\/wp-content\/uploads\/2025\/11\/1763376728_Minister-apner-fartsgrense-pa-AVE-tog-\u2013-350-kmt-Madrid-\u2013.jpg\" \/>\n\t<meta property=\"og:image:width\" content=\"1200\" \/>\n\t<meta property=\"og:image:height\" content=\"800\" \/>\n\t<meta property=\"og:image:type\" content=\"image\/jpeg\" \/>\n<meta name=\"author\" content=\"Ole Andersen\" \/>\n<meta name=\"twitter:card\" content=\"summary_large_image\" \/>\n<meta name=\"twitter:label1\" content=\"Skrevet av\" \/>\n\t<meta name=\"twitter:data1\" content=\"Ole Andersen\" \/>\n\t<meta name=\"twitter:label2\" content=\"Ansl. lesetid\" \/>\n\t<meta name=\"twitter:data2\" content=\"2 minutter\" \/>\n<script type=\"application\/ld+json\" class=\"yoast-schema-graph\">{\"@context\":\"https:\/\/schema.org\",\"@graph\":[{\"@type\":\"Article\",\"@id\":\"https:\/\/nordnesrepublikken.no\/index.php\/2025\/11\/17\/minister-apner-fartsgrense-pa-ave-tog-350-km-t-madrid-barcelona-om-2-timer\/#article\",\"isPartOf\":{\"@id\":\"https:\/\/nordnesrepublikken.no\/index.php\/2025\/11\/17\/minister-apner-fartsgrense-pa-ave-tog-350-km-t-madrid-barcelona-om-2-timer\/\"},\"author\":{\"name\":\"Ole Andersen\",\"@id\":\"https:\/\/nordnesrepublikken.no\/#\/schema\/person\/2e7e81935bab77882fffb79296240ff1\"},\"headline\":\"Minister \u00e5pner fartsgrense p\u00e5 AVE-tog \u2013 350 km\/t Madrid \u2013 Barcelona om 2 timer\",\"datePublished\":\"2025-11-17T10:52:07+00:00\",\"dateModified\":\"2025-11-17T10:52:09+00:00\",\"mainEntityOfPage\":{\"@id\":\"https:\/\/nordnesrepublikken.no\/index.php\/2025\/11\/17\/minister-apner-fartsgrense-pa-ave-tog-350-km-t-madrid-barcelona-om-2-timer\/\"},\"wordCount\":478,\"publisher\":{\"@id\":\"https:\/\/nordnesrepublikken.no\/#organization\"},\"image\":{\"@id\":\"https:\/\/nordnesrepublikken.no\/index.php\/2025\/11\/17\/minister-apner-fartsgrense-pa-ave-tog-350-km-t-madrid-barcelona-om-2-timer\/#primaryimage\"},\"thumbnailUrl\":\"https:\/\/nordnesrepublikken.no\/wp-content\/uploads\/2025\/11\/1763376728_Minister-apner-fartsgrense-pa-AVE-tog-\u2013-350-kmt-Madrid-\u2013.jpg\",\"keywords\":[\"\u00e5pner\",\"AVEtog\",\"Barcelona\",\"fartsgrense\",\"kmt\",\"Madrid\",\"Minister\",\"p\u00e5\",\"timer\"],\"articleSection\":[\"Livsstil\"],\"inLanguage\":\"nb-NO\"},{\"@type\":\"WebPage\",\"@id\":\"https:\/\/nordnesrepublikken.no\/index.php\/2025\/11\/17\/minister-apner-fartsgrense-pa-ave-tog-350-km-t-madrid-barcelona-om-2-timer\/\",\"url\":\"https:\/\/nordnesrepublikken.no\/index.php\/2025\/11\/17\/minister-apner-fartsgrense-pa-ave-tog-350-km-t-madrid-barcelona-om-2-timer\/\",\"name\":\"Minister \u00e5pner fartsgrense p\u00e5 AVE-tog \u2013 350 km\/t Madrid \u2013 Barcelona om 2 timer - Nordnesrepublikken\",\"isPartOf\":{\"@id\":\"https:\/\/nordnesrepublikken.no\/#website\"},\"primaryImageOfPage\":{\"@id\":\"https:\/\/nordnesrepublikken.no\/index.php\/2025\/11\/17\/minister-apner-fartsgrense-pa-ave-tog-350-km-t-madrid-barcelona-om-2-timer\/#primaryimage\"},\"image\":{\"@id\":\"https:\/\/nordnesrepublikken.no\/index.php\/2025\/11\/17\/minister-apner-fartsgrense-pa-ave-tog-350-km-t-madrid-barcelona-om-2-timer\/#primaryimage\"},\"thumbnailUrl\":\"https:\/\/nordnesrepublikken.no\/wp-content\/uploads\/2025\/11\/1763376728_Minister-apner-fartsgrense-pa-AVE-tog-\u2013-350-kmt-Madrid-\u2013.jpg\",\"datePublished\":\"2025-11-17T10:52:07+00:00\",\"dateModified\":\"2025-11-17T10:52:09+00:00\",\"breadcrumb\":{\"@id\":\"https:\/\/nordnesrepublikken.no\/index.php\/2025\/11\/17\/minister-apner-fartsgrense-pa-ave-tog-350-km-t-madrid-barcelona-om-2-timer\/#breadcrumb\"},\"inLanguage\":\"nb-NO\",\"potentialAction\":[{\"@type\":\"ReadAction\",\"target\":[\"https:\/\/nordnesrepublikken.no\/index.php\/2025\/11\/17\/minister-apner-fartsgrense-pa-ave-tog-350-km-t-madrid-barcelona-om-2-timer\/\"]}]},{\"@type\":\"ImageObject\",\"inLanguage\":\"nb-NO\",\"@id\":\"https:\/\/nordnesrepublikken.no\/index.php\/2025\/11\/17\/minister-apner-fartsgrense-pa-ave-tog-350-km-t-madrid-barcelona-om-2-timer\/#primaryimage\",\"url\":\"https:\/\/nordnesrepublikken.no\/wp-content\/uploads\/2025\/11\/1763376728_Minister-apner-fartsgrense-pa-AVE-tog-\u2013-350-kmt-Madrid-\u2013.jpg\",\"contentUrl\":\"https:\/\/nordnesrepublikken.no\/wp-content\/uploads\/2025\/11\/1763376728_Minister-apner-fartsgrense-pa-AVE-tog-\u2013-350-kmt-Madrid-\u2013.jpg\",\"width\":1200,\"height\":800,\"caption\":\"Minister \u00e5pner fartsgrense p\u00e5 AVE-tog \u2013 350 km\/t Madrid \u2013 Barcelona om 2 timer\"},{\"@type\":\"BreadcrumbList\",\"@id\":\"https:\/\/nordnesrepublikken.no\/index.php\/2025\/11\/17\/minister-apner-fartsgrense-pa-ave-tog-350-km-t-madrid-barcelona-om-2-timer\/#breadcrumb\",\"itemListElement\":[{\"@type\":\"ListItem\",\"position\":1,\"name\":\"Home\",\"item\":\"https:\/\/nordnesrepublikken.no\/\"},{\"@type\":\"ListItem\",\"position\":2,\"name\":\"Minister \u00e5pner fartsgrense p\u00e5 AVE-tog \u2013 350 km\/t Madrid \u2013 Barcelona om 2 timer\"}]},{\"@type\":\"WebSite\",\"@id\":\"https:\/\/nordnesrepublikken.no\/#website\",\"url\":\"https:\/\/nordnesrepublikken.no\/\",\"name\":\"Nordnesrepublikken\",\"description\":\"Stemmer og Visjoner fra Republikkens Hjerte\",\"publisher\":{\"@id\":\"https:\/\/nordnesrepublikken.no\/#organization\"},\"potentialAction\":[{\"@type\":\"SearchAction\",\"target\":{\"@type\":\"EntryPoint\",\"urlTemplate\":\"https:\/\/nordnesrepublikken.no\/?s={search_term_string}\"},\"query-input\":{\"@type\":\"PropertyValueSpecification\",\"valueRequired\":true,\"valueName\":\"search_term_string\"}}],\"inLanguage\":\"nb-NO\"},{\"@type\":\"Organization\",\"@id\":\"https:\/\/nordnesrepublikken.no\/#organization\",\"name\":\"Nordnesrepublikken\",\"url\":\"https:\/\/nordnesrepublikken.no\/\",\"logo\":{\"@type\":\"ImageObject\",\"inLanguage\":\"nb-NO\",\"@id\":\"https:\/\/nordnesrepublikken.no\/#\/schema\/logo\/image\/\",\"url\":\"https:\/\/nordnesrepublikken.no\/wp-content\/uploads\/2025\/02\/cropped-nordnesrepublikken-2.png\",\"contentUrl\":\"https:\/\/nordnesrepublikken.no\/wp-content\/uploads\/2025\/02\/cropped-nordnesrepublikken-2.png\",\"width\":1248,\"height\":362,\"caption\":\"Nordnesrepublikken\"},\"image\":{\"@id\":\"https:\/\/nordnesrepublikken.no\/#\/schema\/logo\/image\/\"}},{\"@type\":\"Person\",\"@id\":\"https:\/\/nordnesrepublikken.no\/#\/schema\/person\/2e7e81935bab77882fffb79296240ff1\",\"name\":\"Ole Andersen\",\"image\":{\"@type\":\"ImageObject\",\"inLanguage\":\"nb-NO\",\"@id\":\"https:\/\/nordnesrepublikken.no\/#\/schema\/person\/image\/\",\"url\":\"https:\/\/nordnesrepublikken.no\/wp-content\/uploads\/2025\/02\/nordnesrepublikken-2-2-150x150.jpg\",\"contentUrl\":\"https:\/\/nordnesrepublikken.no\/wp-content\/uploads\/2025\/02\/nordnesrepublikken-2-2-150x150.jpg\",\"caption\":\"Ole Andersen\"},\"description\":\"Ettersom jeg vokste opp i Oslo, har jeg alltid v\u00e6rt fascinert av ordenes kraft og deres evne til \u00e5 skape endringer. Etter \u00e5 ha fullf\u00f8rt min utdannelse i kommunikasjon ved Universitetet i Bergen, fikk jeg muligheten til \u00e5 jobbe innen ulike medier, der jeg har s\u00f8kt \u00e5 belyse viktige samfunnssp\u00f8rsm\u00e5l. I dag, som redakt\u00f8r for Nordnesrepublikken, pr\u00f8ver jeg \u00e5 forene min kj\u00e6rlighet for journalistikk med min lidenskap for innovasjon og eventyr.\",\"sameAs\":[\"https:\/\/nordnesrepublikken.no\/\"]}]}<\/script>\n<!-- \/ Yoast SEO plugin. -->","yoast_head_json":{"title":"Minister \u00e5pner fartsgrense p\u00e5 AVE-tog \u2013 350 km\/t Madrid \u2013 Barcelona om 2 timer - Nordnesrepublikken","robots":{"index":"index","follow":"follow","max-snippet":"max-snippet:-1","max-image-preview":"max-image-preview:large","max-video-preview":"max-video-preview:-1"},"canonical":"https:\/\/nordnesrepublikken.no\/index.php\/2025\/11\/17\/minister-apner-fartsgrense-pa-ave-tog-350-km-t-madrid-barcelona-om-2-timer\/","og_locale":"nb_NO","og_type":"article","og_title":"Minister \u00e5pner fartsgrense p\u00e5 AVE-tog \u2013 350 km\/t Madrid \u2013 Barcelona om 2 timer - Nordnesrepublikken","og_description":"Spanias transportminister, \u00d3scar Puente, har kunngjort en ambisi\u00f8s renoveringsplan for h\u00f8yhastighetsbanen som forbinder Madrid og","og_url":"https:\/\/nordnesrepublikken.no\/index.php\/2025\/11\/17\/minister-apner-fartsgrense-pa-ave-tog-350-km-t-madrid-barcelona-om-2-timer\/","og_site_name":"Nordnesrepublikken","article_published_time":"2025-11-17T10:52:07+00:00","article_modified_time":"2025-11-17T10:52:09+00:00","og_image":[{"width":1200,"height":800,"url":"https:\/\/nordnesrepublikken.no\/wp-content\/uploads\/2025\/11\/1763376728_Minister-apner-fartsgrense-pa-AVE-tog-\u2013-350-kmt-Madrid-\u2013.jpg","type":"image\/jpeg"}],"author":"Ole Andersen","twitter_card":"summary_large_image","twitter_misc":{"Skrevet av":"Ole Andersen","Ansl. lesetid":"2 minutter"},"schema":{"@context":"https:\/\/schema.org","@graph":[{"@type":"Article","@id":"https:\/\/nordnesrepublikken.no\/index.php\/2025\/11\/17\/minister-apner-fartsgrense-pa-ave-tog-350-km-t-madrid-barcelona-om-2-timer\/#article","isPartOf":{"@id":"https:\/\/nordnesrepublikken.no\/index.php\/2025\/11\/17\/minister-apner-fartsgrense-pa-ave-tog-350-km-t-madrid-barcelona-om-2-timer\/"},"author":{"name":"Ole Andersen","@id":"https:\/\/nordnesrepublikken.no\/#\/schema\/person\/2e7e81935bab77882fffb79296240ff1"},"headline":"Minister \u00e5pner fartsgrense p\u00e5 AVE-tog \u2013 350 km\/t Madrid \u2013 Barcelona om 2 timer","datePublished":"2025-11-17T10:52:07+00:00","dateModified":"2025-11-17T10:52:09+00:00","mainEntityOfPage":{"@id":"https:\/\/nordnesrepublikken.no\/index.php\/2025\/11\/17\/minister-apner-fartsgrense-pa-ave-tog-350-km-t-madrid-barcelona-om-2-timer\/"},"wordCount":478,"publisher":{"@id":"https:\/\/nordnesrepublikken.no\/#organization"},"image":{"@id":"https:\/\/nordnesrepublikken.no\/index.php\/2025\/11\/17\/minister-apner-fartsgrense-pa-ave-tog-350-km-t-madrid-barcelona-om-2-timer\/#primaryimage"},"thumbnailUrl":"https:\/\/nordnesrepublikken.no\/wp-content\/uploads\/2025\/11\/1763376728_Minister-apner-fartsgrense-pa-AVE-tog-\u2013-350-kmt-Madrid-\u2013.jpg","keywords":["\u00e5pner","AVEtog","Barcelona","fartsgrense","kmt","Madrid","Minister","p\u00e5","timer"],"articleSection":["Livsstil"],"inLanguage":"nb-NO"},{"@type":"WebPage","@id":"https:\/\/nordnesrepublikken.no\/index.php\/2025\/11\/17\/minister-apner-fartsgrense-pa-ave-tog-350-km-t-madrid-barcelona-om-2-timer\/","url":"https:\/\/nordnesrepublikken.no\/index.php\/2025\/11\/17\/minister-apner-fartsgrense-pa-ave-tog-350-km-t-madrid-barcelona-om-2-timer\/","name":"Minister \u00e5pner fartsgrense p\u00e5 AVE-tog \u2013 350 km\/t Madrid \u2013 Barcelona om 2 timer - Nordnesrepublikken","isPartOf":{"@id":"https:\/\/nordnesrepublikken.no\/#website"},"primaryImageOfPage":{"@id":"https:\/\/nordnesrepublikken.no\/index.php\/2025\/11\/17\/minister-apner-fartsgrense-pa-ave-tog-350-km-t-madrid-barcelona-om-2-timer\/#primaryimage"},"image":{"@id":"https:\/\/nordnesrepublikken.no\/index.php\/2025\/11\/17\/minister-apner-fartsgrense-pa-ave-tog-350-km-t-madrid-barcelona-om-2-timer\/#primaryimage"},"thumbnailUrl":"https:\/\/nordnesrepublikken.no\/wp-content\/uploads\/2025\/11\/1763376728_Minister-apner-fartsgrense-pa-AVE-tog-\u2013-350-kmt-Madrid-\u2013.jpg","datePublished":"2025-11-17T10:52:07+00:00","dateModified":"2025-11-17T10:52:09+00:00","breadcrumb":{"@id":"https:\/\/nordnesrepublikken.no\/index.php\/2025\/11\/17\/minister-apner-fartsgrense-pa-ave-tog-350-km-t-madrid-barcelona-om-2-timer\/#breadcrumb"},"inLanguage":"nb-NO","potentialAction":[{"@type":"ReadAction","target":["https:\/\/nordnesrepublikken.no\/index.php\/2025\/11\/17\/minister-apner-fartsgrense-pa-ave-tog-350-km-t-madrid-barcelona-om-2-timer\/"]}]},{"@type":"ImageObject","inLanguage":"nb-NO","@id":"https:\/\/nordnesrepublikken.no\/index.php\/2025\/11\/17\/minister-apner-fartsgrense-pa-ave-tog-350-km-t-madrid-barcelona-om-2-timer\/#primaryimage","url":"https:\/\/nordnesrepublikken.no\/wp-content\/uploads\/2025\/11\/1763376728_Minister-apner-fartsgrense-pa-AVE-tog-\u2013-350-kmt-Madrid-\u2013.jpg","contentUrl":"https:\/\/nordnesrepublikken.no\/wp-content\/uploads\/2025\/11\/1763376728_Minister-apner-fartsgrense-pa-AVE-tog-\u2013-350-kmt-Madrid-\u2013.jpg","width":1200,"height":800,"caption":"Minister \u00e5pner fartsgrense p\u00e5 AVE-tog \u2013 350 km\/t Madrid \u2013 Barcelona om 2 timer"},{"@type":"BreadcrumbList","@id":"https:\/\/nordnesrepublikken.no\/index.php\/2025\/11\/17\/minister-apner-fartsgrense-pa-ave-tog-350-km-t-madrid-barcelona-om-2-timer\/#breadcrumb","itemListElement":[{"@type":"ListItem","position":1,"name":"Home","item":"https:\/\/nordnesrepublikken.no\/"},{"@type":"ListItem","position":2,"name":"Minister \u00e5pner fartsgrense p\u00e5 AVE-tog \u2013 350 km\/t Madrid \u2013 Barcelona om 2 timer"}]},{"@type":"WebSite","@id":"https:\/\/nordnesrepublikken.no\/#website","url":"https:\/\/nordnesrepublikken.no\/","name":"Nordnesrepublikken","description":"Stemmer og Visjoner fra Republikkens Hjerte","publisher":{"@id":"https:\/\/nordnesrepublikken.no\/#organization"},"potentialAction":[{"@type":"SearchAction","target":{"@type":"EntryPoint","urlTemplate":"https:\/\/nordnesrepublikken.no\/?s={search_term_string}"},"query-input":{"@type":"PropertyValueSpecification","valueRequired":true,"valueName":"search_term_string"}}],"inLanguage":"nb-NO"},{"@type":"Organization","@id":"https:\/\/nordnesrepublikken.no\/#organization","name":"Nordnesrepublikken","url":"https:\/\/nordnesrepublikken.no\/","logo":{"@type":"ImageObject","inLanguage":"nb-NO","@id":"https:\/\/nordnesrepublikken.no\/#\/schema\/logo\/image\/","url":"https:\/\/nordnesrepublikken.no\/wp-content\/uploads\/2025\/02\/cropped-nordnesrepublikken-2.png","contentUrl":"https:\/\/nordnesrepublikken.no\/wp-content\/uploads\/2025\/02\/cropped-nordnesrepublikken-2.png","width":1248,"height":362,"caption":"Nordnesrepublikken"},"image":{"@id":"https:\/\/nordnesrepublikken.no\/#\/schema\/logo\/image\/"}},{"@type":"Person","@id":"https:\/\/nordnesrepublikken.no\/#\/schema\/person\/2e7e81935bab77882fffb79296240ff1","name":"Ole Andersen","image":{"@type":"ImageObject","inLanguage":"nb-NO","@id":"https:\/\/nordnesrepublikken.no\/#\/schema\/person\/image\/","url":"https:\/\/nordnesrepublikken.no\/wp-content\/uploads\/2025\/02\/nordnesrepublikken-2-2-150x150.jpg","contentUrl":"https:\/\/nordnesrepublikken.no\/wp-content\/uploads\/2025\/02\/nordnesrepublikken-2-2-150x150.jpg","caption":"Ole Andersen"},"description":"Ettersom jeg vokste opp i Oslo, har jeg alltid v\u00e6rt fascinert av ordenes kraft og deres evne til \u00e5 skape endringer. Etter \u00e5 ha fullf\u00f8rt min utdannelse i kommunikasjon ved Universitetet i Bergen, fikk jeg muligheten til \u00e5 jobbe innen ulike medier, der jeg har s\u00f8kt \u00e5 belyse viktige samfunnssp\u00f8rsm\u00e5l. I dag, som redakt\u00f8r for Nordnesrepublikken, pr\u00f8ver jeg \u00e5 forene min kj\u00e6rlighet for journalistikk med min lidenskap for innovasjon og eventyr.","sameAs":["https:\/\/nordnesrepublikken.no\/"]}]}},"_links":{"self":[{"href":"https:\/\/nordnesrepublikken.no\/index.php\/wp-json\/wp\/v2\/posts\/11793","targetHints":{"allow":["GET"]}}],"collection":[{"href":"https:\/\/nordnesrepublikken.no\/index.php\/wp-json\/wp\/v2\/posts"}],"about":[{"href":"https:\/\/nordnesrepublikken.no\/index.php\/wp-json\/wp\/v2\/types\/post"}],"author":[{"embeddable":true,"href":"https:\/\/nordnesrepublikken.no\/index.php\/wp-json\/wp\/v2\/users\/1"}],"replies":[{"embeddable":true,"href":"https:\/\/nordnesrepublikken.no\/index.php\/wp-json\/wp\/v2\/comments?post=11793"}],"version-history":[{"count":1,"href":"https:\/\/nordnesrepublikken.no\/index.php\/wp-json\/wp\/v2\/posts\/11793\/revisions"}],"predecessor-version":[{"id":11795,"href":"https:\/\/nordnesrepublikken.no\/index.php\/wp-json\/wp\/v2\/posts\/11793\/revisions\/11795"}],"wp:featuredmedia":[{"embeddable":true,"href":"https:\/\/nordnesrepublikken.no\/index.php\/wp-json\/wp\/v2\/media\/11794"}],"wp:attachment":[{"href":"https:\/\/nordnesrepublikken.no\/index.php\/wp-json\/wp\/v2\/media?parent=11793"}],"wp:term":[{"taxonomy":"category","embeddable":true,"href":"https:\/\/nordnesrepublikken.no\/index.php\/wp-json\/wp\/v2\/categories?post=11793"},{"taxonomy":"post_tag","embeddable":true,"href":"https:\/\/nordnesrepublikken.no\/index.php\/wp-json\/wp\/v2\/tags?post=11793"}],"curies":[{"name":"wp","href":"https:\/\/api.w.org\/{rel}","templated":true}]}}