{"id":11790,"date":"2025-11-17T09:50:42","date_gmt":"2025-11-17T08:50:42","guid":{"rendered":"https:\/\/nordnesrepublikken.no\/index.php\/2025\/11\/17\/4400-meter-hoy-askesoyle-og-kansellerte-flygninger\/"},"modified":"2025-11-17T09:50:47","modified_gmt":"2025-11-17T08:50:47","slug":"4400-meter-hoy-askesoyle-og-kansellerte-flygninger","status":"publish","type":"post","link":"https:\/\/nordnesrepublikken.no\/index.php\/2025\/11\/17\/4400-meter-hoy-askesoyle-og-kansellerte-flygninger\/","title":{"rendered":"4400 meter h\u00f8y askes\u00f8yle og kansellerte flygninger"},"content":{"rendered":"<div>\n<div class=\"cp_wrapper cp_wrapper--fw mb-30 mb-20@tablet\">\n<figure class=\"mm\"><picture class=\"img\" style=\"padding-top:56.25%\"><source  media=\"(min-width: 1024px)\"><source  media=\"(min-width: 768px)\"><\/source><\/source><\/picture><\/figure>\n<\/p><\/div>\n<p>De <strong>Sakurajima vulkanen<\/strong>i <strong>Japan<\/strong>har nok en gang gjort seg gjeldende ved \u00e5 generere tre forskjellige utbrudd p\u00e5 den japanske \u00f8ya Kyushu &#8211; s\u00f8r-vest i landet &#8211; og \u00f8ke en <strong>kolonne av r\u00f8yk og aske opptil 4,4 km h\u00f8y<\/strong> og for\u00e5rsaker <strong>kansellering<\/strong> p\u00e5 over 30 <strong>flyreiser<\/strong> fra flyplassen <strong>Kagoshima<\/strong>som ligger i n\u00e6rheten.<\/p>\n<p>I f\u00f8lge det som ble rapportert av Japan Meteorological Agency (JMA), ble det f\u00f8rste utbruddet av vulkanen registrert av <strong>krater<\/strong> <strong>Minamidake<\/strong> rundt<strong>01:00<\/strong> s\u00f8ndag 16. november (lokal tid, kl. 17.00 l\u00f8rdag 15. november i Italia), skjedde det andre ca.<strong> 02:30<\/strong> og den tredje og siste kl <strong>08:50<\/strong>.<\/p>\n<p>Nyhetsbyr\u00e5et Kyodo rapporterte senere at episoden utgjorde <strong>det f\u00f8rste vulkanutbruddet<\/strong> \u00e5 generere en askes\u00f8yle h\u00f8yere enn 4000 meter <strong>p\u00e5 over 13 m\u00e5neder<\/strong>: JMA bekreftet at vulkansk aske beveget seg nord\u00f8stover, og til slutt traff n\u00e6rliggende Kagoshima og prefekturen til <strong>Miyazaki<\/strong> i l\u00f8pet av g\u00e5rsdagen.<\/p>\n<p>Myndighetene rapporterte ingen personskader eller alvorlige skader fra utbruddet og utstedte en<strong>niv\u00e5 3 varsel<\/strong>Det <strong>forbyr \u00e5 n\u00e6rme seg vulkanen<\/strong> og oppfordrer sivilbefolkningen til \u00e5 forberede seg p\u00e5 en mulig evakuering, spesielt n\u00e5r det gjelder eldre eller skr\u00f8pelige mennesker.<\/p>\n<p>Men hva er egenskapene til <strong>Sakurajima vulkanen<\/strong>?<\/p>\n<p>Det er en stratovulkan ca 1117 meter h\u00f8y som ligger langs den s\u00e5kalte <strong>Pacific Ring of Fire<\/strong>eller et omr\u00e5de preget av intens vulkansk aktivitet. Opprinnelsen til denne vulkanen er knyttet til <strong>subduksjon<\/strong> mellom de filippinske og eurasiske platene: Til \u00e5 begynne med dannet fjellet en \u00f8y atskilt fra resten av Japan, men kontinuerlige utbrudd tillot dets forbindelse med resten av landet.<\/p>\n<\/p><\/div>\n","protected":false},"excerpt":{"rendered":"<p>De Sakurajima vulkaneni Japanhar nok en gang gjort seg gjeldende ved \u00e5 generere tre forskjellige<\/p>\n","protected":false},"author":1,"featured_media":11791,"comment_status":"closed","ping_status":"open","sticky":false,"template":"","format":"standard","meta":{"footnotes":""},"categories":[26],"tags":[7764,7765,2683,3672,312],"class_list":["post-11790","post","type-post","status-publish","format-standard","has-post-thumbnail","hentry","category-miljo","tag-askesoyle","tag-flygninger","tag-hoy","tag-kansellerte","tag-meter","generate-columns","tablet-grid-50","mobile-grid-100","grid-parent","grid-33","resize-featured-image"],"yoast_head":"<!-- This site is optimized with the Yoast SEO plugin v24.4 - https:\/\/yoast.com\/wordpress\/plugins\/seo\/ -->\n<title>4400 meter h\u00f8y askes\u00f8yle og kansellerte flygninger - Nordnesrepublikken<\/title>\n<meta name=\"robots\" content=\"index, follow, max-snippet:-1, max-image-preview:large, max-video-preview:-1\" \/>\n<link rel=\"canonical\" href=\"https:\/\/nordnesrepublikken.no\/index.php\/2025\/11\/17\/4400-meter-hoy-askesoyle-og-kansellerte-flygninger\/\" \/>\n<meta property=\"og:locale\" content=\"nb_NO\" \/>\n<meta property=\"og:type\" content=\"article\" \/>\n<meta property=\"og:title\" content=\"4400 meter h\u00f8y askes\u00f8yle og kansellerte flygninger - Nordnesrepublikken\" \/>\n<meta property=\"og:description\" content=\"De Sakurajima vulkaneni Japanhar nok en gang gjort seg gjeldende ved \u00e5 generere tre forskjellige\" \/>\n<meta property=\"og:url\" content=\"https:\/\/nordnesrepublikken.no\/index.php\/2025\/11\/17\/4400-meter-hoy-askesoyle-og-kansellerte-flygninger\/\" \/>\n<meta property=\"og:site_name\" content=\"Nordnesrepublikken\" \/>\n<meta property=\"article:published_time\" content=\"2025-11-17T08:50:42+00:00\" \/>\n<meta property=\"article:modified_time\" content=\"2025-11-17T08:50:47+00:00\" \/>\n<meta property=\"og:image\" content=\"https:\/\/nordnesrepublikken.no\/wp-content\/uploads\/2025\/11\/1763369443_4400-meter-hoy-askesoyle-og-kansellerte-flygninger.jpg\" \/>\n\t<meta property=\"og:image:width\" content=\"2278\" \/>\n\t<meta property=\"og:image:height\" content=\"1448\" \/>\n\t<meta property=\"og:image:type\" content=\"image\/jpeg\" \/>\n<meta name=\"author\" content=\"Ole Andersen\" \/>\n<meta name=\"twitter:card\" content=\"summary_large_image\" \/>\n<meta name=\"twitter:label1\" content=\"Skrevet av\" \/>\n\t<meta name=\"twitter:data1\" content=\"Ole Andersen\" \/>\n\t<meta name=\"twitter:label2\" content=\"Ansl. lesetid\" \/>\n\t<meta name=\"twitter:data2\" content=\"1 minutt\" \/>\n<script type=\"application\/ld+json\" class=\"yoast-schema-graph\">{\"@context\":\"https:\/\/schema.org\",\"@graph\":[{\"@type\":\"Article\",\"@id\":\"https:\/\/nordnesrepublikken.no\/index.php\/2025\/11\/17\/4400-meter-hoy-askesoyle-og-kansellerte-flygninger\/#article\",\"isPartOf\":{\"@id\":\"https:\/\/nordnesrepublikken.no\/index.php\/2025\/11\/17\/4400-meter-hoy-askesoyle-og-kansellerte-flygninger\/\"},\"author\":{\"name\":\"Ole Andersen\",\"@id\":\"https:\/\/nordnesrepublikken.no\/#\/schema\/person\/2e7e81935bab77882fffb79296240ff1\"},\"headline\":\"4400 meter h\u00f8y askes\u00f8yle og kansellerte flygninger\",\"datePublished\":\"2025-11-17T08:50:42+00:00\",\"dateModified\":\"2025-11-17T08:50:47+00:00\",\"mainEntityOfPage\":{\"@id\":\"https:\/\/nordnesrepublikken.no\/index.php\/2025\/11\/17\/4400-meter-hoy-askesoyle-og-kansellerte-flygninger\/\"},\"wordCount\":263,\"publisher\":{\"@id\":\"https:\/\/nordnesrepublikken.no\/#organization\"},\"image\":{\"@id\":\"https:\/\/nordnesrepublikken.no\/index.php\/2025\/11\/17\/4400-meter-hoy-askesoyle-og-kansellerte-flygninger\/#primaryimage\"},\"thumbnailUrl\":\"https:\/\/nordnesrepublikken.no\/wp-content\/uploads\/2025\/11\/1763369443_4400-meter-hoy-askesoyle-og-kansellerte-flygninger.jpg\",\"keywords\":[\"askes\u00f8yle\",\"flygninger\",\"h\u00f8y\",\"kansellerte\",\"meter\"],\"articleSection\":[\"Milj\u00f8\"],\"inLanguage\":\"nb-NO\"},{\"@type\":\"WebPage\",\"@id\":\"https:\/\/nordnesrepublikken.no\/index.php\/2025\/11\/17\/4400-meter-hoy-askesoyle-og-kansellerte-flygninger\/\",\"url\":\"https:\/\/nordnesrepublikken.no\/index.php\/2025\/11\/17\/4400-meter-hoy-askesoyle-og-kansellerte-flygninger\/\",\"name\":\"4400 meter h\u00f8y askes\u00f8yle og kansellerte flygninger - Nordnesrepublikken\",\"isPartOf\":{\"@id\":\"https:\/\/nordnesrepublikken.no\/#website\"},\"primaryImageOfPage\":{\"@id\":\"https:\/\/nordnesrepublikken.no\/index.php\/2025\/11\/17\/4400-meter-hoy-askesoyle-og-kansellerte-flygninger\/#primaryimage\"},\"image\":{\"@id\":\"https:\/\/nordnesrepublikken.no\/index.php\/2025\/11\/17\/4400-meter-hoy-askesoyle-og-kansellerte-flygninger\/#primaryimage\"},\"thumbnailUrl\":\"https:\/\/nordnesrepublikken.no\/wp-content\/uploads\/2025\/11\/1763369443_4400-meter-hoy-askesoyle-og-kansellerte-flygninger.jpg\",\"datePublished\":\"2025-11-17T08:50:42+00:00\",\"dateModified\":\"2025-11-17T08:50:47+00:00\",\"breadcrumb\":{\"@id\":\"https:\/\/nordnesrepublikken.no\/index.php\/2025\/11\/17\/4400-meter-hoy-askesoyle-og-kansellerte-flygninger\/#breadcrumb\"},\"inLanguage\":\"nb-NO\",\"potentialAction\":[{\"@type\":\"ReadAction\",\"target\":[\"https:\/\/nordnesrepublikken.no\/index.php\/2025\/11\/17\/4400-meter-hoy-askesoyle-og-kansellerte-flygninger\/\"]}]},{\"@type\":\"ImageObject\",\"inLanguage\":\"nb-NO\",\"@id\":\"https:\/\/nordnesrepublikken.no\/index.php\/2025\/11\/17\/4400-meter-hoy-askesoyle-og-kansellerte-flygninger\/#primaryimage\",\"url\":\"https:\/\/nordnesrepublikken.no\/wp-content\/uploads\/2025\/11\/1763369443_4400-meter-hoy-askesoyle-og-kansellerte-flygninger.jpg\",\"contentUrl\":\"https:\/\/nordnesrepublikken.no\/wp-content\/uploads\/2025\/11\/1763369443_4400-meter-hoy-askesoyle-og-kansellerte-flygninger.jpg\",\"width\":2278,\"height\":1448,\"caption\":\"4400 meter h\u00f8y askes\u00f8yle og kansellerte flygninger\"},{\"@type\":\"BreadcrumbList\",\"@id\":\"https:\/\/nordnesrepublikken.no\/index.php\/2025\/11\/17\/4400-meter-hoy-askesoyle-og-kansellerte-flygninger\/#breadcrumb\",\"itemListElement\":[{\"@type\":\"ListItem\",\"position\":1,\"name\":\"Home\",\"item\":\"https:\/\/nordnesrepublikken.no\/\"},{\"@type\":\"ListItem\",\"position\":2,\"name\":\"4400 meter h\u00f8y askes\u00f8yle og kansellerte flygninger\"}]},{\"@type\":\"WebSite\",\"@id\":\"https:\/\/nordnesrepublikken.no\/#website\",\"url\":\"https:\/\/nordnesrepublikken.no\/\",\"name\":\"Nordnesrepublikken\",\"description\":\"Stemmer og Visjoner fra Republikkens Hjerte\",\"publisher\":{\"@id\":\"https:\/\/nordnesrepublikken.no\/#organization\"},\"potentialAction\":[{\"@type\":\"SearchAction\",\"target\":{\"@type\":\"EntryPoint\",\"urlTemplate\":\"https:\/\/nordnesrepublikken.no\/?s={search_term_string}\"},\"query-input\":{\"@type\":\"PropertyValueSpecification\",\"valueRequired\":true,\"valueName\":\"search_term_string\"}}],\"inLanguage\":\"nb-NO\"},{\"@type\":\"Organization\",\"@id\":\"https:\/\/nordnesrepublikken.no\/#organization\",\"name\":\"Nordnesrepublikken\",\"url\":\"https:\/\/nordnesrepublikken.no\/\",\"logo\":{\"@type\":\"ImageObject\",\"inLanguage\":\"nb-NO\",\"@id\":\"https:\/\/nordnesrepublikken.no\/#\/schema\/logo\/image\/\",\"url\":\"https:\/\/nordnesrepublikken.no\/wp-content\/uploads\/2025\/02\/cropped-nordnesrepublikken-2.png\",\"contentUrl\":\"https:\/\/nordnesrepublikken.no\/wp-content\/uploads\/2025\/02\/cropped-nordnesrepublikken-2.png\",\"width\":1248,\"height\":362,\"caption\":\"Nordnesrepublikken\"},\"image\":{\"@id\":\"https:\/\/nordnesrepublikken.no\/#\/schema\/logo\/image\/\"}},{\"@type\":\"Person\",\"@id\":\"https:\/\/nordnesrepublikken.no\/#\/schema\/person\/2e7e81935bab77882fffb79296240ff1\",\"name\":\"Ole Andersen\",\"image\":{\"@type\":\"ImageObject\",\"inLanguage\":\"nb-NO\",\"@id\":\"https:\/\/nordnesrepublikken.no\/#\/schema\/person\/image\/\",\"url\":\"https:\/\/nordnesrepublikken.no\/wp-content\/uploads\/2025\/02\/nordnesrepublikken-2-2-150x150.jpg\",\"contentUrl\":\"https:\/\/nordnesrepublikken.no\/wp-content\/uploads\/2025\/02\/nordnesrepublikken-2-2-150x150.jpg\",\"caption\":\"Ole Andersen\"},\"description\":\"Ettersom jeg vokste opp i Oslo, har jeg alltid v\u00e6rt fascinert av ordenes kraft og deres evne til \u00e5 skape endringer. Etter \u00e5 ha fullf\u00f8rt min utdannelse i kommunikasjon ved Universitetet i Bergen, fikk jeg muligheten til \u00e5 jobbe innen ulike medier, der jeg har s\u00f8kt \u00e5 belyse viktige samfunnssp\u00f8rsm\u00e5l. I dag, som redakt\u00f8r for Nordnesrepublikken, pr\u00f8ver jeg \u00e5 forene min kj\u00e6rlighet for journalistikk med min lidenskap for innovasjon og eventyr.\",\"sameAs\":[\"https:\/\/nordnesrepublikken.no\/\"]}]}<\/script>\n<!-- \/ Yoast SEO plugin. -->","yoast_head_json":{"title":"4400 meter h\u00f8y askes\u00f8yle og kansellerte flygninger - Nordnesrepublikken","robots":{"index":"index","follow":"follow","max-snippet":"max-snippet:-1","max-image-preview":"max-image-preview:large","max-video-preview":"max-video-preview:-1"},"canonical":"https:\/\/nordnesrepublikken.no\/index.php\/2025\/11\/17\/4400-meter-hoy-askesoyle-og-kansellerte-flygninger\/","og_locale":"nb_NO","og_type":"article","og_title":"4400 meter h\u00f8y askes\u00f8yle og kansellerte flygninger - Nordnesrepublikken","og_description":"De Sakurajima vulkaneni Japanhar nok en gang gjort seg gjeldende ved \u00e5 generere tre forskjellige","og_url":"https:\/\/nordnesrepublikken.no\/index.php\/2025\/11\/17\/4400-meter-hoy-askesoyle-og-kansellerte-flygninger\/","og_site_name":"Nordnesrepublikken","article_published_time":"2025-11-17T08:50:42+00:00","article_modified_time":"2025-11-17T08:50:47+00:00","og_image":[{"width":2278,"height":1448,"url":"https:\/\/nordnesrepublikken.no\/wp-content\/uploads\/2025\/11\/1763369443_4400-meter-hoy-askesoyle-og-kansellerte-flygninger.jpg","type":"image\/jpeg"}],"author":"Ole Andersen","twitter_card":"summary_large_image","twitter_misc":{"Skrevet av":"Ole Andersen","Ansl. lesetid":"1 minutt"},"schema":{"@context":"https:\/\/schema.org","@graph":[{"@type":"Article","@id":"https:\/\/nordnesrepublikken.no\/index.php\/2025\/11\/17\/4400-meter-hoy-askesoyle-og-kansellerte-flygninger\/#article","isPartOf":{"@id":"https:\/\/nordnesrepublikken.no\/index.php\/2025\/11\/17\/4400-meter-hoy-askesoyle-og-kansellerte-flygninger\/"},"author":{"name":"Ole Andersen","@id":"https:\/\/nordnesrepublikken.no\/#\/schema\/person\/2e7e81935bab77882fffb79296240ff1"},"headline":"4400 meter h\u00f8y askes\u00f8yle og kansellerte flygninger","datePublished":"2025-11-17T08:50:42+00:00","dateModified":"2025-11-17T08:50:47+00:00","mainEntityOfPage":{"@id":"https:\/\/nordnesrepublikken.no\/index.php\/2025\/11\/17\/4400-meter-hoy-askesoyle-og-kansellerte-flygninger\/"},"wordCount":263,"publisher":{"@id":"https:\/\/nordnesrepublikken.no\/#organization"},"image":{"@id":"https:\/\/nordnesrepublikken.no\/index.php\/2025\/11\/17\/4400-meter-hoy-askesoyle-og-kansellerte-flygninger\/#primaryimage"},"thumbnailUrl":"https:\/\/nordnesrepublikken.no\/wp-content\/uploads\/2025\/11\/1763369443_4400-meter-hoy-askesoyle-og-kansellerte-flygninger.jpg","keywords":["askes\u00f8yle","flygninger","h\u00f8y","kansellerte","meter"],"articleSection":["Milj\u00f8"],"inLanguage":"nb-NO"},{"@type":"WebPage","@id":"https:\/\/nordnesrepublikken.no\/index.php\/2025\/11\/17\/4400-meter-hoy-askesoyle-og-kansellerte-flygninger\/","url":"https:\/\/nordnesrepublikken.no\/index.php\/2025\/11\/17\/4400-meter-hoy-askesoyle-og-kansellerte-flygninger\/","name":"4400 meter h\u00f8y askes\u00f8yle og kansellerte flygninger - Nordnesrepublikken","isPartOf":{"@id":"https:\/\/nordnesrepublikken.no\/#website"},"primaryImageOfPage":{"@id":"https:\/\/nordnesrepublikken.no\/index.php\/2025\/11\/17\/4400-meter-hoy-askesoyle-og-kansellerte-flygninger\/#primaryimage"},"image":{"@id":"https:\/\/nordnesrepublikken.no\/index.php\/2025\/11\/17\/4400-meter-hoy-askesoyle-og-kansellerte-flygninger\/#primaryimage"},"thumbnailUrl":"https:\/\/nordnesrepublikken.no\/wp-content\/uploads\/2025\/11\/1763369443_4400-meter-hoy-askesoyle-og-kansellerte-flygninger.jpg","datePublished":"2025-11-17T08:50:42+00:00","dateModified":"2025-11-17T08:50:47+00:00","breadcrumb":{"@id":"https:\/\/nordnesrepublikken.no\/index.php\/2025\/11\/17\/4400-meter-hoy-askesoyle-og-kansellerte-flygninger\/#breadcrumb"},"inLanguage":"nb-NO","potentialAction":[{"@type":"ReadAction","target":["https:\/\/nordnesrepublikken.no\/index.php\/2025\/11\/17\/4400-meter-hoy-askesoyle-og-kansellerte-flygninger\/"]}]},{"@type":"ImageObject","inLanguage":"nb-NO","@id":"https:\/\/nordnesrepublikken.no\/index.php\/2025\/11\/17\/4400-meter-hoy-askesoyle-og-kansellerte-flygninger\/#primaryimage","url":"https:\/\/nordnesrepublikken.no\/wp-content\/uploads\/2025\/11\/1763369443_4400-meter-hoy-askesoyle-og-kansellerte-flygninger.jpg","contentUrl":"https:\/\/nordnesrepublikken.no\/wp-content\/uploads\/2025\/11\/1763369443_4400-meter-hoy-askesoyle-og-kansellerte-flygninger.jpg","width":2278,"height":1448,"caption":"4400 meter h\u00f8y askes\u00f8yle og kansellerte flygninger"},{"@type":"BreadcrumbList","@id":"https:\/\/nordnesrepublikken.no\/index.php\/2025\/11\/17\/4400-meter-hoy-askesoyle-og-kansellerte-flygninger\/#breadcrumb","itemListElement":[{"@type":"ListItem","position":1,"name":"Home","item":"https:\/\/nordnesrepublikken.no\/"},{"@type":"ListItem","position":2,"name":"4400 meter h\u00f8y askes\u00f8yle og kansellerte flygninger"}]},{"@type":"WebSite","@id":"https:\/\/nordnesrepublikken.no\/#website","url":"https:\/\/nordnesrepublikken.no\/","name":"Nordnesrepublikken","description":"Stemmer og Visjoner fra Republikkens Hjerte","publisher":{"@id":"https:\/\/nordnesrepublikken.no\/#organization"},"potentialAction":[{"@type":"SearchAction","target":{"@type":"EntryPoint","urlTemplate":"https:\/\/nordnesrepublikken.no\/?s={search_term_string}"},"query-input":{"@type":"PropertyValueSpecification","valueRequired":true,"valueName":"search_term_string"}}],"inLanguage":"nb-NO"},{"@type":"Organization","@id":"https:\/\/nordnesrepublikken.no\/#organization","name":"Nordnesrepublikken","url":"https:\/\/nordnesrepublikken.no\/","logo":{"@type":"ImageObject","inLanguage":"nb-NO","@id":"https:\/\/nordnesrepublikken.no\/#\/schema\/logo\/image\/","url":"https:\/\/nordnesrepublikken.no\/wp-content\/uploads\/2025\/02\/cropped-nordnesrepublikken-2.png","contentUrl":"https:\/\/nordnesrepublikken.no\/wp-content\/uploads\/2025\/02\/cropped-nordnesrepublikken-2.png","width":1248,"height":362,"caption":"Nordnesrepublikken"},"image":{"@id":"https:\/\/nordnesrepublikken.no\/#\/schema\/logo\/image\/"}},{"@type":"Person","@id":"https:\/\/nordnesrepublikken.no\/#\/schema\/person\/2e7e81935bab77882fffb79296240ff1","name":"Ole Andersen","image":{"@type":"ImageObject","inLanguage":"nb-NO","@id":"https:\/\/nordnesrepublikken.no\/#\/schema\/person\/image\/","url":"https:\/\/nordnesrepublikken.no\/wp-content\/uploads\/2025\/02\/nordnesrepublikken-2-2-150x150.jpg","contentUrl":"https:\/\/nordnesrepublikken.no\/wp-content\/uploads\/2025\/02\/nordnesrepublikken-2-2-150x150.jpg","caption":"Ole Andersen"},"description":"Ettersom jeg vokste opp i Oslo, har jeg alltid v\u00e6rt fascinert av ordenes kraft og deres evne til \u00e5 skape endringer. Etter \u00e5 ha fullf\u00f8rt min utdannelse i kommunikasjon ved Universitetet i Bergen, fikk jeg muligheten til \u00e5 jobbe innen ulike medier, der jeg har s\u00f8kt \u00e5 belyse viktige samfunnssp\u00f8rsm\u00e5l. I dag, som redakt\u00f8r for Nordnesrepublikken, pr\u00f8ver jeg \u00e5 forene min kj\u00e6rlighet for journalistikk med min lidenskap for innovasjon og eventyr.","sameAs":["https:\/\/nordnesrepublikken.no\/"]}]}},"_links":{"self":[{"href":"https:\/\/nordnesrepublikken.no\/index.php\/wp-json\/wp\/v2\/posts\/11790","targetHints":{"allow":["GET"]}}],"collection":[{"href":"https:\/\/nordnesrepublikken.no\/index.php\/wp-json\/wp\/v2\/posts"}],"about":[{"href":"https:\/\/nordnesrepublikken.no\/index.php\/wp-json\/wp\/v2\/types\/post"}],"author":[{"embeddable":true,"href":"https:\/\/nordnesrepublikken.no\/index.php\/wp-json\/wp\/v2\/users\/1"}],"replies":[{"embeddable":true,"href":"https:\/\/nordnesrepublikken.no\/index.php\/wp-json\/wp\/v2\/comments?post=11790"}],"version-history":[{"count":1,"href":"https:\/\/nordnesrepublikken.no\/index.php\/wp-json\/wp\/v2\/posts\/11790\/revisions"}],"predecessor-version":[{"id":11792,"href":"https:\/\/nordnesrepublikken.no\/index.php\/wp-json\/wp\/v2\/posts\/11790\/revisions\/11792"}],"wp:featuredmedia":[{"embeddable":true,"href":"https:\/\/nordnesrepublikken.no\/index.php\/wp-json\/wp\/v2\/media\/11791"}],"wp:attachment":[{"href":"https:\/\/nordnesrepublikken.no\/index.php\/wp-json\/wp\/v2\/media?parent=11790"}],"wp:term":[{"taxonomy":"category","embeddable":true,"href":"https:\/\/nordnesrepublikken.no\/index.php\/wp-json\/wp\/v2\/categories?post=11790"},{"taxonomy":"post_tag","embeddable":true,"href":"https:\/\/nordnesrepublikken.no\/index.php\/wp-json\/wp\/v2\/tags?post=11790"}],"curies":[{"name":"wp","href":"https:\/\/api.w.org\/{rel}","templated":true}]}}