{"id":11784,"date":"2025-11-17T05:50:25","date_gmt":"2025-11-17T04:50:25","guid":{"rendered":"https:\/\/nordnesrepublikken.no\/index.php\/2025\/11\/17\/hva-er-karma-og-hvor-kommer-den-buddhistiske-moralloven-om-andelig-arsak-og-virkning-fra\/"},"modified":"2025-11-17T05:50:27","modified_gmt":"2025-11-17T04:50:27","slug":"hva-er-karma-og-hvor-kommer-den-buddhistiske-moralloven-om-andelig-arsak-og-virkning-fra","status":"publish","type":"post","link":"https:\/\/nordnesrepublikken.no\/index.php\/2025\/11\/17\/hva-er-karma-og-hvor-kommer-den-buddhistiske-moralloven-om-andelig-arsak-og-virkning-fra\/","title":{"rendered":"Hva er karma og hvor kommer den buddhistiske moralloven om \u00e5ndelig \u00e5rsak og virkning fra"},"content":{"rendered":"<div>\n<div class=\"cp_wrapper cp_wrapper--fw mb-30 mb-20@tablet\">\n<figure class=\"mm\"><picture class=\"img\" style=\"padding-top:56.25%\"><source  media=\"(min-width: 1024px)\"><source  media=\"(min-width: 768px)\"><\/source><\/source><\/picture><\/figure>\n<\/p><\/div>\n<p>De <strong>karma<\/strong> det er ikke bare et moteord: det er en eldgammel id\u00e9 som inviterer oss til \u00e5 reflektere over det faktum at <strong>ingenting skjer ved en tilfeldighet<\/strong>. F\u00f8dt i vediske tekster som en rituell gest for \u00e5 opprettholde balansen i verden, har begrepet &#8211; som p\u00e5 sanskrit betyr &laquo;handling&raquo; &#8211; forvandlet seg til en lov om moralsk og \u00e5ndelig \u00e5rsak og virkning. I buddhismen er det som betyr noe <strong>intensjonen bak hver handling<\/strong>: karma blir dermed en guide til \u00e5 leve med bevissthet. Etter \u00e5 ha kommet til Vesten, minner det oss om at vi er ansvarlige for v\u00e5re valg og konsekvensene de genererer.<\/p>\n<h2>Fra vedisk opprinnelse til returloven<\/h2>\n<p>Begrepet<strong> &laquo;karma&raquo;<\/strong> kommer fra sanskrit <strong><em>&laquo;karman&raquo;<\/em><\/strong>som betyr faktisk <strong><em>&laquo;handling, gjerning eller arbeid&raquo;. <\/em><\/strong>Det snakkes om i <strong>Vediske tekster<\/strong> av<strong>India<\/strong>dateres tilbake til <strong>1400- og 600-tallet f.Kr<\/strong>hvor begrepet opprinnelig betydde den rituelle handlingen i stand til <strong>opprettholde kosmisk orden<\/strong>. Hver gest utf\u00f8rt i henhold til riktig ritual bidro til <strong>bevare harmonien i verden<\/strong>hver feil risikerte imidlertid \u00e5 forstyrre balansen.<\/p>\n<p>Ettersom \u00e5rhundrene gikk, skiftet betydningen av ordet fra det rituelle til det moralske og eksistensielle niv\u00e5et. I <strong>Tekster av<\/strong> <strong>Upanisad<\/strong>komponert rundt <strong>8. \u00e5rhundre f.Kr<\/strong>karma ble den <strong>lov om \u00e5rsakssammenheng<\/strong> som regulerer sjelens skjebne, if\u00f8lge hvilken handlingene som utf\u00f8res i ett liv bestemmer kvaliteten p\u00e5 det neste: en uavbrutt syklus av <strong>\u00e5rsaker og konsekvenser<\/strong> ringte <em>sams\u0101ra<\/em>hjulet av f\u00f8dsler og d\u00f8dsfall.<\/p>\n<h2>Buddhistisk tanke: fra handling til tanke<\/h2>\n<p>N\u00e5r, senere, i <strong>5. \u00e5rhundre f.Kr<\/strong>, <strong>Siddhartha Gautama<\/strong>The <strong>Buddha<\/strong>konfronterte han den brahmaniske visjonen, aksepterte kausalitetsprinsippet, men snudde tolkningen. Han flyttet oppmerksomheten <strong>fra handling til intensjon<\/strong> som en handling utf\u00f8res med: \u00ab<strong>Det er ikke handlingen i seg selv som betyr noe, men intensjonen som genererer den<\/strong>\u00bb.<\/p>\n<p>I denne visjonen er <strong>karma<\/strong> det er ikke en mystisk kraft som straffer eller bel\u00f8nner, men en <strong>kjede av mentale \u00e5rsaker<\/strong>. Hver tanke, ord eller gest former sinnet og skaper vaner. Hvis en handling oppst\u00e5r fra<strong>uvitenhet<\/strong>, <strong>sinne<\/strong> eller <strong>\u00f8nske<\/strong>vil uunng\u00e5elig produsere lidelse. Hvis det i stedet oppst\u00e5r fra <strong>medf\u00f8lelse<\/strong>, <strong>bevissthet<\/strong> og <strong>empati<\/strong> vil generere <strong>ro<\/strong> Og <strong>fred<\/strong>.<\/p>\n<p>Dette tilsynelatende subtile perspektivskiftet har skapt enorme konsekvenser. Karma blir faktisk en <strong>psykologisk dynamikk<\/strong>: det er loven om selvopprettholdende opplevelse. Og der <strong>frigj\u00f8ring (Nirvana)<\/strong> oppn\u00e5s ved \u00e5 forf\u00f8lge <strong>bevissthet i v\u00e5re handlinger<\/strong>.<\/p>\n<h2>Karmaen som forf\u00f8rte Vesten<\/h2>\n<p>Da konseptet karma kom inn <strong>Europa<\/strong> p\u00e5 slutten av det nittende \u00e5rhundre fant den grobunn: intoleranse overfor<strong> l\u00f8ftene til tradisjonelle religioner<\/strong> og mistillit til dem <strong>politisk moral,<\/strong> det ga Vesten positivt til \u00e5 akseptere et mer autonomt, mer &laquo;rettferdig&raquo; etisk prinsipp, i begrepets universelle betydning.<\/p>\n<p>De <strong>karma<\/strong> som et konsept og filosofi den tilb\u00f8d og tilbyr nettopp det <strong>form for personlig ansvar uten dogmer, trosbekjennelse eller \u00e6rb\u00f8dighet<\/strong>hvor rettferdighet ikke kommer fra Gud, men fra konsekvensene av ens handlinger.<\/p>\n<div class=\"cp_wrapper cp_wrapper--fw mb-50\">\n<figure class=\"mm\"><picture class=\"img\" style=\"padding-top:121.42857142857%\"><source  media=\"(min-width: 1024px)\"><source  media=\"(min-width: 768px)\"><img decoding=\"async\" loading=\"lazy\" src=\"https:\/\/nordnesrepublikken.no\/wp-content\/uploads\/2025\/11\/1763355025_877_Hva-er-karma-og-hvor-kommer-den-buddhistiske-moralloven-om.jpg\" alt=\"Bilde\" width=\"378\" height=\"459\"\/><\/source><\/source><\/picture><\/figure>\n<\/p><\/div>\n<p>Ideen endret seg gradvis nedenfor <strong>innflytelsen fra Schopenhauer og andre filosofer<\/strong>som tilb\u00f8d en mer spiritistisk og i noen tilfeller optimistisk tolkning: karma begynte \u00e5 bli sett p\u00e5 som et prinsipp som <strong>sikrer balanse i universet<\/strong>en slags lov som har en tendens til \u00e5 &laquo;sette ting i orden&raquo;. Senere, i det tjuende \u00e5rhundre, takket v\u00e6re <strong>spredning av \u00f8stlige filosofier og deretter New Age-tankegang<\/strong>forestillingen om karma ble adoptert til et vanlig spr\u00e5k for \u00e5 snakke om skjebne, energi, balanse og flaks; blant de mest popul\u00e6re uttrykkene kom &laquo;<em>mantra<\/em>&laquo;: &laquo;det du gj\u00f8r kommer tilbake til deg&raquo;.<\/p>\n<p>N\u00e5r vi kommer til i dag, kan vi finne ordet <em>karma<\/em> nesten overalt, og likevel, bak mange forenklinger, gjenst\u00e5r det en <strong>kraftig kjerne: ideen om at vi ikke bare er tilskuere av verden, men aktive deltakere.  <\/strong>I tiden av <strong>&laquo;alt med en gang&raquo;<\/strong>karma fungerer p\u00e5 en eller annen m\u00e5te som <strong>motstr\u00f8mstenkning<\/strong>. Det tvinger oss til \u00e5 h\u00e5ndtere <strong>langsomhet av konsekvenser<\/strong>. Derfor, selv om Vesten har myknet opp, og i stor grad utnyttet og kommodifisert konseptet <strong><em>karma<\/em><\/strong>det som gjenst\u00e5r er invitasjonen til \u00e5 v\u00e6re tilstede og produsere den verden vi \u00f8nsker \u00e5 leve i.<\/p>\n<div class=\"cp_wrapper  mb-50   \">\n<div class=\"cbx\">\n<div class=\"cbx__collection\">\n<p>Kilder<\/p>\n<div class=\"cbx__sources\">\n<p>Zimmer H. (2007). Indias filosofier&raquo;<\/p>\n<p>Schopenhauer A. (2009). &laquo;Verden som vilje og representasjon&raquo;<\/p>\n<p>Obeyesekere G. (1980). &laquo;Karma and Rebirth: A Cross Cultural Study&raquo;<\/p>\n<\/p><\/div>\n<\/p><\/div>\n<\/p><\/div>\n<\/div><\/div>\n","protected":false},"excerpt":{"rendered":"<p>De karma det er ikke bare et moteord: det er en eldgammel id\u00e9 som inviterer<\/p>\n","protected":false},"author":1,"featured_media":11785,"comment_status":"closed","ping_status":"open","sticky":false,"template":"","format":"standard","meta":{"footnotes":""},"categories":[104],"tags":[7760,7761,7758,74,125,144,449,7757,1046,7759,7762],"class_list":["post-11784","post","type-post","status-publish","format-standard","has-post-thumbnail","hentry","category-samfunn","tag-andelig","tag-arsak","tag-buddhistiske","tag-den","tag-fra","tag-hva","tag-hvor","tag-karma","tag-kommer","tag-moralloven","tag-virkning","generate-columns","tablet-grid-50","mobile-grid-100","grid-parent","grid-33","resize-featured-image"],"yoast_head":"<!-- This site is optimized with the Yoast SEO plugin v24.4 - https:\/\/yoast.com\/wordpress\/plugins\/seo\/ -->\n<title>Hva er karma og hvor kommer den buddhistiske moralloven om \u00e5ndelig \u00e5rsak og virkning fra - Nordnesrepublikken<\/title>\n<meta name=\"robots\" content=\"index, follow, max-snippet:-1, max-image-preview:large, max-video-preview:-1\" \/>\n<link rel=\"canonical\" href=\"https:\/\/nordnesrepublikken.no\/index.php\/2025\/11\/17\/hva-er-karma-og-hvor-kommer-den-buddhistiske-moralloven-om-andelig-arsak-og-virkning-fra\/\" \/>\n<meta property=\"og:locale\" content=\"nb_NO\" \/>\n<meta property=\"og:type\" content=\"article\" \/>\n<meta property=\"og:title\" content=\"Hva er karma og hvor kommer den buddhistiske moralloven om \u00e5ndelig \u00e5rsak og virkning fra - Nordnesrepublikken\" \/>\n<meta property=\"og:description\" content=\"De karma det er ikke bare et moteord: det er en eldgammel id\u00e9 som inviterer\" \/>\n<meta property=\"og:url\" content=\"https:\/\/nordnesrepublikken.no\/index.php\/2025\/11\/17\/hva-er-karma-og-hvor-kommer-den-buddhistiske-moralloven-om-andelig-arsak-og-virkning-fra\/\" \/>\n<meta property=\"og:site_name\" content=\"Nordnesrepublikken\" \/>\n<meta property=\"article:published_time\" content=\"2025-11-17T04:50:25+00:00\" \/>\n<meta property=\"article:modified_time\" content=\"2025-11-17T04:50:27+00:00\" \/>\n<meta property=\"og:image\" content=\"https:\/\/nordnesrepublikken.no\/wp-content\/uploads\/2025\/11\/1763355025_Hva-er-karma-og-hvor-kommer-den-buddhistiske-moralloven-om.jpg\" \/>\n\t<meta property=\"og:image:width\" content=\"1536\" \/>\n\t<meta property=\"og:image:height\" content=\"1024\" \/>\n\t<meta property=\"og:image:type\" content=\"image\/jpeg\" \/>\n<meta name=\"author\" content=\"Ole Andersen\" \/>\n<meta name=\"twitter:card\" content=\"summary_large_image\" \/>\n<meta name=\"twitter:label1\" content=\"Skrevet av\" \/>\n\t<meta name=\"twitter:data1\" content=\"Ole Andersen\" \/>\n\t<meta name=\"twitter:label2\" content=\"Ansl. lesetid\" \/>\n\t<meta name=\"twitter:data2\" content=\"3 minutter\" \/>\n<script type=\"application\/ld+json\" class=\"yoast-schema-graph\">{\"@context\":\"https:\/\/schema.org\",\"@graph\":[{\"@type\":\"Article\",\"@id\":\"https:\/\/nordnesrepublikken.no\/index.php\/2025\/11\/17\/hva-er-karma-og-hvor-kommer-den-buddhistiske-moralloven-om-andelig-arsak-og-virkning-fra\/#article\",\"isPartOf\":{\"@id\":\"https:\/\/nordnesrepublikken.no\/index.php\/2025\/11\/17\/hva-er-karma-og-hvor-kommer-den-buddhistiske-moralloven-om-andelig-arsak-og-virkning-fra\/\"},\"author\":{\"name\":\"Ole Andersen\",\"@id\":\"https:\/\/nordnesrepublikken.no\/#\/schema\/person\/2e7e81935bab77882fffb79296240ff1\"},\"headline\":\"Hva er karma og hvor kommer den buddhistiske moralloven om \u00e5ndelig \u00e5rsak og virkning fra\",\"datePublished\":\"2025-11-17T04:50:25+00:00\",\"dateModified\":\"2025-11-17T04:50:27+00:00\",\"mainEntityOfPage\":{\"@id\":\"https:\/\/nordnesrepublikken.no\/index.php\/2025\/11\/17\/hva-er-karma-og-hvor-kommer-den-buddhistiske-moralloven-om-andelig-arsak-og-virkning-fra\/\"},\"wordCount\":697,\"publisher\":{\"@id\":\"https:\/\/nordnesrepublikken.no\/#organization\"},\"image\":{\"@id\":\"https:\/\/nordnesrepublikken.no\/index.php\/2025\/11\/17\/hva-er-karma-og-hvor-kommer-den-buddhistiske-moralloven-om-andelig-arsak-og-virkning-fra\/#primaryimage\"},\"thumbnailUrl\":\"https:\/\/nordnesrepublikken.no\/wp-content\/uploads\/2025\/11\/1763355025_Hva-er-karma-og-hvor-kommer-den-buddhistiske-moralloven-om.jpg\",\"keywords\":[\"\u00e5ndelig\",\"\u00e5rsak\",\"buddhistiske\",\"den\",\"fra\",\"Hva\",\"hvor\",\"karma\",\"kommer\",\"moralloven\",\"virkning\"],\"articleSection\":[\"Samfunn\"],\"inLanguage\":\"nb-NO\"},{\"@type\":\"WebPage\",\"@id\":\"https:\/\/nordnesrepublikken.no\/index.php\/2025\/11\/17\/hva-er-karma-og-hvor-kommer-den-buddhistiske-moralloven-om-andelig-arsak-og-virkning-fra\/\",\"url\":\"https:\/\/nordnesrepublikken.no\/index.php\/2025\/11\/17\/hva-er-karma-og-hvor-kommer-den-buddhistiske-moralloven-om-andelig-arsak-og-virkning-fra\/\",\"name\":\"Hva er karma og hvor kommer den buddhistiske moralloven om \u00e5ndelig \u00e5rsak og virkning fra - Nordnesrepublikken\",\"isPartOf\":{\"@id\":\"https:\/\/nordnesrepublikken.no\/#website\"},\"primaryImageOfPage\":{\"@id\":\"https:\/\/nordnesrepublikken.no\/index.php\/2025\/11\/17\/hva-er-karma-og-hvor-kommer-den-buddhistiske-moralloven-om-andelig-arsak-og-virkning-fra\/#primaryimage\"},\"image\":{\"@id\":\"https:\/\/nordnesrepublikken.no\/index.php\/2025\/11\/17\/hva-er-karma-og-hvor-kommer-den-buddhistiske-moralloven-om-andelig-arsak-og-virkning-fra\/#primaryimage\"},\"thumbnailUrl\":\"https:\/\/nordnesrepublikken.no\/wp-content\/uploads\/2025\/11\/1763355025_Hva-er-karma-og-hvor-kommer-den-buddhistiske-moralloven-om.jpg\",\"datePublished\":\"2025-11-17T04:50:25+00:00\",\"dateModified\":\"2025-11-17T04:50:27+00:00\",\"breadcrumb\":{\"@id\":\"https:\/\/nordnesrepublikken.no\/index.php\/2025\/11\/17\/hva-er-karma-og-hvor-kommer-den-buddhistiske-moralloven-om-andelig-arsak-og-virkning-fra\/#breadcrumb\"},\"inLanguage\":\"nb-NO\",\"potentialAction\":[{\"@type\":\"ReadAction\",\"target\":[\"https:\/\/nordnesrepublikken.no\/index.php\/2025\/11\/17\/hva-er-karma-og-hvor-kommer-den-buddhistiske-moralloven-om-andelig-arsak-og-virkning-fra\/\"]}]},{\"@type\":\"ImageObject\",\"inLanguage\":\"nb-NO\",\"@id\":\"https:\/\/nordnesrepublikken.no\/index.php\/2025\/11\/17\/hva-er-karma-og-hvor-kommer-den-buddhistiske-moralloven-om-andelig-arsak-og-virkning-fra\/#primaryimage\",\"url\":\"https:\/\/nordnesrepublikken.no\/wp-content\/uploads\/2025\/11\/1763355025_Hva-er-karma-og-hvor-kommer-den-buddhistiske-moralloven-om.jpg\",\"contentUrl\":\"https:\/\/nordnesrepublikken.no\/wp-content\/uploads\/2025\/11\/1763355025_Hva-er-karma-og-hvor-kommer-den-buddhistiske-moralloven-om.jpg\",\"width\":1536,\"height\":1024,\"caption\":\"Hva er karma og hvor kommer den buddhistiske moralloven om \u00e5ndelig \u00e5rsak og virkning fra\"},{\"@type\":\"BreadcrumbList\",\"@id\":\"https:\/\/nordnesrepublikken.no\/index.php\/2025\/11\/17\/hva-er-karma-og-hvor-kommer-den-buddhistiske-moralloven-om-andelig-arsak-og-virkning-fra\/#breadcrumb\",\"itemListElement\":[{\"@type\":\"ListItem\",\"position\":1,\"name\":\"Home\",\"item\":\"https:\/\/nordnesrepublikken.no\/\"},{\"@type\":\"ListItem\",\"position\":2,\"name\":\"Hva er karma og hvor kommer den buddhistiske moralloven om \u00e5ndelig \u00e5rsak og virkning fra\"}]},{\"@type\":\"WebSite\",\"@id\":\"https:\/\/nordnesrepublikken.no\/#website\",\"url\":\"https:\/\/nordnesrepublikken.no\/\",\"name\":\"Nordnesrepublikken\",\"description\":\"Stemmer og Visjoner fra Republikkens Hjerte\",\"publisher\":{\"@id\":\"https:\/\/nordnesrepublikken.no\/#organization\"},\"potentialAction\":[{\"@type\":\"SearchAction\",\"target\":{\"@type\":\"EntryPoint\",\"urlTemplate\":\"https:\/\/nordnesrepublikken.no\/?s={search_term_string}\"},\"query-input\":{\"@type\":\"PropertyValueSpecification\",\"valueRequired\":true,\"valueName\":\"search_term_string\"}}],\"inLanguage\":\"nb-NO\"},{\"@type\":\"Organization\",\"@id\":\"https:\/\/nordnesrepublikken.no\/#organization\",\"name\":\"Nordnesrepublikken\",\"url\":\"https:\/\/nordnesrepublikken.no\/\",\"logo\":{\"@type\":\"ImageObject\",\"inLanguage\":\"nb-NO\",\"@id\":\"https:\/\/nordnesrepublikken.no\/#\/schema\/logo\/image\/\",\"url\":\"https:\/\/nordnesrepublikken.no\/wp-content\/uploads\/2025\/02\/cropped-nordnesrepublikken-2.png\",\"contentUrl\":\"https:\/\/nordnesrepublikken.no\/wp-content\/uploads\/2025\/02\/cropped-nordnesrepublikken-2.png\",\"width\":1248,\"height\":362,\"caption\":\"Nordnesrepublikken\"},\"image\":{\"@id\":\"https:\/\/nordnesrepublikken.no\/#\/schema\/logo\/image\/\"}},{\"@type\":\"Person\",\"@id\":\"https:\/\/nordnesrepublikken.no\/#\/schema\/person\/2e7e81935bab77882fffb79296240ff1\",\"name\":\"Ole Andersen\",\"image\":{\"@type\":\"ImageObject\",\"inLanguage\":\"nb-NO\",\"@id\":\"https:\/\/nordnesrepublikken.no\/#\/schema\/person\/image\/\",\"url\":\"https:\/\/nordnesrepublikken.no\/wp-content\/uploads\/2025\/02\/nordnesrepublikken-2-2-150x150.jpg\",\"contentUrl\":\"https:\/\/nordnesrepublikken.no\/wp-content\/uploads\/2025\/02\/nordnesrepublikken-2-2-150x150.jpg\",\"caption\":\"Ole Andersen\"},\"description\":\"Ettersom jeg vokste opp i Oslo, har jeg alltid v\u00e6rt fascinert av ordenes kraft og deres evne til \u00e5 skape endringer. Etter \u00e5 ha fullf\u00f8rt min utdannelse i kommunikasjon ved Universitetet i Bergen, fikk jeg muligheten til \u00e5 jobbe innen ulike medier, der jeg har s\u00f8kt \u00e5 belyse viktige samfunnssp\u00f8rsm\u00e5l. I dag, som redakt\u00f8r for Nordnesrepublikken, pr\u00f8ver jeg \u00e5 forene min kj\u00e6rlighet for journalistikk med min lidenskap for innovasjon og eventyr.\",\"sameAs\":[\"https:\/\/nordnesrepublikken.no\/\"]}]}<\/script>\n<!-- \/ Yoast SEO plugin. -->","yoast_head_json":{"title":"Hva er karma og hvor kommer den buddhistiske moralloven om \u00e5ndelig \u00e5rsak og virkning fra - Nordnesrepublikken","robots":{"index":"index","follow":"follow","max-snippet":"max-snippet:-1","max-image-preview":"max-image-preview:large","max-video-preview":"max-video-preview:-1"},"canonical":"https:\/\/nordnesrepublikken.no\/index.php\/2025\/11\/17\/hva-er-karma-og-hvor-kommer-den-buddhistiske-moralloven-om-andelig-arsak-og-virkning-fra\/","og_locale":"nb_NO","og_type":"article","og_title":"Hva er karma og hvor kommer den buddhistiske moralloven om \u00e5ndelig \u00e5rsak og virkning fra - Nordnesrepublikken","og_description":"De karma det er ikke bare et moteord: det er en eldgammel id\u00e9 som inviterer","og_url":"https:\/\/nordnesrepublikken.no\/index.php\/2025\/11\/17\/hva-er-karma-og-hvor-kommer-den-buddhistiske-moralloven-om-andelig-arsak-og-virkning-fra\/","og_site_name":"Nordnesrepublikken","article_published_time":"2025-11-17T04:50:25+00:00","article_modified_time":"2025-11-17T04:50:27+00:00","og_image":[{"width":1536,"height":1024,"url":"https:\/\/nordnesrepublikken.no\/wp-content\/uploads\/2025\/11\/1763355025_Hva-er-karma-og-hvor-kommer-den-buddhistiske-moralloven-om.jpg","type":"image\/jpeg"}],"author":"Ole Andersen","twitter_card":"summary_large_image","twitter_misc":{"Skrevet av":"Ole Andersen","Ansl. lesetid":"3 minutter"},"schema":{"@context":"https:\/\/schema.org","@graph":[{"@type":"Article","@id":"https:\/\/nordnesrepublikken.no\/index.php\/2025\/11\/17\/hva-er-karma-og-hvor-kommer-den-buddhistiske-moralloven-om-andelig-arsak-og-virkning-fra\/#article","isPartOf":{"@id":"https:\/\/nordnesrepublikken.no\/index.php\/2025\/11\/17\/hva-er-karma-og-hvor-kommer-den-buddhistiske-moralloven-om-andelig-arsak-og-virkning-fra\/"},"author":{"name":"Ole Andersen","@id":"https:\/\/nordnesrepublikken.no\/#\/schema\/person\/2e7e81935bab77882fffb79296240ff1"},"headline":"Hva er karma og hvor kommer den buddhistiske moralloven om \u00e5ndelig \u00e5rsak og virkning fra","datePublished":"2025-11-17T04:50:25+00:00","dateModified":"2025-11-17T04:50:27+00:00","mainEntityOfPage":{"@id":"https:\/\/nordnesrepublikken.no\/index.php\/2025\/11\/17\/hva-er-karma-og-hvor-kommer-den-buddhistiske-moralloven-om-andelig-arsak-og-virkning-fra\/"},"wordCount":697,"publisher":{"@id":"https:\/\/nordnesrepublikken.no\/#organization"},"image":{"@id":"https:\/\/nordnesrepublikken.no\/index.php\/2025\/11\/17\/hva-er-karma-og-hvor-kommer-den-buddhistiske-moralloven-om-andelig-arsak-og-virkning-fra\/#primaryimage"},"thumbnailUrl":"https:\/\/nordnesrepublikken.no\/wp-content\/uploads\/2025\/11\/1763355025_Hva-er-karma-og-hvor-kommer-den-buddhistiske-moralloven-om.jpg","keywords":["\u00e5ndelig","\u00e5rsak","buddhistiske","den","fra","Hva","hvor","karma","kommer","moralloven","virkning"],"articleSection":["Samfunn"],"inLanguage":"nb-NO"},{"@type":"WebPage","@id":"https:\/\/nordnesrepublikken.no\/index.php\/2025\/11\/17\/hva-er-karma-og-hvor-kommer-den-buddhistiske-moralloven-om-andelig-arsak-og-virkning-fra\/","url":"https:\/\/nordnesrepublikken.no\/index.php\/2025\/11\/17\/hva-er-karma-og-hvor-kommer-den-buddhistiske-moralloven-om-andelig-arsak-og-virkning-fra\/","name":"Hva er karma og hvor kommer den buddhistiske moralloven om \u00e5ndelig \u00e5rsak og virkning fra - Nordnesrepublikken","isPartOf":{"@id":"https:\/\/nordnesrepublikken.no\/#website"},"primaryImageOfPage":{"@id":"https:\/\/nordnesrepublikken.no\/index.php\/2025\/11\/17\/hva-er-karma-og-hvor-kommer-den-buddhistiske-moralloven-om-andelig-arsak-og-virkning-fra\/#primaryimage"},"image":{"@id":"https:\/\/nordnesrepublikken.no\/index.php\/2025\/11\/17\/hva-er-karma-og-hvor-kommer-den-buddhistiske-moralloven-om-andelig-arsak-og-virkning-fra\/#primaryimage"},"thumbnailUrl":"https:\/\/nordnesrepublikken.no\/wp-content\/uploads\/2025\/11\/1763355025_Hva-er-karma-og-hvor-kommer-den-buddhistiske-moralloven-om.jpg","datePublished":"2025-11-17T04:50:25+00:00","dateModified":"2025-11-17T04:50:27+00:00","breadcrumb":{"@id":"https:\/\/nordnesrepublikken.no\/index.php\/2025\/11\/17\/hva-er-karma-og-hvor-kommer-den-buddhistiske-moralloven-om-andelig-arsak-og-virkning-fra\/#breadcrumb"},"inLanguage":"nb-NO","potentialAction":[{"@type":"ReadAction","target":["https:\/\/nordnesrepublikken.no\/index.php\/2025\/11\/17\/hva-er-karma-og-hvor-kommer-den-buddhistiske-moralloven-om-andelig-arsak-og-virkning-fra\/"]}]},{"@type":"ImageObject","inLanguage":"nb-NO","@id":"https:\/\/nordnesrepublikken.no\/index.php\/2025\/11\/17\/hva-er-karma-og-hvor-kommer-den-buddhistiske-moralloven-om-andelig-arsak-og-virkning-fra\/#primaryimage","url":"https:\/\/nordnesrepublikken.no\/wp-content\/uploads\/2025\/11\/1763355025_Hva-er-karma-og-hvor-kommer-den-buddhistiske-moralloven-om.jpg","contentUrl":"https:\/\/nordnesrepublikken.no\/wp-content\/uploads\/2025\/11\/1763355025_Hva-er-karma-og-hvor-kommer-den-buddhistiske-moralloven-om.jpg","width":1536,"height":1024,"caption":"Hva er karma og hvor kommer den buddhistiske moralloven om \u00e5ndelig \u00e5rsak og virkning fra"},{"@type":"BreadcrumbList","@id":"https:\/\/nordnesrepublikken.no\/index.php\/2025\/11\/17\/hva-er-karma-og-hvor-kommer-den-buddhistiske-moralloven-om-andelig-arsak-og-virkning-fra\/#breadcrumb","itemListElement":[{"@type":"ListItem","position":1,"name":"Home","item":"https:\/\/nordnesrepublikken.no\/"},{"@type":"ListItem","position":2,"name":"Hva er karma og hvor kommer den buddhistiske moralloven om \u00e5ndelig \u00e5rsak og virkning fra"}]},{"@type":"WebSite","@id":"https:\/\/nordnesrepublikken.no\/#website","url":"https:\/\/nordnesrepublikken.no\/","name":"Nordnesrepublikken","description":"Stemmer og Visjoner fra Republikkens Hjerte","publisher":{"@id":"https:\/\/nordnesrepublikken.no\/#organization"},"potentialAction":[{"@type":"SearchAction","target":{"@type":"EntryPoint","urlTemplate":"https:\/\/nordnesrepublikken.no\/?s={search_term_string}"},"query-input":{"@type":"PropertyValueSpecification","valueRequired":true,"valueName":"search_term_string"}}],"inLanguage":"nb-NO"},{"@type":"Organization","@id":"https:\/\/nordnesrepublikken.no\/#organization","name":"Nordnesrepublikken","url":"https:\/\/nordnesrepublikken.no\/","logo":{"@type":"ImageObject","inLanguage":"nb-NO","@id":"https:\/\/nordnesrepublikken.no\/#\/schema\/logo\/image\/","url":"https:\/\/nordnesrepublikken.no\/wp-content\/uploads\/2025\/02\/cropped-nordnesrepublikken-2.png","contentUrl":"https:\/\/nordnesrepublikken.no\/wp-content\/uploads\/2025\/02\/cropped-nordnesrepublikken-2.png","width":1248,"height":362,"caption":"Nordnesrepublikken"},"image":{"@id":"https:\/\/nordnesrepublikken.no\/#\/schema\/logo\/image\/"}},{"@type":"Person","@id":"https:\/\/nordnesrepublikken.no\/#\/schema\/person\/2e7e81935bab77882fffb79296240ff1","name":"Ole Andersen","image":{"@type":"ImageObject","inLanguage":"nb-NO","@id":"https:\/\/nordnesrepublikken.no\/#\/schema\/person\/image\/","url":"https:\/\/nordnesrepublikken.no\/wp-content\/uploads\/2025\/02\/nordnesrepublikken-2-2-150x150.jpg","contentUrl":"https:\/\/nordnesrepublikken.no\/wp-content\/uploads\/2025\/02\/nordnesrepublikken-2-2-150x150.jpg","caption":"Ole Andersen"},"description":"Ettersom jeg vokste opp i Oslo, har jeg alltid v\u00e6rt fascinert av ordenes kraft og deres evne til \u00e5 skape endringer. Etter \u00e5 ha fullf\u00f8rt min utdannelse i kommunikasjon ved Universitetet i Bergen, fikk jeg muligheten til \u00e5 jobbe innen ulike medier, der jeg har s\u00f8kt \u00e5 belyse viktige samfunnssp\u00f8rsm\u00e5l. I dag, som redakt\u00f8r for Nordnesrepublikken, pr\u00f8ver jeg \u00e5 forene min kj\u00e6rlighet for journalistikk med min lidenskap for innovasjon og eventyr.","sameAs":["https:\/\/nordnesrepublikken.no\/"]}]}},"_links":{"self":[{"href":"https:\/\/nordnesrepublikken.no\/index.php\/wp-json\/wp\/v2\/posts\/11784","targetHints":{"allow":["GET"]}}],"collection":[{"href":"https:\/\/nordnesrepublikken.no\/index.php\/wp-json\/wp\/v2\/posts"}],"about":[{"href":"https:\/\/nordnesrepublikken.no\/index.php\/wp-json\/wp\/v2\/types\/post"}],"author":[{"embeddable":true,"href":"https:\/\/nordnesrepublikken.no\/index.php\/wp-json\/wp\/v2\/users\/1"}],"replies":[{"embeddable":true,"href":"https:\/\/nordnesrepublikken.no\/index.php\/wp-json\/wp\/v2\/comments?post=11784"}],"version-history":[{"count":1,"href":"https:\/\/nordnesrepublikken.no\/index.php\/wp-json\/wp\/v2\/posts\/11784\/revisions"}],"predecessor-version":[{"id":11786,"href":"https:\/\/nordnesrepublikken.no\/index.php\/wp-json\/wp\/v2\/posts\/11784\/revisions\/11786"}],"wp:featuredmedia":[{"embeddable":true,"href":"https:\/\/nordnesrepublikken.no\/index.php\/wp-json\/wp\/v2\/media\/11785"}],"wp:attachment":[{"href":"https:\/\/nordnesrepublikken.no\/index.php\/wp-json\/wp\/v2\/media?parent=11784"}],"wp:term":[{"taxonomy":"category","embeddable":true,"href":"https:\/\/nordnesrepublikken.no\/index.php\/wp-json\/wp\/v2\/categories?post=11784"},{"taxonomy":"post_tag","embeddable":true,"href":"https:\/\/nordnesrepublikken.no\/index.php\/wp-json\/wp\/v2\/tags?post=11784"}],"curies":[{"name":"wp","href":"https:\/\/api.w.org\/{rel}","templated":true}]}}