{"id":11781,"date":"2025-11-17T04:51:28","date_gmt":"2025-11-17T03:51:28","guid":{"rendered":"https:\/\/nordnesrepublikken.no\/index.php\/2025\/11\/17\/eu-avslutter-tollfritak-pa-billige-temu-shein-pakker-hva-det-betyr-for-shoppere\/"},"modified":"2025-11-17T04:51:30","modified_gmt":"2025-11-17T03:51:30","slug":"eu-avslutter-tollfritak-pa-billige-temu-shein-pakker-hva-det-betyr-for-shoppere","status":"publish","type":"post","link":"https:\/\/nordnesrepublikken.no\/index.php\/2025\/11\/17\/eu-avslutter-tollfritak-pa-billige-temu-shein-pakker-hva-det-betyr-for-shoppere\/","title":{"rendered":"EU avslutter tollfritak p\u00e5 billige Temu, Shein-pakker \u2013 hva det betyr for shoppere"},"content":{"rendered":"<p><\/p>\n<div class=\"wordpress-content\">\n                    <!-- Article Start --><\/p>\n<p><span style=\"font-weight: 400\">EU har gjort unna tollfritaket p\u00e5 sm\u00e5 bestillinger under \u20ac150 fra popul\u00e6re nettbutikker fra Kina, og spesielt Temu og Shein. Den nye avtalen, som ble oppn\u00e5dd om morgenen torsdag 13. november, vil reetablere tariffer p\u00e5 sm\u00e5pakker og p\u00e5virke ikke bare de nevnte kinesiske e-handelsplattformene, men ogs\u00e5 kunder over hele Spania.<\/span><\/p>\n<h2>Sm\u00e5 kinesiske pakker overvelder det europeiske markedet<\/h2>\n<p><span style=\"font-weight: 400\">Shein og Temu, for \u00e5 nevne de mest fremtredende kinesiske shoppingplattformene, er enormt popul\u00e6re i Europa for sine forbl\u00f8ffende billige varer. I EU ble det importert utrolige 4,6 milliarder pakker i 2024, hvor 91 prosent av disse kom fra Kina, if\u00f8lge EUs \u00f8konomikommiss\u00e6r Valdis Dombrovskis, en trend som kun skyldes \u00f8kning. <\/span><\/p>\n<p><span style=\"font-weight: 400\">Antall forsendelser verdt mindre enn \u20ac150 som kommer inn i EU har mer enn tredoblet seg de siste to \u00e5rene. Spesielt Shein og Temu har f\u00e5tt betydelig gjennomslag i Europa, p\u00e5 grunn av deres &laquo;gjennomtrengende nettannonsering, lave priser og ultrarask frakt.&raquo; Den massive tilstr\u00f8mningen av pakker gj\u00f8r det vanskelig for tollvesenet \u00e5 kontrollere millioner av pakker, samt s\u00f8rge for at de oppfyller den europeiske sikkerhetsstandarden. Ikke bare dette, transporten knyttet til disse millioner av pakker kommer med en heftig milj\u00f8p\u00e5virkning.<\/span><\/p>\n<div class=\"sra_unit\"><link rel=\"stylesheet\" id=\"block-sra\" href=\"https:\/\/euroweeklynews.com\/wp-content\/plugins\/snack-related-articles\/dist\/css\/snack-related.min.css?250312-193541\" type=\"text\/css\" media=\"all\">\n<\/div>\n<h2>EU-diplomater oppfordrer til en endring <em>n\u00e5<\/em><\/h2>\n<p><span style=\"font-weight: 400\">Denne beslutningen er en del av en st\u00f8rre plan for \u00e5 endre EUs tollregler, og forventes \u00e5 ta noe tid \u00e5 implementere fullt ut. De 27 medlemslandene vil m\u00f8tes igjen i desember i \u00e5r for \u00e5 bli enige om et midlertidig system som vil tillate dem \u00e5 implementere endringen raskere, midt i en hastesak p\u00e5 grunn av kinesiske varer som overvelder markedet.<\/span><\/p>\n<p><span style=\"font-weight: 400\">Den slovakiske politikeren og EUs handelskommiss\u00e6r Maro\u0161 \u0160ef\u010dovi\u010d uttalte at EU vil v\u00e6re klar til \u00e5 implementere endringen allerede neste \u00e5r, selv om planen forel\u00f8pig er satt til \u00e5 tre i kraft i 2028.<\/span><\/p>\n<h2>Kinesiske e-handel butikker for \u00e5 ta juling<\/h2>\n<p><span style=\"font-weight: 400\">Shein og Temu er satt til \u00e5 ta et massivt slag av den nye endringen, gitt at deres forretningsmodell er avhengig av \u00e5 selge millioner av sm\u00e5 pakker under \u20ac150-terskelen, alle tidligere fritatt fra toll. \u00c5 avslutte fritaket vil tette smutthull og gj\u00f8re hver pakke tollpliktig, noe som hindrer folk i \u00e5 dele opp store pakker i mindre eller underdeklarere.<\/span><\/p>\n<h2><strong>Hva betyr dette for lokale expats og bedriftseiere?<\/strong><\/h2>\n<p><span style=\"font-weight: 400\">For det f\u00f8rste kan lokale bedrifter og generelle europeiske produsenter ha stor nytte av den nye overhalingen. Ettersom kinesiske nettbutikker blir kj\u00f8peres favoritter for billige varer, f\u00e5r lokale butikker en massiv hit. En ny, fast takst kan v\u00e6re nok til \u00e5 avskrekke kunder fra \u00e5 handle p\u00e5 nettet og oppmuntre dem til \u00e5 handle lokalt i stedet, spesielt siden mange varer fra Shein og Temu er av sv\u00e6rt tvilsom kvalitet. I en ekte butikk vil kj\u00f8pere kunne vurdere varene personlig.<\/span><\/p>\n<p><span style=\"font-weight: 400\">Med et nytt insentiv til \u00e5 handle lokalt, kan utvandrere finne seg selv i kontakt med lokale butikker, folk og produkter. Expats, n\u00e5r de handler fra kinesiske forhandlere, er vanligvis avhengige av dem for kj\u00f8kkenutstyr, kl\u00e6r, skolemateriell og reisetilbeh\u00f8r. Den nye avgiften kan oppmuntre kj\u00f8pere til \u00e5 finne lokale, h\u00e5ndverksprodukter eller produkter av h\u00f8yere kvalitet \u00e5 pr\u00f8ve som de tidligere ikke var klar over eller antok var dyrere. Slutten p\u00e5 unntaket kan ogs\u00e5 avskrekke folk fra \u00e5 kj\u00f8pe billige, forfalskede versjoner av legitime europeiske produkter.<\/span><\/p>\n<p><span style=\"font-weight: 400\">En \u00f8kning i lokalt n\u00e6ringsliv og en \u00f8kning i \u00f8konomien kan ogs\u00e5 love godt for arbeidss\u00f8kere og forbedre sysselsettingen over hele linjen i mindre byer.<\/span><\/p>\n<p><span style=\"font-weight: 400\">N\u00e5r det gjelder kj\u00f8pere, selv om prislappen kanskje ikke er s\u00e5 s\u00f8t lenger etter den nye endringen, kan kj\u00f8pere finne p\u00e5 at de faktisk f\u00e5r <\/span><i><span style=\"font-weight: 400\">flere<\/span><\/i><span style=\"font-weight: 400\">  bang for pengene etter \u00e5 ha handlet lokalt.<\/span><\/p>\n<p>                    <!-- Originally published at https:\/\/euroweeklynews.com\/2025\/11\/14\/eu-ends-tariff-exemption-on-cheap-temu-shein-parcels-what-it-means-for-shoppers\/ on 14 Nov 2025 at 10:41 by Natascha Rivera --><br \/>\n                    <!-- Article End -->\n                <\/div>\n","protected":false},"excerpt":{"rendered":"<p>EU har gjort unna tollfritaket p\u00e5 sm\u00e5 bestillinger under \u20ac150 fra popul\u00e6re nettbutikker fra Kina,<\/p>\n","protected":false},"author":1,"featured_media":11782,"comment_status":"closed","ping_status":"open","sticky":false,"template":"","format":"standard","meta":{"footnotes":""},"categories":[105],"tags":[4090,186,7753,66,144,81,7755,7756,7754,7752],"class_list":["post-11781","post","type-post","status-publish","format-standard","has-post-thumbnail","hentry","category-livsstil","tag-avslutter","tag-betyr","tag-billige","tag-det","tag-hva","tag-pa","tag-sheinpakker","tag-shoppere","tag-temu","tag-tollfritak","generate-columns","tablet-grid-50","mobile-grid-100","grid-parent","grid-33","resize-featured-image"],"yoast_head":"<!-- This site is optimized with the Yoast SEO plugin v24.4 - https:\/\/yoast.com\/wordpress\/plugins\/seo\/ -->\n<title>EU avslutter tollfritak p\u00e5 billige Temu, Shein-pakker \u2013 hva det betyr for shoppere - Nordnesrepublikken<\/title>\n<meta name=\"robots\" content=\"index, follow, max-snippet:-1, max-image-preview:large, max-video-preview:-1\" \/>\n<link rel=\"canonical\" href=\"https:\/\/nordnesrepublikken.no\/index.php\/2025\/11\/17\/eu-avslutter-tollfritak-pa-billige-temu-shein-pakker-hva-det-betyr-for-shoppere\/\" \/>\n<meta property=\"og:locale\" content=\"nb_NO\" \/>\n<meta property=\"og:type\" content=\"article\" \/>\n<meta property=\"og:title\" content=\"EU avslutter tollfritak p\u00e5 billige Temu, Shein-pakker \u2013 hva det betyr for shoppere - Nordnesrepublikken\" \/>\n<meta property=\"og:description\" content=\"EU har gjort unna tollfritaket p\u00e5 sm\u00e5 bestillinger under \u20ac150 fra popul\u00e6re nettbutikker fra Kina,\" \/>\n<meta property=\"og:url\" content=\"https:\/\/nordnesrepublikken.no\/index.php\/2025\/11\/17\/eu-avslutter-tollfritak-pa-billige-temu-shein-pakker-hva-det-betyr-for-shoppere\/\" \/>\n<meta property=\"og:site_name\" content=\"Nordnesrepublikken\" \/>\n<meta property=\"article:published_time\" content=\"2025-11-17T03:51:28+00:00\" \/>\n<meta property=\"article:modified_time\" content=\"2025-11-17T03:51:30+00:00\" \/>\n<meta property=\"og:image\" content=\"https:\/\/nordnesrepublikken.no\/wp-content\/uploads\/2025\/11\/1763351489_EU-avslutter-tollfritak-pa-billige-Temu-Shein-pakker-\u2013-hva-det.jpg\" \/>\n\t<meta property=\"og:image:width\" content=\"1200\" \/>\n\t<meta property=\"og:image:height\" content=\"800\" \/>\n\t<meta property=\"og:image:type\" content=\"image\/jpeg\" \/>\n<meta name=\"author\" content=\"Ole Andersen\" \/>\n<meta name=\"twitter:card\" content=\"summary_large_image\" \/>\n<meta name=\"twitter:label1\" content=\"Skrevet av\" \/>\n\t<meta name=\"twitter:data1\" content=\"Ole Andersen\" \/>\n\t<meta name=\"twitter:label2\" content=\"Ansl. lesetid\" \/>\n\t<meta name=\"twitter:data2\" content=\"3 minutter\" \/>\n<script type=\"application\/ld+json\" class=\"yoast-schema-graph\">{\"@context\":\"https:\/\/schema.org\",\"@graph\":[{\"@type\":\"Article\",\"@id\":\"https:\/\/nordnesrepublikken.no\/index.php\/2025\/11\/17\/eu-avslutter-tollfritak-pa-billige-temu-shein-pakker-hva-det-betyr-for-shoppere\/#article\",\"isPartOf\":{\"@id\":\"https:\/\/nordnesrepublikken.no\/index.php\/2025\/11\/17\/eu-avslutter-tollfritak-pa-billige-temu-shein-pakker-hva-det-betyr-for-shoppere\/\"},\"author\":{\"name\":\"Ole Andersen\",\"@id\":\"https:\/\/nordnesrepublikken.no\/#\/schema\/person\/2e7e81935bab77882fffb79296240ff1\"},\"headline\":\"EU avslutter tollfritak p\u00e5 billige Temu, Shein-pakker \u2013 hva det betyr for shoppere\",\"datePublished\":\"2025-11-17T03:51:28+00:00\",\"dateModified\":\"2025-11-17T03:51:30+00:00\",\"mainEntityOfPage\":{\"@id\":\"https:\/\/nordnesrepublikken.no\/index.php\/2025\/11\/17\/eu-avslutter-tollfritak-pa-billige-temu-shein-pakker-hva-det-betyr-for-shoppere\/\"},\"wordCount\":614,\"publisher\":{\"@id\":\"https:\/\/nordnesrepublikken.no\/#organization\"},\"image\":{\"@id\":\"https:\/\/nordnesrepublikken.no\/index.php\/2025\/11\/17\/eu-avslutter-tollfritak-pa-billige-temu-shein-pakker-hva-det-betyr-for-shoppere\/#primaryimage\"},\"thumbnailUrl\":\"https:\/\/nordnesrepublikken.no\/wp-content\/uploads\/2025\/11\/1763351489_EU-avslutter-tollfritak-pa-billige-Temu-Shein-pakker-\u2013-hva-det.jpg\",\"keywords\":[\"avslutter\",\"betyr\",\"billige\",\"Det\",\"Hva\",\"p\u00e5\",\"Sheinpakker\",\"shoppere\",\"Temu\",\"tollfritak\"],\"articleSection\":[\"Livsstil\"],\"inLanguage\":\"nb-NO\"},{\"@type\":\"WebPage\",\"@id\":\"https:\/\/nordnesrepublikken.no\/index.php\/2025\/11\/17\/eu-avslutter-tollfritak-pa-billige-temu-shein-pakker-hva-det-betyr-for-shoppere\/\",\"url\":\"https:\/\/nordnesrepublikken.no\/index.php\/2025\/11\/17\/eu-avslutter-tollfritak-pa-billige-temu-shein-pakker-hva-det-betyr-for-shoppere\/\",\"name\":\"EU avslutter tollfritak p\u00e5 billige Temu, Shein-pakker \u2013 hva det betyr for shoppere - Nordnesrepublikken\",\"isPartOf\":{\"@id\":\"https:\/\/nordnesrepublikken.no\/#website\"},\"primaryImageOfPage\":{\"@id\":\"https:\/\/nordnesrepublikken.no\/index.php\/2025\/11\/17\/eu-avslutter-tollfritak-pa-billige-temu-shein-pakker-hva-det-betyr-for-shoppere\/#primaryimage\"},\"image\":{\"@id\":\"https:\/\/nordnesrepublikken.no\/index.php\/2025\/11\/17\/eu-avslutter-tollfritak-pa-billige-temu-shein-pakker-hva-det-betyr-for-shoppere\/#primaryimage\"},\"thumbnailUrl\":\"https:\/\/nordnesrepublikken.no\/wp-content\/uploads\/2025\/11\/1763351489_EU-avslutter-tollfritak-pa-billige-Temu-Shein-pakker-\u2013-hva-det.jpg\",\"datePublished\":\"2025-11-17T03:51:28+00:00\",\"dateModified\":\"2025-11-17T03:51:30+00:00\",\"breadcrumb\":{\"@id\":\"https:\/\/nordnesrepublikken.no\/index.php\/2025\/11\/17\/eu-avslutter-tollfritak-pa-billige-temu-shein-pakker-hva-det-betyr-for-shoppere\/#breadcrumb\"},\"inLanguage\":\"nb-NO\",\"potentialAction\":[{\"@type\":\"ReadAction\",\"target\":[\"https:\/\/nordnesrepublikken.no\/index.php\/2025\/11\/17\/eu-avslutter-tollfritak-pa-billige-temu-shein-pakker-hva-det-betyr-for-shoppere\/\"]}]},{\"@type\":\"ImageObject\",\"inLanguage\":\"nb-NO\",\"@id\":\"https:\/\/nordnesrepublikken.no\/index.php\/2025\/11\/17\/eu-avslutter-tollfritak-pa-billige-temu-shein-pakker-hva-det-betyr-for-shoppere\/#primaryimage\",\"url\":\"https:\/\/nordnesrepublikken.no\/wp-content\/uploads\/2025\/11\/1763351489_EU-avslutter-tollfritak-pa-billige-Temu-Shein-pakker-\u2013-hva-det.jpg\",\"contentUrl\":\"https:\/\/nordnesrepublikken.no\/wp-content\/uploads\/2025\/11\/1763351489_EU-avslutter-tollfritak-pa-billige-Temu-Shein-pakker-\u2013-hva-det.jpg\",\"width\":1200,\"height\":800,\"caption\":\"EU avslutter tollfritak p\u00e5 billige Temu, Shein-pakker \u2013 hva det betyr for shoppere\"},{\"@type\":\"BreadcrumbList\",\"@id\":\"https:\/\/nordnesrepublikken.no\/index.php\/2025\/11\/17\/eu-avslutter-tollfritak-pa-billige-temu-shein-pakker-hva-det-betyr-for-shoppere\/#breadcrumb\",\"itemListElement\":[{\"@type\":\"ListItem\",\"position\":1,\"name\":\"Home\",\"item\":\"https:\/\/nordnesrepublikken.no\/\"},{\"@type\":\"ListItem\",\"position\":2,\"name\":\"EU avslutter tollfritak p\u00e5 billige Temu, Shein-pakker \u2013 hva det betyr for shoppere\"}]},{\"@type\":\"WebSite\",\"@id\":\"https:\/\/nordnesrepublikken.no\/#website\",\"url\":\"https:\/\/nordnesrepublikken.no\/\",\"name\":\"Nordnesrepublikken\",\"description\":\"Stemmer og Visjoner fra Republikkens Hjerte\",\"publisher\":{\"@id\":\"https:\/\/nordnesrepublikken.no\/#organization\"},\"potentialAction\":[{\"@type\":\"SearchAction\",\"target\":{\"@type\":\"EntryPoint\",\"urlTemplate\":\"https:\/\/nordnesrepublikken.no\/?s={search_term_string}\"},\"query-input\":{\"@type\":\"PropertyValueSpecification\",\"valueRequired\":true,\"valueName\":\"search_term_string\"}}],\"inLanguage\":\"nb-NO\"},{\"@type\":\"Organization\",\"@id\":\"https:\/\/nordnesrepublikken.no\/#organization\",\"name\":\"Nordnesrepublikken\",\"url\":\"https:\/\/nordnesrepublikken.no\/\",\"logo\":{\"@type\":\"ImageObject\",\"inLanguage\":\"nb-NO\",\"@id\":\"https:\/\/nordnesrepublikken.no\/#\/schema\/logo\/image\/\",\"url\":\"https:\/\/nordnesrepublikken.no\/wp-content\/uploads\/2025\/02\/cropped-nordnesrepublikken-2.png\",\"contentUrl\":\"https:\/\/nordnesrepublikken.no\/wp-content\/uploads\/2025\/02\/cropped-nordnesrepublikken-2.png\",\"width\":1248,\"height\":362,\"caption\":\"Nordnesrepublikken\"},\"image\":{\"@id\":\"https:\/\/nordnesrepublikken.no\/#\/schema\/logo\/image\/\"}},{\"@type\":\"Person\",\"@id\":\"https:\/\/nordnesrepublikken.no\/#\/schema\/person\/2e7e81935bab77882fffb79296240ff1\",\"name\":\"Ole Andersen\",\"image\":{\"@type\":\"ImageObject\",\"inLanguage\":\"nb-NO\",\"@id\":\"https:\/\/nordnesrepublikken.no\/#\/schema\/person\/image\/\",\"url\":\"https:\/\/nordnesrepublikken.no\/wp-content\/uploads\/2025\/02\/nordnesrepublikken-2-2-150x150.jpg\",\"contentUrl\":\"https:\/\/nordnesrepublikken.no\/wp-content\/uploads\/2025\/02\/nordnesrepublikken-2-2-150x150.jpg\",\"caption\":\"Ole Andersen\"},\"description\":\"Ettersom jeg vokste opp i Oslo, har jeg alltid v\u00e6rt fascinert av ordenes kraft og deres evne til \u00e5 skape endringer. Etter \u00e5 ha fullf\u00f8rt min utdannelse i kommunikasjon ved Universitetet i Bergen, fikk jeg muligheten til \u00e5 jobbe innen ulike medier, der jeg har s\u00f8kt \u00e5 belyse viktige samfunnssp\u00f8rsm\u00e5l. I dag, som redakt\u00f8r for Nordnesrepublikken, pr\u00f8ver jeg \u00e5 forene min kj\u00e6rlighet for journalistikk med min lidenskap for innovasjon og eventyr.\",\"sameAs\":[\"https:\/\/nordnesrepublikken.no\/\"]}]}<\/script>\n<!-- \/ Yoast SEO plugin. -->","yoast_head_json":{"title":"EU avslutter tollfritak p\u00e5 billige Temu, Shein-pakker \u2013 hva det betyr for shoppere - Nordnesrepublikken","robots":{"index":"index","follow":"follow","max-snippet":"max-snippet:-1","max-image-preview":"max-image-preview:large","max-video-preview":"max-video-preview:-1"},"canonical":"https:\/\/nordnesrepublikken.no\/index.php\/2025\/11\/17\/eu-avslutter-tollfritak-pa-billige-temu-shein-pakker-hva-det-betyr-for-shoppere\/","og_locale":"nb_NO","og_type":"article","og_title":"EU avslutter tollfritak p\u00e5 billige Temu, Shein-pakker \u2013 hva det betyr for shoppere - Nordnesrepublikken","og_description":"EU har gjort unna tollfritaket p\u00e5 sm\u00e5 bestillinger under \u20ac150 fra popul\u00e6re nettbutikker fra Kina,","og_url":"https:\/\/nordnesrepublikken.no\/index.php\/2025\/11\/17\/eu-avslutter-tollfritak-pa-billige-temu-shein-pakker-hva-det-betyr-for-shoppere\/","og_site_name":"Nordnesrepublikken","article_published_time":"2025-11-17T03:51:28+00:00","article_modified_time":"2025-11-17T03:51:30+00:00","og_image":[{"width":1200,"height":800,"url":"https:\/\/nordnesrepublikken.no\/wp-content\/uploads\/2025\/11\/1763351489_EU-avslutter-tollfritak-pa-billige-Temu-Shein-pakker-\u2013-hva-det.jpg","type":"image\/jpeg"}],"author":"Ole Andersen","twitter_card":"summary_large_image","twitter_misc":{"Skrevet av":"Ole Andersen","Ansl. lesetid":"3 minutter"},"schema":{"@context":"https:\/\/schema.org","@graph":[{"@type":"Article","@id":"https:\/\/nordnesrepublikken.no\/index.php\/2025\/11\/17\/eu-avslutter-tollfritak-pa-billige-temu-shein-pakker-hva-det-betyr-for-shoppere\/#article","isPartOf":{"@id":"https:\/\/nordnesrepublikken.no\/index.php\/2025\/11\/17\/eu-avslutter-tollfritak-pa-billige-temu-shein-pakker-hva-det-betyr-for-shoppere\/"},"author":{"name":"Ole Andersen","@id":"https:\/\/nordnesrepublikken.no\/#\/schema\/person\/2e7e81935bab77882fffb79296240ff1"},"headline":"EU avslutter tollfritak p\u00e5 billige Temu, Shein-pakker \u2013 hva det betyr for shoppere","datePublished":"2025-11-17T03:51:28+00:00","dateModified":"2025-11-17T03:51:30+00:00","mainEntityOfPage":{"@id":"https:\/\/nordnesrepublikken.no\/index.php\/2025\/11\/17\/eu-avslutter-tollfritak-pa-billige-temu-shein-pakker-hva-det-betyr-for-shoppere\/"},"wordCount":614,"publisher":{"@id":"https:\/\/nordnesrepublikken.no\/#organization"},"image":{"@id":"https:\/\/nordnesrepublikken.no\/index.php\/2025\/11\/17\/eu-avslutter-tollfritak-pa-billige-temu-shein-pakker-hva-det-betyr-for-shoppere\/#primaryimage"},"thumbnailUrl":"https:\/\/nordnesrepublikken.no\/wp-content\/uploads\/2025\/11\/1763351489_EU-avslutter-tollfritak-pa-billige-Temu-Shein-pakker-\u2013-hva-det.jpg","keywords":["avslutter","betyr","billige","Det","Hva","p\u00e5","Sheinpakker","shoppere","Temu","tollfritak"],"articleSection":["Livsstil"],"inLanguage":"nb-NO"},{"@type":"WebPage","@id":"https:\/\/nordnesrepublikken.no\/index.php\/2025\/11\/17\/eu-avslutter-tollfritak-pa-billige-temu-shein-pakker-hva-det-betyr-for-shoppere\/","url":"https:\/\/nordnesrepublikken.no\/index.php\/2025\/11\/17\/eu-avslutter-tollfritak-pa-billige-temu-shein-pakker-hva-det-betyr-for-shoppere\/","name":"EU avslutter tollfritak p\u00e5 billige Temu, Shein-pakker \u2013 hva det betyr for shoppere - Nordnesrepublikken","isPartOf":{"@id":"https:\/\/nordnesrepublikken.no\/#website"},"primaryImageOfPage":{"@id":"https:\/\/nordnesrepublikken.no\/index.php\/2025\/11\/17\/eu-avslutter-tollfritak-pa-billige-temu-shein-pakker-hva-det-betyr-for-shoppere\/#primaryimage"},"image":{"@id":"https:\/\/nordnesrepublikken.no\/index.php\/2025\/11\/17\/eu-avslutter-tollfritak-pa-billige-temu-shein-pakker-hva-det-betyr-for-shoppere\/#primaryimage"},"thumbnailUrl":"https:\/\/nordnesrepublikken.no\/wp-content\/uploads\/2025\/11\/1763351489_EU-avslutter-tollfritak-pa-billige-Temu-Shein-pakker-\u2013-hva-det.jpg","datePublished":"2025-11-17T03:51:28+00:00","dateModified":"2025-11-17T03:51:30+00:00","breadcrumb":{"@id":"https:\/\/nordnesrepublikken.no\/index.php\/2025\/11\/17\/eu-avslutter-tollfritak-pa-billige-temu-shein-pakker-hva-det-betyr-for-shoppere\/#breadcrumb"},"inLanguage":"nb-NO","potentialAction":[{"@type":"ReadAction","target":["https:\/\/nordnesrepublikken.no\/index.php\/2025\/11\/17\/eu-avslutter-tollfritak-pa-billige-temu-shein-pakker-hva-det-betyr-for-shoppere\/"]}]},{"@type":"ImageObject","inLanguage":"nb-NO","@id":"https:\/\/nordnesrepublikken.no\/index.php\/2025\/11\/17\/eu-avslutter-tollfritak-pa-billige-temu-shein-pakker-hva-det-betyr-for-shoppere\/#primaryimage","url":"https:\/\/nordnesrepublikken.no\/wp-content\/uploads\/2025\/11\/1763351489_EU-avslutter-tollfritak-pa-billige-Temu-Shein-pakker-\u2013-hva-det.jpg","contentUrl":"https:\/\/nordnesrepublikken.no\/wp-content\/uploads\/2025\/11\/1763351489_EU-avslutter-tollfritak-pa-billige-Temu-Shein-pakker-\u2013-hva-det.jpg","width":1200,"height":800,"caption":"EU avslutter tollfritak p\u00e5 billige Temu, Shein-pakker \u2013 hva det betyr for shoppere"},{"@type":"BreadcrumbList","@id":"https:\/\/nordnesrepublikken.no\/index.php\/2025\/11\/17\/eu-avslutter-tollfritak-pa-billige-temu-shein-pakker-hva-det-betyr-for-shoppere\/#breadcrumb","itemListElement":[{"@type":"ListItem","position":1,"name":"Home","item":"https:\/\/nordnesrepublikken.no\/"},{"@type":"ListItem","position":2,"name":"EU avslutter tollfritak p\u00e5 billige Temu, Shein-pakker \u2013 hva det betyr for shoppere"}]},{"@type":"WebSite","@id":"https:\/\/nordnesrepublikken.no\/#website","url":"https:\/\/nordnesrepublikken.no\/","name":"Nordnesrepublikken","description":"Stemmer og Visjoner fra Republikkens Hjerte","publisher":{"@id":"https:\/\/nordnesrepublikken.no\/#organization"},"potentialAction":[{"@type":"SearchAction","target":{"@type":"EntryPoint","urlTemplate":"https:\/\/nordnesrepublikken.no\/?s={search_term_string}"},"query-input":{"@type":"PropertyValueSpecification","valueRequired":true,"valueName":"search_term_string"}}],"inLanguage":"nb-NO"},{"@type":"Organization","@id":"https:\/\/nordnesrepublikken.no\/#organization","name":"Nordnesrepublikken","url":"https:\/\/nordnesrepublikken.no\/","logo":{"@type":"ImageObject","inLanguage":"nb-NO","@id":"https:\/\/nordnesrepublikken.no\/#\/schema\/logo\/image\/","url":"https:\/\/nordnesrepublikken.no\/wp-content\/uploads\/2025\/02\/cropped-nordnesrepublikken-2.png","contentUrl":"https:\/\/nordnesrepublikken.no\/wp-content\/uploads\/2025\/02\/cropped-nordnesrepublikken-2.png","width":1248,"height":362,"caption":"Nordnesrepublikken"},"image":{"@id":"https:\/\/nordnesrepublikken.no\/#\/schema\/logo\/image\/"}},{"@type":"Person","@id":"https:\/\/nordnesrepublikken.no\/#\/schema\/person\/2e7e81935bab77882fffb79296240ff1","name":"Ole Andersen","image":{"@type":"ImageObject","inLanguage":"nb-NO","@id":"https:\/\/nordnesrepublikken.no\/#\/schema\/person\/image\/","url":"https:\/\/nordnesrepublikken.no\/wp-content\/uploads\/2025\/02\/nordnesrepublikken-2-2-150x150.jpg","contentUrl":"https:\/\/nordnesrepublikken.no\/wp-content\/uploads\/2025\/02\/nordnesrepublikken-2-2-150x150.jpg","caption":"Ole Andersen"},"description":"Ettersom jeg vokste opp i Oslo, har jeg alltid v\u00e6rt fascinert av ordenes kraft og deres evne til \u00e5 skape endringer. Etter \u00e5 ha fullf\u00f8rt min utdannelse i kommunikasjon ved Universitetet i Bergen, fikk jeg muligheten til \u00e5 jobbe innen ulike medier, der jeg har s\u00f8kt \u00e5 belyse viktige samfunnssp\u00f8rsm\u00e5l. I dag, som redakt\u00f8r for Nordnesrepublikken, pr\u00f8ver jeg \u00e5 forene min kj\u00e6rlighet for journalistikk med min lidenskap for innovasjon og eventyr.","sameAs":["https:\/\/nordnesrepublikken.no\/"]}]}},"_links":{"self":[{"href":"https:\/\/nordnesrepublikken.no\/index.php\/wp-json\/wp\/v2\/posts\/11781","targetHints":{"allow":["GET"]}}],"collection":[{"href":"https:\/\/nordnesrepublikken.no\/index.php\/wp-json\/wp\/v2\/posts"}],"about":[{"href":"https:\/\/nordnesrepublikken.no\/index.php\/wp-json\/wp\/v2\/types\/post"}],"author":[{"embeddable":true,"href":"https:\/\/nordnesrepublikken.no\/index.php\/wp-json\/wp\/v2\/users\/1"}],"replies":[{"embeddable":true,"href":"https:\/\/nordnesrepublikken.no\/index.php\/wp-json\/wp\/v2\/comments?post=11781"}],"version-history":[{"count":1,"href":"https:\/\/nordnesrepublikken.no\/index.php\/wp-json\/wp\/v2\/posts\/11781\/revisions"}],"predecessor-version":[{"id":11783,"href":"https:\/\/nordnesrepublikken.no\/index.php\/wp-json\/wp\/v2\/posts\/11781\/revisions\/11783"}],"wp:featuredmedia":[{"embeddable":true,"href":"https:\/\/nordnesrepublikken.no\/index.php\/wp-json\/wp\/v2\/media\/11782"}],"wp:attachment":[{"href":"https:\/\/nordnesrepublikken.no\/index.php\/wp-json\/wp\/v2\/media?parent=11781"}],"wp:term":[{"taxonomy":"category","embeddable":true,"href":"https:\/\/nordnesrepublikken.no\/index.php\/wp-json\/wp\/v2\/categories?post=11781"},{"taxonomy":"post_tag","embeddable":true,"href":"https:\/\/nordnesrepublikken.no\/index.php\/wp-json\/wp\/v2\/tags?post=11781"}],"curies":[{"name":"wp","href":"https:\/\/api.w.org\/{rel}","templated":true}]}}