{"id":11775,"date":"2025-11-16T22:50:51","date_gmt":"2025-11-16T21:50:51","guid":{"rendered":"https:\/\/nordnesrepublikken.no\/index.php\/2025\/11\/16\/fordi-skatten-er-uoppnaelig\/"},"modified":"2025-11-16T22:50:52","modified_gmt":"2025-11-16T21:50:52","slug":"fordi-skatten-er-uoppnaelig","status":"publish","type":"post","link":"https:\/\/nordnesrepublikken.no\/index.php\/2025\/11\/16\/fordi-skatten-er-uoppnaelig\/","title":{"rendered":"fordi skatten er uoppn\u00e5elig"},"content":{"rendered":"<div>\n<div class=\"cp_wrapper cp_wrapper--fw mb-30 mb-20@tablet\">\n<figure class=\"mm\"><picture class=\"img\" style=\"padding-top:56.25%\"><source  media=\"(min-width: 1024px)\"><source  media=\"(min-width: 768px)\"><\/source><\/source><\/picture><\/figure>\n<\/p><\/div>\n<p>Tanken om at det er noe skjult i enden av regnbuen<strong> pott med gull<\/strong>overv\u00e5ket av en utspekulert alv \u2013 den <strong>Leprechaun<\/strong>er typisk for <strong>Irsk folklore<\/strong>. Det sies at bare bonden Barry kom i n\u00e6rheten av skatten, men hans t\u00f8rst etter rikdom f\u00f8rte til at han mistet alt og potten ble uoppn\u00e5elig. Derfor, i dag som da, forblir den fargede stien et uoppn\u00e5elig l\u00f8fte for oss: \u00e5 jage den betyr \u00e5 jage det du ikke kan ha, fordi regnbuen <strong>g\u00e5r alltid bort<\/strong> ett skritt videre.<\/p>\n<h2>Leprechaunens mysterium og gullkrukken<\/h2>\n<p>Barry var en bonde hvis g\u00e5rd, jord og dyr ikke produserte s\u00e5 godt som han ville ha \u00f8nsket. Eventyret hans begynner n\u00e5r han, etter \u00e5 ha m\u00f8tt en <b>alv<\/b>bestemte han seg for \u00e5 jage skatten. Nissen klaget over at han var for gammel og sliten til \u00e5 klatre til toppen av fjellet som var potten hans full av gull og skatter, helt i enden av regnbuen. Barry tilb\u00f8d seg \u00e5 hjelpe nissen, som igjen bel\u00f8nnet ham med en del av skatten gjemt i potten: men Barry \u00f8nsket \u00e5 skryte av oppdagelsen hans, og fortalte naboen hvor den magiske potten var plassert.<\/p>\n<p>P\u00e5 det tidspunktet gikk nissen i raseri, fikk Barrys g\u00e5rd til \u00e5 kollapse, og hindret noen i \u00e5 n\u00e5 potten ved foten av regnbuen.<\/p>\n<p>Barrys historie, fortalt i Irland i \u00e5rhundrer og i forskjellige varianter, tar sikte p\u00e5 \u00e5 fortelle hvordan <b>suksess og flaks <\/b>det ser de ofte ut til <b>ett skritt unna oss, <\/b>likevel <b>de forblir utenfor rekkevidde <\/b>n\u00e5r vi lar oss dominere av<b> arroganse og stolthet<\/b>. Akkurat som det skjer foran regnbuen, som ser ut til \u00e5 ber\u00f8re jorden noen f\u00e5 meter unna, men etter hvert som vi beveger oss lenger og lenger unna (som en optisk effekt avhengig av observat\u00f8rens posisjon), forblir selv rikdommen lovet av legenden en uoppn\u00e5elig dr\u00f8m for de som ikke vet hvordan de skal v\u00e6re ydmyke.<\/p>\n<h2>Symbolikken til alver i irsk folklore<\/h2>\n<div class=\"cp_wrapper cp_wrapper--fw mb-50\">\n<figure class=\"mm\"><picture class=\"img\" style=\"padding-top:177.21893491124%\"><source  media=\"(min-width: 1024px)\"><source  media=\"(min-width: 768px)\"><img decoding=\"async\" loading=\"lazy\" src=\"https:\/\/nordnesrepublikken.no\/wp-content\/uploads\/2025\/11\/1763329851_689_fordi-skatten-er-uoppnaelig.jpg\" alt=\"Leprechaun\" width=\"676\" height=\"1198\"\/><\/source><\/source><\/picture><\/figure>\n<\/p><\/div>\n<p>Alvene, i irsk mytologi og folklore av hedensk opprinnelse, er sv\u00e6rt viktige skikkelser: blant dem, <b>Leprechaun<\/b> \u2013 ogs\u00e5 kjent som <strong>Leith Bhrogan<\/strong> \u2013 er den mest kjente, kledd i gr\u00f8nt, med lue p\u00e5 hodet og store sko p\u00e5 f\u00f8ttene, gjort kjent som et ikon for St. Patrick&#8217;s Day. Leprechaunen, som alle alvene hans, har en jobb &#8211; han er en skomaker &#8211; men han bruker fritiden p\u00e5 mange <b>vitser <\/b>til mennesker, stimulerer dem og bedrar dem, selv for<b> satt p\u00e5 pr\u00f8ve <\/b>deres sjel.<\/p>\n<p>I f\u00f8lge keltisk tro er det en sterk forbindelse mellom menneskers og \u00e5ndenes verden, som alver er en del av: disse sm\u00e5 vesenene er if\u00f8lge tradisjonen ikke bare ansvarlige for sm\u00e5 og store ulykker og uhell, dramatiske og morsomme, men takket v\u00e6re deres lekne og samtidig onde \u00e5nd, har de evnen til \u00e5 stimulere og erte mennesker, og f\u00e5 frem v\u00e5r sanne natur.<\/p>\n<\/p><\/div>\n","protected":false},"excerpt":{"rendered":"<p>Tanken om at det er noe skjult i enden av regnbuen pott med gulloverv\u00e5ket av<\/p>\n","protected":false},"author":1,"featured_media":11776,"comment_status":"closed","ping_status":"open","sticky":false,"template":"","format":"standard","meta":{"footnotes":""},"categories":[104],"tags":[83,7748,7749],"class_list":["post-11775","post","type-post","status-publish","format-standard","has-post-thumbnail","hentry","category-samfunn","tag-fordi","tag-skatten","tag-uoppnaelig","generate-columns","tablet-grid-50","mobile-grid-100","grid-parent","grid-33","resize-featured-image"],"yoast_head":"<!-- This site is optimized with the Yoast SEO plugin v24.4 - https:\/\/yoast.com\/wordpress\/plugins\/seo\/ -->\n<title>fordi skatten er uoppn\u00e5elig - Nordnesrepublikken<\/title>\n<meta name=\"robots\" content=\"index, follow, max-snippet:-1, max-image-preview:large, max-video-preview:-1\" \/>\n<link rel=\"canonical\" href=\"https:\/\/nordnesrepublikken.no\/index.php\/2025\/11\/16\/fordi-skatten-er-uoppnaelig\/\" \/>\n<meta property=\"og:locale\" content=\"nb_NO\" \/>\n<meta property=\"og:type\" content=\"article\" \/>\n<meta property=\"og:title\" content=\"fordi skatten er uoppn\u00e5elig - Nordnesrepublikken\" \/>\n<meta property=\"og:description\" content=\"Tanken om at det er noe skjult i enden av regnbuen pott med gulloverv\u00e5ket av\" \/>\n<meta property=\"og:url\" content=\"https:\/\/nordnesrepublikken.no\/index.php\/2025\/11\/16\/fordi-skatten-er-uoppnaelig\/\" \/>\n<meta property=\"og:site_name\" content=\"Nordnesrepublikken\" \/>\n<meta property=\"article:published_time\" content=\"2025-11-16T21:50:51+00:00\" \/>\n<meta property=\"article:modified_time\" content=\"2025-11-16T21:50:52+00:00\" \/>\n<meta property=\"og:image\" content=\"https:\/\/nordnesrepublikken.no\/wp-content\/uploads\/2025\/11\/1763329851_fordi-skatten-er-uoppnaelig.jpg\" \/>\n\t<meta property=\"og:image:width\" content=\"1344\" \/>\n\t<meta property=\"og:image:height\" content=\"768\" \/>\n\t<meta property=\"og:image:type\" content=\"image\/jpeg\" \/>\n<meta name=\"author\" content=\"Ole Andersen\" \/>\n<meta name=\"twitter:card\" content=\"summary_large_image\" \/>\n<meta name=\"twitter:label1\" content=\"Skrevet av\" \/>\n\t<meta name=\"twitter:data1\" content=\"Ole Andersen\" \/>\n\t<meta name=\"twitter:label2\" content=\"Ansl. lesetid\" \/>\n\t<meta name=\"twitter:data2\" content=\"2 minutter\" \/>\n<script type=\"application\/ld+json\" class=\"yoast-schema-graph\">{\"@context\":\"https:\/\/schema.org\",\"@graph\":[{\"@type\":\"Article\",\"@id\":\"https:\/\/nordnesrepublikken.no\/index.php\/2025\/11\/16\/fordi-skatten-er-uoppnaelig\/#article\",\"isPartOf\":{\"@id\":\"https:\/\/nordnesrepublikken.no\/index.php\/2025\/11\/16\/fordi-skatten-er-uoppnaelig\/\"},\"author\":{\"name\":\"Ole Andersen\",\"@id\":\"https:\/\/nordnesrepublikken.no\/#\/schema\/person\/2e7e81935bab77882fffb79296240ff1\"},\"headline\":\"fordi skatten er uoppn\u00e5elig\",\"datePublished\":\"2025-11-16T21:50:51+00:00\",\"dateModified\":\"2025-11-16T21:50:52+00:00\",\"mainEntityOfPage\":{\"@id\":\"https:\/\/nordnesrepublikken.no\/index.php\/2025\/11\/16\/fordi-skatten-er-uoppnaelig\/\"},\"wordCount\":483,\"publisher\":{\"@id\":\"https:\/\/nordnesrepublikken.no\/#organization\"},\"image\":{\"@id\":\"https:\/\/nordnesrepublikken.no\/index.php\/2025\/11\/16\/fordi-skatten-er-uoppnaelig\/#primaryimage\"},\"thumbnailUrl\":\"https:\/\/nordnesrepublikken.no\/wp-content\/uploads\/2025\/11\/1763329851_fordi-skatten-er-uoppnaelig.jpg\",\"keywords\":[\"Fordi\",\"skatten\",\"uoppn\u00e5elig\"],\"articleSection\":[\"Samfunn\"],\"inLanguage\":\"nb-NO\"},{\"@type\":\"WebPage\",\"@id\":\"https:\/\/nordnesrepublikken.no\/index.php\/2025\/11\/16\/fordi-skatten-er-uoppnaelig\/\",\"url\":\"https:\/\/nordnesrepublikken.no\/index.php\/2025\/11\/16\/fordi-skatten-er-uoppnaelig\/\",\"name\":\"fordi skatten er uoppn\u00e5elig - Nordnesrepublikken\",\"isPartOf\":{\"@id\":\"https:\/\/nordnesrepublikken.no\/#website\"},\"primaryImageOfPage\":{\"@id\":\"https:\/\/nordnesrepublikken.no\/index.php\/2025\/11\/16\/fordi-skatten-er-uoppnaelig\/#primaryimage\"},\"image\":{\"@id\":\"https:\/\/nordnesrepublikken.no\/index.php\/2025\/11\/16\/fordi-skatten-er-uoppnaelig\/#primaryimage\"},\"thumbnailUrl\":\"https:\/\/nordnesrepublikken.no\/wp-content\/uploads\/2025\/11\/1763329851_fordi-skatten-er-uoppnaelig.jpg\",\"datePublished\":\"2025-11-16T21:50:51+00:00\",\"dateModified\":\"2025-11-16T21:50:52+00:00\",\"breadcrumb\":{\"@id\":\"https:\/\/nordnesrepublikken.no\/index.php\/2025\/11\/16\/fordi-skatten-er-uoppnaelig\/#breadcrumb\"},\"inLanguage\":\"nb-NO\",\"potentialAction\":[{\"@type\":\"ReadAction\",\"target\":[\"https:\/\/nordnesrepublikken.no\/index.php\/2025\/11\/16\/fordi-skatten-er-uoppnaelig\/\"]}]},{\"@type\":\"ImageObject\",\"inLanguage\":\"nb-NO\",\"@id\":\"https:\/\/nordnesrepublikken.no\/index.php\/2025\/11\/16\/fordi-skatten-er-uoppnaelig\/#primaryimage\",\"url\":\"https:\/\/nordnesrepublikken.no\/wp-content\/uploads\/2025\/11\/1763329851_fordi-skatten-er-uoppnaelig.jpg\",\"contentUrl\":\"https:\/\/nordnesrepublikken.no\/wp-content\/uploads\/2025\/11\/1763329851_fordi-skatten-er-uoppnaelig.jpg\",\"width\":1344,\"height\":768,\"caption\":\"fordi skatten er uoppn\u00e5elig\"},{\"@type\":\"BreadcrumbList\",\"@id\":\"https:\/\/nordnesrepublikken.no\/index.php\/2025\/11\/16\/fordi-skatten-er-uoppnaelig\/#breadcrumb\",\"itemListElement\":[{\"@type\":\"ListItem\",\"position\":1,\"name\":\"Home\",\"item\":\"https:\/\/nordnesrepublikken.no\/\"},{\"@type\":\"ListItem\",\"position\":2,\"name\":\"fordi skatten er uoppn\u00e5elig\"}]},{\"@type\":\"WebSite\",\"@id\":\"https:\/\/nordnesrepublikken.no\/#website\",\"url\":\"https:\/\/nordnesrepublikken.no\/\",\"name\":\"Nordnesrepublikken\",\"description\":\"Stemmer og Visjoner fra Republikkens Hjerte\",\"publisher\":{\"@id\":\"https:\/\/nordnesrepublikken.no\/#organization\"},\"potentialAction\":[{\"@type\":\"SearchAction\",\"target\":{\"@type\":\"EntryPoint\",\"urlTemplate\":\"https:\/\/nordnesrepublikken.no\/?s={search_term_string}\"},\"query-input\":{\"@type\":\"PropertyValueSpecification\",\"valueRequired\":true,\"valueName\":\"search_term_string\"}}],\"inLanguage\":\"nb-NO\"},{\"@type\":\"Organization\",\"@id\":\"https:\/\/nordnesrepublikken.no\/#organization\",\"name\":\"Nordnesrepublikken\",\"url\":\"https:\/\/nordnesrepublikken.no\/\",\"logo\":{\"@type\":\"ImageObject\",\"inLanguage\":\"nb-NO\",\"@id\":\"https:\/\/nordnesrepublikken.no\/#\/schema\/logo\/image\/\",\"url\":\"https:\/\/nordnesrepublikken.no\/wp-content\/uploads\/2025\/02\/cropped-nordnesrepublikken-2.png\",\"contentUrl\":\"https:\/\/nordnesrepublikken.no\/wp-content\/uploads\/2025\/02\/cropped-nordnesrepublikken-2.png\",\"width\":1248,\"height\":362,\"caption\":\"Nordnesrepublikken\"},\"image\":{\"@id\":\"https:\/\/nordnesrepublikken.no\/#\/schema\/logo\/image\/\"}},{\"@type\":\"Person\",\"@id\":\"https:\/\/nordnesrepublikken.no\/#\/schema\/person\/2e7e81935bab77882fffb79296240ff1\",\"name\":\"Ole Andersen\",\"image\":{\"@type\":\"ImageObject\",\"inLanguage\":\"nb-NO\",\"@id\":\"https:\/\/nordnesrepublikken.no\/#\/schema\/person\/image\/\",\"url\":\"https:\/\/nordnesrepublikken.no\/wp-content\/uploads\/2025\/02\/nordnesrepublikken-2-2-150x150.jpg\",\"contentUrl\":\"https:\/\/nordnesrepublikken.no\/wp-content\/uploads\/2025\/02\/nordnesrepublikken-2-2-150x150.jpg\",\"caption\":\"Ole Andersen\"},\"description\":\"Ettersom jeg vokste opp i Oslo, har jeg alltid v\u00e6rt fascinert av ordenes kraft og deres evne til \u00e5 skape endringer. Etter \u00e5 ha fullf\u00f8rt min utdannelse i kommunikasjon ved Universitetet i Bergen, fikk jeg muligheten til \u00e5 jobbe innen ulike medier, der jeg har s\u00f8kt \u00e5 belyse viktige samfunnssp\u00f8rsm\u00e5l. I dag, som redakt\u00f8r for Nordnesrepublikken, pr\u00f8ver jeg \u00e5 forene min kj\u00e6rlighet for journalistikk med min lidenskap for innovasjon og eventyr.\",\"sameAs\":[\"https:\/\/nordnesrepublikken.no\/\"]}]}<\/script>\n<!-- \/ Yoast SEO plugin. -->","yoast_head_json":{"title":"fordi skatten er uoppn\u00e5elig - Nordnesrepublikken","robots":{"index":"index","follow":"follow","max-snippet":"max-snippet:-1","max-image-preview":"max-image-preview:large","max-video-preview":"max-video-preview:-1"},"canonical":"https:\/\/nordnesrepublikken.no\/index.php\/2025\/11\/16\/fordi-skatten-er-uoppnaelig\/","og_locale":"nb_NO","og_type":"article","og_title":"fordi skatten er uoppn\u00e5elig - Nordnesrepublikken","og_description":"Tanken om at det er noe skjult i enden av regnbuen pott med gulloverv\u00e5ket av","og_url":"https:\/\/nordnesrepublikken.no\/index.php\/2025\/11\/16\/fordi-skatten-er-uoppnaelig\/","og_site_name":"Nordnesrepublikken","article_published_time":"2025-11-16T21:50:51+00:00","article_modified_time":"2025-11-16T21:50:52+00:00","og_image":[{"width":1344,"height":768,"url":"https:\/\/nordnesrepublikken.no\/wp-content\/uploads\/2025\/11\/1763329851_fordi-skatten-er-uoppnaelig.jpg","type":"image\/jpeg"}],"author":"Ole Andersen","twitter_card":"summary_large_image","twitter_misc":{"Skrevet av":"Ole Andersen","Ansl. lesetid":"2 minutter"},"schema":{"@context":"https:\/\/schema.org","@graph":[{"@type":"Article","@id":"https:\/\/nordnesrepublikken.no\/index.php\/2025\/11\/16\/fordi-skatten-er-uoppnaelig\/#article","isPartOf":{"@id":"https:\/\/nordnesrepublikken.no\/index.php\/2025\/11\/16\/fordi-skatten-er-uoppnaelig\/"},"author":{"name":"Ole Andersen","@id":"https:\/\/nordnesrepublikken.no\/#\/schema\/person\/2e7e81935bab77882fffb79296240ff1"},"headline":"fordi skatten er uoppn\u00e5elig","datePublished":"2025-11-16T21:50:51+00:00","dateModified":"2025-11-16T21:50:52+00:00","mainEntityOfPage":{"@id":"https:\/\/nordnesrepublikken.no\/index.php\/2025\/11\/16\/fordi-skatten-er-uoppnaelig\/"},"wordCount":483,"publisher":{"@id":"https:\/\/nordnesrepublikken.no\/#organization"},"image":{"@id":"https:\/\/nordnesrepublikken.no\/index.php\/2025\/11\/16\/fordi-skatten-er-uoppnaelig\/#primaryimage"},"thumbnailUrl":"https:\/\/nordnesrepublikken.no\/wp-content\/uploads\/2025\/11\/1763329851_fordi-skatten-er-uoppnaelig.jpg","keywords":["Fordi","skatten","uoppn\u00e5elig"],"articleSection":["Samfunn"],"inLanguage":"nb-NO"},{"@type":"WebPage","@id":"https:\/\/nordnesrepublikken.no\/index.php\/2025\/11\/16\/fordi-skatten-er-uoppnaelig\/","url":"https:\/\/nordnesrepublikken.no\/index.php\/2025\/11\/16\/fordi-skatten-er-uoppnaelig\/","name":"fordi skatten er uoppn\u00e5elig - Nordnesrepublikken","isPartOf":{"@id":"https:\/\/nordnesrepublikken.no\/#website"},"primaryImageOfPage":{"@id":"https:\/\/nordnesrepublikken.no\/index.php\/2025\/11\/16\/fordi-skatten-er-uoppnaelig\/#primaryimage"},"image":{"@id":"https:\/\/nordnesrepublikken.no\/index.php\/2025\/11\/16\/fordi-skatten-er-uoppnaelig\/#primaryimage"},"thumbnailUrl":"https:\/\/nordnesrepublikken.no\/wp-content\/uploads\/2025\/11\/1763329851_fordi-skatten-er-uoppnaelig.jpg","datePublished":"2025-11-16T21:50:51+00:00","dateModified":"2025-11-16T21:50:52+00:00","breadcrumb":{"@id":"https:\/\/nordnesrepublikken.no\/index.php\/2025\/11\/16\/fordi-skatten-er-uoppnaelig\/#breadcrumb"},"inLanguage":"nb-NO","potentialAction":[{"@type":"ReadAction","target":["https:\/\/nordnesrepublikken.no\/index.php\/2025\/11\/16\/fordi-skatten-er-uoppnaelig\/"]}]},{"@type":"ImageObject","inLanguage":"nb-NO","@id":"https:\/\/nordnesrepublikken.no\/index.php\/2025\/11\/16\/fordi-skatten-er-uoppnaelig\/#primaryimage","url":"https:\/\/nordnesrepublikken.no\/wp-content\/uploads\/2025\/11\/1763329851_fordi-skatten-er-uoppnaelig.jpg","contentUrl":"https:\/\/nordnesrepublikken.no\/wp-content\/uploads\/2025\/11\/1763329851_fordi-skatten-er-uoppnaelig.jpg","width":1344,"height":768,"caption":"fordi skatten er uoppn\u00e5elig"},{"@type":"BreadcrumbList","@id":"https:\/\/nordnesrepublikken.no\/index.php\/2025\/11\/16\/fordi-skatten-er-uoppnaelig\/#breadcrumb","itemListElement":[{"@type":"ListItem","position":1,"name":"Home","item":"https:\/\/nordnesrepublikken.no\/"},{"@type":"ListItem","position":2,"name":"fordi skatten er uoppn\u00e5elig"}]},{"@type":"WebSite","@id":"https:\/\/nordnesrepublikken.no\/#website","url":"https:\/\/nordnesrepublikken.no\/","name":"Nordnesrepublikken","description":"Stemmer og Visjoner fra Republikkens Hjerte","publisher":{"@id":"https:\/\/nordnesrepublikken.no\/#organization"},"potentialAction":[{"@type":"SearchAction","target":{"@type":"EntryPoint","urlTemplate":"https:\/\/nordnesrepublikken.no\/?s={search_term_string}"},"query-input":{"@type":"PropertyValueSpecification","valueRequired":true,"valueName":"search_term_string"}}],"inLanguage":"nb-NO"},{"@type":"Organization","@id":"https:\/\/nordnesrepublikken.no\/#organization","name":"Nordnesrepublikken","url":"https:\/\/nordnesrepublikken.no\/","logo":{"@type":"ImageObject","inLanguage":"nb-NO","@id":"https:\/\/nordnesrepublikken.no\/#\/schema\/logo\/image\/","url":"https:\/\/nordnesrepublikken.no\/wp-content\/uploads\/2025\/02\/cropped-nordnesrepublikken-2.png","contentUrl":"https:\/\/nordnesrepublikken.no\/wp-content\/uploads\/2025\/02\/cropped-nordnesrepublikken-2.png","width":1248,"height":362,"caption":"Nordnesrepublikken"},"image":{"@id":"https:\/\/nordnesrepublikken.no\/#\/schema\/logo\/image\/"}},{"@type":"Person","@id":"https:\/\/nordnesrepublikken.no\/#\/schema\/person\/2e7e81935bab77882fffb79296240ff1","name":"Ole Andersen","image":{"@type":"ImageObject","inLanguage":"nb-NO","@id":"https:\/\/nordnesrepublikken.no\/#\/schema\/person\/image\/","url":"https:\/\/nordnesrepublikken.no\/wp-content\/uploads\/2025\/02\/nordnesrepublikken-2-2-150x150.jpg","contentUrl":"https:\/\/nordnesrepublikken.no\/wp-content\/uploads\/2025\/02\/nordnesrepublikken-2-2-150x150.jpg","caption":"Ole Andersen"},"description":"Ettersom jeg vokste opp i Oslo, har jeg alltid v\u00e6rt fascinert av ordenes kraft og deres evne til \u00e5 skape endringer. Etter \u00e5 ha fullf\u00f8rt min utdannelse i kommunikasjon ved Universitetet i Bergen, fikk jeg muligheten til \u00e5 jobbe innen ulike medier, der jeg har s\u00f8kt \u00e5 belyse viktige samfunnssp\u00f8rsm\u00e5l. I dag, som redakt\u00f8r for Nordnesrepublikken, pr\u00f8ver jeg \u00e5 forene min kj\u00e6rlighet for journalistikk med min lidenskap for innovasjon og eventyr.","sameAs":["https:\/\/nordnesrepublikken.no\/"]}]}},"_links":{"self":[{"href":"https:\/\/nordnesrepublikken.no\/index.php\/wp-json\/wp\/v2\/posts\/11775","targetHints":{"allow":["GET"]}}],"collection":[{"href":"https:\/\/nordnesrepublikken.no\/index.php\/wp-json\/wp\/v2\/posts"}],"about":[{"href":"https:\/\/nordnesrepublikken.no\/index.php\/wp-json\/wp\/v2\/types\/post"}],"author":[{"embeddable":true,"href":"https:\/\/nordnesrepublikken.no\/index.php\/wp-json\/wp\/v2\/users\/1"}],"replies":[{"embeddable":true,"href":"https:\/\/nordnesrepublikken.no\/index.php\/wp-json\/wp\/v2\/comments?post=11775"}],"version-history":[{"count":1,"href":"https:\/\/nordnesrepublikken.no\/index.php\/wp-json\/wp\/v2\/posts\/11775\/revisions"}],"predecessor-version":[{"id":11777,"href":"https:\/\/nordnesrepublikken.no\/index.php\/wp-json\/wp\/v2\/posts\/11775\/revisions\/11777"}],"wp:featuredmedia":[{"embeddable":true,"href":"https:\/\/nordnesrepublikken.no\/index.php\/wp-json\/wp\/v2\/media\/11776"}],"wp:attachment":[{"href":"https:\/\/nordnesrepublikken.no\/index.php\/wp-json\/wp\/v2\/media?parent=11775"}],"wp:term":[{"taxonomy":"category","embeddable":true,"href":"https:\/\/nordnesrepublikken.no\/index.php\/wp-json\/wp\/v2\/categories?post=11775"},{"taxonomy":"post_tag","embeddable":true,"href":"https:\/\/nordnesrepublikken.no\/index.php\/wp-json\/wp\/v2\/tags?post=11775"}],"curies":[{"name":"wp","href":"https:\/\/api.w.org\/{rel}","templated":true}]}}