{"id":11772,"date":"2025-11-16T21:50:43","date_gmt":"2025-11-16T20:50:43","guid":{"rendered":"https:\/\/nordnesrepublikken.no\/index.php\/2025\/11\/16\/spania-lanserer-nye-veiradarer-som-kan-se-inni-bilen-din-vaer-oppmerksom-pa-aleneforere\/"},"modified":"2025-11-16T21:50:44","modified_gmt":"2025-11-16T20:50:44","slug":"spania-lanserer-nye-veiradarer-som-kan-se-inni-bilen-din-vaer-oppmerksom-pa-aleneforere","status":"publish","type":"post","link":"https:\/\/nordnesrepublikken.no\/index.php\/2025\/11\/16\/spania-lanserer-nye-veiradarer-som-kan-se-inni-bilen-din-vaer-oppmerksom-pa-aleneforere\/","title":{"rendered":"Spania lanserer nye veiradarer som kan se inni bilen din \u2013 v\u00e6r oppmerksom p\u00e5 alenef\u00f8rere"},"content":{"rendered":"<p><\/p>\n<div class=\"wordpress-content\">\n                    <!-- Article Start --><\/p>\n<p>Hvis du ofte kj\u00f8rer alene i Spania, kan det v\u00e6re lurt \u00e5 revurdere den vanen snart. DGT (Direcci\u00f3n General de Tr\u00e1fico) har nettopp bekreftet det mange mistenkte \u2013 Spanias f\u00f8rste \u00abbeleggsdeteksjonsradarer\u00bb kommer, og de vil begynne \u00e5 utstede b\u00f8ter til biler med bare \u00e9n person inne.<\/p>\n<p>Det f\u00f8rste av disse kameraene vil dukke opp p\u00e5 motorveien A-2, hovedruten mellom Madrid og Alcal\u00e1 de Henares, n\u00e5r en ny Bus-VAO-fil (h\u00f8yt belegg) \u00e5pner tidlig i 2026. Fra det tidspunktet kan alle som blir tatt for \u00e5 kj\u00f8re solo i det angitte kj\u00f8refeltet bli b\u00f8telagt automatisk.<\/p>\n<h2>Et fremst\u00f8t for \u00e5 f\u00e5 spanjoler til \u00e5 dele turer<\/h2>\n<p>DGTs siste trekk er en del av en st\u00f8rre plan for \u00e5 takle et av Spanias st\u00f8rste trafikkproblemer \u2013 for mange biler med bare \u00e9n person inne. I f\u00f8lge offisielle data blir opptil 85 % av kj\u00f8ret\u00f8yene i st\u00f8rre byer i rushtiden kun kj\u00f8rt av sj\u00e5f\u00f8ren.<\/p>\n<div class=\"sra_unit\"><link rel=\"stylesheet\" id=\"block-sra\" href=\"https:\/\/euroweeklynews.com\/wp-content\/plugins\/snack-related-articles\/dist\/css\/snack-related.min.css?250312-193541\" type=\"text\/css\" media=\"all\">\n<\/div>\n<p>Trafikkdirekt\u00f8r Pere Navarro har advart om dette i flere m\u00e5neder. &laquo;Hvis vi klarte \u00e5 f\u00e5 to personer i hver bil, ville vi ha halvparten av kj\u00f8ret\u00f8yene, halvparten av drivstofforbruket og halvparten av utslippene,&raquo; sa han tidligere i \u00e5r. &laquo;Infrastrukturen v\u00e5r ble ikke designet for 50 millioner mennesker &#8211; den begynner \u00e5 vise sine grenser.&raquo;<\/p>\n<p>Budskapet fra Navarro er klart: Spanias veier er for overfylte, og deling er ikke lenger valgfritt.<\/p>\n<p>Den filosofien blir n\u00e5 virkelig politikk. A-2s nye kj\u00f8refelt med h\u00f8yt belegg vil bli overv\u00e5ket automatisk, og kombinerer nummerskiltlesere og kameraer. I motsetning til de gamle VAO-banene, vil det ikke v\u00e6re trafikkbetjenter som sjekker manuelt \u2013 teknologien vil gj\u00f8re alt arbeidet.<\/p>\n<h2>Hvordan systemet faktisk vil fungere<\/h2>\n<p>I motsetning til tradisjonelle separate kj\u00f8refelt, vil denne nye A-2 VAO-banen v\u00e6re dynamisk &#8211; venstre kj\u00f8refelt vil bli et kj\u00f8refelt med h\u00f8yt belegg i rushtiden, og g\u00e5 tilbake til normal trafikk resten av tiden. Den vil v\u00e6re reservert for kj\u00f8ret\u00f8y med to eller flere passasjerer, offentlig transport, motorsykler og n\u00f8detater.<\/p>\n<p>Interessant nok vil selv nullutslippskj\u00f8ret\u00f8yer (med Spanias bl\u00e5 milj\u00f8merke) ikke v\u00e6re unntatt &#8211; de vil ogs\u00e5 bli utestengt fra \u00e5 bruke VAO-banen med mindre det er minst to personer inne.<\/p>\n<p>DGT sier at banen vil v\u00e6re tydelig merket med LED-veimerker, nye kj\u00f8refeltskilt og dynamiske paneler, med en total investering p\u00e5 \u20ac3,9 millioner. I f\u00f8lge tidlige bilder kan den til og med males i en tydelig farge \u2013 r\u00f8d \u2013 for \u00e5 gj\u00f8re den umiddelbart gjenkjennelig.<\/p>\n<p>Mens DGT ikke har avsl\u00f8rt den eksakte teknologien enn\u00e5, forventes systemet \u00e5 bruke termiske kameraer, lik de som n\u00e5 opererer i Frankrikes motorvei A-83 mellom Nantes og Bordeaux. Disse enhetene m\u00e5ler varmesignaturen inne i bilen for \u00e5 telle hvor mange personer som er om bord &#8211; og ja, de kan til og med oppdage gjennom tonede vinduer.<\/p>\n<p>S\u00e5 hvis du er fristet til \u00e5 snike deg inn i banen alene \u2013 ikke gj\u00f8r det. Radaren vil oppdage deg.<\/p>\n<h2>Hva kommer neste for spanske sj\u00e5f\u00f8rer<\/h2>\n<p>DGT har gjort det klart at dette bare er begynnelsen. N\u00e5r rettsaken i Madrid viser seg vellykket, kan de samme radarene for beleggskontroll spre seg til andre store veier over hele Spania. Etaten kaller det en \u00abfleksibel, rimelig l\u00f8sning\u00bb som enkelt kan tilpasses ulike typer veier.<\/p>\n<p>Samtidig forbereder regjeringen et nytt kongelig resolusjon som kan tillate byr\u00e5d \u00e5 begrense tilgangen til lavutslippssoner (ZBE) basert ikke bare p\u00e5 et kj\u00f8ret\u00f8ys milj\u00f8merke, men ogs\u00e5 p\u00e5 hvor mange mennesker som er inne.<\/p>\n<p>Kort sagt \u2013 bilens plass kan snart avgj\u00f8re hvor du kan og ikke kan kj\u00f8re.<\/p>\n<p>For \u00e5 forberede sj\u00e5f\u00f8rene har DGT til og med laget et nytt offisielt trafikkskilt, S-51b, som skal markere disse kj\u00f8refeltene med h\u00f8yt belegg. Det bl\u00e5 firkantede skiltet viser en bil med to personer og symbolet (2+), som tydelig indikerer hvem som har lov til \u00e5 bruke kj\u00f8refeltet.<\/p>\n<p>                    <!-- Originally published at https:\/\/euroweeklynews.com\/2025\/11\/16\/spain-to-launch-new-road-radars-that-can-see-inside-your-car-solo-drivers-beware\/ on 16 Nov 2025 at 16:03 by Farah Mokrani --><br \/>\n                    <!-- Article End -->\n                <\/div>\n","protected":false},"excerpt":{"rendered":"<p>Hvis du ofte kj\u00f8rer alene i Spania, kan det v\u00e6re lurt \u00e5 revurdere den vanen<\/p>\n","protected":false},"author":1,"featured_media":11773,"comment_status":"closed","ping_status":"open","sticky":false,"template":"","format":"standard","meta":{"footnotes":""},"categories":[105],"tags":[7747,1942,584,1133,339,417,260,7746,81,31,529,532,7745],"class_list":["post-11772","post","type-post","status-publish","format-standard","has-post-thumbnail","hentry","category-livsstil","tag-aleneforere","tag-bilen","tag-din","tag-inni","tag-kan","tag-lanserer","tag-nye","tag-oppmerksom","tag-pa","tag-som","tag-spania","tag-vaer","tag-veiradarer","generate-columns","tablet-grid-50","mobile-grid-100","grid-parent","grid-33","resize-featured-image"],"yoast_head":"<!-- This site is optimized with the Yoast SEO plugin v24.4 - https:\/\/yoast.com\/wordpress\/plugins\/seo\/ -->\n<title>Spania lanserer nye veiradarer som kan se inni bilen din \u2013 v\u00e6r oppmerksom p\u00e5 alenef\u00f8rere - Nordnesrepublikken<\/title>\n<meta name=\"robots\" content=\"index, follow, max-snippet:-1, max-image-preview:large, max-video-preview:-1\" \/>\n<link rel=\"canonical\" href=\"https:\/\/nordnesrepublikken.no\/index.php\/2025\/11\/16\/spania-lanserer-nye-veiradarer-som-kan-se-inni-bilen-din-vaer-oppmerksom-pa-aleneforere\/\" \/>\n<meta property=\"og:locale\" content=\"nb_NO\" \/>\n<meta property=\"og:type\" content=\"article\" \/>\n<meta property=\"og:title\" content=\"Spania lanserer nye veiradarer som kan se inni bilen din \u2013 v\u00e6r oppmerksom p\u00e5 alenef\u00f8rere - Nordnesrepublikken\" \/>\n<meta property=\"og:description\" content=\"Hvis du ofte kj\u00f8rer alene i Spania, kan det v\u00e6re lurt \u00e5 revurdere den vanen\" \/>\n<meta property=\"og:url\" content=\"https:\/\/nordnesrepublikken.no\/index.php\/2025\/11\/16\/spania-lanserer-nye-veiradarer-som-kan-se-inni-bilen-din-vaer-oppmerksom-pa-aleneforere\/\" \/>\n<meta property=\"og:site_name\" content=\"Nordnesrepublikken\" \/>\n<meta property=\"article:published_time\" content=\"2025-11-16T20:50:43+00:00\" \/>\n<meta property=\"article:modified_time\" content=\"2025-11-16T20:50:44+00:00\" \/>\n<meta property=\"og:image\" content=\"https:\/\/nordnesrepublikken.no\/wp-content\/uploads\/2025\/11\/1763326243_Spania-lanserer-nye-veiradarer-som-kan-se-inni-bilen-din.jpg\" \/>\n\t<meta property=\"og:image:width\" content=\"1200\" \/>\n\t<meta property=\"og:image:height\" content=\"800\" \/>\n\t<meta property=\"og:image:type\" content=\"image\/jpeg\" \/>\n<meta name=\"author\" content=\"Ole Andersen\" \/>\n<meta name=\"twitter:card\" content=\"summary_large_image\" \/>\n<meta name=\"twitter:label1\" content=\"Skrevet av\" \/>\n\t<meta name=\"twitter:data1\" content=\"Ole Andersen\" \/>\n\t<meta name=\"twitter:label2\" content=\"Ansl. lesetid\" \/>\n\t<meta name=\"twitter:data2\" content=\"3 minutter\" \/>\n<script type=\"application\/ld+json\" class=\"yoast-schema-graph\">{\"@context\":\"https:\/\/schema.org\",\"@graph\":[{\"@type\":\"Article\",\"@id\":\"https:\/\/nordnesrepublikken.no\/index.php\/2025\/11\/16\/spania-lanserer-nye-veiradarer-som-kan-se-inni-bilen-din-vaer-oppmerksom-pa-aleneforere\/#article\",\"isPartOf\":{\"@id\":\"https:\/\/nordnesrepublikken.no\/index.php\/2025\/11\/16\/spania-lanserer-nye-veiradarer-som-kan-se-inni-bilen-din-vaer-oppmerksom-pa-aleneforere\/\"},\"author\":{\"name\":\"Ole Andersen\",\"@id\":\"https:\/\/nordnesrepublikken.no\/#\/schema\/person\/2e7e81935bab77882fffb79296240ff1\"},\"headline\":\"Spania lanserer nye veiradarer som kan se inni bilen din \u2013 v\u00e6r oppmerksom p\u00e5 alenef\u00f8rere\",\"datePublished\":\"2025-11-16T20:50:43+00:00\",\"dateModified\":\"2025-11-16T20:50:44+00:00\",\"mainEntityOfPage\":{\"@id\":\"https:\/\/nordnesrepublikken.no\/index.php\/2025\/11\/16\/spania-lanserer-nye-veiradarer-som-kan-se-inni-bilen-din-vaer-oppmerksom-pa-aleneforere\/\"},\"wordCount\":672,\"publisher\":{\"@id\":\"https:\/\/nordnesrepublikken.no\/#organization\"},\"image\":{\"@id\":\"https:\/\/nordnesrepublikken.no\/index.php\/2025\/11\/16\/spania-lanserer-nye-veiradarer-som-kan-se-inni-bilen-din-vaer-oppmerksom-pa-aleneforere\/#primaryimage\"},\"thumbnailUrl\":\"https:\/\/nordnesrepublikken.no\/wp-content\/uploads\/2025\/11\/1763326243_Spania-lanserer-nye-veiradarer-som-kan-se-inni-bilen-din.jpg\",\"keywords\":[\"alenef\u00f8rere\",\"bilen\",\"din\",\"inni\",\"kan\",\"lanserer\",\"nye\",\"oppmerksom\",\"p\u00e5\",\"som\",\"Spania\",\"v\u00e6r\",\"veiradarer\"],\"articleSection\":[\"Livsstil\"],\"inLanguage\":\"nb-NO\"},{\"@type\":\"WebPage\",\"@id\":\"https:\/\/nordnesrepublikken.no\/index.php\/2025\/11\/16\/spania-lanserer-nye-veiradarer-som-kan-se-inni-bilen-din-vaer-oppmerksom-pa-aleneforere\/\",\"url\":\"https:\/\/nordnesrepublikken.no\/index.php\/2025\/11\/16\/spania-lanserer-nye-veiradarer-som-kan-se-inni-bilen-din-vaer-oppmerksom-pa-aleneforere\/\",\"name\":\"Spania lanserer nye veiradarer som kan se inni bilen din \u2013 v\u00e6r oppmerksom p\u00e5 alenef\u00f8rere - Nordnesrepublikken\",\"isPartOf\":{\"@id\":\"https:\/\/nordnesrepublikken.no\/#website\"},\"primaryImageOfPage\":{\"@id\":\"https:\/\/nordnesrepublikken.no\/index.php\/2025\/11\/16\/spania-lanserer-nye-veiradarer-som-kan-se-inni-bilen-din-vaer-oppmerksom-pa-aleneforere\/#primaryimage\"},\"image\":{\"@id\":\"https:\/\/nordnesrepublikken.no\/index.php\/2025\/11\/16\/spania-lanserer-nye-veiradarer-som-kan-se-inni-bilen-din-vaer-oppmerksom-pa-aleneforere\/#primaryimage\"},\"thumbnailUrl\":\"https:\/\/nordnesrepublikken.no\/wp-content\/uploads\/2025\/11\/1763326243_Spania-lanserer-nye-veiradarer-som-kan-se-inni-bilen-din.jpg\",\"datePublished\":\"2025-11-16T20:50:43+00:00\",\"dateModified\":\"2025-11-16T20:50:44+00:00\",\"breadcrumb\":{\"@id\":\"https:\/\/nordnesrepublikken.no\/index.php\/2025\/11\/16\/spania-lanserer-nye-veiradarer-som-kan-se-inni-bilen-din-vaer-oppmerksom-pa-aleneforere\/#breadcrumb\"},\"inLanguage\":\"nb-NO\",\"potentialAction\":[{\"@type\":\"ReadAction\",\"target\":[\"https:\/\/nordnesrepublikken.no\/index.php\/2025\/11\/16\/spania-lanserer-nye-veiradarer-som-kan-se-inni-bilen-din-vaer-oppmerksom-pa-aleneforere\/\"]}]},{\"@type\":\"ImageObject\",\"inLanguage\":\"nb-NO\",\"@id\":\"https:\/\/nordnesrepublikken.no\/index.php\/2025\/11\/16\/spania-lanserer-nye-veiradarer-som-kan-se-inni-bilen-din-vaer-oppmerksom-pa-aleneforere\/#primaryimage\",\"url\":\"https:\/\/nordnesrepublikken.no\/wp-content\/uploads\/2025\/11\/1763326243_Spania-lanserer-nye-veiradarer-som-kan-se-inni-bilen-din.jpg\",\"contentUrl\":\"https:\/\/nordnesrepublikken.no\/wp-content\/uploads\/2025\/11\/1763326243_Spania-lanserer-nye-veiradarer-som-kan-se-inni-bilen-din.jpg\",\"width\":1200,\"height\":800,\"caption\":\"Spania lanserer nye veiradarer som kan se inni bilen din \u2013 v\u00e6r oppmerksom p\u00e5 alenef\u00f8rere\"},{\"@type\":\"BreadcrumbList\",\"@id\":\"https:\/\/nordnesrepublikken.no\/index.php\/2025\/11\/16\/spania-lanserer-nye-veiradarer-som-kan-se-inni-bilen-din-vaer-oppmerksom-pa-aleneforere\/#breadcrumb\",\"itemListElement\":[{\"@type\":\"ListItem\",\"position\":1,\"name\":\"Home\",\"item\":\"https:\/\/nordnesrepublikken.no\/\"},{\"@type\":\"ListItem\",\"position\":2,\"name\":\"Spania lanserer nye veiradarer som kan se inni bilen din \u2013 v\u00e6r oppmerksom p\u00e5 alenef\u00f8rere\"}]},{\"@type\":\"WebSite\",\"@id\":\"https:\/\/nordnesrepublikken.no\/#website\",\"url\":\"https:\/\/nordnesrepublikken.no\/\",\"name\":\"Nordnesrepublikken\",\"description\":\"Stemmer og Visjoner fra Republikkens Hjerte\",\"publisher\":{\"@id\":\"https:\/\/nordnesrepublikken.no\/#organization\"},\"potentialAction\":[{\"@type\":\"SearchAction\",\"target\":{\"@type\":\"EntryPoint\",\"urlTemplate\":\"https:\/\/nordnesrepublikken.no\/?s={search_term_string}\"},\"query-input\":{\"@type\":\"PropertyValueSpecification\",\"valueRequired\":true,\"valueName\":\"search_term_string\"}}],\"inLanguage\":\"nb-NO\"},{\"@type\":\"Organization\",\"@id\":\"https:\/\/nordnesrepublikken.no\/#organization\",\"name\":\"Nordnesrepublikken\",\"url\":\"https:\/\/nordnesrepublikken.no\/\",\"logo\":{\"@type\":\"ImageObject\",\"inLanguage\":\"nb-NO\",\"@id\":\"https:\/\/nordnesrepublikken.no\/#\/schema\/logo\/image\/\",\"url\":\"https:\/\/nordnesrepublikken.no\/wp-content\/uploads\/2025\/02\/cropped-nordnesrepublikken-2.png\",\"contentUrl\":\"https:\/\/nordnesrepublikken.no\/wp-content\/uploads\/2025\/02\/cropped-nordnesrepublikken-2.png\",\"width\":1248,\"height\":362,\"caption\":\"Nordnesrepublikken\"},\"image\":{\"@id\":\"https:\/\/nordnesrepublikken.no\/#\/schema\/logo\/image\/\"}},{\"@type\":\"Person\",\"@id\":\"https:\/\/nordnesrepublikken.no\/#\/schema\/person\/2e7e81935bab77882fffb79296240ff1\",\"name\":\"Ole Andersen\",\"image\":{\"@type\":\"ImageObject\",\"inLanguage\":\"nb-NO\",\"@id\":\"https:\/\/nordnesrepublikken.no\/#\/schema\/person\/image\/\",\"url\":\"https:\/\/nordnesrepublikken.no\/wp-content\/uploads\/2025\/02\/nordnesrepublikken-2-2-150x150.jpg\",\"contentUrl\":\"https:\/\/nordnesrepublikken.no\/wp-content\/uploads\/2025\/02\/nordnesrepublikken-2-2-150x150.jpg\",\"caption\":\"Ole Andersen\"},\"description\":\"Ettersom jeg vokste opp i Oslo, har jeg alltid v\u00e6rt fascinert av ordenes kraft og deres evne til \u00e5 skape endringer. Etter \u00e5 ha fullf\u00f8rt min utdannelse i kommunikasjon ved Universitetet i Bergen, fikk jeg muligheten til \u00e5 jobbe innen ulike medier, der jeg har s\u00f8kt \u00e5 belyse viktige samfunnssp\u00f8rsm\u00e5l. I dag, som redakt\u00f8r for Nordnesrepublikken, pr\u00f8ver jeg \u00e5 forene min kj\u00e6rlighet for journalistikk med min lidenskap for innovasjon og eventyr.\",\"sameAs\":[\"https:\/\/nordnesrepublikken.no\/\"]}]}<\/script>\n<!-- \/ Yoast SEO plugin. -->","yoast_head_json":{"title":"Spania lanserer nye veiradarer som kan se inni bilen din \u2013 v\u00e6r oppmerksom p\u00e5 alenef\u00f8rere - Nordnesrepublikken","robots":{"index":"index","follow":"follow","max-snippet":"max-snippet:-1","max-image-preview":"max-image-preview:large","max-video-preview":"max-video-preview:-1"},"canonical":"https:\/\/nordnesrepublikken.no\/index.php\/2025\/11\/16\/spania-lanserer-nye-veiradarer-som-kan-se-inni-bilen-din-vaer-oppmerksom-pa-aleneforere\/","og_locale":"nb_NO","og_type":"article","og_title":"Spania lanserer nye veiradarer som kan se inni bilen din \u2013 v\u00e6r oppmerksom p\u00e5 alenef\u00f8rere - Nordnesrepublikken","og_description":"Hvis du ofte kj\u00f8rer alene i Spania, kan det v\u00e6re lurt \u00e5 revurdere den vanen","og_url":"https:\/\/nordnesrepublikken.no\/index.php\/2025\/11\/16\/spania-lanserer-nye-veiradarer-som-kan-se-inni-bilen-din-vaer-oppmerksom-pa-aleneforere\/","og_site_name":"Nordnesrepublikken","article_published_time":"2025-11-16T20:50:43+00:00","article_modified_time":"2025-11-16T20:50:44+00:00","og_image":[{"width":1200,"height":800,"url":"https:\/\/nordnesrepublikken.no\/wp-content\/uploads\/2025\/11\/1763326243_Spania-lanserer-nye-veiradarer-som-kan-se-inni-bilen-din.jpg","type":"image\/jpeg"}],"author":"Ole Andersen","twitter_card":"summary_large_image","twitter_misc":{"Skrevet av":"Ole Andersen","Ansl. lesetid":"3 minutter"},"schema":{"@context":"https:\/\/schema.org","@graph":[{"@type":"Article","@id":"https:\/\/nordnesrepublikken.no\/index.php\/2025\/11\/16\/spania-lanserer-nye-veiradarer-som-kan-se-inni-bilen-din-vaer-oppmerksom-pa-aleneforere\/#article","isPartOf":{"@id":"https:\/\/nordnesrepublikken.no\/index.php\/2025\/11\/16\/spania-lanserer-nye-veiradarer-som-kan-se-inni-bilen-din-vaer-oppmerksom-pa-aleneforere\/"},"author":{"name":"Ole Andersen","@id":"https:\/\/nordnesrepublikken.no\/#\/schema\/person\/2e7e81935bab77882fffb79296240ff1"},"headline":"Spania lanserer nye veiradarer som kan se inni bilen din \u2013 v\u00e6r oppmerksom p\u00e5 alenef\u00f8rere","datePublished":"2025-11-16T20:50:43+00:00","dateModified":"2025-11-16T20:50:44+00:00","mainEntityOfPage":{"@id":"https:\/\/nordnesrepublikken.no\/index.php\/2025\/11\/16\/spania-lanserer-nye-veiradarer-som-kan-se-inni-bilen-din-vaer-oppmerksom-pa-aleneforere\/"},"wordCount":672,"publisher":{"@id":"https:\/\/nordnesrepublikken.no\/#organization"},"image":{"@id":"https:\/\/nordnesrepublikken.no\/index.php\/2025\/11\/16\/spania-lanserer-nye-veiradarer-som-kan-se-inni-bilen-din-vaer-oppmerksom-pa-aleneforere\/#primaryimage"},"thumbnailUrl":"https:\/\/nordnesrepublikken.no\/wp-content\/uploads\/2025\/11\/1763326243_Spania-lanserer-nye-veiradarer-som-kan-se-inni-bilen-din.jpg","keywords":["alenef\u00f8rere","bilen","din","inni","kan","lanserer","nye","oppmerksom","p\u00e5","som","Spania","v\u00e6r","veiradarer"],"articleSection":["Livsstil"],"inLanguage":"nb-NO"},{"@type":"WebPage","@id":"https:\/\/nordnesrepublikken.no\/index.php\/2025\/11\/16\/spania-lanserer-nye-veiradarer-som-kan-se-inni-bilen-din-vaer-oppmerksom-pa-aleneforere\/","url":"https:\/\/nordnesrepublikken.no\/index.php\/2025\/11\/16\/spania-lanserer-nye-veiradarer-som-kan-se-inni-bilen-din-vaer-oppmerksom-pa-aleneforere\/","name":"Spania lanserer nye veiradarer som kan se inni bilen din \u2013 v\u00e6r oppmerksom p\u00e5 alenef\u00f8rere - Nordnesrepublikken","isPartOf":{"@id":"https:\/\/nordnesrepublikken.no\/#website"},"primaryImageOfPage":{"@id":"https:\/\/nordnesrepublikken.no\/index.php\/2025\/11\/16\/spania-lanserer-nye-veiradarer-som-kan-se-inni-bilen-din-vaer-oppmerksom-pa-aleneforere\/#primaryimage"},"image":{"@id":"https:\/\/nordnesrepublikken.no\/index.php\/2025\/11\/16\/spania-lanserer-nye-veiradarer-som-kan-se-inni-bilen-din-vaer-oppmerksom-pa-aleneforere\/#primaryimage"},"thumbnailUrl":"https:\/\/nordnesrepublikken.no\/wp-content\/uploads\/2025\/11\/1763326243_Spania-lanserer-nye-veiradarer-som-kan-se-inni-bilen-din.jpg","datePublished":"2025-11-16T20:50:43+00:00","dateModified":"2025-11-16T20:50:44+00:00","breadcrumb":{"@id":"https:\/\/nordnesrepublikken.no\/index.php\/2025\/11\/16\/spania-lanserer-nye-veiradarer-som-kan-se-inni-bilen-din-vaer-oppmerksom-pa-aleneforere\/#breadcrumb"},"inLanguage":"nb-NO","potentialAction":[{"@type":"ReadAction","target":["https:\/\/nordnesrepublikken.no\/index.php\/2025\/11\/16\/spania-lanserer-nye-veiradarer-som-kan-se-inni-bilen-din-vaer-oppmerksom-pa-aleneforere\/"]}]},{"@type":"ImageObject","inLanguage":"nb-NO","@id":"https:\/\/nordnesrepublikken.no\/index.php\/2025\/11\/16\/spania-lanserer-nye-veiradarer-som-kan-se-inni-bilen-din-vaer-oppmerksom-pa-aleneforere\/#primaryimage","url":"https:\/\/nordnesrepublikken.no\/wp-content\/uploads\/2025\/11\/1763326243_Spania-lanserer-nye-veiradarer-som-kan-se-inni-bilen-din.jpg","contentUrl":"https:\/\/nordnesrepublikken.no\/wp-content\/uploads\/2025\/11\/1763326243_Spania-lanserer-nye-veiradarer-som-kan-se-inni-bilen-din.jpg","width":1200,"height":800,"caption":"Spania lanserer nye veiradarer som kan se inni bilen din \u2013 v\u00e6r oppmerksom p\u00e5 alenef\u00f8rere"},{"@type":"BreadcrumbList","@id":"https:\/\/nordnesrepublikken.no\/index.php\/2025\/11\/16\/spania-lanserer-nye-veiradarer-som-kan-se-inni-bilen-din-vaer-oppmerksom-pa-aleneforere\/#breadcrumb","itemListElement":[{"@type":"ListItem","position":1,"name":"Home","item":"https:\/\/nordnesrepublikken.no\/"},{"@type":"ListItem","position":2,"name":"Spania lanserer nye veiradarer som kan se inni bilen din \u2013 v\u00e6r oppmerksom p\u00e5 alenef\u00f8rere"}]},{"@type":"WebSite","@id":"https:\/\/nordnesrepublikken.no\/#website","url":"https:\/\/nordnesrepublikken.no\/","name":"Nordnesrepublikken","description":"Stemmer og Visjoner fra Republikkens Hjerte","publisher":{"@id":"https:\/\/nordnesrepublikken.no\/#organization"},"potentialAction":[{"@type":"SearchAction","target":{"@type":"EntryPoint","urlTemplate":"https:\/\/nordnesrepublikken.no\/?s={search_term_string}"},"query-input":{"@type":"PropertyValueSpecification","valueRequired":true,"valueName":"search_term_string"}}],"inLanguage":"nb-NO"},{"@type":"Organization","@id":"https:\/\/nordnesrepublikken.no\/#organization","name":"Nordnesrepublikken","url":"https:\/\/nordnesrepublikken.no\/","logo":{"@type":"ImageObject","inLanguage":"nb-NO","@id":"https:\/\/nordnesrepublikken.no\/#\/schema\/logo\/image\/","url":"https:\/\/nordnesrepublikken.no\/wp-content\/uploads\/2025\/02\/cropped-nordnesrepublikken-2.png","contentUrl":"https:\/\/nordnesrepublikken.no\/wp-content\/uploads\/2025\/02\/cropped-nordnesrepublikken-2.png","width":1248,"height":362,"caption":"Nordnesrepublikken"},"image":{"@id":"https:\/\/nordnesrepublikken.no\/#\/schema\/logo\/image\/"}},{"@type":"Person","@id":"https:\/\/nordnesrepublikken.no\/#\/schema\/person\/2e7e81935bab77882fffb79296240ff1","name":"Ole Andersen","image":{"@type":"ImageObject","inLanguage":"nb-NO","@id":"https:\/\/nordnesrepublikken.no\/#\/schema\/person\/image\/","url":"https:\/\/nordnesrepublikken.no\/wp-content\/uploads\/2025\/02\/nordnesrepublikken-2-2-150x150.jpg","contentUrl":"https:\/\/nordnesrepublikken.no\/wp-content\/uploads\/2025\/02\/nordnesrepublikken-2-2-150x150.jpg","caption":"Ole Andersen"},"description":"Ettersom jeg vokste opp i Oslo, har jeg alltid v\u00e6rt fascinert av ordenes kraft og deres evne til \u00e5 skape endringer. Etter \u00e5 ha fullf\u00f8rt min utdannelse i kommunikasjon ved Universitetet i Bergen, fikk jeg muligheten til \u00e5 jobbe innen ulike medier, der jeg har s\u00f8kt \u00e5 belyse viktige samfunnssp\u00f8rsm\u00e5l. I dag, som redakt\u00f8r for Nordnesrepublikken, pr\u00f8ver jeg \u00e5 forene min kj\u00e6rlighet for journalistikk med min lidenskap for innovasjon og eventyr.","sameAs":["https:\/\/nordnesrepublikken.no\/"]}]}},"_links":{"self":[{"href":"https:\/\/nordnesrepublikken.no\/index.php\/wp-json\/wp\/v2\/posts\/11772","targetHints":{"allow":["GET"]}}],"collection":[{"href":"https:\/\/nordnesrepublikken.no\/index.php\/wp-json\/wp\/v2\/posts"}],"about":[{"href":"https:\/\/nordnesrepublikken.no\/index.php\/wp-json\/wp\/v2\/types\/post"}],"author":[{"embeddable":true,"href":"https:\/\/nordnesrepublikken.no\/index.php\/wp-json\/wp\/v2\/users\/1"}],"replies":[{"embeddable":true,"href":"https:\/\/nordnesrepublikken.no\/index.php\/wp-json\/wp\/v2\/comments?post=11772"}],"version-history":[{"count":1,"href":"https:\/\/nordnesrepublikken.no\/index.php\/wp-json\/wp\/v2\/posts\/11772\/revisions"}],"predecessor-version":[{"id":11774,"href":"https:\/\/nordnesrepublikken.no\/index.php\/wp-json\/wp\/v2\/posts\/11772\/revisions\/11774"}],"wp:featuredmedia":[{"embeddable":true,"href":"https:\/\/nordnesrepublikken.no\/index.php\/wp-json\/wp\/v2\/media\/11773"}],"wp:attachment":[{"href":"https:\/\/nordnesrepublikken.no\/index.php\/wp-json\/wp\/v2\/media?parent=11772"}],"wp:term":[{"taxonomy":"category","embeddable":true,"href":"https:\/\/nordnesrepublikken.no\/index.php\/wp-json\/wp\/v2\/categories?post=11772"},{"taxonomy":"post_tag","embeddable":true,"href":"https:\/\/nordnesrepublikken.no\/index.php\/wp-json\/wp\/v2\/tags?post=11772"}],"curies":[{"name":"wp","href":"https:\/\/api.w.org\/{rel}","templated":true}]}}