{"id":11769,"date":"2025-11-16T18:50:50","date_gmt":"2025-11-16T17:50:50","guid":{"rendered":"https:\/\/nordnesrepublikken.no\/index.php\/2025\/11\/16\/en-ny-studie-om-panikk-og-ro-forteller-oss-mer-om-hjernens-reaksjon-pa-frykt\/"},"modified":"2025-11-16T18:50:54","modified_gmt":"2025-11-16T17:50:54","slug":"en-ny-studie-om-panikk-og-ro-forteller-oss-mer-om-hjernens-reaksjon-pa-frykt","status":"publish","type":"post","link":"https:\/\/nordnesrepublikken.no\/index.php\/2025\/11\/16\/en-ny-studie-om-panikk-og-ro-forteller-oss-mer-om-hjernens-reaksjon-pa-frykt\/","title":{"rendered":"En ny studie om panikk og ro forteller oss mer om hjernens reaksjon p\u00e5 frykt"},"content":{"rendered":"<div>\n<div class=\"cp_wrapper cp_wrapper--fw mb-30 mb-20@tablet\">\n<figure class=\"mm\"><picture class=\"img\" style=\"padding-top:56.25%\"><source  media=\"(min-width: 1024px)\"><source  media=\"(min-width: 768px)\"><\/source><\/source><\/picture><\/figure>\n<\/p><\/div>\n<p>En ny studie publisert i <em>Molekyl\u00e6r psykiatri<\/em> kaste lys over en oppdagelse knyttet til en prosess kalt <strong>adaptiv defensiv l\u00e6ring<\/strong>en mekanisme som gj\u00f8r at vi ikke kan leve konstant p\u00e5 beredskap. N\u00e5r hjernen oppfatter en <strong>fare<\/strong>reagerer p\u00e5 noen f\u00e5 \u00f8yeblikk: han kan <strong>immobilisere<\/strong> (den klassiske frysingen), <strong>flykte<\/strong> eller <strong>angrep<\/strong>. Disse automatiske svarene er avgj\u00f8rende for <strong>overlevelse<\/strong>. Men hva skjer hvis faren aldri viser seg? Hva om, for eksempel, en truende skygge dukker opp flere ganger uten noen gang \u00e5 forvandle seg til et ekte rovdyr? I disse tilfellene vil det \u00e5 fortsette \u00e5 reagere som om trusselen var reell v\u00e6re en <strong>sl\u00f8sing med energi<\/strong> og ressurser. Hjernen m\u00e5 l\u00e6re \u00e5 skille &laquo;reell fare&raquo; fra bare tilsynelatende fare, og tilpasse responsen. Den nye studien kaster lys over &laquo;direkt\u00f8ren&raquo; for denne prosessen: et lite omr\u00e5de av hjernen kalt <strong>interpeduncular nucleus (IPN)<\/strong>lokalisert i midthjernen, en dyp og eldgammel region av hjernen. Denne strukturen, s\u00e5 langt lite kjent, spiller en sentral rolle i \u00e5 modulere <strong>frykt<\/strong> og ved \u00e5 bestemme n\u00e5r de skal slutte \u00e5 ha dem.<\/p>\n<h2>Hjernens strategier n\u00e5r de st\u00e5r overfor frykt<\/h2>\n<p>De <strong>defensive reaksjoner<\/strong> de er ikke alle like: de er avhengige av<strong>intensitet<\/strong> og fra <strong>forutsigbarhet<\/strong> av trusselen. N\u00e5r en fare dukker opp plutselig og ukontrollerbar, r\u00e5der instinktive reaksjoner som r\u00f8mming eller immobilisering. Hvis imidlertid hjernen erkjenner at trusselen er forutsigbar og faktisk ikke skadelig, kommer kretsl\u00f8p inn som fremmer ro og nysgjerrighet. DE&#8217;<strong>IPN<\/strong> er i sentrum av denne likevekten: hvis aktiviteten forblir h\u00f8y, opprettholder den den <strong>beredskapstilstand<\/strong> og blokkerer leting; hvis det avtar, lar det hjernen <strong>g\u00e5 fra frykt til evaluering<\/strong>fremme tilpasning. P\u00e5 denne m\u00e5ten forsvarer organismen seg ikke bare, men l\u00e6rer ogs\u00e5 \u00e5 h\u00e5ndtere f\u00f8lelser knyttet til frykt, og utvikler en form for <strong>motstandskraft<\/strong>.<\/p>\n<h2>Trene hjernen til ikke \u00e5 gjemme seg fra fare: den nye studien p\u00e5 mus<\/h2>\n<p>For \u00e5 forst\u00e5 hvordan denne tilpasningen skjer, utf\u00f8rte forskerne et eksperiment p\u00e5 <strong>mus<\/strong>simulerer en farlig situasjon. En ekspanderende m\u00f8rk skygge ble kastet ovenfra, en <strong>truende visuell stimulans<\/strong> som imiterer tiln\u00e6rmingen til et rovdyr. P\u00e5 <strong>f\u00f8rste eksponering<\/strong>reagerte musene <strong>blir immobilisert<\/strong> eller leter etter ly. Imidlertid <strong>etter tre dager<\/strong> p\u00e5f\u00f8lgende eksperimenter endret oppf\u00f8rselen deres: de forble skjult i kortere tid og dedikerte mer tid til<strong>utforskning<\/strong>. Det var bevis p\u00e5 en <strong>adaptiv l\u00e6ring<\/strong>: hjernen hadde \u00abforst\u00e5tt\u00bb at den trusselen ikke representerte en reell fare.<\/p>\n<div class=\"cp_wrapper cp_wrapper--fw mb-50\">\n<figure class=\"mm\"><picture class=\"img\" style=\"padding-top:71.400683260127%\"><source  media=\"(min-width: 1024px)\"><source  media=\"(min-width: 768px)\"><img decoding=\"async\" loading=\"lazy\" src=\"https:\/\/nordnesrepublikken.no\/wp-content\/uploads\/2025\/11\/1763315450_923_En-ny-studie-om-panikk-og-ro-forteller-oss-mer.jpg\" alt=\"panikk og ro\" width=\"2049\" height=\"1463\"\/><\/source><\/source><\/picture><\/figure>\n<\/p><\/div>\n<p>Ved \u00e5 analysere aktiviteten til<strong>IPN<\/strong> (allerede kjent for sitt engasjement i angst- og stressprosesser) via <strong>fiberfotometri<\/strong>en teknikk som lar oss observere nevronaktivitet i sanntid, oppdaget forskerne at en spesifikk populasjon av nevroner ble aktivert i de f\u00f8rste eksponeringene for rovdyrets skygge. Men ettersom dagene gikk, <strong>aktiviteten deres avtok parallelt med reduksjonen av fryktelig atferd<\/strong>. Da disse nevronene kom <strong>kunstig hemmet<\/strong>musene sluttet nesten helt \u00e5 gjemme seg; \u00e5 holde dem aktive forhindret dem i \u00e5 l\u00e6re at trusselen var ufarlig. IPN oppf\u00f8rer seg derfor som en <strong>fryktregulator<\/strong>i stand til \u00e5 forsterke eller dempe den defensive responsen og lede hjernen mot tilpasning<\/p>\n<h2>To kretser, to funksjoner<\/h2>\n<p>Forskere oppdaget da at IPN ikke handler alene, men gjennom <strong>to forskjellige kretser<\/strong>hver med en spesifikk oppgave. En del av nevronene til IPN kommuniserer med <strong>laterodorsal tegmental nucleus (LDTg)<\/strong>en annen hjerneregion som sender eksitatoriske signaler til hjerneomr\u00e5der som er involvert i nysgjerrighet, motivasjon og utforskning. IPN-LDTg-tilkoblingen bruker <strong>GABA<\/strong> som en nevrotransmitter og er derfor hemmende: ved \u00e5 redusere aktiviteten til LDTg, &laquo;setter IPN midlertidig i dvale&raquo; utforskende atferd n\u00e5r trusselen virker relevant.<\/p>\n<p>En annen populasjon av nevroner i IPN, de som uttrykker <strong>somatostatin (Sst)<\/strong>virker i stedet ansvarlig for unng\u00e5elsesatferd. Disse nevronene, i motsetning til de forrige, <strong>de passer ikke<\/strong>: De fortsetter \u00e5 aktiveres selv n\u00e5r trusselen ikke lenger er farlig. N\u00e5r forskere har dem &laquo;<strong>sl\u00e5tt av<\/strong>\u201d, viste musene mindre frykt og <strong>mer utforskning<\/strong>selv i nye situasjoner. Dette antyder at Sst-nevroner kan bidra til<strong>generalisert angst<\/strong>den f\u00f8lelsen av konstant fare som vedvarer selv i frav\u00e6r av reelle trusler.<\/p>\n<\/p><\/div>\n","protected":false},"excerpt":{"rendered":"<p>En ny studie publisert i Molekyl\u00e6r psykiatri kaste lys over en oppdagelse knyttet til en<\/p>\n","protected":false},"author":1,"featured_media":11770,"comment_status":"closed","ping_status":"open","sticky":false,"template":"","format":"standard","meta":{"footnotes":""},"categories":[24],"tags":[1417,484,7743,379,657,81,2055,7744,1681],"class_list":["post-11769","post","type-post","status-publish","format-standard","has-post-thumbnail","hentry","category-vitenskap","tag-forteller","tag-frykt","tag-hjernens","tag-mer","tag-oss","tag-pa","tag-panikk","tag-reaksjon","tag-studie","generate-columns","tablet-grid-50","mobile-grid-100","grid-parent","grid-33","resize-featured-image"],"yoast_head":"<!-- This site is optimized with the Yoast SEO plugin v24.4 - https:\/\/yoast.com\/wordpress\/plugins\/seo\/ -->\n<title>En ny studie om panikk og ro forteller oss mer om hjernens reaksjon p\u00e5 frykt - Nordnesrepublikken<\/title>\n<meta name=\"robots\" content=\"index, follow, max-snippet:-1, max-image-preview:large, max-video-preview:-1\" \/>\n<link rel=\"canonical\" href=\"https:\/\/nordnesrepublikken.no\/index.php\/2025\/11\/16\/en-ny-studie-om-panikk-og-ro-forteller-oss-mer-om-hjernens-reaksjon-pa-frykt\/\" \/>\n<meta property=\"og:locale\" content=\"nb_NO\" \/>\n<meta property=\"og:type\" content=\"article\" \/>\n<meta property=\"og:title\" content=\"En ny studie om panikk og ro forteller oss mer om hjernens reaksjon p\u00e5 frykt - Nordnesrepublikken\" \/>\n<meta property=\"og:description\" content=\"En ny studie publisert i Molekyl\u00e6r psykiatri kaste lys over en oppdagelse knyttet til en\" \/>\n<meta property=\"og:url\" content=\"https:\/\/nordnesrepublikken.no\/index.php\/2025\/11\/16\/en-ny-studie-om-panikk-og-ro-forteller-oss-mer-om-hjernens-reaksjon-pa-frykt\/\" \/>\n<meta property=\"og:site_name\" content=\"Nordnesrepublikken\" \/>\n<meta property=\"article:published_time\" content=\"2025-11-16T17:50:50+00:00\" \/>\n<meta property=\"article:modified_time\" content=\"2025-11-16T17:50:54+00:00\" \/>\n<meta property=\"og:image\" content=\"https:\/\/nordnesrepublikken.no\/wp-content\/uploads\/2025\/11\/1763315451_En-ny-studie-om-panikk-og-ro-forteller-oss-mer.jpg\" \/>\n\t<meta property=\"og:image:width\" content=\"2121\" \/>\n\t<meta property=\"og:image:height\" content=\"1414\" \/>\n\t<meta property=\"og:image:type\" content=\"image\/jpeg\" \/>\n<meta name=\"author\" content=\"Ole Andersen\" \/>\n<meta name=\"twitter:card\" content=\"summary_large_image\" \/>\n<meta name=\"twitter:label1\" content=\"Skrevet av\" \/>\n\t<meta name=\"twitter:data1\" content=\"Ole Andersen\" \/>\n\t<meta name=\"twitter:label2\" content=\"Ansl. lesetid\" \/>\n\t<meta name=\"twitter:data2\" content=\"3 minutter\" \/>\n<script type=\"application\/ld+json\" class=\"yoast-schema-graph\">{\"@context\":\"https:\/\/schema.org\",\"@graph\":[{\"@type\":\"Article\",\"@id\":\"https:\/\/nordnesrepublikken.no\/index.php\/2025\/11\/16\/en-ny-studie-om-panikk-og-ro-forteller-oss-mer-om-hjernens-reaksjon-pa-frykt\/#article\",\"isPartOf\":{\"@id\":\"https:\/\/nordnesrepublikken.no\/index.php\/2025\/11\/16\/en-ny-studie-om-panikk-og-ro-forteller-oss-mer-om-hjernens-reaksjon-pa-frykt\/\"},\"author\":{\"name\":\"Ole Andersen\",\"@id\":\"https:\/\/nordnesrepublikken.no\/#\/schema\/person\/2e7e81935bab77882fffb79296240ff1\"},\"headline\":\"En ny studie om panikk og ro forteller oss mer om hjernens reaksjon p\u00e5 frykt\",\"datePublished\":\"2025-11-16T17:50:50+00:00\",\"dateModified\":\"2025-11-16T17:50:54+00:00\",\"mainEntityOfPage\":{\"@id\":\"https:\/\/nordnesrepublikken.no\/index.php\/2025\/11\/16\/en-ny-studie-om-panikk-og-ro-forteller-oss-mer-om-hjernens-reaksjon-pa-frykt\/\"},\"wordCount\":674,\"publisher\":{\"@id\":\"https:\/\/nordnesrepublikken.no\/#organization\"},\"image\":{\"@id\":\"https:\/\/nordnesrepublikken.no\/index.php\/2025\/11\/16\/en-ny-studie-om-panikk-og-ro-forteller-oss-mer-om-hjernens-reaksjon-pa-frykt\/#primaryimage\"},\"thumbnailUrl\":\"https:\/\/nordnesrepublikken.no\/wp-content\/uploads\/2025\/11\/1763315451_En-ny-studie-om-panikk-og-ro-forteller-oss-mer.jpg\",\"keywords\":[\"forteller\",\"frykt\",\"hjernens\",\"mer\",\"oss\",\"p\u00e5\",\"panikk\",\"reaksjon\",\"studie\"],\"articleSection\":[\"Vitenskap\"],\"inLanguage\":\"nb-NO\"},{\"@type\":\"WebPage\",\"@id\":\"https:\/\/nordnesrepublikken.no\/index.php\/2025\/11\/16\/en-ny-studie-om-panikk-og-ro-forteller-oss-mer-om-hjernens-reaksjon-pa-frykt\/\",\"url\":\"https:\/\/nordnesrepublikken.no\/index.php\/2025\/11\/16\/en-ny-studie-om-panikk-og-ro-forteller-oss-mer-om-hjernens-reaksjon-pa-frykt\/\",\"name\":\"En ny studie om panikk og ro forteller oss mer om hjernens reaksjon p\u00e5 frykt - Nordnesrepublikken\",\"isPartOf\":{\"@id\":\"https:\/\/nordnesrepublikken.no\/#website\"},\"primaryImageOfPage\":{\"@id\":\"https:\/\/nordnesrepublikken.no\/index.php\/2025\/11\/16\/en-ny-studie-om-panikk-og-ro-forteller-oss-mer-om-hjernens-reaksjon-pa-frykt\/#primaryimage\"},\"image\":{\"@id\":\"https:\/\/nordnesrepublikken.no\/index.php\/2025\/11\/16\/en-ny-studie-om-panikk-og-ro-forteller-oss-mer-om-hjernens-reaksjon-pa-frykt\/#primaryimage\"},\"thumbnailUrl\":\"https:\/\/nordnesrepublikken.no\/wp-content\/uploads\/2025\/11\/1763315451_En-ny-studie-om-panikk-og-ro-forteller-oss-mer.jpg\",\"datePublished\":\"2025-11-16T17:50:50+00:00\",\"dateModified\":\"2025-11-16T17:50:54+00:00\",\"breadcrumb\":{\"@id\":\"https:\/\/nordnesrepublikken.no\/index.php\/2025\/11\/16\/en-ny-studie-om-panikk-og-ro-forteller-oss-mer-om-hjernens-reaksjon-pa-frykt\/#breadcrumb\"},\"inLanguage\":\"nb-NO\",\"potentialAction\":[{\"@type\":\"ReadAction\",\"target\":[\"https:\/\/nordnesrepublikken.no\/index.php\/2025\/11\/16\/en-ny-studie-om-panikk-og-ro-forteller-oss-mer-om-hjernens-reaksjon-pa-frykt\/\"]}]},{\"@type\":\"ImageObject\",\"inLanguage\":\"nb-NO\",\"@id\":\"https:\/\/nordnesrepublikken.no\/index.php\/2025\/11\/16\/en-ny-studie-om-panikk-og-ro-forteller-oss-mer-om-hjernens-reaksjon-pa-frykt\/#primaryimage\",\"url\":\"https:\/\/nordnesrepublikken.no\/wp-content\/uploads\/2025\/11\/1763315451_En-ny-studie-om-panikk-og-ro-forteller-oss-mer.jpg\",\"contentUrl\":\"https:\/\/nordnesrepublikken.no\/wp-content\/uploads\/2025\/11\/1763315451_En-ny-studie-om-panikk-og-ro-forteller-oss-mer.jpg\",\"width\":2121,\"height\":1414,\"caption\":\"En ny studie om panikk og ro forteller oss mer om hjernens reaksjon p\u00e5 frykt\"},{\"@type\":\"BreadcrumbList\",\"@id\":\"https:\/\/nordnesrepublikken.no\/index.php\/2025\/11\/16\/en-ny-studie-om-panikk-og-ro-forteller-oss-mer-om-hjernens-reaksjon-pa-frykt\/#breadcrumb\",\"itemListElement\":[{\"@type\":\"ListItem\",\"position\":1,\"name\":\"Home\",\"item\":\"https:\/\/nordnesrepublikken.no\/\"},{\"@type\":\"ListItem\",\"position\":2,\"name\":\"En ny studie om panikk og ro forteller oss mer om hjernens reaksjon p\u00e5 frykt\"}]},{\"@type\":\"WebSite\",\"@id\":\"https:\/\/nordnesrepublikken.no\/#website\",\"url\":\"https:\/\/nordnesrepublikken.no\/\",\"name\":\"Nordnesrepublikken\",\"description\":\"Stemmer og Visjoner fra Republikkens Hjerte\",\"publisher\":{\"@id\":\"https:\/\/nordnesrepublikken.no\/#organization\"},\"potentialAction\":[{\"@type\":\"SearchAction\",\"target\":{\"@type\":\"EntryPoint\",\"urlTemplate\":\"https:\/\/nordnesrepublikken.no\/?s={search_term_string}\"},\"query-input\":{\"@type\":\"PropertyValueSpecification\",\"valueRequired\":true,\"valueName\":\"search_term_string\"}}],\"inLanguage\":\"nb-NO\"},{\"@type\":\"Organization\",\"@id\":\"https:\/\/nordnesrepublikken.no\/#organization\",\"name\":\"Nordnesrepublikken\",\"url\":\"https:\/\/nordnesrepublikken.no\/\",\"logo\":{\"@type\":\"ImageObject\",\"inLanguage\":\"nb-NO\",\"@id\":\"https:\/\/nordnesrepublikken.no\/#\/schema\/logo\/image\/\",\"url\":\"https:\/\/nordnesrepublikken.no\/wp-content\/uploads\/2025\/02\/cropped-nordnesrepublikken-2.png\",\"contentUrl\":\"https:\/\/nordnesrepublikken.no\/wp-content\/uploads\/2025\/02\/cropped-nordnesrepublikken-2.png\",\"width\":1248,\"height\":362,\"caption\":\"Nordnesrepublikken\"},\"image\":{\"@id\":\"https:\/\/nordnesrepublikken.no\/#\/schema\/logo\/image\/\"}},{\"@type\":\"Person\",\"@id\":\"https:\/\/nordnesrepublikken.no\/#\/schema\/person\/2e7e81935bab77882fffb79296240ff1\",\"name\":\"Ole Andersen\",\"image\":{\"@type\":\"ImageObject\",\"inLanguage\":\"nb-NO\",\"@id\":\"https:\/\/nordnesrepublikken.no\/#\/schema\/person\/image\/\",\"url\":\"https:\/\/nordnesrepublikken.no\/wp-content\/uploads\/2025\/02\/nordnesrepublikken-2-2-150x150.jpg\",\"contentUrl\":\"https:\/\/nordnesrepublikken.no\/wp-content\/uploads\/2025\/02\/nordnesrepublikken-2-2-150x150.jpg\",\"caption\":\"Ole Andersen\"},\"description\":\"Ettersom jeg vokste opp i Oslo, har jeg alltid v\u00e6rt fascinert av ordenes kraft og deres evne til \u00e5 skape endringer. Etter \u00e5 ha fullf\u00f8rt min utdannelse i kommunikasjon ved Universitetet i Bergen, fikk jeg muligheten til \u00e5 jobbe innen ulike medier, der jeg har s\u00f8kt \u00e5 belyse viktige samfunnssp\u00f8rsm\u00e5l. I dag, som redakt\u00f8r for Nordnesrepublikken, pr\u00f8ver jeg \u00e5 forene min kj\u00e6rlighet for journalistikk med min lidenskap for innovasjon og eventyr.\",\"sameAs\":[\"https:\/\/nordnesrepublikken.no\/\"]}]}<\/script>\n<!-- \/ Yoast SEO plugin. -->","yoast_head_json":{"title":"En ny studie om panikk og ro forteller oss mer om hjernens reaksjon p\u00e5 frykt - Nordnesrepublikken","robots":{"index":"index","follow":"follow","max-snippet":"max-snippet:-1","max-image-preview":"max-image-preview:large","max-video-preview":"max-video-preview:-1"},"canonical":"https:\/\/nordnesrepublikken.no\/index.php\/2025\/11\/16\/en-ny-studie-om-panikk-og-ro-forteller-oss-mer-om-hjernens-reaksjon-pa-frykt\/","og_locale":"nb_NO","og_type":"article","og_title":"En ny studie om panikk og ro forteller oss mer om hjernens reaksjon p\u00e5 frykt - Nordnesrepublikken","og_description":"En ny studie publisert i Molekyl\u00e6r psykiatri kaste lys over en oppdagelse knyttet til en","og_url":"https:\/\/nordnesrepublikken.no\/index.php\/2025\/11\/16\/en-ny-studie-om-panikk-og-ro-forteller-oss-mer-om-hjernens-reaksjon-pa-frykt\/","og_site_name":"Nordnesrepublikken","article_published_time":"2025-11-16T17:50:50+00:00","article_modified_time":"2025-11-16T17:50:54+00:00","og_image":[{"width":2121,"height":1414,"url":"https:\/\/nordnesrepublikken.no\/wp-content\/uploads\/2025\/11\/1763315451_En-ny-studie-om-panikk-og-ro-forteller-oss-mer.jpg","type":"image\/jpeg"}],"author":"Ole Andersen","twitter_card":"summary_large_image","twitter_misc":{"Skrevet av":"Ole Andersen","Ansl. lesetid":"3 minutter"},"schema":{"@context":"https:\/\/schema.org","@graph":[{"@type":"Article","@id":"https:\/\/nordnesrepublikken.no\/index.php\/2025\/11\/16\/en-ny-studie-om-panikk-og-ro-forteller-oss-mer-om-hjernens-reaksjon-pa-frykt\/#article","isPartOf":{"@id":"https:\/\/nordnesrepublikken.no\/index.php\/2025\/11\/16\/en-ny-studie-om-panikk-og-ro-forteller-oss-mer-om-hjernens-reaksjon-pa-frykt\/"},"author":{"name":"Ole Andersen","@id":"https:\/\/nordnesrepublikken.no\/#\/schema\/person\/2e7e81935bab77882fffb79296240ff1"},"headline":"En ny studie om panikk og ro forteller oss mer om hjernens reaksjon p\u00e5 frykt","datePublished":"2025-11-16T17:50:50+00:00","dateModified":"2025-11-16T17:50:54+00:00","mainEntityOfPage":{"@id":"https:\/\/nordnesrepublikken.no\/index.php\/2025\/11\/16\/en-ny-studie-om-panikk-og-ro-forteller-oss-mer-om-hjernens-reaksjon-pa-frykt\/"},"wordCount":674,"publisher":{"@id":"https:\/\/nordnesrepublikken.no\/#organization"},"image":{"@id":"https:\/\/nordnesrepublikken.no\/index.php\/2025\/11\/16\/en-ny-studie-om-panikk-og-ro-forteller-oss-mer-om-hjernens-reaksjon-pa-frykt\/#primaryimage"},"thumbnailUrl":"https:\/\/nordnesrepublikken.no\/wp-content\/uploads\/2025\/11\/1763315451_En-ny-studie-om-panikk-og-ro-forteller-oss-mer.jpg","keywords":["forteller","frykt","hjernens","mer","oss","p\u00e5","panikk","reaksjon","studie"],"articleSection":["Vitenskap"],"inLanguage":"nb-NO"},{"@type":"WebPage","@id":"https:\/\/nordnesrepublikken.no\/index.php\/2025\/11\/16\/en-ny-studie-om-panikk-og-ro-forteller-oss-mer-om-hjernens-reaksjon-pa-frykt\/","url":"https:\/\/nordnesrepublikken.no\/index.php\/2025\/11\/16\/en-ny-studie-om-panikk-og-ro-forteller-oss-mer-om-hjernens-reaksjon-pa-frykt\/","name":"En ny studie om panikk og ro forteller oss mer om hjernens reaksjon p\u00e5 frykt - Nordnesrepublikken","isPartOf":{"@id":"https:\/\/nordnesrepublikken.no\/#website"},"primaryImageOfPage":{"@id":"https:\/\/nordnesrepublikken.no\/index.php\/2025\/11\/16\/en-ny-studie-om-panikk-og-ro-forteller-oss-mer-om-hjernens-reaksjon-pa-frykt\/#primaryimage"},"image":{"@id":"https:\/\/nordnesrepublikken.no\/index.php\/2025\/11\/16\/en-ny-studie-om-panikk-og-ro-forteller-oss-mer-om-hjernens-reaksjon-pa-frykt\/#primaryimage"},"thumbnailUrl":"https:\/\/nordnesrepublikken.no\/wp-content\/uploads\/2025\/11\/1763315451_En-ny-studie-om-panikk-og-ro-forteller-oss-mer.jpg","datePublished":"2025-11-16T17:50:50+00:00","dateModified":"2025-11-16T17:50:54+00:00","breadcrumb":{"@id":"https:\/\/nordnesrepublikken.no\/index.php\/2025\/11\/16\/en-ny-studie-om-panikk-og-ro-forteller-oss-mer-om-hjernens-reaksjon-pa-frykt\/#breadcrumb"},"inLanguage":"nb-NO","potentialAction":[{"@type":"ReadAction","target":["https:\/\/nordnesrepublikken.no\/index.php\/2025\/11\/16\/en-ny-studie-om-panikk-og-ro-forteller-oss-mer-om-hjernens-reaksjon-pa-frykt\/"]}]},{"@type":"ImageObject","inLanguage":"nb-NO","@id":"https:\/\/nordnesrepublikken.no\/index.php\/2025\/11\/16\/en-ny-studie-om-panikk-og-ro-forteller-oss-mer-om-hjernens-reaksjon-pa-frykt\/#primaryimage","url":"https:\/\/nordnesrepublikken.no\/wp-content\/uploads\/2025\/11\/1763315451_En-ny-studie-om-panikk-og-ro-forteller-oss-mer.jpg","contentUrl":"https:\/\/nordnesrepublikken.no\/wp-content\/uploads\/2025\/11\/1763315451_En-ny-studie-om-panikk-og-ro-forteller-oss-mer.jpg","width":2121,"height":1414,"caption":"En ny studie om panikk og ro forteller oss mer om hjernens reaksjon p\u00e5 frykt"},{"@type":"BreadcrumbList","@id":"https:\/\/nordnesrepublikken.no\/index.php\/2025\/11\/16\/en-ny-studie-om-panikk-og-ro-forteller-oss-mer-om-hjernens-reaksjon-pa-frykt\/#breadcrumb","itemListElement":[{"@type":"ListItem","position":1,"name":"Home","item":"https:\/\/nordnesrepublikken.no\/"},{"@type":"ListItem","position":2,"name":"En ny studie om panikk og ro forteller oss mer om hjernens reaksjon p\u00e5 frykt"}]},{"@type":"WebSite","@id":"https:\/\/nordnesrepublikken.no\/#website","url":"https:\/\/nordnesrepublikken.no\/","name":"Nordnesrepublikken","description":"Stemmer og Visjoner fra Republikkens Hjerte","publisher":{"@id":"https:\/\/nordnesrepublikken.no\/#organization"},"potentialAction":[{"@type":"SearchAction","target":{"@type":"EntryPoint","urlTemplate":"https:\/\/nordnesrepublikken.no\/?s={search_term_string}"},"query-input":{"@type":"PropertyValueSpecification","valueRequired":true,"valueName":"search_term_string"}}],"inLanguage":"nb-NO"},{"@type":"Organization","@id":"https:\/\/nordnesrepublikken.no\/#organization","name":"Nordnesrepublikken","url":"https:\/\/nordnesrepublikken.no\/","logo":{"@type":"ImageObject","inLanguage":"nb-NO","@id":"https:\/\/nordnesrepublikken.no\/#\/schema\/logo\/image\/","url":"https:\/\/nordnesrepublikken.no\/wp-content\/uploads\/2025\/02\/cropped-nordnesrepublikken-2.png","contentUrl":"https:\/\/nordnesrepublikken.no\/wp-content\/uploads\/2025\/02\/cropped-nordnesrepublikken-2.png","width":1248,"height":362,"caption":"Nordnesrepublikken"},"image":{"@id":"https:\/\/nordnesrepublikken.no\/#\/schema\/logo\/image\/"}},{"@type":"Person","@id":"https:\/\/nordnesrepublikken.no\/#\/schema\/person\/2e7e81935bab77882fffb79296240ff1","name":"Ole Andersen","image":{"@type":"ImageObject","inLanguage":"nb-NO","@id":"https:\/\/nordnesrepublikken.no\/#\/schema\/person\/image\/","url":"https:\/\/nordnesrepublikken.no\/wp-content\/uploads\/2025\/02\/nordnesrepublikken-2-2-150x150.jpg","contentUrl":"https:\/\/nordnesrepublikken.no\/wp-content\/uploads\/2025\/02\/nordnesrepublikken-2-2-150x150.jpg","caption":"Ole Andersen"},"description":"Ettersom jeg vokste opp i Oslo, har jeg alltid v\u00e6rt fascinert av ordenes kraft og deres evne til \u00e5 skape endringer. Etter \u00e5 ha fullf\u00f8rt min utdannelse i kommunikasjon ved Universitetet i Bergen, fikk jeg muligheten til \u00e5 jobbe innen ulike medier, der jeg har s\u00f8kt \u00e5 belyse viktige samfunnssp\u00f8rsm\u00e5l. I dag, som redakt\u00f8r for Nordnesrepublikken, pr\u00f8ver jeg \u00e5 forene min kj\u00e6rlighet for journalistikk med min lidenskap for innovasjon og eventyr.","sameAs":["https:\/\/nordnesrepublikken.no\/"]}]}},"_links":{"self":[{"href":"https:\/\/nordnesrepublikken.no\/index.php\/wp-json\/wp\/v2\/posts\/11769","targetHints":{"allow":["GET"]}}],"collection":[{"href":"https:\/\/nordnesrepublikken.no\/index.php\/wp-json\/wp\/v2\/posts"}],"about":[{"href":"https:\/\/nordnesrepublikken.no\/index.php\/wp-json\/wp\/v2\/types\/post"}],"author":[{"embeddable":true,"href":"https:\/\/nordnesrepublikken.no\/index.php\/wp-json\/wp\/v2\/users\/1"}],"replies":[{"embeddable":true,"href":"https:\/\/nordnesrepublikken.no\/index.php\/wp-json\/wp\/v2\/comments?post=11769"}],"version-history":[{"count":1,"href":"https:\/\/nordnesrepublikken.no\/index.php\/wp-json\/wp\/v2\/posts\/11769\/revisions"}],"predecessor-version":[{"id":11771,"href":"https:\/\/nordnesrepublikken.no\/index.php\/wp-json\/wp\/v2\/posts\/11769\/revisions\/11771"}],"wp:featuredmedia":[{"embeddable":true,"href":"https:\/\/nordnesrepublikken.no\/index.php\/wp-json\/wp\/v2\/media\/11770"}],"wp:attachment":[{"href":"https:\/\/nordnesrepublikken.no\/index.php\/wp-json\/wp\/v2\/media?parent=11769"}],"wp:term":[{"taxonomy":"category","embeddable":true,"href":"https:\/\/nordnesrepublikken.no\/index.php\/wp-json\/wp\/v2\/categories?post=11769"},{"taxonomy":"post_tag","embeddable":true,"href":"https:\/\/nordnesrepublikken.no\/index.php\/wp-json\/wp\/v2\/tags?post=11769"}],"curies":[{"name":"wp","href":"https:\/\/api.w.org\/{rel}","templated":true}]}}