{"id":11763,"date":"2025-11-16T15:57:28","date_gmt":"2025-11-16T14:57:28","guid":{"rendered":"https:\/\/nordnesrepublikken.no\/index.php\/2025\/11\/16\/italia-er-pa-forsteplass-med-61-arv\/"},"modified":"2025-11-16T15:57:40","modified_gmt":"2025-11-16T14:57:40","slug":"italia-er-pa-forsteplass-med-61-arv","status":"publish","type":"post","link":"https:\/\/nordnesrepublikken.no\/index.php\/2025\/11\/16\/italia-er-pa-forsteplass-med-61-arv\/","title":{"rendered":"Italia er p\u00e5 f\u00f8rsteplass med 61 arv"},"content":{"rendered":"<div>\n<div class=\"cp_wrapper cp_wrapper--fw mb-30 mb-20@tablet\">\n<figure class=\"mm\"><picture class=\"img\" style=\"padding-top:56.25%\"><source  media=\"(min-width: 1024px)\"><source  media=\"(min-width: 768px)\"><\/source><\/source><\/picture><\/figure>\n<\/p><\/div>\n<p>I dag, <strong>16. november 2025, <\/strong>forekommer l<strong>80-\u00e5rsjubileum<\/strong> siden f\u00f8dselen av<strong>UNESCO<\/strong>FNs organisasjon for utdanning, vitenskap og kultur som blant annet ogs\u00e5 tar for seg \u00e5 navngi \u00ab<strong>Verdensarvsteder<\/strong>\u201d, dvs. steder av eksepsjonell betydning fra et kulturelt eller naturalistisk synspunkt som fortjener \u00e5 bli beskyttet.<\/p>\n<p>Til dags dato har jeg <strong>UNESCOs kulturarvsteder<\/strong> i verden er de totalt <strong>1.248<\/strong>fordelt mellom <strong>170<\/strong> <strong>Landsbyer<\/strong>: av disse er 972 kulturelle, mens 235 er landskap. Her er et kart over den globale utbredelsen.<\/p>\n<p><iframe title=\"La distribuzione dei siti UNESCO nel mondo\" aria-label=\"Choropleth map\" id=\"datawrapper-chart-bgPAi\" scrolling=\"no\" frameborder=\"0\" style=\"border: none;\" width=\"100%\" height=\"367\" data-external=\"1\" data-type=\"generic-iframe\" data-src=\"https:\/\/datawrapper.dwcdn.net\/bgPAi\/1\/\" class=\"js-parse-embed\"><\/iframe><\/p>\n<p>Men hvilke land har flest UNESCO-steder globalt? Ogs\u00e5 for 2025<strong>Italia<\/strong> er bekreftet kl <strong>f\u00f8rste plass<\/strong>med totalt <strong>61 nettsteder<\/strong>: for bare noen dager siden <strong>italiensk mat<\/strong> er tatt med p\u00e5 listen over potensiell immateriell kulturarv. La oss se rangeringen av de 10 beste statene etter antall UNESCO-steder og hvordan du mottar nominasjonen.<\/p>\n<h2>Hvilke land har flest UNESCO-steder: rangeringen<\/h2>\n<p>Som det ogs\u00e5 kan sees i grafen nedenfor, er landet v\u00e5rt f\u00f8rst i verden for antall UNESCO-steder, som steg til 61 i juli i fjor etter &laquo;<strong>domus de janas<\/strong>&laquo;Sardiner er inkludert p\u00e5 listen. Umiddelbart etter oss ligger Kina, som med sine 9 597 000 km\u00b2 utvidelse n\u00e5r 60 UNESCOs kulturarvsteder, blant annet <strong>Den kinesiske mur<\/strong>.<\/p>\n<p>Tredjeplass til Tyskland, som i sommer n\u00e5dde 55 med utnevnelsen av <strong>Neuschwanstein slott<\/strong>og fjerde for <strong>Frankrike<\/strong> med 54 nettsteder, som <strong>Slottet i Versailles<\/strong>.<\/p>\n<p>I midten av bordet er plassert <strong>Spania<\/strong> med <strong>50<\/strong> UNESCOs kulturarvsteder, etterfulgt av<strong>India<\/strong> med <strong>43<\/strong> nettsteder som <strong>Taj Mahal<\/strong>og fra <strong>Mexico<\/strong> som har oppn\u00e5dd anerkjennelse av 35 steder, hvorav det mest kjente absolutt er det arkeologiske stedet for <strong>Chichen Itza.<\/strong><\/p>\n<p>Rangeringen avsluttes med <strong>Storbritannia<\/strong>alltid med <strong>35 nettsteder<\/strong>den <strong>Russland<\/strong>med <strong>32<\/strong>og<strong>Iran<\/strong>det eneste landet i <strong>Midt\u00f8sten<\/strong>med 2<strong>7 eiendeler<\/strong>.<\/p>\n<p><iframe title=\"La classifica dei primi 10 Paesi per numero di siti UNESCO\" aria-label=\"Grafico a barre\" id=\"datawrapper-chart-841lp\" scrolling=\"no\" frameborder=\"0\" style=\"border: none;\" width=\"100%\" height=\"405\" data-external=\"1\" data-type=\"generic-iframe\" data-src=\"https:\/\/datawrapper.dwcdn.net\/841lp\/3\/\" class=\"js-parse-embed\"><\/iframe><\/p>\n<h2>Hvordan blir et sted et verdensarvsted<\/h2>\n<p>Men derfor, hvordan eksisterer et sted <strong>k\u00e5ret til verdensarvsted av UNESCO<\/strong>? F\u00f8rst av alt er det viktig at de anmodende statene har signert <em>Verdensarvkonvensjonen, <\/em>som i dag 194 nasjoner er en del av. P\u00e5 dette tidspunktet er prosessen \u2013 som kan vare flere \u00e5r \u2013 delt inn i 4 faser:<\/p>\n<ul>\n<li><strong>Den forel\u00f8pige listen, <\/strong>der staten utarbeider en liste over stedene den har til hensikt \u00e5 nominere som et UNESCO-arvsted, og spesifiserer kategorien de tilh\u00f8rer (kulturell, naturlig eller blandet).<\/li>\n<li><strong>Nominasjonen, <\/strong>hvor staten m\u00e5 samle inn all informasjon som kreves av <em>Verdensarvsenter<\/em>et uavhengig UNESCO-organ som st\u00f8tter i utarbeidelsen av s\u00f8knader.<\/li>\n<li><strong>Den r\u00e5dgivende komit\u00e9s vurdering: <\/strong>etter \u00e5 ha n\u00e5dd dette stadiet, blir omr\u00e5dene unders\u00f8kt av 3 mellomstatlige komiteer som best\u00e5r av eksperter utenfor UNESCO, som gir en forel\u00f8pig uttalelse om kvaliteten p\u00e5 omr\u00e5det, dets bevaringstilstand, fordelene ved \u00e5 inkluderes i UNESCO-listen og eventuelle mangler.<\/li>\n<li><strong>Avgj\u00f8relsen av <em>Verdensarvkomiteen, <\/em><\/strong>en komit\u00e9 best\u00e5ende av 21 medlemmer valgt blant statene som slutter seg til konvensjonen, med et fire\u00e5rig mandat. Etter \u00e5 ha unders\u00f8kt evalueringene tar komiteen den endelige avgj\u00f8relsen: i tilfelle en negativ uttalelse sendes foresp\u00f8rselen tilbake for ytterligere avklaringer eller forbedringer; hvis godkjent, gis det retningslinjer for forvaltning og bevaring av omr\u00e5det og bistand etableres, som inkluderer b\u00e5de finansiering og teknisk st\u00f8tte fra eksperter i verdensklasse.<\/li>\n<\/ul><\/div>\n","protected":false},"excerpt":{"rendered":"<p>I dag, 16. november 2025, forekommer l80-\u00e5rsjubileum siden f\u00f8dselen avUNESCOFNs organisasjon for utdanning, vitenskap og<\/p>\n","protected":false},"author":1,"featured_media":11764,"comment_status":"closed","ping_status":"open","sticky":false,"template":"","format":"standard","meta":{"footnotes":""},"categories":[104],"tags":[7740,7739,437,79,81],"class_list":["post-11763","post","type-post","status-publish","format-standard","has-post-thumbnail","hentry","category-samfunn","tag-arv","tag-forsteplass","tag-italia","tag-med","tag-pa","generate-columns","tablet-grid-50","mobile-grid-100","grid-parent","grid-33","resize-featured-image"],"yoast_head":"<!-- This site is optimized with the Yoast SEO plugin v24.4 - https:\/\/yoast.com\/wordpress\/plugins\/seo\/ -->\n<title>Italia er p\u00e5 f\u00f8rsteplass med 61 arv - Nordnesrepublikken<\/title>\n<meta name=\"robots\" content=\"index, follow, max-snippet:-1, max-image-preview:large, max-video-preview:-1\" \/>\n<link rel=\"canonical\" href=\"https:\/\/nordnesrepublikken.no\/index.php\/2025\/11\/16\/italia-er-pa-forsteplass-med-61-arv\/\" \/>\n<meta property=\"og:locale\" content=\"nb_NO\" \/>\n<meta property=\"og:type\" content=\"article\" \/>\n<meta property=\"og:title\" content=\"Italia er p\u00e5 f\u00f8rsteplass med 61 arv - Nordnesrepublikken\" \/>\n<meta property=\"og:description\" content=\"I dag, 16. november 2025, forekommer l80-\u00e5rsjubileum siden f\u00f8dselen avUNESCOFNs organisasjon for utdanning, vitenskap og\" \/>\n<meta property=\"og:url\" content=\"https:\/\/nordnesrepublikken.no\/index.php\/2025\/11\/16\/italia-er-pa-forsteplass-med-61-arv\/\" \/>\n<meta property=\"og:site_name\" content=\"Nordnesrepublikken\" \/>\n<meta property=\"article:published_time\" content=\"2025-11-16T14:57:28+00:00\" \/>\n<meta property=\"article:modified_time\" content=\"2025-11-16T14:57:40+00:00\" \/>\n<meta property=\"og:image\" content=\"https:\/\/nordnesrepublikken.no\/wp-content\/uploads\/2025\/11\/1763305048_Italia-er-pa-forsteplass-med-61-arv-scaled.jpg\" \/>\n\t<meta property=\"og:image:width\" content=\"2560\" \/>\n\t<meta property=\"og:image:height\" content=\"1682\" \/>\n\t<meta property=\"og:image:type\" content=\"image\/jpeg\" \/>\n<meta name=\"author\" content=\"Ole Andersen\" \/>\n<meta name=\"twitter:card\" content=\"summary_large_image\" \/>\n<meta name=\"twitter:label1\" content=\"Skrevet av\" \/>\n\t<meta name=\"twitter:data1\" content=\"Ole Andersen\" \/>\n\t<meta name=\"twitter:label2\" content=\"Ansl. lesetid\" \/>\n\t<meta name=\"twitter:data2\" content=\"2 minutter\" \/>\n<script type=\"application\/ld+json\" class=\"yoast-schema-graph\">{\"@context\":\"https:\/\/schema.org\",\"@graph\":[{\"@type\":\"Article\",\"@id\":\"https:\/\/nordnesrepublikken.no\/index.php\/2025\/11\/16\/italia-er-pa-forsteplass-med-61-arv\/#article\",\"isPartOf\":{\"@id\":\"https:\/\/nordnesrepublikken.no\/index.php\/2025\/11\/16\/italia-er-pa-forsteplass-med-61-arv\/\"},\"author\":{\"name\":\"Ole Andersen\",\"@id\":\"https:\/\/nordnesrepublikken.no\/#\/schema\/person\/2e7e81935bab77882fffb79296240ff1\"},\"headline\":\"Italia er p\u00e5 f\u00f8rsteplass med 61 arv\",\"datePublished\":\"2025-11-16T14:57:28+00:00\",\"dateModified\":\"2025-11-16T14:57:40+00:00\",\"mainEntityOfPage\":{\"@id\":\"https:\/\/nordnesrepublikken.no\/index.php\/2025\/11\/16\/italia-er-pa-forsteplass-med-61-arv\/\"},\"wordCount\":491,\"publisher\":{\"@id\":\"https:\/\/nordnesrepublikken.no\/#organization\"},\"image\":{\"@id\":\"https:\/\/nordnesrepublikken.no\/index.php\/2025\/11\/16\/italia-er-pa-forsteplass-med-61-arv\/#primaryimage\"},\"thumbnailUrl\":\"https:\/\/nordnesrepublikken.no\/wp-content\/uploads\/2025\/11\/1763305048_Italia-er-pa-forsteplass-med-61-arv-scaled.jpg\",\"keywords\":[\"arv\",\"f\u00f8rsteplass\",\"Italia\",\"med\",\"p\u00e5\"],\"articleSection\":[\"Samfunn\"],\"inLanguage\":\"nb-NO\"},{\"@type\":\"WebPage\",\"@id\":\"https:\/\/nordnesrepublikken.no\/index.php\/2025\/11\/16\/italia-er-pa-forsteplass-med-61-arv\/\",\"url\":\"https:\/\/nordnesrepublikken.no\/index.php\/2025\/11\/16\/italia-er-pa-forsteplass-med-61-arv\/\",\"name\":\"Italia er p\u00e5 f\u00f8rsteplass med 61 arv - Nordnesrepublikken\",\"isPartOf\":{\"@id\":\"https:\/\/nordnesrepublikken.no\/#website\"},\"primaryImageOfPage\":{\"@id\":\"https:\/\/nordnesrepublikken.no\/index.php\/2025\/11\/16\/italia-er-pa-forsteplass-med-61-arv\/#primaryimage\"},\"image\":{\"@id\":\"https:\/\/nordnesrepublikken.no\/index.php\/2025\/11\/16\/italia-er-pa-forsteplass-med-61-arv\/#primaryimage\"},\"thumbnailUrl\":\"https:\/\/nordnesrepublikken.no\/wp-content\/uploads\/2025\/11\/1763305048_Italia-er-pa-forsteplass-med-61-arv-scaled.jpg\",\"datePublished\":\"2025-11-16T14:57:28+00:00\",\"dateModified\":\"2025-11-16T14:57:40+00:00\",\"breadcrumb\":{\"@id\":\"https:\/\/nordnesrepublikken.no\/index.php\/2025\/11\/16\/italia-er-pa-forsteplass-med-61-arv\/#breadcrumb\"},\"inLanguage\":\"nb-NO\",\"potentialAction\":[{\"@type\":\"ReadAction\",\"target\":[\"https:\/\/nordnesrepublikken.no\/index.php\/2025\/11\/16\/italia-er-pa-forsteplass-med-61-arv\/\"]}]},{\"@type\":\"ImageObject\",\"inLanguage\":\"nb-NO\",\"@id\":\"https:\/\/nordnesrepublikken.no\/index.php\/2025\/11\/16\/italia-er-pa-forsteplass-med-61-arv\/#primaryimage\",\"url\":\"https:\/\/nordnesrepublikken.no\/wp-content\/uploads\/2025\/11\/1763305048_Italia-er-pa-forsteplass-med-61-arv-scaled.jpg\",\"contentUrl\":\"https:\/\/nordnesrepublikken.no\/wp-content\/uploads\/2025\/11\/1763305048_Italia-er-pa-forsteplass-med-61-arv-scaled.jpg\",\"width\":2560,\"height\":1682,\"caption\":\"Italia er p\u00e5 f\u00f8rsteplass med 61 arv\"},{\"@type\":\"BreadcrumbList\",\"@id\":\"https:\/\/nordnesrepublikken.no\/index.php\/2025\/11\/16\/italia-er-pa-forsteplass-med-61-arv\/#breadcrumb\",\"itemListElement\":[{\"@type\":\"ListItem\",\"position\":1,\"name\":\"Home\",\"item\":\"https:\/\/nordnesrepublikken.no\/\"},{\"@type\":\"ListItem\",\"position\":2,\"name\":\"Italia er p\u00e5 f\u00f8rsteplass med 61 arv\"}]},{\"@type\":\"WebSite\",\"@id\":\"https:\/\/nordnesrepublikken.no\/#website\",\"url\":\"https:\/\/nordnesrepublikken.no\/\",\"name\":\"Nordnesrepublikken\",\"description\":\"Stemmer og Visjoner fra Republikkens Hjerte\",\"publisher\":{\"@id\":\"https:\/\/nordnesrepublikken.no\/#organization\"},\"potentialAction\":[{\"@type\":\"SearchAction\",\"target\":{\"@type\":\"EntryPoint\",\"urlTemplate\":\"https:\/\/nordnesrepublikken.no\/?s={search_term_string}\"},\"query-input\":{\"@type\":\"PropertyValueSpecification\",\"valueRequired\":true,\"valueName\":\"search_term_string\"}}],\"inLanguage\":\"nb-NO\"},{\"@type\":\"Organization\",\"@id\":\"https:\/\/nordnesrepublikken.no\/#organization\",\"name\":\"Nordnesrepublikken\",\"url\":\"https:\/\/nordnesrepublikken.no\/\",\"logo\":{\"@type\":\"ImageObject\",\"inLanguage\":\"nb-NO\",\"@id\":\"https:\/\/nordnesrepublikken.no\/#\/schema\/logo\/image\/\",\"url\":\"https:\/\/nordnesrepublikken.no\/wp-content\/uploads\/2025\/02\/cropped-nordnesrepublikken-2.png\",\"contentUrl\":\"https:\/\/nordnesrepublikken.no\/wp-content\/uploads\/2025\/02\/cropped-nordnesrepublikken-2.png\",\"width\":1248,\"height\":362,\"caption\":\"Nordnesrepublikken\"},\"image\":{\"@id\":\"https:\/\/nordnesrepublikken.no\/#\/schema\/logo\/image\/\"}},{\"@type\":\"Person\",\"@id\":\"https:\/\/nordnesrepublikken.no\/#\/schema\/person\/2e7e81935bab77882fffb79296240ff1\",\"name\":\"Ole Andersen\",\"image\":{\"@type\":\"ImageObject\",\"inLanguage\":\"nb-NO\",\"@id\":\"https:\/\/nordnesrepublikken.no\/#\/schema\/person\/image\/\",\"url\":\"https:\/\/nordnesrepublikken.no\/wp-content\/uploads\/2025\/02\/nordnesrepublikken-2-2-150x150.jpg\",\"contentUrl\":\"https:\/\/nordnesrepublikken.no\/wp-content\/uploads\/2025\/02\/nordnesrepublikken-2-2-150x150.jpg\",\"caption\":\"Ole Andersen\"},\"description\":\"Ettersom jeg vokste opp i Oslo, har jeg alltid v\u00e6rt fascinert av ordenes kraft og deres evne til \u00e5 skape endringer. Etter \u00e5 ha fullf\u00f8rt min utdannelse i kommunikasjon ved Universitetet i Bergen, fikk jeg muligheten til \u00e5 jobbe innen ulike medier, der jeg har s\u00f8kt \u00e5 belyse viktige samfunnssp\u00f8rsm\u00e5l. I dag, som redakt\u00f8r for Nordnesrepublikken, pr\u00f8ver jeg \u00e5 forene min kj\u00e6rlighet for journalistikk med min lidenskap for innovasjon og eventyr.\",\"sameAs\":[\"https:\/\/nordnesrepublikken.no\/\"]}]}<\/script>\n<!-- \/ Yoast SEO plugin. -->","yoast_head_json":{"title":"Italia er p\u00e5 f\u00f8rsteplass med 61 arv - Nordnesrepublikken","robots":{"index":"index","follow":"follow","max-snippet":"max-snippet:-1","max-image-preview":"max-image-preview:large","max-video-preview":"max-video-preview:-1"},"canonical":"https:\/\/nordnesrepublikken.no\/index.php\/2025\/11\/16\/italia-er-pa-forsteplass-med-61-arv\/","og_locale":"nb_NO","og_type":"article","og_title":"Italia er p\u00e5 f\u00f8rsteplass med 61 arv - Nordnesrepublikken","og_description":"I dag, 16. november 2025, forekommer l80-\u00e5rsjubileum siden f\u00f8dselen avUNESCOFNs organisasjon for utdanning, vitenskap og","og_url":"https:\/\/nordnesrepublikken.no\/index.php\/2025\/11\/16\/italia-er-pa-forsteplass-med-61-arv\/","og_site_name":"Nordnesrepublikken","article_published_time":"2025-11-16T14:57:28+00:00","article_modified_time":"2025-11-16T14:57:40+00:00","og_image":[{"width":2560,"height":1682,"url":"https:\/\/nordnesrepublikken.no\/wp-content\/uploads\/2025\/11\/1763305048_Italia-er-pa-forsteplass-med-61-arv-scaled.jpg","type":"image\/jpeg"}],"author":"Ole Andersen","twitter_card":"summary_large_image","twitter_misc":{"Skrevet av":"Ole Andersen","Ansl. lesetid":"2 minutter"},"schema":{"@context":"https:\/\/schema.org","@graph":[{"@type":"Article","@id":"https:\/\/nordnesrepublikken.no\/index.php\/2025\/11\/16\/italia-er-pa-forsteplass-med-61-arv\/#article","isPartOf":{"@id":"https:\/\/nordnesrepublikken.no\/index.php\/2025\/11\/16\/italia-er-pa-forsteplass-med-61-arv\/"},"author":{"name":"Ole Andersen","@id":"https:\/\/nordnesrepublikken.no\/#\/schema\/person\/2e7e81935bab77882fffb79296240ff1"},"headline":"Italia er p\u00e5 f\u00f8rsteplass med 61 arv","datePublished":"2025-11-16T14:57:28+00:00","dateModified":"2025-11-16T14:57:40+00:00","mainEntityOfPage":{"@id":"https:\/\/nordnesrepublikken.no\/index.php\/2025\/11\/16\/italia-er-pa-forsteplass-med-61-arv\/"},"wordCount":491,"publisher":{"@id":"https:\/\/nordnesrepublikken.no\/#organization"},"image":{"@id":"https:\/\/nordnesrepublikken.no\/index.php\/2025\/11\/16\/italia-er-pa-forsteplass-med-61-arv\/#primaryimage"},"thumbnailUrl":"https:\/\/nordnesrepublikken.no\/wp-content\/uploads\/2025\/11\/1763305048_Italia-er-pa-forsteplass-med-61-arv-scaled.jpg","keywords":["arv","f\u00f8rsteplass","Italia","med","p\u00e5"],"articleSection":["Samfunn"],"inLanguage":"nb-NO"},{"@type":"WebPage","@id":"https:\/\/nordnesrepublikken.no\/index.php\/2025\/11\/16\/italia-er-pa-forsteplass-med-61-arv\/","url":"https:\/\/nordnesrepublikken.no\/index.php\/2025\/11\/16\/italia-er-pa-forsteplass-med-61-arv\/","name":"Italia er p\u00e5 f\u00f8rsteplass med 61 arv - Nordnesrepublikken","isPartOf":{"@id":"https:\/\/nordnesrepublikken.no\/#website"},"primaryImageOfPage":{"@id":"https:\/\/nordnesrepublikken.no\/index.php\/2025\/11\/16\/italia-er-pa-forsteplass-med-61-arv\/#primaryimage"},"image":{"@id":"https:\/\/nordnesrepublikken.no\/index.php\/2025\/11\/16\/italia-er-pa-forsteplass-med-61-arv\/#primaryimage"},"thumbnailUrl":"https:\/\/nordnesrepublikken.no\/wp-content\/uploads\/2025\/11\/1763305048_Italia-er-pa-forsteplass-med-61-arv-scaled.jpg","datePublished":"2025-11-16T14:57:28+00:00","dateModified":"2025-11-16T14:57:40+00:00","breadcrumb":{"@id":"https:\/\/nordnesrepublikken.no\/index.php\/2025\/11\/16\/italia-er-pa-forsteplass-med-61-arv\/#breadcrumb"},"inLanguage":"nb-NO","potentialAction":[{"@type":"ReadAction","target":["https:\/\/nordnesrepublikken.no\/index.php\/2025\/11\/16\/italia-er-pa-forsteplass-med-61-arv\/"]}]},{"@type":"ImageObject","inLanguage":"nb-NO","@id":"https:\/\/nordnesrepublikken.no\/index.php\/2025\/11\/16\/italia-er-pa-forsteplass-med-61-arv\/#primaryimage","url":"https:\/\/nordnesrepublikken.no\/wp-content\/uploads\/2025\/11\/1763305048_Italia-er-pa-forsteplass-med-61-arv-scaled.jpg","contentUrl":"https:\/\/nordnesrepublikken.no\/wp-content\/uploads\/2025\/11\/1763305048_Italia-er-pa-forsteplass-med-61-arv-scaled.jpg","width":2560,"height":1682,"caption":"Italia er p\u00e5 f\u00f8rsteplass med 61 arv"},{"@type":"BreadcrumbList","@id":"https:\/\/nordnesrepublikken.no\/index.php\/2025\/11\/16\/italia-er-pa-forsteplass-med-61-arv\/#breadcrumb","itemListElement":[{"@type":"ListItem","position":1,"name":"Home","item":"https:\/\/nordnesrepublikken.no\/"},{"@type":"ListItem","position":2,"name":"Italia er p\u00e5 f\u00f8rsteplass med 61 arv"}]},{"@type":"WebSite","@id":"https:\/\/nordnesrepublikken.no\/#website","url":"https:\/\/nordnesrepublikken.no\/","name":"Nordnesrepublikken","description":"Stemmer og Visjoner fra Republikkens Hjerte","publisher":{"@id":"https:\/\/nordnesrepublikken.no\/#organization"},"potentialAction":[{"@type":"SearchAction","target":{"@type":"EntryPoint","urlTemplate":"https:\/\/nordnesrepublikken.no\/?s={search_term_string}"},"query-input":{"@type":"PropertyValueSpecification","valueRequired":true,"valueName":"search_term_string"}}],"inLanguage":"nb-NO"},{"@type":"Organization","@id":"https:\/\/nordnesrepublikken.no\/#organization","name":"Nordnesrepublikken","url":"https:\/\/nordnesrepublikken.no\/","logo":{"@type":"ImageObject","inLanguage":"nb-NO","@id":"https:\/\/nordnesrepublikken.no\/#\/schema\/logo\/image\/","url":"https:\/\/nordnesrepublikken.no\/wp-content\/uploads\/2025\/02\/cropped-nordnesrepublikken-2.png","contentUrl":"https:\/\/nordnesrepublikken.no\/wp-content\/uploads\/2025\/02\/cropped-nordnesrepublikken-2.png","width":1248,"height":362,"caption":"Nordnesrepublikken"},"image":{"@id":"https:\/\/nordnesrepublikken.no\/#\/schema\/logo\/image\/"}},{"@type":"Person","@id":"https:\/\/nordnesrepublikken.no\/#\/schema\/person\/2e7e81935bab77882fffb79296240ff1","name":"Ole Andersen","image":{"@type":"ImageObject","inLanguage":"nb-NO","@id":"https:\/\/nordnesrepublikken.no\/#\/schema\/person\/image\/","url":"https:\/\/nordnesrepublikken.no\/wp-content\/uploads\/2025\/02\/nordnesrepublikken-2-2-150x150.jpg","contentUrl":"https:\/\/nordnesrepublikken.no\/wp-content\/uploads\/2025\/02\/nordnesrepublikken-2-2-150x150.jpg","caption":"Ole Andersen"},"description":"Ettersom jeg vokste opp i Oslo, har jeg alltid v\u00e6rt fascinert av ordenes kraft og deres evne til \u00e5 skape endringer. Etter \u00e5 ha fullf\u00f8rt min utdannelse i kommunikasjon ved Universitetet i Bergen, fikk jeg muligheten til \u00e5 jobbe innen ulike medier, der jeg har s\u00f8kt \u00e5 belyse viktige samfunnssp\u00f8rsm\u00e5l. I dag, som redakt\u00f8r for Nordnesrepublikken, pr\u00f8ver jeg \u00e5 forene min kj\u00e6rlighet for journalistikk med min lidenskap for innovasjon og eventyr.","sameAs":["https:\/\/nordnesrepublikken.no\/"]}]}},"_links":{"self":[{"href":"https:\/\/nordnesrepublikken.no\/index.php\/wp-json\/wp\/v2\/posts\/11763","targetHints":{"allow":["GET"]}}],"collection":[{"href":"https:\/\/nordnesrepublikken.no\/index.php\/wp-json\/wp\/v2\/posts"}],"about":[{"href":"https:\/\/nordnesrepublikken.no\/index.php\/wp-json\/wp\/v2\/types\/post"}],"author":[{"embeddable":true,"href":"https:\/\/nordnesrepublikken.no\/index.php\/wp-json\/wp\/v2\/users\/1"}],"replies":[{"embeddable":true,"href":"https:\/\/nordnesrepublikken.no\/index.php\/wp-json\/wp\/v2\/comments?post=11763"}],"version-history":[{"count":1,"href":"https:\/\/nordnesrepublikken.no\/index.php\/wp-json\/wp\/v2\/posts\/11763\/revisions"}],"predecessor-version":[{"id":11765,"href":"https:\/\/nordnesrepublikken.no\/index.php\/wp-json\/wp\/v2\/posts\/11763\/revisions\/11765"}],"wp:featuredmedia":[{"embeddable":true,"href":"https:\/\/nordnesrepublikken.no\/index.php\/wp-json\/wp\/v2\/media\/11764"}],"wp:attachment":[{"href":"https:\/\/nordnesrepublikken.no\/index.php\/wp-json\/wp\/v2\/media?parent=11763"}],"wp:term":[{"taxonomy":"category","embeddable":true,"href":"https:\/\/nordnesrepublikken.no\/index.php\/wp-json\/wp\/v2\/categories?post=11763"},{"taxonomy":"post_tag","embeddable":true,"href":"https:\/\/nordnesrepublikken.no\/index.php\/wp-json\/wp\/v2\/tags?post=11763"}],"curies":[{"name":"wp","href":"https:\/\/api.w.org\/{rel}","templated":true}]}}